{"id":6313,"date":"2025-05-11T17:03:43","date_gmt":"2025-05-11T16:03:43","guid":{"rendered":"https:\/\/bruxelles-pantheres.be\/?p=6313"},"modified":"2025-05-16T18:00:43","modified_gmt":"2025-05-16T17:00:43","slug":"hommage-belge-a-aboubakar-cisse","status":"publish","type":"post","link":"https:\/\/bruxelles-pantheres.be\/?p=6313","title":{"rendered":"Hommage belge \u00e0 Aboubakar Ciss\u00e9."},"content":{"rendered":"<div class=\"xdj266r x11i5rnm xat24cr x1mh8g0r x1vvkbs x126k92a\">\u261d\ud83c\udffd<\/div>\n<div class=\"x11i5rnm xat24cr x1mh8g0r x1vvkbs xtlvy1s x126k92a\">Bruxelles 11 mai 2025<\/div>\n<div class=\"x11i5rnm xat24cr x1mh8g0r x1vvkbs xtlvy1s x126k92a\">Rassemblement en m\u00e9moire et en hommage \u00e0 Aboubakar Ciss\u00e9, assassin\u00e9 le 25 avril 2025 dans une mosqu\u00e9e du Gard, en pleine pri\u00e8re, parce que Musulman !<\/div>\n<div class=\"x11i5rnm xat24cr x1mh8g0r x1vvkbs xtlvy1s x126k92a\"><a href=\"https:\/\/l.facebook.com\/l.php?u=https%3A%2F%2Fwww.instagram.com%2Freel%2FDJhJRN1NpsO%2F%3Figsh%3DOTdwcjFqcmVsanJ3%26fbclid%3DIwZXh0bgNhZW0CMTAAYnJpZBEwMGppZ1YyaTVocFJHa0Z1MgEepO9OBDO8qsQWBmNi5g1mOtZYiruTd1_1eo54_mvVLavlJqGXGoIkx1Yio0w_aem_1JtnHx5-_d9daFqYkhd5Rg&amp;h=AT2eK_3PENtc0cI5dTGniz96EifLdytL9UPzw0JQPgITF5w3qfdoDu_h7AR3SPyfGS250w0-9Gd5DNsq0eMRoOU0IW7g3Ha6ByVg0Q6CLoYU2DqbdeRU05XzppxLXoXLU--oaqDa5YqEuU1GdjMwqA-Nf3nwFbZJ&amp;__tn__=R-R&amp;c[0]=AT2ArGbL0L1ZFyCgLJCmsVrSfFItg2MqkYCRCWaaRAbAOUh2U5iNFkmZ7L_szI9JslhLyKuOkUhD_PIciaWIDkAvP2_o-U3njVA5r1FI5EaVjsoDn0Ryyuq66-ILH1eFA-Er4dSmzNom9jhyix2KwOe4-ksdSD_7BQiAGlQe0oMhXDjMJgtZ\">Discours de Nordine Saidi contre la supr\u00e9matie blanche, l\u2019islamophobie, la n\u00e9grophobie, la romophobie et plus globalement le RACISME D\u2019\u00c9TAT<\/a> qui s\u00e9vissent en France comme en Belgique !<\/div>\n<p><!--more--><\/p>\n<p data-start=\"373\" data-end=\"493\"><a href=\"https:\/\/bruxelles-pantheres.be\/wp-content\/uploads\/2025\/05\/494999100_680479628271960_2349468873380890765_n.jpg\"><img decoding=\"async\" class=\"wp-image-6315 aligncenter\" src=\"https:\/\/bruxelles-pantheres.be\/wp-content\/uploads\/2025\/05\/494999100_680479628271960_2349468873380890765_n.jpg\" alt=\"\" width=\"709\" height=\"709\" srcset=\"https:\/\/bruxelles-pantheres.be\/wp-content\/uploads\/2025\/05\/494999100_680479628271960_2349468873380890765_n.jpg 960w, https:\/\/bruxelles-pantheres.be\/wp-content\/uploads\/2025\/05\/494999100_680479628271960_2349468873380890765_n-300x300.jpg 300w, https:\/\/bruxelles-pantheres.be\/wp-content\/uploads\/2025\/05\/494999100_680479628271960_2349468873380890765_n-150x150.jpg 150w, https:\/\/bruxelles-pantheres.be\/wp-content\/uploads\/2025\/05\/494999100_680479628271960_2349468873380890765_n-768x768.jpg 768w\" sizes=\"(max-width: 709px) 100vw, 709px\" \/><\/a><\/p>\n<p class=\"\" data-start=\"373\" data-end=\"493\"><a href=\"https:\/\/www.facebook.com\/reel\/1237394224579877\"><strong data-start=\"373\" data-end=\"493\">Fr\u00e8res,<br data-start=\"382\" data-end=\"385\" \/>s\u0153urs,<br data-start=\"391\" data-end=\"394\" \/>camarades,<br data-start=\"404\" data-end=\"407\" \/>et tous les autres \u2013\u00a0 ceux qui\u00a0 savent l&rsquo;urgence dans laquelle nous sommes &#8230;<\/strong><\/a><\/p>\n<p class=\"\" data-start=\"495\" data-end=\"569\">On vient encore de nous planter un couteau dans le dos.\u00a0<strong data-start=\"551\" data-end=\"569\">Litt\u00e9ralement.<\/strong><\/p>\n<p class=\"\" data-start=\"571\" data-end=\"659\">Cette fois, c\u2019est\u00a0<strong data-start=\"589\" data-end=\"620\">notre fr\u00e8re Aboubakar Ciss\u00e9<\/strong>.<br data-start=\"621\" data-end=\"624\" \/>Poignard\u00e9 dans sa propre mosqu\u00e9e.<\/p>\n<p class=\"\" data-start=\"661\" data-end=\"825\">Un fr\u00e8re.<br data-start=\"670\" data-end=\"673\" \/>Un croyant.<br data-start=\"684\" data-end=\"687\" \/>Un humain.<br data-start=\"697\" data-end=\"700\" \/>Un de ceux qui ne demandent rien, qui vivent sans faire de vagues \u2013 sauf pour ceux que notre simple existence fait suffoquer.<\/p>\n<p class=\"\" data-start=\"827\" data-end=\"919\">Et le plus gla\u00e7ant dans cette affaire, en plus du meurtre, c<strong data-start=\"898\" data-end=\"919\">\u2019<\/strong>est le silence.<\/p>\n<p class=\"\" data-start=\"921\" data-end=\"1004\">Silence politique.<br data-start=\"939\" data-end=\"942\" \/>Silence m\u00e9diatique.<br data-start=\"961\" data-end=\"964\" \/>Silence judiciaire.<br data-start=\"983\" data-end=\"986\" \/>Silence\u2026 complice.<\/p>\n<p class=\"\" data-start=\"1006\" data-end=\"1252\"><strong data-start=\"1006\" data-end=\"1028\">En France, en Belgique, en Europe, en 2025<\/strong>, un musulman peut \u00eatre assassin\u00e9 dans une mosqu\u00e9e \u2013 et personne ne bronche.<br data-start=\"1110\" data-end=\"1113\" \/>Les chiens de garde des plateaux n\u2019aboient m\u00eame pas.<br data-start=\"1165\" data-end=\"1168\" \/>Pas un \u00e9dito.<br data-start=\"1181\" data-end=\"1184\" \/>Pas une minute de silence \u00e0 l\u2019Assembl\u00e9e.<br data-start=\"1224\" data-end=\"1227\" \/>Pas un tweet minist\u00e9riel.<\/p>\n<p class=\"\" data-start=\"1254\" data-end=\"1377\"><strong data-start=\"1254\" data-end=\"1276\">Le vide. Le n\u00e9ant.<\/strong><br data-start=\"1276\" data-end=\"1279\" \/>Comme si sa vie ne valait rien.<br data-start=\"1310\" data-end=\"1313\" \/>Comme si son sang valait moins qu\u2019un pare-brise de commissariat.<\/p>\n<p class=\"\" data-start=\"1379\" data-end=\"1414\">Mais on attend quoi, s\u00e9rieusement ?<\/p>\n<p class=\"\" data-start=\"1416\" data-end=\"1530\">Qu\u2019on commence \u00e0 nous tirer dessus en pleine pri\u00e8re ?<br data-start=\"1469\" data-end=\"1472\" \/>C\u2019est d\u00e9j\u00e0 arriv\u00e9 ailleurs. Et \u00e7a arrivera encore ici.<\/p>\n<p class=\"\" data-start=\"1532\" data-end=\"1620\">Car ce meurtre, celui de notre fr\u00e8re Aboubakar, il est le produit de notre \u00e9poque.<\/p>\n<p class=\"\" data-start=\"1622\" data-end=\"1690\">Le r\u00e9sultat d\u2019une machine bien huil\u00e9e : l\u2019islamophobie d\u2019\u00c9tat.<\/p>\n<p class=\"\" data-start=\"1692\" data-end=\"1886\">Pas celle des n\u00e9onazis en surv\u00eat\u2019. Non.<br data-start=\"1731\" data-end=\"1734\" \/>Celle des d\u00e9put\u00e9s en costume,<br data-start=\"1763\" data-end=\"1766\" \/>des \u00e9ditorialistes sous coke,<br data-start=\"1795\" data-end=\"1798\" \/>des recteurs d\u2019acad\u00e9mie,<br data-start=\"1822\" data-end=\"1825\" \/>des commissaires, des juges,<br data-start=\"1853\" data-end=\"1856\" \/>des philosophes en roue libre.<\/p>\n<p class=\"\" data-start=\"1888\" data-end=\"1932\">Depuis 2001, on nous gave du m\u00eame discours :<\/p>\n<p class=\"\" data-start=\"1934\" data-end=\"2026\">\u00ab L\u2019islam est un probl\u00e8me. \u00bb<br data-start=\"1962\" data-end=\"1965\" \/>\u00ab Le voile est un danger. \u00bb<br data-start=\"1992\" data-end=\"1995\" \/>\u00ab Les barbus sont une menace. \u00bb<\/p>\n<p class=\"\" data-start=\"2028\" data-end=\"2103\">Et pendant qu\u2019ils d\u00e9battent de la longueur de nos jupes, on nous tue.<\/p>\n<p class=\"\" data-start=\"2105\" data-end=\"2176\">L\u2019islamophobie, ce n\u2019est pas une simple haine. C\u2019est un logiciel.<\/p>\n<p class=\"\" data-start=\"2178\" data-end=\"2238\"><strong data-start=\"2178\" data-end=\"2238\">Le logiciel de l\u2019\u00c9tat raciste. De la supr\u00e9matie blanche.<\/strong><\/p>\n<p class=\"\" data-start=\"2240\" data-end=\"2473\">C\u2019est le m\u00eame logiciel qui bombarde Gaza et gaze les manifestants \u00e0 Paris.<br data-start=\"2314\" data-end=\"2317\" \/>Le m\u00eame qui tue Aboubakar ici et les enfants palestiniens l\u00e0-bas.<br data-start=\"2382\" data-end=\"2385\" \/>Le m\u00eame qui prot\u00e8ge les colons, les g\u00e9nocidaires et les flics tueurs dans nos quartiers.<\/p>\n<p class=\"\" data-start=\"2475\" data-end=\"2531\"><strong data-start=\"2475\" data-end=\"2531\">Vous voyez le lien ou il faut encore un PowerPoint ?<\/strong><\/p>\n<p class=\"\" data-start=\"2533\" data-end=\"2574\">Parce qu\u2019il y en a un. Et il est limpide.<\/p>\n<p class=\"\" data-start=\"2576\" data-end=\"2658\"><strong data-start=\"2576\" data-end=\"2595\">Ce syst\u00e8me tue.<\/strong><br data-start=\"2595\" data-end=\"2598\" \/>Ici comme l\u00e0-bas.<br data-start=\"2615\" data-end=\"2618\" \/>Par une balle, un missile ou un silence.<\/p>\n<p class=\"\" data-start=\"2660\" data-end=\"2767\">Et pendant ce temps-l\u00e0, on nous dit de rester calmes.<br data-start=\"2713\" data-end=\"2716\" \/>De ne pas faire d\u2019amalgames.<br data-start=\"2744\" data-end=\"2747\" \/>De respecter la loi.<\/p>\n<p class=\"\" data-start=\"2769\" data-end=\"2878\">Mais vous croyez qu\u2019on va continuer \u00e0 tendre l\u2019autre joue pendant qu\u2019on nous plante des lames dans le dos ?<\/p>\n<p class=\"\" data-start=\"2880\" data-end=\"2981\">Vous croyez qu\u2019on va continuer \u00e0 prouver qu\u2019on est \u00ab mod\u00e9r\u00e9s \u00bb pendant qu\u2019on nous enterre vivants ?<\/p>\n<p class=\"\" data-start=\"2983\" data-end=\"3023\"><strong data-start=\"2983\" data-end=\"3023\">Il n\u2019y a pas de neutralit\u00e9 possible.<\/strong><\/p>\n<p class=\"\" data-start=\"3025\" data-end=\"3079\"><strong data-start=\"3025\" data-end=\"3079\">Soit tu es contre ce syst\u00e8me, soit tu es complice.<\/strong><\/p>\n<p class=\"\" data-start=\"3081\" data-end=\"3143\">Il est temps \u2014 ou peut-\u00eatre trop tard<\/p>\n<p class=\"\" data-start=\"3145\" data-end=\"3159\">Le feu est l\u00e0.<\/p>\n<p class=\"\" data-start=\"3161\" data-end=\"3256\">Ce que nous vivons, ce n\u2019est pas une simple discrimination.<br data-start=\"3220\" data-end=\"3223\" \/>C\u2019est une guerre id\u00e9ologique.<\/p>\n<p class=\"\" data-start=\"3258\" data-end=\"3277\">Une guerre contre :<\/p>\n<ul data-start=\"3279\" data-end=\"3417\">\n<li class=\"\" data-start=\"3279\" data-end=\"3295\">\n<p class=\"\" data-start=\"3281\" data-end=\"3295\">les pauvres,<\/p>\n<\/li>\n<li class=\"\" data-start=\"3296\" data-end=\"3310\">\n<p class=\"\" data-start=\"3298\" data-end=\"3310\">les Noirs,<\/p>\n<\/li>\n<li class=\"\" data-start=\"3311\" data-end=\"3326\">\n<p class=\"\" data-start=\"3313\" data-end=\"3326\">les Arabes,<\/p>\n<\/li>\n<li class=\"\" data-start=\"3327\" data-end=\"3341\">\n<p class=\"\" data-start=\"3329\" data-end=\"3341\">les Rroms,<\/p>\n<\/li>\n<li class=\"\" data-start=\"3342\" data-end=\"3359\">\n<p class=\"\" data-start=\"3344\" data-end=\"3359\">les migrants,<\/p>\n<\/li>\n<li class=\"\" data-start=\"3360\" data-end=\"3381\">\n<p class=\"\" data-start=\"3362\" data-end=\"3381\">les sans-papiers,<\/p>\n<\/li>\n<li class=\"\" data-start=\"3382\" data-end=\"3399\">\n<p class=\"\" data-start=\"3384\" data-end=\"3399\">les croyants,<\/p>\n<\/li>\n<li class=\"\" data-start=\"3400\" data-end=\"3417\">\n<p class=\"\" data-start=\"3402\" data-end=\"3417\">les r\u00e9sistants.<\/p>\n<\/li>\n<\/ul>\n<p class=\"\" data-start=\"3419\" data-end=\"3459\">Et cette guerre, ils la m\u00e8nent partout :<\/p>\n<p class=\"\" data-start=\"3461\" data-end=\"3571\">Dans les tribunaux.<br data-start=\"3480\" data-end=\"3483\" \/>Dans les \u00e9coles.<br data-start=\"3499\" data-end=\"3502\" \/>Dans les commissariats.<br data-start=\"3525\" data-end=\"3528\" \/>Avec des avions de chasse et des matraques.<\/p>\n<p class=\"\" data-start=\"3573\" data-end=\"3740\">Et si vous doutez encore, regardez ce qu\u2019on fait aux soutiens de la Palestine.<br data-start=\"3651\" data-end=\"3654\" \/>Dissolutions, arrestations, diffamations.<br data-start=\"3695\" data-end=\"3698\" \/>M\u00eame pleurer les morts est devenu suspect.<\/p>\n<p class=\"\" data-start=\"3742\" data-end=\"3779\">Alors oui, fr\u00e8res, s\u0153urs, camarades :<\/p>\n<p class=\"\" data-start=\"3781\" data-end=\"3819\"><strong data-start=\"3781\" data-end=\"3819\">ce combat n\u2019est pas communautaire.<\/strong><\/p>\n<p class=\"\" data-start=\"3821\" data-end=\"3845\"><strong data-start=\"3821\" data-end=\"3845\">Il est antifasciste.<\/strong><\/p>\n<p class=\"\" data-start=\"3847\" data-end=\"3964\">Et il est vital.<br data-start=\"3863\" data-end=\"3866\" \/>Parce qu\u2019on ne milite pas pour des droits abstraits.<br data-start=\"3918\" data-end=\"3921\" \/><strong data-start=\"3921\" data-end=\"3964\">On milite pour notre survie collective.<\/strong><\/p>\n<p class=\"\" data-start=\"3966\" data-end=\"4133\">La v\u00e9rit\u00e9 ? On n\u2019a plus le luxe d\u2019\u00eatre mod\u00e9r\u00e9s.<br data-start=\"4013\" data-end=\"4016\" \/>La v\u00e9rit\u00e9 ? Le statu quo, c\u2019est la mort.<br data-start=\"4056\" data-end=\"4059\" \/>La v\u00e9rit\u00e9 ? On ne fera jamais la paix avec un syst\u00e8me qui nous veut morts.<\/p>\n<p class=\"\" data-start=\"4135\" data-end=\"4198\">\u00c0 celles et ceux qui doutent encore, qui disent qu\u2019on exag\u00e8re :<\/p>\n<p class=\"\" data-start=\"4200\" data-end=\"4220\"><strong data-start=\"4200\" data-end=\"4220\">ouvrez les yeux.<\/strong><\/p>\n<p class=\"\" data-start=\"4222\" data-end=\"4371\">Aboubakar n\u2019est pas un symbole.<br data-start=\"4253\" data-end=\"4256\" \/>C\u2019est un fr\u00e8re assassin\u00e9 dans un pays<br data-start=\"4293\" data-end=\"4296\" \/>qui pr\u00e9f\u00e8re parler de barbes \u00e0 la plage<br data-start=\"4335\" data-end=\"4338\" \/>plut\u00f4t que de sang sur les pav\u00e9s.<\/p>\n<p class=\"\" data-start=\"4373\" data-end=\"4424\"><strong data-start=\"4373\" data-end=\"4424\">La lutte contre le fascisme n\u2019est pas un choix.<\/strong><\/p>\n<p class=\"\" data-start=\"4426\" data-end=\"4460\"><strong data-start=\"4426\" data-end=\"4460\">C\u2019est une strat\u00e9gie de survie.<\/strong><\/p>\n<p class=\"\" data-start=\"4462\" data-end=\"4590\">Et dans cette strat\u00e9gie, on n\u2019attend plus les consignes.<br data-start=\"4518\" data-end=\"4521\" \/>On construit <strong data-start=\"4534\" data-end=\"4549\">nos r\u00e9seaux<\/strong>, <strong data-start=\"4551\" data-end=\"4568\">nos alliances<\/strong>, <strong data-start=\"4570\" data-end=\"4589\">nos r\u00e9sistances<\/strong>.<\/p>\n<p class=\"\" data-start=\"4592\" data-end=\"4694\">Le combat contre l\u2019islamophobie <strong data-start=\"4624\" data-end=\"4652\">n\u2019est pas communautaire.<\/strong><br data-start=\"4652\" data-end=\"4655\" \/><strong data-start=\"4655\" data-end=\"4694\">C\u2019est un combat contre le fascisme.<\/strong><\/p>\n<p class=\"\" data-start=\"4696\" data-end=\"4731\">Et ce combat-l\u00e0, <strong data-start=\"4713\" data-end=\"4731\">il est global.<\/strong><\/p>\n<p class=\"\" data-start=\"4733\" data-end=\"4835\">On n\u2019a plus le temps. Peut-\u00eatre qu\u2019il est d\u00e9j\u00e0 trop tard.<br data-start=\"4790\" data-end=\"4793\" \/>Mais m\u00eame trop tard, <strong data-start=\"4814\" data-end=\"4835\">il faut se lever.<\/strong><\/p>\n<p class=\"\" data-start=\"4837\" data-end=\"4892\">Pas pour n\u00e9gocier notre humanit\u00e9.<br data-start=\"4870\" data-end=\"4873\" \/><strong data-start=\"4873\" data-end=\"4892\">Pour l\u2019imposer.<\/strong><\/p>\n<p class=\"\" data-start=\"4894\" data-end=\"4979\">Pas pour demander la paix.<br data-start=\"4920\" data-end=\"4923\" \/><strong data-start=\"4923\" data-end=\"4979\">Mais pour dire non \u00e0 la guerre qu\u2019ils nous imposent.<\/strong><\/p>\n<p class=\"\" data-start=\"4981\" data-end=\"5297\">Ce combat, c\u2019est le m\u00eame que celui des Noirs contre la supr\u00e9matie blanche aux \u00c9tats-Unis.<br data-start=\"5070\" data-end=\"5073\" \/>Le m\u00eame que celui des peuples autochtones contre les expropriations.<br data-start=\"5141\" data-end=\"5144\" \/>Le m\u00eame que celui des migrants contre les fronti\u00e8res assassines.<br data-start=\"5208\" data-end=\"5211\" \/>Le m\u00eame que celui des m\u00e8res de quartier qui pleurent leurs enfants tu\u00e9s par la police.<\/p>\n<p class=\"\" data-start=\"5299\" data-end=\"5360\"><strong data-start=\"5299\" data-end=\"5360\">Notre combat est un cri de vie contre le pouvoir de mort.<\/strong><\/p>\n<p class=\"\" data-start=\"5362\" data-end=\"5532\">Un cri pour dire qu\u2019on ne pliera pas.<br data-start=\"5399\" data-end=\"5402\" \/>Qu\u2019on n\u2019oubliera pas Aboubakar.<br data-start=\"5433\" data-end=\"5436\" \/>Qu\u2019on continuera \u00e0 nommer les assassins.<br data-start=\"5476\" data-end=\"5479\" \/>Et qu\u2019on d\u00e9noncera le syst\u00e8me qui les rend possibles.<\/p>\n<p class=\"\" data-start=\"5534\" data-end=\"5563\"><strong data-start=\"5534\" data-end=\"5563\">Fr\u00e8res, s\u0153urs, camarades,<\/strong><\/p>\n<p class=\"\" data-start=\"5565\" data-end=\"5673\">On doit <strong data-start=\"5573\" data-end=\"5594\">honorer nos morts<\/strong>, <strong data-start=\"5596\" data-end=\"5620\">prot\u00e9ger nos vivants<\/strong>, et <strong data-start=\"5625\" data-end=\"5673\">foutre la honte \u00e0 ceux qui ferment les yeux.<\/strong><\/p>\n<p class=\"\" data-start=\"5675\" data-end=\"5800\">Parce que demain, ce sera peut-\u00eatre toi, moi, ou ta s\u0153ur.<br data-start=\"5732\" data-end=\"5735\" \/>Et parce qu\u2019on <strong data-start=\"5750\" data-end=\"5800\">ne laissera plus personne tomber dans l\u2019oubli.<\/strong><\/p>\n<p class=\"\" data-start=\"5802\" data-end=\"5908\"><strong data-start=\"5802\" data-end=\"5835\">Aboubakar, ton nom est grav\u00e9.<\/strong><br data-start=\"5835\" data-end=\"5838\" \/>On le portera haut.<br data-start=\"5857\" data-end=\"5860\" \/>Pas comme une plainte.<br data-start=\"5882\" data-end=\"5885\" \/><strong data-start=\"5885\" data-end=\"5908\">Comme une promesse.<\/strong><\/p>\n<p class=\"\" data-start=\"5910\" data-end=\"5976\">Fr\u00e8res, s\u0153urs, camarades,<br data-start=\"5935\" data-end=\"5938\" \/><strong data-start=\"5938\" data-end=\"5976\">ce combat est juste. Il est noble.<\/strong><\/p>\n<p class=\"\" data-start=\"5978\" data-end=\"6102\">Et tant qu\u2019on le portera ensemble,<br data-start=\"6012\" data-end=\"6015\" \/>aucun pouvoir, aussi brutal soit-il,<br data-start=\"6051\" data-end=\"6054\" \/>ne pourra effacer la dignit\u00e9 de nos r\u00e9sistances.<\/p>\n<p class=\"\" data-start=\"6104\" data-end=\"6203\"><strong data-start=\"6104\" data-end=\"6138\">Aboubakar, on ne t\u2019oublie pas.<\/strong><br data-start=\"6138\" data-end=\"6141\" \/><strong data-start=\"6141\" data-end=\"6165\">On se l\u00e8ve pour toi.<\/strong><br data-start=\"6165\" data-end=\"6168\" \/><strong data-start=\"6168\" data-end=\"6203\">On lutte pour tous les vivants.<\/strong><\/p>\n<p class=\"\" data-start=\"6205\" data-end=\"6242\"><strong data-start=\"6205\" data-end=\"6242\">Et notre m\u00e9moire sera notre arme.<\/strong><\/p>\n<h5><b>Nordine Sa\u00efdi<br \/>\n<a href=\"https:\/\/bruxelles-pantheres.be\/\" target=\"_blank\" rel=\"noopener\">Bruxelles Panth\u00e8res<\/a><\/b><br \/>\n<i>\u00ab\u00a0La libert\u00e9, la justice et l&rsquo;\u00e9galit\u00e9, par tous les moyens n\u00e9cessaires !\u00a0\u00bb<\/i>\u00a0Malcolm X<i><b><\/b><\/i><\/h5>\n<p><a href=\"http:\/\/mcpalestine.canalblog.com\/\" target=\"_blank\" rel=\"noopener\">Mouvement Citoyen Palestine<\/a><br \/>\n<i>\u00ab L&rsquo;\u00e9galit\u00e9 ou rien \u00bb\u00a0<\/i>Edward Said<\/p>\n<div class=\"xdj266r x11i5rnm xat24cr x1mh8g0r x1vvkbs x126k92a\">\n<div dir=\"auto\" style=\"text-align: center;\"><strong>Aboubakar : martyr de l&rsquo; islamophobie et de la supr\u00e9matie blanche.<\/strong><\/div>\n<div dir=\"auto\"><\/div>\n<\/div>\n<div class=\"x11i5rnm xat24cr x1mh8g0r x1vvkbs xtlvy1s x126k92a\">\n<div dir=\"auto\">Le 18 avril 2025, dans la petite mosqu\u00e9e d&rsquo;Al\u00e8s, en France, Aboubakar, jeune fr\u00e8re d\u2019origine malienne, a \u00e9t\u00e9 assassin\u00e9 pendant qu\u2019il priait. Pas \u00e0 l&rsquo;ext\u00e9rieur. Pas dans une ruelle sombre. Dans la Maison de Dieu, en pleine prosternation, symbole absolu de paix, de confiance, de lien avec le divin. Il a \u00e9t\u00e9 tu\u00e9 par celui-l\u00e0 m\u00eame qui avait partag\u00e9 avec lui ce moment sacr\u00e9. Un meurtre programm\u00e9. Une trahison sadique.<\/div>\n<div dir=\"auto\"><\/div>\n<\/div>\n<div class=\"x11i5rnm xat24cr x1mh8g0r x1vvkbs xtlvy1s x126k92a\">\n<div dir=\"auto\">Car il faut dire les choses telles qu&rsquo;elles sont : le tueur n&rsquo;a pas frapp\u00e9 dans un acc\u00e8s de folie isol\u00e9e. Il a pr\u00e9m\u00e9dit\u00e9 cet acte. Il a pris place dans la mosqu\u00e9e, il a pri\u00e9, il s\u2019est fondu dans la communaut\u00e9 avant de le poignard\u00e9 froidement. Ce n\u2019est pas seulement un crime. C\u2019est un si\u00e8ge. Une op\u00e9ration militaire.<\/div>\n<div dir=\"auto\"><\/div>\n<div dir=\"auto\">C&rsquo;est la plus vieille tactique coloniale : s\u00e9duire, tromper, puis d\u00e9truire.<\/div>\n<div dir=\"auto\"><\/div>\n<\/div>\n<div class=\"x11i5rnm xat24cr x1mh8g0r x1vvkbs xtlvy1s x126k92a\">\n<div dir=\"auto\">Ce meurtre, parce qu\u2019il a eu lieu dans l\u2019espace le plus sacr\u00e9 pour un musulman, nous parle d\u2019un sadisme racial, d&rsquo;une violence d\u2019infiltration, d&rsquo;une perversion politique du rapport au sacr\u00e9.<\/div>\n<div dir=\"auto\"><\/div>\n<div dir=\"auto\">Tuer un homme en pri\u00e8re, c\u2019est envoyer un message : \u00ab\u00a0M\u00eame votre Dieu ne vous prot\u00e8ge pas.\u00a0\u00bb C\u2019est le cri silencieux d\u2019un supr\u00e9macisme blanc qui veut nous briser jusqu\u2019au c\u0153ur de notre foi.<\/div>\n<div dir=\"auto\"><\/div>\n<\/div>\n<div class=\"x11i5rnm xat24cr x1mh8g0r x1vvkbs xtlvy1s x126k92a\">\n<div dir=\"auto\">Et nous devons le marteler sans faiblir : ce n\u2019est pas un fait divers. Ce n\u2019est pas une anomalie. Ce n\u2019est pas un incident isol\u00e9.<\/div>\n<\/div>\n<div class=\"x11i5rnm xat24cr x1mh8g0r x1vvkbs xtlvy1s x126k92a\">\n<div dir=\"auto\">Ce meurtre est l&rsquo;expression directe d&rsquo;une infrastructure historique : la supr\u00e9matie blanche europ\u00e9enne, cette machine coloniale vieille de plusieurs si\u00e8cles qui, comme l&rsquo;expliquait Frantz Fanon, constitue \u00ab\u00a0un tout syst\u00e9mique\u00a0\u00bb.<\/div>\n<div dir=\"auto\"><\/div>\n<\/div>\n<div class=\"x11i5rnm xat24cr x1mh8g0r x1vvkbs xtlvy1s x126k92a\">\n<div dir=\"auto\">Un ordre mondial racial, n\u00e9 de la colonisation, jamais d\u00e9mantel\u00e9.<\/div>\n<div dir=\"auto\"><\/div>\n<div dir=\"auto\">Frantz Fanon, dans son discours Racisme et Culture au 1\u1d49\u02b3 Congr\u00e8s des \u00c9crivains et Artistes Noirs de 1956, l&rsquo;affirmait sans d\u00e9tour :<\/div>\n<\/div>\n<div class=\"x11i5rnm xat24cr x1mh8g0r x1vvkbs xtlvy1s x126k92a\">\n<div dir=\"auto\">\u00ab\u00a0Tout groupe colonialiste est raciste.\u00a0\u00bb Le racisme y est fonctionnel, structurel, enracin\u00e9 dans la culture m\u00eame.<\/div>\n<div dir=\"auto\"><\/div>\n<\/div>\n<div class=\"x11i5rnm xat24cr x1mh8g0r x1vvkbs xtlvy1s x126k92a\">\n<div dir=\"auto\">L\u2019Europe d\u2019aujourd\u2019hui \u2014 France, Belgique, Allemagne, Pays-Bas, Italie \u2014 ne sont pas devenues racistes par accident. Elles sont n\u00e9es dans le racisme, se sont d\u00e9velopp\u00e9es dans la colonisation, se maintiennent dans la supr\u00e9matie blanche.<\/div>\n<div dir=\"auto\"><\/div>\n<div dir=\"auto\">La pr\u00e9tendue neutralit\u00e9, la la\u00efcit\u00e9 \u00e0 g\u00e9om\u00e9trie variable, les \u00ab\u00a0valeurs europ\u00e9ennes\u00a0\u00bb brandies comme boucliers ne sont que la version contemporaine du fouet colonial.<\/div>\n<div dir=\"auto\"><\/div>\n<\/div>\n<div class=\"x11i5rnm xat24cr x1mh8g0r x1vvkbs xtlvy1s x126k92a\">\n<div dir=\"auto\">C\u2019est le m\u00eame logiciel mental. Seules les formes ont chang\u00e9.<\/div>\n<div dir=\"auto\"><\/div>\n<\/div>\n<div class=\"x11i5rnm xat24cr x1mh8g0r x1vvkbs xtlvy1s x126k92a\">\n<div dir=\"auto\">Hier, ils plantaient des croix sur nos terres. Aujourd&rsquo;hui, ils veulent planter leurs lois dans nos corps. Ils veulent formater nos existences, nos croyances, nos pri\u00e8res, nos mani\u00e8res d\u2019\u00eatre.<\/div>\n<div dir=\"auto\"><\/div>\n<\/div>\n<div class=\"x11i5rnm xat24cr x1mh8g0r x1vvkbs xtlvy1s x126k92a\">\n<div dir=\"auto\">Le meurtre d&rsquo;Aboubakar doit \u00eatre lu dans cette grille d&rsquo;analyse :<\/div>\n<div dir=\"auto\"><\/div>\n<div dir=\"auto\">la m\u00eame Europe qui a br\u00fbl\u00e9 les villages, construit les camps, baptis\u00e9 de force nos anc\u00eatres, continue de criminaliser nos existences musulmanes, noires, rroms, arabes.<\/div>\n<div dir=\"auto\"><\/div>\n<\/div>\n<div class=\"x11i5rnm xat24cr x1mh8g0r x1vvkbs xtlvy1s x126k92a\">\n<div dir=\"auto\">Trahison, si\u00e8ge, sadisme : une strat\u00e9gie coloniale reconduite.<\/div>\n<div dir=\"auto\"><\/div>\n<div dir=\"auto\">Tuer Aboubakar pendant la pri\u00e8re, apr\u00e8s s\u2019\u00eatre agenouill\u00e9 \u00e0 ses c\u00f4t\u00e9s, c\u2019est r\u00e9\u00e9diter les m\u00eames strat\u00e9gies de tromperie et d\u2019infiltration que celles utilis\u00e9es par les colons pour massacrer les villages africains et am\u00e9rindiens.<\/div>\n<\/div>\n<div class=\"x11i5rnm xat24cr x1mh8g0r x1vvkbs xtlvy1s x126k92a\">\n<div dir=\"auto\">Le tueur a mim\u00e9 l\u2019appartenance pour mieux trahir.<\/div>\n<div dir=\"auto\">Il a mim\u00e9 la fraternit\u00e9 pour mieux assassiner.<\/div>\n<div dir=\"auto\">Comme les arm\u00e9es coloniales qui signaient des trait\u00e9s de paix pour mieux violer ensuite leurs engagements, il a simul\u00e9 la foi pour profaner le sacr\u00e9.<\/div>\n<div dir=\"auto\"><\/div>\n<\/div>\n<div class=\"x11i5rnm xat24cr x1mh8g0r x1vvkbs xtlvy1s x126k92a\">\n<div dir=\"auto\">Nous ne devons pas analyser cet acte \u00e0 travers la grille individuelle du \u00ab\u00a0fou isol\u00e9\u00a0\u00bb, cette fiction lib\u00e9rale qui dilue la responsabilit\u00e9 politique dans la pathologie priv\u00e9e.<\/div>\n<div dir=\"auto\"><\/div>\n<div dir=\"auto\">Nous devons l&rsquo;analyser comme un produit d&rsquo;une culture supr\u00e9maciste, raciste, islamophobe \u2014 une culture o\u00f9 le meurtre d\u2019un Noir musulman est banalis\u00e9, normalis\u00e9, presque attendu.<\/div>\n<div dir=\"auto\"><\/div>\n<\/div>\n<div class=\"x11i5rnm xat24cr x1mh8g0r x1vvkbs xtlvy1s x126k92a\">\n<div dir=\"auto\">La supr\u00e9matie blanche, une architecture transnationale.<\/div>\n<div dir=\"auto\"><\/div>\n<div dir=\"auto\">Aujourd\u2019hui, le racisme d\u2019\u00c9tat n\u2019est pas une exception fran\u00e7aise.<\/div>\n<div dir=\"auto\">C\u2019est la colonne vert\u00e9brale de l\u2019Union europ\u00e9enne.<\/div>\n<div dir=\"auto\"><\/div>\n<\/div>\n<div class=\"x11i5rnm xat24cr x1mh8g0r x1vvkbs xtlvy1s x126k92a\">\n<div dir=\"auto\">En Belgique, en France, en Allemagne, aux Pays-Bas, en Italie,&#8230; les jeunes arabes et noirs sont contr\u00f4l\u00e9s au faci\u00e8s quatre fois plus que les jeunes blancs, les crimes policiers contre les racialis\u00e9s restent massivement impunis, les attaques contre les mosqu\u00e9es ont doubl\u00e9 depuis 2020, les partis islamophobes sont normalis\u00e9s jusqu&rsquo;au sommet de l&rsquo;\u00c9tat, les naufrages de migrants sont trait\u00e9s comme des externalit\u00e9s \u00e9conomiques.<\/div>\n<div dir=\"auto\"><\/div>\n<\/div>\n<div class=\"x11i5rnm xat24cr x1mh8g0r x1vvkbs xtlvy1s x126k92a\">\n<div dir=\"auto\">Additionnons ces violences nationales et vous obtenez une seule et m\u00eame supr\u00e9matie blanche continentale.<\/div>\n<div dir=\"auto\"><\/div>\n<\/div>\n<div class=\"x11i5rnm xat24cr x1mh8g0r x1vvkbs xtlvy1s x126k92a\">\n<div dir=\"auto\">Comme l\u2019\u00e9crivait Fanon :<\/div>\n<\/div>\n<div class=\"x11i5rnm xat24cr x1mh8g0r x1vvkbs xtlvy1s x126k92a\">\n<div dir=\"auto\">\u00ab La r\u00e9alit\u00e9 est qu\u2019un pays colonial est un pays raciste. [&#8230;] Si en Angleterre ou en Belgique ou en France, il se trouve encore des racistes, ce sont eux qui, contre l&rsquo;ensemble du pays, ont raison. \u00bb.<\/div>\n<div dir=\"auto\"><\/div>\n<\/div>\n<div class=\"x11i5rnm xat24cr x1mh8g0r x1vvkbs xtlvy1s x126k92a\">\n<div dir=\"auto\">Aboubakar : martyr d&rsquo;une guerre coloniale qui n&rsquo;a jamais cess\u00e9.<\/div>\n<div dir=\"auto\"><\/div>\n<div dir=\"auto\">Refusons de r\u00e9duire Aboubakar \u00e0 une victime passive.<\/div>\n<div dir=\"auto\"><\/div>\n<div dir=\"auto\">Aboubakar est un martyr. Un soldat non-arm\u00e9 de la dignit\u00e9 humaine.<\/div>\n<div dir=\"auto\"><\/div>\n<div dir=\"auto\">Il est tomb\u00e9 parce qu\u2019il priait, parce qu\u2019il \u00e9tait musulman, parce qu\u2019il \u00e9tait noir, parce qu\u2019il vivait.<\/div>\n<\/div>\n<div class=\"x11i5rnm xat24cr x1mh8g0r x1vvkbs xtlvy1s x126k92a\">\n<div dir=\"auto\">Son assassinat est une d\u00e9claration de guerre de la supr\u00e9matie blanche contre nos existences.<\/div>\n<div dir=\"auto\"><\/div>\n<\/div>\n<div class=\"x11i5rnm xat24cr x1mh8g0r x1vvkbs xtlvy1s x126k92a\">\n<div dir=\"auto\">Il nous oblige.<\/div>\n<div dir=\"auto\">Il nous commande d\u2019abandonner toute na\u00efvet\u00e9 sur la possibilit\u00e9 d\u2019une cohabitation pacifique avec un syst\u00e8me con\u00e7u pour notre effacement.<\/div>\n<\/div>\n<div class=\"x11i5rnm xat24cr x1mh8g0r x1vvkbs xtlvy1s x126k92a\">\n<div dir=\"auto\">\u00c0 nous d\u2019organiser notre col\u00e8re. \u00c0 nous d\u2019armer notre amour. \u00c0 nous de construire un contre-pouvoir radical, anticolonial, panafricain, panarabe, d\u00e9colonial.<\/div>\n<\/div>\n<div class=\"x11i5rnm xat24cr x1mh8g0r x1vvkbs xtlvy1s x126k92a\">\n<div dir=\"auto\">Pas pour demander une place dans leur monde.<\/div>\n<div dir=\"auto\">Pour construire le n\u00f4tre.<\/div>\n<\/div>\n<div class=\"x11i5rnm xat24cr x1mh8g0r x1vvkbs xtlvy1s x126k92a\">\n<div dir=\"auto\">Parce qu\u2019aucun Noir, Arabe, Rrom, musulman, sans-papiers, migrant, ne sera jamais en s\u00e9curit\u00e9 tant que l&rsquo;ordre racial mondial ne sera pas d\u00e9mantel\u00e9.<\/div>\n<\/div>\n<div dir=\"auto\">\n<h5><span class=\"gmail_signature_prefix\">&#8212;<\/span><\/h5>\n<div class=\"gmail_signature\" dir=\"ltr\" data-smartmail=\"gmail_signature\">\n<div dir=\"ltr\">\n<div>\n<h5 dir=\"ltr\"><b>Nordine Sa\u00efdi<br \/>\n<a href=\"https:\/\/bruxelles-pantheres.be\/\" target=\"_blank\" rel=\"noopener\">Bruxelles Panth\u00e8res<\/a><\/b><br \/>\n<i>\u00ab\u00a0La libert\u00e9, la justice et l&rsquo;\u00e9galit\u00e9, par tous les moyens n\u00e9cessaires !\u00a0\u00bb<\/i>\u00a0Malcolm X<i><b><\/b><\/i><\/h5>\n<p><a href=\"http:\/\/mcpalestine.canalblog.com\/\" target=\"_blank\" rel=\"noopener\">Mouvement Citoyen Palestine<\/a><\/p>\n<h5 dir=\"ltr\"><i><b><\/b><\/i><br \/>\n<i>\u00ab L&rsquo;\u00e9galit\u00e9 ou rien \u00bb\u00a0<\/i>Edward Said<\/h5>\n<\/div>\n<\/div>\n<\/div>\n<\/div>\n","protected":false},"excerpt":{"rendered":"<p>\u261d\ud83c\udffd Bruxelles 11 mai 2025 Rassemblement en m\u00e9moire et en hommage \u00e0 Aboubakar Ciss\u00e9, assassin\u00e9 le 25 avril 2025 dans une mosqu\u00e9e du Gard, en pleine pri\u00e8re, parce que Musulman ! Discours de Nordine Saidi contre la supr\u00e9matie blanche, l\u2019islamophobie, la n\u00e9grophobie, la romophobie et plus globalement le RACISME D\u2019\u00c9TAT qui s\u00e9vissent en France comme &#8230; <a title=\"Hommage belge \u00e0 Aboubakar Ciss\u00e9.\" class=\"read-more\" href=\"https:\/\/bruxelles-pantheres.be\/?p=6313\" aria-label=\"En savoir plus sur Hommage belge \u00e0 Aboubakar Ciss\u00e9.\">Lire la suite<\/a><\/p>\n","protected":false},"author":1,"featured_media":222,"comment_status":"open","ping_status":"open","sticky":false,"template":"","format":"standard","meta":{"footnotes":""},"categories":[21,4,7,18,28],"tags":[614,13],"class_list":["post-6313","post","type-post","status-publish","format-standard","has-post-thumbnail","hentry","category-anti-imperialisme","category-islamophobie","category-negrophobie","category-resistance-bruxelles","category-racismes","tag-aboubakar-cisse","tag-nordine-saidi"],"_links":{"self":[{"href":"https:\/\/bruxelles-pantheres.be\/index.php?rest_route=\/wp\/v2\/posts\/6313","targetHints":{"allow":["GET"]}}],"collection":[{"href":"https:\/\/bruxelles-pantheres.be\/index.php?rest_route=\/wp\/v2\/posts"}],"about":[{"href":"https:\/\/bruxelles-pantheres.be\/index.php?rest_route=\/wp\/v2\/types\/post"}],"author":[{"embeddable":true,"href":"https:\/\/bruxelles-pantheres.be\/index.php?rest_route=\/wp\/v2\/users\/1"}],"replies":[{"embeddable":true,"href":"https:\/\/bruxelles-pantheres.be\/index.php?rest_route=%2Fwp%2Fv2%2Fcomments&post=6313"}],"version-history":[{"count":8,"href":"https:\/\/bruxelles-pantheres.be\/index.php?rest_route=\/wp\/v2\/posts\/6313\/revisions"}],"predecessor-version":[{"id":6338,"href":"https:\/\/bruxelles-pantheres.be\/index.php?rest_route=\/wp\/v2\/posts\/6313\/revisions\/6338"}],"wp:featuredmedia":[{"embeddable":true,"href":"https:\/\/bruxelles-pantheres.be\/index.php?rest_route=\/wp\/v2\/media\/222"}],"wp:attachment":[{"href":"https:\/\/bruxelles-pantheres.be\/index.php?rest_route=%2Fwp%2Fv2%2Fmedia&parent=6313"}],"wp:term":[{"taxonomy":"category","embeddable":true,"href":"https:\/\/bruxelles-pantheres.be\/index.php?rest_route=%2Fwp%2Fv2%2Fcategories&post=6313"},{"taxonomy":"post_tag","embeddable":true,"href":"https:\/\/bruxelles-pantheres.be\/index.php?rest_route=%2Fwp%2Fv2%2Ftags&post=6313"}],"curies":[{"name":"wp","href":"https:\/\/api.w.org\/{rel}","templated":true}]}}