{"id":6319,"date":"2025-05-12T20:18:25","date_gmt":"2025-05-12T19:18:25","guid":{"rendered":"https:\/\/bruxelles-pantheres.be\/?p=6319"},"modified":"2025-05-16T17:21:53","modified_gmt":"2025-05-16T16:21:53","slug":"un-homme-a-scooter-perd-la-vie-apres-une-collision-avec-un-vehicule-de-police-a-bruxelles","status":"publish","type":"post","link":"https:\/\/bruxelles-pantheres.be\/?p=6319","title":{"rendered":"Un homme \u00e0 scooter perd la vie apr\u00e8s une collision avec un v\u00e9hicule de police \u00e0 Bruxelles"},"content":{"rendered":"<p><a href=\"https:\/\/www.7sur7.be\/faits-divers\/un-homme-a-scooter-perd-la-vie-apres-une-collision-avec-un-vehicule-de-police-a-bruxelles~a07576ec\/?fbclid=IwY2xjawKURLVleHRuA2FlbQIxMQBicmlkETAwamlnVjJpNWhwUkdrRnUyAR6zpVPFMYKjmY5zOdBU1jxDSERTzSqzSeI01koNyH04WpNwgdpeRLteqiM3vA_aem_XO86YRHVcBiezG_BSkB3wQ\">Avant tout, nous adressons nos pens\u00e9es les plus sinc\u00e8res, nos condol\u00e9ances les plus profondes \u00e0 la famille, aux proches, aux ami\u00b7es de la personne retrouv\u00e9e morte. Nous savons que cette mort n\u2019est pas un accident. Elle n\u2019est ni une fatalit\u00e9, ni un fait divers.<\/a> Elle est le sympt\u00f4me brutal d\u2019un syst\u00e8me raciste, s\u00e9curitaire et inhumain, o\u00f9 la vie des personnes Arabes, Noires, Rroms, Migrantes, Sans-papiers, Musulmanes, est constamment mise en danger, notamment par la violence polici\u00e8res. Nous esp\u00e9rons que cette personne pourra \u00eatre identifi\u00e9e, que son nom, son histoire et sa dignit\u00e9 seront r\u00e9tablis. En attendant, nous affirmons avec force notre solidarit\u00e9 totale, notre soutien inconditionnel \u00e0 sa famille, \u00e0 ses proches, \u00e0 toutes celles et ceux que cette violence institutionnelle meurtrit au quotidien.<!--more--><\/p>\n<div class=\"html-div xdj266r x11i5rnm xat24cr x1mh8g0r xexx8yu x4uap5 x18d9i69 xkhd6sd\" dir=\"auto\">\n<div class=\"html-div xdj266r x11i5rnm xat24cr x1mh8g0r xexx8yu x4uap5 x18d9i69 xkhd6sd\" data-ad-rendering-role=\"story_message\">\n<div id=\"\u00abradb\u00bb\" class=\"x1l90r2v x1iorvi4 x1ye3gou xn6708d\" data-ad-comet-preview=\"message\" data-ad-preview=\"message\">\n<div class=\"x78zum5 xdt5ytf xz62fqu x16ldp7u\">\n<div class=\"xu06os2 x1ok221b\">\n<div class=\"x11i5rnm xat24cr x1mh8g0r x1vvkbs xtlvy1s x126k92a\">\n<div dir=\"auto\">\u00c0 chaque mort, ils nous disent : \u201cCirculez, il n\u2019y a rien \u00e0 voir.\u201d<\/div>\n<div dir=\"auto\">Mais nous voyons.<\/div>\n<div dir=\"auto\">Nous voyons leurs m\u00e9thodes.<\/div>\n<div dir=\"auto\">Nous voyons leurs collusions.<\/div>\n<div dir=\"auto\">Nous voyons leurs crimes.<\/div>\n<\/div>\n<div class=\"x11i5rnm xat24cr x1mh8g0r x1vvkbs xtlvy1s x126k92a\">\n<div dir=\"auto\">Et nous nommons les choses : c\u2019est du racisme d\u2019\u00c9tat.<\/div>\n<div dir=\"auto\">Ce n\u2019est pas la fin. Ce n\u2019est m\u00eame pas un pic. Ce n\u2019est qu\u2019un rouage de plus dans la machine de mort.<\/div>\n<div dir=\"auto\">Mais chaque nom grav\u00e9 dans nos luttes est une m\u00e8che allum\u00e9e.<\/div>\n<\/div>\n<div class=\"x11i5rnm xat24cr x1mh8g0r x1vvkbs xtlvy1s x126k92a\">\n<div dir=\"auto\">La rue se souviendra.<\/div>\n<div dir=\"auto\">Nous, nous n\u2019oublions pas.<\/div>\n<div dir=\"auto\">Et nous ne pardonnerons pas.<\/div>\n<\/div>\n<div class=\"x11i5rnm xat24cr x1mh8g0r x1vvkbs xtlvy1s x126k92a\">\n<div dir=\"auto\">Un de plus. Et ce ne sera pas le dernier.<\/div>\n<div dir=\"auto\">Mais un jour, ce syst\u00e8me rendra des comptes.<\/div>\n<\/div>\n<div class=\"x11i5rnm xat24cr x1mh8g0r x1vvkbs xtlvy1s x126k92a\">\n<div dir=\"auto\">Un homme est mort cette nuit \u00e0 Bruxelles.<\/div>\n<div dir=\"auto\">Encore un.<\/div>\n<div dir=\"auto\">Encore un corps de trop, gisant sur l\u2019asphalte d\u2019un quartier populaire.<\/div>\n<div dir=\"auto\">Cette fois, c\u2019\u00e9tait aux rues Blaes et des Capucins, dans le quartier des Marolles. Il circulait en scooter. Il est entr\u00e9 en collision avec un v\u00e9hicule de police. Il est mort.<\/div>\n<div dir=\"auto\">Et avant m\u00eame que son identit\u00e9 ne soit r\u00e9v\u00e9l\u00e9e, nous savons d\u00e9j\u00e0 qu\u2019il y a de tr\u00e8s fortes chances qu\u2019il soit Noir ou Arabe.<\/div>\n<\/div>\n<div class=\"x11i5rnm xat24cr x1mh8g0r x1vvkbs xtlvy1s x126k92a\">\n<div dir=\"auto\">Car ce n\u2019est pas un fait divers. C\u2019est une constance tragique, un sch\u00e9ma colonial, une m\u00e9canique l\u00e9tale qui cible les corps racialis\u00e9s, toujours dans les m\u00eames contextes, avec les m\u00eames justifications, les m\u00eames silences complices.<\/div>\n<\/div>\n<div class=\"x11i5rnm xat24cr x1mh8g0r x1vvkbs xtlvy1s x126k92a\">\n<div dir=\"auto\">Nous savons. Parce que nous l\u2019avons d\u00e9j\u00e0 entendue. Trop souvent. Trop longtemps.<\/div>\n<\/div>\n<div class=\"x11i5rnm xat24cr x1mh8g0r x1vvkbs xtlvy1s x126k92a\">\n<div dir=\"auto\">Chaque fois, le sc\u00e9nario se r\u00e9p\u00e8te comme un mauvais feuilleton.<\/div>\n<div dir=\"auto\">D\u2019abord, on l\u00e9gitime d\u2019embl\u00e9e l\u2019intervention polici\u00e8re : le scooter aurait \u00e9t\u00e9 vol\u00e9.<\/div>\n<div dir=\"auto\">Ce seul d\u00e9tail, balanc\u00e9 pr\u00e9cipitamment dans la presse, semble suffire \u00e0 justifier une mort.<\/div>\n<div dir=\"auto\">Comme si le soup\u00e7on de vol \u00e9tait une condamnation \u00e0 mort.<\/div>\n<div dir=\"auto\">Comme si des vies Arabes, Noires, Rroms, Migrantes, Sans-papiers, Musulmanes, ne valaient pas plus qu\u2019un deux-roues.<\/div>\n<\/div>\n<div class=\"x11i5rnm xat24cr x1mh8g0r x1vvkbs xtlvy1s x126k92a\">\n<div dir=\"auto\">Ensuite, le silence radio.<\/div>\n<div dir=\"auto\">Aucun test d\u2019alcool\u00e9mie ou de d\u00e9pistage toxique pour les agents impliqu\u00e9s.<\/div>\n<div dir=\"auto\">Aucun nom de policier communiqu\u00e9.<\/div>\n<div dir=\"auto\">Aucune mise \u00e0 pied.<\/div>\n<div dir=\"auto\">Et surtout, aucune remise en question de leur version des faits.<\/div>\n<div dir=\"auto\">On se pr\u00e9pare d\u00e9j\u00e0 \u00e0 l\u2019enterrement m\u00e9diatique de la v\u00e9rit\u00e9 :<\/div>\n<div dir=\"auto\">\u201cIl roulait trop vite\u201d, \u201cIl a refus\u00e9 d\u2019obtemp\u00e9rer\u201d, \u201cIl aurait percut\u00e9 le v\u00e9hicule de police\u201d.<\/div>\n<div dir=\"auto\">Le conditionnel \u00e0 sens unique.<\/div>\n<\/div>\n<div class=\"x11i5rnm xat24cr x1mh8g0r x1vvkbs xtlvy1s x126k92a\">\n<div dir=\"auto\">Mais nous avons la m\u00e9moire longue.<\/div>\n<\/div>\n<div class=\"x11i5rnm xat24cr x1mh8g0r x1vvkbs xtlvy1s x126k92a\">\n<div dir=\"auto\">Une violence d\u2019\u00c9tat raciale et normalis\u00e9e.<\/div>\n<div dir=\"auto\">Cette mort n\u2019est pas une exception. Elle s\u2019inscrit dans une liste trop longue, une h\u00e9catombe silencieuse que les quartiers n\u2019ont jamais oubli\u00e9e, m\u00eame quand l\u2019\u00c9tat fait mine d\u2019amn\u00e9sie :<\/div>\n<\/div>\n<div class=\"x11i5rnm xat24cr x1mh8g0r x1vvkbs xtlvy1s x126k92a\">\n<div dir=\"auto\">Adil, Ouassim, Sabrina, Mawda\u2026 et les autres.<\/div>\n<\/div>\n<div class=\"x11i5rnm xat24cr x1mh8g0r x1vvkbs xtlvy1s x126k92a\">\n<div dir=\"auto\">Ce n\u2019est pas un fait divers. C\u2019est un syst\u00e8me de mort.<\/div>\n<div dir=\"auto\">Ce n\u2019est pas un accident. C\u2019est une politique de harc\u00e8lement des classes populaires racis\u00e9es, d\u00e9guis\u00e9e en maintien de l\u2019ordre.<\/div>\n<\/div>\n<div class=\"x11i5rnm xat24cr x1mh8g0r x1vvkbs xtlvy1s x126k92a\">\n<div dir=\"auto\">Adil, tu\u00e9 \u00e0 Anderlecht en 2020, percut\u00e9 par une voiture de police alors qu\u2019il fuyait une interpellation.<\/div>\n<\/div>\n<div class=\"x11i5rnm xat24cr x1mh8g0r x1vvkbs xtlvy1s x126k92a\">\n<div dir=\"auto\">Ouassim et Sabrina, tu\u00e9s \u00e0 cause d\u2019une technique ill\u00e9gale de \u201cparchocage\u201d, m\u00e9thode interdite mais toujours utilis\u00e9e par la police pour provoquer la chute de deux-roues.<\/div>\n<\/div>\n<div class=\"x11i5rnm xat24cr x1mh8g0r x1vvkbs xtlvy1s x126k92a\">\n<div dir=\"auto\">Lamine Bangoura, \u00e9trangl\u00e9 dans sa maison \u00e0 Roulers.<\/div>\n<\/div>\n<div class=\"x11i5rnm xat24cr x1mh8g0r x1vvkbs xtlvy1s x126k92a\">\n<div dir=\"auto\">Mawda, fillette kurde de deux ans, tu\u00e9e par balle par un policier lors d\u2019une course-poursuite sur l\u2019E42.<\/div>\n<\/div>\n<div class=\"x11i5rnm xat24cr x1mh8g0r x1vvkbs xtlvy1s x126k92a\">\n<div dir=\"auto\">Et tant d\u2019autres.<\/div>\n<\/div>\n<div class=\"x11i5rnm xat24cr x1mh8g0r x1vvkbs xtlvy1s x126k92a\">\n<div dir=\"auto\">Dans chacun de ces cas, la justice a syst\u00e9matiquement prot\u00e9g\u00e9 les agents impliqu\u00e9s.<\/div>\n<div dir=\"auto\">Pas un seul n\u2019a \u00e9t\u00e9 incarc\u00e9r\u00e9.<\/div>\n<div dir=\"auto\">Pas un seul n\u2019a perdu son emploi.<\/div>\n<div dir=\"auto\">Certains ont m\u00eame \u00e9t\u00e9 promus.<\/div>\n<\/div>\n<div class=\"x11i5rnm xat24cr x1mh8g0r x1vvkbs xtlvy1s x126k92a\">\n<div dir=\"auto\">\u00c0 chaque fois, l\u2019\u00c9tat belge prot\u00e8ge ses agents.<\/div>\n<div dir=\"auto\">Il d\u00e9shumanise les victimes.<\/div>\n<div dir=\"auto\">Il salit leur m\u00e9moire.<\/div>\n<div dir=\"auto\">Il blanchit les auteurs.<\/div>\n<div dir=\"auto\">Il classe les dossiers.<\/div>\n<div dir=\"auto\">Il maquille les rapports.<\/div>\n<div dir=\"auto\">Et il pr\u00e9pare la prochaine mort.<\/div>\n<\/div>\n<div class=\"x11i5rnm xat24cr x1mh8g0r x1vvkbs xtlvy1s x126k92a\">\n<div dir=\"auto\">Il faut cesser de parler d\u2019\u201caccident\u201d.<\/div>\n<div dir=\"auto\">Il faut cesser d\u2019enrober les faits dans le langage de la neutralit\u00e9 administrative.<\/div>\n<div dir=\"auto\">Ce qu\u2019il se passe \u00e0 Bruxelles, ce n\u2019est pas un dysfonctionnement du syst\u00e8me. C\u2019est le syst\u00e8me lui-m\u00eame.<\/div>\n<\/div>\n<div class=\"x11i5rnm xat24cr x1mh8g0r x1vvkbs xtlvy1s x126k92a\">\n<div dir=\"auto\">Un syst\u00e8me dans lequel le soup\u00e7on, la pr\u00e9somption de culpabilit\u00e9 et le danger mortel sont attach\u00e9s \u00e0 la couleur de peau, au nom \u00e0 consonance maghr\u00e9bine, \u00e0 la g\u00e9ographie urbaine populaire.<\/div>\n<\/div>\n<div class=\"x11i5rnm xat24cr x1mh8g0r x1vvkbs xtlvy1s x126k92a\">\n<div dir=\"auto\">Ce syst\u00e8me tue.<\/div>\n<div dir=\"auto\">Ce syst\u00e8me prot\u00e8ge ceux qui tuent.<\/div>\n<div dir=\"auto\">Et ce syst\u00e8me produit de la mort polici\u00e8re comme norme de gestion raciale.<\/div>\n<\/div>\n<div class=\"x11i5rnm xat24cr x1mh8g0r x1vvkbs xtlvy1s x126k92a\">\n<div dir=\"auto\">Chaque fois qu\u2019un Noir ou un Arabe est tu\u00e9 par la police, c\u2019est le silence complice des institutions qui l\u2019entoure qui permet que \u00e7a recommence.<\/div>\n<\/div>\n<div class=\"x11i5rnm xat24cr x1mh8g0r x1vvkbs xtlvy1s x126k92a\">\n<div dir=\"auto\">L&rsquo;\u00c9tat qui tue prot\u00e8ge ceux qui tuent.<\/div>\n<div dir=\"auto\">La police, bras arm\u00e9 de l\u2019\u00c9tat, dispose d\u2019un permis tacite de tuer, d\u00e8s lors que la victime appartient aux classes racialis\u00e9es.<\/div>\n<\/div>\n<div class=\"x11i5rnm xat24cr x1mh8g0r x1vvkbs xtlvy1s x126k92a\">\n<div dir=\"auto\">La violence n\u2019est pas une d\u00e9viation.<\/div>\n<div dir=\"auto\">Elle est la norme, la m\u00e9thode, la logique du contr\u00f4le social.<\/div>\n<div dir=\"auto\">Et ce contr\u00f4le est avant tout racial.<\/div>\n<\/div>\n<div class=\"x11i5rnm xat24cr x1mh8g0r x1vvkbs xtlvy1s x126k92a\">\n<div dir=\"auto\">Combien de corps faut-il encore ?<\/div>\n<div dir=\"auto\">Combien de familles d\u00e9truites ?<\/div>\n<\/div>\n<div class=\"x11i5rnm xat24cr x1mh8g0r x1vvkbs xtlvy1s x126k92a\">\n<div dir=\"auto\">\u00c0 chaque fois que nous voyons passer une voiture de police dans nos quartiers, nous nous posons une question simple :<\/div>\n<div dir=\"auto\">Combien d\u2019\u201caccidents\u201d provoquent-ils ?<\/div>\n<div dir=\"auto\">Combien de morts ont-ils sur la conscience ?<\/div>\n<div dir=\"auto\">Et pourquoi aucun chiffre n\u2019est jamais communiqu\u00e9 ?<\/div>\n<\/div>\n<div class=\"x11i5rnm xat24cr x1mh8g0r x1vvkbs xtlvy1s x126k92a\">\n<div dir=\"auto\">La collusion structurelle des fonctionnaires : quand l\u2019impunit\u00e9 est organis\u00e9e<\/div>\n<div dir=\"auto\">La violence polici\u00e8re ne fonctionne pas en vase clos.<\/div>\n<div dir=\"auto\">Elle est rendue possible par une s\u00e9rie de complicit\u00e9s actives et passives \u00e0 chaque \u00e9tage de l&rsquo;appareil d&rsquo;\u00c9tat :<\/div>\n<\/div>\n<div class=\"x11i5rnm xat24cr x1mh8g0r x1vvkbs xtlvy1s x126k92a\">\n<div dir=\"auto\">Les magistrats qui classent sans suite.<\/div>\n<\/div>\n<div class=\"x11i5rnm xat24cr x1mh8g0r x1vvkbs xtlvy1s x126k92a\">\n<div dir=\"auto\">Les experts m\u00e9dico-l\u00e9gaux qui blanchissent l\u2019intervention.<\/div>\n<\/div>\n<div class=\"x11i5rnm xat24cr x1mh8g0r x1vvkbs xtlvy1s x126k92a\">\n<div dir=\"auto\">Les syndicats policiers qui prot\u00e8gent leurs coll\u00e8gues co\u00fbte que co\u00fbte.<\/div>\n<\/div>\n<div class=\"x11i5rnm xat24cr x1mh8g0r x1vvkbs xtlvy1s x126k92a\">\n<div dir=\"auto\">Les politiques qui se taisent ou justifient.<\/div>\n<\/div>\n<div class=\"x11i5rnm xat24cr x1mh8g0r x1vvkbs xtlvy1s x126k92a\">\n<div dir=\"auto\">Les journalistes qui reprennent sans critique les versions polici\u00e8res.<\/div>\n<\/div>\n<div class=\"x11i5rnm xat24cr x1mh8g0r x1vvkbs xtlvy1s x126k92a\">\n<div dir=\"auto\">C\u2019est cela que nous appelons la collusion de fonctionnaires.<\/div>\n<div dir=\"auto\">Une cha\u00eene d\u2019acteurs institutionnels \u2014 policiers, juges, bourgmestres, ministres, journalistes \u2014 qui, chacun \u00e0 leur niveau, assurent la continuit\u00e9 de l\u2019impunit\u00e9.<\/div>\n<\/div>\n<div class=\"x11i5rnm xat24cr x1mh8g0r x1vvkbs xtlvy1s x126k92a\">\n<div dir=\"auto\">Ils ne sont pas neutres.<\/div>\n<div dir=\"auto\">Ils participent activement \u00e0 l\u2019invisibilisation, \u00e0 la justification et \u00e0 la reproduction de la violence d\u2019\u00c9tat.<\/div>\n<\/div>\n<div class=\"x11i5rnm xat24cr x1mh8g0r x1vvkbs xtlvy1s x126k92a\">\n<div dir=\"auto\">Dans ce cas pr\u00e9cis, a-t-on soumis les policiers \u00e0 un test d\u2019alcool\u00e9mie ?<\/div>\n<div dir=\"auto\">Ces pratiques, pourtant exig\u00e9es en cas d\u2019accident grave impliquant un citoyen ordinaire, ne sont presque jamais appliqu\u00e9es aux policiers.<\/div>\n<\/div>\n<div class=\"x11i5rnm xat24cr x1mh8g0r x1vvkbs xtlvy1s x126k92a\">\n<div dir=\"auto\">Pourquoi ?<\/div>\n<\/div>\n<div class=\"x11i5rnm xat24cr x1mh8g0r x1vvkbs xtlvy1s x126k92a\">\n<div dir=\"auto\">Parce que dans ce pays, porter un uniforme vaut certificat d\u2019immunit\u00e9.<\/div>\n<div dir=\"auto\">Et \u00eatre Noir ou Arabe, dans l\u2019espace public, vaut pr\u00e9somption de dangerosit\u00e9.<\/div>\n<\/div>\n<div class=\"x11i5rnm xat24cr x1mh8g0r x1vvkbs xtlvy1s x126k92a\">\n<div dir=\"auto\">Nous faisons confiance aux quartiers, pas aux communiqu\u00e9s policiers<\/div>\n<div dir=\"auto\">Une vid\u00e9o circule d\u00e9j\u00e0 :<\/div>\n<\/div>\n<div class=\"x11i5rnm xat24cr x1mh8g0r x1vvkbs xtlvy1s x126k92a\">\n<div dir=\"auto\">\u00ab\u00a0Ils ont tu\u00e9 un type, il \u00e9tait en scooter, il n\u2019avait rien \u00e0 voir ! Ils roulaient comme des shlags et ils l\u2019ont tu\u00e9 !\u00a0\u00bb<\/div>\n<\/div>\n<div class=\"x11i5rnm xat24cr x1mh8g0r x1vvkbs xtlvy1s x126k92a\">\n<div dir=\"auto\">Ce t\u00e9moignage brut vaut tous les rapports.<\/div>\n<div dir=\"auto\">Car nous le savons : les versions officielles sont \u00e9crites pour blanchir, mentir, et enterrer.<\/div>\n<div dir=\"auto\">La police ment. Les ministres couvrent. Les procureurs classent sans suite. Et les m\u00e9dias dominants r\u00e9percutent.<\/div>\n<\/div>\n<div class=\"x11i5rnm xat24cr x1mh8g0r x1vvkbs xtlvy1s x126k92a\">\n<div dir=\"auto\">L\u2019urbanisme policier : un apartheid au c\u0153ur de la ville<\/div>\n<div dir=\"auto\">La mort survenue aux Marolles n\u2019est pas \u00e9trang\u00e8re \u00e0 l\u2019architecture raciste de la ville.<\/div>\n<div dir=\"auto\">Nous assistons \u00e0 une criminalisation permanente des quartiers populaires, \u00e0 travers une occupation polici\u00e8re constante, des patrouilles agressives, et des dispositifs qui transforment l\u2019espace public en zone de guerre.<\/div>\n<\/div>\n<div class=\"x11i5rnm xat24cr x1mh8g0r x1vvkbs xtlvy1s x126k92a\">\n<div dir=\"auto\">Comme en Palestine colonis\u00e9e, la logique est s\u00e9curitaire, pr\u00e9ventive, pr\u00e9datrice.<\/div>\n<div dir=\"auto\">Il ne s\u2019agit pas d\u2019intervenir en cas de d\u00e9lit, mais de maintenir les populations racialis\u00e9es dans un \u00e9tat d\u2019humiliation et de peur.<\/div>\n<\/div>\n<div class=\"x11i5rnm xat24cr x1mh8g0r x1vvkbs xtlvy1s x126k92a\">\n<div dir=\"auto\">Ce que Fanon appelait la zone du non-\u00eatre, ce sont aujourd\u2019hui nos quartiers.<\/div>\n<div dir=\"auto\">Et les sh\u00e9rifs modernes, ce sont ces patrouilles polici\u00e8res qui agissent en terrain conquis, sans devoir rendre de comptes \u00e0 personne.<\/div>\n<\/div>\n<div class=\"x11i5rnm xat24cr x1mh8g0r x1vvkbs xtlvy1s x126k92a\">\n<div dir=\"auto\">La police n\u2019est pas \u201cen crise\u201d : elle est l\u2019instrument d\u2019un ordre racial<\/div>\n<div dir=\"auto\">Ce n\u2019est pas \u201cla brebis galeuse\u201d qu\u2019il faut d\u00e9noncer, mais la meute structur\u00e9e, entra\u00een\u00e9e, l\u00e9gitim\u00e9e.<\/div>\n<div dir=\"auto\">La police en Belgique, comme dans toute d\u00e9mocratie occidentale, est le bras arm\u00e9 de la supr\u00e9matie blanche.<\/div>\n<\/div>\n<div class=\"x11i5rnm xat24cr x1mh8g0r x1vvkbs xtlvy1s x126k92a\">\n<div dir=\"auto\">Elle n\u2019est pas r\u00e9formable.<\/div>\n<div dir=\"auto\">Elle est structur\u00e9e pour :<\/div>\n<\/div>\n<div class=\"x11i5rnm xat24cr x1mh8g0r x1vvkbs xtlvy1s x126k92a\">\n<div dir=\"auto\">Maintenir les hi\u00e9rarchies raciales dans l\u2019espace urbain.<\/div>\n<\/div>\n<div class=\"x11i5rnm xat24cr x1mh8g0r x1vvkbs xtlvy1s x126k92a\">\n<div dir=\"auto\">Prot\u00e9ger la propri\u00e9t\u00e9, pas la vie.<\/div>\n<\/div>\n<div class=\"x11i5rnm xat24cr x1mh8g0r x1vvkbs xtlvy1s x126k92a\">\n<div dir=\"auto\">\u00c9craser les corps jug\u00e9s ind\u00e9sirables.<\/div>\n<\/div>\n<div class=\"x11i5rnm xat24cr x1mh8g0r x1vvkbs xtlvy1s x126k92a\">\n<div dir=\"auto\">Criminaliser les survivants des politiques n\u00e9ocoloniales.<\/div>\n<\/div>\n<div class=\"x11i5rnm xat24cr x1mh8g0r x1vvkbs xtlvy1s x126k92a\">\n<div dir=\"auto\">Ce que nous exigeons, c\u2019est la justice, une justice qui voit, qui entend, qui nomme et qui r\u00e9pare.<\/div>\n<\/div>\n<div class=\"x11i5rnm xat24cr x1mh8g0r x1vvkbs xtlvy1s x126k92a\">\n<div dir=\"auto\">Assez d\u2019analyses molles.<\/div>\n<div dir=\"auto\">Assez de pseudo-neutralit\u00e9.<\/div>\n<\/div>\n<div class=\"x11i5rnm xat24cr x1mh8g0r x1vvkbs xtlvy1s x126k92a\">\n<div dir=\"auto\">Nous ne laisserons pas cette mort \u00eatre effac\u00e9e, dissimul\u00e9e, class\u00e9e sans suite. Nous exigeons la v\u00e9rit\u00e9, la justice, la reconnaissance pleine de la responsabilit\u00e9 de celles et ceux qui, par leur silence, leur violence ou leur complicit\u00e9, participent \u00e0 ces crimes d\u2019\u00c9tat. Nous refusons l\u2019oubli. Nous refuserons toujours de normaliser la brutalit\u00e9 polici\u00e8re, surtout quand elle cible les Arabes, Noires, Rroms, Migrantes, Sans-papiers, Musulmans.<\/div>\n<\/div>\n<div class=\"x11i5rnm xat24cr x1mh8g0r x1vvkbs xtlvy1s x126k92a\">\n<div dir=\"auto\">\u00c0 la famille, aux proches, aux survivant\u00b7es, nous disons : nous sommes l\u00e0, \u00e0 vos c\u00f4t\u00e9s, en deuil, en rage, en solidarit\u00e9. Aucun de nous n\u2019est en s\u00e9curit\u00e9 tant que les vies des n\u00f4tres peuvent \u00eatre ainsi bris\u00e9es. Tant que justice n\u2019est pas rendue, notre lutte continue.<\/div>\n<\/div>\n<\/div>\n<\/div>\n<div dir=\"auto\"><span class=\"gmail_signature_prefix\">&#8212;<\/span><\/p>\n<div class=\"gmail_signature\" dir=\"ltr\" data-smartmail=\"gmail_signature\">\n<div dir=\"ltr\">\n<div>\n<div dir=\"ltr\"><b>Nordine Sa\u00efdi<br \/>\n<a href=\"https:\/\/bruxelles-pantheres.be\/\" target=\"_blank\" rel=\"noopener\">Bruxelles Panth\u00e8res<\/a><\/b><br \/>\n<i>\u00ab\u00a0La libert\u00e9, la justice et l&rsquo;\u00e9galit\u00e9, par tous les moyens n\u00e9cessaires !\u00a0\u00bb<\/i>\u00a0Malcolm X<i><b><\/p>\n<p><a href=\"http:\/\/mcpalestine.canalblog.com\/\" target=\"_blank\" rel=\"noopener\">Mouvement Citoyen Palestine<\/a><\/b><\/i><br \/>\n<i>\u00ab L&rsquo;\u00e9galit\u00e9 ou rien \u00bb\u00a0<\/i>Edward Said<\/div>\n<\/div>\n<\/div>\n<\/div>\n<\/div>\n<\/div>\n<\/div>\n<\/div>\n<div id=\"\u00abradc\u00bb\" class=\"html-div xdj266r x11i5rnm xat24cr x1mh8g0r xexx8yu x4uap5 x18d9i69 xkhd6sd x1n2onr6\">\n<div class=\"html-div xdj266r x11i5rnm xat24cr x1mh8g0r xexx8yu x4uap5 x18d9i69 xkhd6sd x1n2onr6\">\n<div class=\"xmjcpbm x1n2onr6\">\n<div class=\"xu06os2 x1ok221b\"><\/div>\n<\/div>\n<\/div>\n<\/div>\n","protected":false},"excerpt":{"rendered":"<p>Avant tout, nous adressons nos pens\u00e9es les plus sinc\u00e8res, nos condol\u00e9ances les plus profondes \u00e0 la famille, aux proches, aux ami\u00b7es de la personne retrouv\u00e9e morte. Nous savons que cette mort n\u2019est pas un accident. Elle n\u2019est ni une fatalit\u00e9, ni un fait divers. Elle est le sympt\u00f4me brutal d\u2019un syst\u00e8me raciste, s\u00e9curitaire et inhumain, &#8230; <a title=\"Un homme \u00e0 scooter perd la vie apr\u00e8s une collision avec un v\u00e9hicule de police \u00e0 Bruxelles\" class=\"read-more\" href=\"https:\/\/bruxelles-pantheres.be\/?p=6319\" aria-label=\"En savoir plus sur Un homme \u00e0 scooter perd la vie apr\u00e8s une collision avec un v\u00e9hicule de police \u00e0 Bruxelles\">Lire la suite<\/a><\/p>\n","protected":false},"author":1,"featured_media":1059,"comment_status":"open","ping_status":"open","sticky":false,"template":"","format":"standard","meta":{"footnotes":""},"categories":[539,18,28,5],"tags":[13,54],"class_list":["post-6319","post","type-post","status-publish","format-standard","has-post-thumbnail","hentry","category-belgique","category-resistance-bruxelles","category-racismes","category-violence-policiere","tag-nordine-saidi","tag-police"],"_links":{"self":[{"href":"https:\/\/bruxelles-pantheres.be\/index.php?rest_route=\/wp\/v2\/posts\/6319","targetHints":{"allow":["GET"]}}],"collection":[{"href":"https:\/\/bruxelles-pantheres.be\/index.php?rest_route=\/wp\/v2\/posts"}],"about":[{"href":"https:\/\/bruxelles-pantheres.be\/index.php?rest_route=\/wp\/v2\/types\/post"}],"author":[{"embeddable":true,"href":"https:\/\/bruxelles-pantheres.be\/index.php?rest_route=\/wp\/v2\/users\/1"}],"replies":[{"embeddable":true,"href":"https:\/\/bruxelles-pantheres.be\/index.php?rest_route=%2Fwp%2Fv2%2Fcomments&post=6319"}],"version-history":[{"count":1,"href":"https:\/\/bruxelles-pantheres.be\/index.php?rest_route=\/wp\/v2\/posts\/6319\/revisions"}],"predecessor-version":[{"id":6320,"href":"https:\/\/bruxelles-pantheres.be\/index.php?rest_route=\/wp\/v2\/posts\/6319\/revisions\/6320"}],"wp:featuredmedia":[{"embeddable":true,"href":"https:\/\/bruxelles-pantheres.be\/index.php?rest_route=\/wp\/v2\/media\/1059"}],"wp:attachment":[{"href":"https:\/\/bruxelles-pantheres.be\/index.php?rest_route=%2Fwp%2Fv2%2Fmedia&parent=6319"}],"wp:term":[{"taxonomy":"category","embeddable":true,"href":"https:\/\/bruxelles-pantheres.be\/index.php?rest_route=%2Fwp%2Fv2%2Fcategories&post=6319"},{"taxonomy":"post_tag","embeddable":true,"href":"https:\/\/bruxelles-pantheres.be\/index.php?rest_route=%2Fwp%2Fv2%2Ftags&post=6319"}],"curies":[{"name":"wp","href":"https:\/\/api.w.org\/{rel}","templated":true}]}}