{"id":6323,"date":"2025-05-08T20:23:41","date_gmt":"2025-05-08T19:23:41","guid":{"rendered":"https:\/\/bruxelles-pantheres.be\/?p=6323"},"modified":"2025-05-16T17:34:12","modified_gmt":"2025-05-16T16:34:12","slug":"colbert-leopold-ii-et-les-monuments-a-la-con-soutien-a-franco-lollia","status":"publish","type":"post","link":"https:\/\/bruxelles-pantheres.be\/?p=6323","title":{"rendered":"Colbert, L\u00e9opold II et les monuments \u00e0 la con : soutien \u00e0 Franco Lollia"},"content":{"rendered":"<p>Franco Lollia condamn\u00e9 en appel.<br \/>\nEt pour le dire autrement, un militant antiraciste condamn\u00e9 pour acte antiraciste.<\/p>\n<p><!--more--><br \/>\n<iframe title=\"YouTube video player\" src=\"https:\/\/www.youtube.com\/embed\/8HEkrPvfI8U?si=YiyH7Q8BfcMYHb-v\" width=\"560\" height=\"315\" frameborder=\"0\" allowfullscreen=\"allowfullscreen\"><\/iframe><\/p>\n<div class=\"xdj266r x11i5rnm xat24cr x1mh8g0r x1vvkbs x126k92a\">\n<div dir=\"auto\">Colbert, L\u00e9opold II et les monuments \u00e0 la con : soutien \u00e0 Franco Lollia<\/div>\n<\/div>\n<div class=\"x11i5rnm xat24cr x1mh8g0r x1vvkbs xtlvy1s x126k92a\">\n<div dir=\"auto\">Il para\u00eet qu\u2019on ne touche pas aux statues. C\u2019est sacr\u00e9.<\/div>\n<div dir=\"auto\"><\/div>\n<div dir=\"auto\">On peut tabasser un Noir ou un Arabe, mutiler un Gilet Jaune, tuer dans un commissariat, expulser un sans-papiers\u2026<\/div>\n<div dir=\"auto\">Mais malheur \u00e0 qui ose peinturlurer un bout de bronze colonial ! L\u00e0, c\u2019est le grand tremblement.<\/div>\n<div dir=\"auto\">Colbert a re\u00e7u un peu de peinture ? Alerte rouge. Patrimoine en danger. M\u00e9moire profan\u00e9e ! Qu\u2019on sorte les juges, les chroniqueurs, les chiens de garde de la m\u00e9moire blanche.<\/div>\n<div dir=\"auto\"><\/div>\n<\/div>\n<div class=\"x11i5rnm xat24cr x1mh8g0r x1vvkbs xtlvy1s x126k92a\">\n<div dir=\"auto\">Colbert en France. L\u00e9opold II chez nous.<\/div>\n<div dir=\"auto\">M\u00eame combat : la m\u00e9moire des bourreaux tr\u00f4ne fi\u00e8rement pendant que les militant\u00b7es antiracistes r\u00e9coltent des condamnations, des amendes, des gaz dans le visage et des injonctions \u00e0 l\u2019apaisement.<\/div>\n<div dir=\"auto\">C\u2019est \u00e7a, la paix coloniale : la paix pour les statues, la guerre pour les vivants.<\/div>\n<div dir=\"auto\"><\/div>\n<\/div>\n<div class=\"x11i5rnm xat24cr x1mh8g0r x1vvkbs xtlvy1s x126k92a\">\n<div dir=\"auto\">Dans ce contexte, la condamnation en appel de Franco Lollia, militant historique de la <span class=\"html-span xdj266r x11i5rnm xat24cr x1mh8g0r xexx8yu x4uap5 x18d9i69 xkhd6sd x1hl2dhg x16tdsg8 x1vvkbs\"><a class=\"x1i10hfl xjbqb8w x1ejq31n xd10rxx x1sy0etr x17r0tee x972fbf xcfux6l x1qhh985 xm0m39n x9f619 x1ypdohk xt0psk2 xe8uvvx xdj266r x11i5rnm xat24cr x1mh8g0r xexx8yu x4uap5 x18d9i69 xkhd6sd x16tdsg8 x1hl2dhg xggy1nq x1a2a7pz xkrqix3 x1sur9pj x1fey0fg x1s688f\" tabindex=\"0\" role=\"link\" href=\"https:\/\/www.facebook.com\/brigadecollectif.antinegrophobie?__cft__[0]=AZVcyD4lZe_tqM-81PYjGT262h23jLbtmvNPEheLX6uQYncQrjOjHMdLuehgIemoYTAU5m32pZR2iVMI39XBZQN5UrykgAy1Kl11-_C2NSFNjvnr8QcAUNJmsQhRV22gG1ZbTTU1-EDixdNK7jcHpKaptptr0g8t1V2ArydDmr5_Lzzsv-_Zp8UK-kVv8faJVBk&amp;__tn__=-]K-R\"><span class=\"xt0psk2\"><span class=\"xjp7ctv\">Brigade-collectif Antinegrophobie<\/span><\/span><\/a><\/span>, pour avoir symboliquement repeint la statue de Colbert devant l\u2019Assembl\u00e9e nationale, est un acte politique. Une vengeance d\u2019\u00c9tat contre les porteurs de m\u00e9moire noire.<\/div>\n<\/div>\n<div class=\"x11i5rnm xat24cr x1mh8g0r x1vvkbs xtlvy1s x126k92a\">\n<div dir=\"auto\">Franco n\u2019a pas d\u00e9truit l\u2019histoire. Il a expos\u00e9 sa monstruosit\u00e9.<\/div>\n<div dir=\"auto\">Il n\u2019a pas vandalis\u00e9 la R\u00e9publique. Il a gratt\u00e9 son vernis.<\/div>\n<div dir=\"auto\">Colbert n\u2019est pas un artisan du droit. C\u2019est l\u2019architecte du Code Noir.<\/div>\n<div dir=\"auto\">Un texte qui a l\u00e9galis\u00e9 l\u2019esclavage, organis\u00e9 la d\u00e9shumanisation, l\u00e9gif\u00e9r\u00e9 l\u2019enfer.<\/div>\n<div dir=\"auto\"><\/div>\n<div dir=\"auto\">Et on voudrait que nous, enfants des colonies, petits-fils de la chicotte, on le respecte ?<\/div>\n<\/div>\n<div class=\"x11i5rnm xat24cr x1mh8g0r x1vvkbs xtlvy1s x126k92a\">\n<div dir=\"auto\">On nous dira :<\/div>\n<div dir=\"auto\">\u00ab Mais la Belgique n\u2019a jamais eu de Code Noir ! \u00bb<\/div>\n<div dir=\"auto\"><\/div>\n<div dir=\"auto\">Non. Elle a eu des mains coup\u00e9es et une colonie priv\u00e9e comme d\u2019autres ont un yacht. L\u00e9opold II a tu\u00e9 plus de Congolais que toute la population belge actuelle.<\/div>\n<div dir=\"auto\">Mais il a encore des statues dans nos villes, des parcs \u00e0 son nom, des avenues bien propres pour rappeler \u00e0 l\u2019ordre colonial son \u00e9ternit\u00e9.<\/div>\n<div dir=\"auto\"><\/div>\n<\/div>\n<div class=\"x11i5rnm xat24cr x1mh8g0r x1vvkbs xtlvy1s x126k92a\">\n<div dir=\"auto\">Fanon nous avertissait d\u00e9j\u00e0 : \u00ab Un pays colonialiste est un pays raciste. \u00bb<\/div>\n<div dir=\"auto\"><\/div>\n<\/div>\n<div class=\"x11i5rnm xat24cr x1mh8g0r x1vvkbs xtlvy1s x126k92a\">\n<div dir=\"auto\">Alors franchement, que Franco tague Colbert, ce n\u2019est pas un crime : c\u2019est un service public. Une forme de contextualisation urbaine.<\/div>\n<div dir=\"auto\">Ce qui est jug\u00e9 ici, ce n\u2019est pas une d\u00e9gradation mat\u00e9rielle : c\u2019est une insoumission. Le refus de s\u2019agenouiller devant l\u2019histoire officielle. Le droit d\u2019\u00eatre noir\u00b7e, en France, sans devoir honorer ses bourreaux.<\/div>\n<div dir=\"auto\"><\/div>\n<div dir=\"auto\">Franco Lollia n\u2019a pas vandalis\u00e9 un patrimoine, il a d\u00e9nonc\u00e9 une imposture.<\/div>\n<div dir=\"auto\">Dans un monde antiraciste, on honore les r\u00e9sistants, pas les esclavagistes.<\/div>\n<\/div>\n<div class=\"x11i5rnm xat24cr x1mh8g0r x1vvkbs xtlvy1s x126k92a\">\n<div dir=\"auto\">Dans un \u00c9tat o\u00f9 les statues coloniales valent plus que nos vies, r\u00e9sister, c\u2019est vital.<\/div>\n<div dir=\"auto\">Et ce que subit Franco aujourd\u2019hui \u2014 cette criminalisation de l\u2019antiracisme politique, cette traque \u2014 on la conna\u00eet ici aussi.<\/div>\n<div dir=\"auto\"><\/div>\n<\/div>\n<div class=\"x11i5rnm xat24cr x1mh8g0r x1vvkbs xtlvy1s x126k92a\">\n<div dir=\"auto\">En Belgique, et j\u2019imagine en France, on peut manifester contre le racisme, mais pas trop fort.<\/div>\n<div dir=\"auto\">On peut parler de colonialisme, mais seulement si c\u2019est \u00ab\u00a0p\u00e9dagogique\u00a0\u00bb.<\/div>\n<div dir=\"auto\">On peut \u00eatre antiraciste, mais surtout pas radical.<\/div>\n<div dir=\"auto\">On nous veut sociables, pas subversifs. Int\u00e9gr\u00e9s, pas enrag\u00e9s.<\/div>\n<div dir=\"auto\"><\/div>\n<div dir=\"auto\">Tu peux \u00eatre Noir ou Arabe, mais humoriste, footballeur, conteur ou griot dans une ASBL.<\/div>\n<div dir=\"auto\">Mais Noir\/Arabe et r\u00e9volutionnaire ? Ah non, l\u00e0, c\u2019est dangereux. L\u00e0, tu deviens un probl\u00e8me.<\/div>\n<div dir=\"auto\">On ne tol\u00e8re l\u2019antiracisme qu\u2019\u00e0 condition qu\u2019il soit inoffensif, blanc, apolitique \u2014 c\u2019est-\u00e0-dire incapable de remettre en cause l\u2019ordre racial national.<\/div>\n<div dir=\"auto\"><\/div>\n<\/div>\n<div class=\"x11i5rnm xat24cr x1mh8g0r x1vvkbs xtlvy1s x126k92a\">\n<div dir=\"auto\">La condamnation de Franco Lollia s\u2019inscrit dans une strat\u00e9gie de l\u2019\u00c9tat fran\u00e7ais de discipliner et d\u00e9l\u00e9gitimer l\u2019antiracisme autonome noir, surtout quand il refuse les compromis r\u00e9publicains.<\/div>\n<div dir=\"auto\"><\/div>\n<div dir=\"auto\">Autrement dit, ce n\u2019est pas tant l\u2019acte que l\u2019identit\u00e9 de celui qui agit qui est vis\u00e9e.<\/div>\n<div dir=\"auto\"><\/div>\n<\/div>\n<div class=\"x11i5rnm xat24cr x1mh8g0r x1vvkbs xtlvy1s x126k92a\">\n<div dir=\"auto\">Que ce soit en Belgique ou en France, on notera l\u2019acharnement judiciaire envers des militant\u00b7es antiracistes pendant que les actes islamophobes ou n\u00e9grophobes, ou les discours supr\u00e9macistes, se d\u00e9ploient librement.<\/div>\n<div dir=\"auto\"><\/div>\n<\/div>\n<div class=\"x11i5rnm xat24cr x1mh8g0r x1vvkbs xtlvy1s x126k92a\">\n<div dir=\"auto\">Cela traduit une volont\u00e9 de maintenir l\u2019ordre racial par la punition des contre-discours des Noirs, Arabes, Musulman\u00b7es.<\/div>\n<div dir=\"auto\"><a href=\"https:\/\/bruxelles-pantheres.be\/wp-content\/uploads\/2025\/05\/3281726471894277875.jpg\"><img decoding=\"async\" class=\"wp-image-6327 size-full alignright\" src=\"https:\/\/bruxelles-pantheres.be\/wp-content\/uploads\/2025\/05\/3281726471894277875.jpg\" alt=\"\" width=\"500\" height=\"261\" srcset=\"https:\/\/bruxelles-pantheres.be\/wp-content\/uploads\/2025\/05\/3281726471894277875.jpg 500w, https:\/\/bruxelles-pantheres.be\/wp-content\/uploads\/2025\/05\/3281726471894277875-300x157.jpg 300w\" sizes=\"(max-width: 500px) 100vw, 500px\" \/><\/a><\/div>\n<\/div>\n<div class=\"x11i5rnm xat24cr x1mh8g0r x1vvkbs xtlvy1s x126k92a\">\n<div dir=\"auto\">Franco Lollia n\u2019a ni vol\u00e9, ni tu\u00e9, ni agress\u00e9. Il a peint une statue.<\/div>\n<div dir=\"auto\">Il a troubl\u00e9 une paix publique \u00e9rig\u00e9e sur l\u2019oubli des crimes coloniaux.<\/div>\n<div dir=\"auto\"><\/div>\n<div dir=\"auto\">Et pour cela, il est condamn\u00e9 par une justice qui prot\u00e8ge les statues plus que les vivants.<\/div>\n<div dir=\"auto\"><\/div>\n<\/div>\n<div class=\"x11i5rnm xat24cr x1mh8g0r x1vvkbs xtlvy1s x126k92a\">\n<div dir=\"auto\">Ce que ce proc\u00e8s juge r\u00e9ellement, c\u2019est l\u2019audace d\u2019un homme noir refusant de se taire face \u00e0 la n\u00e9grophobie d\u2019\u00c9tat.<\/div>\n<div dir=\"auto\">Ce que d\u00e9montre cette affaire, c\u2019est que l\u2019antiracisme acceptable est celui qui ne d\u00e9range pas.<\/div>\n<div dir=\"auto\"><\/div>\n<div dir=\"auto\">Celui qui ne bouscule ni l\u2019ordre symbolique ni les privil\u00e8ges structurels.<\/div>\n<div dir=\"auto\"><\/div>\n<div dir=\"auto\">Mais d\u00e8s qu\u2019un acte politique ose \u00e9branler les fondations de la supr\u00e9matie blanche \u2014 ici incarn\u00e9e dans une statue de Colbert \u2014, l\u2019\u00c9tat r\u00e9agit avec une brutalit\u00e9 qui en dit long sur ce qu\u2019il d\u00e9fend r\u00e9ellement : un ordre racial.<\/div>\n<div dir=\"auto\"><\/div>\n<\/div>\n<div class=\"x11i5rnm xat24cr x1mh8g0r x1vvkbs xtlvy1s x126k92a\">\n<div dir=\"auto\">Alors moi je dis :<\/div>\n<div dir=\"auto\">Merci Franco.<\/div>\n<div dir=\"auto\">Merci d\u2019avoir sali un monument \u00e0 la con.<\/div>\n<div dir=\"auto\">Merci de rappeler que les statues, ce n\u2019est pas de l\u2019histoire : c\u2019est de la propagande.<\/div>\n<div dir=\"auto\">Merci de nous rappeler que nos anc\u00eatres n\u2019\u00e9taient pas des Gaulois, mais des esclaves, des colonis\u00e9s, des expropri\u00e9s. Et qu\u2019on n\u2019a toujours pas dig\u00e9r\u00e9.<\/div>\n<div dir=\"auto\">Franco, tu n\u2019as rien vandalis\u00e9. Tu as d\u00e9colonis\u00e9 le d\u00e9cor.<\/div>\n<\/div>\n<div class=\"x11i5rnm xat24cr x1mh8g0r x1vvkbs xtlvy1s x126k92a\">\n<div dir=\"auto\">Et \u00e0 tous ceux qui disent :<\/div>\n<div dir=\"auto\">\u00ab Ce n\u2019est qu\u2019une statue\u2026 \u00bb<\/div>\n<div dir=\"auto\">Non. Ce n\u2019est pas \u00ab\u00a0qu\u2019une statue\u00a0\u00bb, c\u2019est l\u2019ordre racial fig\u00e9 dans le bronze.<\/div>\n<\/div>\n<div class=\"x11i5rnm xat24cr x1mh8g0r x1vvkbs xtlvy1s x126k92a\">\n<div dir=\"auto\">Solidarit\u00e9 depuis <span class=\"html-span xdj266r x11i5rnm xat24cr x1mh8g0r xexx8yu x4uap5 x18d9i69 xkhd6sd x1hl2dhg x16tdsg8 x1vvkbs\"><a class=\"x1i10hfl xjbqb8w x1ejq31n xd10rxx x1sy0etr x17r0tee x972fbf xcfux6l x1qhh985 xm0m39n x9f619 x1ypdohk xt0psk2 xe8uvvx xdj266r x11i5rnm xat24cr x1mh8g0r xexx8yu x4uap5 x18d9i69 xkhd6sd x16tdsg8 x1hl2dhg xggy1nq x1a2a7pz xkrqix3 x1sur9pj x1fey0fg x1s688f\" tabindex=\"0\" role=\"link\" href=\"https:\/\/www.facebook.com\/bruxellespantheres?__cft__[0]=AZVcyD4lZe_tqM-81PYjGT262h23jLbtmvNPEheLX6uQYncQrjOjHMdLuehgIemoYTAU5m32pZR2iVMI39XBZQN5UrykgAy1Kl11-_C2NSFNjvnr8QcAUNJmsQhRV22gG1ZbTTU1-EDixdNK7jcHpKaptptr0g8t1V2ArydDmr5_Lzzsv-_Zp8UK-kVv8faJVBk&amp;__tn__=-]K-R\"><span class=\"xt0psk2\"><span class=\"xjp7ctv\">Bruxelles Panth\u00e8res<\/span><\/span><\/a><\/span>.<\/div>\n<div dir=\"auto\">\n<p>Avec toi, Franco. Avec la <span class=\"html-span xdj266r x11i5rnm xat24cr x1mh8g0r xexx8yu x4uap5 x18d9i69 xkhd6sd x1hl2dhg x16tdsg8 x1vvkbs\"><a class=\"x1i10hfl xjbqb8w x1ejq31n xd10rxx x1sy0etr x17r0tee x972fbf xcfux6l x1qhh985 xm0m39n x9f619 x1ypdohk xt0psk2 xe8uvvx xdj266r x11i5rnm xat24cr x1mh8g0r xexx8yu x4uap5 x18d9i69 xkhd6sd x16tdsg8 x1hl2dhg xggy1nq x1a2a7pz xkrqix3 x1sur9pj x1fey0fg x1s688f\" tabindex=\"0\" role=\"link\" href=\"https:\/\/www.facebook.com\/BrigadeAntiNegrophobiePageOfficielle?__cft__[0]=AZVcyD4lZe_tqM-81PYjGT262h23jLbtmvNPEheLX6uQYncQrjOjHMdLuehgIemoYTAU5m32pZR2iVMI39XBZQN5UrykgAy1Kl11-_C2NSFNjvnr8QcAUNJmsQhRV22gG1ZbTTU1-EDixdNK7jcHpKaptptr0g8t1V2ArydDmr5_Lzzsv-_Zp8UK-kVv8faJVBk&amp;__tn__=-]K-R\"><span class=\"xt0psk2\">Brigade Anti N\u00e9grophobie<\/span><\/a><\/span>.<\/p>\n<div class=\"gmail_signature\" dir=\"ltr\" data-smartmail=\"gmail_signature\">\n<div dir=\"ltr\">\n<div dir=\"ltr\"><\/div>\n<\/div>\n<\/div>\n<\/div>\n<\/div>\n<div dir=\"auto\">\n<h5><span class=\"gmail_signature_prefix\">&#8212;<\/span><\/h5>\n<div class=\"gmail_signature\" dir=\"ltr\" data-smartmail=\"gmail_signature\">\n<div dir=\"ltr\">\n<div>\n<h5 dir=\"ltr\"><b>Nordine Sa\u00efdi<br \/>\n<a href=\"https:\/\/bruxelles-pantheres.be\/\" target=\"_blank\" rel=\"noopener\">Bruxelles Panth\u00e8res<\/a><\/b><br \/>\n<i>\u00ab\u00a0La libert\u00e9, la justice et l&rsquo;\u00e9galit\u00e9, par tous les moyens n\u00e9cessaires !\u00a0\u00bb<\/i>\u00a0Malcolm X<i><b><\/b><\/i><\/h5>\n<p><a href=\"http:\/\/mcpalestine.canalblog.com\/\" target=\"_blank\" rel=\"noopener\">Mouvement Citoyen Palestine<\/a><\/p>\n<h5 dir=\"ltr\"><i><b><\/b><\/i><br \/>\n<i>\u00ab L&rsquo;\u00e9galit\u00e9 ou rien \u00bb\u00a0<\/i>Edward Said<\/h5>\n<\/div>\n<\/div>\n<\/div>\n<\/div>\n","protected":false},"excerpt":{"rendered":"<p>Franco Lollia condamn\u00e9 en appel. Et pour le dire autrement, un militant antiraciste condamn\u00e9 pour acte antiraciste.<\/p>\n","protected":false},"author":1,"featured_media":6325,"comment_status":"open","ping_status":"open","sticky":false,"template":"","format":"standard","meta":{"footnotes":""},"categories":[539,36,7,18,28],"tags":[615,13],"class_list":["post-6323","post","type-post","status-publish","format-standard","has-post-thumbnail","hentry","category-belgique","category-europe","category-negrophobie","category-resistance-bruxelles","category-racismes","tag-brigade-anti-negrophobie","tag-nordine-saidi"],"_links":{"self":[{"href":"https:\/\/bruxelles-pantheres.be\/index.php?rest_route=\/wp\/v2\/posts\/6323","targetHints":{"allow":["GET"]}}],"collection":[{"href":"https:\/\/bruxelles-pantheres.be\/index.php?rest_route=\/wp\/v2\/posts"}],"about":[{"href":"https:\/\/bruxelles-pantheres.be\/index.php?rest_route=\/wp\/v2\/types\/post"}],"author":[{"embeddable":true,"href":"https:\/\/bruxelles-pantheres.be\/index.php?rest_route=\/wp\/v2\/users\/1"}],"replies":[{"embeddable":true,"href":"https:\/\/bruxelles-pantheres.be\/index.php?rest_route=%2Fwp%2Fv2%2Fcomments&post=6323"}],"version-history":[{"count":3,"href":"https:\/\/bruxelles-pantheres.be\/index.php?rest_route=\/wp\/v2\/posts\/6323\/revisions"}],"predecessor-version":[{"id":6329,"href":"https:\/\/bruxelles-pantheres.be\/index.php?rest_route=\/wp\/v2\/posts\/6323\/revisions\/6329"}],"wp:featuredmedia":[{"embeddable":true,"href":"https:\/\/bruxelles-pantheres.be\/index.php?rest_route=\/wp\/v2\/media\/6325"}],"wp:attachment":[{"href":"https:\/\/bruxelles-pantheres.be\/index.php?rest_route=%2Fwp%2Fv2%2Fmedia&parent=6323"}],"wp:term":[{"taxonomy":"category","embeddable":true,"href":"https:\/\/bruxelles-pantheres.be\/index.php?rest_route=%2Fwp%2Fv2%2Fcategories&post=6323"},{"taxonomy":"post_tag","embeddable":true,"href":"https:\/\/bruxelles-pantheres.be\/index.php?rest_route=%2Fwp%2Fv2%2Ftags&post=6323"}],"curies":[{"name":"wp","href":"https:\/\/api.w.org\/{rel}","templated":true}]}}