{"id":6330,"date":"2025-05-08T17:40:04","date_gmt":"2025-05-08T16:40:04","guid":{"rendered":"https:\/\/bruxelles-pantheres.be\/?p=6330"},"modified":"2025-05-16T17:40:27","modified_gmt":"2025-05-16T16:40:27","slug":"larizona-planche-sur-une-loi-football-pour-chasser-les-mineurs-fauteurs-de-troubles-des-plages-et-des-piscines-communales","status":"publish","type":"post","link":"https:\/\/bruxelles-pantheres.be\/?p=6330","title":{"rendered":"L&rsquo;Arizona planche sur une \u00ab\u00a0loi football\u00a0\u00bb pour chasser les mineurs fauteurs de troubles des plages et des piscines communales"},"content":{"rendered":"<div dir=\"auto\">Bienvenue en <span class=\"html-span xdj266r x11i5rnm xat24cr x1mh8g0r xexx8yu x4uap5 x18d9i69 xkhd6sd x1hl2dhg x16tdsg8 x1vvkbs\">BelgiKKK<\/span>\u00a0, o\u00f9<a href=\"https:\/\/www.dhnet.be\/actu\/belgique\/2025\/05\/08\/larizona-planche-sur-une-loi-football-pour-chasser-les-mineurs-fauteurs-de-troubles-des-plages-et-des-piscines-communales-JBNEQZJMEFGF3DRI3VHS57OU5Q\/?fbclid=IwY2xjawKUSVhleHRuA2FlbQIxMQBicmlkETAwamlnVjJpNWhwUkdrRnUyAR5v0hnr7LOK0HNaqR3Swf0YePyxyY_ZUyDrPzEGsEoyiYFCGX2jdd8wuaALiQ_aem_vAhBiwSRrFxg_6AGNQrNmA\"> les parlementaires planchent s\u00e9rieusement sur une \u00e9ni\u00e8me loi d\u2019exception : la \u00ab loi football \u00bb<\/a>. Une loi qui, sous pr\u00e9texte de maintenir l\u2019ordre, vise \u00e0 expulser pr\u00e9ventivement des \u00ab fauteurs de troubles \u00bb des piscines et des plages communales. Traduction dans la novlangue s\u00e9curitaire : jeunes Noirs et Arabes, issus des quartiers populaires bruxellois, souvent musulmans, toujours suspects. Toujours suspects, car toujours assign\u00e9s \u00e0 la criminalit\u00e9, \u00e0 la sauvagerie, \u00e0 la menace.<\/div>\n<div dir=\"auto\"><\/div>\n<div dir=\"auto\">Toujours suspects, parce que toujours racialis\u00e9s.<\/div>\n<p><!--more--><\/p>\n<div class=\"x11i5rnm xat24cr x1mh8g0r x1vvkbs xtlvy1s x126k92a\">\n<div dir=\"auto\">Il faut croire qu\u2019en Belgique,<\/div>\n<div dir=\"auto\">il est plus facile d\u2019interdire \u00e0 des jeunes Noirs et Arabes d\u2019aller piquer une t\u00eate \u00e0 la mer que d\u2019interdire \u00e0 des n\u00e9onazis de parader, plusieurs fois par an, au c\u0153ur m\u00eame de la capitale, avec symboles haineux, slogans supr\u00e9macistes et bras tendus.<\/div>\n<div dir=\"auto\">Ils marchent. Ils scandent. Ils r\u00eavent d\u2019une Europe blanche, chr\u00e9tienne, viriliste, nettoy\u00e9e de ses Noirs, de ses Arabes, de ses musulmans, de ses Juifs, de ses Rroms, de ses queers, de ses pauvres.<\/div>\n<div dir=\"auto\"><\/div>\n<div dir=\"auto\">Ils sont organis\u00e9s, souvent arm\u00e9s, toujours prot\u00e9g\u00e9s : par un silence m\u00e9diatique complice, par un laxisme policier structurel, par une justice qui regarde ailleurs.<\/div>\n<div dir=\"auto\">Et pourtant, ce ne sont jamais eux qu\u2019on cible avec des lois sp\u00e9ciales. Ce ne sont jamais eux qu\u2019on d\u00e9signe comme danger public.<\/div>\n<\/div>\n<div class=\"x11i5rnm xat24cr x1mh8g0r x1vvkbs xtlvy1s x126k92a\">\n<div dir=\"auto\">Pendant que l&rsquo;on s&rsquo;agite autour d&rsquo;une rixe sur une plage, personne ne s&rsquo;indigne qu&rsquo;\u00e0 Bruxelles, dans une ville o\u00f9 l\u2019on pr\u00e9tend d\u00e9fendre la d\u00e9mocratie europ\u00e9enne, des milices n\u00e9onazies puissent d\u00e9filer en toute impunit\u00e9, encore et encore. Sans interpellation. Sans dissuasion. Sans condamnation.<\/div>\n<div dir=\"auto\"><\/div>\n<\/div>\n<div class=\"x11i5rnm xat24cr x1mh8g0r x1vvkbs xtlvy1s x126k92a\">\n<div dir=\"auto\">Alors posons la question franchement :<\/div>\n<div dir=\"auto\">Qu\u2019est-ce qui menace r\u00e9ellement la s\u00e9curit\u00e9 publique ?<\/div>\n<div dir=\"auto\"><\/div>\n<div dir=\"auto\">Une bande de gamins un peu bruyants sur le sable \u00e0 Blankenberge ou des hommes blancs, supr\u00e9matiste, arm\u00e9s, appelant \u00e0 la purification ethnique au c\u0153ur de la capitale ?<\/div>\n<div dir=\"auto\"><\/div>\n<div dir=\"auto\">En Belgique, on a le talent particulier de voir des probl\u00e8mes uniquement quand ils viennent d\u2019ailleurs \u2014 et d\u2019\u00eatre aveugles quand ils si\u00e8gent au parlement, s&rsquo;appellent Vlaams Belang ou Schild &amp; Vrienden.<\/div>\n<div dir=\"auto\"><\/div>\n<\/div>\n<div class=\"x11i5rnm xat24cr x1mh8g0r x1vvkbs xtlvy1s x126k92a\">\n<div dir=\"auto\">Un \u00c9tat est raciste ou il ne l\u2019est pas.<\/div>\n<div dir=\"auto\"><\/div>\n<div dir=\"auto\">Et la Belgique, aujourd\u2019hui, ne fait plus semblant. Elle organise le racisme, elle le l\u00e9galise, elle le planifie.<\/div>\n<div dir=\"auto\">Elle cible, elle stigmatise, elle trie. Elle choisit ses coupables \u00e0 la carte, selon l\u2019humeur \u00e9lectorale et les buzz m\u00e9diatiques.<\/div>\n<div dir=\"auto\">Un jour les migrants, un autre les musulmans, toujours les jeunes Noirs et Arabes. Jamais les milices blanches.<\/div>\n<div dir=\"auto\">Elle pr\u00e9f\u00e8re interdire la baignade que l\u2019id\u00e9ologie nazie. C\u2019est plus confortable. Et surtout : \u00e7a ne f\u00e2che pas les supr\u00e9matistes.<\/div>\n<\/div>\n<div class=\"x11i5rnm xat24cr x1mh8g0r x1vvkbs xtlvy1s x126k92a\">\n<div dir=\"auto\">Cette \u00ab\u00a0loi football\u00a0\u00bb, c\u2019est une \u00e9ni\u00e8me brique dans le mur du racisme d\u2019\u00c9tat. Comme les lois anti-casseurs. Comme les dispositifs anti-terroristes. Comme les l\u00e9gislations anti-rassemblements.<\/div>\n<div dir=\"auto\"><\/div>\n<div dir=\"auto\">C\u2019est une loi qui dit clairement : \u00ab\u00a0il y a des corps qui n\u2019ont pas leur place ici, m\u00eame \u00e0 la mer, m\u00eame l\u2019\u00e9t\u00e9, m\u00eame dans les loisirs.\u00a0\u00bb<\/div>\n<div dir=\"auto\">C\u2019est une loi qui fait le tri, jusque sur le sable.<\/div>\n<div dir=\"auto\"><\/div>\n<\/div>\n<div class=\"x11i5rnm xat24cr x1mh8g0r x1vvkbs xtlvy1s x126k92a\">\n<div dir=\"auto\">Un \u00c9tat est raciste ou il ne l\u2019est pas.<\/div>\n<div dir=\"auto\"><\/div>\n<div dir=\"auto\">Et la Belgique, aujourd\u2019hui, ne se contente plus de tol\u00e9rer le racisme. Elle l\u2019\u00e9crit dans le droit. Elle l\u2019applique avec z\u00e8le. Elle le diffuse \u00e0 coups de communiqu\u00e9s minist\u00e9riels, de matraques et de r\u00e9cits anxiog\u00e8nes.<\/div>\n<div dir=\"auto\"><\/div>\n<div dir=\"auto\">Elle gouverne les quartiers \u00e0 coups de peur. Elle surveille les piscines comme des zones \u00e0 risque. Elle militarise les plages. Elle racialise l\u2019acc\u00e8s \u00e0 la fra\u00eecheur.<\/div>\n<div dir=\"auto\">Elle g\u00e8re les corps des Noirs, Arabes, Rroms, Migrants, Sans Papiers, Musulmans, comme des menaces \u00e0 neutraliser, m\u00eame quand ils veulent juste nager.<\/div>\n<div dir=\"auto\"><\/div>\n<\/div>\n<div class=\"x11i5rnm xat24cr x1mh8g0r x1vvkbs xtlvy1s x126k92a\">\n<div dir=\"auto\">Voil\u00e0 l\u2019\u00e9tat de l\u2019\u00c9tat. Voil\u00e0 ce qu&rsquo;est le racisme d&rsquo;Etat.<\/div>\n<\/div>\n<div dir=\"auto\"><\/div>\n<div dir=\"auto\">\n<h5><span class=\"gmail_signature_prefix\">&#8212;<\/span><\/h5>\n<div class=\"gmail_signature\" dir=\"ltr\" data-smartmail=\"gmail_signature\">\n<div dir=\"ltr\">\n<div>\n<h5 dir=\"ltr\"><b>Nordine Sa\u00efdi<br \/>\n<a href=\"https:\/\/bruxelles-pantheres.be\/\" target=\"_blank\" rel=\"noopener\">Bruxelles Panth\u00e8res<\/a><\/b><br \/>\n<i>\u00ab\u00a0La libert\u00e9, la justice et l&rsquo;\u00e9galit\u00e9, par tous les moyens n\u00e9cessaires !\u00a0\u00bb<\/i>\u00a0Malcolm X<i><b><\/b><\/i><\/h5>\n<p><a href=\"http:\/\/mcpalestine.canalblog.com\/\" target=\"_blank\" rel=\"noopener\">Mouvement Citoyen Palestine<\/a><\/p>\n<h5 dir=\"ltr\"><i><b><\/b><\/i><br \/>\n<i>\u00ab L&rsquo;\u00e9galit\u00e9 ou rien \u00bb\u00a0<\/i>Edward Said<\/h5>\n<\/div>\n<\/div>\n<\/div>\n<\/div>\n","protected":false},"excerpt":{"rendered":"<p>Bienvenue en BelgiKKK\u00a0, o\u00f9 les parlementaires planchent s\u00e9rieusement sur une \u00e9ni\u00e8me loi d\u2019exception : la \u00ab loi football \u00bb. Une loi qui, sous pr\u00e9texte de maintenir l\u2019ordre, vise \u00e0 expulser pr\u00e9ventivement des \u00ab fauteurs de troubles \u00bb des piscines et des plages communales. Traduction dans la novlangue s\u00e9curitaire : jeunes Noirs et Arabes, issus des &#8230; <a title=\"L&rsquo;Arizona planche sur une \u00ab\u00a0loi football\u00a0\u00bb pour chasser les mineurs fauteurs de troubles des plages et des piscines communales\" class=\"read-more\" href=\"https:\/\/bruxelles-pantheres.be\/?p=6330\" aria-label=\"En savoir plus sur L&rsquo;Arizona planche sur une \u00ab\u00a0loi football\u00a0\u00bb pour chasser les mineurs fauteurs de troubles des plages et des piscines communales\">Lire la suite<\/a><\/p>\n","protected":false},"author":1,"featured_media":6126,"comment_status":"open","ping_status":"open","sticky":false,"template":"","format":"standard","meta":{"footnotes":""},"categories":[539,36,42,4,7,18,28,37,39,5],"tags":[31,13],"class_list":["post-6330","post","type-post","status-publish","format-standard","has-post-thumbnail","hentry","category-belgique","category-europe","category-homophobie","category-islamophobie","category-negrophobie","category-resistance-bruxelles","category-racismes","category-romophobie","category-sans-papier","category-violence-policiere","tag-belgique","tag-nordine-saidi"],"_links":{"self":[{"href":"https:\/\/bruxelles-pantheres.be\/index.php?rest_route=\/wp\/v2\/posts\/6330","targetHints":{"allow":["GET"]}}],"collection":[{"href":"https:\/\/bruxelles-pantheres.be\/index.php?rest_route=\/wp\/v2\/posts"}],"about":[{"href":"https:\/\/bruxelles-pantheres.be\/index.php?rest_route=\/wp\/v2\/types\/post"}],"author":[{"embeddable":true,"href":"https:\/\/bruxelles-pantheres.be\/index.php?rest_route=\/wp\/v2\/users\/1"}],"replies":[{"embeddable":true,"href":"https:\/\/bruxelles-pantheres.be\/index.php?rest_route=%2Fwp%2Fv2%2Fcomments&post=6330"}],"version-history":[{"count":2,"href":"https:\/\/bruxelles-pantheres.be\/index.php?rest_route=\/wp\/v2\/posts\/6330\/revisions"}],"predecessor-version":[{"id":6332,"href":"https:\/\/bruxelles-pantheres.be\/index.php?rest_route=\/wp\/v2\/posts\/6330\/revisions\/6332"}],"wp:featuredmedia":[{"embeddable":true,"href":"https:\/\/bruxelles-pantheres.be\/index.php?rest_route=\/wp\/v2\/media\/6126"}],"wp:attachment":[{"href":"https:\/\/bruxelles-pantheres.be\/index.php?rest_route=%2Fwp%2Fv2%2Fmedia&parent=6330"}],"wp:term":[{"taxonomy":"category","embeddable":true,"href":"https:\/\/bruxelles-pantheres.be\/index.php?rest_route=%2Fwp%2Fv2%2Fcategories&post=6330"},{"taxonomy":"post_tag","embeddable":true,"href":"https:\/\/bruxelles-pantheres.be\/index.php?rest_route=%2Fwp%2Fv2%2Ftags&post=6330"}],"curies":[{"name":"wp","href":"https:\/\/api.w.org\/{rel}","templated":true}]}}