{"id":6333,"date":"2025-05-06T22:41:23","date_gmt":"2025-05-06T21:41:23","guid":{"rendered":"https:\/\/bruxelles-pantheres.be\/?p=6333"},"modified":"2025-05-16T17:57:09","modified_gmt":"2025-05-16T16:57:09","slug":"ils-veulent-quon-soit-gandhi-face-a-des-milices-neonazies","status":"publish","type":"post","link":"https:\/\/bruxelles-pantheres.be\/?p=6333","title":{"rendered":"Ils veulent qu\u2019on soit \u00ab\u00a0Gandhi\u00a0\u00bb face \u00e0 des milices n\u00e9onazies."},"content":{"rendered":"<div class=\"xdj266r x11i5rnm xat24cr x1mh8g0r x1vvkbs x126k92a\">\n<div dir=\"auto\">Ne nous demandez pas de condamner nos enfants quand ils se d\u00e9fendent.<\/div>\n<div dir=\"auto\">Condamnez l\u2019\u00c9tat qui les abandonne.<\/div>\n<div dir=\"auto\">Condamnez la presse qui les trahit.<\/div>\n<div dir=\"auto\">Condamnez la police qui les frappe.<\/div>\n<\/div>\n<div class=\"x11i5rnm xat24cr x1mh8g0r x1vvkbs xtlvy1s x126k92a\">\n<div dir=\"auto\">Nous, on les d\u00e9fendra.<\/div>\n<div dir=\"auto\">Toujours.<\/div>\n<div dir=\"auto\">Quoi qu\u2019il en co\u00fbte.<\/div>\n<\/div>\n<p><!--more--><\/p>\n<div class=\"xdj266r x11i5rnm xat24cr x1mh8g0r x1vvkbs x126k92a\">\n<div dir=\"auto\">Ils veulent qu\u2019on soit \u00ab\u00a0Gandhi\u00a0\u00bb face \u00e0 des milices n\u00e9onazies.<\/div>\n<div dir=\"auto\"><\/div>\n<\/div>\n<div class=\"x11i5rnm xat24cr x1mh8g0r x1vvkbs xtlvy1s x126k92a\">\n<div dir=\"auto\">Depuis quelques heures, une image tourne en boucle : celle d\u2019une s\u0153ur donnant \u00e0 boire \u00e0 un n\u00e9onazi \u00e0 terre. Et nombreux sont ceux qui, dans un r\u00e9flexe pavlovien, la partagent avec une fiert\u00e9 mal plac\u00e9e. Comme s\u2019il nous fallait encore prouver notre \u00ab humanit\u00e9 \u00bb. Comme si, apr\u00e8s une attaque n\u00e9ofasciste en plein quartier populaire, notre honneur collectif devait se jouer dans une sc\u00e8ne de pardon, de bont\u00e9, de tendresse. Comme si cette image pouvait nous absoudre de fautes que nous n\u2019avons jamais commises.<\/div>\n<div dir=\"auto\"><\/div>\n<\/div>\n<div class=\"x11i5rnm xat24cr x1mh8g0r x1vvkbs xtlvy1s x126k92a\">\n<div dir=\"auto\">Mais cette image, aussi belle soit-elle, masque une v\u00e9rit\u00e9 politique. Elle participe \u00e0 l\u2019effacement. Elle invisibilise les jeunes du quartier Maritime qui se sont lev\u00e9s, qui ont r\u00e9sist\u00e9, qui ont pris des coups et en ont rendu. Des jeunes qui n\u2019ont pas attendu que l\u2019\u00c9tat les prot\u00e8ge \u2013 parce que l\u2019\u00c9tat ne prot\u00e8ge ni les Arabes, ni les Noirs, ni les Musulman\u00b7e\u00b7s. Ils ont d\u00e9fendu leur rue, leur famille, leur dignit\u00e9.<\/div>\n<div dir=\"auto\"><\/div>\n<\/div>\n<div class=\"x11i5rnm xat24cr x1mh8g0r x1vvkbs xtlvy1s x126k92a\">\n<div dir=\"auto\">Pendant qu\u2019on encense l\u2019image d\u2019une m\u00e8re bienveillante qui tend de l\u2019eau \u00e0 son agresseur, on oublie que ses enfants \u00e9taient dans la rue, face aux n\u00e9onazis, face aux molosses, face aux meutes. Et qu\u2019ils se sont battus, parce qu\u2019ils n\u2019avaient pas le choix.<\/div>\n<div dir=\"auto\"><\/div>\n<\/div>\n<div class=\"x11i5rnm xat24cr x1mh8g0r x1vvkbs xtlvy1s x126k92a\">\n<div dir=\"auto\">Ce n\u2019est pas d\u2019images apaisantes dont nous avons besoin. C\u2019est de v\u00e9rit\u00e9 politique. Et la v\u00e9rit\u00e9, c\u2019est que ce dimanche, Molenbeek a subi une attaque fasciste en bande organis\u00e9e. Ce n\u2019est pas un fait divers. C\u2019est un fait.<\/div>\n<div dir=\"auto\"><\/div>\n<\/div>\n<div class=\"x11i5rnm xat24cr x1mh8g0r x1vvkbs xtlvy1s x126k92a\">\n<div dir=\"auto\">Ce qui s\u2019est pass\u00e9, c\u2019est une rafle. Pas une m\u00e9taphore. Une vraie. Des groupes de supporters sont venus semer la terreur, ciblant des quartiers \u00e0 majorit\u00e9 musulmane, agressant des commer\u00e7ants, frappant en bande des passants, hurlant leur haine raciale en pleine capitale. C\u2019\u00e9tait une op\u00e9ration de terreur blanche.<\/div>\n<div dir=\"auto\"><\/div>\n<\/div>\n<div class=\"x11i5rnm xat24cr x1mh8g0r x1vvkbs xtlvy1s x126k92a\">\n<div dir=\"auto\">Et pendant que l\u2019\u00c9tat se tait, pendant que les m\u00e9dias floutent et d\u00e9douanent, on ose nous demander de rester polis, de faire le tri entre les \u201cbons\u201d et les \u201cmauvais\u201d jeunes, de calmer les quartiers. On ose m\u00eame parler de \u201csituation complexe\u201d, qu\u2019il faudrait \u201claisser le temps de clarifier\u201d, comme si les images n\u2019existaient pas, comme si les victimes n\u2019\u00e9taient pas d\u00e9j\u00e0 l\u00e0, visibles, reconnaissables.<\/div>\n<div dir=\"auto\"><\/div>\n<\/div>\n<div class=\"x11i5rnm xat24cr x1mh8g0r x1vvkbs xtlvy1s x126k92a\">\n<div dir=\"auto\">Ce que nous avons vu, ce que nous avons v\u00e9cu, c\u2019est un moment colonial. Un moment de haine structurelle contre les enfants d\u2019immigr\u00e9s, contre les jeunes musulmans, contre tout un quartier qui ose encore relever la t\u00eate.<\/div>\n<div dir=\"auto\"><\/div>\n<\/div>\n<div class=\"x11i5rnm xat24cr x1mh8g0r x1vvkbs xtlvy1s x126k92a\">\n<div dir=\"auto\">Et pendant qu\u2019on applaudissait la s\u0153ur qui donnait \u00e0 boire, ses enfants, eux, \u00e9taient sur la ligne de front. Et personne ne leur a tendu une bouteille.<\/div>\n<div dir=\"auto\"><\/div>\n<\/div>\n<div class=\"x11i5rnm xat24cr x1mh8g0r x1vvkbs xtlvy1s x126k92a\">\n<div dir=\"auto\">Un autre r\u00e9flexe pavlovien \u2014 voire suicidaire \u2014 consiste \u00e0 crier en ch\u0153ur : \u00ab C\u2019est la faute \u00e0 la police qui n\u2019est pas intervenue ! \u00bb Erreur. Car ne pas intervenir, de la part de la police, n\u2019est pas un geste neutre. Ils sont bel et bien intervenus\u2026 mais pour faire ce qu\u2019ils savent faire de mieux : harceler, traquer, et poursuivre les jeunes du quartier.<\/div>\n<div dir=\"auto\"><\/div>\n<\/div>\n<div class=\"x11i5rnm xat24cr x1mh8g0r x1vvkbs xtlvy1s x126k92a\">\n<div dir=\"auto\">La vraie question \u00e0 poser, c\u2019est : de combien de policiers \u00e9tait compos\u00e9 le groupe de n\u00e9onazis ?<\/div>\n<div dir=\"auto\"><\/div>\n<\/div>\n<div class=\"x11i5rnm xat24cr x1mh8g0r x1vvkbs xtlvy1s x126k92a\">\n<div dir=\"auto\">Voir dans la police l\u2019outil de r\u00e9solution de ce chaos, ou esp\u00e9rer qu\u2019elle emp\u00eache ce type d\u2019agression, revient \u00e0 attendre d\u2019un pyromane qu\u2019il \u00e9teigne l\u2019incendie \u2014 alors qu\u2019il tient une bouteille d\u2019essence \u00e0 la main.<\/div>\n<div dir=\"auto\"><\/div>\n<\/div>\n<div class=\"x11i5rnm xat24cr x1mh8g0r x1vvkbs xtlvy1s x126k92a\">\n<div dir=\"auto\">Et puisque je parle de \u00ab\u00a0Gandhi\u00a0\u00bb \u2014 ce Gandhi n\u00e9grophobe, mais soit \u2014 rappelons au moins ce qu\u2019il disait lui-m\u00eame sur la non-violence :<\/div>\n<div dir=\"auto\"><\/div>\n<\/div>\n<div class=\"x11i5rnm xat24cr x1mh8g0r x1vvkbs xtlvy1s x126k92a\">\n<div dir=\"auto\">\u00ab Je crois vraiment que l\u00e0 o\u00f9 il n\u2019y a que le choix entre la l\u00e2chet\u00e9 et la violence, je conseillerais la violence. (&#8230;) C\u2019est pourquoi je pr\u00e9conise \u00e0 ceux qui croient \u00e0 la m\u00e9thode de la violence d\u2019apprendre le maniement des armes. Je pr\u00e9f\u00e9rerais que l\u2019Inde e\u00fbt recours aux armes pour d\u00e9fendre son honneur plut\u00f4t que de la voir, par l\u00e2chet\u00e9, devenir ou rester l\u2019impuissant t\u00e9moin de son propre d\u00e9shonneur. \u00bb<\/div>\n<div dir=\"auto\"><\/div>\n<\/div>\n<div class=\"x11i5rnm xat24cr x1mh8g0r x1vvkbs xtlvy1s x126k92a\">\n<div dir=\"auto\">Nous sommes les enfants de Molenbeek. Dignes. Insoumis. En col\u00e8re. Vivants.<\/div>\n<\/div>\n<div dir=\"auto\">\n<h5><span class=\"gmail_signature_prefix\">&#8212;<\/span><\/h5>\n<div class=\"gmail_signature\" dir=\"ltr\" data-smartmail=\"gmail_signature\">\n<div dir=\"ltr\">\n<div>\n<h5 dir=\"ltr\"><b>Nordine Sa\u00efdi<br \/>\n<a href=\"https:\/\/bruxelles-pantheres.be\/\" target=\"_blank\" rel=\"noopener\">Bruxelles Panth\u00e8res<\/a><\/b><br \/>\n<i>\u00ab\u00a0La libert\u00e9, la justice et l&rsquo;\u00e9galit\u00e9, par tous les moyens n\u00e9cessaires !\u00a0\u00bb<\/i>\u00a0Malcolm X<i><b><\/b><\/i><\/h5>\n<p><a href=\"http:\/\/mcpalestine.canalblog.com\/\" target=\"_blank\" rel=\"noopener\">Mouvement Citoyen Palestine<\/a><\/p>\n<h5 dir=\"ltr\"><i><b><\/b><\/i><br \/>\n<i>\u00ab L&rsquo;\u00e9galit\u00e9 ou rien \u00bb\u00a0<\/i>Edward Said<\/h5>\n<h4 class=\"ap-Title ap-StoryTitle--text\" style=\"text-align: center;\"><a href=\"https:\/\/www.dhnet.be\/actu\/belgique\/2025\/05\/05\/coupe-de-belgique-63-personnes-interpellees-apres-les-affrontements-a-bruxelles-KEH4LLPE3ZC3NEA2DWTIFPCPTE\/?fbclid=IwY2xjawKUSvRleHRuA2FlbQIxMQBicmlkETAwamlnVjJpNWhwUkdrRnUyAR5DgGajrEZe0mk15zq4KZWvNJjSlM7ISj9ScoUua1y9AOg7kvrjwubf_sY1lg_aem_3_nSMG6lx7_hHVkFlAV9wg\">Coupe de Belgique\u00a0: 63 personnes interpell\u00e9es apr\u00e8s les affrontements \u00e0 Bruxelles<\/a><\/h4>\n<div class=\"xdj266r x11i5rnm xat24cr x1mh8g0r x1vvkbs x126k92a\">\n<div dir=\"auto\">Je pars de suppositions. Mais elles sont b\u00e2ties sur des d\u00e9cennies de r\u00e9alit\u00e9.<\/div>\n<div dir=\"auto\"><\/div>\n<\/div>\n<div class=\"x11i5rnm xat24cr x1mh8g0r x1vvkbs xtlvy1s x126k92a\">\n<div dir=\"auto\">Je n\u2019ai pas acc\u00e8s \u00e0 la liste des 63 personnes interpell\u00e9es par la police bruxelloise ce dimanche 5 mai, \u00e0 la suite des affrontements survenus en marge de la finale de la Coupe de Belgique. Je n\u2019ai pas de lien direct pour avoir une information correct. Mais j\u2019assume de supposer qu\u2019une majorit\u00e9 de ces interpell\u00e9s sont des jeunes, Noirs ou Arabes, habitant Bruxelles \u2014 peut-\u00eatre Molenbeek. Je le suppose parce que c\u2019est le sch\u00e9ma habituel. Parce que l\u2019histoire de la gestion polici\u00e8re nous a appris une chose : ce sont toujours les m\u00eames qui paient l\u2019addition \u2014 les Noirs et les Arabes.<\/div>\n<div dir=\"auto\"><\/div>\n<\/div>\n<div class=\"x11i5rnm xat24cr x1mh8g0r x1vvkbs xtlvy1s x126k92a\">\n<div dir=\"auto\">Molenbeek, 5 mai 2025 : 63 interpellations. Z\u00e9ro nazi arr\u00eat\u00e9 ?<\/div>\n<div dir=\"auto\"><\/div>\n<\/div>\n<div class=\"x11i5rnm xat24cr x1mh8g0r x1vvkbs xtlvy1s x126k92a\">\n<div dir=\"auto\">La presse belge, fid\u00e8le \u00e0 ses r\u00e9flexes les plus ancr\u00e9s, titre : \u00ab 63 personnes interpell\u00e9es apr\u00e8s les violences \u00e0 Bruxelles \u00bb. Aucune mention des causes. Aucune contextualisation. Aucun mot sur le caract\u00e8re n\u00e9onazi de l\u2019agression initiale. Rien sur la terreur blanche m\u00e9thodiquement organis\u00e9e dans les rues de la capitale.<\/div>\n<div dir=\"auto\"><\/div>\n<\/div>\n<div class=\"x11i5rnm xat24cr x1mh8g0r x1vvkbs xtlvy1s x126k92a\">\n<div dir=\"auto\">Comme trop souvent, la fausse neutralit\u00e9 m\u00e9diatique agit comme \u00e9cran de fum\u00e9e id\u00e9ologique : on parle de \u00ab violences \u00bb, sans jamais qualifier l\u2019attaque raciste d\u2019un quartier populaire. On invisibilise les agressions fascistes, et on exhibe les r\u00e9actions de d\u00e9fense comme si elles \u00e9taient le mal initial.<\/div>\n<div dir=\"auto\"><\/div>\n<\/div>\n<div class=\"x11i5rnm xat24cr x1mh8g0r x1vvkbs xtlvy1s x126k92a\">\n<div dir=\"auto\">Mais nous refusons ce flou strat\u00e9gique. Nous affirmons une chose claire et nette : ce dimanche, des jeunes bruxellois \u2014 Arabes, Noirs, musulmans \u2014 ont fait face \u00e0 une meute raciste. Ils ont fait ce que l\u2019\u00c9tat ne fera jamais pour eux : ils ont prot\u00e9g\u00e9 leur quartier, leurs proches, leur dignit\u00e9. Et pour cela, ce sont eux qu\u2019on interpelle. Pas les agresseurs.<\/div>\n<div dir=\"auto\"><\/div>\n<\/div>\n<div class=\"x11i5rnm xat24cr x1mh8g0r x1vvkbs xtlvy1s x126k92a\">\n<div dir=\"auto\">Alors que la police se f\u00e9licite des 63 arrestations, nous posons les seules questions politiques valables :<\/div>\n<div dir=\"auto\"><\/div>\n<\/div>\n<div class=\"x11i5rnm xat24cr x1mh8g0r x1vvkbs xtlvy1s x126k92a\">\n<div dir=\"auto\">Qui sont les 63 personnes interpell\u00e9es ?<\/div>\n<div dir=\"auto\"><\/div>\n<\/div>\n<div class=\"x11i5rnm xat24cr x1mh8g0r x1vvkbs xtlvy1s x126k92a\">\n<div dir=\"auto\">Combien sont des jeunes Noirs ou Arabes de Molenbeek ou d\u2019autres communes populaires bruxelloises ?<\/div>\n<div dir=\"auto\"><\/div>\n<\/div>\n<div class=\"x11i5rnm xat24cr x1mh8g0r x1vvkbs xtlvy1s x126k92a\">\n<div dir=\"auto\">Combien de n\u00e9onazis ont \u00e9t\u00e9 arr\u00eat\u00e9s ? Pourquoi aucun ne l\u2019a \u00e9t\u00e9 ?<\/div>\n<div dir=\"auto\"><\/div>\n<\/div>\n<div class=\"x11i5rnm xat24cr x1mh8g0r x1vvkbs xtlvy1s x126k92a\">\n<div dir=\"auto\">Pourquoi la m\u00eame police qui harc\u00e8le des manifestant\u00b7e\u00b7s pro-palestiniens pacifiques dans le centre-ville n\u2019a-t-elle pas stopp\u00e9 une bande d\u2019extr\u00eame droite venue semer la terreur ?<\/div>\n<div dir=\"auto\"><\/div>\n<\/div>\n<div class=\"x11i5rnm xat24cr x1mh8g0r x1vvkbs xtlvy1s x126k92a\">\n<div dir=\"auto\">A-t-on proc\u00e9d\u00e9 \u00e0 des arrestations hors de Bruxelles, \u00e0 la sortie du train ou sur les lieux d\u2019embarquement ? Si non, pourquoi ?<\/div>\n<div dir=\"auto\"><\/div>\n<\/div>\n<div class=\"x11i5rnm xat24cr x1mh8g0r x1vvkbs xtlvy1s x126k92a\">\n<div dir=\"auto\">\u00c0 celles et ceux qui, ces derni\u00e8res heures, se disent \u00ab indign\u00e9s \u00bb, qui \u00e9crivent leur solidarit\u00e9 avec les jeunes de Molenbeek sur les r\u00e9seaux sociaux : le moment est venu de faire plus que des stories.<\/div>\n<div dir=\"auto\"><\/div>\n<\/div>\n<div class=\"x11i5rnm xat24cr x1mh8g0r x1vvkbs xtlvy1s x126k92a\">\n<div dir=\"auto\">Il faut maintenant agir politiquement et exiger publiquement :<\/div>\n<\/div>\n<div class=\"x11i5rnm xat24cr x1mh8g0r x1vvkbs xtlvy1s x126k92a\">\n<div dir=\"auto\">L\u2019acquittement pur et simple de tous les jeunes interpell\u00e9s pour avoir d\u00e9fendu leur quartier.<\/div>\n<\/div>\n<div class=\"x11i5rnm xat24cr x1mh8g0r x1vvkbs xtlvy1s x126k92a\">\n<div dir=\"auto\">La reconnaissance pleine et enti\u00e8re du droit \u00e0 l\u2019autod\u00e9fense face \u00e0 une agression fasciste.<\/div>\n<\/div>\n<div class=\"x11i5rnm xat24cr x1mh8g0r x1vvkbs xtlvy1s x126k92a\">\n<div dir=\"auto\">La transparence totale sur les interpellations : leur base, leur d\u00e9roulement, leur profilage racial.<\/div>\n<\/div>\n<div class=\"x11i5rnm xat24cr x1mh8g0r x1vvkbs xtlvy1s x126k92a\">\n<div dir=\"auto\">L\u2019arrestation des v\u00e9ritables fauteurs de violence : les milices n\u00e9onazies.<\/div>\n<div dir=\"auto\"><\/div>\n<\/div>\n<div class=\"x11i5rnm xat24cr x1mh8g0r x1vvkbs xtlvy1s x126k92a\">\n<div dir=\"auto\">On peut me reprocher de parler \u00e0 partir de suppositions. Peut-\u00eatre. Mais dans un \u00c9tat o\u00f9 les corps racialis\u00e9s sont syst\u00e9matiquement criminalis\u00e9s, supposer devient parfois la seule mani\u00e8re de refuser le r\u00e9cit impos\u00e9.<\/div>\n<div dir=\"auto\"><\/div>\n<\/div>\n<div class=\"x11i5rnm xat24cr x1mh8g0r x1vvkbs xtlvy1s x126k92a\">\n<div dir=\"auto\">Et ici, il ne s\u2019agit pas d\u2019imaginer un sc\u00e9nario. Il s\u2019agit de reconna\u00eetre une r\u00e9p\u00e9tition historique. On ne lit pas un fait divers, on relit une archive coloniale : encore une fois, les enfants des quartiers populaires sont punis pour ne pas avoir tendu l\u2019autre joue.<\/div>\n<div dir=\"auto\"><\/div>\n<\/div>\n<div class=\"x11i5rnm xat24cr x1mh8g0r x1vvkbs xtlvy1s x126k92a\">\n<div dir=\"auto\">La perche est tendue. Aux \u00e9lu\u00b7e\u00b7s, aux figures politiques, aux organisations progressistes : prouvez que vous \u00eates plus que des statuts Facebook. <span class=\"html-span xdj266r x11i5rnm xat24cr x1mh8g0r xexx8yu x4uap5 x18d9i69 xkhd6sd x1hl2dhg x16tdsg8 x1vvkbs\"><a class=\"x1i10hfl xjbqb8w x1ejq31n xd10rxx x1sy0etr x17r0tee x972fbf xcfux6l x1qhh985 xm0m39n x9f619 x1ypdohk xt0psk2 xe8uvvx xdj266r x11i5rnm xat24cr x1mh8g0r xexx8yu x4uap5 x18d9i69 xkhd6sd x16tdsg8 x1hl2dhg xggy1nq x1a2a7pz xkrqix3 x1sur9pj x1fey0fg x1s688f\" tabindex=\"0\" role=\"link\" href=\"https:\/\/www.facebook.com\/jikazban?__cft__[0]=AZVSCbNJAMFdw-xUFXmR4b8YxCzNImC33acl6bQ_nr6RvEjdNFLe_-zqVlp7Lbxa3hKkz3qDF6aqE0hemg11OlUnGsPkuevUt1D3eq9IAF0hzV39Wm9qhd6D8AfFvPd1HqaC3Dk0R5_Sr0D78xJ8NpB4dp9uKBn47C8anfybB7tGfA&amp;__tn__=-]K-R\"><span class=\"xt0psk2\"><span class=\"xjp7ctv\">Jamal Ikazban<\/span><\/span><\/a><\/span> <span class=\"html-span xdj266r x11i5rnm xat24cr x1mh8g0r xexx8yu x4uap5 x18d9i69 xkhd6sd x1hl2dhg x16tdsg8 x1vvkbs\"><a class=\"x1i10hfl xjbqb8w x1ejq31n xd10rxx x1sy0etr x17r0tee x972fbf xcfux6l x1qhh985 xm0m39n x9f619 x1ypdohk xt0psk2 xe8uvvx xdj266r x11i5rnm xat24cr x1mh8g0r xexx8yu x4uap5 x18d9i69 xkhd6sd x16tdsg8 x1hl2dhg xggy1nq x1a2a7pz xkrqix3 x1sur9pj x1fey0fg x1s688f\" tabindex=\"0\" role=\"link\" href=\"https:\/\/www.facebook.com\/ahmed.elkhannouss?__cft__[0]=AZVSCbNJAMFdw-xUFXmR4b8YxCzNImC33acl6bQ_nr6RvEjdNFLe_-zqVlp7Lbxa3hKkz3qDF6aqE0hemg11OlUnGsPkuevUt1D3eq9IAF0hzV39Wm9qhd6D8AfFvPd1HqaC3Dk0R5_Sr0D78xJ8NpB4dp9uKBn47C8anfybB7tGfA&amp;__tn__=-]K-R\"><span class=\"xt0psk2\"><span class=\"xjp7ctv\">Ahmed El Khannouss<\/span><\/span><\/a><\/span> <span class=\"html-span xdj266r x11i5rnm xat24cr x1mh8g0r xexx8yu x4uap5 x18d9i69 xkhd6sd x1hl2dhg x16tdsg8 x1vvkbs\"><a class=\"x1i10hfl xjbqb8w x1ejq31n xd10rxx x1sy0etr x17r0tee x972fbf xcfux6l x1qhh985 xm0m39n x9f619 x1ypdohk xt0psk2 xe8uvvx xdj266r x11i5rnm xat24cr x1mh8g0r xexx8yu x4uap5 x18d9i69 xkhd6sd x16tdsg8 x1hl2dhg xggy1nq x1a2a7pz xkrqix3 x1sur9pj x1fey0fg x1s688f\" tabindex=\"0\" role=\"link\" href=\"https:\/\/www.facebook.com\/dirkdeblock?__cft__[0]=AZVSCbNJAMFdw-xUFXmR4b8YxCzNImC33acl6bQ_nr6RvEjdNFLe_-zqVlp7Lbxa3hKkz3qDF6aqE0hemg11OlUnGsPkuevUt1D3eq9IAF0hzV39Wm9qhd6D8AfFvPd1HqaC3Dk0R5_Sr0D78xJ8NpB4dp9uKBn47C8anfybB7tGfA&amp;__tn__=-]K-R\"><span class=\"xt0psk2\"><span class=\"xjp7ctv\">Dirk De Block<\/span><\/span><\/a><\/span> <span class=\"html-span xdj266r x11i5rnm xat24cr x1mh8g0r xexx8yu x4uap5 x18d9i69 xkhd6sd x1hl2dhg x16tdsg8 x1vvkbs\"><a class=\"x1i10hfl xjbqb8w x1ejq31n xd10rxx x1sy0etr x17r0tee x972fbf xcfux6l x1qhh985 xm0m39n x9f619 x1ypdohk xt0psk2 xe8uvvx xdj266r x11i5rnm xat24cr x1mh8g0r xexx8yu x4uap5 x18d9i69 xkhd6sd x16tdsg8 x1hl2dhg xggy1nq x1a2a7pz xkrqix3 x1sur9pj x1fey0fg x1s688f\" tabindex=\"0\" role=\"link\" href=\"https:\/\/www.facebook.com\/fouad.ahidar?__cft__[0]=AZVSCbNJAMFdw-xUFXmR4b8YxCzNImC33acl6bQ_nr6RvEjdNFLe_-zqVlp7Lbxa3hKkz3qDF6aqE0hemg11OlUnGsPkuevUt1D3eq9IAF0hzV39Wm9qhd6D8AfFvPd1HqaC3Dk0R5_Sr0D78xJ8NpB4dp9uKBn47C8anfybB7tGfA&amp;__tn__=-]K-R\"><span class=\"xt0psk2\"><span class=\"xjp7ctv\">Fouad Ahidar<\/span><\/span><\/a><\/span> <span class=\"html-span xdj266r x11i5rnm xat24cr x1mh8g0r xexx8yu x4uap5 x18d9i69 xkhd6sd x1hl2dhg x16tdsg8 x1vvkbs\"><a class=\"x1i10hfl xjbqb8w x1ejq31n xd10rxx x1sy0etr x17r0tee x972fbf xcfux6l x1qhh985 xm0m39n x9f619 x1ypdohk xt0psk2 xe8uvvx xdj266r x11i5rnm xat24cr x1mh8g0r xexx8yu x4uap5 x18d9i69 xkhd6sd x16tdsg8 x1hl2dhg xggy1nq x1a2a7pz xkrqix3 x1sur9pj x1fey0fg x1s688f\" tabindex=\"0\" role=\"link\" href=\"https:\/\/www.facebook.com\/zoubida.jellab?__cft__[0]=AZVSCbNJAMFdw-xUFXmR4b8YxCzNImC33acl6bQ_nr6RvEjdNFLe_-zqVlp7Lbxa3hKkz3qDF6aqE0hemg11OlUnGsPkuevUt1D3eq9IAF0hzV39Wm9qhd6D8AfFvPd1HqaC3Dk0R5_Sr0D78xJ8NpB4dp9uKBn47C8anfybB7tGfA&amp;__tn__=-]K-R\"><span class=\"xt0psk2\"><span class=\"xjp7ctv\">Zoubida Jellab<\/span><\/span><\/a><\/span> <span class=\"html-span xdj266r x11i5rnm xat24cr x1mh8g0r xexx8yu x4uap5 x18d9i69 xkhd6sd x1hl2dhg x16tdsg8 x1vvkbs\"><a class=\"x1i10hfl xjbqb8w x1ejq31n xd10rxx x1sy0etr x17r0tee x972fbf xcfux6l x1qhh985 xm0m39n x9f619 x1ypdohk xt0psk2 xe8uvvx xdj266r x11i5rnm xat24cr x1mh8g0r xexx8yu x4uap5 x18d9i69 xkhd6sd x16tdsg8 x1hl2dhg xggy1nq x1a2a7pz xkrqix3 x1sur9pj x1fey0fg x1s688f\" tabindex=\"0\" role=\"link\" href=\"https:\/\/www.facebook.com\/laaouejahmed?__cft__[0]=AZVSCbNJAMFdw-xUFXmR4b8YxCzNImC33acl6bQ_nr6RvEjdNFLe_-zqVlp7Lbxa3hKkz3qDF6aqE0hemg11OlUnGsPkuevUt1D3eq9IAF0hzV39Wm9qhd6D8AfFvPd1HqaC3Dk0R5_Sr0D78xJ8NpB4dp9uKBn47C8anfybB7tGfA&amp;__tn__=-]K-R\"><span class=\"xt0psk2\"><span class=\"xjp7ctv\">Ahmed Laaouej<\/span><\/span><\/a><\/span> Montrez que votre indignation est politique, pas opportuniste. Que vous \u00eates pr\u00eat\u00b7e\u00b7s \u00e0 affronter, non seulement les fascistes dans la rue, mais l\u2019\u00c9tat qui les tol\u00e8re, les couvre, et les accompagne.<\/div>\n<div dir=\"auto\"><\/div>\n<\/div>\n<div class=\"x11i5rnm xat24cr x1mh8g0r x1vvkbs xtlvy1s x126k92a\">\n<div dir=\"auto\">Parce que si les jeunes de Molenbeek ont \u00e9t\u00e9 interpell\u00e9s, c\u2019est pr\u00e9cis\u00e9ment parce qu\u2019ils ont refus\u00e9 l\u2019humiliation. Et ce refus, c\u2019est notre honneur \u00e0 toutes et \u00e0 tous.<\/div>\n<\/div>\n<\/div>\n<\/div>\n<\/div>\n<\/div>\n<div dir=\"auto\"><span class=\"gmail_signature_prefix\">&#8212;<\/span><\/div>\n<div dir=\"auto\">\n<p><b style=\"font-size: 16px;\">Nordine Sa\u00efdi<\/b><\/p>\n<div class=\"gmail_signature\" dir=\"ltr\" data-smartmail=\"gmail_signature\">\n<div dir=\"ltr\">\n<div>\n<h5 dir=\"ltr\"><b><a href=\"https:\/\/bruxelles-pantheres.be\/\" target=\"_blank\" rel=\"noopener\">Bruxelles Panth\u00e8res<\/a><\/b><br \/>\n<i>\u00ab\u00a0La libert\u00e9, la justice et l&rsquo;\u00e9galit\u00e9, par tous les moyens n\u00e9cessaires !\u00a0\u00bb<\/i>\u00a0Malcolm X<i><b><\/b><\/i><\/h5>\n<p><a href=\"http:\/\/mcpalestine.canalblog.com\/\" target=\"_blank\" rel=\"noopener\">Mouvement Citoyen Palestine<\/a><\/p>\n<h5 dir=\"ltr\"><i><b><\/b><\/i><br \/>\n<i>\u00ab L&rsquo;\u00e9galit\u00e9 ou rien \u00bb\u00a0<\/i>Edward Said<\/h5>\n<blockquote><p>Les jeunes n\u2019ont pas \u201cr\u00e9agi\u201d, ils ont r\u00e9sist\u00e9 \u00e0 une offensive raciste l\u00e9gitim\u00e9e par l\u2019\u00c9tat.<\/p>\n<p>Molenbeek s\u2019est d\u00e9fendue \u2014 parce que personne ne le fera \u00e0 sa place.<\/p><\/blockquote>\n<div class=\"xdj266r x11i5rnm xat24cr x1mh8g0r x1vvkbs x126k92a\">\n<div dir=\"auto\">\n<h4 class=\"ap-Title ap-StoryTitle--text\" style=\"text-align: center;\"><a href=\"https:\/\/www.dhnet.be\/regions\/bruxelles\/2025\/05\/04\/des-images-terrifiantes-a-bruxelles-un-supporter-de-bruges-tabasse-par-un-groupe-de-jeunes-video-BZHXW44PENDQBP5I2ICRACAUII\/\">Images terrifiantes \u00e0 Bruxelles : apr\u00e8s la violente descente d&rsquo;hooligans brugeois \u00e0 Molenbeek<\/a><\/h4>\n<\/div>\n<div dir=\"auto\">Il est peut-\u00eatre encore \u00ab trop t\u00f4t \u00bb pour certains politiciens ou analystes pour se prononcer. Il est peut-\u00eatre encore, selon eux, n\u00e9cessaire d\u2019\u00ab attendre les r\u00e9sultats de l\u2019enqu\u00eate \u00bb. Mais pour celles et ceux qui vivent \u00e0 Bruxelles, \u00e0 Molenbeek, pour les habitants du quartier Maritime, pour les commer\u00e7ants, pour la jeunesse marocaine, pour les musulman\u00b7e\u00b7s vis\u00e9\u00b7e\u00b7s, ce qui s\u2019est pass\u00e9 ce dimanche 4 mai 2025 est clair. Il ne s\u2019agit pas d\u2019un simple \u00ab d\u00e9bordement de supporters \u00bb ou de \u00ab tensions post-match \u00bb. Ce que nous avons vu, ce sont des rafles racistes men\u00e9es par des groupes organis\u00e9s de n\u00e9onazis, en plein c\u0153ur de Bruxelles, \u00e0 Molenbeek.<\/div>\n<div dir=\"auto\"><\/div>\n<\/div>\n<div class=\"x11i5rnm xat24cr x1mh8g0r x1vvkbs xtlvy1s x126k92a\">\n<div dir=\"auto\">Pas besoin d\u2019attendre 24 heures pour nommer l\u2019\u00e9vidence : c\u2019\u00e9tait une exp\u00e9dition punitive. Une op\u00e9ration cibl\u00e9e, planifi\u00e9e, contre une population per\u00e7ue comme ennemie, \u00e9trang\u00e8re, ind\u00e9sirable.<\/div>\n<div dir=\"auto\"><\/div>\n<\/div>\n<div class=\"x11i5rnm xat24cr x1mh8g0r x1vvkbs xtlvy1s x126k92a\">\n<div dir=\"auto\">Ce qu\u2019on appelle aujourd\u2019hui des \u00ab supporters du FC Bruges \u00bb ont parcouru les rues de Molenbeek sans encadrement policier, sans dispositif de pr\u00e9vention, sans le moindre contr\u00f4le. Comment se fait-il qu\u2019un groupe si massivement mobilis\u00e9 ait pu entrer dans une commune \u00e0 majorit\u00e9 musulmane, racialement stigmatis\u00e9e, d\u00e9j\u00e0 sous surveillance constante, sans le moindre encadrement ? La r\u00e9ponse est politique. Ce n\u2019est pas un oubli. Ce n\u2019est pas une d\u00e9faillance. C\u2019est une complicit\u00e9 structurelle.<\/div>\n<div dir=\"auto\"><\/div>\n<\/div>\n<div class=\"x11i5rnm xat24cr x1mh8g0r x1vvkbs xtlvy1s x126k92a\">\n<div dir=\"auto\">Ces derni\u00e8res ann\u00e9es, Molenbeek a \u00e9t\u00e9 criminalis\u00e9e, essentialis\u00e9e, caricatur\u00e9e comme un foyer du mal. Depuis les attentats de Paris et Bruxelles, les discours s\u00e9curitaires ont construit ce quartier comme un \u00ab territoire \u00e0 reconqu\u00e9rir \u00bb. Et dans ce contexte, permettre \u00e0 des hooligans identitaires et supr\u00e9macistes blancs de s&rsquo;y d\u00e9cha\u00eener sans contr\u00f4le, ce n\u2019est pas une anomalie : c\u2019est une continuation. Une logique coloniale d\u2019exp\u00e9dition punitive men\u00e9e par procuration.<\/div>\n<div dir=\"auto\"><\/div>\n<\/div>\n<div class=\"x11i5rnm xat24cr x1mh8g0r x1vvkbs xtlvy1s x126k92a\">\n<div dir=\"auto\">Des commer\u00e7ants ont \u00e9t\u00e9 violemment agress\u00e9s. Du mobilier urbain a \u00e9t\u00e9 d\u00e9truit. Des passants isol\u00e9s ont \u00e9t\u00e9 attaqu\u00e9s. Les t\u00e9moignages sont accablants et convergents : les n\u00e9onazis cherchaient \u00e0 provoquer, agresser, humilier. Et tout cela s\u2019est fait dans un climat d\u2019impunit\u00e9, sous le regard d\u2019un \u00c9tat qui ferme les yeux, voire, ouvre la voie.<\/div>\n<div dir=\"auto\"><\/div>\n<\/div>\n<div class=\"x11i5rnm xat24cr x1mh8g0r x1vvkbs xtlvy1s x126k92a\">\n<div dir=\"auto\">Les m\u00e9dias et la fabrication de l\u2019ennemi.<\/div>\n<div dir=\"auto\"><\/div>\n<div dir=\"auto\">Il faut s\u2019attendre dans les heures qui viennent \u00e0 une offensive m\u00e9diatique invers\u00e9e : ce ne sont pas les n\u00e9onazis qui seront mis au centre du r\u00e9cit, mais les jeunes marocains qui auront os\u00e9 riposter, se d\u00e9fendre, r\u00e9sister. On parlera de \u00ab vengeance \u00bb, de \u00ab violences communautaires \u00bb, de \u00ab chaos urbain \u00bb. On pointera la jeunesse marocaine de Molenbeek comme l\u2019origine du d\u00e9sordre.<\/div>\n<\/div>\n<div class=\"x11i5rnm xat24cr x1mh8g0r x1vvkbs xtlvy1s x126k92a\">\n<div dir=\"auto\">Ce r\u00e9cit-l\u00e0 est d\u00e9j\u00e0 pr\u00eat. Il a d\u00e9j\u00e0 servi.<\/div>\n<div dir=\"auto\"><\/div>\n<\/div>\n<div class=\"x11i5rnm xat24cr x1mh8g0r x1vvkbs xtlvy1s x126k92a\">\n<div dir=\"auto\">Comme lors des affrontements entre jeunes marocains et hooligans isra\u00e9liens pendant Ajax \u2013 Maccabi, ou comme lors des r\u00e9voltes urbaines qui ont suivi des violences polici\u00e8res, le projecteur sera braqu\u00e9 non pas sur les agresseurs, mais sur la r\u00e9sistance populaire. Les cha\u00eenes d\u2019info recycleront les images de jeunes en capuches, en les extrayant de leur contexte. Les politicien\u00b7ne\u00b7s de droite \u2013 et d\u2019extr\u00eame-droite \u2013 d\u00e9nonceront \u00ab l\u2019\u00e9chec de l\u2019int\u00e9gration \u00bb, \u00ab la culture de l\u2019excuse \u00bb, \u00ab les zones de non-droit \u00bb. Et la boucle sera boucl\u00e9e.<\/div>\n<div dir=\"auto\"><\/div>\n<\/div>\n<div class=\"x11i5rnm xat24cr x1mh8g0r x1vvkbs xtlvy1s x126k92a\">\n<div dir=\"auto\">Une r\u00e9p\u00e9tition du silence d\u2019\u00c9tat : apr\u00e8s l\u2019assassinat d\u2019Aboubakar Ciss\u00e9<\/div>\n<div dir=\"auto\"><\/div>\n<div dir=\"auto\">Ce qui s\u2019est pass\u00e9 aujourd\u2019hui est dans la droite ligne de l\u2019assassinat d\u2019Aboubakar Ciss\u00e9, ce jeune musulman tu\u00e9 en pleine pri\u00e8re dans une mosqu\u00e9e en France il y a quelques jours. L\u00e0 aussi : silence d\u2019\u00c9tat. Silence m\u00e9diatique. Et comme d\u2019habitude, c\u2019est dans le silence que le racisme tue.<\/div>\n<\/div>\n<div class=\"x11i5rnm xat24cr x1mh8g0r x1vvkbs xtlvy1s x126k92a\">\n<div dir=\"auto\">Ces meurtres, ces attaques, ces rafles, ne sont pas des anomalies. Ce sont des expressions logiques et concr\u00e8tes de la supr\u00e9matie blanche europ\u00e9enne. Ce sont les prolongements de politiques racistes, d\u2019infrastructures r\u00e9pressives, d\u2019un apartheid qui ne dit pas son nom mais qui organise le territoire, les discours, les affects.<\/div>\n<\/div>\n<div class=\"x11i5rnm xat24cr x1mh8g0r x1vvkbs xtlvy1s x126k92a\">\n<div dir=\"auto\">Une jeunesse qui r\u00e9siste.<\/div>\n<div dir=\"auto\"><\/div>\n<div dir=\"auto\">Face \u00e0 cette violence, une partie de la jeunesse marocaine de Molenbeek a r\u00e9sist\u00e9. Elle ne l\u2019a pas fait par plaisir. Elle ne l\u2019a pas fait par go\u00fbt de la violence. Elle l\u2019a fait parce que l&rsquo;\u00c9tat ne la prot\u00e8ge pas. Elle l\u2019a fait parce que la police n\u2019\u00e9tait pas l\u00e0 pour repousser les agresseurs, mais pour encadrer les agress\u00e9s. Elle l\u2019a fait parce que dans ces moments-l\u00e0, r\u00e9sister, c\u2019est survivre.<\/div>\n<div dir=\"auto\"><\/div>\n<\/div>\n<div class=\"x11i5rnm xat24cr x1mh8g0r x1vvkbs xtlvy1s x126k92a\">\n<div dir=\"auto\">C\u2019\u00e9tait une r\u00e9sistance politique. Une d\u00e9fense populaire. Une lev\u00e9e spontan\u00e9e contre une attaque cibl\u00e9e. Une communaut\u00e9 s\u2019est dress\u00e9e, non pas contre des supporters de football, mais contre l\u2019extr\u00eame-droite, contre la terreur raciste, contre la l\u00e2chet\u00e9 des institutions.<\/div>\n<div dir=\"auto\"><\/div>\n<\/div>\n<div class=\"x11i5rnm xat24cr x1mh8g0r x1vvkbs xtlvy1s x126k92a\">\n<div dir=\"auto\">Contre la violence, oui. Mais surtout contre le racisme.<\/div>\n<div dir=\"auto\"><\/div>\n<div dir=\"auto\">Bien s\u00fbr, nous d\u00e9plorons toutes les violences. Personne ne se r\u00e9jouit de sc\u00e8nes de chaos dans les rues. Mais toutes les violences ne se valent pas. Il y a une diff\u00e9rence fondamentale entre l\u2019agression raciste et la riposte antifasciste. Il y a une diff\u00e9rence entre semer la peur, et d\u00e9fendre les siens. Mettre tout sur le m\u00eame plan, c\u2019est nier les rapports de pouvoir. C\u2019est blanchir les agresseurs.<\/div>\n<div dir=\"auto\"><\/div>\n<\/div>\n<div class=\"x11i5rnm xat24cr x1mh8g0r x1vvkbs xtlvy1s x126k92a\">\n<div dir=\"auto\">Ce qui s\u2019est pass\u00e9 \u00e0 Molenbeek n\u2019est que le sympt\u00f4me d\u2019un syst\u00e8me raciste europ\u00e9en, qui laisse prolif\u00e9rer les groupuscules n\u00e9onazis, qui criminalise les quartiers populaires, et qui nie \u00e0 une jeunesse racialis\u00e9e le droit m\u00eame \u00e0 la l\u00e9gitime d\u00e9fense.<\/div>\n<div dir=\"auto\"><\/div>\n<\/div>\n<div class=\"x11i5rnm xat24cr x1mh8g0r x1vvkbs xtlvy1s x126k92a\">\n<div dir=\"auto\">Solidarit\u00e9 active avec Molenbeek.<\/div>\n<div dir=\"auto\"><\/div>\n<div dir=\"auto\">Nous affirmons ici notre solidarit\u00e9 pleine et enti\u00e8re avec les habitants de Molenbeek, avec la jeunesse qui a r\u00e9sist\u00e9, avec les familles musulmanes qui ont eu peur. Nous refusons le r\u00e9cit qui va inverser les r\u00f4les. Nous refusons le silence sur les causes. Nous refusons la criminalisation de la dignit\u00e9.<\/div>\n<div dir=\"auto\"><\/div>\n<\/div>\n<div class=\"x11i5rnm xat24cr x1mh8g0r x1vvkbs xtlvy1s x126k92a\">\n<div dir=\"auto\">Il est temps de dire haut et fort : ce ne sont pas des supporters. Ce sont des milices n\u00e9onazies. Ce ne sont pas des \u00ab d\u00e9bordements \u00bb. Ce sont des attaques coordonn\u00e9es. Ce ne sont pas des r\u00e9ponses disproportionn\u00e9es. Ce sont des actes de r\u00e9sistance.<\/div>\n<div dir=\"auto\"><\/div>\n<\/div>\n<div class=\"x11i5rnm xat24cr x1mh8g0r x1vvkbs xtlvy1s x126k92a\">\n<div dir=\"auto\">Et face \u00e0 cette violence raciste, notre devoir est d\u2019organiser la riposte politique, solidaire, antiraciste, populaire. Molenbeek ne sera pas seul.<\/div>\n<\/div>\n<\/div>\n<\/div>\n<\/div>\n<\/div>\n<div dir=\"auto\">\n<div class=\"xdj266r x11i5rnm xat24cr x1mh8g0r x1vvkbs x126k92a\"><\/div>\n<div class=\"x11i5rnm xat24cr x1mh8g0r x1vvkbs xtlvy1s x126k92a\">\n<div dir=\"auto\">\n<h5><span class=\"gmail_signature_prefix\">&#8212;<\/span><\/h5>\n<div class=\"gmail_signature\" dir=\"ltr\" data-smartmail=\"gmail_signature\">\n<div dir=\"ltr\">\n<div>\n<h5 dir=\"ltr\"><b>Nordine Sa\u00efdi<br \/>\n<a href=\"https:\/\/bruxelles-pantheres.be\/\" target=\"_blank\" rel=\"noopener\">Bruxelles Panth\u00e8res<\/a><\/b><br \/>\n<i>\u00ab\u00a0La libert\u00e9, la justice et l&rsquo;\u00e9galit\u00e9, par tous les moyens n\u00e9cessaires !\u00a0\u00bb<\/i>\u00a0Malcolm X<i><b><\/b><\/i><\/h5>\n<p><a href=\"http:\/\/mcpalestine.canalblog.com\/\" target=\"_blank\" rel=\"noopener\">Mouvement Citoyen Palestine<\/a><\/p>\n<h5 dir=\"ltr\"><i><b><\/b><\/i><br \/>\n<i>\u00ab L&rsquo;\u00e9galit\u00e9 ou rien \u00bb\u00a0<\/i>Edward Said<\/h5>\n<\/div>\n<\/div>\n<\/div>\n<\/div>\n<\/div>\n<\/div>\n","protected":false},"excerpt":{"rendered":"<p>Ne nous demandez pas de condamner nos enfants quand ils se d\u00e9fendent. Condamnez l\u2019\u00c9tat qui les abandonne. Condamnez la presse qui les trahit. Condamnez la police qui les frappe. Nous, on les d\u00e9fendra. Toujours. Quoi qu\u2019il en co\u00fbte.<\/p>\n","protected":false},"author":1,"featured_media":6126,"comment_status":"open","ping_status":"open","sticky":false,"template":"","format":"standard","meta":{"footnotes":""},"categories":[539,36,42,4,7,537,18,28,37,39,5],"tags":[13],"class_list":["post-6333","post","type-post","status-publish","format-standard","has-post-thumbnail","hentry","category-belgique","category-europe","category-homophobie","category-islamophobie","category-negrophobie","category-presse-medias","category-resistance-bruxelles","category-racismes","category-romophobie","category-sans-papier","category-violence-policiere","tag-nordine-saidi"],"_links":{"self":[{"href":"https:\/\/bruxelles-pantheres.be\/index.php?rest_route=\/wp\/v2\/posts\/6333","targetHints":{"allow":["GET"]}}],"collection":[{"href":"https:\/\/bruxelles-pantheres.be\/index.php?rest_route=\/wp\/v2\/posts"}],"about":[{"href":"https:\/\/bruxelles-pantheres.be\/index.php?rest_route=\/wp\/v2\/types\/post"}],"author":[{"embeddable":true,"href":"https:\/\/bruxelles-pantheres.be\/index.php?rest_route=\/wp\/v2\/users\/1"}],"replies":[{"embeddable":true,"href":"https:\/\/bruxelles-pantheres.be\/index.php?rest_route=%2Fwp%2Fv2%2Fcomments&post=6333"}],"version-history":[{"count":2,"href":"https:\/\/bruxelles-pantheres.be\/index.php?rest_route=\/wp\/v2\/posts\/6333\/revisions"}],"predecessor-version":[{"id":6335,"href":"https:\/\/bruxelles-pantheres.be\/index.php?rest_route=\/wp\/v2\/posts\/6333\/revisions\/6335"}],"wp:featuredmedia":[{"embeddable":true,"href":"https:\/\/bruxelles-pantheres.be\/index.php?rest_route=\/wp\/v2\/media\/6126"}],"wp:attachment":[{"href":"https:\/\/bruxelles-pantheres.be\/index.php?rest_route=%2Fwp%2Fv2%2Fmedia&parent=6333"}],"wp:term":[{"taxonomy":"category","embeddable":true,"href":"https:\/\/bruxelles-pantheres.be\/index.php?rest_route=%2Fwp%2Fv2%2Fcategories&post=6333"},{"taxonomy":"post_tag","embeddable":true,"href":"https:\/\/bruxelles-pantheres.be\/index.php?rest_route=%2Fwp%2Fv2%2Ftags&post=6333"}],"curies":[{"name":"wp","href":"https:\/\/api.w.org\/{rel}","templated":true}]}}