{"id":6340,"date":"2025-05-31T10:48:39","date_gmt":"2025-05-31T09:48:39","guid":{"rendered":"https:\/\/bruxelles-pantheres.be\/?p=6340"},"modified":"2025-05-31T11:01:39","modified_gmt":"2025-05-31T10:01:39","slug":"gaza-un-genocide-en-cours-de-joseph-daher","status":"publish","type":"post","link":"https:\/\/bruxelles-pantheres.be\/?p=6340","title":{"rendered":"Gaza\u00a0: un g\u00e9nocide en\u00a0cours de Joseph Daher\u00a0"},"content":{"rendered":"<header class=\"entry-header\">\n<h4 class=\"entry-title\">Introduction au livre de Joseph Daher\u00a0: Gaza\u00a0: un g\u00e9nocide en\u00a0cours<\/h4>\n<\/header>\n<div class=\"entry-content\">\n<p align=\"RIGHT\"><b>Avec l\u2019aimable autorisation des Editions Syllepse<\/b><\/p>\n<\/div>\n<p>Alors que l\u2019\u00e9criture de ce livre prenait fin, en janvier\u00a02025, l\u2019\u00c9tat d\u2019apartheid, colonial et raciste d\u2019Isra\u00ebl signait un cessez-le-feu avec l\u2019organisation palestinienne Hamas, suspendant temporairement la guerre g\u00e9nocidaire men\u00e9e contre la population de la bande de Gaza \u00e0 la suite de l\u2019attaque du Hamas du 7\u00a0octobre 2023<sup><a class=\"sdfootnoteanc\" href=\"https:\/\/entreleslignesentrelesmots.wordpress.com\/2025\/05\/17\/introduction-au-livre-de-joseph-daher-gaza-un-genocide-en-cours\/?fbclid=IwY2xjawKWaOBleHRuA2FlbQIxMQBicmlkETB5NkNhQTFGa0FFSzJxUFc5AR6pmoq5k6cOnVrtBkzw-aKnYQViLfbrhGeHmLFnct1h9AAwwToXGYIWMgP4sw_aem_4UzmHok5g3FoAyDVTGslmg#sdfootnote1sym\" name=\"sdfootnote1anc\">1<\/a><\/sup>. Quelques jours apr\u00e8s l\u2019entr\u00e9e en vigueur de l\u2019accord de cessez-le-feu, le 19\u00a0janvier 2025, et la fin du blocage par les autorit\u00e9s d\u2019occupation isra\u00e9liennes du corridor de Netzarm\u00a0\u2013\u00a0qui coupe le territoire en deux, de la fronti\u00e8re isra\u00e9lienne jusqu\u2019\u00e0 la mer\u00a0\u2013, des centaines de milliers de personnes palestiniennes d\u00e9plac\u00e9es regagnaient le nord de la zone, quand bien m\u00eame leurs maisons \u00e9taient probablement d\u00e9truites. La tr\u00eave est cependant fragile, alors que les menaces et pressions isra\u00e9liennes, avec le soutien des \u00c9tats-Unis, se poursuivent contre les Palestiniens de la bande de Gaza<sup><a class=\"sdfootnoteanc\" href=\"https:\/\/entreleslignesentrelesmots.wordpress.com\/2025\/05\/17\/introduction-au-livre-de-joseph-daher-gaza-un-genocide-en-cours\/?fbclid=IwY2xjawKWaOBleHRuA2FlbQIxMQBicmlkETB5NkNhQTFGa0FFSzJxUFc5AR6pmoq5k6cOnVrtBkzw-aKnYQViLfbrhGeHmLFnct1h9AAwwToXGYIWMgP4sw_aem_4UzmHok5g3FoAyDVTGslmg#sdfootnote2sym\" name=\"sdfootnote2anc\">2<\/a><\/sup>.<\/p>\n<p><!--more--><\/p>\n<header class=\"entry-header\"><\/header>\n<div class=\"entry-content\">\n<p align=\"JUSTIFY\"><a href=\"https:\/\/www.syllepse.net\/gaza-un-genocide-en-cours-_r_25_i_1112.html\"><img decoding=\"async\" class=\"aligncenter size-large wp-image-93857\" src=\"https:\/\/entreleslignesentrelesmots.wordpress.com\/wp-content\/uploads\/2025\/05\/gaza-genocide-en-cours.jpg?w=620\" sizes=\"(max-width: 709px) 85vw, (max-width: 909px) 67vw, (max-width: 984px) 61vw, (max-width: 1362px) 45vw, 600px\" srcset=\"https:\/\/entreleslignesentrelesmots.wordpress.com\/wp-content\/uploads\/2025\/05\/gaza-genocide-en-cours.jpg?w=620 620w, https:\/\/entreleslignesentrelesmots.wordpress.com\/wp-content\/uploads\/2025\/05\/gaza-genocide-en-cours.jpg?w=91 91w, https:\/\/entreleslignesentrelesmots.wordpress.com\/wp-content\/uploads\/2025\/05\/gaza-genocide-en-cours.jpg?w=182 182w, https:\/\/entreleslignesentrelesmots.wordpress.com\/wp-content\/uploads\/2025\/05\/gaza-genocide-en-cours.jpg 727w\" alt=\"\" width=\"620\" height=\"1024\" data-attachment-id=\"93857\" data-permalink=\"https:\/\/entreleslignesentrelesmots.wordpress.com\/2025\/05\/17\/introduction-au-livre-de-joseph-daher-gaza-un-genocide-en-cours\/gaza-genocide-en-cours\/\" data-orig-file=\"https:\/\/entreleslignesentrelesmots.wordpress.com\/wp-content\/uploads\/2025\/05\/gaza-genocide-en-cours.jpg\" data-orig-size=\"727,1200\" data-comments-opened=\"1\" data-image-meta=\"{&quot;aperture&quot;:&quot;0&quot;,&quot;credit&quot;:&quot;&quot;,&quot;camera&quot;:&quot;&quot;,&quot;caption&quot;:&quot;&quot;,&quot;created_timestamp&quot;:&quot;0&quot;,&quot;copyright&quot;:&quot;&quot;,&quot;focal_length&quot;:&quot;0&quot;,&quot;iso&quot;:&quot;0&quot;,&quot;shutter_speed&quot;:&quot;0&quot;,&quot;title&quot;:&quot;&quot;,&quot;orientation&quot;:&quot;0&quot;}\" data-image-title=\"gaza-genocide-en-cours\" data-image-description=\"\" data-image-caption=\"\" data-medium-file=\"https:\/\/entreleslignesentrelesmots.wordpress.com\/wp-content\/uploads\/2025\/05\/gaza-genocide-en-cours.jpg?w=182\" data-large-file=\"https:\/\/entreleslignesentrelesmots.wordpress.com\/wp-content\/uploads\/2025\/05\/gaza-genocide-en-cours.jpg?w=620\" \/><\/a><\/p>\n<p align=\"JUSTIFY\">Les 2,4\u00a0millions d\u2019habitantes et habitants de la bande de Gaza ont v\u00e9cu depuis octobre\u00a02023 sous des bombardements isra\u00e9liens constants et d\u2019une violence sans pr\u00e9c\u00e9dent jusqu\u2019\u00e0 la conclusion de l\u2019accord de cessez-le-feu. Plus de 2\u00a0millions de Palestiniennes et Palestiniens ont \u00e9t\u00e9 d\u00e9plac\u00e9s dans le territoire, soit pr\u00e8s de 90% de sa population totale. La tr\u00e8s grande majorit\u00e9 d\u2019entre elles et eux a \u00e9t\u00e9 log\u00e9e dans des tentes de fortune, particuli\u00e8rement inadapt\u00e9es aux conditions hivernales.<\/p>\n<p align=\"JUSTIFY\">\u00c0 la suite de la conclusion du cessez-le-feu, le bilan officiel s\u2019\u00e9levait \u00e0 61\u00a0709\u00a0morts\u00a0\u2013 dont 17\u00a0881\u00a0enfants\u00a0\u2013\u2002et au moins 111\u00a0588\u00a0bless\u00e9s. Mais malheureusement, le chiffre est probablement bien plus \u00e9lev\u00e9. Un article publi\u00e9 en juillet\u00a02024 par la revue scientifique m\u00e9dicale britannique\u00a0<i>The Lancet<\/i>\u00a0sugg\u00e9rait que l\u2019attaque alors en cours pourrait d\u2019ores et d\u00e9j\u00e0 conduire \u00e0 186\u00a0000\u00a0d\u00e9c\u00e8s palestiniens. Dans un article paru dans le quotidien\u00a0<i>The Guardian<\/i>\u00a0en septembre, Devi Sridhar, pr\u00e9sidente du d\u00e9partement de sant\u00e9 publique mondiale \u00e0 l\u2019universit\u00e9 d\u2019\u00c9dimbourg, estimait que si la mortalit\u00e9 \u00e0 Gaza devait se poursuivre au rythme actuel\u00a0\u2013\u00a0environ 23\u00a0000\u00a0d\u00e9c\u00e8s par mois\u2002\u2013, elle pourrait au total atteindre environ 335\u00a0500\u00a0d\u00e9c\u00e8s.<\/p>\n<p align=\"JUSTIFY\">Selon un rapport de la Banque mondiale publi\u00e9 \u00e0 la mi-d\u00e9cembre\u00a02024, 90% de la population dans la bande de Gaza est confront\u00e9e \u00e0 une ins\u00e9curit\u00e9 alimentaire marqu\u00e9e, dont 875\u00a0000\u00a0personnes en situation d\u2019urgence et 345\u00a0000\u00a0personnes en situation d\u2019urgence absolue. En outre, pr\u00e8s de 90\u202f% des logements ont \u00e9t\u00e9 d\u00e9truits ou s\u00e9v\u00e8rement endommag\u00e9s. Plus largement, c\u2019est l\u2019ensemble des structures de base du territoire qui sont d\u00e9sormais an\u00e9anties\u00a0: les r\u00e9seaux de communication sont presque compl\u00e8tement d\u00e9truits, malgr\u00e9 les efforts des op\u00e9rateurs locaux pour maintenir de la connectivit\u00e9\u00a0; le secteur priv\u00e9 est \u00e9galement largement r\u00e9duit \u00e0 n\u00e9ant, avec plus de 88\u202f% des entreprises d\u00e9truites ou endommag\u00e9es, tout comme 70% du r\u00e9seau routier\u00a0; certains secteurs d\u2019activit\u00e9, tels que l\u2019agriculture ou la p\u00eache, la construction, l\u2019industrie, le transport ou la finance, n\u2019existent tout simplement plus sur le territoire. Le chef du Programme des Nations unies pour le d\u00e9veloppement\u00a0(PNUD), Achim Steiner, a en effet d\u00e9clar\u00e9 \u00e0 la suite du cessez-le-feu que son organisation estimait qu\u2019environ deux tiers de toutes les constructions ont \u00e9t\u00e9 d\u00e9truites ou endommag\u00e9es par les intenses bombardements de l\u2019arm\u00e9e d\u2019occupation isra\u00e9lienne. Il a ajout\u00e9 qu\u2019\u00ab\u00a0environ soixante ans de d\u00e9veloppement ont \u00e9t\u00e9 perdus dans ce conflit en quinze mois<sup><a class=\"sdfootnoteanc\" href=\"https:\/\/entreleslignesentrelesmots.wordpress.com\/2025\/05\/17\/introduction-au-livre-de-joseph-daher-gaza-un-genocide-en-cours\/?fbclid=IwY2xjawKWaOBleHRuA2FlbQIxMQBicmlkETB5NkNhQTFGa0FFSzJxUFc5AR6pmoq5k6cOnVrtBkzw-aKnYQViLfbrhGeHmLFnct1h9AAwwToXGYIWMgP4sw_aem_4UzmHok5g3FoAyDVTGslmg#sdfootnote3sym\" name=\"sdfootnote3anc\">3<\/a><\/sup>\u00a0\u00bb. La reconstruction de la bande de Gaza pourrait prendre trois cent cinquante ans si le blocus reste en place et \u00e9tait estim\u00e9e \u00e0 plus de 53\u00a0milliards de dollars<sup><a class=\"sdfootnoteanc\" href=\"https:\/\/entreleslignesentrelesmots.wordpress.com\/2025\/05\/17\/introduction-au-livre-de-joseph-daher-gaza-un-genocide-en-cours\/?fbclid=IwY2xjawKWaOBleHRuA2FlbQIxMQBicmlkETB5NkNhQTFGa0FFSzJxUFc5AR6pmoq5k6cOnVrtBkzw-aKnYQViLfbrhGeHmLFnct1h9AAwwToXGYIWMgP4sw_aem_4UzmHok5g3FoAyDVTGslmg#sdfootnote4sym\" name=\"sdfootnote4anc\">4<\/a><\/sup>.<\/p>\n<p align=\"JUSTIFY\">La guerre contre la bande de Gaza constitue sans aucun doute une nouvelle Nakba (catastrophe), encore plus destructrice et meurtri\u00e8re que celle de\u00a01948, au cours de laquelle plus de 700\u00a0000\u00a0Palestiniennes et Palestiniens ont \u00e9t\u00e9 chass\u00e9s de force de leurs foyers et sont devenus des r\u00e9fugi\u00e9s. Ce processus de nettoyage ethnique et d\u2019entreprise g\u00e9nocidaire, qui ne s\u2019est jamais interrompu, s\u2019est poursuivi de mani\u00e8re extr\u00eamement violente durant quinze mois.<\/p>\n<p align=\"JUSTIFY\">En outre, ce livre cherche \u00e0 inscrire l\u2019histoire de l\u2019oppression des Palestiniennes et Palestiniens par l\u2019\u00c9tat d\u2019Isra\u00ebl dans une approche r\u00e9gionale et internationale. Ainsi, dans sa premi\u00e8re partie, qui propose une analyse historique de la trajectoire de la question palestinienne, l\u2019ouvrage examine \u00e9galement le r\u00f4le historique jou\u00e9 par l\u2019\u00c9tat d\u2019Isra\u00ebl au Proche-Orient au service de l\u2019imp\u00e9rialisme occidental, et plus particuli\u00e8rement de la d\u00e9fense des int\u00e9r\u00eats des \u00c9tats-Unis.<\/p>\n<p align=\"JUSTIFY\">Dans sa deuxi\u00e8me partie, l\u2019ouvrage examine ensuite l\u2019extension de la guerre isra\u00e9lienne au Liban apr\u00e8s le 7\u00a0octobre 2023, mais plus particuli\u00e8rement \u00e0 la suite de l\u2019acc\u00e9l\u00e9ration de la violence isra\u00e9lienne \u00e0 la mi-septembre\u00a02024. Dans cette partie, nous revenons \u00e9galement bri\u00e8vement sur l\u2019histoire des agressions et des occupations isra\u00e9liennes au Liban, dans lesquelles trouve son origine le Hezbollah libanais.<\/p>\n<p align=\"JUSTIFY\">Dans la troisi\u00e8me partie, la chute du r\u00e9gime Assad, au pouvoir en Syrie depuis\u00a01970, est analys\u00e9e, ainsi que les d\u00e9fis qui se pr\u00e9sentent pour les aspirations d\u00e9mocratiques et sociales des classes populaires syriennes.<\/p>\n<p align=\"JUSTIFY\">Dans la section suivante, nous examinons l\u2019impact de la guerre sur les dynamiques politiques r\u00e9gionales du Proche-Orient et diff\u00e9rents protagonistes r\u00e9gionaux, comme les monarchies du Golfe, l\u2019\u00c9gypte et la Jordanie, ainsi que sur l\u2019Iran et son r\u00e9seau d\u2019influence r\u00e9gionale.<\/p>\n<p align=\"JUSTIFY\">Finalement, nous abordons la question de la solidarit\u00e9 internationale, ainsi que son importance cruciale dans le cadre de la lib\u00e9ration de la Palestine et les liens de cette derni\u00e8re avec la lib\u00e9ration des classes populaires r\u00e9gionales.<\/p>\n<p align=\"JUSTIFY\"><b>Joseph Daher\u00a0:\u00a0<\/b><i><b>Gaza\u00a0: un g\u00e9nocide en cours<br \/>\nPalestine, Proche-Orient et internationalisme<br \/>\n<\/b><\/i>Editions Syllepse, Paris\u00a02025, 168\u00a0pages, 12\u00a0euros<br \/>\n<span lang=\"zxx\"><u><a href=\"https:\/\/www.syllepse.net\/gaza-un-genocide-en-cours-_r_25_i_1112.html\">https:\/\/www.syllepse.net\/gaza-un-genocide-en-cours-_r_25_i_1112.html<\/a><\/u><\/span><\/p>\n<div id=\"sdfootnote1\">\n<p align=\"JUSTIFY\"><a class=\"sdfootnotesym-western\" href=\"https:\/\/entreleslignesentrelesmots.wordpress.com\/2025\/05\/17\/introduction-au-livre-de-joseph-daher-gaza-un-genocide-en-cours\/?fbclid=IwY2xjawKWaOBleHRuA2FlbQIxMQBicmlkETB5NkNhQTFGa0FFSzJxUFc5AR6pmoq5k6cOnVrtBkzw-aKnYQViLfbrhGeHmLFnct1h9AAwwToXGYIWMgP4sw_aem_4UzmHok5g3FoAyDVTGslmg#sdfootnote1anc\" name=\"sdfootnote1sym\">1<\/a>\u00a0Il est \u00e0 noter \u00e9galement que de nombreux civils isra\u00e9liens enlev\u00e9s le 7\u00a0octobre 2023 ont \u00e9t\u00e9 tu\u00e9s par les forces d\u2019occupation isra\u00e9liennes, notamment du fait de tirs d\u2019obus de char sur des maisons o\u00f9 des Isra\u00e9liens \u00e9taient d\u00e9tenus.<\/p>\n<\/div>\n<div id=\"sdfootnote2\">\n<p align=\"JUSTIFY\"><a class=\"sdfootnotesym-western\" href=\"https:\/\/entreleslignesentrelesmots.wordpress.com\/2025\/05\/17\/introduction-au-livre-de-joseph-daher-gaza-un-genocide-en-cours\/?fbclid=IwY2xjawKWaOBleHRuA2FlbQIxMQBicmlkETB5NkNhQTFGa0FFSzJxUFc5AR6pmoq5k6cOnVrtBkzw-aKnYQViLfbrhGeHmLFnct1h9AAwwToXGYIWMgP4sw_aem_4UzmHok5g3FoAyDVTGslmg#sdfootnote2anc\" name=\"sdfootnote2sym\">2<\/a>\u00a0L\u2019accord de tr\u00eave comprend trois phases devant mener \u00e0 un arr\u00eat complet des violences isra\u00e9liennes contre la bande de Gaza et sa reconstruction sur un plan long terme, mais le Premier ministre isra\u00e9lien Benjamin Netanyahou a affirm\u00e9 \u00e0 plusieurs reprises que son pays gardait \u00ab\u00a0le droit de reprendre la guerre\u00a0\u00bb contre le Hamas \u00e0 tout moment avec l\u2019appui des \u00c9tats-Unis. D\u00e9but mars\u00a02025, il a d\u2019ailleurs annonc\u00e9 le blocage de toute aide humanitaire \u00e0 la fin de la premi\u00e8re phase de l\u2019accord de cessez-le-feu.<\/p>\n<\/div>\n<div id=\"sdfootnote3\">\n<p align=\"JUSTIFY\"><a class=\"sdfootnotesym-western\" href=\"https:\/\/entreleslignesentrelesmots.wordpress.com\/2025\/05\/17\/introduction-au-livre-de-joseph-daher-gaza-un-genocide-en-cours\/?fbclid=IwY2xjawKWaOBleHRuA2FlbQIxMQBicmlkETB5NkNhQTFGa0FFSzJxUFc5AR6pmoq5k6cOnVrtBkzw-aKnYQViLfbrhGeHmLFnct1h9AAwwToXGYIWMgP4sw_aem_4UzmHok5g3FoAyDVTGslmg#sdfootnote3anc\" name=\"sdfootnote3sym\">3<\/a>\u00a0L\u2019ONU estime que si la tendance de croissance de 0,4% observ\u00e9e entre 2007 et 2022 devait se poursuivre, il faudrait pas moins de 350 ans pour que le territoire retrouve les niveaux de PIB de 2022. AFP, \u00ab\u00a0La guerre a effac\u00e9 60\u00a0ans de d\u00e9veloppement \u00e0 Gaza, dit un haut responsable de l\u2019ONU\u00a0\u00bb, 25\u202fjanvier 2025,<br \/>\n<a href=\"http:\/\/www.lorientlejour.com\/article\/1445030\/la-guerre-a-efface-60-ans-de-developpement-a-gaza-dit-un-haut-responsable-de-lonu-entretien.html\">www.lorientlejour.com\/article\/1445030\/la-guerre-a-efface-60-ans-de-developpement-a-gaza-dit-un-haut-responsable-de-lonu-entretien.html<\/a><\/p>\n<\/div>\n<div id=\"sdfootnote4\">\n<p align=\"JUSTIFY\"><a class=\"sdfootnotesym-western\" href=\"https:\/\/entreleslignesentrelesmots.wordpress.com\/2025\/05\/17\/introduction-au-livre-de-joseph-daher-gaza-un-genocide-en-cours\/?fbclid=IwY2xjawKWaOBleHRuA2FlbQIxMQBicmlkETB5NkNhQTFGa0FFSzJxUFc5AR6pmoq5k6cOnVrtBkzw-aKnYQViLfbrhGeHmLFnct1h9AAwwToXGYIWMgP4sw_aem_4UzmHok5g3FoAyDVTGslmg#sdfootnote4anc\" name=\"sdfootnote4sym\">4<\/a>\u00a0\u00ab\u00a0Plus de 50\u202fmilliards de dollars n\u00e9cessaires pour la reconstruction de Gaza\u00a0\u00bb, 20\u202ff\u00e9vrier 2025,<br \/>\n<a href=\"http:\/\/www.lorientlejour.com\/article\/1448574\/update-1-more-than-50-billion-needed-to-rebuild-gaza-world-bank-joint-assessment-says.html\">www.lorientlejour.com\/article\/1448574\/update-1-more-than-50-billion-needed-to-rebuild-gaza-world-bank-joint-assessment-says.html<\/a><\/p>\n<\/div>\n<\/div>\n","protected":false},"excerpt":{"rendered":"<p>Introduction au livre de Joseph Daher\u00a0: Gaza\u00a0: un g\u00e9nocide en\u00a0cours Avec l\u2019aimable autorisation des Editions Syllepse Alors que l\u2019\u00e9criture de ce livre prenait fin, en janvier\u00a02025, l\u2019\u00c9tat d\u2019apartheid, colonial et raciste d\u2019Isra\u00ebl signait un cessez-le-feu avec l\u2019organisation palestinienne Hamas, suspendant temporairement la guerre g\u00e9nocidaire men\u00e9e contre la population de la bande de Gaza \u00e0 la &#8230; <a title=\"Gaza\u00a0: un g\u00e9nocide en\u00a0cours de Joseph Daher\u00a0\" class=\"read-more\" href=\"https:\/\/bruxelles-pantheres.be\/?p=6340\" aria-label=\"En savoir plus sur Gaza\u00a0: un g\u00e9nocide en\u00a0cours de Joseph Daher\u00a0\">Lire la suite<\/a><\/p>\n","protected":false},"author":1,"featured_media":5804,"comment_status":"open","ping_status":"open","sticky":false,"template":"","format":"standard","meta":{"footnotes":""},"categories":[6,18],"tags":[12,616,344],"class_list":["post-6340","post","type-post","status-publish","format-standard","has-post-thumbnail","hentry","category-palestine-moyen-orient","category-resistance-bruxelles","tag-gaza","tag-joseph-daher","tag-nakba"],"_links":{"self":[{"href":"https:\/\/bruxelles-pantheres.be\/index.php?rest_route=\/wp\/v2\/posts\/6340","targetHints":{"allow":["GET"]}}],"collection":[{"href":"https:\/\/bruxelles-pantheres.be\/index.php?rest_route=\/wp\/v2\/posts"}],"about":[{"href":"https:\/\/bruxelles-pantheres.be\/index.php?rest_route=\/wp\/v2\/types\/post"}],"author":[{"embeddable":true,"href":"https:\/\/bruxelles-pantheres.be\/index.php?rest_route=\/wp\/v2\/users\/1"}],"replies":[{"embeddable":true,"href":"https:\/\/bruxelles-pantheres.be\/index.php?rest_route=%2Fwp%2Fv2%2Fcomments&post=6340"}],"version-history":[{"count":2,"href":"https:\/\/bruxelles-pantheres.be\/index.php?rest_route=\/wp\/v2\/posts\/6340\/revisions"}],"predecessor-version":[{"id":6342,"href":"https:\/\/bruxelles-pantheres.be\/index.php?rest_route=\/wp\/v2\/posts\/6340\/revisions\/6342"}],"wp:featuredmedia":[{"embeddable":true,"href":"https:\/\/bruxelles-pantheres.be\/index.php?rest_route=\/wp\/v2\/media\/5804"}],"wp:attachment":[{"href":"https:\/\/bruxelles-pantheres.be\/index.php?rest_route=%2Fwp%2Fv2%2Fmedia&parent=6340"}],"wp:term":[{"taxonomy":"category","embeddable":true,"href":"https:\/\/bruxelles-pantheres.be\/index.php?rest_route=%2Fwp%2Fv2%2Fcategories&post=6340"},{"taxonomy":"post_tag","embeddable":true,"href":"https:\/\/bruxelles-pantheres.be\/index.php?rest_route=%2Fwp%2Fv2%2Ftags&post=6340"}],"curies":[{"name":"wp","href":"https:\/\/api.w.org\/{rel}","templated":true}]}}