{"id":6348,"date":"2025-05-20T11:24:07","date_gmt":"2025-05-20T10:24:07","guid":{"rendered":"https:\/\/bruxelles-pantheres.be\/?p=6348"},"modified":"2025-05-31T11:28:34","modified_gmt":"2025-05-31T10:28:34","slug":"de-belfast-a-gaza-lecons-de-lirlande-du-nord-pour-les-palestiniens","status":"publish","type":"post","link":"https:\/\/bruxelles-pantheres.be\/?p=6348","title":{"rendered":"De Belfast \u00e0 Gaza : le\u00e7ons de l\u2019Irlande du Nord pour les Palestiniens"},"content":{"rendered":"<h4 class=\"entry-title\" style=\"text-align: center;\">De Belfast \u00e0 Gaza : le\u00e7ons de l\u2019Irlande du Nord pour les Palestiniens<\/h4>\n<p><strong>Par\u00a0Samah Jabr<\/strong><\/p>\n<p><em>L\u2019Irlande du Nord a connu un conflit sanglant qui a dur\u00e9 trois d\u00e9cennies, connu sous le nom de \u00ab Troubles \u00bb, qui a fait pr\u00e8s de 3300 morts parmi une population de moins de deux millions d\u2019habitants, laissant derri\u00e8re lui un h\u00e9ritage de souffrances et de s\u00e9quelles psychologiques incalculables.<\/em><\/p>\n<p>Les racines de ce conflit remontent \u00e0 l\u2019\u00e9poque coloniale britannique, mais il a atteint son point le plusextr\u00eame \u00e0 la fin des ann\u00e9es 1960, lorsque les tensions se sont exacerb\u00e9es entre la communaut\u00e9 catholique, qui r\u00e9clamait l\u2019unit\u00e9 avec la R\u00e9publique d\u2019Irlande, et la communaut\u00e9 protestante, qui tenait \u00e0 rester sous la couronne britannique.<\/p>\n<p>Le conflit avait de multiples aspects : communautaire, politique et colonial, aliment\u00e9 par des revendications sociales et de profondes in\u00e9galit\u00e9s en mati\u00e8re de droits, de possibilit\u00e9s et de vote.<\/p>\n<p>La confrontation a pris de nombreuses formes. Elle a commenc\u00e9 par des manifestations pacifiques r\u00e9clamant l\u2019\u00e9galit\u00e9, qui ont \u00e9t\u00e9 r\u00e9prim\u00e9es par des violences telles que celles du\u00a0<a href=\"https:\/\/www.guide-irlande.com\/culture\/bloody-sunday-1972\/\" rel=\"noopener\">Bloody Sunday<\/a>, qui ont fait 13 morts parmi les manifestants.<\/p>\n<p>Elle a ensuite \u00e9volu\u00e9 vers une lutte arm\u00e9e men\u00e9e par l\u2019Arm\u00e9e r\u00e9publicaine irlandaise (IRA).<\/p>\n<p><!--more--><\/p>\n<div class=\"entry-content clearfix\">\n<figure class=\"entry-thumbnail\"><img decoding=\"async\" title=\"Photo : A.Abbas\" src=\"https:\/\/www.chroniquepalestine.com\/wp-content\/uploads\/2025\/05\/00-44-678x455.jpg\" alt=\"\" \/><figcaption class=\"wp-caption-text\">Irlande du Nord &#8211; Belfast &#8211; Une petite fille est confront\u00e9e \u00e0 des soldats britanniques arm\u00e9s \u00e0 un poste de contr\u00f4le &#8211; Photo : A.Abbas<\/p>\n<\/figcaption><\/figure>\n<div class=\"mh-social-top\">\n<div class=\"mh-share-buttons clearfix\"><\/div>\n<\/div>\n<p>&nbsp;<\/p>\n<p>Ce conflit a \u00e9t\u00e9 marqu\u00e9 par des mesures r\u00e9pressives et des arrestations massives, y compris d\u2019enfants. Le conflit a officiellement pris fin avec la signature de l\u2019accord du Vendredi saint, le 10 avril 1998, qui a \u00e9tabli de nouvelles r\u00e8gles plus \u00e9quitables pour le partage du pouvoir et a abouti \u00e0 la lib\u00e9ration des d\u00e9tenus pour raisons de s\u00e9curit\u00e9.<\/p>\n<p>Il a red\u00e9fini les relations entre les diff\u00e9rentes communaut\u00e9s d\u2019Irlande du Nord et mis en place un m\u00e9canisme de r\u00e9conciliation et de justice face aux abus et aux violations des droits.<\/p>\n<p>Alors que le gouvernement US\u00a0<a href=\"https:\/\/www.lutte-ouvriere.org\/journal\/article\/2023-04-12-irlande-du-nord-les-accords-de-paix-davril-1998_609602.html\" rel=\"noopener\">se vante<\/a>\u00a0d\u2019avoir parrain\u00e9 cet accord historique sous l\u2019administration Clinton, la Palestine reste enlis\u00e9e dans un conflit plus complexe, plus sanglant, plus long et plus lourd de cons\u00e9quences, et malheureusement consid\u00e9r\u00e9 comme moins urgent \u00e0 l\u2019ordre du jour de la communaut\u00e9 internationale.<\/p>\n<p>Malgr\u00e9 leurs diff\u00e9rences apparentes, les similitudes entre ces deux situations r\u00e9v\u00e8lent des possibilit\u00e9s d\u2019enseignement pour ceux qui sont dispos\u00e9s \u00e0 les voir.<\/p>\n<h3>Similitudes et points communs<\/h3>\n<p>Les deux conflits ont \u00e9clat\u00e9 dans un contexte colonial qui a sem\u00e9 la division et exacerb\u00e9 les identit\u00e9s en opposition.<\/p>\n<p>En Irlande du Nord, les autorit\u00e9s britanniques ont men\u00e9 des politiques discriminatoires \u00e0 l\u2019encontre des catholiques dans les domaines de l\u2019emploi, de l\u2019\u00e9ducation et du logement, tandis que les Palestiniens ont toujours v\u00e9cu sous un double syst\u00e8me juridique qui privil\u00e9giait les colons isra\u00e9liens au d\u00e9triment de la population indig\u00e8ne du pays.<\/p>\n<p>De m\u00eame, dans les deux cas, la r\u00e9sistance arm\u00e9e est apparue comme un dernier recours face \u00e0 une injustice chronique : l\u2019IRA a pris les armes apr\u00e8s que l\u2019horizon politique lui a \u00e9t\u00e9 ferm\u00e9, tout comme les organisations de la r\u00e9sistance palestinienne l\u2019ont fait apr\u00e8s l\u2019ignorance totale des revendications palestiniennes et l\u2019empi\u00e8tement de l\u2019occupation au cours des derni\u00e8res d\u00e9cennies.<\/p>\n<p>Chacun a r\u00e9agi en fonction de son propre contexte. Les deux puissances coloniales \u2013 la Grande-Bretagne \u00e0 Belfast et Isra\u00ebl dans les territoires palestiniens \u2013 ont recouru ou ont encore recours \u00e0 des techniques de r\u00e9pression similaires : d\u00e9tention administrative, torture, recours excessif \u00e0 la force et criminalisation de toutes les formes d\u2019expression de protestation.<\/p>\n<p>Tout comme\u00a0<a href=\"https:\/\/www.bobbysandstrust.com\/\" rel=\"noopener\">Bobby Sand<\/a>\u00a0a r\u00e9sist\u00e9 \u00e0 l\u2019injustice du gouvernement de Margaret Thatcher et est mort en gr\u00e8ve de la faim, les prisonniers palestiniens ont r\u00e9sist\u00e9 au gouvernement de Netanyahu, et le v\u00e9n\u00e9rable\u00a0<a href=\"https:\/\/www.chroniquepalestine.com\/tag\/khader-adnan\/\">cheikh Khader Adnan<\/a>\u00a0est mort en gr\u00e8ve de la faim sous le r\u00e8gne de Ben-Gvir dans les prisons isra\u00e9liennes.<\/p>\n<p>Mais il existe \u00e9galement des diff\u00e9rences fondamentales.<\/p>\n<p>Le conflit en Irlande du Nord s\u2019est termin\u00e9 par un r\u00e8glement politique qui garantissait \u00e0 chacun de rester sur ses terres et respectait les droits fondamentaux des groupes opprim\u00e9s.<\/p>\n<p>En Palestine, cependant, le conflit avec Isra\u00ebl n\u2019est pas simplement un conflit de pouvoir ou de droits sociaux, mais plut\u00f4t une lutte pour l\u2019existence m\u00eame, car le colonialisme de peuplement a cherch\u00e9 \u00e0 d\u00e9placer les Palestiniens et \u00e0 les d\u00e9pouiller de leurs terres et de leur histoire.<\/p>\n<p>La soci\u00e9t\u00e9 occidentale a trait\u00e9 la question irlandaise comme une crise qui pouvait \u00eatre r\u00e9solue, en exer\u00e7ant une pression constructive et en fournissant une garantie d\u2019accord.<\/p>\n<p>Dans le m\u00eame temps, elle a trait\u00e9 la question palestinienne avec un\u00a0<a href=\"https:\/\/www.chroniquepalestine.com\/au-milieu-complicite-internationale-etat-genocidaire-pousuit-genocide-gaza\/\">double standard<\/a>\u00a0inexcusable, fermant les yeux sur l\u2019injustice et l\u2019agression, et accordant l\u2019<a href=\"https:\/\/www.chroniquepalestine.com\/biden-et-starmer-detruisent-le-droit-international-pour-faciliter-le-genocide-israelien\/\">immunit\u00e9<\/a>\u00a0\u00e0 l\u2019agresseur.<\/p>\n<p>Tant que le\u00a0<a href=\"https:\/\/www.chroniquepalestine.com\/tag\/racisme-antipalestinien\">racisme<\/a>, l\u2019<a href=\"https:\/\/www.chroniquepalestine.com\/tag\/islamophobie\">islamophobie<\/a>\u00a0et les int\u00e9r\u00eats coloniaux occidentaux dans la r\u00e9gion obscurciront la vision des administrations am\u00e9ricaines et europ\u00e9ennes sur nos souffrances, nous devons rejeter leur m\u00e9diation et compter sur les pays du Sud, tels que l\u2019<a href=\"https:\/\/www.chroniquepalestine.com\/tag\/afrique-du-sud\">Afrique du Sud<\/a>, le\u00a0<a href=\"https:\/\/www.chroniquepalestine.com\/tag\/bresil\">Br\u00e9sil<\/a>\u00a0et certains pays arabes et islamiques, pour parrainer les futures n\u00e9gociations de paix.<\/p>\n<h3>Les impacts psychologiques \u00e0 long terme<\/h3>\n<p>Le conflit en Irlande du Nord a eu des r\u00e9percussions psychologiques profondes qui perdurent encore aujourd\u2019hui, les statistiques indiquant des taux de maladie mentale, d\u2019alcoolisme et de suicide plus \u00e9lev\u00e9s que dans les pays voisins.<\/p>\n<p>Une g\u00e9n\u00e9ration a grandi dans un environnement de violence chronique, dans la crainte des attentats \u00e0 la bombe, le traumatisme de la perte d\u2019\u00eatres chers et le manque de confiance dans les autorit\u00e9s au pouvoir.<\/p>\n<p>Apr\u00e8s l\u2019accord, un travail de longue haleine a \u00e9t\u00e9 n\u00e9cessaire pour panser les blessures : programmes de soutien psychologique, dialogues entre victimes et auteurs, int\u00e9gration de la m\u00e9moire dans les programmes scolaires afin d\u2019\u00e9viter que la trag\u00e9die ne se reproduise.<\/p>\n<p>C\u2019est une le\u00e7on que nous devons tirer en Palestine : le processus de paix politique ne peut se substituer au processus de paix sociale, le traumatisme ne dispara\u00eet pas avec la fin de la violence et des effusions de sang, et la consolidation de la paix ne se limite pas \u00e0 la politique, mais n\u00e9cessite une gu\u00e9rison profonde des blessures psychologiques et une r\u00e9conciliation avec soi-m\u00eame et avec l\u2019histoire.<\/p>\n<p>\u00c0 Gaza aujourd\u2019hui, chaque fois qu\u2019une personne \u00e9chappe \u00e0 la mort, c\u2019une nouvelle histoire traumatisante qui apparait. Les images horribles, la perte d\u2019\u00eatres chers et les privations continues fa\u00e7onnent une g\u00e9n\u00e9ration marqu\u00e9e par des cicatrices qui pourraient plus tard se transformer en col\u00e8re, en repli sur soi ou en d\u00e9sespoir absolu.<\/p>\n<p>La gu\u00e9rison commence par la fin de l\u2019injustice, la reconnaissance des souffrances, l\u2019octroi d\u2019une indemnisation et la possibilit\u00e9 pour les Palestiniens d\u2019\u00eatre les acteurs de leur propre destin, et non pas seulement les b\u00e9n\u00e9ficiaires de l\u2019aide.<\/p>\n<p>L\u2019accord de paix en Irlande du Nord nous enseigne \u00e9galement les le\u00e7ons suivantes :<\/p>\n<ul>\n<li>Il n\u2019y a pas de paix sans justice : l\u2019accord irlandais a reconnu les injustices pass\u00e9es et mis en place des m\u00e9canismes d\u2019indemnisation des victimes, qui doivent faire partie de toute solution palestinienne.<\/li>\n<li>La r\u00e9conciliation ne signifie pas l\u2019oubli : les dossiers des victimes, des d\u00e9tenus et des violations ont \u00e9t\u00e9 ouverts, non pas pour envenimer la situation, mais pour panser les blessures. C\u2019est ce dont la Palestine a besoin, au lieu d\u2019une culture du silence, de la peur et de la\u00a0<a href=\"https:\/\/www.chroniquepalestine.com\/pour-etat-genocidaire-tuer-enfants-palestiniens-est-norme\/\">normalisation<\/a>\u00a0forc\u00e9e de la douleur.<\/li>\n<li>La soci\u00e9t\u00e9 civile est un partenaire cl\u00e9 pour faire face aux effets de la violence : en Irlande, les \u00e9glises, les groupes de jeunes et les femmes ont jou\u00e9 un r\u00f4le crucial dans le processus de paix. En Palestine, le r\u00f4le des forces communautaires doit \u00eatre \u00e9largi afin qu\u2019elles puissent participer au redressement des communaut\u00e9s et \u00e0 la construction du projet de lib\u00e9ration.<\/li>\n<\/ul>\n<p>Il ne fait aucun doute que le conflit en Irlande du Nord \u00e9tait moins violent et moins complexe, mais il a trouv\u00e9 une issue lorsque la volont\u00e9 politique internationale s\u2019est combin\u00e9e \u00e0 la possibilit\u00e9 de r\u00e9aliser par la n\u00e9gociation ce qui ne pouvait \u00eatre obtenu sans lutte arm\u00e9e.<\/p>\n<p>La douleur est alors devenue un moteur pour construire l\u2019avenir. En Palestine, la douleur et l\u2019injustice ignor\u00e9es par la politique occidentale continuent d\u2019alimenter la lutte, dans l\u2019attente que le monde agisse pour d\u00e9samorcer la situation.<\/p>\n<p>Nous ne signerons peut-\u00eatre pas de sit\u00f4t un accord similaire \u00e0 celui du \u00ab Vendredi saint \u00bb, mais nous avons besoin d\u2019un\u00a0<em>vendredi juste<\/em>, d\u2019un cessez-le-feu qui sortira les opprim\u00e9s du gouffre de la violence pour les mener vers un horizon de n\u00e9gociations respectueuses de la dignit\u00e9, et d\u2019une \u00e8re d\u2019occupation vers l\u2019application du droit international et des principes des droits humains.<\/p>\n<header class=\"page-header\">\n<h5>Auteur :\u00a0Samah Jabr<\/h5>\n<div class=\"entry-content\">\n<p><img decoding=\"async\" class=\"alignleft size-full wp-image-44698\" src=\"https:\/\/www.chroniquepalestine.com\/wp-content\/uploads\/2025\/01\/00-16.jpg\" alt=\"\" width=\"140\" height=\"134\" \/>*\u00a0<strong>Dr Samah Jabr<\/strong>\u00a0est une psychiatre consultante exer\u00e7ant en Palestine, au service des communaut\u00e9s de J\u00e9rusalem-Est et de Cisjordanie, et ancienne responsable de l&rsquo;unit\u00e9 de sant\u00e9 mentale au sein du minist\u00e8re palestinien de la sant\u00e9.<br \/>\nElle est professeur clinique associ\u00e9e de psychiatrie et de sciences du comportement \u00e0 l&rsquo;universit\u00e9 George Washington \u00e0 Washington DC.<br \/>\nElle est \u00e9galement membre du comit\u00e9 scientifique de l&rsquo;\u00ab Initiative mondiale contre l&rsquo;impunit\u00e9 (GIAI) pour les crimes internationaux et les violations graves des droits de l&rsquo;homme \u00bb, un programme cofinanc\u00e9 par l&rsquo;Union europ\u00e9enne.<br \/>\nDr Jabr est formatrice et superviseuse, avec un accent particulier sur la th\u00e9rapie cognitivo-comportementale (CBT), le mhGAP et le protocole d&rsquo;Istanbul pour la documentation de la torture. Elle s&rsquo;int\u00e9resse particuli\u00e8rement aux droits des prisonniers, \u00e0 la pr\u00e9vention du suicide et aux traumatismes historiques.<br \/>\nElle est une femme \u00e9crivain prolifique. Son dernier livre paru en fran\u00e7ais :\u00a0<a href=\"http:\/\/www.chroniquepalestine.com\/derriere-fronts-chroniques-dune-psychiatre-psychotherapeute-palestinienne-occupation\/\" target=\"_blank\" rel=\"noopener noreferrer\">Derri\u00e8re les fronts<\/a>\u00a0\u2013 Chroniques d\u2019une psychiatre psychoth\u00e9rapeute palestinienne sous occupation. Le Dr Jabr int\u00e8gre son expertise m\u00e9dicale \u00e0 son activisme, abordant souvent l&rsquo;impact psychologique de l&rsquo;occupation, des traumatismes historiques et de la guerre. Elle est l&rsquo;un des membres fondateurs du\u00a0<a href=\"https:\/\/www.pgmhn.org\/\" rel=\"noopener\">r\u00e9seau mondial de sant\u00e9 mentale de la Palestine<\/a>\u00a0et donne de nombreuses conf\u00e9rences sur la psychologie de la lib\u00e9ration et les responsabilit\u00e9s \u00e9thiques des professionnels de la sant\u00e9 mentale dans les zones de conflit.<\/p>\n<\/div>\n<\/header>\n<p><em>17 mai 2025 \u2013\u00a0<a href=\"https:\/\/www.alquds.com\/en\/posts\/161139\" rel=\"noopener\">Al-Qods<\/a>\u00a0\u2013 Traduction :\u00a0<a href=\"https:\/\/www.chroniquepalestine.com\/belfast-a-gaza-lecons-irlande-du-nord-pour-palestiniens\">Chronique de Palestine<\/a>\u00a0\u2013 Lotfallah<\/em><\/p>\n<p><a href=\"https:\/\/www.chroniquepalestine.com\/belfast-a-gaza-lecons-irlande-du-nord-pour-palestiniens\/\">SOURCE<\/a><\/p>\n<\/div>\n","protected":false},"excerpt":{"rendered":"<p>De Belfast \u00e0 Gaza : le\u00e7ons de l\u2019Irlande du Nord pour les Palestiniens Par\u00a0Samah Jabr L\u2019Irlande du Nord a connu un conflit sanglant qui a dur\u00e9 trois d\u00e9cennies, connu sous le nom de \u00ab Troubles \u00bb, qui a fait pr\u00e8s de 3300 morts parmi une population de moins de deux millions d\u2019habitants, laissant derri\u00e8re lui &#8230; <a title=\"De Belfast \u00e0 Gaza : le\u00e7ons de l\u2019Irlande du Nord pour les Palestiniens\" class=\"read-more\" href=\"https:\/\/bruxelles-pantheres.be\/?p=6348\" aria-label=\"En savoir plus sur De Belfast \u00e0 Gaza : le\u00e7ons de l\u2019Irlande du Nord pour les Palestiniens\">Lire la suite<\/a><\/p>\n","protected":false},"author":1,"featured_media":5864,"comment_status":"open","ping_status":"open","sticky":false,"template":"","format":"standard","meta":{"footnotes":""},"categories":[21,36,4,6,8,28],"tags":[617,618,619,550,527,401],"class_list":["post-6348","post","type-post","status-publish","format-standard","has-post-thumbnail","hentry","category-anti-imperialisme","category-europe","category-islamophobie","category-palestine-moyen-orient","category-prisons","category-racismes","tag-armee-republicaine-irlandaise-ira","tag-bloody-sunday","tag-bobby-sand","tag-irlande","tag-khader-adnan","tag-samah-jabr"],"_links":{"self":[{"href":"https:\/\/bruxelles-pantheres.be\/index.php?rest_route=\/wp\/v2\/posts\/6348","targetHints":{"allow":["GET"]}}],"collection":[{"href":"https:\/\/bruxelles-pantheres.be\/index.php?rest_route=\/wp\/v2\/posts"}],"about":[{"href":"https:\/\/bruxelles-pantheres.be\/index.php?rest_route=\/wp\/v2\/types\/post"}],"author":[{"embeddable":true,"href":"https:\/\/bruxelles-pantheres.be\/index.php?rest_route=\/wp\/v2\/users\/1"}],"replies":[{"embeddable":true,"href":"https:\/\/bruxelles-pantheres.be\/index.php?rest_route=%2Fwp%2Fv2%2Fcomments&post=6348"}],"version-history":[{"count":1,"href":"https:\/\/bruxelles-pantheres.be\/index.php?rest_route=\/wp\/v2\/posts\/6348\/revisions"}],"predecessor-version":[{"id":6349,"href":"https:\/\/bruxelles-pantheres.be\/index.php?rest_route=\/wp\/v2\/posts\/6348\/revisions\/6349"}],"wp:featuredmedia":[{"embeddable":true,"href":"https:\/\/bruxelles-pantheres.be\/index.php?rest_route=\/wp\/v2\/media\/5864"}],"wp:attachment":[{"href":"https:\/\/bruxelles-pantheres.be\/index.php?rest_route=%2Fwp%2Fv2%2Fmedia&parent=6348"}],"wp:term":[{"taxonomy":"category","embeddable":true,"href":"https:\/\/bruxelles-pantheres.be\/index.php?rest_route=%2Fwp%2Fv2%2Fcategories&post=6348"},{"taxonomy":"post_tag","embeddable":true,"href":"https:\/\/bruxelles-pantheres.be\/index.php?rest_route=%2Fwp%2Fv2%2Ftags&post=6348"}],"curies":[{"name":"wp","href":"https:\/\/api.w.org\/{rel}","templated":true}]}}