{"id":6356,"date":"2025-06-03T23:49:00","date_gmt":"2025-06-03T22:49:00","guid":{"rendered":"https:\/\/bruxelles-pantheres.be\/?p=6356"},"modified":"2025-06-09T18:12:03","modified_gmt":"2025-06-09T17:12:03","slug":"justice-verite-pour-fabian","status":"publish","type":"post","link":"https:\/\/bruxelles-pantheres.be\/?p=6356","title":{"rendered":"Justice &#038; V\u00e9rit\u00e9 pour #Fabian : questions pr\u00e9cises, techniques, juridiques, mat\u00e9rielles, et politiques."},"content":{"rendered":"<div class=\"x14z9mp xat24cr x1lziwak x1vvkbs xtlvy1s x126k92a\">\n<div dir=\"auto\">J\u2019\u00e9cris ce soir dans un m\u00e9lange de tristesse, de col\u00e8re et rage.<\/div>\n<\/div>\n<div class=\"x14z9mp xat24cr x1lziwak x1vvkbs xtlvy1s x126k92a\">\n<div dir=\"auto\">Un enfant de 11 ans, pr\u00e9nomm\u00e9 Fabien, est mort \u00e0 Bruxelles, percut\u00e9 par une voiture de police en plein milieu d\u2019un parc. L\u2019\u00e9v\u00e9nement est rapport\u00e9 par la presse comme un \u00ab accident \u00bb, un tragique accident de plus. Comme si le mot \u00ab\u00a0accident\u00a0\u00bb suffisait \u00e0 refermer la plaie, \u00e0 neutraliser la col\u00e8re. Comme si ce n&rsquo;\u00e9tait pas une mort politique, une cons\u00e9quence directe de l\u2019impunit\u00e9 polici\u00e8re, et d\u2019une culture de la violence d\u2019\u00c9tat.<\/div>\n<\/div>\n<div class=\"x14z9mp xat24cr x1lziwak x1vvkbs xtlvy1s x126k92a\">\n<div dir=\"auto\">Un enfant mort. Une police sans contr\u00f4le. Une justice qui tarde.<\/div>\n<\/div>\n<p><!--more--><\/p>\n<div class=\"xdj266r x14z9mp xat24cr x1lziwak x1vvkbs x126k92a\">\n<div dir=\"auto\"><a href=\"https:\/\/bruxelles-pantheres.be\/wp-content\/uploads\/2013\/11\/police.jpg\"><img decoding=\"async\" class=\"aligncenter wp-image-1059 size-full\" src=\"https:\/\/bruxelles-pantheres.be\/wp-content\/uploads\/2013\/11\/police.jpg\" alt=\"\" width=\"492\" height=\"480\" srcset=\"https:\/\/bruxelles-pantheres.be\/wp-content\/uploads\/2013\/11\/police.jpg 492w, https:\/\/bruxelles-pantheres.be\/wp-content\/uploads\/2013\/11\/police-300x293.jpg 300w\" sizes=\"(max-width: 492px) 100vw, 492px\" \/><\/a><\/div>\n<\/div>\n<div class=\"x14z9mp xat24cr x1lziwak x1vvkbs xtlvy1s x126k92a\"><\/div>\n<div class=\"x14z9mp xat24cr x1lziwak x1vvkbs xtlvy1s x126k92a\">\n<div dir=\"auto\"><\/div>\n<p dir=\"auto\">Il est encore difficile d\u2019obtenir des informations claires et pr\u00e9cises sur les circonstances du drame. Mais certains faits sont d\u00e9j\u00e0 accablants :<\/p>\n<\/div>\n<div dir=\"auto\">\u2022 Un v\u00e9hicule de police a percut\u00e9 un enfant en trottinette.<\/div>\n<div dir=\"auto\">\u2022 L\u2019enfant est mort.<\/div>\n<div dir=\"auto\">\u2022 Les policiers impliqu\u00e9s n\u2019ont, \u00e0 ce jour, fait l\u2019objet d\u2019aucune suspension imm\u00e9diate, et aucune d\u00e9claration officielle ne fait \u00e9tat d\u2019une mise en cause p\u00e9nale s\u00e9rieuse.<\/div>\n<div dir=\"auto\">\u2022 Le Comit\u00e9 P reste silencieux.<\/div>\n<div dir=\"auto\">\u2022 Les m\u00e9dias g\u00e9n\u00e9ralistes minimisent les faits.<\/div>\n<div dir=\"auto\">\u2022 Aucune autorit\u00e9 n\u2019a pr\u00e9sent\u00e9 d\u2019excuses officielles \u00e0 la famille.<\/div>\n<div dir=\"auto\"><\/div>\n<div dir=\"auto\">Pire encore : si le jeune Fabien avait \u00e9t\u00e9 en cause dans une infraction, il aurait \u00e9t\u00e9 imm\u00e9diatement criminalis\u00e9. Mais l\u00e0, c\u2019est la police qui tue, alors on tait, on efface, on attend que le silence fasse son travail.<\/div>\n<div dir=\"auto\"><\/div>\n<div dir=\"auto\">Ce silence, nous le refusons.<\/div>\n<div dir=\"auto\"><\/div>\n<div dir=\"auto\">Il ne peut pas y avoir de justice sans pression collective.<\/div>\n<div dir=\"auto\"><\/div>\n<div dir=\"auto\">Nous avons assist\u00e9, ces derni\u00e8res ann\u00e9es, \u00e0 une banalisation croissante des violences polici\u00e8res : jeunes renvers\u00e9s, mutil\u00e9s, tabass\u00e9s, harcel\u00e9s, tu\u00e9s. La majorit\u00e9 de ces victimes sont des jeunes issus des quartiers populaires, Noirs, Arabes, Rroms, avec ou sans-papiers, mais tous sans d\u00e9fense, toujours sans voix dans les ar\u00e8nes judiciaires domin\u00e9es par l&rsquo;institution polici\u00e8re.<\/div>\n<div dir=\"auto\"><\/div>\n<div dir=\"auto\">Nous avons besoin de vous.<\/div>\n<div dir=\"auto\"><\/div>\n<div dir=\"auto\">Nous avons besoin que les structures l\u00e9gitimes qui disent d\u00e9fendre les droits humains se tiennent du bon c\u00f4t\u00e9 de l\u2019Histoire.<\/div>\n<div dir=\"auto\">Celui des familles.<\/div>\n<div dir=\"auto\">Celui des vivants.<\/div>\n<div dir=\"auto\">Celui des morts aussi, qu\u2019on refuse d\u2019oublier.<\/div>\n<div dir=\"auto\"><\/div>\n<div dir=\"auto\">Nous appelons chaque organisation, chaque collectif, chaque personne morale dot\u00e9e d\u2019un statut juridique, \u00e0 se porter partie civile dans cette affaire, afin de :<\/div>\n<div dir=\"auto\"><\/div>\n<div dir=\"auto\">1. Exiger la transparence compl\u00e8te sur les faits.<\/div>\n<div dir=\"auto\">2. Veiller \u00e0 ce que justice soit rendue \u00e0 la famille.<\/div>\n<div dir=\"auto\">3. \u00c9viter l\u2019impunit\u00e9 polici\u00e8re.<\/div>\n<div dir=\"auto\">4. Envoyer un message clair \u00e0 toutes les forces de l\u2019ordre : aucune vie d\u2019enfant ne peut \u00eatre sacrifi\u00e9e sur l\u2019autel de la pr\u00e9cipitation, de la violence, de l\u2019arrogance ou du m\u00e9pris.<\/div>\n<div dir=\"auto\"><\/div>\n<div dir=\"auto\">Car si vous ne le faites pas, qui le fera ?<\/div>\n<div dir=\"auto\"><\/div>\n<div dir=\"auto\">Nous savons que le courage politique co\u00fbte. Mais le silence co\u00fbte encore plus cher \u00e0 nos vies, \u00e0 nos quartiers, \u00e0 nos enfants.<\/div>\n<div dir=\"auto\"><\/div>\n<div dir=\"auto\">Nous demandons :<\/div>\n<div dir=\"auto\"><\/div>\n<div dir=\"auto\">\u2022 La suspension imm\u00e9diate des agents impliqu\u00e9s.<\/div>\n<div dir=\"auto\">\u2022 La publication compl\u00e8te des faits, images, rapports, donn\u00e9es.<\/div>\n<div dir=\"auto\">\u2022 La mise sous scell\u00e9 et ind\u00e9pendante des preuves num\u00e9riques.<\/div>\n<div dir=\"auto\">\u2022 Une enqu\u00eate publique, ouverte, avec des experts ind\u00e9pendants, incluant des repr\u00e9sentants de la soci\u00e9t\u00e9 civile.<\/div>\n<div dir=\"auto\">\u2022 Une expertise technique contradictoire, men\u00e9e par des professionnels autres que la police.<\/div>\n<div dir=\"auto\">\u2022 La qualification judiciaire des faits d\u2019homicide.<\/div>\n<div dir=\"auto\">\u2022 La transparence sur les ant\u00e9c\u00e9dents du conducteur et de sa brigade.<\/div>\n<div dir=\"auto\"><\/div>\n<div dir=\"auto\">Pour Fabien : la v\u00e9rit\u00e9 est une exigence, pas une faveur.<\/div>\n<div dir=\"auto\"><\/div>\n<div dir=\"auto\">Alors nous posons ces questions simples, pr\u00e9cises, \u00e9l\u00e9mentaires, que toute personne devrait poser imm\u00e9diatement lorsqu\u2019un agent de la force publique tue.<\/div>\n<div dir=\"auto\">Quand la police tue, nos questions deviennent des armes.<\/div>\n<div dir=\"auto\"><\/div>\n<div dir=\"auto\">Parce que dans ce pays, quand la police tue, le silence tue une deuxi\u00e8me fois.<\/div>\n<div dir=\"auto\">Alors on pose des questions pr\u00e9cises, techniques, juridiques, mat\u00e9rielles, et politiques.<\/div>\n<ul>\n<li>Le v\u00e9hicule de police \u00e9tait-il d\u00e9j\u00e0 dans le parc ? Sur le trottoir ? Sur la route ?<\/li>\n<li>Pourquoi la voiture se retrouve-t-elle sur une pelouse, comme on le voit sur les photos ?<\/li>\n<li>Quel \u00e9tait le parcours exact de la poursuite ?<\/li>\n<\/ul>\n<ul>\n<li dir=\"auto\">Quel \u00e9tait l\u2019objectif exact de la course-poursuite ?<\/li>\n<li dir=\"auto\">Qui poursuivait-on ?<\/li>\n<li dir=\"auto\">\u00c9tait-ce proportionn\u00e9 d&rsquo;engager une course-poursuite motoris\u00e9e pour ce motif ?<\/li>\n<li dir=\"auto\">Y avait-il un danger imm\u00e9diat pour la population justifiant une telle action ?<\/li>\n<\/ul>\n<ul>\n<li dir=\"auto\">\u00c0 quelle vitesse roulait la voiture de police ?<\/li>\n<li dir=\"auto\">Dispose-t-on du relev\u00e9 exact de la vitesse \u00e0 l\u2019impact ?<\/li>\n<li dir=\"auto\">\u00c0 30, 50, 70 km\/h ? Quelle \u00e9tait la vitesse exacte, seconde par seconde, avant l\u2019impact ?<\/li>\n<li dir=\"auto\">La voiture \u00e9tait-elle \u00e9quip\u00e9e d\u2019un enregistreur (bo\u00eete noire) ?<\/li>\n<li dir=\"auto\">O\u00f9 sont les donn\u00e9es GPS, de freinage, d&rsquo;acc\u00e9l\u00e9ration, de courbe ?<\/li>\n<\/ul>\n<ul>\n<li dir=\"auto\">Gyrophare et sir\u00e8ne : allum\u00e9s ou non ?<\/li>\n<li dir=\"auto\">Si non, pourquoi la course-poursuite a-t-elle \u00e9t\u00e9 entam\u00e9e sans signal lumineux ?<\/li>\n<li dir=\"auto\">\u00c9tait-ce une course-poursuite officielle ou improvis\u00e9e ? A-t-on tent\u00e9 de pr\u00e9venir les pi\u00e9tons ? Les automobilistes ? Les passants ?<\/li>\n<li dir=\"auto\">Y avait-il un protocole d&rsquo;intervention enclench\u00e9 ?<\/li>\n<\/ul>\n<ul>\n<li dir=\"auto\">Qui a donn\u00e9 l\u2019ordre de la course-poursuite ?<\/li>\n<li dir=\"auto\">Quelle hi\u00e9rarchie a valid\u00e9 l\u2019intervention ?<\/li>\n<li dir=\"auto\">Y a-t-il une trace \u00e9crite ou audio de cet ordre ?<\/li>\n<li dir=\"auto\">La situation justifiait-elle r\u00e9ellement une course-poursuite motoris\u00e9e ?<\/li>\n<\/ul>\n<ul>\n<li dir=\"auto\">Permis de conduire du policier : \u00c9tait-il valide ?<\/li>\n<li dir=\"auto\">Le conducteur \u00e9tait-il form\u00e9 \u00e0 la conduite d&rsquo;urgence ?<\/li>\n<li dir=\"auto\">Depuis combien de temps \u00e9tait-il actif au sein des patrouilles de terrain ?<\/li>\n<\/ul>\n<ul>\n<li dir=\"auto\">Des agents au sol ont-ils tent\u00e9 une interpellation non motoris\u00e9e ?<\/li>\n<li dir=\"auto\">Des patrouilles p\u00e9destres ou non motoris\u00e9s ont-ils \u00e9t\u00e9 envisag\u00e9s ?<\/li>\n<\/ul>\n<ul>\n<li dir=\"auto\">Des agents impliqu\u00e9s ont-ils d\u00e9j\u00e0 fait l\u2019objet de sanctions disciplinaires ?<\/li>\n<li dir=\"auto\">Si oui, pour quel motif ?<\/li>\n<li dir=\"auto\">Ont-ils d\u00e9j\u00e0 \u00e9t\u00e9 impliqu\u00e9s dans des faits de violence ou de conduite ?<\/li>\n<\/ul>\n<ul>\n<li dir=\"auto\">Y a-t-il eu une analyse toxicologique des policiers impliqu\u00e9s ?<\/li>\n<li dir=\"auto\">A-t-on test\u00e9 leur alcool\u00e9mie ? Leur usage de stup\u00e9fiants ? Comme cela se fait automatiquement pour tout autre citoyen impliqu\u00e9 dans un accident mortel ?Ont-ils \u00e9t\u00e9 r\u00e9alis\u00e9s imm\u00e9diatement ?<\/li>\n<li dir=\"auto\">R\u00e9sultats ? Alcool ? M\u00e9dicaments ? Drogues ?<\/li>\n<\/ul>\n<ul>\n<li dir=\"auto\">L\u2019autopsie de Fabien sera-t-elle rendue publique ?<\/li>\n<li dir=\"auto\">Quels sont les traumatismes constat\u00e9s ?<\/li>\n<li dir=\"auto\">\u00c0 quelle vitesse estim\u00e9e l\u2019impact a-t-il eu lieu ?<\/li>\n<\/ul>\n<ul>\n<li dir=\"auto\">Les policiers au volant \u00e9taient-ils titulaires d\u2019un permis de conduire en cours de validit\u00e9 ?<\/li>\n<li dir=\"auto\">Combien de policiers en Belgique roulent sans permis ou avec un permis suspendu ? Combien d\u2019accident impliquant un v\u00e9hicule de police ces derni\u00e8res ann\u00e9es ? Ces donn\u00e9es existent-elles ? Seront-elles rendues publiques ?<\/li>\n<\/ul>\n<ul>\n<li dir=\"auto\">Quel \u00e9tait l\u2019\u00e9tat du v\u00e9hicule ?<\/li>\n<li dir=\"auto\">Pneus, freins, amortisseurs, \u00e9tat de maintenance ?<\/li>\n<li dir=\"auto\">Le v\u00e9hicule \u00e9tait-il en ordre de contr\u00f4le technique ?<\/li>\n<\/ul>\n<ul>\n<li dir=\"auto\">A-t-on collect\u00e9 toutes les images disponibles ?<\/li>\n<li dir=\"auto\">Qu\u2019indiquent les images des cam\u00e9ras de surveillance ?<\/li>\n<li dir=\"auto\">O\u00f9 sont les enregistrements ?<\/li>\n<li dir=\"auto\">Y avait-il des cam\u00e9ras embarqu\u00e9es dans le v\u00e9hicule ?<\/li>\n<li dir=\"auto\">Les policiers ont-ils leurs micro-cam\u00e9ras (bodycams) activ\u00e9es ?<\/li>\n<li dir=\"auto\">Si oui, o\u00f9 sont les enregistrements ?<\/li>\n<li dir=\"auto\">Qui y a acc\u00e8s ?<\/li>\n<li dir=\"auto\">Si non, pourquoi ?<\/li>\n<\/ul>\n<ul>\n<li dir=\"auto\">Qu&rsquo;ont dit les communications radio entre policiers ?<\/li>\n<li dir=\"auto\">Y a-t-il eu des ordres ? Des consignes ? Des discussions avant ou apr\u00e8s l\u2019impact ? Qui a valid\u00e9 la course-poursuite ? Quelle hi\u00e9rarchie ? Quels mots ? Quel ton ?<\/li>\n<\/ul>\n<ul>\n<li dir=\"auto\">Pourquoi n\u2019y a-t-il pas de suspension imm\u00e9diate des agents impliqu\u00e9s ?<\/li>\n<\/ul>\n<ul>\n<li dir=\"auto\">Un enfant est mort. Pourquoi les agents sont-ils toujours en poste ?<\/li>\n<\/ul>\n<ul>\n<li dir=\"auto\">Intervention m\u00e9dicalis\u00e9e post-impact : En combien de temps les secours sont-ils intervenus ?<\/li>\n<li dir=\"auto\">Y avait-il un secouriste dans le v\u00e9hicule de police ?<\/li>\n<li dir=\"auto\">A-t-on tent\u00e9 de r\u00e9animer Fabien sur place ?<\/li>\n<\/ul>\n<ul>\n<li dir=\"auto\">Le bourgmestre ou la zone de police ont-ils d\u00e9j\u00e0 eu des incidents similaires ?<\/li>\n<li dir=\"auto\">Y a-t-il un historique dans cette zone ?<\/li>\n<li dir=\"auto\">Combien d\u2019accident pour conduite dangereuse avec des v\u00e9hicules de police ces 5 derni\u00e8res ann\u00e9es ?<\/li>\n<\/ul>\n<ul>\n<li dir=\"auto\">Quelles sont les garanties d\u2019ind\u00e9pendance de l\u2019enqu\u00eate ?<\/li>\n<li dir=\"auto\">Le Comit\u00e9 P enqu\u00eate ? La police enqu\u00eate sur la police ? La justice enqu\u00eate-t-elle r\u00e9ellement ou attend-elle la fin du \u00ab\u00a0buzz\u00a0\u00bb m\u00e9diatique pour classer l\u2019affaire ?<\/li>\n<\/ul>\n<ul>\n<li dir=\"auto\">Y aura-t-il une enqu\u00eate parlementaire sur la dangerosit\u00e9 des interventions motoris\u00e9es ?<\/li>\n<li dir=\"auto\">Qui portera cette demande ? Quels partis s\u2019expriment ? Qui se tait ?<\/li>\n<\/ul>\n<ul>\n<li dir=\"auto\">Quelles actions r\u00e9paratrices seront propos\u00e9es \u00e0 la famille de Fabien ?<\/li>\n<li dir=\"auto\">Suivi psychologique, reconnaissance publique ?<\/li>\n<li dir=\"auto\">Qui s\u2019excuse, qui assume, qui se cache ?<\/li>\n<\/ul>\n<div dir=\"auto\">\u00c0 toutes ces questions, on exige des r\u00e9ponses.<\/div>\n<div dir=\"auto\"><\/div>\n<div dir=\"auto\">On veut des r\u00e9ponses. Pas des silences. Pas des formules creuses. Pas des communiqu\u00e9s d\u00e9sincarn\u00e9s. Pas des condol\u00e9ances technocratiques \u00e0 la famille de Fabien pendant que l\u2019\u00c9tat prot\u00e8ge les siens.<\/div>\n<div dir=\"auto\"><\/div>\n<div dir=\"auto\">Claires. Publiques. Sans zones d\u2019ombre. Pas dans cinq ans, pas apr\u00e8s \u00ab\u00a0la fin de l\u2019instruction\u00a0\u00bb. Pas quand les m\u00e9dias seront pass\u00e9s \u00e0 autre chose. Maintenant.<\/div>\n<div dir=\"auto\"><\/div>\n<div dir=\"auto\">Et si la justice ne r\u00e9pond pas, nous continuerons \u00e0 poser les questions.<\/div>\n<div dir=\"auto\"><\/div>\n<div dir=\"auto\">Et si les responsables ne sont pas poursuivis, nous poursuivrons leur m\u00e9moire.<\/div>\n<div dir=\"auto\"><\/div>\n<div dir=\"auto\">Et si l\u2019\u00c9tat refuse d\u2019agir, nous agirons par nous-m\u00eames.<\/div>\n<div dir=\"auto\"><\/div>\n<div dir=\"auto\">Parce que ce n\u2019est pas seulement la vie de Fabien qu\u2019on a arrach\u00e9e, mais aussi un peu de notre confiance, un peu de notre dignit\u00e9 collective, un peu de notre droit de vivre sans peur de mourir sous les roues d\u2019une voiture de police, sir\u00e8ne ou pas.<\/div>\n<div dir=\"auto\"><\/div>\n<div dir=\"auto\">Pour Fabien. Pour tous les autres. Pour demain.<\/div>\n<div dir=\"auto\"><\/div>\n<div dir=\"auto\">La mort de Fabien ne peut pas \u00eatre une simple statistique. Elle ne peut pas \u00eatre enterr\u00e9e sans proc\u00e8s, sans regard, sans m\u00e9moire.<\/div>\n<div dir=\"auto\"><\/div>\n<div class=\"x14z9mp xat24cr x1lziwak x1vvkbs xtlvy1s x126k92a\">\n<p dir=\"auto\">Nous exigeons la v\u00e9rit\u00e9.<\/p>\n<p dir=\"auto\">Nous exigeons la justice.<\/p>\n<p dir=\"auto\">Nous exigeons la dignit\u00e9.<\/p>\n<\/div>\n<div dir=\"auto\">\n<p><span class=\"gmail_signature_prefix\">&#8212;<\/span><\/p>\n<div class=\"gmail_signature\" dir=\"ltr\" data-smartmail=\"gmail_signature\">\n<div dir=\"ltr\">\n<div>\n<div dir=\"ltr\"><b>Nordine Sa\u00efdi<br \/>\n<a href=\"https:\/\/bruxelles-pantheres.be\/\" target=\"_blank\" rel=\"noopener\">Bruxelles Panth\u00e8res<\/a><\/b><br \/>\n<i>\u00ab\u00a0La libert\u00e9, la justice et l&rsquo;\u00e9galit\u00e9, par tous les moyens n\u00e9cessaires !\u00a0\u00bb<\/i>\u00a0Malcolm X<a href=\"http:\/\/mcpalestine.canalblog.com\/\" target=\"_blank\" rel=\"noopener\">Mouvement Citoyen Palestine<\/a><i>\u00ab L&rsquo;\u00e9galit\u00e9 ou rien \u00bb\u00a0<\/i>Edward Said<\/div>\n<\/div>\n<\/div>\n<\/div>\n<\/div>\n","protected":false},"excerpt":{"rendered":"<p>J\u2019\u00e9cris ce soir dans un m\u00e9lange de tristesse, de col\u00e8re et rage. Un enfant de 11 ans, pr\u00e9nomm\u00e9 Fabien, est mort \u00e0 Bruxelles, percut\u00e9 par une voiture de police en plein milieu d\u2019un parc. L\u2019\u00e9v\u00e9nement est rapport\u00e9 par la presse comme un \u00ab accident \u00bb, un tragique accident de plus. Comme si le mot \u00ab\u00a0accident\u00a0\u00bb &#8230; <a title=\"Justice &#038; V\u00e9rit\u00e9 pour #Fabian : questions pr\u00e9cises, techniques, juridiques, mat\u00e9rielles, et politiques.\" class=\"read-more\" href=\"https:\/\/bruxelles-pantheres.be\/?p=6356\" aria-label=\"En savoir plus sur Justice &#038; V\u00e9rit\u00e9 pour #Fabian : questions pr\u00e9cises, techniques, juridiques, mat\u00e9rielles, et politiques.\">Lire la suite<\/a><\/p>\n","protected":false},"author":1,"featured_media":6352,"comment_status":"open","ping_status":"open","sticky":false,"template":"","format":"standard","meta":{"footnotes":""},"categories":[539,36,18,28,5],"tags":[621,13,54,609],"class_list":["post-6356","post","type-post","status-publish","format-standard","has-post-thumbnail","hentry","category-belgique","category-europe","category-resistance-bruxelles","category-racismes","category-violence-policiere","tag-fabian","tag-nordine-saidi","tag-police","tag-racisme"],"_links":{"self":[{"href":"https:\/\/bruxelles-pantheres.be\/index.php?rest_route=\/wp\/v2\/posts\/6356","targetHints":{"allow":["GET"]}}],"collection":[{"href":"https:\/\/bruxelles-pantheres.be\/index.php?rest_route=\/wp\/v2\/posts"}],"about":[{"href":"https:\/\/bruxelles-pantheres.be\/index.php?rest_route=\/wp\/v2\/types\/post"}],"author":[{"embeddable":true,"href":"https:\/\/bruxelles-pantheres.be\/index.php?rest_route=\/wp\/v2\/users\/1"}],"replies":[{"embeddable":true,"href":"https:\/\/bruxelles-pantheres.be\/index.php?rest_route=%2Fwp%2Fv2%2Fcomments&post=6356"}],"version-history":[{"count":4,"href":"https:\/\/bruxelles-pantheres.be\/index.php?rest_route=\/wp\/v2\/posts\/6356\/revisions"}],"predecessor-version":[{"id":6362,"href":"https:\/\/bruxelles-pantheres.be\/index.php?rest_route=\/wp\/v2\/posts\/6356\/revisions\/6362"}],"wp:featuredmedia":[{"embeddable":true,"href":"https:\/\/bruxelles-pantheres.be\/index.php?rest_route=\/wp\/v2\/media\/6352"}],"wp:attachment":[{"href":"https:\/\/bruxelles-pantheres.be\/index.php?rest_route=%2Fwp%2Fv2%2Fmedia&parent=6356"}],"wp:term":[{"taxonomy":"category","embeddable":true,"href":"https:\/\/bruxelles-pantheres.be\/index.php?rest_route=%2Fwp%2Fv2%2Fcategories&post=6356"},{"taxonomy":"post_tag","embeddable":true,"href":"https:\/\/bruxelles-pantheres.be\/index.php?rest_route=%2Fwp%2Fv2%2Ftags&post=6356"}],"curies":[{"name":"wp","href":"https:\/\/api.w.org\/{rel}","templated":true}]}}