{"id":6363,"date":"2025-06-13T14:52:01","date_gmt":"2025-06-13T13:52:01","guid":{"rendered":"https:\/\/bruxelles-pantheres.be\/?p=6363"},"modified":"2025-06-30T21:05:54","modified_gmt":"2025-06-30T20:05:54","slug":"fabian-11-ans-fauche-par-la-police-pour-une-emotion-collective-qui-lutte-contre-loubli-des-autres-morts","status":"publish","type":"post","link":"https:\/\/bruxelles-pantheres.be\/?p=6363","title":{"rendered":"Fabian, 11 ans, fauch\u00e9 par la police : pour une \u00e9motion collective qui lutte contre l\u2019oubli des autres morts"},"content":{"rendered":"<p><strong>Fabian, 11 ans, fauch\u00e9 par la police : pour une \u00e9motion collective qui lutte contre l\u2019oubli des autres morts<\/strong><\/p>\n<p>Samedi 02 juin 2025, \u00e0 Bruxelles. Un enfant de 11 ans, Fabian, meurt percut\u00e9 par une voiture de police alors qu\u2019il se trouve sur sa trottinette. Les circonstances exactes restent floues, mais l\u2019\u00e9v\u00e9nement a boulevers\u00e9 une partie importante de la population. Une \u00e9motion forte s\u2019est exprim\u00e9e dans les m\u00e9dias, sur les r\u00e9seaux sociaux, dans les familles, dans la rue.<\/p>\n<p>Et cette \u00e9motion est l\u00e9gitime. Elle est n\u00e9cessaire. Un enfant meurt, et rien ne devrait jamais banaliser cela.<\/p>\n<p><!--more--><\/p>\n<p style=\"text-align: center;\"><a href=\"https:\/\/bruxelles-pantheres.be\/wp-content\/uploads\/2025\/06\/un-hommage-a-fabian-a-eu-lieu-ce-jeudi-5-juin-e1749488898385.avif\"><img decoding=\"async\" class=\"alignnone wp-image-6357 size-full\" src=\"https:\/\/bruxelles-pantheres.be\/wp-content\/uploads\/2025\/06\/un-hommage-a-fabian-a-eu-lieu-ce-jeudi-5-juin-e1749488898385.avif\" alt=\"\" width=\"1050\" height=\"700\" srcset=\"https:\/\/bruxelles-pantheres.be\/wp-content\/uploads\/2025\/06\/un-hommage-a-fabian-a-eu-lieu-ce-jeudi-5-juin-e1749488898385.avif 1050w, https:\/\/bruxelles-pantheres.be\/wp-content\/uploads\/2025\/06\/un-hommage-a-fabian-a-eu-lieu-ce-jeudi-5-juin-e1749488898385-300x200.avif 300w, https:\/\/bruxelles-pantheres.be\/wp-content\/uploads\/2025\/06\/un-hommage-a-fabian-a-eu-lieu-ce-jeudi-5-juin-e1749488898385-1024x683.avif 1024w, https:\/\/bruxelles-pantheres.be\/wp-content\/uploads\/2025\/06\/un-hommage-a-fabian-a-eu-lieu-ce-jeudi-5-juin-e1749488898385-768x512.avif 768w\" sizes=\"(max-width: 1050px) 100vw, 1050px\" \/><\/a><\/p>\n<h1>1.\u00a0 Un meurtre d\u2019Etat \u00e0 analyse \u00e0 l\u2019aulne raciale.<\/h1>\n<p>Pourtant, \u00e0 Bruxelles Panth\u00e8res, \u00e0 et dans tous les milieux antiracistes de terrain, nous savons qu\u2019il ne s\u2019agit ni d\u2019un fait divers isol\u00e9, ni d\u2019un simple accident de la route. <strong>C\u2019est un meurtre d\u2019\u00c9tat. Un assassinat policier inscrit dans un syst\u00e8me de domination raciale.<\/strong><\/p>\n<p>Dire cela n\u2019est pas une provocation. C\u2019est un imp\u00e9ratif analytique. Il est impossible de comprendre la mort de Fabian sans adopter une <strong>lecture antiraciste<\/strong>, c\u2019est-\u00e0-dire une lecture qui relie cette trag\u00e9die \u00e0 un syst\u00e8me plus large, celui de la <strong>supr\u00e9matie blanche<\/strong>, et \u00e0 ses manifestations concr\u00e8tes dans les dispositifs policiers, judiciaires et m\u00e9diatiques.<\/p>\n<p>C\u2019est pourquoi l\u2019ensemble des questions doivent \u00eatre pos\u00e9es, y compris celle des (in)sensibilit\u00e9s diff\u00e9renci\u00e9es selon la race. Car au-del\u00e0 de la tristesse, du choc, de la sid\u00e9ration, une question politique profonde se pose. Pourquoi certaines morts suscitent-elles l\u2019\u00e9motion collective et d\u2019autres non ? Pourquoi la mort de Fabian devient-elle un fait de soci\u00e9t\u00e9, alors que celle d\u2019Adil, d\u2019Ibrahima, de Mehdi, de Lamine, \u2026\u2014 pour ne citer qu\u2019eux \u2014 n\u2019a pas provoqu\u00e9 une indignation aussi large, aussi partag\u00e9e, aussi transversale ?<\/p>\n<p>Soyons clairs : il ne s\u2019agit pas d\u2019opposer les douleurs. Il ne s\u2019agit pas de dire que la mort de Fabian \u00ab\u00a0m\u00e9rite moins\u00a0\u00bb de compassion. Au contraire : chaque vie compte, chaque deuil m\u00e9rite d\u2019\u00eatre entendu, chaque injustice doit \u00eatre d\u00e9nonc\u00e9e.<\/p>\n<p>Ce que nous proposons ici, c\u2019est un d\u00e9placement du regard. Un appel \u00e0 \u00e9largir notre boussole morale. Une invitation \u00e0 interroger nos sensibilit\u00e9s collectives : \u00e0 qui s\u2019adresse-t-on quand on parle de victime ? \u00c0 partir de quand une mort devient-elle \u00ab\u00a0intol\u00e9rable\u00a0\u00bb ? Mais nous proposons aussi de penser Fabian comme une victime du racisme d\u2019Etat. Les deux doivent \u00eatre pens\u00e9es \u00ab\u00a0en m\u00eame temps\u00a0\u00bb.<\/p>\n<h1>2.\u00a0 La mort de Fabian, 11 ans : un meurtre d\u2019\u00c9tat, un meurtre raciste \u2014 lecture antiraciste d\u2019une trag\u00e9die structurelle<\/h1>\n<p style=\"text-align: center;\"><a href=\"https:\/\/bruxelles-pantheres.be\/wp-content\/uploads\/2023\/02\/139208695_10224037162661239_5907799925765849683_n.jpg\"><img decoding=\"async\" class=\"alignnone wp-image-5470 size-full\" src=\"https:\/\/bruxelles-pantheres.be\/wp-content\/uploads\/2023\/02\/139208695_10224037162661239_5907799925765849683_n.jpg\" alt=\"\" width=\"991\" height=\"778\" srcset=\"https:\/\/bruxelles-pantheres.be\/wp-content\/uploads\/2023\/02\/139208695_10224037162661239_5907799925765849683_n.jpg 991w, https:\/\/bruxelles-pantheres.be\/wp-content\/uploads\/2023\/02\/139208695_10224037162661239_5907799925765849683_n-300x236.jpg 300w, https:\/\/bruxelles-pantheres.be\/wp-content\/uploads\/2023\/02\/139208695_10224037162661239_5907799925765849683_n-768x603.jpg 768w\" sizes=\"(max-width: 991px) 100vw, 991px\" \/><\/a><\/p>\n<h2>2.1.\u00a0\u00a0\u00a0\u00a0\u00a0\u00a0\u00a0 Une police structur\u00e9e par la race<\/h2>\n<p>Commen\u00e7ons par-l\u00e0 : la police belge est une structure d\u2019\u00c9tat raciste, et elle ne peut \u00eatre comprise autrement. Rappelons-le, le racisme n\u2019est pas une attitude individuelle, mais, d\u2019apr\u00e8s la g\u00e9ographe abolitionniste Ruth Gilmore, la production et l\u2019exploitation de diff\u00e9rences groupales justifiant l&rsquo;exposition diff\u00e9renci\u00e9e \u00e0 la mort. Or, que fait la police en Belgique sinon exposer les Noirs, les Arabes et les enfants des classes populaires racialis\u00e9es \u00e0 la violence, \u00e0 l\u2019humiliation, \u00e0 la mort ? La mort de Fabian s\u2019inscrit dans un continuum de crimes policiers : Adil, Ibrahima, Mehdi, Lamine, Mawda, Sabrina, Ouassim, \u2014 et tant d\u2019autres.<\/p>\n<p>\u00c0 chaque fois, le m\u00eame sc\u00e9nario : pr\u00e9somption de culpabilit\u00e9, d\u00e9shumanisation, criminalisation post-mortem des victimes et intimidation des familles. Leurs proches sont trait\u00e9s comme des suspects, perquisitionn\u00e9s, r\u00e9duits au silence, et contraints \u00e0 faire le deuil dans l\u2019isolement et le soup\u00e7on. Ce n\u2019est pas une succession d\u2019anomalies : c\u2019est la norme.<\/p>\n<p>Dans cette affaire, comme dans tant d\u2019autres, c\u2019est la police qui est en cause. Et comme souvent, une partie de l\u2019appareil d\u2019\u00c9tat semble vouloir refermer le d\u00e9bat rapidement : \u00ab\u00a0accident\u00a0\u00bb, \u00ab\u00a0circonstances tragiques\u00a0\u00bb, \u00ab\u00a0pas d\u2019intention\u00a0\u00bb. Ces mots nous sont familiers.<\/p>\n<p>Pourtant, des familles et des collectifs antiracistes d\u00e9noncent depuis des ann\u00e9es un probl\u00e8me structurel dans la fa\u00e7on dont la police exerce son pouvoir, en particulier envers les jeunes Noirs, Arabes, Rroms, Migrants ou Sans papiers.<\/p>\n<p>Et aujourd\u2019hui, m\u00eame si Fabian n\u2019est pas Noir ni Arabe, il appartient \u00e0 cette classe d\u2019enfants expos\u00e9s : enfants des rues, enfants pauvres, enfants de familles migrantes. Des enfants que l\u2019on surveille, que l\u2019on contr\u00f4le, que l\u2019on suspecte parfois. Sa mort ne contredit pas les analyses antiracistes des violences polici\u00e8res \u2014 elle les confirme.<\/p>\n<h2>2.2.\u00a0\u00a0\u00a0\u00a0\u00a0\u00a0\u00a0 La d\u00e9shumanisation de Fabian\u00a0: la race comme perception.<\/h2>\n<p>Dans ce pays, dans cette Europe, dans cet empire colonial qui s\u2019accroche \u00e0 ses fronti\u00e8res, les enfants racialis\u00e9s ne sont pas vus comme des enfants.<\/p>\n<p>Nous, Bruxelles Panth\u00e8res, avons toujours parl\u00e9 de Noirs, d\u2019Arabes, de Rroms \u2013 et, de mani\u00e8re plus large, des populations issues de l\u2019Est de l\u2019Europe \u2013 comme \u00e9tant les cibles structurelles d\u2019un racisme d\u2019\u00c9tat.<br \/>\nCe n\u2019est pas un hasard si la police a poursuivi un enfant dans un parc, \u00e0 cette vitesse, avec une telle brutalit\u00e9. Ce n\u2019est pas la trottinette qui a d\u00e9clench\u00e9 la violence, c\u2019est ce qu\u2019ils ont per\u00e7u de ce corps sur la trottinette, dans ce quartier.<\/p>\n<p>Fabian, dans leurs yeux, dans leurs r\u00e9flexes, dans leurs formations, dans leurs algorithmes racistes int\u00e9gr\u00e9s, ce n\u2019\u00e9tait pas un enfant, c\u2019\u00e9tait un petit Arabe ou un Rrom\u00a0?<br \/>\nEt donc : pas tout \u00e0 fait un enfant. Pas tout \u00e0 fait innocent. Pas tout \u00e0 fait humain. De la mauvaise graine.<\/p>\n<p>La question raciale ici se complique. Dans l\u2019espace public, Fabian est imm\u00e9diatement per\u00e7u comme un enfant blanc. Il s\u2019appelle Fabian, il a 11 ans, il est sur une trottinette. Pourtant, pour beaucoup de militant\u00b7es de terrain, pour les collectifs antiracistes \u00e0 Bruxelles, il est probable que les policiers l\u2019aient per\u00e7u comme un \u00ab\u00a0petit Arabe\u00a0\u00bb ou Rrom. Parce que son origine moldave \u2014 et plus largement son origine de l\u2019Europe de l\u2019Est \u2014 le place dans une zone grise : il n\u2019est pas un \u00ab\u00a0bon blanc\u00a0\u00bb, il est un blanc p\u00e9riph\u00e9rique, un blanc suspect, un blanc pauvre.<\/p>\n<p>Les jeunes de l\u2019Est per\u00e7us comme arabes ou assimil\u00e9s \u00e0 eux ne sont pas moins expos\u00e9s au racisme d\u2019\u00c9tat \u2014 ils partagent la rue de m\u00eames quartiers avec les autres enfants racialis\u00e9s, en subissent les m\u00eames contr\u00f4les, et parfois, les m\u00eames morts. Le traitement de la famille de Fabian par la police apr\u00e8s sa mort \u2014 menaces, perquisitions, mise sous pression \u2014 est une preuve de cette racialisation n\u00e9gative.<\/p>\n<h2>2.3.\u00a0\u00a0\u00a0\u00a0\u00a0\u00a0\u00a0 L\u2019apr\u00e8s n\u2019est pas un d\u00e9rapage : c\u2019est une strat\u00e9gie judiciaire d\u2019\u00e9touffement.<\/h2>\n<p>Apr\u00e8s avoir tu\u00e9 un enfant, que fait la police ? Elle ne panique pas. Elle ne pleure pas. Elle ne se rend pas. Non. Elle suit un script bien rod\u00e9 : elle criminalise les proches, elle arr\u00eate les camarades, elle perquisitionne la famille, elle fait peur au quartier.<\/p>\n<p>C\u2019est une strat\u00e9gie d\u2019\u00e9touffement et d\u2019intimidation. C\u2019est la m\u00eame dynamique \u00e0 chaque meurtre policier : transformer la victime en suspect, et les proches en criminels potentiels.<br \/>\nC\u2019est ce qui est arriv\u00e9 apr\u00e8s l\u2019assassinat d\u2019Adil ou d\u2019Ibrahima. C\u2019est ce qui est arriv\u00e9 \u00e0 la famille de Mehdi. C\u2019est ce qui s\u2019est pass\u00e9 pour Mo\u00efse Lamine Bangoura \u00e0 Roulers.<\/p>\n<p>Depuis plusieurs ann\u00e9es, en Belgique, nous assistons \u00e0 une s\u00e9rie de morts aux mains ou \u00e0 cause de la police : Sabrina et Ouassim \u2013 Mehdi Bouda \u2013 Adil- Mohamed Amine Berkane \u2013 Ilyes Abbedou \u2013 Ibrahima Barrie \u2013 Mo\u00efse Lamine Bangoura &#8211; \u2026<\/p>\n<p>\u00c0 chaque fois, la m\u00eame douleur, les m\u00eames zones d\u2019ombre, les m\u00eames silences institutionnels. Un fil rouge se dessine : les jeunes issus de l\u2019immigration postcoloniale \u2014 ou per\u00e7us comme tels \u2014 sont sur-expos\u00e9s \u00e0 la violence polici\u00e8re, sans que cela ne provoque de d\u00e9bat national.<\/p>\n<p>La mort de Fabian nous rappelle que ce syst\u00e8me ne tue pas seulement les Noirs et les Arabes \u2014 mais il tue surtout ceux qui sont per\u00e7us comme ind\u00e9sirables, superflus, non-blancs, pauvres. Ce d\u00e9c\u00e8s, encore une fois, suscite de graves pr\u00e9occupations quant \u00e0 la violence polici\u00e8re\u00a0syst\u00e9mique et au racisme institutionnel qui persistent en Belgique.<\/p>\n<p>Pour que cette r\u00e9alit\u00e9 syst\u00e9mique soit prise au s\u00e9rieux, encore faut-il qu\u2019elle puisse \u00eatre reconnue dans et par les proc\u00e9dures judiciaires elles-m\u00eames.<\/p>\n<p>&nbsp;<\/p>\n<p>Or, dans les affaires de violence polici\u00e8re, la dimension raciste est presque toujours pass\u00e9e sous silence dans les proc\u00e9dures judiciaires. Lors des instructions, elle est rarement nomm\u00e9e, encore moins instruite, comme si elle relevait de l\u2019interpr\u00e9tation subjective et non d\u2019un fait social et politique. L\u2019enjeu aujourd\u2019hui, est d\u2019arriver \u00e0 faire reconnaitre dans la sph\u00e8re du droit que le racisme constitue le motif central qui sous-tend les violences polici\u00e8res commises\u00a0:\u00a0\u00a0 il n\u2019est pas seulement un facteur aggravant (un contexte raciste) mais la motivation qui cause,\u00a0inspire et constitue la violence. Il faut aller contre ce refus de qualification qui occulte le caract\u00e8re syst\u00e9mique des violences polici\u00e8res, en particulier lorsqu\u2019elles sont commises par des agents de l\u2019Etat. En individualisant les faits, on ne peut qu\u2019arriver \u00e0 un r\u00e9sultat qui d\u00e9place l\u2019attention vers le comportement suppos\u00e9 de la victime vers sa pr\u00e9tendue d\u00e9sob\u00e9issance, r\u00e9sistance ou dangerosit\u00e9.<\/p>\n<p>&nbsp;<\/p>\n<p>Mettre en \u0153uvre une instruction capable de reconna\u00eetre les violences polici\u00e8res racistes suppose de rompre avec le cadre habituel, qui conf\u00e8re d\u2019embl\u00e9e un caract\u00e8re justifi\u00e9e \u00e0 l\u2019intervention polici\u00e8re. Le point de d\u00e9part de l\u2019instruction repose sur une pr\u00e9somption de bien-fond\u00e9 de l\u2019action poliic\u00e8re, ce qui rend pratiquement impossible l\u2019instruction du mobile raciste. L\u2019enqu\u00eate se limite alors \u00e0 d\u00e9terminer s\u2019il y a eu exc\u00e8s ou d\u00e9faut de maitrise ou de pr\u00e9voyance, sans jamais interroger la possibilit\u00e9 d\u2019une violence gratuite tourn\u00e9e vers la provocation, l\u2019humiliation ou la volont\u00e9 de nuire. N\u2019est jamais interrog\u00e9e la structuration raciale de l\u2019acte, c\u2019est-\u00e0-dire les affects, les perceptions et les rapports de domination pr\u00e9alables qui orientent l\u2019intervention polici\u00e8re. Une v\u00e9ritable instruction devrait donc \u00e9largir le p\u00e9rim\u00e8tre d\u2019analyse : interroger les affects policiers qui pr\u00e9valaient en amont de l\u2019op\u00e9ration, les repr\u00e9sentations racialis\u00e9es mobilis\u00e9es, mais aussi les ant\u00e9c\u00e9dents de la brigade en mati\u00e8re de harc\u00e8lement ou de contr\u00f4le cibl\u00e9s dans la zone concern\u00e9e. Il faut \u00e9galement examiner les gestes pos\u00e9s apr\u00e8s les faits\u202f: les modalit\u00e9s de communication avec les secours, la qualit\u00e9 des soins facilit\u00e9s ou entrav\u00e9s. Sans ce d\u00e9placement du regard et de la m\u00e9thode, aucune justice r\u00e9elle ne peut advenir pour les victimes de violences polici\u00e8res. Il revient aux avocats ainsi qu\u2019aux organisations qui peuvent se constituer partie civile de faire valoir cette approche \u00e9largie. Ce n\u2019est qu\u2019\u00e0 cette condition qu\u2019une justice structur\u00e9e pour reconna\u00eetre les logiques raciales \u00e0 l\u2019\u0153uvre pourra \u00e9merger.<\/p>\n<p><a href=\"https:\/\/bruxelles-pantheres.be\/wp-content\/uploads\/2017\/03\/16649376_1189303187831722_832618022421858463_n.jpg\"><img decoding=\"async\" class=\"aligncenter wp-image-3201 size-full\" src=\"https:\/\/bruxelles-pantheres.be\/wp-content\/uploads\/2017\/03\/16649376_1189303187831722_832618022421858463_n.jpg\" alt=\"\" width=\"678\" height=\"960\" srcset=\"https:\/\/bruxelles-pantheres.be\/wp-content\/uploads\/2017\/03\/16649376_1189303187831722_832618022421858463_n.jpg 678w, https:\/\/bruxelles-pantheres.be\/wp-content\/uploads\/2017\/03\/16649376_1189303187831722_832618022421858463_n-212x300.jpg 212w\" sizes=\"(max-width: 678px) 100vw, 678px\" \/><\/a><\/p>\n<h2>2.4.\u00a0\u00a0\u00a0\u00a0\u00a0\u00a0\u00a0 Une mort qui bouleverse\u2026 mais pourquoi cette \u00e9motion s\u00e9lective ? Racialisation de l\u2019enfance et (in)humanit\u00e9s\u00a0?<\/h2>\n<p>Pourquoi la mort de Fabian a-t-elle suscit\u00e9 tant d\u2019\u00e9motion, et pas celles de Mehdi, d\u2019Ibrahima ou de Mawda ?<\/p>\n<p>Posons cette question frontalement. Elle d\u00e9range, mais elle est fondamentale.<br \/>\nPourquoi la mort de Fabian touche-t-elle davantage de gens ? Pourquoi les m\u00e9dias en parlent-ils autrement ? Pourquoi les politiques sont-ils plus prudents ?<\/p>\n<p>Parce qu\u2019il s\u2019appelle Fabian\u00a0?<br \/>\nParce qu\u2019il a la t\u00eate d\u2019un \u00ab\u00a0petit Blanc\u00a0\u00bb\u00a0?<br \/>\nParce que son pr\u00e9nom et son ph\u00e9notype lui donnent, dans le regard public blanc, le droit d\u2019\u00eatre consid\u00e9r\u00e9 comme un enfant\u00a0?<\/p>\n<p>Un enfant qui meurt, c\u2019est tragique.<br \/>\nMais un petit Arabe qui meurt, c\u2019est suspect.<br \/>\nUn petit Noir qui meurt, c\u2019est ambigu.<br \/>\nUne petite migrante kurde de 2 ans, comme Mawda, tu\u00e9e par une balle polici\u00e8re, n\u2019est pas per\u00e7ue comme une victime.<\/p>\n<p>Oui, il est normal d\u2019\u00eatre boulevers\u00e9 par la mort de Fabian. Un enfant de 11 ans meurt, tu\u00e9 par une voiture de police. Mais ce que nous demandons, ce que nous exigeons, c\u2019est la constance dans l\u2019indignation. O\u00f9 \u00e9tait la compassion pour Ibrahima, mort dans un commissariat ?<br \/>\nPourquoi Mehdi, 17 ans, n\u2019a-t-il pas suscit\u00e9 un \u00e9lan national ?<br \/>\nPourquoi les morts arabes et noires ne b\u00e9n\u00e9ficient-elles jamais du b\u00e9n\u00e9fice du doute, de l\u2019innocence, du chagrin collectif ?<\/p>\n<p>La r\u00e9ponse est crue, mais elle est n\u00e9cessaire : \u00eatre Noir, Arabe, ou per\u00e7u comme tel en Belgique, c\u2019est \u00eatre pr\u00e9sum\u00e9 coupable, m\u00eame mort. C\u2019est n\u2019avoir jamais \u00e9t\u00e9 pleinement un enfant, un citoyen, un sujet digne d\u2019empathie. Achille Mbembe parle de \u00ab n\u00e9cropolitique \u00bb : le pouvoir de l\u2019\u00c9tat de d\u00e9cider qui peut vivre et qui peut mourir dans l\u2019indiff\u00e9rence, sans que cela n\u2019\u00e9meuve.<\/p>\n<p>On le sait gr\u00e2ce aux travaux d\u2019anthropologie et de sociologie critique : les enfants noirs et arabes sont d\u00e9shumanis\u00e9s d\u00e8s l\u2019enfance, surtout dans les espaces publics. Ils ne sont pas vus comme des enfants, mais comme des menaces potentielles. Ils sont plus souvent interpell\u00e9s, fouill\u00e9s, humili\u00e9s, violents, et leurs comportements sont lus \u00e0 travers le prisme du soup\u00e7on. Le traitement policier diff\u00e9rentiel commence d\u00e8s le plus jeune \u00e2ge.<\/p>\n<p>C\u2019est la le\u00e7on politique la plus dure, mais aussi la plus urgente \u00e0 affronter : l\u2019\u00c9tat racial hi\u00e9rarchise les \u00e9motions collectives. Il y a des morts qui suscitent des larmes, et d\u2019autres qui d\u00e9clenchent des proc\u00e9dures. Il y a des cadavres qui deviennent des symboles, et d\u2019autres qui deviennent des \u00a0\u00a0casiers judiciaires. Il y a des enfants qui ont droit au deuil national, et d\u2019autres \u00e0 l\u2019oubli structur\u00e9.<\/p>\n<p>C\u2019est ce que Frantz Fanon appelait la zone du non-\u00eatre, l\u00e0 o\u00f9 les colonis\u00e9s, les racialis\u00e9s, les ind\u00e9sirables, ne sont pas reconnus comme porteurs d\u2019une existence humaine int\u00e9grale.<br \/>\nC\u2019est aussi la mani\u00e8re dont le chagrin, la douleur, la compassion sont filtr\u00e9s selon la race. Il faut donc bien \u00e9tendre ces analyses aux traitements que l\u2019on r\u00e9serve \u00e0 nos morts.<\/p>\n<p><a href=\"https:\/\/bruxelles-pantheres.be\/wp-content\/uploads\/2020\/12\/118861823_3359039130817103_5627628379690342713_n.jpg\"><img decoding=\"async\" class=\"aligncenter wp-image-4637 size-full\" src=\"https:\/\/bruxelles-pantheres.be\/wp-content\/uploads\/2020\/12\/118861823_3359039130817103_5627628379690342713_n.jpg\" alt=\"\" width=\"486\" height=\"642\" srcset=\"https:\/\/bruxelles-pantheres.be\/wp-content\/uploads\/2020\/12\/118861823_3359039130817103_5627628379690342713_n.jpg 486w, https:\/\/bruxelles-pantheres.be\/wp-content\/uploads\/2020\/12\/118861823_3359039130817103_5627628379690342713_n-227x300.jpg 227w\" sizes=\"(max-width: 486px) 100vw, 486px\" \/><\/a><\/p>\n<h1>3.\u00a0 <strong>Ne pas opposer Fabian aux autres : relier les morts, tisser les solidarit\u00e9s<\/strong><\/h1>\n<p>Il serait tentant \u2014 mais dangereux \u2014 d\u2019opposer la mort de Fabian \u00e0 celle de Mehdi, de Mawda ou de Lamine. Nous ne faisons pas cela. Ce que nous disons, c\u2019est que la mort de Fabian r\u00e9v\u00e8le la m\u00eame logique : celle d\u2019un appareil policier autoris\u00e9 \u00e0 tuer en toute impunit\u00e9, dans l\u2019indiff\u00e9rence ou le soutien de la majorit\u00e9 blanche, jusqu\u2019au jour o\u00f9 cette violence touche un enfant \u00ab\u00a0des leurs\u00a0\u00bb.<\/p>\n<p>Mais l\u2019indignation s\u00e9lective r\u00e9v\u00e8le surtout une v\u00e9rit\u00e9 politique : le deuil est racialis\u00e9. Ce sont les corps blancs que l\u2019on pleure publiquement. Ce sont les familles blanches que l\u2019on respecte. Les autres sont criminalis\u00e9es, d\u00e9sign\u00e9es comme responsables de leur propre douleur.<\/p>\n<p>Cette affaire nous donne l\u2019occasion de nous interroger collectivement.<\/p>\n<ul>\n<li>Pourquoi est-ce que la mort de Fabian \u00e9meut si fortement, l\u00e0 o\u00f9 celles d\u2019autres enfants Arabes et Noirs n\u2019ont pas cr\u00e9\u00e9 le m\u00eame type de r\u00e9action ?<\/li>\n<li>Est-ce parce qu\u2019il a 11 ans, qu\u2019il \u00e9tait en trottinette, qu\u2019il \u00e9tait \u00ab\u00a0innocent\u00a0\u00bb ?<\/li>\n<li>Les autres n\u2019\u00e9taient-ils pas aussi des enfants, ou des jeunes, ou des personnes en qu\u00eate de vie ?<\/li>\n<li>Qu\u2019est-ce qui fait que l\u2019on reconna\u00eet une mort comme \u00ab\u00a0injuste\u00a0\u00bb, et que l\u2019on en minimise d\u2019autres ?<\/li>\n<\/ul>\n<p>Ce n\u2019est pas une accusation. Ce sont des questions politiques, humaines, \u00e9thiques, que nous devons tous nous poser. Blancs, citoyens, agents publics, journalistes, \u00e9ducateurs, parents.<\/p>\n<h2>3.1.\u00a0\u00a0\u00a0\u00a0\u00a0\u00a0\u00a0 Et si cette mort devenait un point de bascule ? Relier les morts, faire confiance aux familles.<\/h2>\n<p>Nous avons un choix \u00e0 faire\u00a0: rester dans l\u2019\u00e9motion \u00e0 court terme, ou d\u00e9cider de penser ensemble une r\u00e9ponse politique et antiraciste. D\u00e9velopper des m\u00e9thodologies d\u2019instruction qui permettent de qualifier juridiquement le racisme comme motif central de la violence polici\u00e8re envers les personnes non blanches \u2013 une violence ni\u00e9e juridiquement car l\u2018usage de la force y est pr\u00e9sent\u00e9 comme justifi\u00e9 et la responsabilit\u00e9 de la victime pr\u00e9sum\u00e9e, y compris dans les cat\u00e9gories m\u00eames du droit \u2013 constitue un chantier de r\u00e9flexion absolument n\u00e9cessaires \u00e0 mener. Il s\u2019agit de pouvoir faire appara\u00eetre le motif raciste de la violence \u2013\u00a0 <em>a fortiori<\/em> lorsqu\u2019elle conduit \u00e0 la mort et que l\u2019usage de la force n\u2019est pas remis en cause \u2013\u00a0 de le qualifier et de l\u2019articuler \u00e0 la violence d\u2019Etat. C\u2019est \u00e0 partir de cette trag\u00e9die qu\u2019il faut ouvrir les yeux sur les logiques d\u2019impunit\u00e9 polici\u00e8re, pour demander la transparence, pour exiger une refonte des pratiques polici\u00e8res, pour repenser le traitement judiciaire de ces affaires et, surtout, pour construire des ponts entre les morts, entre les col\u00e8res, entre les luttes.<\/p>\n<p>Cela demande du courage. Cela demande d\u2019\u00e9couter celles et ceux qui depuis longtemps alertent, parfois dans le silence ou le m\u00e9pris. Cela demande de d\u00e9construire certains privil\u00e8ges, certains r\u00e9flexes, y compris dans le monde activiste. C\u2019est un changement de m\u00e9thode\u00a0: faire confiance aux familles et aux collectifs qui les entourent\u00a0; ne pas se laisser embarquer par la m\u00e9fiance judiciaire et polici\u00e8re. C\u2019est difficile, mais c\u2019est possible.<\/p>\n<p>Et la premi\u00e8re des d\u00e9marches consiste \u00e0 <strong>cultiver <\/strong><\/p>\n<p><strong>Une m\u00e9moire collective des morts des mains de la police.<\/strong><\/p>\n<p>Fabian ne doit pas \u00eatre un cas isol\u00e9. Ni dans la m\u00e9moire, ni dans la lutte. Il doit, devenir un nom parmi les autres, pas pour diluer sa mort, mais pour la relier, pour la comprendre, pour en faire un point d\u2019entr\u00e9e vers une conscience politique partag\u00e9e.<\/p>\n<p>Il est temps de nommer les morts, toutes les morts. De cr\u00e9er une m\u00e9moire collective de ce que produit la violence d\u2019\u00c9tat quand elle s\u2019exerce sans contr\u00f4le, sans justice, sans limite. Au moins nos morts seront seuls, au plus nous serons forts, politiquement, pour lutter avec les vivants contre le racisme d\u2019Etat.<\/p>\n<p>Et pour cela, nous avons besoin de toutes les personnes sinc\u00e8rement choqu\u00e9es par la mort de Fabian. Non pas pour leur faire la le\u00e7on. Mais pour leur dire : vous ressentez quelque chose de juste. Rejoignez-nous. \u00c9largissons ensemble cette indignation. Construisons un monde o\u00f9 aucun enfant, quel que soit son nom, sa couleur de peau ou son quartier, ne puisse mourir dans l\u2019indiff\u00e9rence.<\/p>\n<h2><strong>3.2.\u00a0\u00a0\u00a0\u00a0\u00a0\u00a0 <\/strong><strong>Ensemble contre le racisme d\u2019\u00c9tat. Par tous les moyens n\u00e9cessaires.<\/strong><\/h2>\n<p>Nous aussi devons accepter que <strong>la col\u00e8re est aussi une m\u00e9thode de savoir de l\u2019antiracisme politique. <\/strong><\/p>\n<p>Oui, nous sommes en col\u00e8re.<br \/>\nEt cette col\u00e8re n\u2019est pas un d\u00e9bordement \u00e9motionnel \u00ab\u00a0irrationnel\u00a0\u00bb. C\u2019est une r\u00e9action politique l\u00e9gitime \u00e0 la gestion raciste des morts. Notre col\u00e8re est un instrument de lecture, une boussole morale, une exigence politique.<br \/>\nElle nous permet d\u2019identifier la d\u00e9shumanisation en marche, de comprendre les m\u00e9canismes de criminalisation post-mortem, de refuser la hi\u00e9rarchisation des victimes.<\/p>\n<p>Fabian est mort.<br \/>\nEt nous ne laisserons pas ce meurtre \u00eatre dig\u00e9r\u00e9 par l\u2019appareil judiciaire, m\u00e9diatique et politique.<br \/>\nNous disons non \u00e0 l\u2019oubli.<br \/>\nNous disons non \u00e0 l\u2019invisibilisation des meurtres policiers.<br \/>\nNous disons non \u00e0 la hi\u00e9rarchisation des morts.<\/p>\n<p>Nous appelons toutes les forces antiracistes, toutes les m\u00e8res, tous les jeunes, tous les syndicats, toutes les associations \u00e0 se lever ensemble contre la supr\u00e9matie blanche, contre la machine polici\u00e8re, contre la d\u00e9shumanisation des enfants Noirs, Arabes, Rroms, Musulmans, Migrants, Sans Papiers.<\/p>\n<p>La lutte ne fait que commencer.<\/p>\n<p><a href=\"https:\/\/bruxelles-pantheres.be\/wp-content\/uploads\/2016\/10\/banner_facebook-620x265.jpg\"><img decoding=\"async\" class=\"aligncenter wp-image-2986 size-full\" src=\"https:\/\/bruxelles-pantheres.be\/wp-content\/uploads\/2016\/10\/banner_facebook-620x265.jpg\" alt=\"\" width=\"620\" height=\"265\" srcset=\"https:\/\/bruxelles-pantheres.be\/wp-content\/uploads\/2016\/10\/banner_facebook-620x265.jpg 620w, https:\/\/bruxelles-pantheres.be\/wp-content\/uploads\/2016\/10\/banner_facebook-620x265-300x128.jpg 300w\" sizes=\"(max-width: 620px) 100vw, 620px\" \/><\/a><\/p>\n<h1>4.\u00a0 Pour une solidarit\u00e9 antiraciste radicale<\/h1>\n<p>Le racisme d\u2019\u00c9tat tue. Il tue dans les commissariats, il tue \u00e0 Schaerbeek, \u00e0 Anderlecht, \u00e0 Li\u00e8ge, \u00e0 Charleroi, \u00e0 Bruges. Et aujourd\u2019hui, il a tu\u00e9 \u00e0 nouveau \u00e0 travers le corps de Fabian. Si cette mort \u00e9meut, alors que cette \u00e9motion devienne action, que cette col\u00e8re devienne lutte, que ce deuil devienne rupture.<\/p>\n<p>Nous ne voulons plus de morts de trop. Nous voulons la justice, la v\u00e9rit\u00e9, la m\u00e9moire. Et nous appelons les Blancs qui pleurent Fabian \u00e0 rejoindre la lutte, non pas en se mettant au centre, mais en rejoignant les marges. En \u00e9coutant. En apprenant. En combattant, par tous les moyens n\u00e9cessaires.<\/p>\n<p><b>Nordine Sa\u00efdi<br \/>\n<a href=\"https:\/\/bruxelles-pantheres.be\/\" target=\"_blank\" rel=\"noopener\">Bruxelles Panth\u00e8res<\/a><\/b><br \/>\n<i>\u00ab\u00a0La libert\u00e9, la justice et l&rsquo;\u00e9galit\u00e9, par tous les moyens n\u00e9cessaires !\u00a0\u00bb<\/i>\u00a0Malcolm X<\/p>\n<p>&nbsp;<\/p>\n<div class=\"pb-4 sm:pb-6 pt-0\">\n<div class=\"flex flex-col\" data-sentry-component=\"ArticleHeading\" data-sentry-source-file=\"ArticleHeading.tsx\">\n<h1 class=\"[word-break:break-word] [font-variant-ligatures:none] transition-[font-size] duration-[250ms] prose-article-h1 mb-4 text-on-surface-default order-2\" data-sentry-element=\"Tag\" data-sentry-component=\"Text\" data-sentry-source-file=\"Text.tsx\"><span>\u00ab\u00a0Ne jamais mettre la vie en danger pour sauver une autre personne\u00a0\u00bb\u00a0: questions cruciales sur les comp\u00e9tences de conduite de la police apr\u00e8s un nouvel accident mortel<\/span><\/h1>\n<div class=\"text-on-surface-default order-5 font-semibold prose-article-body-r\">\n<p class=\"break-words ligatures-off prose-article-body-r print:leading-7\"><span>Que se passe-t-il avec la police (formation)\u00a0? Moins de trois semaines apr\u00e8s la mort de Fabian (11\u00a0ans) \u00e0 Bruxelles, Jidel (9\u00a0ans) est \u00e9galement \u00e0 Anvers. Un v\u00e9hicule de police a \u00e9t\u00e9 impliqu\u00e9 dans les deux accidents mortels. Bien que les circonstances soient totalement diff\u00e9rentes, la question se pose\u00a0: les policiers sont-ils toujours bien form\u00e9s pour conduire avec une telle priorit\u00e9\u00a0?\u00a0<\/span><\/p>\n<\/div>\n<div class=\"order-6 mt-4\" data-sentry-component=\"ArticleAuthors\" data-sentry-source-file=\"ArticleAuthors.tsx\">\n<div class=\"order-6 mt-4\" data-sentry-component=\"ArticleAuthorSimple\" data-sentry-source-file=\"ArticleAuthorSimple.tsx\"><span class=\"[word-break:break-word] [font-variant-ligatures:none] duration-[250ms] prose-article-body-small-sb text-on-surface-default transition-colors hover:text-primary\" data-sentry-element=\"Tag\" data-sentry-component=\"Text\" data-sentry-source-file=\"Text.tsx\"><a class=\"cursor-pointer\" href=\"https:\/\/www.vrt.be\/vrtnws\/nl\/tag\/hanne-decre\"><span>Hanne Decr\u00e9<\/span><\/a><\/span><span class=\"prose-article-body-small-sb text-on-surface-default\"><span>\u00a0,\u00a0<\/span><\/span><span class=\"[word-break:break-word] [font-variant-ligatures:none] duration-[250ms] prose-article-body-small-sb text-on-surface-default transition-colors hover:text-primary\" data-sentry-element=\"Tag\" data-sentry-component=\"Text\" data-sentry-source-file=\"Text.tsx\"><a class=\"cursor-pointer\" href=\"https:\/\/www.vrt.be\/vrtnws\/nl\/tag\/emmely-de-boey\"><span>Emmely De Boey<\/span><\/a><\/span><\/p>\n<div class=\"flex-wrap text-on-surface-default\/65 mt-1 [&amp;_svg]:w-3 [&amp;_svg]:h-3 flex sm:justify-between justify-start flex-col sm:flex-row gap-1\" data-sentry-component=\"Metadata\" data-sentry-source-file=\"Metadata.tsx\">\n<div class=\"flex items-center\"><span class=\"flex items-center\" data-sentry-component=\"Time\" data-sentry-source-file=\"Time.tsx\"><span class=\"sr-only\"><span>Publi\u00e9 le<\/span><\/span><span class=\"[word-break:break-word] [font-variant-ligatures:none] transition-[font-size] duration-[250ms] prose-teaser-info-m flex items-center\" data-sentry-element=\"Tag\" data-sentry-source-file=\"Text.tsx\" data-sentry-component=\"Text\"><time datetime=\"2025-06-19T11:55:51Z\"><span>Jeu 19 juin 13:55<\/span><\/time><\/span><\/span><\/div>\n<\/div>\n<\/div>\n<\/div>\n<\/div>\n<\/div>\n<div class=\"pb-4 sm:pb-6\">\n<div class=\"bg-primary sm:rounded-corners p-5 h-full text-on-primary -mx-5 w-[calc(100%+40px)] sm:w-[unset] sm:mx-0\" data-sentry-component=\"Summary\" data-sentry-source-file=\"Summary.tsx\">\n<h2 id=\"summary-:R15er8rskmH1:\" class=\"prose-article-body-sb mb-3\"><span>En bref:<\/span><\/h2>\n<div id=\"summary-:R15er8rskm:\" class=\"prose-article-body-m relative overflow-y-hidden mb-4\" role=\"region\" aria-labelledby=\"summary-:R15er8rskmH1:\" data-sentry-element=\"unknown\" data-sentry-source-file=\"Summary.tsx\">\n<ul class=\"break-words ligatures-off prose-article-body-r print:leading-7 list-disc pl-5 flex flex-col gap-3\">\n<li><span>En peu de temps, 2 enfants sont morts dans des accidents impliquant des v\u00e9hicules de police \u00e0 Bruxelles et \u00e0 Anvers<\/span><\/li>\n<li><span>Selon Steve Margodt, directeur de l&rsquo;acad\u00e9mie de police de Flandre occidentale, il n&rsquo;y a \u00ab ni temps, ni espace, ni budget pour une formation avanc\u00e9e \u00e0 la conduite \u00bb.\u00a0<\/span><\/li>\n<li><span>La formation pratique \u00e0 la conduite prioritaire diff\u00e8re selon l&rsquo;\u00e9cole de police ; certaines forces de police, comme celle d&rsquo;Anvers, proposent une formation compl\u00e9mentaire<\/span><\/li>\n<\/ul>\n<\/div>\n<\/div>\n<\/div>\n<div class=\"\">\n<div class=\"flex flex-col gap-4\" data-sentry-component=\"ArticleText\" data-sentry-source-file=\"ArticleText.tsx\">\n<p class=\"break-words ligatures-off prose-article-body-r print:leading-7\"><span>La r\u00e9ponse \u00e0 cette question est douteuse. Car la conduite prioritaire ne fait pas partie de la formation de base. C&rsquo;est ce qu&rsquo;affirme Steve Margodt, directeur de l&rsquo;\u00e9cole de police de Flandre occidentale, dans l&rsquo;\u00e9mission \u00ab\u00a0De ochtend\u00a0\u00bb sur Radio 1. \u00ab\u00a0Nous manquons de temps, d&rsquo;espace et de budget pour proposer une formation approfondie \u00e0 la conduite dans le cadre de la formation des inspecteurs.\u00a0\u00bb<\/span><\/p>\n<\/div>\n<\/div>\n<div class=\"pt-4\">\n<div class=\"flex flex-col gap-2 sm:gap-4 md:gap-6 md:flex-row md:items-end\" data-sentry-component=\"ArticleTitle\" data-sentry-source-file=\"ArticleTitle.tsx\">\n<div class=\"flex flex-col gap-1\">\n<h2 class=\"prose-article-h2 text-primary\"><span>Et la th\u00e9orie ?<\/span><\/h2>\n<\/div>\n<\/div>\n<\/div>\n<div class=\"\">\n<div class=\"flex flex-col gap-4\" data-sentry-component=\"ArticleText\" data-sentry-source-file=\"ArticleText.tsx\">\n<p class=\"break-words ligatures-off prose-article-body-r print:leading-7\"><span>Ils recevront bien s\u00fbr la th\u00e9orie. Il s&rsquo;agira des dispositions l\u00e9gales. Quand est-il permis de conduire en priorit\u00e9\u00a0? Qu&rsquo;est-ce qui est formellement interdit\u00a0? Le code de d\u00e9ontologie sera \u00e9galement abord\u00e9. Il stipule qu&rsquo;il faut toujours \u00e9viter les risques inutiles, veiller \u00e0 la proportionnalit\u00e9 et v\u00e9rifier la l\u00e9galit\u00e9 de tout cela. Nous pr\u00e9sentons \u00e9galement des cas et posons la question\u00a0: conduiriez-vous en priorit\u00e9 dans une telle situation\u00a0?<\/span><\/p>\n<\/div>\n<\/div>\n<div class=\"py-4 sm:py-6\">\n<div class=\"flex sm:px-6\" data-sentry-component=\"ArticleQuote\" data-sentry-source-file=\"ArticleQuote.tsx\">\n<div class=\"hidden sm:block w-px bg-surface-lowest self-stretch mr-6\"><\/div>\n<blockquote>\n<p class=\"prose-article-quote mb-0 mt-2\"><span>Nous manquons de temps, d\u2019espace et de budget pour offrir une formation de conduite approfondie dans le cadre de la formation des inspecteurs.<\/span><\/p>\n<p><cite class=\"prose-article-body-small-m text-on-surface-default-light pt-2\"><span>Steve Margodt &#8211; Acad\u00e9mie de police de Flandre occidentale<\/span><\/cite><\/p><\/blockquote>\n<\/div>\n<\/div>\n<div class=\"\">\n<div class=\"flex flex-col gap-4\" data-sentry-component=\"ArticleText\" data-sentry-source-file=\"ArticleText.tsx\">\n<p class=\"break-words ligatures-off prose-article-body-r print:leading-7\"><span>Il est \u00e9galement soulign\u00e9 qu&rsquo;ils sont toujours par deux, et ont donc quatre yeux, explique Margodt. \u00ab Le deuxi\u00e8me homme ou la deuxi\u00e8me femme doit faire office de copilote. Il doit guider le conducteur, lui indiquer o\u00f9 il doit ralentir, o\u00f9 quelque chose se passe. Ils ont tous deux une fonction d&rsquo;\u00e9gale importance. \u00bb<\/span><\/p>\n<\/div>\n<\/div>\n<div class=\"pt-4\">\n<div class=\"flex flex-col gap-2 sm:gap-4 md:gap-6 md:flex-row md:items-end\" data-sentry-component=\"ArticleTitle\" data-sentry-source-file=\"ArticleTitle.tsx\">\n<div class=\"flex flex-col gap-1\">\n<h2 class=\"prose-article-h2\"><span>Qu&rsquo;est-ce qui est autoris\u00e9 et qu&rsquo;est-ce qui n&rsquo;est pas autoris\u00e9 lors de la conduite prioritaire ?<\/span><\/h2>\n<\/div>\n<\/div>\n<\/div>\n<div class=\"\">\n<div class=\"flex flex-col gap-4\" data-sentry-component=\"ArticleText\" data-sentry-source-file=\"ArticleText.tsx\">\n<p class=\"break-words ligatures-off prose-article-body-r print:leading-7\"><a class=\"break-words ligatures-off prose-article-body-r print:leading-7 underline prose-article-body-sb !text-primary inline\" href=\"https:\/\/www.wegcode.be\/nl\/regelgeving\/1975120109~hra8v386pu#:~:text=Artikel%2037.%20Prioritaire%20voertuigen\" target=\"_blank\" rel=\"noopener\"><span>Les r\u00e8gles de conduite prioritaire sont d\u00e9finies \u00e0 l&rsquo;article 37 du Code de la route.<\/span><\/a><span>\u00a0Cet article stipule que le conducteur d&rsquo;un v\u00e9hicule prioritaire n&rsquo;est pas tenu de se conformer au r\u00e8glement, bien qu&rsquo;il existe quelques exceptions. Nous en \u00e9num\u00e9rons les plus importantes.\u00a0<\/span><\/p>\n<\/div>\n<\/div>\n<div class=\"\">\n<div class=\"flex flex-col gap-4\" data-sentry-component=\"ArticleText\" data-sentry-source-file=\"ArticleText.tsx\">\n<p class=\"break-words ligatures-off prose-article-body-r print:leading-7\"><span>Avant toute chose, pour se rendre en priorit\u00e9 \u00e0 une mission urgente, un conducteur doit toujours avoir ses gyrophares et sa sir\u00e8ne allum\u00e9s. La s\u00e9curit\u00e9 doit \u00e9galement toujours primer, les agents doivent donc constamment peser le pour et le contre entre vitesse et s\u00e9curit\u00e9. \u00ab\u00a0Peu de choses sont pr\u00e9cis\u00e9es sur ce qui n&rsquo;est pas autoris\u00e9.\u00a0\u00bb<\/span><\/p>\n<\/div>\n<\/div>\n<div class=\"py-4 sm:py-6\">\n<div class=\"flex flex-col gap-2\" data-sentry-component=\"ArticleImage\" data-sentry-source-file=\"ArticleImage.tsx\">\n<div class=\"flex justify-center items-center min-h-0 w-full\" data-sentry-component=\"ConstrainedImage\" data-sentry-source-file=\"ConstrainedImage.tsx\">\n<div class=\"relative rounded-corners overflow-hidden cursor-zoom-in max-h-full max-w-full w-full h-auto\"><img decoding=\"async\" class=\"max-h-full max-w-full w-full h-auto print:hidden\" src=\"https:\/\/images.vrt.be\/vrtnws_web\/2025\/06\/19\/cf98d6f0-0ec6-4673-be52-8db072f5e588.png?width=200&amp;height=107&amp;q=80&amp;blur=90\" alt=\"\" aria-hidden=\"true\" data-sentry-element=\"NextImage\" data-sentry-source-file=\"Image.tsx\" data-nimg=\"fill\" \/><img decoding=\"async\" class=\"max-h-full max-w-full w-full h-auto\" src=\"https:\/\/images.vrt.be\/vrtnws_web\/2025\/06\/19\/cf98d6f0-0ec6-4673-be52-8db072f5e588.png?width=800&amp;height=429\" alt=\"Photo\" data-nimg=\"fill\" \/><button class=\"p-2 absolute right-0 bottom-0 text-on-static-1 bg-black\/40 rounded-tl-lg cursor-zoom-in print:hidden\" type=\"button\" aria-label=\"Agrandir\"><\/button><\/div>\n<\/div>\n<\/div>\n<\/div>\n<div class=\"\">\n<div class=\"flex flex-col gap-4\" data-sentry-component=\"ArticleText\" data-sentry-source-file=\"ArticleText.tsx\">\n<p class=\"break-words ligatures-off prose-article-body-r print:leading-7\"><span>Revenons \u00e0 hier. Ce que nous savons maintenant, c&rsquo;est que la victime traversait le passage pi\u00e9ton \u00e0 v\u00e9lo. Une voiture s&rsquo;\u00e9tait arr\u00eat\u00e9e devant le passage \u2013 on ignore encore si c&rsquo;\u00e9tait pour laisser passer le gar\u00e7on ou pour laisser passer la camionnette. En r\u00e9alit\u00e9, \u00e0 ce moment-l\u00e0, la camionnette est pass\u00e9e par la gauche et a percut\u00e9 le gar\u00e7on. Ce dernier a \u00e9t\u00e9 projet\u00e9 \u00e0 des dizaines de m\u00e8tres, et les secours sont malheureusement arriv\u00e9s trop tard.\u00a0<\/span><\/p>\n<\/div>\n<\/div>\n<div class=\"py-4 sm:py-6\">\n<div class=\"flex flex-col gap-2\" data-sentry-component=\"ArticleImage\" data-sentry-source-file=\"ArticleImage.tsx\">\n<div class=\"flex justify-center items-center min-h-0 w-full\" data-sentry-component=\"ConstrainedImage\" data-sentry-source-file=\"ConstrainedImage.tsx\">\n<div class=\"relative rounded-corners overflow-hidden cursor-zoom-in max-h-full max-w-full w-full h-auto\"><img decoding=\"async\" class=\"max-h-full max-w-full w-full h-auto print:hidden\" src=\"https:\/\/images.vrt.be\/vrtnws_web\/2025\/06\/19\/5af0c592-5d5b-492b-8bb0-755ac61efbae.png?width=200&amp;height=113&amp;q=80&amp;blur=90\" alt=\"\" aria-hidden=\"true\" data-sentry-element=\"NextImage\" data-sentry-source-file=\"Image.tsx\" data-nimg=\"fill\" \/><img decoding=\"async\" class=\"max-h-full max-w-full w-full h-auto\" src=\"https:\/\/images.vrt.be\/vrtnws_web\/2025\/06\/19\/5af0c592-5d5b-492b-8bb0-755ac61efbae.png?width=800&amp;height=450\" alt=\"Photo\" data-nimg=\"fill\" \/><button class=\"p-2 absolute right-0 bottom-0 text-on-static-1 bg-black\/40 rounded-tl-lg cursor-zoom-in print:hidden\" type=\"button\" aria-label=\"Agrandir\"><\/button><\/div>\n<\/div>\n<\/div>\n<\/div>\n<div class=\"\">\n<div class=\"flex flex-col gap-4\" data-sentry-component=\"ArticleText\" data-sentry-source-file=\"ArticleText.tsx\">\n<p class=\"break-words ligatures-off prose-article-body-r print:leading-7\"><span>Les conducteurs de v\u00e9hicules prioritaires ne devraient pas s&rsquo;arr\u00eater \u00e0 un passage pi\u00e9ton, mais devraient ralentir et voir s&rsquo;il est opportun de continuer, indique Margodt. Surtout s&rsquo;ils doublent ensuite par la gauche, comme c&rsquo;est arriv\u00e9 hier.\u00a0<\/span><\/p>\n<\/div>\n<\/div>\n<div class=\"\">\n<div class=\"flex flex-col gap-4\" data-sentry-component=\"ArticleText\" data-sentry-source-file=\"ArticleText.tsx\">\n<p class=\"break-words ligatures-off prose-article-body-r print:leading-7\"><span>Une enqu\u00eate plus approfondie devra maintenant d\u00e9terminer exactement comment l&rsquo;accident s&rsquo;est produit et \u00e0 quelle vitesse les agents roulaient au moment de la collision.\u00a0<\/span><\/p>\n<\/div>\n<\/div>\n<div class=\"pt-4\">\n<div class=\"flex flex-col gap-2 sm:gap-4 md:gap-6 md:flex-row md:items-end\" data-sentry-component=\"ArticleTitle\" data-sentry-source-file=\"ArticleTitle.tsx\">\n<div class=\"flex flex-col gap-1\">\n<h2 class=\"prose-article-h2 text-primary\"><span>Et la pratique ?<\/span><\/h2>\n<\/div>\n<\/div>\n<\/div>\n<div class=\"\">\n<div class=\"flex flex-col gap-4\" data-sentry-component=\"ArticleText\" data-sentry-source-file=\"ArticleText.tsx\">\n<p class=\"break-words ligatures-off prose-article-body-r print:leading-7\"><span>Apr\u00e8s leur formation, ils effectuent un stage probatoire de six mois. Nous leur proposons ensuite un parcours de trois jours au cours duquel ils apprennent\u00a0<\/span><i class=\"break-words ligatures-off prose-article-body-r print:leading-7 italic\"><span>\u00e0 ma\u00eetriser leur v\u00e9hicule<\/span><\/i><span>\u00a0. Ils sont alors suffisamment bien inform\u00e9s sur la conduite prioritaire et savent comment l&rsquo;utiliser.<\/span><\/p>\n<\/div>\n<\/div>\n<div class=\"py-4 sm:py-6\">\n<p class=\"prose-h3-b mb-4\"><span>\u00c0 quoi ressemble un tel processus de contr\u00f4le automobile ?\u00a0<\/span><\/p>\n<div class=\"flex flex-col gap-4\" data-sentry-element=\"Root\" data-sentry-component=\"Accordion\" data-sentry-source-file=\"Accordion.tsx\" data-orientation=\"vertical\">\n<div class=\"bg-surface-default border border-solid border-surface-lowest shadow-sm overflow-hidden rounded-xl has-[button:hover]:border-primary has-[button:hover]:border-[1.5px_solid]\" data-state=\"closed\" data-orientation=\"vertical\" data-sentry-element=\"Item\" data-sentry-component=\"AccordionItem\" data-sentry-source-file=\"AccordionItem.tsx\">\n<h3 class=\"flex\" data-orientation=\"vertical\" data-state=\"closed\" data-sentry-element=\"Header\" data-sentry-component=\"AccordionTrigger\" data-sentry-source-file=\"AccordionTrigger.tsx\"><button class=\"group peer px-6 py-4 flex flex-1 items-center justify-between prose-article-body-sb transition-all [&amp;[data-state=open]]:text-primary hover:text-primary\" type=\"button\" aria-controls=\"radix-:Rb95er8rskm:\" aria-expanded=\"false\" data-state=\"closed\" data-orientation=\"vertical\" data-sentry-element=\"Trigger\" data-sentry-source-file=\"AccordionTrigger.tsx\" data-radix-collection-item=\"\"><span>Jour 1 : Comp\u00e9tences de conduite<\/span><\/button><\/h3>\n<div class=\"group-[&amp;[data-state=open]]:rotate-180 bg-primary flex items-center justify-center w-6 h-6 rounded-full transition-transform duration-200 text-surface-default\"><\/div>\n<\/div>\n<div class=\"bg-surface-default border border-solid border-surface-lowest shadow-sm overflow-hidden rounded-xl has-[button:hover]:border-primary has-[button:hover]:border-[1.5px_solid]\" data-state=\"closed\" data-orientation=\"vertical\" data-sentry-element=\"Item\" data-sentry-component=\"AccordionItem\" data-sentry-source-file=\"AccordionItem.tsx\">\n<h3 class=\"flex\" data-orientation=\"vertical\" data-state=\"closed\" data-sentry-element=\"Header\" data-sentry-component=\"AccordionTrigger\" data-sentry-source-file=\"AccordionTrigger.tsx\"><button class=\"group peer px-6 py-4 flex flex-1 items-center justify-between prose-article-body-sb transition-all [&amp;[data-state=open]]:text-primary hover:text-primary\" type=\"button\" aria-controls=\"radix-:Rd95er8rskm:\" aria-expanded=\"false\" data-state=\"closed\" data-orientation=\"vertical\" data-sentry-element=\"Trigger\" data-sentry-source-file=\"AccordionTrigger.tsx\" data-radix-collection-item=\"\"><span>Jour 2 : conditions moins favorables<\/span><\/button><\/h3>\n<div class=\"group-[&amp;[data-state=open]]:rotate-180 bg-primary flex items-center justify-center w-6 h-6 rounded-full transition-transform duration-200 text-surface-default\"><\/div>\n<\/div>\n<div class=\"bg-surface-default border border-solid border-surface-lowest shadow-sm overflow-hidden rounded-xl has-[button:hover]:border-primary has-[button:hover]:border-[1.5px_solid]\" data-state=\"closed\" data-orientation=\"vertical\" data-sentry-element=\"Item\" data-sentry-component=\"AccordionItem\" data-sentry-source-file=\"AccordionItem.tsx\">\n<h3 class=\"flex\" data-orientation=\"vertical\" data-state=\"closed\" data-sentry-element=\"Header\" data-sentry-component=\"AccordionTrigger\" data-sentry-source-file=\"AccordionTrigger.tsx\"><button class=\"group peer px-6 py-4 flex flex-1 items-center justify-between prose-article-body-sb transition-all [&amp;[data-state=open]]:text-primary hover:text-primary\" type=\"button\" aria-controls=\"radix-:Rf95er8rskm:\" aria-expanded=\"false\" data-state=\"closed\" data-orientation=\"vertical\" data-sentry-element=\"Trigger\" data-sentry-source-file=\"AccordionTrigger.tsx\" data-radix-collection-item=\"\"><span>Jour 3 : Conduite prioritaire pure<\/span><\/button><\/h3>\n<div class=\"group-[&amp;[data-state=open]]:rotate-180 bg-primary flex items-center justify-center w-6 h-6 rounded-full transition-transform duration-200 text-surface-default\"><\/div>\n<\/div>\n<\/div>\n<\/div>\n<div class=\"\">\n<div class=\"flex flex-col gap-4\" data-sentry-component=\"ArticleText\" data-sentry-source-file=\"ArticleText.tsx\">\n<p class=\"break-words ligatures-off prose-article-body-r print:leading-7\"><span>C&rsquo;est en fait une conclusion assez d\u00e9concertante\u00a0: la th\u00e9orie oui, la pratique peu ou pas du tout. La situation varie \u00e9galement selon les \u00e9coles de police.\u00a0<\/span><\/p>\n<\/div>\n<\/div>\n<div class=\"py-4 sm:py-6\">\n<div data-sentry-component=\"ArticleVideo\" data-sentry-source-file=\"ArticleVideo.tsx\">\n<div class=\"border-none cursor-pointer flex flex-col relative\">\n<div class=\"flex items-center text-primary gap-2 mb-1 md:mb-2\"><span class=\"[word-break:break-word] [font-variant-ligatures:none] transition-[font-size] duration-[250ms] prose-teaser-info-m\" data-sentry-element=\"Tag\" data-sentry-source-file=\"Text.tsx\" data-sentry-component=\"Text\"><span>REGARDER<\/span><\/span><\/div>\n<p><span class=\"[word-break:break-word] [font-variant-ligatures:none] transition-[font-size] duration-[250ms] prose-article-h3 mb-4 md:mb-6 block\" data-sentry-element=\"Tag\" data-sentry-component=\"Text\" data-sentry-source-file=\"Text.tsx\"><span>\u00ab Dans notre pays, il est parfaitement possible de conduire en priorit\u00e9 sans aucune formation \u00bb : \u00ab Terzake \u00bb a pu rouler avec un moniteur apr\u00e8s l&rsquo;accident avec Fabian (11)<\/span><\/span><\/p>\n<div class=\"z-modal relative [&amp;_vrt-mediaplayer]:block [&amp;_vrt-mediaplayer]:relative [&amp;_vrt-mediaplayer]:w-full [&amp;&gt;div]:h-full !z-[1] w-full h-full aspect-[var(--aspect-ratio)] [&amp;_vrt-mediaplayer]:[aspect-ratio:var(--aspect-ratio)] rounded-corners media-player-container presentation-video-standalone\" data-chromatic=\"ignore\" data-sentry-component=\"PlayerContainer\" data-sentry-source-file=\"PlayerContainer.tsx\">\n<div class=\"relative w-full h-full rounded-corners overflow-hidden rounded-xl\"><img decoding=\"async\" class=\"rounded-xl print:hidden\" src=\"https:\/\/images.vrt.be\/vrtnws_web\/2025\/06\/19\/9a14c6a4-3b9e-4758-bd1f-cbcf7bcbc16e.jpg?width=200&amp;height=113&amp;q=80&amp;blur=90\" alt=\"\" aria-hidden=\"true\" data-sentry-element=\"NextImage\" data-sentry-source-file=\"Image.tsx\" data-nimg=\"fill\" \/><img decoding=\"async\" class=\"rounded-xl\" src=\"https:\/\/images.vrt.be\/vrtnws_web\/2025\/06\/19\/9a14c6a4-3b9e-4758-bd1f-cbcf7bcbc16e.jpg?width=800&amp;height=450\" alt=\"\" data-nimg=\"fill\" \/><\/div>\n<div class=\"flex justify-center items-center absolute left-0 top-0 z-10 h-full w-full\" data-sentry-component=\"PlayButton\" data-sentry-source-file=\"PlayButton.tsx\"><\/div>\n<\/div>\n<\/div>\n<\/div>\n<\/div>\n<div class=\"\">\n<div class=\"flex flex-col gap-4\" data-sentry-component=\"ArticleText\" data-sentry-source-file=\"ArticleText.tsx\">\n<p class=\"break-words ligatures-off prose-article-body-r print:leading-7\"><span>Car une journ\u00e9e de travail, ce n&rsquo;est pas grand-chose, n&rsquo;est-ce pas\u00a0? \u00ab\u00a0Ce n&rsquo;est rien\u00a0\u00bb, acquiesce Margodt. \u00ab\u00a0Dans d&rsquo;autres professions de la s\u00e9curit\u00e9, comme les ambulanciers ou les pompiers, la situation sera similaire. Les employ\u00e9s reviennent souvent en formation \u00e0 plusieurs reprises au cours de leur carri\u00e8re, mais c&rsquo;est le corps qui d\u00e9cide s&rsquo;ils doivent revenir.\u00a0\u00bb Il est important de souligner \u00e0 ce propos que le corps anversois met l&rsquo;accent depuis des ann\u00e9es sur un cours de conduite prioritaire. Chaque employ\u00e9 devant conduire en priorit\u00e9 re\u00e7oit en principe une formation compl\u00e9mentaire.\u00a0<\/span><\/p>\n<\/div>\n<\/div>\n<div class=\"\">\n<div class=\"flex flex-col gap-4\" data-sentry-component=\"ArticleText\" data-sentry-source-file=\"ArticleText.tsx\">\n<p class=\"break-words ligatures-off prose-article-body-r print:leading-7\"><span>Comment se fait-il qu&rsquo;on y consacre g\u00e9n\u00e9ralement si peu de temps\u00a0? \u00ab\u00a0Tous ceux qui arrivent ont bien s\u00fbr d\u00e9j\u00e0 leur permis de conduire, ont d\u00e9j\u00e0 roul\u00e9 et savent conduire. C&rsquo;est la diff\u00e9rence avec, par exemple, le maniement d&rsquo;une arme de service.\u00a0\u00bb\u00a0<\/span><\/p>\n<\/div>\n<\/div>\n<div class=\"py-4 sm:py-6\">\n<div class=\"flex sm:px-6\" data-sentry-component=\"ArticleQuote\" data-sentry-source-file=\"ArticleQuote.tsx\">\n<div class=\"hidden sm:block w-px bg-surface-lowest self-stretch mr-6\"><\/div>\n<blockquote>\n<p class=\"prose-article-quote mb-0 mt-2\"><span>L\u2019essentiel est que vous ne mettez jamais une vie en danger pour en sauver une.<\/span><\/p>\n<p><cite class=\"prose-article-body-small-m text-on-surface-default-light pt-2\"><\/cite><\/p><\/blockquote>\n<\/div>\n<\/div>\n<div class=\"\">\n<div class=\"flex flex-col gap-4\" data-sentry-component=\"ArticleText\" data-sentry-source-file=\"ArticleText.tsx\">\n<p class=\"break-words ligatures-off prose-article-body-r print:leading-7\"><span>En r\u00e9alit\u00e9, la formation est tout simplement trop courte pour couvrir toutes ces comp\u00e9tences. Margodt pr\u00e9conise donc une formation plus longue, sur plusieurs ann\u00e9es, d&rsquo;environ un an et demi ou deux. \u00ab Pour se concentrer sur la conduite prioritaire, mais aussi sur d&rsquo;autres priorit\u00e9s. La l\u00e9gislation et la soci\u00e9t\u00e9 ne sont pas plus simples. Et bien s\u00fbr, une formation de dix jours sur la conduite prioritaire vous permettra de mieux ma\u00eetriser votre v\u00e9hicule, mais les risques d&rsquo;accidents ne sont pas totalement exclus. Ce n&rsquo;est pas garanti \u00e0 100 %, mais en y pr\u00eatant plus d&rsquo;attention, vous gagnerez en confiance. \u00bb<\/span><\/p>\n<\/div>\n<\/div>\n<div class=\"py-4 sm:py-6\">\n<div data-sentry-component=\"ArticleAudio\" data-sentry-source-file=\"ArticleAudio.tsx\">\n<div class=\"border-none cursor-pointer\">\n<div class=\"flex items-start\">\n<div class=\"bg-primary rounded-2xl p-4 w-full flex-col gap-1\" data-sentry-component=\"AudioTeaserHighlight\" data-sentry-source-file=\"AudioTeaserHighlight.tsx\">\n<div class=\"flex items-start gap-2\">\n<div class=\"w-[72px] h-[72px]\">\n<div class=\"relative w-full h-full rounded-corners overflow-hidden rounded-[4px]\"><img decoding=\"async\" class=\"rounded-[4px] print:hidden\" src=\"https:\/\/images.vrt.be\/vrtnws_web\/2025\/06\/19\/fccd23b3-66ae-4011-934b-f553096a88fc.jpg?width=200&amp;height=200&amp;q=80&amp;blur=90\" alt=\"\" aria-hidden=\"true\" data-sentry-element=\"NextImage\" data-sentry-source-file=\"Image.tsx\" data-nimg=\"fill\" \/><img decoding=\"async\" class=\"rounded-[4px]\" src=\"https:\/\/images.vrt.be\/vrtnws_web\/2025\/06\/19\/fccd23b3-66ae-4011-934b-f553096a88fc.jpg?width=100&amp;height=100\" alt=\"\" data-nimg=\"fill\" \/><\/div>\n<\/div>\n<div class=\"flex flex-col gap-1\">\n<div class=\"flex items-center gap-1 text-on-primary\"><span class=\"[word-break:break-word] [font-variant-ligatures:none] transition-[font-size] duration-[250ms] prose-teaser-info-m\" data-sentry-element=\"Tag\" data-sentry-source-file=\"Text.tsx\" data-sentry-component=\"Text\"><span>\u00c9COUTER<\/span><\/span><\/div>\n<p class=\"[word-break:break-word] [font-variant-ligatures:none] transition-[font-size] duration-[250ms] prose-h3-b text-on-static-1\" data-sentry-element=\"Tag\" data-sentry-component=\"Text\" data-sentry-source-file=\"Text.tsx\"><span>Apr\u00e8s un nouvel accident mortel impliquant une voiture de police : qu&rsquo;apprennent les policiers sur la conduite prioritaire dans leur formation ?<\/span><\/p>\n<div class=\"flex mt-2 flex-wrap gap-y-1 flex-row text-on-static-1\" data-sentry-component=\"Metadata\" data-sentry-source-file=\"Metadata.tsx\">\n<div class=\"flex items-center\"><span class=\"flex items-center\" data-sentry-component=\"SimpleMetadata\" data-sentry-source-file=\"Metadata.tsx\"><span class=\"[word-break:break-word] [font-variant-ligatures:none] transition-[font-size] duration-[250ms] prose-teaser-info-b mr-1\" data-sentry-element=\"Tag\" data-sentry-component=\"Text\" data-sentry-source-file=\"Text.tsx\"><span>Radio 1<\/span><\/span><span class=\"prose-teaser-info-m\"><span>Le matin<\/span><\/span><\/span><\/div>\n<\/div>\n<\/div>\n<\/div>\n<div class=\"flex justify-end\">\n<div class=\"flex items-center gap-2\">\n<div class=\"flex flex-wrap gap-y-1 text-on-static-1 mt-0\" data-sentry-component=\"Metadata\" data-sentry-source-file=\"Metadata.tsx\">\n<div class=\"flex items-center\"><span class=\"flex items-center\" data-sentry-component=\"SimpleMetadata\" data-sentry-source-file=\"Metadata.tsx\"><span class=\"prose-teaser-info-m prose-button-b\"><span>8 minutes<\/span><\/span><\/span><\/div>\n<\/div>\n<div class=\"flex justify-center items-center relative\" data-sentry-component=\"PlayButton\" data-sentry-source-file=\"PlayButton.tsx\"><\/div>\n<\/div>\n<\/div>\n<\/div>\n<\/div>\n<\/div>\n<\/div>\n<\/div>\n<div class=\"\">\n<div class=\"flex flex-col gap-4\" data-sentry-component=\"ArticleText\" data-sentry-source-file=\"ArticleText.tsx\">\n<p class=\"break-words ligatures-off prose-article-body-r print:leading-7\"><span>Apr\u00e8s l&rsquo;accident de Fabian (11 ans), \u00ab Terzake \u00bb s&rsquo;est entretenu avec le coordinateur de la formation routi\u00e8re du PIVO (Institut provincial d&rsquo;\u00e9ducation et de formation). Il a bien r\u00e9sum\u00e9 la situation\u00a0: \u00ab\u00a0L&rsquo;essentiel est de ne jamais mettre une vie en danger pour en sauver une autre.\u00a0\u00bb<\/span><\/p>\n<\/div>\n<\/div>\n<div class=\"\">\n<div class=\"flex flex-col gap-4\" data-sentry-component=\"ArticleText\" data-sentry-source-file=\"ArticleText.tsx\">\n<p class=\"break-words ligatures-off prose-article-body-r print:leading-7\"><span>Malheureusement, c\u2019est exactement ce qui s\u2019est pass\u00e9 hier \u00e0 Anvers.\u00a0<\/span><\/p>\n<\/div>\n<\/div>\n","protected":false},"excerpt":{"rendered":"<p>Fabian, 11 ans, fauch\u00e9 par la police : pour une \u00e9motion collective qui lutte contre l\u2019oubli des autres morts Samedi 02 juin 2025, \u00e0 Bruxelles. Un enfant de 11 ans, Fabian, meurt percut\u00e9 par une voiture de police alors qu\u2019il se trouve sur sa trottinette. Les circonstances exactes restent floues, mais l\u2019\u00e9v\u00e9nement a boulevers\u00e9 une &#8230; <a title=\"Fabian, 11 ans, fauch\u00e9 par la police : pour une \u00e9motion collective qui lutte contre l\u2019oubli des autres morts\" class=\"read-more\" href=\"https:\/\/bruxelles-pantheres.be\/?p=6363\" aria-label=\"En savoir plus sur Fabian, 11 ans, fauch\u00e9 par la police : pour une \u00e9motion collective qui lutte contre l\u2019oubli des autres morts\">Lire la suite<\/a><\/p>\n","protected":false},"author":1,"featured_media":2606,"comment_status":"open","ping_status":"open","sticky":false,"template":"","format":"standard","meta":{"footnotes":""},"categories":[539,36,4,7,537,18,28,37,39,5],"tags":[293,13,54],"class_list":["post-6363","post","type-post","status-publish","format-standard","has-post-thumbnail","hentry","category-belgique","category-europe","category-islamophobie","category-negrophobie","category-presse-medias","category-resistance-bruxelles","category-racismes","category-romophobie","category-sans-papier","category-violence-policiere","tag-antiracisme","tag-nordine-saidi","tag-police"],"_links":{"self":[{"href":"https:\/\/bruxelles-pantheres.be\/index.php?rest_route=\/wp\/v2\/posts\/6363","targetHints":{"allow":["GET"]}}],"collection":[{"href":"https:\/\/bruxelles-pantheres.be\/index.php?rest_route=\/wp\/v2\/posts"}],"about":[{"href":"https:\/\/bruxelles-pantheres.be\/index.php?rest_route=\/wp\/v2\/types\/post"}],"author":[{"embeddable":true,"href":"https:\/\/bruxelles-pantheres.be\/index.php?rest_route=\/wp\/v2\/users\/1"}],"replies":[{"embeddable":true,"href":"https:\/\/bruxelles-pantheres.be\/index.php?rest_route=%2Fwp%2Fv2%2Fcomments&post=6363"}],"version-history":[{"count":2,"href":"https:\/\/bruxelles-pantheres.be\/index.php?rest_route=\/wp\/v2\/posts\/6363\/revisions"}],"predecessor-version":[{"id":6407,"href":"https:\/\/bruxelles-pantheres.be\/index.php?rest_route=\/wp\/v2\/posts\/6363\/revisions\/6407"}],"wp:featuredmedia":[{"embeddable":true,"href":"https:\/\/bruxelles-pantheres.be\/index.php?rest_route=\/wp\/v2\/media\/2606"}],"wp:attachment":[{"href":"https:\/\/bruxelles-pantheres.be\/index.php?rest_route=%2Fwp%2Fv2%2Fmedia&parent=6363"}],"wp:term":[{"taxonomy":"category","embeddable":true,"href":"https:\/\/bruxelles-pantheres.be\/index.php?rest_route=%2Fwp%2Fv2%2Fcategories&post=6363"},{"taxonomy":"post_tag","embeddable":true,"href":"https:\/\/bruxelles-pantheres.be\/index.php?rest_route=%2Fwp%2Fv2%2Ftags&post=6363"}],"curies":[{"name":"wp","href":"https:\/\/api.w.org\/{rel}","templated":true}]}}