{"id":6366,"date":"2025-06-09T17:55:13","date_gmt":"2025-06-09T16:55:13","guid":{"rendered":"https:\/\/bruxelles-pantheres.be\/?p=6366"},"modified":"2025-06-20T18:24:58","modified_gmt":"2025-06-20T17:24:58","slug":"de-saint-gilles-a-gaza-defendre-la-palestine-face-a-la-machine-de-diffamation","status":"publish","type":"post","link":"https:\/\/bruxelles-pantheres.be\/?p=6366","title":{"rendered":"De Saint-Gilles \u00e0 Gaza : d\u00e9fendre la Palestine face \u00e0 la machine de diffamation"},"content":{"rendered":"<p><strong>De Saint-Gilles \u00e0 Gaza : d\u00e9fendre la Palestine face \u00e0 la machine de diffamation<\/strong><\/p>\n<p><strong>D\u00e8<\/strong><strong>s lors que des voix critiques \u2014 celles qui sortent du cadre dominant, qui proposent d\u2019autres r\u00e9cits \u2014 prennent la parole, elles sont aussit\u00f4t musel\u00e9es, criminalis\u00e9es.<\/strong><\/p>\n<p><!--more--><\/p>\n<p><strong><a href=\"https:\/\/www.instagram.com\/festivalresistance\/\" target=\"_blank\" rel=\"noopener\">La 3e \u00e9dition<\/a>\u00a0du<a href=\"https:\/\/charleroi-pourlapalestine.be\/index.php\/2025\/06\/05\/les-6-7-et-8-juin-le-festival-resistance-a-bruxelles\/\">\u00a0Festival R\u00e9sistance<\/a>\u00a0s\u2019est tenue \u00e0 Saint-Gilles, sur la place Bethl\u00e9em.<\/strong>\u00a0Cet \u00e9v\u00e9nement culturel, organis\u00e9 par une coalition de collectifs vari\u00e9s, visait \u00e0 c\u00e9l\u00e9brer pendant trois jours les luttes de lib\u00e9ration populaire \u00e0 travers le monde. L\u2019objectif : honorer ces luttes, en apprendre collectivement et cr\u00e9er du lien.\u00a0<strong>Le programme \u00e9tait riche<\/strong>\u00a0: discussions politiques, ateliers, tournoi sportif, projections, village militant, performances musicales, th\u00e9\u00e2trales et po\u00e9tiques, interventions militantes, etc.<\/p>\n<p>&nbsp;<\/p>\n<p><img decoding=\"async\" class=\"aligncenter wp-image-84857 size-full\" src=\"https:\/\/charleroi-pourlapalestine.be\/wp-content\/uploads\/2025\/06\/Le-festival-Resistance.png\" sizes=\"(max-width: 708px) 100vw, 708px\" srcset=\"https:\/\/charleroi-pourlapalestine.be\/wp-content\/uploads\/2025\/06\/Le-festival-Resistance.png 708w, https:\/\/charleroi-pourlapalestine.be\/wp-content\/uploads\/2025\/06\/Le-festival-Resistance-350x184.png 350w, https:\/\/charleroi-pourlapalestine.be\/wp-content\/uploads\/2025\/06\/Le-festival-Resistance-700x368.png 700w\" alt=\"La 3e \u00e9dition du Festival R\u00e9sistance s\u2019est tenue \u00e0 Saint-Gilles, sur la place Bethl\u00e9em.\" width=\"708\" height=\"372\" \/><\/p>\n<div id=\"attachment_84932\" class=\"wp-caption aligncenter\">\n<p><img decoding=\"async\" class=\"wp-image-84932 size-large\" src=\"https:\/\/charleroi-pourlapalestine.be\/wp-content\/uploads\/2025\/06\/7-juin-RF-keffiehs-667x500.jpg\" sizes=\"(max-width: 667px) 100vw, 667px\" srcset=\"https:\/\/charleroi-pourlapalestine.be\/wp-content\/uploads\/2025\/06\/7-juin-RF-keffiehs-667x500.jpg 667w, https:\/\/charleroi-pourlapalestine.be\/wp-content\/uploads\/2025\/06\/7-juin-RF-keffiehs-333x250.jpg 333w, https:\/\/charleroi-pourlapalestine.be\/wp-content\/uploads\/2025\/06\/7-juin-RF-keffiehs-768x576.jpg 768w, https:\/\/charleroi-pourlapalestine.be\/wp-content\/uploads\/2025\/06\/7-juin-RF-keffiehs-1536x1152.jpg 1536w, https:\/\/charleroi-pourlapalestine.be\/wp-content\/uploads\/2025\/06\/7-juin-RF-keffiehs.jpg 2048w\" alt=\"La 3e \u00e9dition du Festival R\u00e9sistance s\u2019est tenue \u00e0 Saint-Gilles, sur la place Bethl\u00e9em\" width=\"667\" height=\"500\" aria-describedby=\"caption-attachment-84932\" \/><\/p>\n<p id=\"caption-attachment-84932\" class=\"wp-caption-text\">Photo : Plateforme Charleroi-Palestine<\/p>\n<\/div>\n<p><strong>Ce festival s\u2019est tenu sans aucun soutien officiel de la commune de Saint-Gilles<\/strong>, qui s\u2019est content\u00e9e de le \u00ab tol\u00e9rer \u00bb, posant n\u00e9anmoins une condition :\u00a0<em>\u00ab Aucun appel \u00e0 la haine (chants, vid\u00e9os, pancartes), ni drapeaux, notamment du Hamas ou du Hezbollah, ne sera tol\u00e9r\u00e9. \u00bb<\/em>\u00a0Nous n\u2019appelons jamais appeler \u00e0 la haine bien au contraire, pas de soucis \u00e0 ce niveau. Concernant le Hamas ou le Hezbollah, nous avons choisi de ne pas ouvrir ce d\u00e9bat, conscients du traitement caricatural et diabolisant auquel ces partis sont soumis. Comme leurs drapeaux sont tr\u00e8s rarement brandis, nous acceptons la condition. Et nous avons tenu tous nos engagements.<\/p>\n<p>Comme chaque ann\u00e9e, le public a r\u00e9pondu pr\u00e9sent. Le samedi, malgr\u00e9 la m\u00e9t\u00e9o, la place \u00e9tait noire de monde : familles, enfants, habitants du quartier, curieux venus pour la premi\u00e8re fois\u2026 Une ambiance chaleureuse, r\u00e9confortante, un moment de respiration pour celles et ceux qui suivent impuissants le d\u00e9roulement du g\u00e9nocide en Palestine.\u00a0<strong>Pour les habitants de Saint-Gilles, habitu\u00e9s \u00e0 voir leur quartier stigmatis\u00e9 dans les m\u00e9dias, quel bonheur de voir cette place au nom si symbolique battre au rythme de la solidarit\u00e9 avec la Palestine.<\/strong><\/p>\n<p><strong>Le 6 juin, soir\u00e9e d\u2019ouverture du festival, deux projections ont eu lieu dans une salle comble.<\/strong>\u00a0D\u2019abord, le court-m\u00e9trage\u00a0<strong><em>Behind the Lines<\/em><\/strong>, de Fanny Arnulf et Youssef Haider, qui explore les pratiques artistiques et de r\u00e9sistance \u00e0 travers le regard de 14 artistes vivant dans des camps de r\u00e9fugi\u00e9s palestiniens au Liban et dans des favelas au Br\u00e9sil. Ensuite, le film\u00a0<strong><em>The Dupes<\/em><\/strong>, adaptation de la nouvelle Men in the Sun de Ghassan Kanafani. Les projections, qui ont fait salle comble au Pianofabriek, ont \u00e9t\u00e9 suivies d\u2019une discussion avec Fanny Arnulf, Youssef Haider, Reem Shilleh et Hazem Jamjoum. Reem Shilleh est chercheuse, r\u00e9alisatrice et commissaire d\u2019exposition, vivant entre Bruxelles et Ramallah. Hazem Jamjoum est chercheur, auteur, et traducteur de l\u2019\u0153uvre de Kanafani.<\/p>\n<p><strong>Le samedi 7 juin<\/strong>, les festivit\u00e9s continuent sur la place Bethl\u00e9em. Apr\u00e8s un\u00a0<strong>tournoi de foot<\/strong>\u00a0le matin organis\u00e9 par les<strong>\u00a0Gaza Stars<\/strong>, les activit\u00e9s ont encha\u00een\u00e9 de 15h \u00e0 22h, malgr\u00e9 une m\u00e9t\u00e9o capricieuse. Le village militant a attir\u00e9 de nombreux visiteurs, et les performances artistiques ont rythm\u00e9 l\u2019apr\u00e8s-midi.\u00a0<strong>Chaque \u0153uvre refl\u00e9tait l\u2019engagement de ses artistes dans le cadre d\u2019un festival d\u00e9di\u00e9 aux luttes de lib\u00e9ration. Les collectifs organisateurs respectent la libert\u00e9 d\u2019expression des artistes.<\/strong><\/p>\n<div id=\"attachment_84934\" class=\"wp-caption aligncenter\">\n<p><img decoding=\"async\" class=\"wp-image-84934 size-large\" src=\"https:\/\/charleroi-pourlapalestine.be\/wp-content\/uploads\/2025\/06\/7-juin-RF-Raj-667x500.jpg\" sizes=\"auto, (max-width: 667px) 100vw, 667px\" srcset=\"https:\/\/charleroi-pourlapalestine.be\/wp-content\/uploads\/2025\/06\/7-juin-RF-Raj-667x500.jpg 667w, https:\/\/charleroi-pourlapalestine.be\/wp-content\/uploads\/2025\/06\/7-juin-RF-Raj-333x250.jpg 333w, https:\/\/charleroi-pourlapalestine.be\/wp-content\/uploads\/2025\/06\/7-juin-RF-Raj-768x576.jpg 768w, https:\/\/charleroi-pourlapalestine.be\/wp-content\/uploads\/2025\/06\/7-juin-RF-Raj-1536x1152.jpg 1536w, https:\/\/charleroi-pourlapalestine.be\/wp-content\/uploads\/2025\/06\/7-juin-RF-Raj.jpg 2048w\" alt=\"La 3e \u00e9dition du Festival R\u00e9sistance s\u2019est tenue \u00e0 Saint-Gilles, sur la place Bethl\u00e9em.\" width=\"667\" height=\"500\" aria-describedby=\"caption-attachment-84934\" \/><\/p>\n<p id=\"caption-attachment-84934\" class=\"wp-caption-text\">Photo : Plateforme Charleroi-Palestine<\/p>\n<\/div>\n<p><strong>Le dimanche<\/strong>, les activit\u00e9s ont pris place au DK, toujours \u00e0 Saint-Gilles. La journ\u00e9e a d\u00e9but\u00e9 avec une session de la \u00ab<strong><em>\u00a0School of the Revolution<\/em>\u00a0<\/strong>\u00bb, un espace d\u2019\u00e9ducation politique, collective et populaire.\u00a0<strong>Les participant\u00b7es ont d\u00e9cid\u00e9 de rejoindre une marche en hommage \u00e0 Fabian, 11 ans, tu\u00e9 par la police quelques jours plus t\u00f4t. Une \u00e9vidence : relier la lutte contre les violences polici\u00e8res ici \u00e0 celle du peuple palestinien l\u00e0-bas.<\/strong>\u00a0Les violences polici\u00e8res, partout dans le monde, ne sont pas un accident, ni le fait de quelques \u00ab<em>\u00a0brebis galeuses<\/em>\u00a0\u00bb . Non, elles font partie d\u2019un syst\u00e8me structur\u00e9 de domination. Ce syst\u00e8me repose sur la logique du contr\u00f4le, de la r\u00e9pression et de l\u2019\u00e9crasement de toute forme de r\u00e9sistance qui menace l\u2019ordre \u00e9tabli.\u00a0<strong>Que ce soit dans les banlieues de Paris, les quartiers populaires de Bruxelles, ou les rues de Gaza, ce contr\u00f4le s\u2019exerce sur des populations historiquement marginalis\u00e9es et opprim\u00e9es.<\/strong><\/p>\n<p>L\u2019apr\u00e8s-midi a \u00e9t\u00e9 consacr\u00e9 \u00e0 trois discussions : \u00ab Palestinien\u00b7nes et non-palestinien\u00b7nes, juif\u00b7ves et non-juif\u00b7ves : tous\u00b7tes contre le sionisme \u00bb, avec des militant\u00b7es de terrain bruxellois\u00b7es\u00a0; \u00ab Que signifie le boycott comme mouvement r\u00e9volutionnaire ? \u00bb, avec des membres de Palestine Action, BDS ULB et University Workers for Palestine\u00a0; \u00ab Luttes anticoloniales et anti-imp\u00e9rialistes aujourd\u2019hui, et la coalition au c\u0153ur de l\u2019empire \u00bb, avec Amzat Boukari Yabara, Luis Martinez Andrade, Kenji et Khaldia Abubakra.<\/p>\n<p>Ces discussions ont offert un espace pour partager analyses, exp\u00e9riences et visions de la r\u00e9sistance.<\/p>\n<p>&nbsp;<\/p>\n<p><img decoding=\"async\" class=\"aligncenter wp-image-84761 size-large\" src=\"https:\/\/charleroi-pourlapalestine.be\/wp-content\/uploads\/2025\/05\/Resistance-Festival-1-397x500.png\" sizes=\"auto, (max-width: 397px) 100vw, 397px\" srcset=\"https:\/\/charleroi-pourlapalestine.be\/wp-content\/uploads\/2025\/05\/Resistance-Festival-1-397x500.png 397w, https:\/\/charleroi-pourlapalestine.be\/wp-content\/uploads\/2025\/05\/Resistance-Festival-1-198x250.png 198w, https:\/\/charleroi-pourlapalestine.be\/wp-content\/uploads\/2025\/05\/Resistance-Festival-1.png 620w\" alt=\"La 3e \u00e9dition du Festival R\u00e9sistance s\u2019est tenue \u00e0 Saint-Gilles, sur la place Bethl\u00e9em.\" width=\"397\" height=\"500\" \/><\/p>\n<p>&nbsp;<\/p>\n<p><strong>Mais de ces dizaines d\u2019heures d\u2019activit\u00e9s, certains ont choisi d\u2019extraire trois minutes d\u2019une performance th\u00e9\u00e2trale, sortie de son contexte<\/strong>, qui posait la question de l\u2019impunit\u00e9 isra\u00e9lienne face au g\u00e9nocide en cours et c\u00e9l\u00e9brait la r\u00e9sistance palestinienne.\u00a0<strong>S\u2019en est suivie une\u00a0<\/strong>: fausses informations, mensonges, amplification m\u00e9diatique, le tout orchestr\u00e9 par une figure politique influente qui capte les voix de l\u2019extr\u00eame droite.<\/p>\n<p>Plut\u00f4t que de nous contacter pour entendre notre version, le bourgmestre Spinette de Saint-Gilles s\u2019est d\u00e9fil\u00e9. Il est m\u00eame all\u00e9 jusqu\u2019\u00e0 accorder une interview \u00e0 Radio Judaica, un m\u00e9dia revendiquant ses liens avec l\u2019\u00c9tat d\u2019Isra\u00ebl. Il a aussi expos\u00e9 publiquement l\u2019une des co-organisatrices du festival, dont une photo circule d\u00e9sormais sur des comptes pro-isra\u00e9liens.<\/p>\n<p>Nous sommes cibl\u00e9\u00b7es par une campagne de criminalisation nourrie d\u2019arguments absurdes et racistes (voir plus loin : le bingo des sionistes). Nous tentons de r\u00e9tablir les faits, avec nuance et complexit\u00e9. Mais c\u2019est une bataille in\u00e9gale. Nous manquons de ressources. Nous sommes \u00e9puis\u00e9\u00b7es par l\u2019organisation du festival, les nouvelles terribles venues de Palestine, la r\u00e9pression contre nos camarades mobilis\u00e9\u00b7es chaque jour \u00e0 la Bourse.<\/p>\n<p>Comment r\u00e9pondre \u00e0 des adversaires pr\u00eats \u00e0 mentir sans vergogne, qui recyclent sans fin la propagande sioniste la plus \u00e9cul\u00e9e ?<\/p>\n<p>Nous avons accept\u00e9 une interview de RTL Info, pensant y voir une opportunit\u00e9 de r\u00e9tablir un peu de v\u00e9rit\u00e9. Peine perdue. Soyons clairs : il ne s\u2019agit pas ici de jeter l\u2019opprobre sur la journaliste. Elle a \u00e9t\u00e9 honn\u00eate quant \u00e0 ses intentions : elle ne garderait que quelques minutes d\u2019interview, et donnerait aussi la parole \u00e0 un opposant qui se pr\u00e9sente comme repr\u00e9sentant de\u00a0<em>\u00ab la communaut\u00e9 juive \u00bb<\/em>\u00a0(sic). L\u2019argument principal de cette personne ? Les victimes repr\u00e9sent\u00e9es dans la pi\u00e8ce ne peuvent \u00eatre gazaouies\u2026 car elles portent des shorts. Que r\u00e9pondre \u00e0 un tel niveau de vacuit\u00e9 raciste ? Je n\u2019insulterai pas votre intelligence en y revenant.<\/p>\n<p>La journaliste elle-m\u00eame, bien qu\u2019honn\u00eate dans ses intentions, se retrouve pi\u00e9g\u00e9e dans un format qui privil\u00e9gie la confrontation facile et la caricature, plut\u00f4t que la confrontation d\u2019id\u00e9es et la prise en compte des contextes historiques, politiques et sociaux.<\/p>\n<p>Le fond du probl\u00e8me, c\u2019est que le syst\u00e8me m\u00e9diatique ne cherche plus \u00e0 informer. Il fabrique le consentement : au g\u00e9nocide, aux violences polici\u00e8res, au capitalisme et au racisme toujours plus violents.<\/p>\n<p>Plut\u00f4t que de questionner les logiques de pouvoir et d\u2019oppression, les m\u00e9dias servent souvent \u00e0 les l\u00e9gitimer, voire \u00e0 les amplifier. La couverture m\u00e9diatique d\u00e9gueulasse du meurtre du petit Fabian en est une \u00e9ni\u00e8me preuve.<\/p>\n<p>Ce dont nous avons droit dor\u00e9navant, ce sont des r\u00e9cits simplifi\u00e9s et une vision du monde caricaturale, qui marginalisent et silencent ceux qui osent prendre position contre les structures de pouvoir dominantes.<\/p>\n<p>Nous aurons essay\u00e9. Et une chose est s\u00fbre : nous ne l\u00e2cherons rien. Nous continuerons \u00e0 crier, protester, r\u00e9sister \u2014\u00a0<strong>par tous les moyens n\u00e9cessaires<\/strong>\u00a0\u2014 tant que ce g\u00e9nocide durera, tant que tous les peuples ne seront pas libres : du colonialisme, du capitalisme, du patriarcat.<\/p>\n<p>Oui, c\u2019est un vaste programme, oui c\u2019est ambitieux. Mais quand je dis\u00a0<em>\u00ab nous \u00bb<\/em>, je parle de notre g\u00e9n\u00e9ration et des suivantes. Les flics peuvent continuer \u00e0 nous traquer, nous frapper (au LBD d\u00e9sormais), nous surveiller. Les marchands de haine \u00e9lus peuvent prosp\u00e9rer. Cela ne fera que renforcer notre d\u00e9termination.<\/p>\n<p>&nbsp;<\/p>\n<h4 class=\"fittexted_for_content_h4\"><strong>Le bingo des sionistes<\/strong><\/h4>\n<blockquote><p><strong>Khaaamas<\/strong><\/p><\/blockquote>\n<p>Parce que tout ce qui touche \u00e0 la Palestine, c\u2019est automatiquement du Hamas. La r\u00e9sistance arm\u00e9e (la r\u00e9sistance arm\u00e9e palestinienne s\u2019organise depuis les ann\u00e9es 60, le Hamas nait en 1987), c\u2019est le Khaaamas, le keffieh (port\u00e9 depuis des si\u00e8cles par les paysans et les b\u00e9douins, devenu un symbole de r\u00e9sistance dans les ann\u00e9es 1930), c\u2019est le Khamaas, l\u2019huile d\u2019olive, c\u2019est le Khaamas, le houmous aussi\u00a0!<\/p>\n<blockquote><p><strong>Samidoun, Samidoun, Samidoun !<\/strong><\/p><\/blockquote>\n<p>Tout comme le Khaamas, Samidoun est partout, tout le temps, pire que la CIA.<\/p>\n<blockquote><p><strong>Apologie du terrorisme<\/strong><\/p><\/blockquote>\n<p>C\u00e9l\u00e9brer la r\u00e9sistance palestinienne quel qu\u2019elle soit c\u2019est \u00e9videmment faire apologie de la violence. De toute fa\u00e7on, les Palestiniens ne savent faire que \u00e7a, n\u2019est-ce pas ? Qui n\u2019a jamais r\u00eav\u00e9 de voir un \u00e9v\u00e9nement culturel s\u2019ouvrir sur un petit discours pro-terrorisme, juste pour d\u00e9tendre l\u2019atmosph\u00e8re ?<\/p>\n<blockquote><p><strong>Antis\u00e9mitisme<\/strong><\/p><\/blockquote>\n<p>Aaah, le vieux classique : critiquer Isra\u00ebl ? antis\u00e9mite\u00a0? protester contre un g\u00e9nocide\u00a0? antis\u00e9mite\u00a0? demander la lib\u00e9ration de la Palestine\u00a0? antis\u00e9mite\u00a0? s\u2019\u00e9mouvoir devant la mort de dizaines de milliers d\u2019enfants\u00a0? antis\u00e9mite\u00a0? souligner que pour le moment Isra\u00ebl arme des milices proches de Daesh\u00a0? antis\u00e9mite\u00a0! Dire que l\u2019histoire ne commence pas le 7\/10\/23\u00a0? antis\u00e9mite\u00a0! Demander le respect du droit international\u00a0? antis\u00e9mite\u00a0? Amnesty International, l\u2019ONU, M\u00e9decins sans fronti\u00e8res\u00a0? antis\u00e9mite<\/p>\n<blockquote><p><strong>Performance de mauvais go\u00fbt<\/strong><\/p><\/blockquote>\n<p>La performance \u00e9tait de mauvais go\u00fbt ? Bien s\u00fbr, glorifier des r\u00e9sistants opprim\u00e9s, c\u2019est toujours plus joli avec une touche de pastel et des papillons.<\/p>\n<blockquote><p><strong>D\u00e9rive islamiste<\/strong><\/p><\/blockquote>\n<p>Festival Resistance, entrisme ou s\u00e9paratisme, les 2\u00a0\u00e9videmment\u00a0!<\/p>\n<blockquote><p><strong>Risque de violence<\/strong><\/p><\/blockquote>\n<p>Attention, un petit tournoi de foot dans la rue, et hop, c\u2019est la guerre civile.<\/p>\n<p><strong><em>Merci \u00e0 Sarah pour le partage de ce texte<\/em><\/strong><\/p>\n<p><strong><em>*****<\/em><\/strong><\/p>\n<p><span style=\"font-family: Liberation Serif, serif;\"><span>Monsieur le Bourgmestre,<\/span><\/span><\/p>\n<p><span style=\"font-family: Liberation Serif, serif;\"><span>Il n&rsquo;existe qu&rsquo;une v\u00e9rit\u00e9.<br \/>\nEt ce n&rsquo;est pas celle qu&rsquo;on ajuste \u00e0 la temp\u00e9rature politique du moment. Ce n&rsquo;est pas une version commode qu&rsquo;on module pour ne f\u00e2cher ni l&rsquo;\u00e9lectorat solidaire, ni l&rsquo;ambassade d&rsquo;un \u00c9tat colonisateur. On ne peut m\u00e9nager la ch\u00e8vre et le chou, Gaza et Tel-Aviv, les enfants ensevelis sous les ruines et les puissances qui les effacent.<\/span><\/span><\/p>\n<p><span style=\"font-family: Liberation Serif, serif;\"><span>La performance que vous d\u00e9noncez \u00e9tait lisible.<\/span><\/span>\u00a0<span style=\"font-family: Liberation Serif, serif;\"><span>Quiconque verront les images de cette performance th\u00e9\u00e2trale saura distinguer clairement qu&rsquo;il s&rsquo;agit de la repr\u00e9sentation d&rsquo;un massacre visant les populations palestiniennes, appelant et c\u00e9l\u00e9brant sa r\u00e9sistance. Il ne s&rsquo;agit nullement d&rsquo;une reconstitution des massacres du 7 octobre commis par le Hamas. \u00ab Entendons nous qu&rsquo;il n&rsquo;existe qu&rsquo;un v\u00e9rit\u00e9 et non pas deux, ou autant que de groupes d&rsquo;int\u00e9r\u00eat \u00bb Si je<\/span><\/span>\u00a0<span style=\"font-family: Liberation Serif, serif;\"><span>me permets de convoquer ici les mots de<\/span><\/span>\u00a0<strong><span style=\"font-family: Liberation Serif, serif;\"><span>Bertolt Brecht<\/span><\/span><\/strong>\u00a0<span style=\"font-family: Liberation Serif, serif;\"><span>, c&rsquo;est qu&rsquo;il \u00e9crivait en temps de fascisme que<\/span><\/span>\u00a0<strong><span style=\"font-family: Liberation Serif, serif;\"><span>\u00ab dire la v\u00e9rit\u00e9 \u00bb n&rsquo;allait jamais de soi<\/span><\/span><\/strong>\u00a0<span style=\"font-family: Liberation Serif, serif;\"><span>. Et que la premi\u00e8re condition de cette v\u00e9rit\u00e9 \u00e9tait<\/span><\/span>\u00a0<strong><span style=\"font-family: Liberation Serif, serif;\"><span>le courage<\/span><\/span><\/strong>\u00a0<span style=\"font-family: Liberation Serif, serif;\"><span>. Non pas une bravoure th\u00e9\u00e2trale \u2013 encore moins celle qui consiste \u00e0 condamner des artistes \u2013 mais<\/span><\/span>\u00a0<strong><span style=\"font-family: Liberation Serif, serif;\"><span>le courage r\u00e9el<\/span><\/span><\/strong>\u00a0<span style=\"font-family: Liberation Serif, serif;\"><span>, celui de d\u00e9plorer aux puissants, de renoncer \u00e0 la gloire des dominants, de ne pas taire ce que l&rsquo;on sait.<\/span><\/span><\/p>\n<p><span style=\"font-family: Liberation Serif, serif;\"><span>Il faut aujourd&rsquo;hui du courage, Monsieur le Bourgmestre, pour dire que ce que fait l&rsquo;\u00c9tat d&rsquo;Isra\u00ebl \u00e0 Gaza est un crime. On ne r\u00e9pond pas \u00e0 ce crime en d\u00e9signant comme dangereux celles et ceux qui le montrent. Vous avez pr\u00e9f\u00e9r\u00e9, par r\u00e9flexe, par prudence, peut-\u00eatre par strat\u00e9gie, condamner une forme artistique au lieu de condamner un fait.<\/span><\/span><\/p>\n<p><span style=\"font-family: Liberation Serif, serif;\"><span>Il n&rsquo;existe qu&rsquo;une v\u00e9rit\u00e9 \u2013 et elle ne se partage pas en autant de fragments qu&rsquo;il ya d&rsquo;ambassades, de partis, ou de calculs \u00e9lectoraux. Gaza est sous les bombes. Ici, place Bethl\u00e9em, vos concitoyen.ne.s ont port\u00e9 le deuil et rendu visible ce que l&rsquo;appareil m\u00e9diatique et politique tente d&rsquo;effacer : un g\u00e9nocide.<\/span><\/span><\/p>\n<p><span style=\"font-family: Liberation Serif, serif;\"><span>Et il faut aujourd&rsquo;hui, dans ce contexte,<\/span><\/span>\u00a0<strong><span style=\"font-family: Liberation Serif, serif;\"><span>du courage politique<\/span><\/span><\/strong>\u00a0<span style=\"font-family: Liberation Serif, serif;\"><span>,<\/span><\/span>\u00a0<strong><span style=\"font-family: Liberation Serif, serif;\"><span>du courage artistique<\/span><\/span><\/strong>\u00a0<span style=\"font-family: Liberation Serif, serif;\"><span>,<\/span><\/span>\u00a0<strong><span style=\"font-family: Liberation Serif, serif;\"><span>du courage moral<\/span><\/span><\/strong>\u00a0<span style=\"font-family: Liberation Serif, serif;\"><span>, pour ne pas inverser les responsabilit\u00e9s.<\/span><\/span><\/p>\n<p><span style=\"font-family: Liberation Serif, serif;\"><span>Je vous invite, par ce message, \u00e0 le retrouver.<\/span><\/span><\/p>\n<blockquote><p>Cordialement<\/p><\/blockquote>\n<p><span style=\"font-family: Liberation Serif, serif;\"><span>Julie Jaroszewski<\/span><\/span><\/p>\n<p><span style=\"font-family: Liberation Serif, serif;\"><span>Dramaturge et habitante de Saint-Gilles<\/span><\/span><\/p>\n<p>&nbsp;<\/p>\n<p>&nbsp;<\/p>\n<p>&nbsp;<\/p>\n<p><strong><a href=\"https:\/\/www.instagram.com\/p\/DKzs8mrIH_u\/?img_index=1&amp;igsh=MTc3c3gxdjNlNDV1dw%3D%3D\" target=\"_blank\" rel=\"noopener\">D\u00e9claration<\/a>\u00a0de l\u2019\u00e9quipe de communication du Festival R\u00e9sistance\u00a0<\/strong><\/p>\n<p>&nbsp;<\/p>\n<p><img decoding=\"async\" class=\"aligncenter wp-image-84970 size-full td-animation-stack-type0-2\" src=\"https:\/\/i0.wp.com\/charleroi-pourlapalestine.be\/wp-content\/uploads\/2025\/06\/Sans-aucune-surprise.png?resize=590%2C380&amp;ssl=1\" sizes=\"(max-width: 590px) 100vw, 590px\" srcset=\"https:\/\/charleroi-pourlapalestine.be\/wp-content\/uploads\/2025\/06\/Sans-aucune-surprise.png 590w, https:\/\/charleroi-pourlapalestine.be\/wp-content\/uploads\/2025\/06\/Sans-aucune-surprise-350x225.png 350w\" alt=\"Festival R\u00e9sistance : Sans aucune surprise, l'ambassadrice isra\u00e9lienne ment. UNE FOIS DE PLUS.\" width=\"590\" height=\"380\" data-recalc-dims=\"1\" \/><\/p>\n<p>&nbsp;<\/p>\n<p><strong>Lundi 9 juin, alors que l\u2019occupation sioniste g\u00e9nocidaire et coloniale continue d\u2019infliger des horreurs \u00e0 Gaza, la repr\u00e9sentante de l\u2019entit\u00e9 sioniste g\u00e9nocidaire en Belgique a d\u00e9cid\u00e9 de construire et diffuser une narration mensong\u00e8re \u00e0 propos d\u2019une pi\u00e8ce de th\u00e9\u00e2tre palestinienne pr\u00e9sent\u00e9e au Festival R\u00e9sistance \u00e0 Bruxelles.<\/strong>\u00a0Ce mensonge s\u2019inscrit dans la campagne syst\u00e9matique de n\u00e9gation du g\u00e9nocide men\u00e9e par les repr\u00e9sentants officiels du r\u00e9gime depuis le 7 octobre, pour justifier leurs crimes de guerre et leurs crimes contre l\u2019humanit\u00e9.<\/p>\n<p><a href=\"https:\/\/www.instagram.com\/reel\/DKptYc_iL9q\/?igsh=Z3h0OWkzMzhqeDQy\" target=\"_blank\" rel=\"noopener\">La pi\u00e8ce de th\u00e9\u00e2tre<\/a>, pr\u00e9sent\u00e9e par des r\u00e9fugi\u00e9s palestiniens place Bethl\u00e9em, portait sur le g\u00e9nocide en cours qui a tu\u00e9 plus de 55\u00a0000 Palestiniens, et sur la r\u00e9sistance palestinienne qui est rest\u00e9e in\u00e9branlable. Cette repr\u00e9sentation commen\u00e7ait avec des acteurs de diff\u00e9rentes nationalit\u00e9s et de diff\u00e9rents \u00e2ges tenant des morceaux de papier demandant\u00a0:<\/p>\n<p>\u00ab\u00a0Pourquoi notre voix est-elle r\u00e9duite au silence\u00a0? Pourquoi des enfants sont-ils tu\u00e9s sous les yeux de leurs parents\u00a0? Pourquoi la R\u00e9sistance palestinienne est-elle qualifi\u00e9e de terrorisme\u00a0?\u00a0\u00bb<\/p>\n<p>Les corps au sol repr\u00e9sentaient des Palestinien,nes assassin\u00e9,es portant des keffiehs et des enfants palestiniens couverts de linceuls ensanglant\u00e9s. Des centaines de personnes ont assist\u00e9 \u00e0 la repr\u00e9sentation, acclamant et applaudissant \u00e0 la fin, tandis que la sc\u00e8ne finale d\u00e9peignait les r\u00e9sistants c\u00e9l\u00e9brant leur victoire contre un r\u00e9gime g\u00e9nocidaire qui a, r\u00e9p\u00e9tons le, tu\u00e9 plus de 55\u00a0000 Palestiniens.<\/p>\n<p>Au lieu de regarder la repr\u00e9sentation dans son int\u00e9gralit\u00e9, disponible gratuitement sur les r\u00e9seaux sociaux, les sionistes aiment croire que tout tourne autour d\u2019eux. La repr\u00e9sentante officielle du r\u00e9gime g\u00e9nocidaire d\u00e9bite un mensonge \u00e9hont\u00e9\u00a0: les corps sont isra\u00e9liens et la pi\u00e8ce parle du 7\u00a0octobre. Les m\u00e9dias de droite suivent imm\u00e9diatement. Plut\u00f4t que de remplir leur devoir journalistique de recherche de la v\u00e9rit\u00e9, ils se font les st\u00e9nographes d\u2019un gouvernement \u00e9tranger, poussant le mensonge jusqu\u2019au ridicule en pr\u00e9tendant que les corps au sol ne peuvent \u00eatre palestiniens puisque certains acteurs portent des shorts.<\/p>\n<p>&nbsp;<\/p>\n<p><img decoding=\"async\" class=\"aligncenter wp-image-84966 size-full td-animation-stack-type0-2\" src=\"https:\/\/i0.wp.com\/charleroi-pourlapalestine.be\/wp-content\/uploads\/2025\/06\/Rosenzweig-bis.png?resize=795%2C792&amp;ssl=1\" sizes=\"(max-width: 795px) 100vw, 795px\" srcset=\"https:\/\/charleroi-pourlapalestine.be\/wp-content\/uploads\/2025\/06\/Rosenzweig-bis.png 795w, https:\/\/charleroi-pourlapalestine.be\/wp-content\/uploads\/2025\/06\/Rosenzweig-bis-251x250.png 251w, https:\/\/charleroi-pourlapalestine.be\/wp-content\/uploads\/2025\/06\/Rosenzweig-bis-502x500.png 502w, https:\/\/charleroi-pourlapalestine.be\/wp-content\/uploads\/2025\/06\/Rosenzweig-bis-768x765.png 768w, https:\/\/charleroi-pourlapalestine.be\/wp-content\/uploads\/2025\/06\/Rosenzweig-bis-80x80.png 80w, https:\/\/charleroi-pourlapalestine.be\/wp-content\/uploads\/2025\/06\/Rosenzweig-bis-320x320.png 320w\" alt=\"Festival R\u00e9sistance : Sans aucune surprise, l'ambassadrice isra\u00e9lienne ment. UNE FOIS DE PLUS.\" width=\"795\" height=\"792\" data-recalc-dims=\"1\" \/><\/p>\n<p>&nbsp;<\/p>\n<p>Malgr\u00e9 nos clarifications aux m\u00e9dias et au bourgmestre de Saint-Gilles, les sionistes continuent de faire ce qu\u2019ils font le mieux\u00a0: d\u00e9fendre leur mensonge jusqu\u2019\u00e0 ce qu\u2019ils aient le temps d\u2019en inventer un nouveau, afin de d\u00e9tourner l\u2019attention des derni\u00e8res atrocit\u00e9s commises par leur entit\u00e9 et de sa position de plus en plus claire d\u2019\u00a0\u00ab\u00a0\u00c9tat\u00a0\u00bb paria.<\/p>\n<p>&nbsp;<\/p>\n<p><img decoding=\"async\" class=\"aligncenter wp-image-84971 size-full td-animation-stack-type0-2\" src=\"https:\/\/i0.wp.com\/charleroi-pourlapalestine.be\/wp-content\/uploads\/2025\/06\/Spinette.png?resize=645%2C372&amp;ssl=1\" sizes=\"auto, (max-width: 645px) 100vw, 645px\" srcset=\"https:\/\/charleroi-pourlapalestine.be\/wp-content\/uploads\/2025\/06\/Spinette.png 645w, https:\/\/charleroi-pourlapalestine.be\/wp-content\/uploads\/2025\/06\/Spinette-350x202.png 350w\" alt=\"Festival R\u00e9sistance : Sans aucune surprise, l'ambassadrice isra\u00e9lienne ment. UNE FOIS DE PLUS.\" width=\"645\" height=\"372\" data-recalc-dims=\"1\" \/><\/p>\n<p>&nbsp;<\/p>\n<p>Ce n\u2019est d\u2019ailleurs ni le premier ni le dernier mensonge invent\u00e9 par la repr\u00e9sentante officielle du r\u00e9gime g\u00e9nocidaire, Idit Rozenweig. Outre ses constantes calomnies \u00e0 l\u2019encontre du mouvement de solidarit\u00e9 avec la Palestine en Belgique, elle a auparavant \u00e9galement compar\u00e9 les prisonniers palestiniens \u00e0 Marc Dutroux, le p\u00e9dophile le plus inf\u00e2me de Belgique, alors m\u00eame que les soldats d\u2019occupation isra\u00e9liens sont r\u00e9guli\u00e8rement accus\u00e9s d\u2019agressions sexuelles envers les palestinien.nes, y compris en prison.<\/p>\n<p>Alors que l\u2019UE subit une pression croissante pour suspendre l\u2019accord d\u2019association UE-Isra\u00ebl et qu\u2019Itamar Ben-Gvir et Bezalel Smotrich, tous deux ministres du gouvernement qu\u2019elle repr\u00e9sente, ont \u00e9t\u00e9 sanctionn\u00e9s par cinq pays, dont le Royaume-Uni, pour incitation \u00e0 commettre des violations des droits de l\u2019homme, on pourrait s\u2019attendre \u00e0 ce qu\u2019elle a des priorit\u00e9s plus pressantes que le th\u00e9\u00e2tre de rue \u00e0 Saint-Gilles.<\/p>\n<p>H\u00e9las, Madame Rozenweig passe ses journ\u00e9es \u00e0 tweeter. Son engagement en faveur de la promotion des arts serait louable si elle n\u2019utilisait pas son analphab\u00e9tisme culturel pour diffuser une campagne de diffamation contre les jeunes artistes palestiniens. Dans des tweets quotidiens d\u00e9sesp\u00e9r\u00e9s, reconnus exclusivement par des fascistes et des journalistes clients, Madame Rozenweig tente de pr\u00e9senter sa colonie de peuplement g\u00e9nocidaire comme la victime. C\u2019est comme fermer la porte de l\u2019\u00e9curie apr\u00e8s que le cheval s\u2019est non seulement emball\u00e9, mais a v\u00e9cu une vie bien remplie et est mort de causes naturelles.<\/p>\n<p>Nous refusons de participer \u00e0 cette mascarade path\u00e9tique. Son dernier mensonge n\u2019est pas l\u2019histoire. L\u2019histoire c\u2019est un enfant de 11 ans tu\u00e9 par la police, l\u2019histoire c\u2019est la r\u00e9pression polici\u00e8res utilisant des balles en caoutchouc tir\u00e9es sur des personnes en deuil, l\u2019histoire c\u2019est une d\u00e9put\u00e9e europ\u00e9enne enlev\u00e9e dans les eaux internationales, et surtout, l\u2019histoire c\u2019est de plus de 55\u00a0000 Palestinien,nes assassin\u00e9,es par Isra\u00ebl avec le soutien total de l\u2019Occident.<\/p>\n<p>La diplomatie pr\u00e9f\u00e9r\u00e9e de Mme Rozenweig est celle fond\u00e9e sur les menaces et les mensonges, plus mafieuse qu\u2019ambassadrice. Le maintien de sa pr\u00e9sence en Belgique est un affront \u00e0 la d\u00e9mocratie et une honte pour un pays qui pr\u00e9tend respecter les droits de l\u2019homme et l\u2019\u00c9tat de droit. Plut\u00f4t que de censurer les r\u00e9fugi\u00e9.es palestinien.nes, la Belgique doit agir au plus vite pour mettre fin \u00e0 sa complicit\u00e9 dans le g\u00e9nocide en cours \u00e0 Gaza : arr\u00eater la criminalisation des r\u00e9fugi\u00e9s et des militants palestiniens. Arr\u00eater la r\u00e9pression et les brutalit\u00e9s polici\u00e8res. Arr\u00eater le d\u00e9ni du g\u00e9nocide par les politiciens belges. Suspendre tout lien avec l\u2019entit\u00e9 sioniste et expulser Idit Rozenweig pour ses crimes.<\/p>\n<p>&nbsp;<\/p>\n<p><img decoding=\"async\" class=\"aligncenter wp-image-84972 size-full td-animation-stack-type0-2\" src=\"https:\/\/i0.wp.com\/charleroi-pourlapalestine.be\/wp-content\/uploads\/2025\/06\/Liberez-la-Palestine.png?resize=587%2C331&amp;ssl=1\" sizes=\"auto, (max-width: 587px) 100vw, 587px\" srcset=\"https:\/\/charleroi-pourlapalestine.be\/wp-content\/uploads\/2025\/06\/Liberez-la-Palestine.png 587w, https:\/\/charleroi-pourlapalestine.be\/wp-content\/uploads\/2025\/06\/Liberez-la-Palestine-350x197.png 350w\" alt=\"\" width=\"587\" height=\"331\" data-recalc-dims=\"1\" \/><\/p>\n<p>&nbsp;<\/p>\n<p>*****<\/p>\n<p>Lisez \u00e9galement ces deux articles concernant le Festival de R\u00e9sistance, la pi\u00e8ce de th\u00e9\u00e2tre<br \/>\net la campagne de diffamation, lanc\u00e9e par l\u2019ambassadrice de l\u2019\u00e9tat g\u00e9nocidaire.<\/p>\n<p><a href=\"https:\/\/charleroi-pourlapalestine.be\/index.php\/2025\/06\/11\/de-saint-gilles-a-gaza-defendre-la-palestine-face-a-la-machine-de-diffamation\/\"><strong>De Saint-Gilles \u00e0 Gaza : d\u00e9fendre la Palestine face \u00e0 la machine de diffamation<\/strong><\/a><\/p>\n<p><img decoding=\"async\" class=\"aligncenter wp-image-84932 size-large td-animation-stack-type0-2\" src=\"https:\/\/i0.wp.com\/charleroi-pourlapalestine.be\/wp-content\/uploads\/2025\/06\/7-juin-RF-keffiehs-667x500.jpg?resize=667%2C500&amp;ssl=1\" sizes=\"auto, (max-width: 667px) 100vw, 667px\" srcset=\"https:\/\/charleroi-pourlapalestine.be\/wp-content\/uploads\/2025\/06\/7-juin-RF-keffiehs-667x500.jpg 667w, https:\/\/charleroi-pourlapalestine.be\/wp-content\/uploads\/2025\/06\/7-juin-RF-keffiehs-333x250.jpg 333w, https:\/\/charleroi-pourlapalestine.be\/wp-content\/uploads\/2025\/06\/7-juin-RF-keffiehs-768x576.jpg 768w, https:\/\/charleroi-pourlapalestine.be\/wp-content\/uploads\/2025\/06\/7-juin-RF-keffiehs-1536x1152.jpg 1536w, https:\/\/charleroi-pourlapalestine.be\/wp-content\/uploads\/2025\/06\/7-juin-RF-keffiehs.jpg 2048w\" alt=\"Festival R\u00e9sistance : De St Gilles \u00e0 Gaza\" width=\"667\" height=\"500\" data-recalc-dims=\"1\" \/><\/p>\n<p>&nbsp;<\/p>\n<p><a href=\"https:\/\/charleroi-pourlapalestine.be\/index.php\/2025\/06\/10\/la-resistance-palestinienne-a-laction-a-bruxelles\/\"><strong>La R\u00e9sistance palestinienne \u00e0 l\u2019action \u00e0 Bruxelles<\/strong><\/a><\/p>\n<p>&nbsp;<\/p>\n<p><img decoding=\"async\" class=\"aligncenter wp-image-84899 size-large td-animation-stack-type0-2\" src=\"https:\/\/i0.wp.com\/charleroi-pourlapalestine.be\/wp-content\/uploads\/2025\/06\/7-juin-RF-2-e1749535420485-700x442.png?resize=700%2C442&amp;ssl=1\" sizes=\"auto, (max-width: 700px) 100vw, 700px\" srcset=\"https:\/\/charleroi-pourlapalestine.be\/wp-content\/uploads\/2025\/06\/7-juin-RF-2-e1749535420485-700x442.png 700w, https:\/\/charleroi-pourlapalestine.be\/wp-content\/uploads\/2025\/06\/7-juin-RF-2-e1749535420485-350x221.png 350w, https:\/\/charleroi-pourlapalestine.be\/wp-content\/uploads\/2025\/06\/7-juin-RF-2-e1749535420485-768x485.png 768w, https:\/\/charleroi-pourlapalestine.be\/wp-content\/uploads\/2025\/06\/7-juin-RF-2-e1749535420485.png 882w\" alt=\"Festival R\u00e9sistance \" width=\"700\" height=\"442\" data-recalc-dims=\"1\" \/><\/p>\n<div class=\"wp-block-wptelegram-widget-join-channel aligncenter\"><a class=\"components-button join-link is-large has-text has-icon\" href=\"https:\/\/t.me\/samidoun_network\" target=\"_self\" rel=\"noopener noreferrer\">Join the @samidoun_network channel on Telegram<\/a><\/div>\n","protected":false},"excerpt":{"rendered":"<p>De Saint-Gilles \u00e0 Gaza : d\u00e9fendre la Palestine face \u00e0 la machine de diffamation D\u00e8s lors que des voix critiques \u2014 celles qui sortent du cadre dominant, qui proposent d\u2019autres r\u00e9cits \u2014 prennent la parole, elles sont aussit\u00f4t musel\u00e9es, criminalis\u00e9es.<\/p>\n","protected":false},"author":1,"featured_media":6368,"comment_status":"open","ping_status":"open","sticky":false,"template":"","format":"standard","meta":{"footnotes":""},"categories":[21,539,36,6],"tags":[566],"class_list":["post-6366","post","type-post","status-publish","format-standard","has-post-thumbnail","hentry","category-anti-imperialisme","category-belgique","category-europe","category-palestine-moyen-orient","tag-samidoun"],"_links":{"self":[{"href":"https:\/\/bruxelles-pantheres.be\/index.php?rest_route=\/wp\/v2\/posts\/6366","targetHints":{"allow":["GET"]}}],"collection":[{"href":"https:\/\/bruxelles-pantheres.be\/index.php?rest_route=\/wp\/v2\/posts"}],"about":[{"href":"https:\/\/bruxelles-pantheres.be\/index.php?rest_route=\/wp\/v2\/types\/post"}],"author":[{"embeddable":true,"href":"https:\/\/bruxelles-pantheres.be\/index.php?rest_route=\/wp\/v2\/users\/1"}],"replies":[{"embeddable":true,"href":"https:\/\/bruxelles-pantheres.be\/index.php?rest_route=%2Fwp%2Fv2%2Fcomments&post=6366"}],"version-history":[{"count":3,"href":"https:\/\/bruxelles-pantheres.be\/index.php?rest_route=\/wp\/v2\/posts\/6366\/revisions"}],"predecessor-version":[{"id":6371,"href":"https:\/\/bruxelles-pantheres.be\/index.php?rest_route=\/wp\/v2\/posts\/6366\/revisions\/6371"}],"wp:featuredmedia":[{"embeddable":true,"href":"https:\/\/bruxelles-pantheres.be\/index.php?rest_route=\/wp\/v2\/media\/6368"}],"wp:attachment":[{"href":"https:\/\/bruxelles-pantheres.be\/index.php?rest_route=%2Fwp%2Fv2%2Fmedia&parent=6366"}],"wp:term":[{"taxonomy":"category","embeddable":true,"href":"https:\/\/bruxelles-pantheres.be\/index.php?rest_route=%2Fwp%2Fv2%2Fcategories&post=6366"},{"taxonomy":"post_tag","embeddable":true,"href":"https:\/\/bruxelles-pantheres.be\/index.php?rest_route=%2Fwp%2Fv2%2Ftags&post=6366"}],"curies":[{"name":"wp","href":"https:\/\/api.w.org\/{rel}","templated":true}]}}