{"id":6372,"date":"2025-05-30T18:32:22","date_gmt":"2025-05-30T17:32:22","guid":{"rendered":"https:\/\/bruxelles-pantheres.be\/?p=6372"},"modified":"2025-06-20T18:34:49","modified_gmt":"2025-06-20T17:34:49","slug":"elnet-ou-lart-sioniste-dacheter-les-consciences-europeennes-a-bas-prix","status":"publish","type":"post","link":"https:\/\/bruxelles-pantheres.be\/?p=6372","title":{"rendered":"Elnet, ou l\u2019art sioniste d\u2019acheter les consciences europ\u00e9ennes \u00e0 bas prix"},"content":{"rendered":"<header class=\"grimlock--single-header grimlock--page-header entry-header\">\n<div class=\"entry-meta\"><span class=\"posted-on\"><span class=\"posted-on-label\">Publi\u00e9 le\u00a0<\/span><time class=\"entry-date published updated\" datetime=\"2025-05-27T10:51:50+02:00\">27 mai 2025<\/time><\/span><\/div>\n<\/header>\n<div class=\"grimlock--single-content grimlock--page-content entry-content\">\n<p>\u00c7a s\u2019appelle Elnet, acronyme de European Leadership Network, \u00e0 ne pas confondre avec ELN, acronyme de l\u2019autre European Leadership Network, un think tank \u00ab respectable \u00bb cr\u00e9\u00e9 en 2011 et bas\u00e9 \u00e0 Londres. Elnet n\u2019a rien de respectable : c\u2019est une machine de guerre isra\u00e9lo-yankee cr\u00e9\u00e9e en 2007 apr\u00e8s la deuxi\u00e8me Intifada pour intoxiquer les opinions occidentales avec la plus pure hasbara [propagande] sioniste. C\u0153ur de cible : les parlementaires nationaux des pays de l\u2019UE et europ\u00e9ens. Apr\u00e8s le 7 octobre 2023, Elnet a organis\u00e9 20 voyages en Isra\u00ebl de 300 parlementaires europ\u00e9ens et britanniques. Mais Elnet a aussi diversifi\u00e9 ses op\u00e9rations, organisant des voyages en Terre promise de militaires, d\u2019industriels et de grands intellectuels, notamment Bernard-Henri L\u00e9vy et Michel Onfray, sans oublier l\u2019in\u00e9narrable Helv\u00e9tico-Catalan, Manuel Carlos Valls i Galfetti, ainsi que des voyages de d\u00e9cideurs isra\u00e9liens en Europe. Parmi les parlementaires, on ratisse large, des conservateurs aux \u00e9cologistes, en passant par les lib\u00e9raux et les sociaux-d\u00e9mocrates, et des Lituaniens aux Portugais en passant par les Hongrois, Roumains, Fran\u00e7ais, Allemands, Italiens etc.. Ci-dessous des documents sur cette entreprise d\u2019achat (\u00e0 bas prix) de consciences.\u00a0<strong>Ayman El Hakim<\/strong><\/p>\n<\/div>\n<p><!--more--><\/p>\n<div class=\"grimlock--single-content grimlock--page-content entry-content\">\n<div class=\"post_author_box\"><iframe class=\"entered lazyloaded\" title=\"YouTube video player\" src=\"https:\/\/www.youtube.com\/embed\/LWeJRCtlEmM?si=64M_3PJDqpIE3y4z\" width=\"560\" height=\"315\" frameborder=\"0\" allowfullscreen=\"allowfullscreen\" data-rocket-lazyload=\"fitvidscompatible\" data-lazy-src=\"https:\/\/www.youtube.com\/embed\/LWeJRCtlEmM?si=64M_3PJDqpIE3y4z\" data-ll-status=\"loaded\" data-mce-fragment=\"1\"><\/iframe>&nbsp;<\/p>\n<p>&nbsp;<\/p>\n<div id=\"post-body-6748900597984135116\" class=\"post-body entry-content\">\n<h2><b>Elnet, un agent d\u2019influence pro-Isra\u00ebl au c\u0153ur du Parlement fran\u00e7ais<\/b><\/h2>\n<p>&nbsp;<\/p>\n<blockquote><p><i>Depuis 2017, ce lobby a envoy\u00e9, tout frais pay\u00e9s, une centaine de parlementaires en Isra\u00ebl. Son PDG revendique avoir fait \u00ab plus que [sa] part \u00bb dans le soutien de \u00ab l\u2019immense majorit\u00e9 \u00bb de l\u2019Assembl\u00e9e nationale et du S\u00e9nat \u00e0 l\u2019\u00e9gard de l\u2019\u00c9tat h\u00e9breu depuis le 7-Octobre.<\/i><\/p><\/blockquote>\n<p><b><i><a href=\"https:\/\/www.mediapart.fr\/biographie\/pauline-graulle\" target=\"_blank\" rel=\"noopener\">Pauline Graulle<\/a>,\u00a0<a href=\"https:\/\/www.mediapart.fr\/journal\/politique\/291224\/elnet-un-agent-d-influence-pro-israel-au-coeur-du-parlement\" target=\"_blank\" rel=\"noopener\">Mediapart<\/a>, 29\/12\/2024<\/i><\/b><\/p>\n<p>Sur les photos, ils posent en souriant devant le Mur des lamentations, l\u2019air concentr\u00e9 dans une salle de r\u00e9union du minist\u00e8re des affaires \u00e9trang\u00e8res isra\u00e9lien, ou la mine grave lors d\u2019une visite d\u2019un kibboutz attaqu\u00e9 par le Hamas le 7-Octobre\u2026 Au fil des ann\u00e9es, ces images de d\u00e9put\u00e9s et de s\u00e9nateurs fran\u00e7ais sont venues par dizaines abonder le site Internet d\u2019Elnet \u2013 pour \u00ab European Leadership Network \u00bb \u2013, une association bien connue de la plupart des parlementaires qui re\u00e7oivent r\u00e9guli\u00e8rement ses mails les invitant \u00e0 des voyages en Isra\u00ebl.<\/p>\n<p>Sur le papier, ces s\u00e9jours, int\u00e9gralement financ\u00e9s par Elnet \u2013 il faut compter 4 000 euros pour quatre jours, h\u00f4tel et trajet en avion compris \u2013, ont de quoi attirer les \u00e9lus : ils proposent des rencontres \u00ab de haut niveau \u00bb avec des intellectuels, des ambassadeurs ou des officiers de Tsahal, mais aussi des visites de la Knesset, du m\u00e9morial de Yad Vashem ou de bases militaires \u00e0 la fronti\u00e8re palestinienne\u2026<\/p>\n<p>&nbsp;<\/p>\n<div class=\"separator\"><a href=\"https:\/\/blogger.googleusercontent.com\/img\/b\/R29vZ2xl\/AVvXsEh0EEpJrCmK3rPTZUPrCbgwUXbPUiFKb8CUjPN0YzFYzqkH0_ymvVLrTYJ-w1tAOPm1KAPnVRAGo_gzkHUgDvfGDshiAkmpXHjDBtRKE16TFeZo1U4PWez4brHDaWao3XBz8EjvjIXhf9FlL_WQDzdF5HpJS-dWwrFzxAoU5Em6tab1Zx0JtKNprUULUqpZ\/s1275\/Elnet%20France.JPG\"><img decoding=\"async\" class=\"entered lazyloaded\" src=\"https:\/\/blogger.googleusercontent.com\/img\/b\/R29vZ2xl\/AVvXsEh0EEpJrCmK3rPTZUPrCbgwUXbPUiFKb8CUjPN0YzFYzqkH0_ymvVLrTYJ-w1tAOPm1KAPnVRAGo_gzkHUgDvfGDshiAkmpXHjDBtRKE16TFeZo1U4PWez4brHDaWao3XBz8EjvjIXhf9FlL_WQDzdF5HpJS-dWwrFzxAoU5Em6tab1Zx0JtKNprUULUqpZ\/w640-h246-rw\/Elnet%20France.JPG\" width=\"280\" height=\"107\" border=\"0\" data-original-height=\"491\" data-original-width=\"1275\" data-lazy-src=\"https:\/\/blogger.googleusercontent.com\/img\/b\/R29vZ2xl\/AVvXsEh0EEpJrCmK3rPTZUPrCbgwUXbPUiFKb8CUjPN0YzFYzqkH0_ymvVLrTYJ-w1tAOPm1KAPnVRAGo_gzkHUgDvfGDshiAkmpXHjDBtRKE16TFeZo1U4PWez4brHDaWao3XBz8EjvjIXhf9FlL_WQDzdF5HpJS-dWwrFzxAoU5Em6tab1Zx0JtKNprUULUqpZ\/w640-h246-rw\/Elnet%20France.JPG\" data-ll-status=\"loaded\" \/><\/a><\/div>\n<div><a href=\"https:\/\/elnetwork.eu\/branch\/france\/\"><b>https:\/\/elnetwork.eu\/branch\/france\/<\/b><\/a><\/div>\n<p>\u00ab Par votre pr\u00e9sence, vous contribuerez au renforcement de la relation strat\u00e9gique bilat\u00e9rale entre deux pays [\u2026] qui partagent les m\u00eames valeurs [et] ont les m\u00eames ennemis \u00bb, \u00e9crivait ainsi l\u2019organisme, \u00e0 l\u2019\u00e9t\u00e9 2021, dans un mail envoy\u00e9 \u00e0 trente-quatre parlementaires macronistes, Les R\u00e9publicains (LR), centristes et socialistes, \u00e0 la veille de leur d\u00e9part vers l\u2019\u00c9tat h\u00e9breu. Un voyage durant lequel ils ont pu rencontrer un ex-num\u00e9ro 2 du Mossad pour \u00e9voquer les enjeux s\u00e9curitaires du pays, ou Benyamin N\u00e9tanyahou, alors chef de l\u2019opposition, qui a r\u00e9sum\u00e9 en un mot la recette du \u00ab miracle isra\u00e9lien \u00bb : le \u00ab capitalisme \u00bb.<\/p>\n<p>En mars 2023, quinze d\u00e9put\u00e9s LR se rendaient encore \u00e0 J\u00e9rusalem pour, entre autres, \u00e9couter un commandant de police leur pr\u00e9senter le dispositif de vid\u00e9osurveillance avec reconnaissance faciale de la vieille ville, et regarder avec lui la vid\u00e9o d\u2019un attentat commis quelques semaines plus t\u00f4t par des Palestiniens. Deux mois auparavant, alors que les manifestations se multipliaient contre la tr\u00e8s controvers\u00e9e r\u00e9forme de la justice de N\u00e9tanyahou, c\u2019\u00e9tait au tour de d\u00e9put\u00e9s macronistes d\u2019\u00e9couter un d\u00e9put\u00e9 du Likoud leur assurer que le gouvernement ne porterait en aucun cas atteinte aux libert\u00e9s fondamentales\u2026<\/p>\n<p>Apr\u00e8s le 7-Octobre, Elnet a renforc\u00e9 son action. Huit jours seulement apr\u00e8s les massacres commis par le Hamas, l\u2019organisation envoyait dix d\u00e9put\u00e9s LR et Renaissance \u2013 ainsi que Manuel Valls, r\u00e9cemment nomm\u00e9 ministre des outre-mer \u2013 visiter la base militaire de Shurah, au sud de Tel-Aviv, o\u00f9 reposaient les corps de 300 victimes non encore identifi\u00e9es, rencontrer des familles d\u2019otages et s\u2019entretenir avec des survivants \u00e0 l\u2019h\u00f4pital Ichilov. \u00ab Alors que l\u2019attention m\u00e9diatique se tourne vers les images de destructions \u00e0 Gaza, il est encore plus critique pour les d\u00e9cideurs europ\u00e9ens de voir la r\u00e9alit\u00e9 sur le terrain du point de vue isra\u00e9lien pour contribuer \u00e0 maintenir le soutien n\u00e9cessaire de la part des alli\u00e9s europ\u00e9ens cl\u00e9s \u00bb, commentait Elnet apr\u00e8s le d\u00e9placement.<\/p>\n<p>En janvier 2024, alors que le nombre de morts \u00e0 Gaza fr\u00f4lait les 25 000, une d\u00e9l\u00e9gation de 22 s\u00e9nateurs et s\u00e9natrices, dont Francis Szpiner, Lo\u00efc Herv\u00e9 ou Fran\u00e7oise Gatel, ministre des gouvernements Barnier et Bayrou, publiaient aussi une tribune \u00e0 leur retour de leur voyage Elnet : \u00ab Ce voyage a renforc\u00e9 notre attachement \u00e0 la soci\u00e9t\u00e9 isra\u00e9lienne et notre conviction profonde qu\u2019Isra\u00ebl [\u2026] est \u00e0 l\u2019avant-garde d\u2019une guerre de la civilisation contre la barbarie \u00bb, \u00e9crivaient-ils.<\/p>\n<p>&nbsp;<\/p>\n<h2>Un long travail d\u2019influence<\/h2>\n<p>Cr\u00e9\u00e9e en 2010, la branche fran\u00e7aise d\u2019Elnet \u2013 qui dispose \u00e9galement d\u2019antennes en Belgique, au Royaume-Uni, en Allemagne ou en Italie \u2013 a pris ses quartiers \u00e0 quelques m\u00e8tres de l\u2019Assembl\u00e9e nationale, rue Saint-Dominique. Un endroit strat\u00e9gique pour l\u2019ONG qui d\u00e9clare \u00eatre financ\u00e9e \u00ab \u00e0 100 % \u00bb par des contributions priv\u00e9es (voir en annexes) et affiche pour ambition de \u00ab renforcer le dialogue diplomatique, politique et strat\u00e9gique entre la France et Isra\u00ebl \u00bb.<\/p>\n<p>Derri\u00e8re cet objectif, Elnet cache difficilement son tropisme en faveur du gouvernement d\u2019extr\u00eame droite emmen\u00e9 par N\u00e9tanyahou. Plus encore depuis le d\u00e9but de la guerre \u00e0 Gaza que plusieurs organisations internationales, \u00e0 l\u2019instar d\u2019Amnesty International, qualifient d\u00e9sormais de \u00ab g\u00e9nocide \u00bb. \u00ab C\u2019est un lobby qui a pignon sur rue \u00bb, r\u00e9sume le s\u00e9nateur socialiste Rachid Temal, auteur d\u2019un rapport publi\u00e9 en juillet sur les influences \u00e9trang\u00e8res, qui souligne que \u00ab l\u2019association, comme tous les autres lobbys, a le droit de faire de l\u2019influence d\u00e8s lors que c\u2019est d\u00e9clar\u00e9 \u00bb.<\/p>\n<p>&nbsp;<\/p>\n<h2><b>Une r\u00e9gularisation tr\u00e8s tardive \u00e0 la HATVP<\/b><\/h2>\n<p>Malgr\u00e9 la loi Sapin de 2016 sur la lutte contre la corruption qui oblige les repr\u00e9sentants d\u2019int\u00e9r\u00eats \u00e0 s\u2019inscrire comme tels sur le registre de la Haute Autorit\u00e9 pour la transparence de la vie publique (HATVP), il aura pourtant fallu huit ans \u00e0 Elnet pour s\u2019enregistrer aupr\u00e8s de l\u2019instance.<\/p>\n<p>Une incongruit\u00e9 qui n\u2019avait d\u2019ailleurs pas \u00e9chapp\u00e9 \u00e0 la s\u00e9natrice UDI Nathalie Goulet qui, lors des discussions sur les influences \u00e9trang\u00e8res au Palais du Luxembourg cet \u00e9t\u00e9, avait not\u00e9 que \u00ab certains organismes qui invitent des parlementaires en voyage de fa\u00e7on r\u00e9guli\u00e8re [\u2026] ne figurent pas sur la liste de ces lobbies, Elnet pour ne pas le nommer \u00bb.<\/p>\n<p>Questionn\u00e9e le 21 novembre par Mediapart sur les raisons pour lesquelles elle ne s\u2019\u00e9tait pas encore d\u00e9clar\u00e9e aupr\u00e8s de la HATVP, l\u2019association a r\u00e9pondu : \u00ab Nous n\u2019estimions pas relever de la cat\u00e9gorie de repr\u00e9sentant d\u2019int\u00e9r\u00eats. Afin de nous assurer que nous \u00e9tions bien en conformit\u00e9 avec la loi, nous avons rencontr\u00e9 l\u2019HATVP et nous sommes convenus avec ses responsables qu\u2019il nous fallait nous d\u00e9clarer comme tel. C\u2019est donc en cours. \u00bb \u00c9galement contact\u00e9e sur ce point, la HATVP a indiqu\u00e9 qu\u2019elle ne \u00ab pouvait pas [nous] en dire plus \u00bb. Comme un heureux hasard, Elnet a finalement fait son apparition dans le registre\u2026 cinq jours apr\u00e8s notre sollicitation.<\/p>\n<p>&nbsp;<\/p>\n<p>Le 23 septembre, dans une interview au m\u00e9dia en ligne Qualita, une cha\u00eene destin\u00e9e aux Fran\u00e7ais ayant immigr\u00e9 en Isra\u00ebl, le pr\u00e9sident d\u2019Elnet-France, Ari\u00e9 Bensemhoun, se f\u00e9licitait ouvertement de l\u2019influence de son organisation sur le microcosme politique fran\u00e7ais.<\/p>\n<p>\u00ab Je reste relativement optimiste sur la capacit\u00e9 de changer les param\u00e8tres du discours diplomatique, disait-il. D\u2019un c\u00f4t\u00e9, il y a la diplomatie officielle, et de l\u2019autre c\u00f4t\u00e9, il y a la diplomatie parlementaire. Je rappelle que l\u2019immense majorit\u00e9 du parlement [fran\u00e7ais] soutient Isra\u00ebl [\u2026] dans son combat contre le Hamas et le Hezbollah, et c\u2019est le r\u00e9sultat de d\u00e9cennies de travail qui a \u00e9t\u00e9 fait par les uns, par les autres, nous y avons fait plus que notre part. \u00bb<\/p>\n<p>De fait, depuis 2017, les d\u00e9bats sur le conflit isra\u00e9lo-palestinien ont peu \u00e0 peu chang\u00e9 de ton dans une Assembl\u00e9e nationale qui affichait jusque-l\u00e0 une ligne plut\u00f4t bienveillante \u00e0 l\u2019\u00e9gard de la cause palestinienne, \u00e0 l\u2019unisson avec le Quai d\u2019Orsay. Entre le vote, en 2019, d\u2019une r\u00e9solution visant \u00e0 condamner tout discours \u00ab antisioniste \u00bb au motif qu\u2019il serait automatiquement antis\u00e9mite, le r\u00e9quisitoire, en plein h\u00e9micycle, contre l\u2019avocat franco-palestinien Salah Hamouri en 2022, la d\u00e9mission du pr\u00e9sident du groupe France-Palestine, priv\u00e9 de parole lors d\u2019un d\u00e9bat sur \u00ab l\u2019apartheid \u00bb en Isra\u00ebl, et le \u00ab soutien inconditionnel \u00bb \u00e0 l\u2019\u00c9tat h\u00e9breu d\u00e9cr\u00e9t\u00e9 par la pr\u00e9sidente de l\u2019Assembl\u00e9e nationale Ya\u00ebl Braun-Pivet en 2023, c\u2019est peu dire que l\u2019ambiance a chang\u00e9.<\/p>\n<p>De l\u00e0 \u00e0 y voir la main d\u2019Elnet ? L\u2019association n\u2019a en tout cas pas ch\u00f4m\u00e9 pour peser sur les repr\u00e9sentations des parlementaires fran\u00e7ais ces derni\u00e8res ann\u00e9es. Interrog\u00e9e par Mediapart, l\u2019ONG indique \u00ab ne pas tenir les comptes \u00bb, mais \u00e0 en croire les d\u00e9clarations officielles des d\u00e9put\u00e9s et s\u00e9nateurs \u2013 tenus de rendre publique \u00ab toute acceptation d\u2019une invitation \u00e0 un voyage \u00e9manant d\u2019une personne morale ou physique dont ils ont b\u00e9n\u00e9fici\u00e9 \u00e0 raison de leur mandat \u00bb \u2013, 55 voyages ont \u00e9t\u00e9 organis\u00e9s pour des d\u00e9put\u00e9s et 46 pour des s\u00e9nateurs depuis 2017.<\/p>\n<p>&nbsp;<\/p>\n<div class=\"separator\"><b><a href=\"https:\/\/blogger.googleusercontent.com\/img\/b\/R29vZ2xl\/AVvXsEhG_ShirMBYJhIy5pUIiT9qoEPCiaG_y0ihOCUpkBt-NTZ0oPwxJbsVk9sr8byIPG-VpFOtJzTzPZwhyphenhyphen7F98rVdd7pjK00KoFE9YyGQbQAkdudWZmHUJoOHqmcrWRRdUmsxlrJklInRjY7BvyGu6_QiXixF4c6kqeQktxdGBIN2uInhY0VBEysfu6fNJSTn\/s611\/Infographie%20Elnet%201.JPG\"><img decoding=\"async\" class=\"entered lazyloaded\" src=\"https:\/\/blogger.googleusercontent.com\/img\/b\/R29vZ2xl\/AVvXsEhG_ShirMBYJhIy5pUIiT9qoEPCiaG_y0ihOCUpkBt-NTZ0oPwxJbsVk9sr8byIPG-VpFOtJzTzPZwhyphenhyphen7F98rVdd7pjK00KoFE9YyGQbQAkdudWZmHUJoOHqmcrWRRdUmsxlrJklInRjY7BvyGu6_QiXixF4c6kqeQktxdGBIN2uInhY0VBEysfu6fNJSTn\/w640-h538-rw\/Infographie%20Elnet%201.JPG\" width=\"280\" height=\"235\" border=\"0\" data-original-height=\"514\" data-original-width=\"611\" data-lazy-src=\"https:\/\/blogger.googleusercontent.com\/img\/b\/R29vZ2xl\/AVvXsEhG_ShirMBYJhIy5pUIiT9qoEPCiaG_y0ihOCUpkBt-NTZ0oPwxJbsVk9sr8byIPG-VpFOtJzTzPZwhyphenhyphen7F98rVdd7pjK00KoFE9YyGQbQAkdudWZmHUJoOHqmcrWRRdUmsxlrJklInRjY7BvyGu6_QiXixF4c6kqeQktxdGBIN2uInhY0VBEysfu6fNJSTn\/w640-h538-rw\/Infographie%20Elnet%201.JPG\" data-ll-status=\"loaded\" \/><\/a><\/b><\/div>\n<p><b>\u00a0<\/b><\/p>\n<div><b>\u00a9 Infographie Mediapart\u00a0<\/b><\/div>\n<p>&nbsp;<\/p>\n<p>\u00c0 ces chiffres, s\u2019ajoutent les allers-retours effectu\u00e9s mais non d\u00e9clar\u00e9s : en tout, une centaine de parlementaires sont ainsi partis en Isra\u00ebl avec Elnet devenue, de loin, la premi\u00e8re organisation \u00e0 faire de l\u2019influence via des voyages de parlementaires.<\/p>\n<p>&nbsp;<\/p>\n<h2>Des aficionados dans la macronie et chez LR<\/h2>\n<p>Certains parlementaires sont m\u00eame devenus des habitu\u00e9s d\u2019Elnet. C\u00f4t\u00e9 macronistes, la d\u00e9put\u00e9e Renaissance des Fran\u00e7ais d\u2019Isra\u00ebl, Caroline Yadan, mais aussi sa coll\u00e8gue des Hauts-de-Seine Constance Le Grip ou encore le ministre des affaires europ\u00e9ennes Benjamin Haddad ont fait plusieurs allers-retours. Fervents d\u00e9fenseurs du \u00ab droit d\u2019Isra\u00ebl \u00e0 se d\u00e9fendre \u00bb depuis le 7-Octobre, tous appartiennent au groupe d\u2019amiti\u00e9 France-Isra\u00ebl et assument une forme de pros\u00e9lytisme pro-isra\u00e9lien dans les rangs du camp pr\u00e9sidentiel.<\/p>\n<p>C\u2019est \u00e9galement le cas de l\u2019ex-pr\u00e9sidente du groupe d\u2019amiti\u00e9 France-Isra\u00ebl (de 2019 \u00e0 2023), aujourd\u2019hui ministre d\u00e9l\u00e9gu\u00e9e charg\u00e9e de l\u2019\u00e9galit\u00e9 entre les femmes et les hommes et de la lutte contre les discriminations, Aurore Berg\u00e9, qui fut l\u2019une des toutes premi\u00e8res \u00e0 profiter des voyages Elnet. En juillet 2018, juste apr\u00e8s son entr\u00e9e au Palais-Bourbon, la jeune d\u00e9put\u00e9e des Yvelines faisait ainsi partie d\u2019une d\u00e9l\u00e9gation Elnet de trente et un parlementaires re\u00e7us pour une discussion qualifi\u00e9e de \u00ab constructive \u00bb avec Benyamin N\u00e9tanyahou.<\/p>\n<blockquote><p><b>\u201cC\u2019est un honneur de faire partie de la d\u00e9l\u00e9gation d\u2019Elnet\u201d<\/b><\/p>\n<p><i>L\u2019ex-d\u00e9put\u00e9 LR Pierre-Henri Dumont\u00a0<\/i><\/p><\/blockquote>\n<p>Depuis, celle qui juge cette association \u00ab utile pour lutter contre le fl\u00e9au de l\u2019antis\u00e9mitisme, ce d\u2019autant plus dans ce moment o\u00f9 il refait surface \u00bb, est repartie au moins deux fois avec Elnet. Dernier voyage en date, le 7 octobre 2024, pour les comm\u00e9morations des attaques meurtri\u00e8res du Hamas, en compagnie de ses coll\u00e8gues Caroline Yadan et Sylvain Maillard. Depuis les lieux du massacre du festival Nova, ils en ont profit\u00e9 pour d\u00e9fendre une position align\u00e9e sur celle du minist\u00e8re des affaires \u00e9trang\u00e8res sur l\u2019envoi des armes en Isra\u00ebl.<\/p>\n<p>\u00c0 droite encore, Elnet trouve plusieurs autres soutiens, tels le vice-pr\u00e9sident (UDI) du S\u00e9nat Lo\u00efc Herv\u00e9, Meyer Habib, \u00ab ami personnel \u00bb de N\u00e9tanyahou, mais aussi les \u00e9lus LR Mich\u00e8le Tabarot, Roger Karoutchi, Karl Olive \u2013 aujourd\u2019hui proche d\u2019Emmanuel Macron \u2013 ou Pierre-Henri Dumont. L\u2019ancien pr\u00e9sident de la commission des affaires internationales de l\u2019Assembl\u00e9e \u2013 qui a perdu son si\u00e8ge en 2024 \u2013 n\u2019a jamais h\u00e9sit\u00e9 \u00e0 se faire l\u2019ambassadeur de l\u2019organisation : \u00ab C\u2019est un honneur de faire partie de la d\u00e9l\u00e9gation d\u2019Elnet \u00bb, assurait-il r\u00e9cemment dans un message calibr\u00e9, d\u00fbment relay\u00e9 sur les r\u00e9seaux sociaux par l\u2019organisation.<\/p>\n<p><a href=\"https:\/\/blogger.googleusercontent.com\/img\/b\/R29vZ2xl\/AVvXsEjtm4UdYE_zd4h_IHjKDLlOPZqORl-Is1IKG7jSbzCJ_kj8AMl3wb4Qz9kqI08yUF8jzQxmE4un01dpLQoEmiSjkD1AbFUU5h88eI86nOMk60hVlzRcaiGvCztezwa2Rnm1WUgvG3hv69bxZxqmb2q0JU6CcmWwvLzrN9tdIS9Ye4BNlReLWq6YVmem2Ue5\/s661\/Infographie%20Elnet%202.JPG\"><img decoding=\"async\" class=\"entered lazyloaded\" src=\"https:\/\/blogger.googleusercontent.com\/img\/b\/R29vZ2xl\/AVvXsEjtm4UdYE_zd4h_IHjKDLlOPZqORl-Is1IKG7jSbzCJ_kj8AMl3wb4Qz9kqI08yUF8jzQxmE4un01dpLQoEmiSjkD1AbFUU5h88eI86nOMk60hVlzRcaiGvCztezwa2Rnm1WUgvG3hv69bxZxqmb2q0JU6CcmWwvLzrN9tdIS9Ye4BNlReLWq6YVmem2Ue5\/w640-h326-rw\/Infographie%20Elnet%202.JPG\" width=\"280\" height=\"142\" border=\"0\" data-original-height=\"337\" data-original-width=\"661\" data-lazy-src=\"https:\/\/blogger.googleusercontent.com\/img\/b\/R29vZ2xl\/AVvXsEjtm4UdYE_zd4h_IHjKDLlOPZqORl-Is1IKG7jSbzCJ_kj8AMl3wb4Qz9kqI08yUF8jzQxmE4un01dpLQoEmiSjkD1AbFUU5h88eI86nOMk60hVlzRcaiGvCztezwa2Rnm1WUgvG3hv69bxZxqmb2q0JU6CcmWwvLzrN9tdIS9Ye4BNlReLWq6YVmem2Ue5\/w640-h326-rw\/Infographie%20Elnet%202.JPG\" data-ll-status=\"loaded\" \/><\/a><\/p>\n<div><b>\u00a9 Infographie Mediapart\u00a0<\/b><\/div>\n<p>A contrario, nombre de d\u00e9put\u00e9s ne go\u00fbtent gu\u00e8re les sollicitations insistantes d\u2019Elnet. Le d\u00e9put\u00e9 macroniste Ludovic Mend\u00e8s rapporte avoir \u00e9t\u00e9 approch\u00e9 par le PDG d\u2019Elnet-France il y a deux ans, lors d\u2019un d\u00eener du Crif (Conseil repr\u00e9sentatif des institutions juives de France). Mais \u00ab pas question d\u2019aller o\u00f9 que ce soit avec un organisme financ\u00e9 par on ne sait qui et qui promeut une ligne religieuse ou politique, assure-t-il \u00e0 Mediapart. Quand je vais en Isra\u00ebl, je veux par ailleurs pouvoir me rendre o\u00f9 je veux, y compris du c\u00f4t\u00e9 palestinien \u00bb. Une ancienne d\u00e9put\u00e9e proche de Gabriel Attal raconte \u00e9galement avoir refus\u00e9 les propositions de l\u2019ONG : \u00ab J\u2019ai une \u00e9thique \u00bb, dit-elle.<\/p>\n<p>Dans les rangs socialistes, l\u2019ex-d\u00e9put\u00e9e Val\u00e9rie Rabault et le d\u00e9put\u00e9 J\u00e9r\u00f4me Guedj, tous deux membres du groupe France-Isra\u00ebl \u00e0 l\u2019Assembl\u00e9e, ont eux aussi d\u00e9cid\u00e9 de ne pas r\u00e9pondre aux sollicitations d\u2019Elnet, par peur des potentielles \u00ab ing\u00e9rences \u00bb. Le d\u00e9put\u00e9 Liot (Libert\u00e9, ind\u00e9pendants, outre-mer et territoires), ancien vice-pr\u00e9sident du Palais-Bourbon charg\u00e9 des questions de d\u00e9ontologies, David Habib a, quant \u00e0 lui, d\u00e9cid\u00e9 de jouer cartes sur table : il a effectivement r\u00e9alis\u00e9 un voyage avec Elnet, mais il a pay\u00e9 tous les frais de sa poche.<\/p>\n<blockquote><p><b>\u201cC\u2019est un peu comme les voyages en URSS dans les ann\u00e9es 1930\u201d<\/b><\/p>\n<p><i>Christophe Marion, d\u00e9put\u00e9 macroniste\u00a0<\/i><\/p><\/blockquote>\n<p>Reste enfin les participants qui acceptent les voyages mais disent ne \u00ab pas \u00eatre dupes \u00bb sur ses objectifs. \u00ab Elnet fait du soft power et n\u2019est clairement pas l\u00e0 pour porter un message critique sur Isra\u00ebl. Mais ces voyages restent int\u00e9ressants \u00bb, estime le macroniste Mounir Belhamiti, membre de la commission de la d\u00e9fense \u00e0 l\u2019Assembl\u00e9e nationale, qui s\u2019est rendu une fois en Isra\u00ebl au moment de la loi de programmation militaire, mais a refus\u00e9 d\u2019y retourner apr\u00e8s le 7-Octobre.<\/p>\n<p>Une position partag\u00e9e par son coll\u00e8gue Christophe Marion, qui s\u2019est rendu deux fois en Isra\u00ebl avec Elnet : \u00ab C\u2019est un peu comme les voyages en URSS dans les ann\u00e9es 1930, sourit-il, m\u00eame si cela permet de mieux appr\u00e9hender la situation complexe dans la r\u00e9gion. Je n\u2019ai pas de probl\u00e8me \u00e0 y aller du moment qu\u2019on ne me demande pas de porter des positions ensuite. \u00bb Pour autant, l\u2019\u00e9lu reconna\u00eet qu\u2019il se poserait probablement davantage de questions si l\u2019organisation lui proposait de repartir aujourd\u2019hui.<\/p>\n<p>&nbsp;<\/p>\n<h2>La cible de \u00ab l\u2019extr\u00eame gauche \u00bb<\/h2>\n<p>Se d\u00e9finissant comme un \u00ab think tank du dialogue strat\u00e9gique entre la France et Isra\u00ebl \u00bb, Elnet assure se contenter de promouvoir \u00ab la d\u00e9mocratie, la libert\u00e9, la justice et la paix \u00bb de mani\u00e8re \u00ab ind\u00e9pendante \u00bb et \u00ab apolitique \u00bb.<\/p>\n<p>De politique, Ari\u00e9 Bensemhoun, le pr\u00e9sident d\u2019Elnet-France, ne parle pourtant que de cela. Que ce soit sur Radio J o\u00f9 il tient une chronique r\u00e9guli\u00e8re, ou sur CNews, il est loin de porter un regard \u00ab apolitique \u00bb sur le conflit au Proche-Orient.<\/p>\n<p>Ainsi, au lendemain de la d\u00e9cision des juges de la Cour p\u00e9nale internationale (CPI) de d\u00e9livrer un mandat d\u2019arr\u00eat international contre le premier ministre isra\u00e9lien, il \u00e9crit sur X : \u00ab Les accusations port\u00e9es [\u2026] ne reposent sur rien, aucune preuve, si ce n\u2019est les all\u00e9gations mensong\u00e8res des ONG \u00e0 la solde des islamistes et des terroristes du Hamas et de l\u2019autorit\u00e9 palestinienne [\u2026]. Comme autrefois devant les nazis, les nations se sont couch\u00e9es devant les islamistes qui veulent d\u00e9truire nos soci\u00e9t\u00e9s libres et d\u00e9mocratiques. \u00bb<\/p>\n<p>Mi-septembre, alors que l\u2019Unicef comptabilisait plus de 43 000 morts dont plus de 14 100 enfants dans la bande de Gaza, Ari\u00e9 Bensemhoun expliquait aussi, sur Radio J, que \u00ab les Palestiniens civils que l\u2019on nous dit innocents ne sont pas tous innocents. Personne ne peut imaginer que les nazis aient pu faire tout ce qu\u2019ils ont fait sans que tout ou partie du peuple ait \u00e9t\u00e9 complice. C\u2019est la m\u00eame chose pour les Palestiniens de Gaza \u00bb, affirmait celui qui, depuis un an, d\u00e9nonce \u00ab les ONG vendues au Hamas \u00bb.<\/p>\n<p>En France, il s\u2019attaque aussi aux \u00ab islamistes \u00bb, \u00ab extr\u00e9mistes de gauche \u00bb et autres \u00ab wokistes \u00bb. \u00ab L\u2019extr\u00eame gauche \u00bb reste en effet la cible privil\u00e9gi\u00e9e de l\u2019ancien pr\u00e9sident de l\u2019Union des \u00e9tudiants juifs de France (UEJF) de Toulouse (Haute-Garonne), \u00e0 commencer par La France insoumise (LFI) et son \u00ab obsession anti-juive \u00bb qu\u2019Ari\u00e9 Bensemhoun \u00e9trille \u00e0 longueur d\u2019\u00e9ditos. Il y a quelques jours, c\u2019est Dominique de Villepin qui en faisait les frais, comme en t\u00e9moigne\u00a0<a href=\"https:\/\/elnetwork.fr\/analyse\/quelle-epoque-avec-dominique-de-villepin-lobsession-anti-israel-dun-diplomate-sous-influence\/\" target=\"_blank\" rel=\"noopener\"><b>ce texte publi\u00e9\u00a0<\/b><\/a>sur le site d\u2019Elnet, apr\u00e8s des d\u00e9clarations de l\u2019ancien premier ministre.<\/p>\n<p>Le 16 octobre, le patron d\u2019Elnet-France se permettait aussi d\u2019envoyer une lettre ouverte \u00e0 la pr\u00e9sidente de l\u2019Assembl\u00e9e nationale pour r\u00e9clamer \u00ab solennellement \u00bb \u00e0 Ya\u00ebl Braun-Pivet de \u00ab prononcer des sanctions disciplinaires \u00bb \u00e0 l\u2019encontre du vice-pr\u00e9sident du Groupe d\u2019amiti\u00e9 France-Isra\u00ebl, Aymeric Caron.<\/p>\n<p>L\u2019Insoumis jouerait selon lui \u00ab un r\u00f4le cynique et pr\u00e9pond\u00e9rant dans la l\u00e9gitimation de la haine des Juifs dans notre pays \u00bb pour avoir relay\u00e9 des vid\u00e9os \u00ab non sourc\u00e9es \u00bb des massacres \u00e0 Gaza ou compar\u00e9 l\u2019arm\u00e9e isra\u00e9lienne au \u00ab monstre nazi \u00bb. D\u2019apr\u00e8s nos informations, Ya\u00ebl Braun-Pivet a oppos\u00e9 une fin de non-recevoir au dirigeant d\u2019Elnet. Son entourage a toutefois refus\u00e9 de nous faire lire le courrier.<\/p>\n<p><b><i>Paris 18-19 mai 2025, un RV \u00e0 ne pas rater<\/i><\/b><\/p>\n<div><iframe class=\"entered lazyloaded\" title=\"EIPC 2025 - Announcement\" src=\"https:\/\/www.youtube.com\/embed\/4-qzExB6C5g\" width=\"640\" height=\"360\" frameborder=\"0\" allowfullscreen=\"allowfullscreen\" data-mce-fragment=\"1\" data-rocket-lazyload=\"fitvidscompatible\" data-lazy-src=\"https:\/\/www.youtube.com\/embed\/4-qzExB6C5g\" data-ll-status=\"loaded\"><\/iframe><\/div>\n<div><\/div>\n<\/div>\n<div class=\"post-footer-line post-footer-line-1\"><\/div>\n<div>\n<div data-olk-copy-source=\"MessageBody\"><strong>Pauline Graulle,<\/strong><br \/>\n29 d\u00e9cembre 2024,<br \/>\nM\u00e9diapart, avec une introduction de Ayman El Hakim du 20 avril 2025,<br \/>\nl\u2019article contient \u00e9galement plusieurs vid\u00e9os.<\/div>\n<div>\n<hr \/>\n<\/div>\n<div>Source :<\/div>\n<div><a id=\"OWA5ec491a5-72dd-db32-c64d-191fa1fdaaba\" title=\"Prot\u00e9g\u00e9 par Outlook\u00a0: https:\/\/tlaxcala-int.blogspot.com\/2025\/04\/elnet-ou-lart-sioniste-dacheter-les.html?m=1. Cliquez ou appuyez pour suivre le lien.\" href=\"https:\/\/emea01.safelinks.protection.outlook.com\/?url=https%3A%2F%2Ftlaxcala-int.blogspot.com%2F2025%2F04%2Felnet-ou-lart-sioniste-dacheter-les.html%3Fm%3D1&amp;data=05%7C02%7C%7Cd19c8632e6e645d9a23e08dd9c2dc0e5%7C84df9e7fe9f640afb435aaaaaaaaaaaa%7C1%7C0%7C638838442499202470%7CUnknown%7CTWFpbGZsb3d8eyJFbXB0eU1hcGkiOnRydWUsIlYiOiIwLjAuMDAwMCIsIlAiOiJXaW4zMiIsIkFOIjoiTWFpbCIsIldUIjoyfQ%3D%3D%7C0%7C%7C%7C&amp;sdata=T5wepPSIC9XJXUuVyxvpv8BGSa0IUWoJ3aymZ0hHE20%3D&amp;reserved=0\" target=\"_blank\" rel=\"noopener noreferrer\" data-auth=\"NotApplicable\" data-linkindex=\"8\">https:\/\/tlaxcala-int.blogspot.com\/2025\/04\/elnet-ou-lart-sioniste-dacheter-les.html?m=1<\/a><\/div>\n<\/div>\n<\/div>\n<\/div>\n","protected":false},"excerpt":{"rendered":"<p>Publi\u00e9 le\u00a027 mai 2025 \u00c7a s\u2019appelle Elnet, acronyme de European Leadership Network, \u00e0 ne pas confondre avec ELN, acronyme de l\u2019autre European Leadership Network, un think tank \u00ab respectable \u00bb cr\u00e9\u00e9 en 2011 et bas\u00e9 \u00e0 Londres. Elnet n\u2019a rien de respectable : c\u2019est une machine de guerre isra\u00e9lo-yankee cr\u00e9\u00e9e en 2007 apr\u00e8s la deuxi\u00e8me &#8230; <a title=\"Elnet, ou l\u2019art sioniste d\u2019acheter les consciences europ\u00e9ennes \u00e0 bas prix\" class=\"read-more\" href=\"https:\/\/bruxelles-pantheres.be\/?p=6372\" aria-label=\"En savoir plus sur Elnet, ou l\u2019art sioniste d\u2019acheter les consciences europ\u00e9ennes \u00e0 bas prix\">Lire la suite<\/a><\/p>\n","protected":false},"author":1,"featured_media":0,"comment_status":"open","ping_status":"open","sticky":false,"template":"","format":"standard","meta":{"footnotes":""},"categories":[539,36,6],"tags":[],"class_list":["post-6372","post","type-post","status-publish","format-standard","hentry","category-belgique","category-europe","category-palestine-moyen-orient"],"_links":{"self":[{"href":"https:\/\/bruxelles-pantheres.be\/index.php?rest_route=\/wp\/v2\/posts\/6372","targetHints":{"allow":["GET"]}}],"collection":[{"href":"https:\/\/bruxelles-pantheres.be\/index.php?rest_route=\/wp\/v2\/posts"}],"about":[{"href":"https:\/\/bruxelles-pantheres.be\/index.php?rest_route=\/wp\/v2\/types\/post"}],"author":[{"embeddable":true,"href":"https:\/\/bruxelles-pantheres.be\/index.php?rest_route=\/wp\/v2\/users\/1"}],"replies":[{"embeddable":true,"href":"https:\/\/bruxelles-pantheres.be\/index.php?rest_route=%2Fwp%2Fv2%2Fcomments&post=6372"}],"version-history":[{"count":1,"href":"https:\/\/bruxelles-pantheres.be\/index.php?rest_route=\/wp\/v2\/posts\/6372\/revisions"}],"predecessor-version":[{"id":6373,"href":"https:\/\/bruxelles-pantheres.be\/index.php?rest_route=\/wp\/v2\/posts\/6372\/revisions\/6373"}],"wp:attachment":[{"href":"https:\/\/bruxelles-pantheres.be\/index.php?rest_route=%2Fwp%2Fv2%2Fmedia&parent=6372"}],"wp:term":[{"taxonomy":"category","embeddable":true,"href":"https:\/\/bruxelles-pantheres.be\/index.php?rest_route=%2Fwp%2Fv2%2Fcategories&post=6372"},{"taxonomy":"post_tag","embeddable":true,"href":"https:\/\/bruxelles-pantheres.be\/index.php?rest_route=%2Fwp%2Fv2%2Ftags&post=6372"}],"curies":[{"name":"wp","href":"https:\/\/api.w.org\/{rel}","templated":true}]}}