{"id":6375,"date":"2025-06-28T16:32:04","date_gmt":"2025-06-28T15:32:04","guid":{"rendered":"https:\/\/bruxelles-pantheres.be\/?p=6375"},"modified":"2025-06-28T16:32:04","modified_gmt":"2025-06-28T15:32:04","slug":"interpellation-citoyenne-devant-le-conseil-communal-danderlecht-communique","status":"publish","type":"post","link":"https:\/\/bruxelles-pantheres.be\/?p=6375","title":{"rendered":"Interpellation citoyenne devant le Conseil communal d&rsquo;Anderlecht + Communiqu\u00e9"},"content":{"rendered":"<div>\n<p><strong>Interpellation citoyenne devant le Conseil communal d&rsquo;Anderlecht<\/strong><\/p>\n<p><strong>Un drapeau ne suffit pas : nous exigeons des actes politiques pour la Palestine<\/strong><br \/>\nPr\u00e9sent\u00e9e par Nordine Saidi, habitant d\u2019Anderlecht, au nom de signataires et habitant\u00b7es engag\u00e9\u00b7es pour la justice en Palestine.<\/p>\n<p><strong>Monsieur le Bourgmestre,<\/strong><br \/>\n<strong>Mesdames et Messieurs les membres du Coll\u00e8ge communal,<\/strong><br \/>\n<strong>Mesdames et Messieurs les Conseiller\u00b7es,<\/strong><br \/>\n<strong>Cher public,<\/strong><\/p>\n<p>Le 19 mai 2025, la maison communale d\u2019Anderlecht a hiss\u00e9 le drapeau palestinien.<br \/>\nNous l\u2019avons vu. Et nous avons voulu y r\u00e9pondre par un geste politique fort : remercier, soutenir, encourager.<br \/>\nOui, au d\u00e9part, nous avions d\u00e9pos\u00e9 cette interpellation citoyenne pour exprimer notre reconnaissance. Car, dans ce contexte d\u2019\u00e9touffement de la parole palestinienne, de censure, de criminalisation de la solidarit\u00e9, ce geste avait une port\u00e9e immense.<\/p>\n<\/div>\n<p><!--more--><\/p>\n<div>\n<p><a href=\"https:\/\/www.dhnet.be\/regions\/bruxelles\/2025\/06\/26\/action-citoyenne-contre-la-disparition-du-drapeau-palestinien-a-la-commune-danderlecht-retire-silencieusement-honteusement-4NYCCCRDVJHAXDZ5JU2F2SQX7I\/\">Mais ce drapeau a \u00e9t\u00e9 retir\u00e9.<\/a><br \/>\nSilencieusement.<br \/>\nEt ce retrait a tout chang\u00e9.<br \/>\nIl a transform\u00e9 notre reconnaissance en indignation.<br \/>\nIl a raviv\u00e9 notre exigence de justice.<br \/>\nEt il a renforc\u00e9 notre volont\u00e9 de <a href=\"https:\/\/bx1.be\/categories\/news\/une-trentaine-de-personnes-rassemblees-contre-la-disparition-du-drapeau-palestinien-a-la-commune-danderlecht\/?theme=classic\">venir, ce soir, vous parler : collectivement, publiquement, calmement mais fermement.<\/a><\/p>\n<p>Car ce qui est en jeu, ce n\u2019est pas un drapeau.<br \/>\nCe n\u2019est pas un protocole.<br \/>\nCe n\u2019est pas une querelle partisane entre partis politique.<br \/>\nCe qui est en jeu, c\u2019est la dignit\u00e9 d\u2019un peuple en train d\u2019\u00eatre extermin\u00e9.<\/p>\n<p>Depuis plus de 19 mois, l\u2019arm\u00e9e isra\u00e9lienne a tu\u00e9 plus de 56.000 Palestiniens, majoritairement des civils, tu\u00e9s dans la bande de Gaza dans la campagne militaire isra\u00e9liennes dont plus de 50 % sont des enfants.<br \/>\nIsra\u00ebl bombarde les h\u00f4pitaux, affame les civils, emp\u00eache l\u2019aide humanitaire, attaque les convois m\u00e9dicaux, d\u00e9truit les infrastructures vitales.<br \/>\nGaza est devenu un cimeti\u00e8re \u00e0 ciel ouvert.<br \/>\nLe 2 mars 2025, le gouvernement isra\u00e9lien a bloqu\u00e9 toute aide humanitaire.<br \/>\nLes Palestinien\u00b7nes meurent de faim.<\/p>\n<p>\u00c0 Rafah, \u00e0 Khan Younis, \u00e0 Jabaliya, ce sont des enfants retrouv\u00e9s calcin\u00e9s dans les bras de leurs parents.<br \/>\nCe sont des nouveau-n\u00e9s morts faute d\u2019oxyg\u00e8ne.<br \/>\nCe sont des m\u00e8res qui doivent \u00e9crire le nom de leurs enfants au marqueur sur leur peau, pour pouvoir les identifier apr\u00e8s un bombardement.<br \/>\nC\u2019est cela, aujourd\u2019hui, la r\u00e9alit\u00e9 palestinienne.<\/p>\n<p>\u00c0 Anderlecht aussi, la douleur est palpable.<br \/>\nNous ne sommes pas des observateurs lointains.<br \/>\nNous sommes ici : \u00e0 Cureghem, \u00e0 Scheut, \u00e0 La Roue, \u00e0 Saint-Guidon, \u00e0 Veeweyde, au Peterbos.<br \/>\nEt dans nos quartiers, la douleur est tangible.<br \/>\nElle se voit dans les visages, elle se devine dans les silences.<br \/>\nElle est l\u00e0, chez nos voisin\u00b7es, nos coll\u00e8gues, nos \u00e9l\u00e8ves, nos enfants.<br \/>\nElle est l\u00e0, dans les nouvelles qui tombent chaque jour, dans la peur, dans l\u2019impuissance.<br \/>\nEt elle est l\u00e0, aussi, dans le silence des institutions.<\/p>\n<p>Et ce n\u2019est plus une guerre.<br \/>\nCe n\u2019est plus un \u00ab\u00a0conflit\u00a0\u00bb.<br \/>\nC\u2019est un g\u00e9nocide en cours.<\/p>\n<p>La Belgique, en tant que signataire de la Convention sur le g\u00e9nocide de 1948, a l\u2019obligation de pr\u00e9venir et de faire cesser de tels crimes, de ne pas y contribuer, et de coop\u00e9rer \u00e0 la justice internationale.<br \/>\nL\u2019Union europ\u00e9enne, qui maintient son accord d\u2019association avec Isra\u00ebl malgr\u00e9 les violations graves des droits humains, est complice.<br \/>\nLe silence de nos institutions locales participe \u00e0 cette complicit\u00e9.<\/p>\n<p>Mais nous parlons au nom des familles palestiniennes qui vivent ici, des enfants qui pleurent leurs proches rest\u00e9s sous les d\u00e9combres de Gaza, des jeunes qui grandissent dans l\u2019ombre du g\u00e9nocide, avec la honte d\u2019un monde qui regarde ailleurs.<\/p>\n<p>Nous parlons au nom des habitant\u00b7es d\u2019Anderlecht qui refusent la complicit\u00e9.<br \/>\nLa complicit\u00e9 par l\u2019inaction.<br \/>\nLa complicit\u00e9 par le commerce.<br \/>\nLa complicit\u00e9 par le silence.<br \/>\nLa complicit\u00e9 par la frilosit\u00e9 \u00e9lectorale.<\/p>\n<p>Nous sommes une commune populaire, diverse, jeune, multiculturelle, antiraciste.<br \/>\nEt nous refusons de rester les bras crois\u00e9s pendant que des enfants sont br\u00fbl\u00e9s vifs, pendant que des familles enti\u00e8res sont ray\u00e9es de la carte, pendant que le peuple palestinien est effac\u00e9 sous nos yeux.<\/p>\n<p>Mais la politique \u00e9trang\u00e8re n\u2019est pas de votre comp\u00e9tence, nous dira-t-on.<br \/>\nCe n\u2019est pas notre domaine, diront certains \u00e9lus.<br \/>\nNous entendons cet argument.<br \/>\nMais nous le refusons.<\/p>\n<p>Car ce que nous vous demandons ici n\u2019est pas de mener une guerre diplomatique, mais de prendre position avec \u00e9thique et courage, comme de nombreuses communes l\u2019ont d\u00e9j\u00e0 fait.<\/p>\n<p>OUI, les communes ont un r\u00f4le \u00e0 jouer.<br \/>\nLa politique \u00e9trang\u00e8re n\u2019est pas de leur comp\u00e9tence directe, mais leur positionnement \u00e9thique et politique est crucial.<br \/>\nMarseille s\u2019appr\u00eate \u00e0 se jumeler avec une ville palestinienne.<br \/>\nBari, Bologne, la r\u00e9gion des Pouilles ont suspendu toute coop\u00e9ration avec Isra\u00ebl.<br \/>\nPourquoi pas Anderlecht ?<\/p>\n<p>Notre commune a d\u00e9j\u00e0 affirm\u00e9 son engagement : en 2021 par une motion claire, en 2022 par une mission officielle en Palestine.<br \/>\nCe n\u2019est pas le moment de reculer.<\/p>\n<p>Contre le g\u00e9nocide, les symboles ne suffisent pas.<br \/>\nIl faut des actes politiques.<\/p>\n<p>Le drapeau, ce n\u2019est pas une fin en soi.<br \/>\nC\u2019est un minimum.<br \/>\nUn premier pas, qui ne peut masquer l\u2019inaction politique g\u00e9n\u00e9ralis\u00e9e des autorit\u00e9s locales et f\u00e9d\u00e9rales belges, y compris dans nos communes dites \u00ab\u00a0progressistes\u00a0\u00bb.<\/p>\n<p>&nbsp;<\/p>\n<p>Nous ne pouvons pas nous contenter d\u2019un bout de tissu suspendu \u00e0 l\u2019h\u00f4tel de ville.<br \/>\nCar en parall\u00e8le :<br \/>\n\u2013 La Belgique continue de commercer avec Isra\u00ebl, y compris en mati\u00e8re d\u2019armement via le port d\u2019Anvers ;<br \/>\n\u2013 Des institutions bruxelloises collaborent avec des entreprises isra\u00e9liennes impliqu\u00e9es dans l\u2019oppression du peuple palestinien (surveillance, cybers\u00e9curit\u00e9, militarisation urbaine) ;<br \/>\n\u2013 Les Palestinien\u00b7nes de Bruxelles, et notamment d\u2019Anderlecht, sont invisibilis\u00e9\u00b7es, non reconnu\u00b7es, non soutenu\u00b7es, alors m\u00eame qu\u2019ils et elles vivent une guerre de l\u2019int\u00e9rieur, un deuil permanent, un exil \u00e9touffant.<\/p>\n<p>Un drapeau ne soigne pas les enfants br\u00fbl\u00e9s au phosphore.<br \/>\nUn drapeau ne reconstruit pas les \u00e9coles d\u00e9truites.<br \/>\nUn drapeau ne ram\u00e8ne pas les milliers de morts de Rafah, de Khan Youn\u00e8s, de Gaza-ville.<\/p>\n<p>Un drapeau, c\u2019est un symbole.<br \/>\nEt aujourd\u2019hui, face \u00e0 un g\u00e9nocide en direct, les symboles ne suffisent plus.<br \/>\nNous avons besoin de d\u00e9cisions courageuses, de ruptures concr\u00e8tes, de mesures politiques locales et imm\u00e9diates.<\/p>\n<p><strong>C\u2019est pourquoi, aujourd\u2019hui, nous formulons les revendications citoyennes suivantes :<\/strong><\/p>\n<p>Nous demandons \u00e0 la Commune d\u2019Anderlecht :\u00a0<strong>sortez de l\u2019hypocrisie symbolique<\/strong>.<br \/>\nNous exigeons des\u00a0<strong>mesures politiques concr\u00e8tes<\/strong>, comme cela a \u00e9t\u00e9 fait ailleurs en Europe, comme \u00e0 Bari et dans les Pouilles (Italie), o\u00f9 les institutions locales ont rompu tout lien avec Isra\u00ebl dans un acte de solidarit\u00e9 active et assum\u00e9e avec le peuple palestinien.<\/p>\n<p><strong>Nos revendications :<\/strong><\/p>\n<ol>\n<li><strong>Le r\u00e9tablissement imm\u00e9diat et permanent du drapeau palestinien<\/strong>\u00a0sur la fa\u00e7ade de la maison communale, comme signe d\u2019engagement public, continu, contre le g\u00e9nocide et l\u2019apartheid.<\/li>\n<li><strong>La relance du processus de jumelage<\/strong>\u00a0entre Anderlecht et la ville de Gaza, comme engagement de solidarit\u00e9 institutionnelle, de coop\u00e9ration populaire, de m\u00e9moire active.<\/li>\n<li><strong>La mise en place d\u2019un fonds communal de solidarit\u00e9 pour la Palestine<\/strong>, en soutien \u00e0 des ONG m\u00e9dicales et humanitaires, \u00e0 des centres culturels et \u00e9ducatifs palestiniens, notamment ceux d\u00e9di\u00e9s aux enfants.<\/li>\n<li><strong>La cr\u00e9ation d\u2019une cellule communale d\u2019accueil pour les Palestinien\u00b7nes vivant \u00e0 Anderlecht<\/strong>, comme cela a \u00e9t\u00e9 fait pour les Ukrainien\u00b7nes en 2022, avec un soutien en logement, sant\u00e9 mentale, droits sociaux.<\/li>\n<li><strong>Un soutien psychologique communautaire adapt\u00e9<\/strong>, incluant des professionnel\u00b7les form\u00e9\u00b7es \u00e0 la r\u00e9alit\u00e9 du trauma colonial, post-g\u00e9nocidaire et diasporique.<\/li>\n<li><strong>Un lieu de m\u00e9moire et de parole d\u00e9di\u00e9 \u00e0 la Nakba et \u00e0 la m\u00e9moire palestinienne.<\/strong><\/li>\n<li><strong>L\u2019organisation d\u2019une journ\u00e9e annuelle pour la Palestine \u00e0 Anderlecht<\/strong>, en collaboration avec les \u00e9coles, associations et citoyen\u00b7nes, pour construire une m\u00e9moire collective anticoloniale et p\u00e9dagogique.<\/li>\n<li><strong>L\u2019adoption d\u2019une d\u00e9claration officielle du Conseil communal condamnant les crimes de guerre isra\u00e9liens<\/strong>, reconnaissant les caract\u00e9ristiques g\u00e9nocidaires de la campagne militaire \u00e0 Gaza, et appelant \u00e0 la fin de l\u2019impunit\u00e9 internationale.<\/li>\n<li><strong>La mise en place d\u2019une politique d\u2019achats publics \u00e9thiques (EPP)<\/strong>, permettant d\u2019exclure des appels d\u2019offres toute entreprise complice de violations graves des droits humains, notamment celles impliqu\u00e9es dans la colonisation isra\u00e9lienne ou l\u2019industrie de guerre.<\/li>\n<li><strong>La fin de toute collaboration communale avec des institutions ou entreprises li\u00e9es \u00e0 l\u2019arm\u00e9e isra\u00e9lienne ou aux colonies.<\/strong><\/li>\n<li><strong>Un audit public des contrats ou collaborations existants<\/strong>, avec publication des r\u00e9sultats.<\/li>\n<li><strong>La suspension des \u00e9ventuels collaboration avec des institutions isra\u00e9liennes<\/strong>, jusqu\u2019\u00e0 la fin de l\u2019apartheid et du nettoyage ethnique.<\/li>\n<li><strong>Le soutien explicite \u00e0 la plainte port\u00e9e par l\u2019Afrique du Sud \u00e0 la CIJ<\/strong>, et \u00e0 toute initiative diplomatique et judiciaire visant \u00e0 faire cesser le g\u00e9nocide en cours.<\/li>\n<li><strong>L\u2019envoi d\u2019une d\u00e9l\u00e9gation officielle d\u2019\u00e9lu\u00b7es d\u2019Anderlecht \u00e0 Gaza<\/strong>, d\u00e8s que les conditions de s\u00e9curit\u00e9 le permettent, afin de t\u00e9moigner, documenter, relayer la parole palestinienne ici.<\/li>\n<li><strong>Une politique locale d\u2019\u00e9ducation d\u00e9coloniale et antiraciste<\/strong>, int\u00e9grant la question palestinienne dans les activit\u00e9s p\u00e9dagogiques et culturelles, notamment dans les biblioth\u00e8ques, les \u00e9coles, les maisons de jeunes.<\/li>\n<li><strong>Le soutien aux associations antiracistes, d\u00e9coloniales, et propalestiniennes locales.<\/strong><\/li>\n<li><strong>La garantie de non-r\u00e9pression des militant\u00b7es pour la Palestine<\/strong>\u00a0sur le territoire communal.<\/li>\n<\/ol>\n<p><strong>Trop tard, mais pas trop t\u00f4t pour agir vraiment<\/strong><\/p>\n<p>En suspendant un drapeau \u00e0 la fa\u00e7ade de la commune, Anderlecht reconna\u00eet symboliquement la l\u00e9gitimit\u00e9 de la lutte du peuple palestinien.<br \/>\nMais la l\u00e9gitimit\u00e9 n\u2019a jamais \u00e9t\u00e9 notre probl\u00e8me : ce sont les bombes, l\u2019apartheid, le nettoyage ethnique, le g\u00e9nocide.<br \/>\nEt face \u00e0 cela, les symboles sont creux s\u2019ils ne s\u2019accompagnent pas de ruptures concr\u00e8tes avec les r\u00e9gimes de domination.<\/p>\n<p>Ces demandes ne sont pas radicales.<br \/>\nElles sont humaines.<br \/>\nElles sont conformes au droit international.<br \/>\nElles sont coh\u00e9rentes avec les valeurs que notre commune proclame.<\/p>\n<p>Nous, citoyen\u00b7nes d\u2019Anderlecht, refusons d\u2019\u00eatre complices.<br \/>\nNous exigeons que notre commune prenne position.<br \/>\nNous attendons vos actes.<\/p>\n<p>Car l\u2019histoire est en marche. Et elle regarde.<\/p>\n<p>Le g\u00e9nocide \u00e0 Gaza est document\u00e9.<br \/>\nL\u2019apartheid isra\u00e9lien est reconnu.<br \/>\nLa complicit\u00e9 internationale est massive.<\/p>\n<p>Chacune de nos institutions devra, un jour, r\u00e9pondre \u00e0 cette question :\u00a0<strong>\u00ab Qu\u2019avez-vous fait ? \u00bb<\/strong><\/p>\n<p>Dans quelques ann\u00e9es, quand on interrogera les archives communales, quand on scrutera les proc\u00e8s-verbaux des conseils, quand on \u00e9crira les chroniques de ce moment tragique pour l\u2019humanit\u00e9, on lira que la commune d\u2019Anderlecht a hiss\u00e9 un drapeau.<\/p>\n<p>Mais que lira-t-on d\u2019autre ?<br \/>\nAura-t-on le souvenir d\u2019une commune qui a rompu tout lien avec Isra\u00ebl, comme \u00e0 Bari ou dans les Pouilles ?<br \/>\nAura-t-on le souvenir d\u2019une commune qui a ouvert une cellule de soutien pour les Palestinien\u00b7nes de Bruxelles, comme on l\u2019a fait pour les Ukrainien\u00b7nes ?<br \/>\nAura-t-on le souvenir d\u2019une commune qui a eu le courage de dire non, m\u00eame seule, m\u00eame contre les injonctions racistes et colonialistes venues de plus haut ?<\/p>\n<p>Ou bien lira-t-on que ce drapeau n\u2019\u00e9tait qu\u2019un chiffon rouge agit\u00e9 pour calmer les consciences ?<br \/>\nUn signal creux, sans suite, sans courage politique, sans cons\u00e9quences ?<\/p>\n<p>&nbsp;<\/p>\n<p><strong>Ce soir, nous vous demandons une chose simple :<\/strong><\/p>\n<p><strong>Regardez-nous dans les yeux.<\/strong><br \/>\n<strong>Regardez vos habitant\u00b7es.<\/strong><br \/>\n<strong>Regardez les enfants de cette commune.<\/strong><br \/>\n<strong>Et dites-nous : quel camp choisissez-vous ?<\/strong><\/p>\n<p>Nous ne voulons pas que la commune d\u2019Anderlecht soit du mauvais c\u00f4t\u00e9 de l\u2019histoire.<br \/>\nNous voulons pouvoir dire, dans dix ans, dans vingt ans :<br \/>\n<strong>\u00ab Notre commune n\u2019a pas d\u00e9tourn\u00e9 les yeux. Elle a agi. Elle a r\u00e9sist\u00e9. Elle a \u00e9t\u00e9 humaine. \u00bb<\/strong><\/p>\n<p>Mais si vous ne le faites pas,<br \/>\nsi vous choisissez les demi-mesures, le confort, le silence,<br \/>\nsachez que nous, habitant\u00b7es d\u2019Anderlecht,<br \/>\n<strong>nous ne vous suivrons pas dans cette voie.<\/strong><\/p>\n<p>Nous continuerons \u00e0 dire :<br \/>\n<strong>pas en notre nom.<br \/>\nPas avec nos taxes.<br \/>\nPas avec notre silence.<br \/>\nPas avec notre complicit\u00e9.<\/strong><\/p>\n<p><strong>Nous vous rappelons notre droit.<\/strong><br \/>\nNotre droit, en tant que citoyen\u00b7nes, de vous interpeller.<br \/>\nNotre droit, en tant que contribuables, d\u2019exiger une politique \u00e9thique.<br \/>\nNotre devoir, en tant qu\u2019humains, de ne pas d\u00e9tourner les yeux.<\/p>\n<p>Et notre droit, aussi, en vertu de la Constitution belge et des trait\u00e9s internationaux,<br \/>\nde demander \u00e0 nos institutions de ne pas \u00eatre complices de violations graves du droit international.<\/p>\n<p><strong>En conclusion<\/strong><\/p>\n<p>Nous ne sommes pas venus faire la morale.<br \/>\nNous sommes venus\u00a0<strong>vous tendre un miroir<\/strong>.<\/p>\n<p>Et dans ce miroir, il y a :<br \/>\ndes enfants sans jambes,<br \/>\ndes familles sous les d\u00e9combres,<br \/>\ndes artistes r\u00e9duits au silence,<br \/>\ndes femmes mutil\u00e9es,<br \/>\net un peuple qui meurt.<\/p>\n<p>Dans ce miroir, il y a aussi\u00a0<strong>vos responsabilit\u00e9s. Vos silences. Vos choix.<\/strong><\/p>\n<p>Nous sommes venus vous le dire, calmement, mais fermement :<br \/>\n<strong>Nous sommes habitant\u00b7es d\u2019Anderlecht.<br \/>\nEt nous ne voulons pas \u00eatre complices.<\/strong><\/p>\n<p>Merci de nous avoir \u00e9cout\u00e9s.<br \/>\n<strong>Nous attendons vos actes.<\/strong><\/p>\n<p><strong>Merci, Anderlecht. Maintenant, faites le choix du courage.<\/strong><\/p>\n<p><strong>Merci.<\/strong><\/p>\n<p>&#8212;<br \/>\n<strong>Nordine Sa\u00efdi<br \/>\n<a href=\"https:\/\/bruxelles-pantheres.be\/\" data-saferedirecturl=\"https:\/\/www.google.com\/url?q=https:\/\/bruxelles-pantheres.be\/&amp;source=gmail&amp;ust=1751052445727000&amp;usg=AOvVaw1uut8cVD5RslDawaMfAHwb\">Bruxelles Panth\u00e8res<\/a><\/strong><br \/>\n<em>\u00ab\u00a0La libert\u00e9, la justice et l&rsquo;\u00e9galit\u00e9, par tous les moyens n\u00e9cessaires !\u00a0\u00bb<\/em>\u00a0Malcolm X<em><strong><\/p>\n<p><a href=\"http:\/\/mcpalestine.canalblog.com\/\" data-saferedirecturl=\"https:\/\/www.google.com\/url?q=http:\/\/mcpalestine.canalblog.com\/&amp;source=gmail&amp;ust=1751052445727000&amp;usg=AOvVaw1lwz-jc_-JzZ39irW7Rfjt\">Mouvement Citoyen Palestine<\/a><\/strong><\/em><br \/>\n<em>\u00ab L&rsquo;\u00e9galit\u00e9 ou rien \u00bb\u00a0<\/em>Edward Said<\/p>\n<\/div>\n<div><\/div>\n<div><\/div>\n<h2 style=\"text-align: center;\"><strong>Communiqu\u00e9 suite au vote de la motion \u00ab\u00a0Palestine\u00a0\u00bb \u00e0 Anderlecht.<\/strong><\/h2>\n<div dir=\"auto\"><a href=\"https:\/\/mcpalestine.canalblog.com\/2025\/06\/genocide-a-gaza-j-631-suite-au-vote-de-la-motion-palestine-a-anderlecht.html?utm_source=_ob_email&amp;utm_medium=_ob_notification&amp;utm_campaign=_ob_pushmail&amp;fbclid=IwY2xjawLM5r5leHRuA2FlbQIxMQBicmlkETBWYzFHQ1ZscDlOVjZzQXYyAR46NKdcaEqIfieio1z2U04cb2E_O_3W8LqUyKG-F-Z9sjAO7hrrOm0Hbd8N9w_aem_u0kRMQ1hwgbqNG2XH7pHhQ\">Nous, citoyen\u00b7nes anderlechtois\u00b7es mobilis\u00e9\u00b7es pour la justice et la dignit\u00e9 humaine, tenons \u00e0 saluer et remercier le Conseil communal d\u2019Anderlecht pour l\u2019adoption courageuse et historique de la motion de solidarit\u00e9 avec le peuple palestinien, vot\u00e9e ce 26 juin 2025.<\/a><\/div>\n<div dir=\"auto\"><\/div>\n<div dir=\"auto\">En ces temps d\u2019indiff\u00e9rence coupable, de complicit\u00e9 institutionnelle et de neutralit\u00e9 assassine, ce geste politique est un acte de v\u00e9rit\u00e9 et de courage. Il rompt avec le silence de plomb qui entoure l\u2019un des drames les plus document\u00e9s et les plus ni\u00e9s de notre \u00e9poque. En reconnaissant explicitement les caract\u00e9ristiques d\u2019un g\u00e9nocide en cours, en nommant l\u2019apartheid isra\u00e9lien, en exigeant des sanctions concr\u00e8tes contre les entreprises et institutions complices, la commune d\u2019Anderlecht inscrit son nom du bon c\u00f4t\u00e9 de l\u2019Histoire.<\/div>\n<div dir=\"auto\"><\/div>\n<div dir=\"auto\">Une victoire citoyenne, une victoire de la mobilisation.<\/div>\n<div dir=\"auto\"><\/div>\n<div dir=\"auto\">Cette motion n\u2019est pas tomb\u00e9e du ciel. Elle est le fruit direct de la mobilisation populaire, des interpellations citoyennes, du travail de terrain et de la pers\u00e9v\u00e9rance de nombreux habitant\u00b7es, associations, militant\u00b7es et collectifs solidaires. C\u2019est une victoire citoyenne, construite par les luttes et les voix multiples qui n&rsquo;ont cess\u00e9 d&rsquo;exiger la justice pour Gaza, pour la Palestine, pour la dignit\u00e9 humaine.<\/div>\n<div dir=\"auto\"><\/div>\n<div dir=\"auto\">Ce n\u2019est pas une surprise de voir Anderlecht rejoindre le mouvement : la dynamique se renforce partout. Ixelles, Saint-Gilles, Schaerbeek, et au-del\u00e0 de Bruxelles, Li\u00e8ge, Charleroi, Verviers\u2026 : partout, les citoyen\u00b7nes poussent leurs \u00e9lus \u00e0 prendre position. Anderlecht rejoint aujourd\u2019hui ce front de solidarit\u00e9 active.<\/div>\n<div dir=\"auto\"><\/div>\n<div dir=\"auto\">Une motion qui r\u00e9pond \u00e0 nos revendications.<\/div>\n<div dir=\"auto\"><\/div>\n<div dir=\"auto\">Nous saluons le fait que cette motion reprend l\u2019essentiel de nos revendications : l\u2019embargo contre Isra\u00ebl, la suspension de l\u2019accord UE-Isra\u00ebl, la fin des collaborations avec des entreprises complices de l\u2019occupation, la reconnaissance d\u2019un g\u00e9nocide en cours, la n\u00e9cessit\u00e9 de jumelages concrets, et la diffusion publique de ces engagements.<\/div>\n<div dir=\"auto\"><\/div>\n<div dir=\"auto\">Ce sont l\u00e0 des gestes politiques forts, concrets, qui redonnent sens \u00e0 l\u2019action locale, et qui replacent les droits humains au c\u0153ur des politiques publiques communales. Nous les applaudissons.<\/div>\n<div dir=\"auto\"><\/div>\n<div dir=\"auto\">Mais ce n\u2019est qu\u2019un d\u00e9but : la vigilance continue.<\/div>\n<div dir=\"auto\"><\/div>\n<div dir=\"auto\">Ce vote ne doit pas rester une d\u00e9claration sur papier. Il doit se traduire en actes, tra\u00e7ables, mesurables, assum\u00e9s. Nous serons pr\u00e9sent\u00b7es, mobilis\u00e9\u00b7es, attentif\u00b7ves \u00e0 la mise en \u0153uvre effective de chaque engagement :<\/div>\n<div dir=\"auto\"><\/div>\n<div dir=\"auto\">Le d\u00e9sinvestissement r\u00e9el des march\u00e9s publics impliqu\u00e9s dans les violations des droits palestiniens,<\/div>\n<div dir=\"auto\">La d\u00e9claration officielle d\u2019Anderlecht comme zone libre d\u2019apartheid,<\/div>\n<div dir=\"auto\">L\u2019organisation rapide d\u2019une campagne d\u2019information pour sensibiliser la population locale,<\/div>\n<div dir=\"auto\">La mise en place d\u2019un jumelage actif avec une ville palestinienne,<\/div>\n<div dir=\"auto\">La diffusion large de la motion dans le bulletin communal et sur les canaux de la commune,<\/div>\n<div dir=\"auto\">La pression continue sur les autorit\u00e9s f\u00e9d\u00e9rales pour mettre fin \u00e0 la complicit\u00e9 belge avec les crimes isra\u00e9liens.<\/div>\n<div dir=\"auto\"><\/div>\n<div dir=\"auto\">Interpellation citoyenne et pr\u00e9sence polici\u00e8re : une incompr\u00e9hension.<\/div>\n<div dir=\"auto\"><\/div>\n<div dir=\"auto\">Nous souhaitons aussi rappeler que l\u2019interpellation citoyenne est un droit fondamental. Nous ne comprenons pas la demande sp\u00e9cifique de pr\u00e9sence polici\u00e8re lors de notre intervention publique, surtout dans un contexte aussi pacifique et digne que celui de ce 26 juin. Ce signal n\u2019\u00e9tait pas n\u00e9cessaire. Nous n\u2019en tenons pas rigueur, mais nous le notons. Ce que nous retenons avant tout, ce sont les engagements pris \u2014 et c\u2019est sur leur r\u00e9alisation que nous veillerons.<\/div>\n<div dir=\"auto\"><\/div>\n<div dir=\"auto\">\u00c9galit\u00e9 de traitement : un plan \u201cUkraine\u201d pour les Palestinien\u00b7nes.<\/div>\n<div dir=\"auto\"><\/div>\n<div dir=\"auto\">Un point reste cependant absent de cette motion : la mise en \u0153uvre d\u2019un plan d\u2019accueil humanitaire identique \u00e0 celui d\u00e9ploy\u00e9 pour les r\u00e9fugi\u00e9\u00b7es ukrainien\u00b7nes. Nous appelons \u00e0 ce que les r\u00e9fugi\u00e9\u00b7es palestinien\u00b7nes, souvent apatrides et victimes de multiples expulsions, b\u00e9n\u00e9ficient d\u2019une \u00e9galit\u00e9 de traitement. M\u00eame dignit\u00e9, m\u00eame accueil, m\u00eame humanit\u00e9. C\u2019est une exigence \u00e9thique autant que politique.<\/div>\n<div dir=\"auto\"><\/div>\n<div dir=\"auto\">Nous remercions, nous soutenons, et nous attendons.<\/div>\n<div dir=\"auto\"><\/div>\n<div dir=\"auto\">Cette motion est un tournant. Un jalon. Mais ce n\u2019est qu\u2019un commencement. Elle engage la commune \u2014 mais elle engage aussi notre responsabilit\u00e9 collective : celle de transformer les mots en actes, et les actes en justice.<\/div>\n<div dir=\"auto\"><\/div>\n<div dir=\"auto\">Nous ne voulons pas de mots seulement :<\/div>\n<div dir=\"auto\">Nous exigeons des actes politiques, concrets, visibles et p\u00e9rennes.<\/div>\n<div dir=\"auto\">Pour Gaza. Pour la Palestine. Pour la justice. Pour l\u2019humanit\u00e9.<\/div>\n<div dir=\"auto\"><\/div>\n<div dir=\"auto\">Anderlecht, le 26 juin 2025<\/div>\n<div dir=\"auto\">Sign\u00e9 : Habitants mobilis\u00e9s, militants pour la Palestine, organisations solidaires, citoyens en conscience.<\/div>\n<div dir=\"auto\"><\/div>\n<div data-smartmail=\"gmail_signature\">\n<div dir=\"ltr\">\n<div>\n<div dir=\"ltr\"><b>Nordine Sa\u00efdi<br \/>\n<a href=\"https:\/\/bruxelles-pantheres.be\/\" target=\"_blank\" rel=\"noopener\" data-saferedirecturl=\"https:\/\/www.google.com\/url?q=https:\/\/bruxelles-pantheres.be\/&amp;source=gmail&amp;ust=1751064022250000&amp;usg=AOvVaw3SI5XMdrghS3QS-jbnvZSI\">Bruxelles Panth\u00e8res<\/a><\/b><br \/>\n<i>\u00ab\u00a0La libert\u00e9, la justice et l&rsquo;\u00e9galit\u00e9, par tous les moyens n\u00e9cessaires !\u00a0\u00bb<\/i>\u00a0Malcolm X<i><b><\/p>\n<p><a href=\"http:\/\/mcpalestine.canalblog.com\/\" target=\"_blank\" rel=\"noopener\" data-saferedirecturl=\"https:\/\/www.google.com\/url?q=http:\/\/mcpalestine.canalblog.com\/&amp;source=gmail&amp;ust=1751064022250000&amp;usg=AOvVaw3TOiiDJOFiTgdWb3XNf3s3\">Mouvement Citoyen Palestine<\/a><\/b><\/i><br \/>\n<i>\u00ab L&rsquo;\u00e9galit\u00e9 ou rien \u00bb\u00a0<\/i>Edward Said<\/p>\n<div><\/div>\n<\/div>\n<\/div>\n<\/div>\n<\/div>\n","protected":false},"excerpt":{"rendered":"<p>Interpellation citoyenne devant le Conseil communal d&rsquo;Anderlecht Un drapeau ne suffit pas : nous exigeons des actes politiques pour la Palestine Pr\u00e9sent\u00e9e par Nordine Saidi, habitant d\u2019Anderlecht, au nom de signataires et habitant\u00b7es engag\u00e9\u00b7es pour la justice en Palestine. Monsieur le Bourgmestre, Mesdames et Messieurs les membres du Coll\u00e8ge communal, Mesdames et Messieurs les Conseiller\u00b7es, &#8230; <a title=\"Interpellation citoyenne devant le Conseil communal d&rsquo;Anderlecht + Communiqu\u00e9\" class=\"read-more\" href=\"https:\/\/bruxelles-pantheres.be\/?p=6375\" aria-label=\"En savoir plus sur Interpellation citoyenne devant le Conseil communal d&rsquo;Anderlecht + Communiqu\u00e9\">Lire la suite<\/a><\/p>\n","protected":false},"author":1,"featured_media":5896,"comment_status":"open","ping_status":"open","sticky":false,"template":"","format":"standard","meta":{"footnotes":""},"categories":[21,539,36,6,18],"tags":[419,12,13,186],"class_list":["post-6375","post","type-post","status-publish","format-standard","has-post-thumbnail","hentry","category-anti-imperialisme","category-belgique","category-europe","category-palestine-moyen-orient","category-resistance-bruxelles","tag-anderlecht","tag-gaza","tag-nordine-saidi","tag-palestine"],"_links":{"self":[{"href":"https:\/\/bruxelles-pantheres.be\/index.php?rest_route=\/wp\/v2\/posts\/6375","targetHints":{"allow":["GET"]}}],"collection":[{"href":"https:\/\/bruxelles-pantheres.be\/index.php?rest_route=\/wp\/v2\/posts"}],"about":[{"href":"https:\/\/bruxelles-pantheres.be\/index.php?rest_route=\/wp\/v2\/types\/post"}],"author":[{"embeddable":true,"href":"https:\/\/bruxelles-pantheres.be\/index.php?rest_route=\/wp\/v2\/users\/1"}],"replies":[{"embeddable":true,"href":"https:\/\/bruxelles-pantheres.be\/index.php?rest_route=%2Fwp%2Fv2%2Fcomments&post=6375"}],"version-history":[{"count":1,"href":"https:\/\/bruxelles-pantheres.be\/index.php?rest_route=\/wp\/v2\/posts\/6375\/revisions"}],"predecessor-version":[{"id":6376,"href":"https:\/\/bruxelles-pantheres.be\/index.php?rest_route=\/wp\/v2\/posts\/6375\/revisions\/6376"}],"wp:featuredmedia":[{"embeddable":true,"href":"https:\/\/bruxelles-pantheres.be\/index.php?rest_route=\/wp\/v2\/media\/5896"}],"wp:attachment":[{"href":"https:\/\/bruxelles-pantheres.be\/index.php?rest_route=%2Fwp%2Fv2%2Fmedia&parent=6375"}],"wp:term":[{"taxonomy":"category","embeddable":true,"href":"https:\/\/bruxelles-pantheres.be\/index.php?rest_route=%2Fwp%2Fv2%2Fcategories&post=6375"},{"taxonomy":"post_tag","embeddable":true,"href":"https:\/\/bruxelles-pantheres.be\/index.php?rest_route=%2Fwp%2Fv2%2Ftags&post=6375"}],"curies":[{"name":"wp","href":"https:\/\/api.w.org\/{rel}","templated":true}]}}