{"id":638,"date":"2012-12-27T19:01:37","date_gmt":"2012-12-27T18:01:37","guid":{"rendered":"https:\/\/bruxelles-pantheres.be\/?p=638"},"modified":"2013-11-10T19:09:31","modified_gmt":"2013-11-10T18:09:31","slug":"bienvenue-en-palestine-reussit-a-entrer-dans-la-bande-de-gaza","status":"publish","type":"post","link":"https:\/\/bruxelles-pantheres.be\/?p=638","title":{"rendered":"\u00ab Bienvenue en Palestine \u00bb r\u00e9ussit \u00e0 entrer dans la bande de Gaza"},"content":{"rendered":"<h1><img decoding=\"async\" class=\"alignleft\" alt=\"https:\/\/fbcdn-sphotos-g-a.akamaihd.net\/hphotos-ak-prn1\/533548_4531174111286_1749496524_n.jpg\" src=\"https:\/\/fbcdn-sphotos-g-a.akamaihd.net\/hphotos-ak-prn1\/533548_4531174111286_1749496524_n.jpg\" width=\"511\" height=\"188\" \/><\/h1>\n<p>&nbsp;<\/p>\n<p>&nbsp;<\/p>\n<p>&nbsp;<\/p>\n<p>&nbsp;<\/p>\n<p>&nbsp;<\/p>\n<p>\u00ab Bienvenue en Palestine \u00bb r\u00e9ussit \u00e0 entrer dans la bande de Gaza<\/p>\n<p>La centaine de participants de la mission \u00ab Bienvenue en Palestine \u00bb sont entr\u00e9s jeudi apr\u00e8s-midi peu avant 17h dans la bande de Gaza, a annonc\u00e9 la coordinatrice Nadia Boumazoughe \u00e0 l\u2019agence Belga. \u00ab C\u2019est une victoire qui montre qu\u2019il est possible de briser le blocus en respectant le droit \u00bb, a-t-elle d\u00e9clar\u00e9.<!--more--><\/p>\n<p>Les militants de la mission ont \u00e9t\u00e9 escort\u00e9s par l\u2019arm\u00e9e \u00e9gyptienne depuis le Caire jusque Rafah, \u00e0 la fronti\u00e8re entre l\u2019\u00c9gypte et la bande de Gaza. L\u00e0, ils ont d\u00fb passer deux contr\u00f4les, ce qui leur a pris trois heures, avant de pouvoir p\u00e9n\u00e9trer dans la bande de Gaza.<\/p>\n<p>\u00ab Le passage de la fronti\u00e8re s\u2019est pass\u00e9 sans probl\u00e8me. Nous disposions de tous les documents n\u00e9cessaires, notamment des autorisations du minist\u00e8re de la Sant\u00e9 pour les m\u00e9dicaments\u00ab , explique Nadia Boumazoughe.<\/p>\n<p>Elle se f\u00e9licite par ailleurs de la collaboration du gouvernement \u00e9gyptien qui a tenu ses engagements vis-\u00e0-vis de la mission. \u00ab Les autres gouvernements ont essay\u00e9 de nous mettre des b\u00e2tons dans les roues dans le pass\u00e9\u00ab , remarque-t-elle, faisant allusion au trois pr\u00e9c\u00e9dentes missions \u00ab Bienvenue en Palestine \u00bb qui avaient \u00e9chou\u00e9 \u00e0 entrer dans Gaza.<\/p>\n<p>Ce jeudi marque le quatri\u00e8me anniversaire de l\u2019offensive militaire isra\u00e9lienne \u00ab Plomb Durci\u00ab , qui avait fait plus de 1.400 morts parmi lesquels 400 enfants, une date symbolique choisie pour la mission.<\/p>\n<p>Les militants am\u00e8nent avec eux plus d\u2019une tonne de m\u00e9dicaments \u00ab s\u00e9lectionn\u00e9s selon les besoins locaux \u00bb ainsi que du mat\u00e9riel m\u00e9dical et d\u2019enseignement. La mission, compos\u00e9e de plus d\u2019une centaine de participants, parmi lesquels une dizaine de Belges, des Fran\u00e7ais, des Italiens et des Egyptiens, doit quitter la bande Gaza le 2 janvier.<\/p>\n<p>Belga<\/p>\n<p>A lire aussi<\/p>\n<p><a href=\"http:\/\/mcpalestine.canalblog.com\/archives\/2012\/12\/26\/25995896.html\">Gaza: une dizaine de Belges partent en mission \u00ab\u00a0Bienvenue en Palestine\u00a0\u00bb (26-12-2012)<\/a><\/p>\n<p><iframe src=\"http:\/\/fr.finance.yahoo.com\/video\/des-militants-pro-palestiniens-entrent-211409041.html?format=embed&amp;player_autoplay=false\" height=\"351\" width=\"624\" frameborder=\"0\" scrolling=\"no\"><\/iframe><\/p>\n<h1><span style=\"font-size: 10pt;\"><span>Missie \u2018Welkom in Palestina\u2019 aangekomen in Gazastrook<\/span><\/span><\/h1>\n<p><span style=\"font-size: 10pt;\"><span><span class=\"author\">Door: redactie<br \/>\n27\/12\/12 \u2013 19u17\u00a0\u00a0Bron: belga.be <\/span><\/span><\/span><\/p>\n<p class=\"intro\"><strong>Het honderdtal activisten van de missie \u2018Welkom in Palestina\u2019, onder wie een tiental Belgen, is kort voor 17 uur aangekomen in de Gazastrook. \u00ab\u00a0Het is een overwinning die aantoont dat het mogelijk is om de blokkade in Gaza te doorbreken zonder de wet te overtreden\u00a0\u00bb, zegt co\u00f6rdinatrice Nadia Boumazoughe.<\/strong><\/p>\n<p>&nbsp;<\/p>\n<p>De militanten werden door het Egyptische leger begeleid vanuit Cairo tot in de grensstad Rafah. \u00ab\u00a0We hebben de grens zonder enig probleem kunnen oversteken. We beschikten over de nodige vergunningen voor de medicatie\u00a0\u00bb, legt Boumazoughe uit.<\/p>\n<p><strong>Egypte<\/strong><br \/>\nDe co\u00f6rdinatrice is bovendien verheugd dat de samenwerking met de Egyptische regering vlot verliep. \u00ab\u00a0De vorige regeringen van Egypte hebben telkens geprobeerd ons stokken in de wielen te steken\u00a0\u00bb, zegt ze. In het verleden hebben activisten van \u2018Welkom in Palestina\u2019 al drie keer tevergeefs geprobeerde Gazastrook te bereiken. Vorige week noemde de voorzitter van de Euro-Palestijnse vereniging de samenwerking met de Egyptische overheid nog \u00ab\u00a0een test om te zien of er echt iets veranderd is in Egypte.\u00a0\u00bb<\/p>\n<p><strong>Blokkade<\/strong><br \/>\nDe delegatie, die bestaat uit Belgen, Fransen, Italianen en Egyptenaren, vervoert meer dan een ton geneesmiddelen, medisch materiaal en schoolboeken naar Palestina. De activisten hebben zoals gepland de Gazastrook bereikt op de vierde verjaardag van de start van de Isra\u00eblische militaire operatie tegen de gewapende groeperingen in Gaza. Met de missie willen ze de blokkade aan de kaak stellen die aan de Palestijnse bevolking wordt opgelegd.<\/p>\n<p><span style=\"font-size: 10pt;\"><span>\u00a0<\/span><\/span><\/p>\n<h1><span style=\"font-size: 10pt;\"><a href=\"http:\/\/www.lepoint.fr\/monde\/des-militants-pro-palestiniens-en-majorite-francais-entrent-a-gaza-27-12-2012-1606437_24.php\"><span>Des militants pro-palestiniens, en majorit\u00e9 fran\u00e7ais, entrent \u00e0 Gaza <\/span> <\/a><\/span><\/h1>\n<p><img decoding=\"async\" alt=\"\" src=\"http:\/\/www.lepoint.fr\/images\/commun3\/afp.png\" \/> \u2013 Publi\u00e9 le 27\/12\/2012 \u00e0 18:55<\/p>\n<div class=\"media_article media_article_afp\">\n<p><img decoding=\"async\" title=\"Une d\u00e9l\u00e9gation de militants pro-palestiniens, en majorit\u00e9 fran\u00e7ais et \u00e9gyptiens, est entr\u00e9e jeudi dans la bande de Gaza, via Rafah, \u00e0 la fronti\u00e8re entre l'Egypte et le territoire palestinien, afin de convoyer de l'aide, a constat\u00e9 l'AFP.\" alt=\"Une d\u00e9l\u00e9gation de militants pro-palestiniens, en majorit\u00e9 fran\u00e7ais et \u00e9gyptiens, est entr\u00e9e jeudi dans la bande de Gaza, via Rafah, \u00e0 la fronti\u00e8re entre l'Egypte et le territoire palestinien, afin de convoyer de l'aide, a constat\u00e9 l'AFP.\" src=\"http:\/\/www.lepoint.fr\/images\/2012\/12\/27\/972694-396320-jpg_833951_434x276.jpg\" width=\"434px\" height=\"276\" \/><\/p>\n<p><span>Une d\u00e9l\u00e9gation de militants pro-palestiniens, en majorit\u00e9 fran\u00e7ais et \u00e9gyptiens, est entr\u00e9e jeudi dans la bande de Gaza, via Rafah, \u00e0 la fronti\u00e8re entre l\u2019Egypte et le territoire palestinien, afin de convoyer de l\u2019aide, a constat\u00e9 l\u2019AFP.<\/span><\/p>\n<\/div>\n<p>Une d\u00e9l\u00e9gation de militants pro-palestiniens, en majorit\u00e9 fran\u00e7ais et \u00e9gyptiens, est entr\u00e9e jeudi dans la bande de Gaza, via Rafah, \u00e0 la fronti\u00e8re entre l\u2019<a class=\"surligner\" href=\"http:\/\/www.lepoint.fr\/tags\/egypte\">Egypte<\/a> et le territoire palestinien, afin de convoyer de l\u2019aide, a constat\u00e9 l\u2019<a class=\"surligner\" href=\"http:\/\/www.lepoint.fr\/tags\/afp\">AFP<\/a>.<\/p>\n<p>La mission \u00ab\u00a0Bienvenue en <a class=\"surligner\" href=\"http:\/\/www.lepoint.fr\/tags\/palestine\">Palestine<\/a>\u00a0\u00bb vise \u00e0 d\u00e9noncer le blocus du territoire palestinien, o\u00f9 elle doit s\u00e9journer jusqu\u2019au 1er janvier.<\/p>\n<p>Mise sur pied par l\u2019association EuroPalestine, cette d\u00e9l\u00e9gation est compos\u00e9e de quelque 90 membres, dont une soixantaine de Fran\u00e7ais et 25 Egyptiens, selon les organisateurs.<\/p>\n<p>Elle est arriv\u00e9e en fin d\u2019apr\u00e8s-midi en provenance du Caire via le terminal frontalier de Rafah, unique point de passage entre la bande de Gaza et le monde ext\u00e9rieur non contr\u00f4l\u00e9 par Isra\u00ebl. Le terminal a rouvert en mai 2011 apr\u00e8s la chute du pr\u00e9sident \u00e9gyptien Hosni Moubarak.<\/p>\n<p>La d\u00e9l\u00e9gation apporte notamment des m\u00e9dicaments, du mat\u00e9riel chirurgical et des livres d\u2019apprentissage du fran\u00e7ais, ont pr\u00e9cis\u00e9 les organisateurs.<\/p>\n<p>L\u2019initiative co\u00efncide avec le quatri\u00e8me anniversaire du d\u00e9clenchement de la d\u00e9vastatrice offensive isra\u00e9lienne de d\u00e9cembre 2008 contre les groupes arm\u00e9s palestiniens \u00e0 Gaza.<\/p>\n<p>Plusieurs op\u00e9rations similaires \u00e0 la mission \u00ab\u00a0Bienvenue en Palestine\u00a0\u00bb avaient \u00e9chou\u00e9 par le pass\u00e9.<\/p>\n<p>Le blocus terrestre, a\u00e9rien et maritime de la bande de Gaza a \u00e9t\u00e9 impos\u00e9 en juin 2006 \u00e0 la suite de la capture d\u2019un soldat isra\u00e9lien (rel\u00e2ch\u00e9 en octobre 2011 contre un millier de prisonniers palestiniens), puis renforc\u00e9 en 2007 au moment de la prise de contr\u00f4le de l\u2019enclave par le mouvement islamiste Hamas.<\/p>\n<p>Il a ensuite \u00e9t\u00e9 all\u00e9g\u00e9 apr\u00e8s l\u2019assaut isra\u00e9lien contre le ferry turc Mavi Marmara en mai 2010 (neuf morts), navire amiral d\u2019une flottille humanitaire qui tentait de briser le blocus.<\/p>\n<p>En 2011, un rapport de l\u2019ONU avait jug\u00e9 \u00ab\u00a0excessive\u00a0\u00bb et d\u00e9raisonnable cette intervention militaire, mais consid\u00e9r\u00e9 comme l\u00e9gal le blocus.<\/p>\n<p>Les autorit\u00e9s isra\u00e9liennes affirment que ce blocus n\u2019affecte pas la population civile de Gaza, o\u00f9, selon le minist\u00e8re de la D\u00e9fense, entrent chaque semaine avec l\u2019autorisation d\u2019Isra\u00ebl plus de 50.000 tonnes de produits.<\/p>\n<h1><span style=\"font-size: 12pt;\">M.O.: militanti pro-palestinesi raggiungono Striscia di Gaza<\/span><\/h1>\n<p><span style=\"font-size: 12pt;\"><img decoding=\"async\" title=\"M.O.: militanti pro-palestinesi raggiungono Striscia di Gaza\" alt=\"M.O.: militanti pro-palestinesi raggiungono Striscia di Gaza\" src=\"http:\/\/www.asca.it\/upload\/news\/20121227\/277-0-29906_palestina271212.jpg\" width=\"277\" \/><\/span><\/p>\n<h3>27 Dicembre 2012 \u2013 19:05<\/h3>\n<p id=\"stilenotizia\">(ASCA) \u2013 Roma, 27 dic \u2013 Una delegazione di militanti filopalestinesi, per la maggior parte francesi ed egiziani, e\u2019 riuscita ad entrare oggi nella Striscia di Gaza attraverso il valico di Rafah, alla frontiera con l\u2019Egitto. La missione \u00a0\u00bbBenvenuti in Palestina\u00a0\u00bb intende denunciare il blocco di Israele nei confronti dei territori palestinesi ed e\u2019 stata organizzata dall\u2019associazione EuroPalestine. Gli attivisti, che rimarranno a Gaza fino al primo gennaio, provenivano dal Cairo e hanno attraversato l\u2019unico punto di passaggio fra la Striscia e le zone non controllate dai militari di Tel Aviv.<\/p>\n<p>Il valico di Rafah e\u2019 stato riaperto nel maggio del 2011 dopo la caduta del presidente egiziano Hosni Mubarak.<\/p>\n<p>La delegazione di attivisti ha portato con se\u2019 medicinali, materiale chirurgico e libri per l\u2019apprendimento della lingua francese. (fonte AFP).<\/p>\n<p>red-uda\/<\/p>\n<p><a href=\"http:\/\/www.egalite.be\/wp-content\/uploads\/2012\/12\/1062_4042004606409_691135808_n.jpg\"><img decoding=\"async\" class=\"aligncenter\" title=\"1062_4042004606409_691135808_n\" alt=\"\" src=\"http:\/\/www.egalite.be\/wp-content\/uploads\/2012\/12\/1062_4042004606409_691135808_n.jpg\" width=\"576\" height=\"382\" \/><\/a><\/p>\n<address>\u00a0Nadia Boumazoughe la coordinatrice belge de \u00ab\u00a0Bienvenue en Palestine\u00a0\u00bb<\/address>\n<header class=\"entry-header\"><img decoding=\"async\" class=\"attachment-post-thumbnail wp-post-image aligncenter\" alt=\"313772_250834574939796_250284114994842_788863_3525088_n\" src=\"http:\/\/www.egalite.be\/wp-content\/uploads\/2012\/11\/313772_250834574939796_250284114994842_788863_3525088_n.jpg\" width=\"432\" height=\"720\" \/><\/p>\n<h1 class=\"entry-title\"><em> Une chanson pour Gaza <\/em><\/h1>\n<\/header>\n<blockquote>\n<h3 id=\"watch-headline-title\">Zebda \u2013 Une vie de moins<\/h3>\n<\/blockquote>\n<p><iframe src=\"\/\/www.youtube.com\/embed\/fDGR_1gYFtM\" height=\"315\" width=\"560\" allowfullscreen=\"\" frameborder=\"0\"><\/iframe>Musique : Zebda<br \/>\nTexte : Jean Pierre Filiu<br \/>\nR\u00e9alisation : Ali Guessoum &amp; Natacha Bigan<\/p>\n","protected":false},"excerpt":{"rendered":"<p>&nbsp; &nbsp; &nbsp; &nbsp; &nbsp; \u00ab Bienvenue en Palestine \u00bb r\u00e9ussit \u00e0 entrer dans la bande de Gaza La centaine de participants de la mission \u00ab Bienvenue en Palestine \u00bb sont entr\u00e9s jeudi apr\u00e8s-midi peu avant 17h dans la bande de Gaza, a annonc\u00e9 la coordinatrice Nadia Boumazoughe \u00e0 l\u2019agence Belga. \u00ab C\u2019est une victoire &#8230; <a title=\"\u00ab Bienvenue en Palestine \u00bb r\u00e9ussit \u00e0 entrer dans la bande de Gaza\" class=\"read-more\" href=\"https:\/\/bruxelles-pantheres.be\/?p=638\" aria-label=\"En savoir plus sur \u00ab Bienvenue en Palestine \u00bb r\u00e9ussit \u00e0 entrer dans la bande de Gaza\">Lire la suite<\/a><\/p>\n","protected":false},"author":1,"featured_media":639,"comment_status":"open","ping_status":"open","sticky":false,"template":"","format":"standard","meta":{"footnotes":""},"categories":[21,6,18,17],"tags":[12,15],"class_list":["post-638","post","type-post","status-publish","format-standard","has-post-thumbnail","hentry","category-anti-imperialisme","category-palestine-moyen-orient","category-resistance-bruxelles","category-video","tag-gaza","tag-resistance"],"_links":{"self":[{"href":"https:\/\/bruxelles-pantheres.be\/index.php?rest_route=\/wp\/v2\/posts\/638","targetHints":{"allow":["GET"]}}],"collection":[{"href":"https:\/\/bruxelles-pantheres.be\/index.php?rest_route=\/wp\/v2\/posts"}],"about":[{"href":"https:\/\/bruxelles-pantheres.be\/index.php?rest_route=\/wp\/v2\/types\/post"}],"author":[{"embeddable":true,"href":"https:\/\/bruxelles-pantheres.be\/index.php?rest_route=\/wp\/v2\/users\/1"}],"replies":[{"embeddable":true,"href":"https:\/\/bruxelles-pantheres.be\/index.php?rest_route=%2Fwp%2Fv2%2Fcomments&post=638"}],"version-history":[{"count":3,"href":"https:\/\/bruxelles-pantheres.be\/index.php?rest_route=\/wp\/v2\/posts\/638\/revisions"}],"predecessor-version":[{"id":642,"href":"https:\/\/bruxelles-pantheres.be\/index.php?rest_route=\/wp\/v2\/posts\/638\/revisions\/642"}],"wp:featuredmedia":[{"embeddable":true,"href":"https:\/\/bruxelles-pantheres.be\/index.php?rest_route=\/wp\/v2\/media\/639"}],"wp:attachment":[{"href":"https:\/\/bruxelles-pantheres.be\/index.php?rest_route=%2Fwp%2Fv2%2Fmedia&parent=638"}],"wp:term":[{"taxonomy":"category","embeddable":true,"href":"https:\/\/bruxelles-pantheres.be\/index.php?rest_route=%2Fwp%2Fv2%2Fcategories&post=638"},{"taxonomy":"post_tag","embeddable":true,"href":"https:\/\/bruxelles-pantheres.be\/index.php?rest_route=%2Fwp%2Fv2%2Ftags&post=638"}],"curies":[{"name":"wp","href":"https:\/\/api.w.org\/{rel}","templated":true}]}}