{"id":6380,"date":"2025-07-17T07:12:29","date_gmt":"2025-07-17T06:12:29","guid":{"rendered":"https:\/\/bruxelles-pantheres.be\/?p=6380"},"modified":"2025-06-28T17:25:54","modified_gmt":"2025-06-28T16:25:54","slug":"1936-1938-ces-arabes-heros-perdus-de-la-guerre-despagne","status":"publish","type":"post","link":"https:\/\/bruxelles-pantheres.be\/?p=6380","title":{"rendered":"1936 &#8211; 1938\u00a0: CES ARABES, H\u00c9ROS PERDUS DE LA GUERRE D\u2019ESPAGNE"},"content":{"rendered":"<p>Portraits de combattants r\u00e9publicains<br \/>\nqui ont souffert du racisme de leur propre camp<\/p>\n<p>M\u00eame si les historiens ont pr\u00e9f\u00e9r\u00e9 insister sur les Maures qui ont servi Franco, des centaines de volontaires arabes ont combattu aux c\u00f4t\u00e9s des r\u00e9publicains espagnols entre 1936 et 1938. On a commenc\u00e9 \u00e0 le dire \u00e0 Lausanne, lors d\u2019un colloque consacr\u00e9 aux Brigades internationales\u00a0[1].<\/p>\n<p>Ce dossier, Abdelatif Ben Salem, sociologue de formation, Tunisien hispanophile, Parisien passionn\u00e9 d\u2019histoire, le conna\u00eet bien. Voila des ann\u00e9es qu\u2019il est sur les traces de ces combattants inconnus. Et qu\u2019il est certain que Said Mohamed, l\u2019ouvrier anar de l banlieue parisienne devenu le responsable politique des \u00e9trangers de la colo,,e Durruti, n\u2019tait pas le seul Arabe \u00e0 se battre aux c\u00f4t\u00e9s des antifranquistes.<\/p>\n<p>Dans une premi\u00e8re intervention sur ce sujet \u00e0 Valence en 1988, il a montr\u00e9 que de nombreux Alg\u00e9riens et Tunisiens et que des Palestiniens avaient rejoint les Brigades internationales. Ils l\u2019avaient fait, parfois, pour prouver que contrairement \u00e0 ce que proclamait la propagande r\u00e9publicaine, les Arabes n\u2019\u00e9taient pas tous des fascistes. Et parfois par devoir militant.<\/p>\n<p><!--more--><\/p>\n<div class=\"texte surlignable clearfix\">\n<h3 class=\"spip\">1936 &#8211; 1938\u00a0: CES ARABES, H\u00c9ROS PERDUS DE LA GUERRE D\u2019ESPAGNE<\/h3>\n<p><span class=\"spip_document_810 spip_documents spip_documents_center\"><img decoding=\"async\" src=\"https:\/\/www.socialgerie.net\/local\/cache-vignettes\/L445xH300\/espagne_1-c5319.jpg\" alt=\"\" width=\"445\" height=\"300\" \/><\/span><\/p>\n<h5 class=\"spip\">Ci-dessus, en d\u00e9cembre 1936, Andr\u00e9 Malraux avec Julien Segnaire (\u00e0 droite) et Mohamed Bela\u00efdi (\u00e0 gauche), membres des Brigades internationales, mort le 27 d\u00e9cembre 1936 lors d\u2019un combat a\u00e9rien.<\/h5>\n<h5 class=\"spip\">Bela\u00efdi et l\u2019escadre Espa\u00f1a.<\/h5>\n<p>Depuis, Ben Salem a approfondi ses recherches. Jean Bela\u00efdi est toujours en t\u00eate de sa liste. Le vrai pr\u00e9nom de ce brigadiste, connu des lecteurs de\u00a0<i>L\u2019Espoir<\/i>\u00a0d\u2019 Andr\u00e9 Malraux sous le nom de Sa\u00efdi, est Mohamed. Dans la v\u00e9ritable histoire Mohamed Bela\u00efdi, ouvrier m\u00e9canicien, s\u2019engage pour montrer qu\u2019on peut vaincre le fascisme les armes \u00e0 la main. \u00c0 25 ans, ce volontaire d\u2019origine alg\u00e9rienne arrive \u00e0 Albacete, lieu de rassemblement et de formation des interbrigadistes. C\u2019est l\u00e0 que Malraux, qui a besoin de m\u00e9caniciens pour l\u2019escadre a\u00e9rienne Espa\u00f1a, le recrute. Ben Salem explique que Malraux \u00e9tait tr\u00e8s attach\u00e9 \u00e0 Bela\u00efdi, qu\u2019il consid\u00e9rait comme l\u2019exemple m\u00eame du volontaire courageux et convaincu.<\/p>\n<p>Au d\u00e9but, Bela\u00efdi n\u2019est qu\u2019un \u00ab\u00a0rampant\u00a0\u00bb\u00a0: son travail est au sol. Mais, le 27 d\u00e9cembre 1936, il embarque \u00e0 bord d\u2019un Potez 540 comme mitrailleur. Au retour de mission, l\u2019avion est intercept\u00e9 et abattu par des Heinkel allemands pr\u00e8s de Teruel. La plup\u00e2rt des membres de l\u2019\u00e9quipage s\u2019en sortent , mais pas Bela\u00efdi, qui a t\u00e9 cribl\u00e9 de balles. Quand la nouvelle parvient \u00e0 Malraux, il organise les secours. Cet \u00e9pisode, il l\u2019a racont\u00e9, notamment dans la derni\u00e8re s\u00e9quence de son film Espoir,\u00a0<i>Sierra de Teruel<\/i>. O\u00f9 l\u2019on voit passer un cercueil surmont\u00e9 d\u2019une mitrailleuse tordue, comme l\u2019\u00e9tait celui de Bela\u00efdi.<\/p>\n<h3 class=\"spip\">Autre personnage embl\u00e9matique\u00a0: Rabah Oussidhum.<\/h3>\n<p>D\u2019apr\u00e8s sa biographie officielle, sans doute un peu arrang\u00e9e pour la bolcheviser, ce soldat fran\u00e7ais, n\u00e9 en Alg\u00e9rie a particip\u00e9, dans les ann\u00e9es 20, \u00e0 la guerre du Rif<span class=\"spip_note_ref\">\u00a0[<a id=\"nh2\" class=\"spip_note\" title=\"Guerre men\u00e9e par les fran\u00e7ais contre Abd-el-Krim qui r\u00e9clamait l\u2019ind\u00e9pendance\u00a0(...)\" href=\"https:\/\/www.socialgerie.net\/spip.php?article362#nb2\" rel=\"footnote\">2<\/a>]<\/span>\u00a0et il a d\u00e9sert\u00e9 pour rejoindre les Rifains. Ce qui est s\u00fbr, en tout cas, c\u2019est qu\u2019il est ensuite revenu en France, o\u00f9 il a adh\u00e9r\u00e9 au Parti communiste. Il a ensuite appartenu au comit\u00e9 \u00ab\u00a0affaires coloniales\u00a0\u00bb de ce parti. C\u2019est en tant que cadre militaire qu\u2019il rejoint les Brigades internationales en Espagne. Bombard\u00e9 capitaine, il commande la compagnie Ralph Fox, qui d\u00e9pend de la 14\u00e8me brigade. Il est mort au combat le 17 mars 1938, \u00e0 Rio Guadalupe, en Aragon.<\/p>\n<h3 class=\"spip\">Sidqi, du PC palestinien.<\/h3>\n<p>Parmi tous ces volontaires, le Palestinien Nadjati Sidiqi est l\u2019un des personnages les plus passionnants. N\u00e9 en 1905 \u00e0 J\u00e9rusalem d\u2019un p\u00e8re turc et d\u2019une m\u00e8re arabe, Sidiqi adh\u00e8re, dans les ann\u00e9es 20, \u00e0 la Hisadrout, le syndicat fond\u00e9 par les juifs, et au Poal\u00e9 Zion, un groupe sioniste d\u2019extr\u00eame gauche. Il participe ensuite \u00e0 la fondation du Parti communiste palestinien, o\u00f9 cohabitent militants juifs et arabes. Activiste remarqu\u00e9, il est appel\u00e9 \u00e0 suivre une formation politique \u00e0 Moscou.<\/p>\n<p>Il revient en 1929 \u00e0 J\u00e9rusalem et participe au travail d\u2019arabisation du PCP. En 1930, il est arr\u00eat\u00e9 par les Anglais et condamn\u00e9 \u00e0 trois ans de prison. Apr\u00e8s quoi il part en France.<\/p>\n<p>Ben Salem explique que c\u2019est sur la suggestion de Manouilski, pr\u00e9sident de la section orientale de l\u2019Internationale communiste, que Sidqi passe en Espagne en ao\u00fbt 1936. Dans ses m\u00e9moires, malheureusement non publi\u00e9es, Sidqi d\u00e9crit son s\u00e9jour en Espagne. Il commence par \u00eatre enthousiasm\u00e9 par le courage du peuple espagnol.<\/p>\n<p>Prenant contact avec la direction du PSUC (le Parti socialiste unifi\u00e9 de Catalogne, union des socialistes et des staliniens mais contr\u00f4l\u00e9e par ces derniers), il d\u00e9cide de s\u2019occuper de la propagande dirig\u00e9e vers les soldats marocains de Franco. Il part pour Madrid, rencontre les leaders du PCE et commence \u00e0 r\u00e9diger des appels dans\u00a0<i>Mundo Obrero<\/i>, qu\u2019il signe du pseudo de \u00ab\u00a0Mustapha Ibnu Jala\u00a0\u00bb. il anime aussi l\u2019association hispano-marocaine fra\u00eechement cr\u00e9\u00e9e.<\/p>\n<p>Mais, rapidement, il se trouve face \u00e0 une double contradiction. D\u2019une part il a du mal \u00e0 faire comprendre \u00e0 la gauche espagnole (sauf aux ind\u00e9pendantistes catalans, aux anarchistes et aux poumistes, tous favorables aux autonomies) la n\u00e9cessit\u00e9 de la d\u00e9colonisation. Ensuite il appelle les Marocains \u00e0 la d\u00e9sertion, leur promet un bon accueil, mais s\u2019aper\u00e7oit vite que s\u2019ils sont pris par les troupes r\u00e9publicaines, ces m\u00eames Marocains risquent leur vie.<\/p>\n<p><span class=\"spip_document_811 spip_documents spip_documents_left\"><img decoding=\"async\" class=\"alignleft\" src=\"https:\/\/www.socialgerie.net\/local\/cache-vignettes\/L290xH377\/espagne_2-eed16.jpg\" alt=\"\" width=\"290\" height=\"377\" \/><\/span><br class=\"autobr\" \/><i>Ci-contre en 1938, sous le titre \u00ab\u00a0Invasion\u00a0\u00bb,<br class=\"manualbr\" \/>une affiche de propagande r\u00e9publicaine<br class=\"manualbr\" \/>contre les Marocains assimil\u00e9s dans leur ensemble<br class=\"manualbr\" \/>\u00e0 ceux d\u2019entre eux qui avaient \u00e9t\u00e9 enr\u00f4l\u00e9s dans les troupes de Franco.<\/i><\/p>\n<p>&nbsp;<\/p>\n<p>&nbsp;<\/p>\n<p>&nbsp;<\/p>\n<p>&nbsp;<\/p>\n<p>&nbsp;<\/p>\n<p>&nbsp;<\/p>\n<p>&nbsp;<\/p>\n<p><strong>Racisme c\u00f4t\u00e9 r\u00e9publicain.<\/strong><\/p>\n<p><img decoding=\"async\" class=\"alignleft\" src=\"https:\/\/www.socialgerie.net\/local\/cache-vignettes\/L94xH205\/espagne_3-c08e4.jpg\" alt=\"\" width=\"94\" height=\"205\" \/><\/p>\n<p>Il d\u00e9couvre ainsi que la propagande gouvernementale et celle du PCE ne s\u2019embarrassent pas de nuances. Ce sont tous des Marocains qui sont d\u00e9nonc\u00e9s comme envahisseurs. Dolores Ibarruri, dirigeante stalinienne plus connue sous son nom de Pasionaria, n\u2019a-t-elle pas qualifi\u00e9 les soldats marocains de Franco de\u00a0<i>\u00ab\u00a0horde mauresque, sauvage, ivre de sensualit\u00e9, qui se r\u00e9pand en violant atrocement [les] filles et [les] femmes\u00a0\u00bb\u00a0?<\/i><\/p>\n<p><i>\u00ab\u00a0le mythe du Moro assoiff\u00e9 de sang devint un abc\u00e8s de fixation,<\/i>\u00a0explique Ben Salem.\u00a0<i>Jusqu\u2019\u00e0 nos jours il a d\u00e9tourn\u00e9 l\u2019opinion des erreurs tragiques que la R\u00e9publique a commise en rejetant l\u2019alliance avec un mouvement nationaliste marocain qui aurait pu soulever le Rif sur les arri\u00e8res de Franco.\u00a0\u00bb<\/i><\/p>\n<p>Sidqi, lass\u00e9 par les mots d\u2019ordre racistes de ses camarades, se r\u00e9volte quand il entend parler d\u2019assassinats de prisonniers marocains. La coupe d\u00e9borde lorsque, pendant la bataille de Madrid en novembre 1936, la junte de d\u00e9fense fait rafler des musulmans dans les rues pour les incorporer de force dans l\u2019arm\u00e9e et les jeter en premi\u00e8re ligne. Pratiquement tous p\u00e9rissent dans ces combats, \u00e0 l\u2019exception de quelques-uns qui sont fusill\u00e9s pour abandon de poste. En d\u00e9cembre 1936, Sidqi quitte l\u2019Espagne\u00a0:\u00a0<i>\u00ab\u00a0Je sentais au fond de mon c\u0153ur que ma mission \u00e9tait en train d\u2019\u00e9chouer, \u00e9crira-t-il. Je devais chercher un autre chemin plus utile\u2026\u00a0\u00bb<\/i><\/p>\n<p>Il tente de partir pour l\u2019Alg\u00e9rie afin de monter une radio en dialecte marocain. Il \u00e9choue. Il veut retourner en Espagne, mais le PCF, en raison des d\u00e9saccords politiques que d\u00e9sormais il ne cache plus, le lui interdit. En 1940, il revient en Palestine et travaille pour une radio. En 1948, lors du conflit isra\u00e9lo-arabe, il part pour Chypre.<br class=\"manualbr\" \/>Il meurt \u00e0 Ath\u00e8nes le 17 novembre 1979.<\/p>\n<p><i>Edouard Waintrop<br class=\"manualbr\" \/>\u00ab\u00a0Lib\u00e9ration\u00a0\u00bb, le 13 janvier 1998, page 35.<\/i><\/p>\n<hr class=\"spip\" \/>\n<\/div>\n<div id=\"documents_joints\" class=\"menu\">\n<h2>Documents joints<\/h2>\n<ul class=\"spip\">\n<li><a class=\"spip_doc pdf\" href=\"https:\/\/www.socialgerie.net\/IMG\/pdf\/ces_arabes_heros_de_la_guerre_d_espagne.pdf\" type=\"application\/pdf\"><strong class=\"titre\">\u201c1936 &#8211; 1938\u00a0: CES ARABES, H\u00c9ROS PERDUS DE LA GUERRE D\u2019ESPAGNE\u201d<\/strong>\u00a0<small class=\"info_document\">(<abbr class=\"ext\" title=\"info document PDF\">PDF<\/abbr>\u00a0&#8211;\u00a0277.5\u00a0ko)<\/small><\/a>\n<div class=\"descriptif\">\n<p>Edouard Waintrop &#8211; Lib\u00e9ration, le 13 janvier 1998.<\/p>\n<\/div>\n<\/li>\n<\/ul>\n<\/div>\n<div class=\"notes\">\n<hr \/>\n<div id=\"nb1\">\n<p><span class=\"spip_note_ref\">[<a class=\"spip_note\" title=\"Notes 1\" href=\"https:\/\/www.socialgerie.net\/spip.php?article362#nh1\" rev=\"footnote\">1<\/a>]\u00a0<\/span>\u201cLib\u00e9ration\u201d du 27 et 28 d\u00e9cembre 1997<\/p>\n<\/div>\n<div id=\"nb2\">\n<p><span class=\"spip_note_ref\">[<a class=\"spip_note\" title=\"Notes 2\" href=\"https:\/\/www.socialgerie.net\/spip.php?article362#nh2\" rev=\"footnote\">2<\/a>]\u00a0<\/span>Guerre men\u00e9e par les fran\u00e7ais contre Abd-el-Krim qui r\u00e9clamait l\u2019ind\u00e9pendance du Maroc.<\/p>\n<\/div>\n<\/div>\n","protected":false},"excerpt":{"rendered":"<p>Portraits de combattants r\u00e9publicains qui ont souffert du racisme de leur propre camp M\u00eame si les historiens ont pr\u00e9f\u00e9r\u00e9 insister sur les Maures qui ont servi Franco, des centaines de volontaires arabes ont combattu aux c\u00f4t\u00e9s des r\u00e9publicains espagnols entre 1936 et 1938. On a commenc\u00e9 \u00e0 le dire \u00e0 Lausanne, lors d\u2019un colloque consacr\u00e9 &#8230; <a title=\"1936 &#8211; 1938\u00a0: CES ARABES, H\u00c9ROS PERDUS DE LA GUERRE D\u2019ESPAGNE\" class=\"read-more\" href=\"https:\/\/bruxelles-pantheres.be\/?p=6380\" aria-label=\"En savoir plus sur 1936 &#8211; 1938\u00a0: CES ARABES, H\u00c9ROS PERDUS DE LA GUERRE D\u2019ESPAGNE\">Lire la suite<\/a><\/p>\n","protected":false},"author":1,"featured_media":6381,"comment_status":"open","ping_status":"open","sticky":false,"template":"","format":"standard","meta":{"footnotes":""},"categories":[1,21,36,6,28],"tags":[623],"class_list":["post-6380","post","type-post","status-publish","format-standard","has-post-thumbnail","hentry","category-non-classe","category-anti-imperialisme","category-europe","category-palestine-moyen-orient","category-racismes","tag-brigades-internationales"],"_links":{"self":[{"href":"https:\/\/bruxelles-pantheres.be\/index.php?rest_route=\/wp\/v2\/posts\/6380","targetHints":{"allow":["GET"]}}],"collection":[{"href":"https:\/\/bruxelles-pantheres.be\/index.php?rest_route=\/wp\/v2\/posts"}],"about":[{"href":"https:\/\/bruxelles-pantheres.be\/index.php?rest_route=\/wp\/v2\/types\/post"}],"author":[{"embeddable":true,"href":"https:\/\/bruxelles-pantheres.be\/index.php?rest_route=\/wp\/v2\/users\/1"}],"replies":[{"embeddable":true,"href":"https:\/\/bruxelles-pantheres.be\/index.php?rest_route=%2Fwp%2Fv2%2Fcomments&post=6380"}],"version-history":[{"count":1,"href":"https:\/\/bruxelles-pantheres.be\/index.php?rest_route=\/wp\/v2\/posts\/6380\/revisions"}],"predecessor-version":[{"id":6382,"href":"https:\/\/bruxelles-pantheres.be\/index.php?rest_route=\/wp\/v2\/posts\/6380\/revisions\/6382"}],"wp:featuredmedia":[{"embeddable":true,"href":"https:\/\/bruxelles-pantheres.be\/index.php?rest_route=\/wp\/v2\/media\/6381"}],"wp:attachment":[{"href":"https:\/\/bruxelles-pantheres.be\/index.php?rest_route=%2Fwp%2Fv2%2Fmedia&parent=6380"}],"wp:term":[{"taxonomy":"category","embeddable":true,"href":"https:\/\/bruxelles-pantheres.be\/index.php?rest_route=%2Fwp%2Fv2%2Fcategories&post=6380"},{"taxonomy":"post_tag","embeddable":true,"href":"https:\/\/bruxelles-pantheres.be\/index.php?rest_route=%2Fwp%2Fv2%2Ftags&post=6380"}],"curies":[{"name":"wp","href":"https:\/\/api.w.org\/{rel}","templated":true}]}}