{"id":6404,"date":"2025-06-24T20:51:49","date_gmt":"2025-06-24T19:51:49","guid":{"rendered":"https:\/\/bruxelles-pantheres.be\/?p=6404"},"modified":"2025-06-30T21:04:52","modified_gmt":"2025-06-30T20:04:52","slug":"dans-la-belgique-blanche-la-justice-humilie-les-morts-noir-arabe-rrom-musulmane-ou-sans-papiers","status":"publish","type":"post","link":"https:\/\/bruxelles-pantheres.be\/?p=6404","title":{"rendered":"Dans la Belgique blanche, la justice humilie les morts Noir, Arabe, Rrom, Musulmane ou Sans-Papiers."},"content":{"rendered":"<div class=\"xdj266r x14z9mp xat24cr x1lziwak x1vvkbs x126k92a\">\n<div dir=\"auto\">Nous, militant\u00b7es de l\u2019antiracisme politique, exprimons notre solidarit\u00e9 totale et ind\u00e9fectible \u00e0 la famille de Mehdi Bouda. Justice pour Mehdi.<\/div>\n<\/div>\n<div class=\"x14z9mp xat24cr x1lziwak x1vvkbs xtlvy1s x126k92a\">\n<div dir=\"auto\">Ce fils, ce petit fr\u00e8re, fauch\u00e9 en 2019 par une voiture de police en pleine ville de Bruxelles, rejoint la longue liste des victimes racialis\u00e9es de l\u2019\u00c9tat belge. Aujourd\u2019hui encore, apr\u00e8s des ann\u00e9es de deuil, de silence, de proc\u00e9dures judiciaires, la justice belge choisit de condamner la famille de la victime \u00e0 verser de l\u2019argent \u00e0 la police responsable de sa mort.<\/div>\n<div dir=\"auto\"><\/div>\n<\/div>\n<p><!--more--><\/p>\n<div class=\"x14z9mp xat24cr x1lziwak x1vvkbs xtlvy1s x126k92a\">\n<div dir=\"auto\" style=\"text-align: center;\"><a href=\"https:\/\/bruxelles-pantheres.be\/wp-content\/uploads\/2025\/06\/BP-juste-le-nom.jpg\"><img decoding=\"async\" class=\"size-medium wp-image-6391 aligncenter\" src=\"https:\/\/bruxelles-pantheres.be\/wp-content\/uploads\/2025\/06\/BP-juste-le-nom-300x45.jpg\" alt=\"\" width=\"300\" height=\"45\" srcset=\"https:\/\/bruxelles-pantheres.be\/wp-content\/uploads\/2025\/06\/BP-juste-le-nom-300x45.jpg 300w, https:\/\/bruxelles-pantheres.be\/wp-content\/uploads\/2025\/06\/BP-juste-le-nom-1024x155.jpg 1024w, https:\/\/bruxelles-pantheres.be\/wp-content\/uploads\/2025\/06\/BP-juste-le-nom-768x116.jpg 768w, https:\/\/bruxelles-pantheres.be\/wp-content\/uploads\/2025\/06\/BP-juste-le-nom.jpg 1076w\" sizes=\"(max-width: 300px) 100vw, 300px\" \/><\/a><\/div>\n<div dir=\"auto\"><\/div>\n<div dir=\"auto\">Une d\u00e9cision aussi r\u00e9voltante que pr\u00e9visible.<\/div>\n<div dir=\"auto\">Car dans ce que nous nommons le racisme d&rsquo;\u00c9tat, toutes les institutions \u2014 police, justice, h\u00f4pitaux, \u00e9coles, m\u00e9dias \u2014 fonctionnent selon une m\u00eame logique de pr\u00e9servation de la supr\u00e9matie blanche. Ce que nous vivons ici, ce n\u2019est pas une d\u00e9faillance. C\u2019est le fonctionnement normal. C\u2019est la pleine capacit\u00e9 de la justice blanche \u00e0 prot\u00e9ger l\u2019ordre colonial, l\u2019uniforme, le silence, l\u2019impunit\u00e9.<\/div>\n<\/div>\n<div class=\"x14z9mp xat24cr x1lziwak x1vvkbs xtlvy1s x126k92a\">\n<div dir=\"auto\">Quand la justice donne raison \u00e0 une famille Noire, Arabe, Rrom, Musulmane ou Sans-Papiers, c\u2019est l\u2019exception qui confirme la r\u00e8gle : un syst\u00e8me b\u00e2ti pour nier nos douleurs, nos morts, nos luttes.<\/div>\n<div dir=\"auto\"><\/div>\n<\/div>\n<div class=\"x14z9mp xat24cr x1lziwak x1vvkbs xtlvy1s x126k92a\">\n<div dir=\"auto\">Cette d\u00e9cision ne nous surprend donc pas.<\/div>\n<div dir=\"auto\">Mais elle nous \u00e9corche, nous \u00e9puise, nous r\u00e9volte.<\/div>\n<div dir=\"auto\"><\/div>\n<\/div>\n<div class=\"x14z9mp xat24cr x1lziwak x1vvkbs xtlvy1s x126k92a\">\n<div dir=\"auto\">Nous avons beau \u00eatre lucides sur le fonctionnement du racisme d\u2019\u00c9tat, nous restons profond\u00e9ment humains. Et humainement, politiquement, \u00e9thiquement, nous ne pouvons dig\u00e9rer une d\u00e9cision qui transforme les proches d\u2019un jeune assassin\u00e9 en d\u00e9biteurs de l\u2019institution qui l\u2019a tu\u00e9.<\/div>\n<\/div>\n<div class=\"x14z9mp xat24cr x1lziwak x1vvkbs xtlvy1s x126k92a\">\n<div dir=\"auto\">Comme dans l\u2019affaire Lamine Bangoura \u2013 \u00e9trangl\u00e9 par la police dans sa propre maison \u00e0 Roulers en 2018 \u2013 la justice impose \u00e0 la famille non seulement la perte irr\u00e9versible, mais le co\u00fbt financier de leur dignit\u00e9.<\/div>\n<\/div>\n<div class=\"x14z9mp xat24cr x1lziwak x1vvkbs xtlvy1s x126k92a\">\n<div dir=\"auto\">Rappelons-nous Mawda, b\u00e9b\u00e9 kurde tu\u00e9e d&rsquo;une balle dans la t\u00eate par un policier belge en 2018. Le policier ? Peine avec sursis. Les migrants dits \u201cpasseurs\u201d ? Incarc\u00e9r\u00e9s.<\/div>\n<div dir=\"auto\"><\/div>\n<\/div>\n<div class=\"x14z9mp xat24cr x1lziwak x1vvkbs xtlvy1s x126k92a\">\n<div dir=\"auto\">Rappelons-nous Adil, Ibrahima, Mawda, Mehdi, Lamine. Tous morts entre les mains ou les roues de la police. Tous trahis par la justice.<\/div>\n<\/div>\n<div class=\"x14z9mp xat24cr x1lziwak x1vvkbs xtlvy1s x126k92a\">\n<div dir=\"auto\">Toutes ces familles, qu\u2019on enterre dans le silence, puis qu\u2019on saigne \u00e0 blanc au nom de la proc\u00e9dure.<\/div>\n<\/div>\n<div class=\"x14z9mp xat24cr x1lziwak x1vvkbs xtlvy1s x126k92a\">\n<div dir=\"auto\">Le message est clair, brut, brutal :<\/div>\n<blockquote>\n<div dir=\"auto\">\u201cSi vous \u00eates Noir, Arabe, Rrom, Migrant, Sans-Papiers ou Musulman,<\/div>\n<div dir=\"auto\">ne portez pas plainte. Vous perdrez.<\/div>\n<div dir=\"auto\">Et en plus, vous paierez.\u201d<\/div>\n<\/blockquote>\n<div dir=\"auto\"><\/div>\n<\/div>\n<div class=\"x14z9mp xat24cr x1lziwak x1vvkbs xtlvy1s x126k92a\">\n<div dir=\"auto\">Cette d\u00e9cision n\u2019est pas neutre. C\u2019est un message politique. Une punition symbolique. Une intimidation.<\/div>\n<div dir=\"auto\">Elle vise \u00e0 dissuader toute contestation, \u00e0 briser la r\u00e9sistance, \u00e0 tuer une deuxi\u00e8me fois les victimes : d\u2019abord par la violence d\u2019\u00c9tat, ensuite par la justice qui la blanchit.<\/div>\n<div dir=\"auto\"><\/div>\n<div dir=\"auto\">C\u2019est un terrorisme d\u2019\u00c9tat, \u00e0 visage l\u00e9gal.<\/div>\n<\/div>\n<div class=\"x14z9mp xat24cr x1lziwak x1vvkbs xtlvy1s x126k92a\">\n<div dir=\"auto\">On nous demande souvent : \u201cComment vous pouvez encore supporter \u00e7a ?\u201d<\/div>\n<\/div>\n<div class=\"x14z9mp xat24cr x1lziwak x1vvkbs xtlvy1s x126k92a\">\n<div dir=\"auto\">Mais on ne supporte pas.<\/div>\n<div dir=\"auto\"><\/div>\n<div dir=\"auto\">On endure. On encaisse. On se bat.<\/div>\n<div dir=\"auto\">Mais on est fatigu\u00e9\u00b7es. Traumatis\u00e9\u00b7es. Organis\u00e9\u00b7es. Et on n\u2019est plus jamais surpris\u00b7es.<\/div>\n<\/div>\n<div class=\"x14z9mp xat24cr x1lziwak x1vvkbs xtlvy1s x126k92a\">\n<div dir=\"auto\">Car quand on conna\u00eet l\u2019histoire de la Belgique, on sait que la justice n\u2019a jamais \u00e9t\u00e9 de notre c\u00f4t\u00e9.<\/div>\n<div dir=\"auto\"><\/div>\n<div dir=\"auto\">Un pays qui a colonis\u00e9, viol\u00e9, mutil\u00e9, vol\u00e9 et tu\u00e9 \u2014 et n\u2019a jamais r\u00e9par\u00e9.<\/div>\n<div dir=\"auto\">Un pays o\u00f9 les seuls proc\u00e8s de l\u2019histoire coloniale sont ceux que m\u00e8nent nos m\u00e9moires.<\/div>\n<\/div>\n<div class=\"x14z9mp xat24cr x1lziwak x1vvkbs xtlvy1s x126k92a\">\n<div dir=\"auto\">Aujourd\u2019hui, ce ne sont plus les colons au Congo.<\/div>\n<div dir=\"auto\"><\/div>\n<div dir=\"auto\">Ce sont les policiers en patrouille.<\/div>\n<div dir=\"auto\">Ce sont les juges en robe.<\/div>\n<div dir=\"auto\">Ce sont les \u00e9lus qui se taisent.<\/div>\n<div dir=\"auto\">Ce sont les m\u00e9dias qui banalisent.<\/div>\n<div dir=\"auto\"><\/div>\n<\/div>\n<div class=\"x14z9mp xat24cr x1lziwak x1vvkbs xtlvy1s x126k92a\">\n<div dir=\"auto\">Mais on ne se taira pas. Jamais.<\/div>\n<div dir=\"auto\">Parce que nous sommes organis\u00e9s.<\/div>\n<div dir=\"auto\"><\/div>\n<\/div>\n<div class=\"x14z9mp xat24cr x1lziwak x1vvkbs xtlvy1s x126k92a\">\n<div dir=\"auto\">Nous sommes des m\u00e8res, des p\u00e8res, des fr\u00e8res, des collectifs, des quartiers.<\/div>\n<div dir=\"auto\">Nous sommes la rue, la cellule, la salle d\u2019audience, la mosqu\u00e9e, le caf\u00e9.<\/div>\n<div dir=\"auto\">Nous sommes un r\u00e9seau de deuils, de combats, de promesses.<\/div>\n<\/div>\n<div class=\"x14z9mp xat24cr x1lziwak x1vvkbs xtlvy1s x126k92a\">\n<div dir=\"auto\">Nous n\u2019oublierons pas Mehdi Bouda.<\/div>\n<\/div>\n<div class=\"x14z9mp xat24cr x1lziwak x1vvkbs xtlvy1s x126k92a\">\n<div dir=\"auto\">Nous n\u2019oublierons pas l\u2019humiliation judiciaire inflig\u00e9e \u00e0 sa famille.<\/div>\n<div dir=\"auto\">Et nous ne pardonnerons pas.<\/div>\n<div dir=\"auto\"><\/div>\n<\/div>\n<div class=\"x14z9mp xat24cr x1lziwak x1vvkbs xtlvy1s x126k92a\">\n<div dir=\"auto\">Cette justice-l\u00e0 n\u2019est pas la n\u00f4tre. Elle ne l\u2019a jamais \u00e9t\u00e9.<\/div>\n<\/div>\n<div class=\"x14z9mp xat24cr x1lziwak x1vvkbs xtlvy1s x126k92a\">\n<div dir=\"auto\">Mais notre dignit\u00e9, elle, ne se juge pas.<\/div>\n<div dir=\"auto\"><\/div>\n<\/div>\n<div class=\"x14z9mp xat24cr x1lziwak x1vvkbs xtlvy1s x126k92a\">\n<div dir=\"auto\"><strong>\u00c0 vous, \u00e9lu\u00b7es : payez l\u2019amende. Pas avec des mots. Avec votre argent.<\/strong><\/div>\n<\/div>\n<div class=\"x14z9mp xat24cr x1lziwak x1vvkbs xtlvy1s x126k92a\">\n<div dir=\"auto\">Ces derni\u00e8res ann\u00e9es, plusieurs \u00e9lu\u00b7es ont renonc\u00e9 \u00e0 leur prime de sortie ou \u00e0 une partie de leur indemnit\u00e9 \u201cpour l\u2019exemple\u201d.<\/div>\n<div dir=\"auto\">On n\u2019a plus besoin d\u2019exemples. On a besoin de moyens.<\/div>\n<div dir=\"auto\">Vous touchez des salaires que les familles n\u2019auront jamais.<\/div>\n<div dir=\"auto\">Vous avez des budgets de cabinet, des jetons de pr\u00e9sence.<\/div>\n<div dir=\"auto\"><\/div>\n<div dir=\"auto\">Alors, reversez.<\/div>\n<div dir=\"auto\"><\/div>\n<\/div>\n<div class=\"x14z9mp xat24cr x1lziwak x1vvkbs xtlvy1s x126k92a\">\n<div dir=\"auto\">Reversez \u00e0 la famille de Mehdi Bouda, qui doit payer 18 000 euros pour avoir port\u00e9 plainte.<\/div>\n<\/div>\n<div class=\"x14z9mp xat24cr x1lziwak x1vvkbs xtlvy1s x126k92a\">\n<div dir=\"auto\">Reversez \u00e0 la famille de Lamine Bangoura, \u00e9trangl\u00e9e puis abandonn\u00e9e.<\/div>\n<\/div>\n<div class=\"x14z9mp xat24cr x1lziwak x1vvkbs xtlvy1s x126k92a\">\n<div dir=\"auto\">Reversez aux familles qui luttent dans l\u2019ombre sans budget et sans statut.<\/div>\n<\/div>\n<div class=\"x14z9mp xat24cr x1lziwak x1vvkbs xtlvy1s x126k92a\">\n<div dir=\"auto\">C\u2019est le strict minimum si vous voulez parler de justice.<\/div>\n<div dir=\"auto\"><\/div>\n<div dir=\"auto\">Vous voulez \u00eatre antiracistes en politique ? Montrez-le. En actes. En cash.<\/div>\n<\/div>\n<div dir=\"auto\"><\/div>\n<div class=\"x14z9mp xat24cr x1lziwak x1vvkbs xtlvy1s x126k92a\">\n<div dir=\"auto\">Nous appelons :<\/div>\n<div dir=\"auto\"><\/div>\n<div dir=\"auto\">\u00e0 la solidarit\u00e9 politique et financi\u00e8re avec la famille de Mehdi Bouda ;<\/div>\n<div dir=\"auto\">\u00e0 une mobilisation large contre cette d\u00e9cision judiciaire inique ;<\/div>\n<div dir=\"auto\">\u00e0 une riposte politique antiraciste ferme ;<\/div>\n<div dir=\"auto\"><\/div>\n<div dir=\"auto\">\u00e0 une contribution des \u00e9lu\u00b7es solidaires \u00e0 hauteur des 18 000 \u20ac.<\/div>\n<\/div>\n<div class=\"x14z9mp xat24cr x1lziwak x1vvkbs xtlvy1s x126k92a\">\n<div dir=\"auto\">Vous tuez nos enfants, on portera leur m\u00e9moire.<\/div>\n<div dir=\"auto\"><\/div>\n<div dir=\"auto\">Vous ruinez nos familles, on construira des caisses de solidarit\u00e9.<\/div>\n<div dir=\"auto\">Vous nous m\u00e9prisez, on s\u2019organisera.<\/div>\n<\/div>\n<div class=\"x14z9mp xat24cr x1lziwak x1vvkbs xtlvy1s x126k92a\">\n<div dir=\"auto\">Rien n\u2019est fini.<\/div>\n<\/div>\n<div class=\"x14z9mp xat24cr x1lziwak x1vvkbs xtlvy1s x126k92a\">\n<div dir=\"auto\">Mehdi, on ne t\u2019oublie pas.<\/div>\n<div dir=\"auto\">Mehdi, ton nom est une cicatrice, et une promesse de lutte.<\/div>\n<\/div>\n<div dir=\"auto\"><\/div>\n<div dir=\"auto\"><b>Nordine Sa\u00efdi<br \/>\n<a href=\"https:\/\/bruxelles-pantheres.be\/\" target=\"_blank\" rel=\"noopener\" data-saferedirecturl=\"https:\/\/www.google.com\/url?q=https:\/\/bruxelles-pantheres.be\/&amp;source=gmail&amp;ust=1751397751313000&amp;usg=AOvVaw1Fi_x6Ss7_NMOsA97x5QRB\">Bruxelles Panth\u00e8res<\/a><\/b><br \/>\n<i>\u00ab\u00a0La libert\u00e9, la justice et l&rsquo;\u00e9galit\u00e9, par tous les moyens n\u00e9cessaires !\u00a0\u00bb<\/i>\u00a0Malcolm X<i><b><\/b><\/i><\/div>\n<h4 dir=\"auto\" style=\"text-align: center;\"><strong>\u00ab\u00a0On a \u00e9t\u00e9 condamn\u00e9 pour avoir choisi le chemin de la justice\u00a0\u00bb: la famille de Mehdi Bouda doit payer 11.000 euros d\u2019indemnit\u00e9s<\/strong><\/h4>\n<div dir=\"auto\">\n<header class=\"l-entry__header\" data-entry-header=\"\">\n<p class=\"l-entry__summary u-body-03 u-color-secondary u-mb-small\" data-amp=\"amp-abstract\">Ayoub Bouda a annonc\u00e9 que l\u2019affaire allait \u00eatre port\u00e9e en cassation. Il d\u00e9nonce un mauvais signal envoy\u00e9 aux policiers impliqu\u00e9s dans des accidents mortels ces derniers mois.<\/p>\n<\/header>\n<section data-amp=\"amp-text\">\n<form>\n<div class=\"u-cursor-pointer u-mb-large\">\n<figure class=\"l-entry__media o-fullscreen o-skeleton u-ratio-16-9\"><picture class=\"u-size-full\"><source srcset=\"\/\/citynews-bruxellestoday.stgy.ovh\/~media\/horizontal-hi\/10735344191348\/ayoub-bouda.jpg\" type=\"image\/jpeg\" media=\"(min-width: 40rem)\" \/><img decoding=\"async\" class=\"u-size-full\" src=\"https:\/\/citynews-bruxellestoday.stgy.ovh\/~media\/horizontal-low\/10735344191348\/ayoub-bouda.jpg\" srcset=\"\/\/citynews-bruxellestoday.stgy.ovh\/~media\/horizontal-mid\/10735344191348\/ayoub-bouda.jpg 2x\" alt=\"\" \/><\/picture><\/figure>\n<p>\u00a9Caravaggio Media<\/p>\n<\/div>\n<div class=\"c-modal__dialog u-fixed u-top u-bottom u-right u-left o-bg-base\">\n<div class=\"c-modal__wrap u-absolute u-bottom u-right u-left\">\n<div class=\"c-modal__media u-flex u-justify-center u-items-center u-size-full-height\">\n<div class=\"c-modal__content u-relative\"><\/div>\n<\/div>\n<\/div>\n<\/div>\n<\/form>\n<div class=\"c-entry\" data-content--body=\"[[counter]]\">\n<p data-pm-slice=\"0 0 []\">La chambre des mises en accusation de Bruxelles vient d\u2019annoncer que les policiers impliqu\u00e9s dans la mort de Mehdi Bouda en 2019 n\u2019allaient pas \u00eatre renvoy\u00e9s au tribunal. Une d\u00e9cision incompr\u00e9hensible pour la partie civile. La famille du jeune homme avait fait appel de la d\u00e9cision rendue l\u2019ann\u00e9e derni\u00e8re de ne pas poursuivre les policiers impliqu\u00e9s dans l\u2019accident.<\/p>\n<h3 data-pm-slice=\"0 0 []\"><a href=\"https:\/\/www.bruxellestoday.be\/faits-divers\/justice\/fouilles-avant-reanimer-mehdi-bouda-affaire.html\">\u00ab\u00a0Les policiers l&rsquo;ont fouill\u00e9 au lieu de r\u00e9animer\u00a0\u00bb: l&rsquo;histoire de l&rsquo;affaire Medhi Bouda<\/a><\/h3>\n<p>Ayoub Bouda, qui m\u00e8ne depuis six ans une importante mobilisation autour de la mort de son fr\u00e8re, a r\u00e9agi \u00e0 cette d\u00e9cision jug\u00e9e \u00ab\u00a0incompr\u00e9hensible\u00a0\u00bb, rendue par mail, une heure avant l\u2019audience annonc\u00e9e puis annul\u00e9e: \u00ab\u00a0On avait le parquet et le procureur qui disaient qu\u2019il y avait assez d\u2019elements et qu\u2019il pouvait y avoir un debat public. Quand on voit l\u2019actualit\u00e9 r\u00e9cente, on se rend compte qu\u2019il en faut un\u00a0\u00bb.<\/p>\n<h2>Peu de r\u00e9ponses<\/h2>\n<p>L\u2019homme explique que l\u2019appel port\u00e9 par la partie civile \u00e9tait un argumentaire d\u2019une soixantaine de pages. \u00ab\u00a0Ils ne r\u00e9pondent qu\u2019\u00e0 deux \u00e9l\u00e9ments. Ils ne reviennent pas sur le comportement inhumain et d\u00e9gradant\u00a0\u00bb, commente Ayoub Bouda. \u00ab\u00a0Ils ont m\u00eame dit que mon fr\u00e8re \u00e9tait polytraumatis\u00e9 et que c\u2019est pour \u00e7a que les policiers ne lui sont pas venus en aide. Mais on ne dit pas pourquoi il a quand m\u00eame \u00e9t\u00e9 fouill\u00e9 alors qu\u2019il \u00e9tait polytraumatis\u00e9\u00a0\u00bb, souligne-t-il. \u00ab\u00a0On ne se sent pas \u00e9cout\u00e9 par la justice. Il n\u2019y a pas le droit au d\u00e9bat public\u00a0\u00bb. Le fr\u00e8re de Mehdi Bouda pr\u00e9cise que cette audition avait d\u00e9j\u00e0 \u00e9t\u00e9 repouss\u00e9e trois fois.<\/p>\n<h2>Une suite<\/h2>\n<p>Ayoub Bouda ne compte pas s\u2019arr\u00eater l\u00e0 et il annonce que la famille portera l\u2019affaire en cassation, \u00ab\u00a0parce que le r\u00e9quisitoire montre un manque de r\u00e9ponse\u00a0\u00bb. \u00ab\u00a0On ira jusqu\u2019au bout\u00a0\u00bb, souffle-t-il. Ayoub Bouda rappelle d\u2019autres accidents mortels qui impliquent la police et qui se sont d\u00e9roul\u00e9s ces derni\u00e8res semaines, dont la mort du jeune Fabian au parc Elisabeth, celle d\u2019un homme en scooter dans les Marolles par un policier qui n\u2019avait plus le permis, ou encore celle d\u2019un mineur \u00e0 Anvers.<\/p>\n<p>\u00ab\u00a0On se demande quel signal on envoie \u00e0 ces policiers-l\u00e0. Il y a un manque sur le plan l\u00e9gal, sur le plan p\u00e9nal. Ces personnes doivent \u00eatre sanctionn\u00e9es par rapport \u00e0 \u00e7a\u00a0\u00bb, explique Ayoub Bouda, ajoutant que le policier qui a tu\u00e9 son fr\u00e8re a \u00e9t\u00e9 condamn\u00e9 neuf fois avant l\u2019accident mortel. \u00ab\u00a0C\u2019est un mauvais signal que \u00e7a envoie\u00a0\u00bb, explique-t-il.<\/p>\n<div data-move=\"\" data-move--destination=\"^\" data-move--destination-position=\"55%\" data-move--destination-distance=\"30%\" data-move--internal-processed=\"\">\n<div class=\"slot slot-story-5 slot-unsold\">\n<div><\/div>\n<\/div>\n<\/div>\n<h2 data-pm-slice=\"0 0 []\">Des indemnit\u00e9s \u00e0 payer<\/h2>\n<p>\u00ab\u00a0La justice condamne les parties civiles (dont la famille) \u00e0 verser 18 000 euros aux policiers qui ont tu\u00e9 Mehdi. (\u2026) Voil\u00e0 la valeur d\u2019une vie pour cette justice. Voil\u00e0 ce qu\u2019ils font des morts qu\u2019ils veulent faire oublier\u00a0\u00bb, \u00e9crit le collectif JusticepourMehdi dans un post sur Instagram. \u00ab\u00a0Tuer ne co\u00fbte rien \u2013 mais r\u00e9clamer justice vous ruine\u00a0\u00bb, ajoute-t-il encore.<\/p>\n<p>Ayoub Bouda explique que la famille doit d\u00e9sormais payer 11.200 euros d\u2019indemnit\u00e9s aux policiers. Ces derniers devraient recevoir au total 18.000 euros. Il rappelle \u00e9galement que les frais d\u2019avocats des agents sont pris en charge par la police. \u00ab\u00a0Je ne sais m\u00eame pas pourquoi\u2026 pour avoir tu\u00e9 mon fr\u00e8re. Parce que nous les avons poursuivis par rapport \u00e0 \u00e7a. On a pris la voie de la justice et on a \u00e9t\u00e9 condamn\u00e9 pour \u00e7a\u00a0\u00bb, conclut-il.<\/p>\n<div id=\"ADpnq716c4guuu7rceuptan9vw593ljmp6\" data-ad--node=\"ADpnq716c4guuu7rceuptan9vw593ljmp6\"><\/div>\n<div id=\"N3rYdWOc3tU5ggFK0kFy5Q\" class=\"svp svp-video-related\" data-svp=\"\" data-svp--ad=\"\">\n<div class=\"svp-content svp-inline\" data-svp-content=\"\">\n<div class=\"video-player\">\n<div id=\"player:g09SUCK0KwGu6NKQJyUuL0t00VaIcznB1d3b\" class=\"player player--video--ratio-horizontal player--ui-mouse player--ui-ready player--feature-visibility player--state-video-played player--feature-playback player--feature-zoomable player--state-screen-inline player--feature-intersection player--feature-seekable player--feature-time player--feature-duration player--feature-duration-finite player--feature-audio player--state-muted player--time-before-last-10 player--time-over-first-10 player--visibility-visible player--state-playing player--size-large player--ratio-horizontal player--device-fixed player--intersection-60 player--volume-high\" tabindex=\"0\" role=\"application\" data-player=\"\" aria-label=\"Player Video\" data-player--setup=\"g09SUCK0KwGu6NKQJyUuL0t00VaIcznB1d3b\">\n<div class=\"player--ui\" data-player--ui=\"\">\n<p><video id=\"player--video:g09SUCK0KwGu6NKQJyUuL0t00VaIcznB1d3b\" class=\"player--video\" tabindex=\"0\" src=\"https:\/\/citynews-bruxellestoday.video.stgy.ovh\/~media\/mp4-hd\/54368647414230\/ayoub-bouda-2.mp4\" poster=\"https:\/\/citynews-bruxellestoday.stgy.ovh\/~media\/horizontal-hi\/54368647414230\/ayoub-bouda-2.jpg\" preload=\"metadata\" muted=\"\" width=\"300\" height=\"150\" data-player--video=\"\" data-player--ad=\"\/\/vda.bruxellestoday.be\/~vda\/extra\/vast\/?id=102927&amp;loc=__run:#location.href#__&amp;referer=__run:#document.referrer#__&amp;__var:##~0__ var+wait:\/\/ \" data-player--ad-call-start=\"return!!(window.__unsafe||(window.AdvContext&amp;&amp;!!+AdvContext.adult)||!!document.querySelector('[data-premium--no-ad]')||function(_){return(_=location.search.match(\/[&amp;?]__vda=([^&amp;]*)\/i))&amp;&amp;parseInt(_[1])?true:false}());\" data-player--setup=\"g09SUCK0KwGu6NKQJyUuL0t00VaIcznB1d3b\" data-player--internal--stat-ad-break-pre-roll=\"1\" data-player--internal--stat-ad=\"0\" data-player--internal--stat-ad-initialized=\"1\" data-player--internal--stat-ad-un-initialized=\"1\" data-player--internal--stat-ad-viewed=\"0\" data-player--internal--stat-ad-iab-viewed=\"0\" data-player--internal--stat-ad-un-filled=\"0\" data-player--internal--stat-ad-filled=\"0\" data-player--internal--stat-ad-not-completed=\"0\" data-player--internal--stat-ad-completed=\"0\" data-player--internal--full-screen=\"0\" data-player--internal--visibility=\"1\" data-player--internal--intersection-ratio=\"0.6\"><\/video><\/p>\n<div class=\"player--controls\" data-player--controls=\"\">\n<div class=\"player--controls-control player--control-button player--controls-volume\" tabindex=\"0\"><\/div>\n<\/div>\n<\/div>\n<\/div>\n<\/div>\n<\/div>\n<\/div>\n<\/div>\n<\/section>\n<p><b>\u00ab\u00a0Une d\u00e9cision irrespectueuse\u00a0\u00bb: le fr\u00e8re de Mehdi Bouda r\u00e9agi \u00e0 la d\u00e9cision de ne pas poursuivre les policiers<\/b><br \/>\n<a href=\"https:\/\/www.bruxellestoday.be\/faits-divers\/justice\/mehdi-bouda-decision-frere-temoignage.html\" target=\"_blank\" rel=\"noopener\">https:\/\/www.bruxellestoday.be\/faits-divers\/justice\/mehdi-bouda-decision-frere-temoignage.html<\/a><br \/>\n<small>\u00a9 BruxellesToday<\/small><\/p>\n<\/div>\n","protected":false},"excerpt":{"rendered":"<p>Nous, militant\u00b7es de l\u2019antiracisme politique, exprimons notre solidarit\u00e9 totale et ind\u00e9fectible \u00e0 la famille de Mehdi Bouda. Justice pour Mehdi. Ce fils, ce petit fr\u00e8re, fauch\u00e9 en 2019 par une voiture de police en pleine ville de Bruxelles, rejoint la longue liste des victimes racialis\u00e9es de l\u2019\u00c9tat belge. Aujourd\u2019hui encore, apr\u00e8s des ann\u00e9es de deuil, &#8230; <a title=\"Dans la Belgique blanche, la justice humilie les morts Noir, Arabe, Rrom, Musulmane ou Sans-Papiers.\" class=\"read-more\" href=\"https:\/\/bruxelles-pantheres.be\/?p=6404\" aria-label=\"En savoir plus sur Dans la Belgique blanche, la justice humilie les morts Noir, Arabe, Rrom, Musulmane ou Sans-Papiers.\">Lire la suite<\/a><\/p>\n","protected":false},"author":1,"featured_media":5088,"comment_status":"open","ping_status":"open","sticky":false,"template":"","format":"standard","meta":{"footnotes":""},"categories":[539,28,5],"tags":[612,54],"class_list":["post-6404","post","type-post","status-publish","format-standard","has-post-thumbnail","hentry","category-belgique","category-racismes","category-violence-policiere","tag-mehdi-bouda","tag-police"],"_links":{"self":[{"href":"https:\/\/bruxelles-pantheres.be\/index.php?rest_route=\/wp\/v2\/posts\/6404","targetHints":{"allow":["GET"]}}],"collection":[{"href":"https:\/\/bruxelles-pantheres.be\/index.php?rest_route=\/wp\/v2\/posts"}],"about":[{"href":"https:\/\/bruxelles-pantheres.be\/index.php?rest_route=\/wp\/v2\/types\/post"}],"author":[{"embeddable":true,"href":"https:\/\/bruxelles-pantheres.be\/index.php?rest_route=\/wp\/v2\/users\/1"}],"replies":[{"embeddable":true,"href":"https:\/\/bruxelles-pantheres.be\/index.php?rest_route=%2Fwp%2Fv2%2Fcomments&post=6404"}],"version-history":[{"count":2,"href":"https:\/\/bruxelles-pantheres.be\/index.php?rest_route=\/wp\/v2\/posts\/6404\/revisions"}],"predecessor-version":[{"id":6406,"href":"https:\/\/bruxelles-pantheres.be\/index.php?rest_route=\/wp\/v2\/posts\/6404\/revisions\/6406"}],"wp:featuredmedia":[{"embeddable":true,"href":"https:\/\/bruxelles-pantheres.be\/index.php?rest_route=\/wp\/v2\/media\/5088"}],"wp:attachment":[{"href":"https:\/\/bruxelles-pantheres.be\/index.php?rest_route=%2Fwp%2Fv2%2Fmedia&parent=6404"}],"wp:term":[{"taxonomy":"category","embeddable":true,"href":"https:\/\/bruxelles-pantheres.be\/index.php?rest_route=%2Fwp%2Fv2%2Fcategories&post=6404"},{"taxonomy":"post_tag","embeddable":true,"href":"https:\/\/bruxelles-pantheres.be\/index.php?rest_route=%2Fwp%2Fv2%2Ftags&post=6404"}],"curies":[{"name":"wp","href":"https:\/\/api.w.org\/{rel}","templated":true}]}}