{"id":6412,"date":"2025-07-16T17:44:01","date_gmt":"2025-07-16T16:44:01","guid":{"rendered":"https:\/\/bruxelles-pantheres.be\/?p=6412"},"modified":"2025-07-16T18:33:20","modified_gmt":"2025-07-16T17:33:20","slug":"detention-administrative-systemes-carceraux-dapartheid-en-palestine-et-en-grece","status":"publish","type":"post","link":"https:\/\/bruxelles-pantheres.be\/?p=6412","title":{"rendered":"D\u00e9tention administrative : Syst\u00e8mes carc\u00e9raux d\u2019apartheid en Palestine et en Gr\u00e8ce"},"content":{"rendered":"<p data-start=\"50\" data-end=\"410\"><strong data-start=\"50\" data-end=\"136\">D\u00e9tention administrative : Syst\u00e8mes carc\u00e9raux d\u2019apartheid en Palestine et en Gr\u00e8ce<\/strong><br data-start=\"136\" data-end=\"139\" \/>Cette brochure r\u00e9sume un \u00e9v\u00e9nement organis\u00e9 en f\u00e9vrier 2025 : \u00ab\u202fD\u00e9tention administrative : Syst\u00e8mes carc\u00e9raux d\u2019apartheid en Palestine et en Gr\u00e8ce\u202f\u00bb, par l\u2019Assembl\u00e9e contre les centres de d\u00e9tention, le 6 mars 2025 \u00e0 Ath\u00e8nes.<br data-start=\"363\" data-end=\"366\" \/>\u03a4\u03b1 \u03b5\u03bb\u03bb\u03b7\u03bd\u03b9\u03ba\u03ac \u03b2\u03c1\u03af\u03c3\u03ba\u03bf\u03bd\u03c4\u03b1\u03b9 \u03ba\u03ac\u03c4\u03c9 \u03b1\u03c0\u03cc \u03c4\u03b1 \u03b1\u03b3\u03b3\u03bb\u03b9\u03ba\u03ac<\/p>\n<p><!--more--><\/p>\n<figure style=\"width: 740px\" class=\"wp-caption aligncenter\"><img decoding=\"async\" src=\"https:\/\/againstdetentioncentersathens.noblogs.org\/files\/2025\/07\/photo1.jpg\" alt=\"(photo) Fresque \u00e0 la bombe \u00e0 l\u2019ext\u00e9rieur de la prison de Petrou Ralli, Ath\u00e8nes\" width=\"750\" height=\"561\" \/><figcaption class=\"wp-caption-text\">(photo) Fresque \u00e0 la bombe \u00e0 l\u2019ext\u00e9rieur de la prison de Petrou Ralli, Ath\u00e8nes<\/figcaption><\/figure>\n<p data-start=\"497\" data-end=\"1169\">L\u2019intention et la motivation de l\u2019\u00e9v\u00e9nement proviennent d\u2019une volont\u00e9 de d\u00e9velopper une analyse politique plus globale des prisons, de l\u2019enfermement des migrant\u00b7e\u00b7s et des continuit\u00e9s r\u00e9pressives de l\u2019occupation isra\u00e9lienne, de la Gr\u00e8ce et de l\u2019UE. Il ne s\u2019agit pas ici de comparer directement la situation en Palestine et en Gr\u00e8ce, mais bien de relier ces deux g\u00e9ographies via leurs prisons et leurs usages de la d\u00e9tention administrative. Nous affirmons \u00e9galement que la Gr\u00e8ce est pleinement complice du g\u00e9nocide en cours \u00e0 Gaza et du colonialisme de peuplement en Palestine, comme en t\u00e9moignent les nombreux liens et collaborations militaires, politiques et \u00e9conomiques.<\/p>\n<p data-start=\"1171\" data-end=\"1639\">La d\u00e9tention administrative, une forme d\u2019emprisonnement non judiciaire distincte du syst\u00e8me p\u00e9nal, permet aux gouvernements d\u2019incarc\u00e9rer toute une cat\u00e9gorie de personnes, pour une dur\u00e9e ind\u00e9finie ou sans date de lib\u00e9ration, dans des conditions non r\u00e9gul\u00e9es. Les personnes d\u00e9tenues sont des cibles politiques, vis\u00e9es par des politiques gouvernementales cherchant \u00e0 les d\u00e9shumaniser et en faire des boucs \u00e9missaires, qu\u2019il s\u2019agisse de Palestinien\u00b7ne\u00b7s ou de migrant\u00b7e\u00b7s.<\/p>\n<p data-start=\"1641\" data-end=\"2220\">La surpopulation, les conditions d\u00e9grad\u00e9es et la violence sont utilis\u00e9es tant comme punition que comme mesure de dissuasion. Mais en r\u00e9alit\u00e9, cela perd tout sens lorsque des forces de police ou militaires habilit\u00e9es abusent de pouvoirs de fouilles et arrestations arbitraires, sans preuve ni motif. En revanche, pour la personne emprisonn\u00e9e, il est quasi impossible d\u2019utiliser les voies l\u00e9gales pour recouvrer la libert\u00e9 : les avocat\u00b7e\u00b7s sont entrav\u00e9\u00b7e\u00b7s, les voies de recours bloqu\u00e9es, et les appels contre la d\u00e9tention sont syst\u00e9matiquement rejet\u00e9s faute de contr\u00f4le juridique.<\/p>\n<p data-start=\"2222\" data-end=\"2667\">La d\u00e9tention administrative a toujours \u00e9t\u00e9 un outil puissant du colonialisme, fondamental dans la formation et le fonctionnement de la soci\u00e9t\u00e9 coloniale isra\u00e9lienne. C\u2019est une mesure punitive utilis\u00e9e contre les Palestinien\u00b7ne\u00b7s dans les territoires occup\u00e9s en 1967 mais aussi dans la Palestine historique (colonis\u00e9e en 1948). Ses racines se trouvent dans le droit britannique durant le mandat, preuves de ses origines et continuit\u00e9s coloniales.<\/p>\n<p data-start=\"2669\" data-end=\"3117\">En Gr\u00e8ce, comme dans toute l\u2019Europe, les personnes non europ\u00e9ennes et racis\u00e9es sont enferm\u00e9es en \u00ab\u202fcentres de d\u00e9tention pour \u00e9loignement\u202f\u00bb (Pre\u2011Removal Detention Centres \u2013 PRDC), uniquement pour leur statut migratoire. La d\u00e9tention administrative y implique une absence de date de lib\u00e9ration et souvent une totale ignorance des motifs invoqu\u00e9s. Ces centres sont cens\u00e9s faciliter les expulsions, mais servent surtout \u00e0 renforcer le syst\u00e8me carc\u00e9ral.<\/p>\n<p data-start=\"3119\" data-end=\"3702\">En Palestine, le syst\u00e8me d\u2019apartheid est manifeste : occupation des terres, contr\u00f4le des corps et des d\u00e9placements par la force militaire, dualit\u00e9 juridique, contr\u00f4le de l\u2019acc\u00e8s \u00e0 l\u2019eau, \u00e0 la nourriture, au carburant, et restriction de l\u2019existence selon l\u2019identit\u00e9 et les documents officiels.<br \/>\nEn Gr\u00e8ce, nous soutenons qu\u2019un syst\u00e8me d\u2019apartheid s\u00e9lectif est \u00e9galement en place, non pour \u00e9galiser la situation avec la Palestine, mais pour pointer les pratiques syst\u00e9miques similaires d\u2019apartheid perp\u00e9tr\u00e9es par les gouvernements successifs envers les demandeurs et demandeuses d\u2019asile.<\/p>\n<p data-start=\"3704\" data-end=\"4029\">Cela se manifeste par la difficult\u00e9 \u00e0 acc\u00e9der et \u00e0 renouveler ses papiers d\u2019identit\u00e9, le poids accord\u00e9 \u00e0 la \u00ab\u202fl\u00e9galisation\u202f\u00bb d\u2019une personne conditionnant l\u2019acc\u00e8s aux soins, au logement, \u00e0 l\u2019emploi et \u00e0 l&rsquo;\u00e9ducation. On voit aussi l\u2019expansion et la s\u00e9curisation croissante de camps pr\u00e9caires comme seule solution d\u2019h\u00e9bergement.<\/p>\n<p data-start=\"4031\" data-end=\"4350\">Ces m\u00e9canismes contr\u00f4lent les corps et les mouvements, imposant s\u00e9gr\u00e9gation, barri\u00e8res, limitations, une soci\u00e9t\u00e9 \u00e0 deux vitesses. Le syst\u00e8me carc\u00e9ral et la d\u00e9tention administrative sont essentiels \u00e0 cette logique de contr\u00f4le et de peur, renforc\u00e9e quotidiennement par les contr\u00f4les d\u2019identit\u00e9 et le harc\u00e8lement policier.<\/p>\n<p data-start=\"4352\" data-end=\"5011\">L\u2019apartheid et la s\u00e9gr\u00e9gation se r\u00e9v\u00e8lent dans le syst\u00e8me juridique d\u2019un \u00c9tat-nation et ses prisons. En Palestine, la d\u00e9tention administrative et les tribunaux militaires aggravent la privation de droits juridiques, l\u2019usage de la violence physique et la torture psychologique. En Gr\u00e8ce, la d\u00e9tention administrative se justifie par les conditions carc\u00e9rales, l\u2019absence d\u2019assistance juridique et la torture mentale li\u00e9e \u00e0 l\u2019incertitude sur la dur\u00e9e d\u2019enfermement. Dans les deux contextes, de tels abus \u00ab\u202fl\u00e9gaux\u202f\u00bb ne seraient tol\u00e9r\u00e9s que par une fraction de la population : les citoyen\u00b7ne\u00b7s isra\u00e9lien\u00b7ne\u00b7s ou grec\u00b7que peuvent difficilement s\u2019imaginer subir cela.<\/p>\n<p data-start=\"5013\" data-end=\"5292\">Les interventions d\u2019avocat\u00b7e\u00b7s et d\u2019ex-d\u00e9tenu\u00b7e\u00b7s palestinien\u00b7ne\u00b7s et grec\u00b7que\u00b7s porteront sur les r\u00e9alit\u00e9s l\u00e9gales et politiques de la d\u00e9tention administrative, les conditions inhumaines subies, et les formes de lutte et de r\u00e9sistance \u00e0 l\u2019int\u00e9rieur et \u00e0 l\u2019ext\u00e9rieur des prisons.<\/p>\n<p data-start=\"5294\" data-end=\"5454\">Nous appelons \u00e0 une reconnaissance plus forte de la d\u00e9tention administrative comme forme sp\u00e9cifique d\u2019emprisonnement int\u00e9gr\u00e9e au c\u0153ur des d\u00e9mocraties lib\u00e9rales.<\/p>\n<p data-start=\"5456\" data-end=\"5630\">Nous appelons \u00e0 la solidarit\u00e9 avec les personnes d\u00e9tenues administrativement et \u00e0 soutenir leur combat contre ce syst\u00e8me, que nous relions \u00e0 la violence carc\u00e9rale en g\u00e9n\u00e9ral.<\/p>\n<p data-start=\"5632\" data-end=\"5794\"><strong data-start=\"5632\" data-end=\"5794\">Abolissons tous les centres de d\u00e9tention !<br data-start=\"5676\" data-end=\"5679\" \/>Br\u00fblons les prisons !<br data-start=\"5700\" data-end=\"5703\" \/>Libert\u00e9 pour la Palestine \u2013 Stop au g\u00e9nocide, fin de l\u2019occupation !<br data-start=\"5770\" data-end=\"5773\" \/>Lib\u00e9rons tou\u00b7te\u00b7s !<\/strong><\/p>\n<hr data-start=\"5796\" data-end=\"5799\" \/>\n<h3 data-start=\"5801\" data-end=\"5865\"><img decoding=\"async\" class=\"aligncenter\" src=\"https:\/\/againstdetentioncentersathens.noblogs.org\/files\/2025\/07\/photo2-854x1024.jpg\" \/><\/h3>\n<h3 data-start=\"5801\" data-end=\"5865\">Le cadre juridique de la d\u00e9tention administrative en Gr\u00e8ce<\/h3>\n<p data-start=\"5866\" data-end=\"5921\"><strong data-start=\"5866\" data-end=\"5921\">Intervention de Maria, avocate et camarade en Gr\u00e8ce<\/strong><\/p>\n<p data-start=\"5923\" data-end=\"6335\">Depuis 2021, je prends en charge des dossiers de personnes d\u00e9tenues administrativement. Ce r\u00e9gime est ordonn\u00e9 par le directeur de police d\u00e8s que les migrant\u00b7e\u00b7s sont suspect\u00e9\u00b7e\u00b7s de fuite, trouble \u00e0 l\u2019ordre public ou obstruction \u00e0 leur d\u00e9part. Si aucune objection n\u2019est formul\u00e9e dans les 48\u202fh, une obligation d\u2019expulsion est d\u00e9livr\u00e9e et la d\u00e9tention prolong\u00e9e jusqu\u2019\u00e0 l\u2019expulsion, qui peut durer jusqu\u2019\u00e0 18\u202fmois.<\/p>\n<p data-start=\"6337\" data-end=\"6675\">Les d\u00e9tenu\u00b7e\u00b7s doivent \u00eatre inform\u00e9\u00b7e\u00b7s dans une langue comprise. En pratique, c\u2019est rarement respect\u00e9 et difficile \u00e0 prouver. Les contestations doivent d\u2019abord passer devant le directeur de police dans les 48\u202fh, puis devant le tribunal administratif. Le recours n\u2019est pas suspensif mais peut \u00eatre annul\u00e9 si de nouveaux \u00e9l\u00e9ments \u00e9mergent.<\/p>\n<p data-start=\"6677\" data-end=\"7043\">En pratique, \u00e0 Ath\u00e8nes, il reste possible de contester la d\u00e9cision \u00e0 tout moment. Le pr\u00e9tendu \u00ab\u202frisque de fuite\u202f\u00bb est souvent invoqu\u00e9 pour absence d\u2019adresse fixe ou de moyens financiers, facilement r\u00e9solus par contrat de logement ou d\u00e9claration d\u2019h\u00e9bergement. Les jeux d\u2019identit\u00e9 (passeport valide\/expir\u00e9) montrent que le syst\u00e8me fonctionne contre les int\u00e9ress\u00e9\u00b7e\u00b7s.<\/p>\n<p data-start=\"7045\" data-end=\"7562\">Le risque suppos\u00e9 \u00e0 l\u2019ordre public se fonde sur des condamnations \u00e0 plus d\u2019un an : souvent ces mentions sont vagues, des avocat\u00b7e\u00b7s doivent v\u00e9rifier le dossier judiciaire. Les conditions de d\u00e9tention peuvent \u00e9galement \u00eatre contest\u00e9es (sant\u00e9, absence de soins), notamment au centre d\u2019Amygdaleza o\u00f9 le m\u00e9decin ne passe qu\u2019une fois par semaine, sans prise en charge des consommations ou addictions. Le manque d\u2019assistance m\u00e9dicale et le caract\u00e8re invisible de ces centres renforcent l\u2019urgence de d\u00e9noncer ces situations.<\/p>\n<p data-start=\"7564\" data-end=\"7993\">La vie de famille et l\u2019int\u00e9r\u00eat de l\u2019enfant doivent \u00eatre consid\u00e9r\u00e9s : en th\u00e9orie, la d\u00e9tention de mineurs est interdite, mais r\u00e9cemment des familles ont \u00e9t\u00e9 enferm\u00e9es pour des motifs arbitraires. La d\u00e9tention des demandeur\u00b7euse\u00b7s d\u2019asile est ill\u00e9gale sauf exception (\u00e9tablissement des documents, risque \u00e0 l\u2019ordre public). Or, l\u2019absence d\u2019interpr\u00e8tes prolonge la d\u00e9tention administrative via le ralentissement des demandes d\u2019asile.<\/p>\n<p data-start=\"7995\" data-end=\"8258\">En Gr\u00e8ce, l\u2019assistance juridique par l\u2019\u00c9tat est quasi inexistante, sauf pour certains demandeur\u00b7euse\u00b7s d\u2019asile, et l\u00e0 encore les contacts sont difficiles. Conna\u00eetre le syst\u00e8me permet de l\u2019utiliser dans la lutte jusqu\u2019\u00e0 l\u2019abolition totale des centres de d\u00e9tention.<\/p>\n<p data-start=\"8260\" data-end=\"8487\">\u2013 <strong data-start=\"8262\" data-end=\"8343\">Q : Combien de Palestinien\u00b7ne\u00b7s sont d\u00e9tenu\u00b7e\u00b7s administrativement en Gr\u00e8ce ?<\/strong><br data-start=\"8343\" data-end=\"8346\" \/><strong data-start=\"8346\" data-end=\"8353\">R :<\/strong> Dans la premi\u00e8re moiti\u00e9 de 2024, on compte environ 600 Palestinien\u00b7ne\u00b7s sur un total de 12\u202f700 personnes d\u00e9tenues administrativement.<\/p>\n<p data-start=\"8489\" data-end=\"8979\">\u2013 <strong data-start=\"8491\" data-end=\"8555\">Q : Ces d\u00e9tenu\u00b7e\u00b7s ont-ils\u00b7elles un dossier d\u2019asile rejet\u00e9 ?<\/strong><br data-start=\"8555\" data-end=\"8558\" \/><strong data-start=\"8558\" data-end=\"8565\">R :<\/strong> Non. On peut \u00eatre en cours de proc\u00e9dure d\u2019asile tout en \u00e9tant d\u00e9tenu\u00b7e, surtout le temps de v\u00e9rifier son identit\u00e9. Deux personnes contact\u00e9es \u00e0 Korinthos, rescap\u00e9es d\u2019un naufrage, ont \u00e9t\u00e9 d\u00e9tenues imm\u00e9diatement et priv\u00e9es du droit d\u2019asile \u2013 strat\u00e9gie fr\u00e9quente aux fronti\u00e8res, notamment autour de Victoria \u00e0 Ath\u00e8nes. Si l\u2019on tente de contester la d\u00e9tention ill\u00e9gale, on vous rejette l\u2019asile puis on vous red\u00e9tient\u2026<\/p>\n<p data-start=\"8981\" data-end=\"9222\">\u2013 <strong data-start=\"8983\" data-end=\"9019\">Q : Quel est l\u2019acc\u00e8s aux soins ?<\/strong><br data-start=\"9019\" data-end=\"9022\" \/><strong data-start=\"9022\" data-end=\"9029\">R :<\/strong> Les juges ignorent souvent la sant\u00e9 dans leurs d\u00e9cisions. Les centres refusent l\u2019acc\u00e8s aux m\u00e9dicaments et les visites m\u00e9dicales sont rares. Les d\u00e9tenu\u00b7e\u00b7s malades sont quasiment abandonn\u00e9\u00b7e\u00b7s.<\/p>\n<hr data-start=\"9224\" data-end=\"9227\" \/>\n<figure style=\"width: 542px\" class=\"wp-caption aligncenter\"><img decoding=\"async\" src=\"https:\/\/againstdetentioncentersathens.noblogs.org\/files\/2025\/07\/photo3.jpg\" alt=\"Carte des centres de d\u00e9tention en Palestine\" width=\"552\" height=\"817\" \/><figcaption class=\"wp-caption-text\">Carte des centres de d\u00e9tention en Palestine<\/figcaption><\/figure>\n<hr data-start=\"9278\" data-end=\"9281\" \/>\n<h3 data-start=\"9283\" data-end=\"9351\">Le cadre juridique de la d\u00e9tention administrative en Palestine<\/h3>\n<p data-start=\"9352\" data-end=\"9411\"><strong data-start=\"9352\" data-end=\"9411\">Intervention d\u2019un avocat\u00b7e\u202fpalestinien\u00b7ne exp\u00e9riment\u00e9\u00b7e<\/strong><\/p>\n<p data-start=\"9413\" data-end=\"9791\">Les lois d\u00e9rivent du r\u00e8glement britannique de 1945 et ont \u00e9t\u00e9 utilis\u00e9es prolifiquement contre les Palestinien\u00b7ne\u00b7s dans les ann\u00e9es 1970, puis apr\u00e8s l\u2019occupation de 1967 via des ordres militaires. Les officiers militaires peuvent arr\u00eater \u00ab\u202fsur base d\u2019informations secr\u00e8tes\u202f\u00bb pour 1 \u00e0 6 mois, reconductibles \u00e0 l\u2019infini : certain\u00b7e\u00b7s passent 5 ou 8 ans en d\u00e9tention administrative.<\/p>\n<p data-start=\"9793\" data-end=\"10264\">La loi de 2002 a prolong\u00e9 ce r\u00e9gime aux non-Isra\u00e9liens, sans limitation \u00e0 six mois. En 2005, apr\u00e8s le retrait de Gaza, les Gazou\u00b7euse\u00b7s sont d\u00e9sign\u00e9s comme \u00ab\u202fnon-occup\u00e9s\u202f\u00bb et apr\u00e8s octobre 2023, Isra\u00ebl a arr\u00eat\u00e9 des milliers de personnes sous ce r\u00e9gime sans divulguer le nombre exact : en sept.\u202f2024, l\u2019\u00c9tat en annon\u00e7ait 3\u202f400, mais nous estimons le chiffre \u00e0 plus de 10\u202f000 d\u00e9tenu\u00b7e\u00b7s. Avant octobre 2023, environ 1\u202f200 Palestinien\u00b7ne\u00b7s \u00e9taient d\u00e9tenu\u00b7e\u00b7s en Cisjordanie.<\/p>\n<p data-start=\"10266\" data-end=\"10807\">La d\u00e9tention administrative est une torture : ni la personne, ni sa famille ne connaissent sa dur\u00e9e d\u2019enfermement. Les prolongations sont parfois communiqu\u00e9es seulement le jour m\u00eame, tard le soir, cr\u00e9ant un \u00e9tat d\u2019incertitude permanente. Les d\u00e9tenu\u00b7e\u00b7s se mobilisent via gr\u00e8ves de la faim individuelles ou collectives. En 2014, elles ont dur\u00e9 9 semaines, interrompues du fait d\u2019attaques militaires. En 2012, Khader a subi une gr\u00e8ve individuelle de 66 jours et obtenu sa lib\u00e9ration ; sa 6\u1d49 gr\u00e8ve dura 87 jours : il est d\u00e9c\u00e9d\u00e9 le 1\u1d49\u02b3 mai 2023.<\/p>\n<p data-start=\"10809\" data-end=\"11072\">En 2023-2024, avec le nombre record de d\u00e9tenu\u00b7e\u00b7s administrativement, la gr\u00e8ve semble exclue politiquement, car l\u2019attention est centr\u00e9e sur le g\u00e9nocide de Gaza. Deux jours avant l\u2019\u00e9v\u00e9nement, des mois de d\u00e9tentions ont \u00e9t\u00e9 prononc\u00e9s contre un\u00b7e mineur\u00b7e de 14 ans.<\/p>\n<p data-start=\"11074\" data-end=\"11584\">Les d\u00e9tenu\u00b7e\u00b7s administrativement sont incarc\u00e9r\u00e9\u00b7e\u00b7s dans les m\u00eames \u00e9tablissements que les autres prisonnier\u00b7\u00e8re\u00b7s palestinien\u00b7ne\u00b7s, dans des conditions inhumaines : fouilles, violences physiques, confiscation de tout, interdiction des visites familiales, interdiction de la Croix-Rouge, fermeture des centres m\u00e9dicaux. En 2024, 62 d\u00e9tenu\u00b7e\u00b7s sont morts, souvent apr\u00e8s avoir \u00e9t\u00e9 refus\u00e9\u00b7e\u00b7s par les \u00e9tablissements hospitaliers ext\u00e9rieurs ; depuis 2015, les corps sont retenus par l\u2019administration p\u00e9nitentiaire.<\/p>\n<p data-start=\"11586\" data-end=\"11929\">\u2013 <strong data-start=\"11588\" data-end=\"11657\">Q : Les changements de gouvernement modifient\u2011ils ces pratiques ?<\/strong><br data-start=\"11657\" data-end=\"11660\" \/><strong data-start=\"11660\" data-end=\"11667\">R :<\/strong> Aucune diff\u00e9rence : ces dispositifs sont institutionnalis\u00e9s par le syst\u00e8me judiciaire, y compris la Cour supr\u00eame isra\u00e9lienne. La d\u00e9tention administrative a explos\u00e9 apr\u00e8s les accords d\u2019Oslo et apr\u00e8s les deux intifadas \u2013 la seconde a vu jusqu\u2019\u00e0 12\u202f000 d\u00e9tenu\u00b7e\u00b7s.<\/p>\n<p data-start=\"11931\" data-end=\"12314\">\u2013 <strong data-start=\"11933\" data-end=\"11974\">Q : Quel est l\u2019acc\u00e8s aux avocat\u00b7e\u00b7s ?<\/strong><br data-start=\"11974\" data-end=\"11977\" \/><strong data-start=\"11977\" data-end=\"11984\">R :<\/strong> Il existe des restrictions s\u00e9v\u00e8res : les avocat\u00b7e\u00b7s peuvent \u00eatre interdits de visite jusqu\u2019\u00e0 6 mois. Actuellement, la situation s\u2019am\u00e9liore l\u00e9g\u00e8rement, avec 5 \u00e0 7 visites par mois, mais souvent tr\u00e8s courtes (5\u20117 minutes), interdiction d\u2019apporter des notes \u00e9crites, parfois des avocat\u00b7e\u00b7s sont accus\u00e9\u00b7e\u00b7s de soutenir le terrorisme.<\/p>\n<hr data-start=\"12316\" data-end=\"12319\" \/>\n<figure style=\"width: 863px\" class=\"wp-caption aligncenter\"><img decoding=\"async\" src=\"https:\/\/againstdetentioncentersathens.noblogs.org\/files\/2025\/07\/photo4-873x1024.jpg\" alt=\"(Image) Manifestation pour les prisonnier\u00b7\u00e8re\u00b7s palestinien\u00b7ne\u00b7s en Palestine\" width=\"873\" height=\"1024\" \/><figcaption class=\"wp-caption-text\">(Image) Manifestation pour les prisonnier\u00b7\u00e8re\u00b7s palestinien\u00b7ne\u00b7s en Palestine<\/figcaption><\/figure>\n<hr data-start=\"12400\" data-end=\"12403\" \/>\n<h3 data-start=\"12405\" data-end=\"12476\">T\u00e9moignage de Hadeel \u2013 activiste et ex-d\u00e9tenue en Palestine occup\u00e9e<\/h3>\n<p data-start=\"12478\" data-end=\"12714\">\u00ab\u202fJe suis libre aujourd\u2019hui\u2026 \u00e0 la fronti\u00e8re avec la Jordanie, ils m\u2019ont arr\u00eat\u00e9e sans rien demander, en me disant : \u2018tu es sous d\u00e9tention administrative\u2019\u2026 pendant 22 jours\u2026 ils m\u2019ont dit \u2018six mois\u2019\u2026 puis un nouvel ordre de quatre mois\u2026 \u00bb<\/p>\n<p data-start=\"12716\" data-end=\"13378\">Elle d\u00e9crit une cellule isol\u00e9e, des conditions inhumaines \u2013 humidit\u00e9, sous-nutrition, absence de soins, isolement, tortures physiques et psychologiques : coups, fouilles \u00e0 nu, matraquages, gaz lacrymog\u00e8ne, menottes y compris en audience. Hadeel perd 22\u202fkg, a subi des violences continues, souvent isol\u00e9e, priv\u00e9e de soins et de contacts familiaux. Son unique force : la solidarit\u00e9 entre d\u00e9tenu\u00b7e\u00b7s palestinien\u00b7ne\u00b7s, conscientes de lutter pour la vie et la cause. Elle observe des violences similaires dans le monde occidental contre les solidarit\u00e9s pro-palestiniennes, et appelle \u00e0 la lutte anti-imp\u00e9rialiste et commune des mouvements en Europe et aux \u00c9tats-Unis.<\/p>\n<hr data-start=\"13380\" data-end=\"13383\" \/>\n<figure style=\"width: 1014px\" class=\"wp-caption aligncenter\"><img decoding=\"async\" src=\"https:\/\/againstdetentioncentersathens.noblogs.org\/files\/2025\/07\/photo5-1024x624.jpg\" alt=\"Carte du centre d\u2019Amygdaleza, pr\u00e8s d\u2019Ath\u00e8nes\" width=\"1024\" height=\"624\" \/><figcaption class=\"wp-caption-text\">Carte du centre d\u2019Amygdaleza, pr\u00e8s d\u2019Ath\u00e8nes<\/figcaption><\/figure>\n<hr data-start=\"13435\" data-end=\"13438\" \/>\n<h3 data-start=\"13440\" data-end=\"13482\">T\u00e9moignage d\u2019Amin \u2013 ex-d\u00e9tenu en Gr\u00e8ce<\/h3>\n<p data-start=\"13484\" data-end=\"14043\">Amin a \u00e9t\u00e9 arr\u00eat\u00e9 deux fois. Sa premi\u00e8re incarc\u00e9ration \u00e0 Allodapon fut un enfer : confiscation totale, isolement, absence de contact familial, et cohabitation sans langue commune. Sa deuxi\u00e8me d\u00e9tention \u00e0 Amygdaleza dura trois mois dans des conditions insupportables : sans eau, sans climatisation, nourriture de pi\u00e8tre qualit\u00e9, impossibilit\u00e9 de cuisiner. Puis il fut transf\u00e9r\u00e9 \u00e0 Serres, puis \u00e0 Drama\/Paranesti, camp militaire ferm\u00e9, sans t\u00e9l\u00e9phone ni intimit\u00e9. Il d\u00e9crit la violence psychologique, la solitude et la peur quotidienne de nouvelles arrestations.<\/p>\n<p data-start=\"14045\" data-end=\"14421\">Il met en avant l\u2019importance du soutien ext\u00e9rieur : aide juridique, soutien psychologique, suivi apr\u00e8s lib\u00e9ration \u2013 pour lui, l\u2019exil est un \u00e9tat permanent : \u00ab\u202fune jambe dans la libert\u00e9, une jambe en prison\u202f\u00bb. Apr\u00e8s la lib\u00e9ration, les ex-d\u00e9tenu\u00b7e\u00b7s doivent quitter le pays ou faire appel \u2013 une proc\u00e9dure longue, fragile, et soumise aux d\u00e9rives racistes ou fascistes polici\u00e8res.<\/p>\n<p data-start=\"14423\" data-end=\"14553\">Amin refuse l\u2019image de victime, il revendique le choix de sa lutte et appelle \u00e0 la solidarit\u00e9 organis\u00e9e avec les prisonnier\u00b7\u00e8re\u00b7s.<\/p>\n<hr data-start=\"14555\" data-end=\"14558\" \/>\n<p data-start=\"14560\" data-end=\"14722\" data-is-last-node=\"\" data-is-only-node=\"\"><strong data-start=\"14560\" data-end=\"14722\" data-is-last-node=\"\">Abolissons tous les centres de d\u00e9tention !<br data-start=\"14604\" data-end=\"14607\" \/>Br\u00fblons les prisons !<br data-start=\"14628\" data-end=\"14631\" \/>Libert\u00e9 pour la Palestine \u2013 Stop au g\u00e9nocide, fin de l\u2019occupation !<br data-start=\"14698\" data-end=\"14701\" \/>Lib\u00e9rons tou\u00b7te\u00b7s !<\/strong><\/p>\n<p data-start=\"14560\" data-end=\"14722\" data-is-last-node=\"\" data-is-only-node=\"\"><img decoding=\"async\" class=\"aligncenter\" src=\"https:\/\/againstdetentioncentersathens.noblogs.org\/files\/2025\/07\/photo6.jpg\" \/><\/p>\n<p data-start=\"14560\" data-end=\"14722\" data-is-last-node=\"\" data-is-only-node=\"\">Traduction :\u00a0 Bruxelles Panth\u00e8res<\/p>\n<p data-start=\"14560\" data-end=\"14722\" data-is-last-node=\"\" data-is-only-node=\"\"><a href=\"https:\/\/againstdetentioncentersathens.noblogs.org\/post\/2025\/07\/15\/administrative-detention\/\">Source\u00a0 : against detention center sathens<\/a><\/p>\n<p data-start=\"69\" data-end=\"351\"><strong data-start=\"69\" data-end=\"172\">\u00c9mission radio : D\u00e9tention administrative \u2013 Syst\u00e8mes carc\u00e9raux d\u2019apartheid en Palestine et en Gr\u00e8ce<\/strong><br data-start=\"172\" data-end=\"175\" \/>Cette \u00e9mission est l\u2019enregistrement d\u2019un \u00e9v\u00e9nement organis\u00e9 par l\u2019Assembl\u00e9e contre les centres de d\u00e9tention, en collaboration avec d\u2019autres camarades, le 6 mars 2025 \u00e0 Ath\u00e8nes.<\/p>\n<blockquote class=\"wp-embedded-content\" data-secret=\"NT9DNWvhrb\"><p><a href=\"https:\/\/againstdetentioncentersathens.noblogs.org\/post\/2025\/07\/15\/radio-program-administrative-detention-apartheid-prison-systems-in-palestine-and-greece\/\">Radio Program: Administrative Detention: Apartheid Prison Systems in Palestine and Greece<\/a><\/p><\/blockquote>\n<p><iframe class=\"wp-embedded-content\" sandbox=\"allow-scripts\" security=\"restricted\" style=\"position: absolute; visibility: hidden;\" title=\"&#8220;Radio Program: Administrative Detention: Apartheid Prison Systems in Palestine and Greece&#8221; &#8212; Assembly Against Detention Centers Athens\" src=\"https:\/\/againstdetentioncentersathens.noblogs.org\/post\/2025\/07\/15\/radio-program-administrative-detention-apartheid-prison-systems-in-palestine-and-greece\/embed\/#?secret=BwAyaukiN4#?secret=NT9DNWvhrb\" data-secret=\"NT9DNWvhrb\" width=\"600\" height=\"338\" frameborder=\"0\" marginwidth=\"0\" marginheight=\"0\" scrolling=\"no\"><\/iframe><\/p>\n<hr data-start=\"353\" data-end=\"356\" \/>\n<p data-start=\"358\" data-end=\"850\"><strong data-start=\"358\" data-end=\"423\">6\u201917 : Intervention d\u2019un ex-d\u00e9tenu en Gr\u00e8ce \u2013 Discours d\u2019Amin<\/strong><br data-start=\"423\" data-end=\"426\" \/>Amin, ancien d\u00e9tenu dans plusieurs centres de d\u00e9tention administrative en Gr\u00e8ce, t\u00e9moigne de son exp\u00e9rience carc\u00e9rale, des conditions inhumaines de d\u00e9tention, de la violence psychologique subie, et de la solidarit\u00e9 entre d\u00e9tenu\u00b7e\u00b7s. Il aborde aussi l\u2019\u00e9tat de vuln\u00e9rabilit\u00e9 permanente dans lequel les ex-d\u00e9tenu\u00b7e\u00b7s vivent apr\u00e8s leur lib\u00e9ration, et l\u2019importance du soutien juridique, moral et mat\u00e9riel pour continuer la lutte.<\/p>\n<hr data-start=\"852\" data-end=\"855\" \/>\n<p data-start=\"857\" data-end=\"1413\"><strong data-start=\"857\" data-end=\"989\">21\u201900 : Le cadre juridique de la d\u00e9tention administrative en Gr\u00e8ce \u2013 Discours de Maria, avocate et camarade travaillant en Gr\u00e8ce<\/strong><br data-start=\"989\" data-end=\"992\" \/>Maria explique les m\u00e9canismes juridiques qui permettent \u00e0 l\u2019\u00c9tat grec d\u2019enfermer arbitrairement les migrant\u00b7e\u00b7s sans proc\u00e8s, souvent pour de longues dur\u00e9es. Elle d\u00e9taille les obstacles l\u00e9gaux, l\u2019absence d\u2019assistance juridique effective, l\u2019opacit\u00e9 des proc\u00e9dures, les conditions de d\u00e9tention d\u00e9gradantes et les possibilit\u00e9s de recours, tout en appelant \u00e0 une solidarit\u00e9 active contre cette politique raciste d\u2019enfermement.<\/p>\n<hr data-start=\"1415\" data-end=\"1418\" \/>\n<p data-start=\"1420\" data-end=\"2075\"><strong data-start=\"1420\" data-end=\"1567\">29\u201950 : Le cadre juridique de la d\u00e9tention administrative en Palestine \u2013 Discours d\u2019un\u00b7e avocat\u00b7e palestinien\u00b7ne sp\u00e9cialis\u00e9\u00b7e en droits humains<\/strong><br data-start=\"1567\" data-end=\"1570\" \/>L\u2019intervention pr\u00e9sente le syst\u00e8me isra\u00e9lien de d\u00e9tention administrative, h\u00e9rit\u00e9 du droit colonial britannique et utilis\u00e9 massivement contre les Palestinien\u00b7ne\u00b7s depuis 1967. L\u2019avocat\u00b7e explique comment cette pratique permet l\u2019enfermement sans inculpation ni proc\u00e8s, renouvelable ind\u00e9finiment, et comment elle s\u2019int\u00e8gre dans un syst\u00e8me d\u2019apartheid juridique. Il ou elle \u00e9voque aussi les strat\u00e9gies de r\u00e9sistance, notamment les gr\u00e8ves de la faim, et les conditions de d\u00e9tention syst\u00e9matiquement inhumaines.<\/p>\n<hr data-start=\"2077\" data-end=\"2080\" \/>\n<p data-start=\"2082\" data-end=\"2719\"><strong data-start=\"2082\" data-end=\"2159\">50\u201958 : Militante et ex-d\u00e9tenue en Palestine occup\u00e9e \u2013 Discours de Hadeel<\/strong><br data-start=\"2159\" data-end=\"2162\" \/>Hadeel partage son exp\u00e9rience en tant qu\u2019ex-d\u00e9tenue administrative dans les prisons isra\u00e9liennes. Elle d\u00e9crit l\u2019arrestation arbitraire, l\u2019isolement, les tortures physiques et psychologiques, la privation de soins et la violence syst\u00e9matique. Elle rend hommage \u00e0 la r\u00e9sistance des prisonnier\u00b7\u00e8re\u00b7s palestinien\u00b7ne\u00b7s et appelle \u00e0 la solidarit\u00e9 internationale. Elle relie sa lutte \u00e0 celles des exil\u00e9\u00b7e\u00b7s, migrant\u00b7e\u00b7s et d\u00e9tenu\u00b7e\u00b7s ailleurs dans le monde, notamment en Europe, insistant sur la n\u00e9cessit\u00e9 d\u2019un front commun contre le colonialisme et l\u2019enfermement.<\/p>\n<hr data-start=\"2721\" data-end=\"2724\" \/>\n<p data-start=\"2726\" data-end=\"2926\" data-is-last-node=\"\" data-is-only-node=\"\"><strong data-start=\"2726\" data-end=\"2746\">Fin du programme<\/strong><br data-start=\"2746\" data-end=\"2749\" \/><em data-start=\"2749\" data-end=\"2926\" data-is-last-node=\"\">\u00ab Libert\u00e9 pour tou\u00b7te\u00b7s les prisonnier\u00b7\u00e8re\u00b7s !<br data-start=\"2796\" data-end=\"2799\" \/>Brisons les murs de toutes les prisons, d\u2019ici et de l\u00e0-bas.<br data-start=\"2858\" data-end=\"2861\" \/>\u00c0 bas les syst\u00e8mes d\u2019apartheid, en Palestine comme en Europe ! \u00bb<\/em><\/p>\n<p data-start=\"2726\" data-end=\"2926\" data-is-last-node=\"\" data-is-only-node=\"\">\n<p align=\"center\"><span style=\"font-family: Times New Roman, Times, serif;\"><big><i>Communiqu\u00e9<\/i><\/big><\/span><\/p>\n<div align=\"center\"><\/div>\n<h3 align=\"center\"><span style=\"font-family: Times New Roman, Times, serif;\"><big><\/big><big>La CNDA reconna\u00eet la qualit\u00e9 de r\u00e9fugi\u00e9\u00b7es aux Palestinien\u00b7nes de Gaza pers\u00e9cut\u00e9\u00b7es en raison de leur nationalit\u00e9<\/big><\/span><\/h3>\n<div align=\"center\"><\/div>\n<div>\n<p><span style=\"font-family: Times New Roman, Times, serif;\">Le Gisti qui, \u00e0 l\u2019instar de la LdH, de la Cimade et de Elena, s\u2019\u00e9tait port\u00e9 intervenant volontaire aux c\u00f4t\u00e9s de la requ\u00e9rante, salue cette avanc\u00e9e majeure pour la protection des Gazaoui\u00b7es qui r\u00e9ussissent \u00e0 fuir les massacres en cours.<\/span><\/p>\n<p><span style=\"font-family: Times New Roman, Times, serif;\">Nous reproduisons ci-dessous le communiqu\u00e9 diffus\u00e9 par les organisations qui \u00e9taient \u00e0 l\u2019initiative de ce contentieux.<\/span><\/p>\n<div><span style=\"font-family: Times New Roman, Times, serif;\"><strong>La Cour nationale du droit d\u2019asile (CNDA) reconna\u00eet le statut de r\u00e9fugi\u00e9 \u00e0 une palestinienne.<br \/>\nCette d\u00e9cision affirme que les Palestinien\u00b7nes sont pers\u00e9cut\u00e9\u00b7es en raison de leur nationalit\u00e9.<\/strong><\/span><\/div>\n<p><span style=\"font-family: Times New Roman, Times, serif;\">Une Palestinienne de Gaza obtient le statut de r\u00e9fugi\u00e9\u00a0: une d\u00e9cision historique pour le droit des Palestinien\u00b7nes. Rendue en Grande Formation, cette d\u00e9cision de principe affirme que les Palestinien\u00b7nes de Gaza sont directement et personnellement pers\u00e9cut\u00e9\u00b7es par les forces d\u2019occupation isra\u00e9liennes en raison de leur nationalit\u00e9.<\/span><\/p>\n<p><span style=\"font-family: Times New Roman, Times, serif;\">Madame H., rescap\u00e9e des bombardements, avait saisi la CNDA avec le soutien de l\u2019association La Palestine Nous Rassemble et du Collectif des Avocat\u00b7es France Palestine. La Cour \u00e9tait r\u00e9unie le 20 juin pour trancher une question essentielle\u00a0: les violences en cours \u00e0 Gaza rel\u00e8vent-elles d\u2019un motif conventionnel de pers\u00e9cution, tel que d\u00e9fini par la Convention de Gen\u00e8ve de 1951\u00a0? La r\u00e9ponse est oui.<\/span><\/p>\n<p><span style=\"font-family: Times New Roman, Times, serif;\">La d\u00e9cision de la CNDA du 11 juillet 2025 affirme que\u00a0: \u00ab\u00a0Il ressort des informations publiques fiables disponibles que les Palestiniens de Gaza subissent des m\u00e9thodes de guerre employ\u00e9es par les forces arm\u00e9es isra\u00e9liennes qui conduisent \u00e0 un nombre important de victimes et de bless\u00e9s civils dont une majorit\u00e9 de femmes et d\u2019enfants, une destruction \u00e0 grande \u00e9chelle d\u2019infrastructures essentielles \u00e0 la population civile, comme des points d\u2019approvisionnement et de distribution d\u2019eau et d\u2019\u00e9lectricit\u00e9, d\u2019h\u00f4pitaux ou des \u00e9coles et des d\u00e9placements forc\u00e9s de population. De m\u00eame, les entraves et blocages \u00e0 l\u2019acheminement de l\u2019aide humanitaire cr\u00e9ent un niveau de crise d\u2019ins\u00e9curit\u00e9 alimentaire pour l\u2019ensemble de cette population et une situation de famine pour 22\u00a0% d\u2019entre elle. Ces m\u00e9thodes de guerre, qui ont pour effet d\u2019affecter directement et indistinctement l\u2019ensemble de la population civile de Gaza depuis la rupture de l\u2019accord de cessez-le-feu du 19 janvier 2025, sont suffisamment graves du fait de leur nature et de leur caract\u00e8re r\u00e9p\u00e9t\u00e9 pour constituer une violation grave des droits fondamentaux de l\u2019homme auxquels aucune d\u00e9rogation n\u2019est possible [&#8230; ] et doivent \u00eatre regard\u00e9s [&#8230;] comme des actes de pers\u00e9cution.\u201d<\/span><\/p>\n<p><span style=\"font-family: Times New Roman, Times, serif;\">\u201cLes requ\u00e9rants, apatrides palestiniens de Gaza, poss\u00e8dent les caract\u00e9ristiques li\u00e9es \u00e0 une \u00ab\u00a0nationalit\u00e9\u00a0\u00bb [&#8230;], \u00ab\u00a0l\u2019appartenance \u00e0 un groupe soud\u00e9 par son identit\u00e9 culturelle, ethnique ou linguistique, ses origines g\u00e9ographiques ou politiques communes, ou sa relation avec la population d\u2019un autre \u00c9tat\u00a0\u00bb\u201d.<\/span><\/p>\n<p><span style=\"font-family: Times New Roman, Times, serif;\">\u201cIl r\u00e9sulte de tout ce qui pr\u00e9c\u00e8de qu\u2019en cas de retour dans la bande de Gaza o\u00f9 ils avaient leur r\u00e9sidence habituelle, la requ\u00e9rante et son fils mineur peuvent craindre avec raison d\u2019\u00eatre personnellement pers\u00e9cut\u00e9s, du fait de cette \u00ab\u00a0nationalit\u00e9\u00a0\u00bb, par les forces arm\u00e9es isra\u00e9liennes qui contr\u00f4lent une partie substantielle de ce territoire. Ils sont d\u00e8s lors fond\u00e9s \u00e0 se pr\u00e9valoir de la qualit\u00e9 de r\u00e9fugi\u00e9s.\u00a0\u00bb<\/span><\/p>\n<p><span style=\"font-family: Times New Roman, Times, serif;\">La CNDA avait d\u00e9j\u00e0 jug\u00e9 que le conflit arm\u00e9 en cours \u00e0 Gaza constituait un contexte de pers\u00e9cutions syst\u00e9matiques, visant indistinctement les civils palestiniens, en raison de la situation de violences aveugles d\u2019intensit\u00e9 exceptionnelle.<\/span><\/p>\n<p><span style=\"font-family: Times New Roman, Times, serif;\">Dans cette nouvelle d\u00e9cision rendue en grande formation la Cour va plus loin et consid\u00e8re que par les m\u00e9thodes de guerre utilis\u00e9es, les Palestinien\u00b7nes sont cibl\u00e9\u00b7es en raison de leur appartenance nationale. En qualifiant ainsi les frappes isra\u00e9liennes d\u2019actes de pers\u00e9cution contre la nation Palestinienne, la juridiction reconna\u00eet que l\u2019arm\u00e9e isra\u00e9lienne ne se d\u00e9fend pas\u00a0: elle cible, d\u00e9truit, et tue le peuple palestinien.<\/span><\/p>\n<p><span style=\"font-family: Times New Roman, Times, serif;\">Cette d\u00e9cision s\u2019appuie notamment sur les ordonnances rendues par la Cour internationale de justice (CIJ), la convention pour la pr\u00e9vention et la r\u00e9pression du crime de g\u00e9nocide, des rapports de la rapporteuse sp\u00e9ciale sur les territoires palestiniens occup\u00e9s et d\u2019autres expert\u00b7es de l\u2019ONU, .<\/span><\/p>\n<p><span style=\"font-family: Times New Roman, Times, serif;\">Comme le rappellent Ma\u00eetres Lino et Haigar, avocates des associations requ\u00e9rantes\u00a0: \u00ab\u00a0La Cour n\u2019est pas comp\u00e9tente pour qualifier un g\u00e9nocide, mais elle utilise les m\u00eames sources que la CIJ pour conclure que tous les Palestinien\u00b7nes de Gaza sont pers\u00e9cut\u00e9s en raison de leur appartenance nationale.\u00a0\u00bb<\/span><\/p>\n<p><span style=\"font-family: Times New Roman, Times, serif;\"><strong>Une avanc\u00e9e juridique majeure pour les Palestinien\u00b7nes<\/strong><\/span><\/p>\n<p><span style=\"font-family: Times New Roman, Times, serif;\">Cette d\u00e9cision juridique constitue un pr\u00e9c\u00e9dent majeur, ouvrant la voie \u00e0 une reconnaissance de la qualit\u00e9 de r\u00e9fugi\u00e9 en France pour tous les Gazaouis fuyant les pers\u00e9cutions par les forces d\u2019occupation isra\u00e9liennes.<\/span><\/p>\n<p><span style=\"font-family: Times New Roman, Times, serif;\">Elle marque une \u00e9tape d\u00e9cisive. La France et les \u00c9tats membres des Nations Unies doivent d\u00e9sormais s\u2019unir pour pr\u00e9venir le crime de g\u00e9nocide en cours, prot\u00e9ger la nation palestinienne et mettre fin \u00e0 l\u2019impunit\u00e9 des autorit\u00e9s isra\u00e9liennes.<\/span><\/p>\n<p><span style=\"font-family: Times New Roman, Times, serif;\"><strong>Signataires\u00a0<\/strong>\u00a0:<\/span><\/p>\n<ul role=\"list\">\n<li><span style=\"font-family: Times New Roman, Times, serif;\">Amnesty International<\/span><\/li>\n<li><span style=\"font-family: Times New Roman, Times, serif;\">CNASaR<\/span><\/li>\n<li><span style=\"font-family: Times New Roman, Times, serif;\">Collectif des avocat\u00b7es France Palestine<\/span><\/li>\n<\/ul>\n<p><span style=\"font-family: Times New Roman, Times, serif;\">&gt;&gt;<strong><i>Voir la\u00a0<a href=\"https:\/\/www.gisti.org\/spip.php?article7399\" target=\"_blank\" rel=\"noopener noreferrer\" data-saferedirecturl=\"https:\/\/www.google.com\/url?q=https:\/\/www.gisti.org\/spip.php?article7399&amp;source=gmail&amp;ust=1752684571554000&amp;usg=AOvVaw3fbziGeaUZusQJEPj9Ca-O\">d\u00e9cision de la CNDA et l\u2019ensemble du dossier contentieux<\/a><\/i><\/strong><\/span><\/p>\n<\/div>\n","protected":false},"excerpt":{"rendered":"<p>D\u00e9tention administrative : Syst\u00e8mes carc\u00e9raux d\u2019apartheid en Palestine et en Gr\u00e8ceCette brochure r\u00e9sume un \u00e9v\u00e9nement organis\u00e9 en f\u00e9vrier 2025 : \u00ab\u202fD\u00e9tention administrative : Syst\u00e8mes carc\u00e9raux d\u2019apartheid en Palestine et en Gr\u00e8ce\u202f\u00bb, par l\u2019Assembl\u00e9e contre les centres de d\u00e9tention, le 6 mars 2025 \u00e0 Ath\u00e8nes.\u03a4\u03b1 \u03b5\u03bb\u03bb\u03b7\u03bd\u03b9\u03ba\u03ac \u03b2\u03c1\u03af\u03c3\u03ba\u03bf\u03bd\u03c4\u03b1\u03b9 \u03ba\u03ac\u03c4\u03c9 \u03b1\u03c0\u03cc \u03c4\u03b1 \u03b1\u03b3\u03b3\u03bb\u03b9\u03ba\u03ac<\/p>\n","protected":false},"author":1,"featured_media":5794,"comment_status":"open","ping_status":"open","sticky":false,"template":"","format":"standard","meta":{"footnotes":""},"categories":[21,36,6,8],"tags":[239,141,186,241],"class_list":["post-6412","post","type-post","status-publish","format-standard","has-post-thumbnail","hentry","category-anti-imperialisme","category-europe","category-palestine-moyen-orient","category-prisons","tag-centres-fermes","tag-grece","tag-palestine","tag-sans-papiers"],"_links":{"self":[{"href":"https:\/\/bruxelles-pantheres.be\/index.php?rest_route=\/wp\/v2\/posts\/6412","targetHints":{"allow":["GET"]}}],"collection":[{"href":"https:\/\/bruxelles-pantheres.be\/index.php?rest_route=\/wp\/v2\/posts"}],"about":[{"href":"https:\/\/bruxelles-pantheres.be\/index.php?rest_route=\/wp\/v2\/types\/post"}],"author":[{"embeddable":true,"href":"https:\/\/bruxelles-pantheres.be\/index.php?rest_route=\/wp\/v2\/users\/1"}],"replies":[{"embeddable":true,"href":"https:\/\/bruxelles-pantheres.be\/index.php?rest_route=%2Fwp%2Fv2%2Fcomments&post=6412"}],"version-history":[{"count":4,"href":"https:\/\/bruxelles-pantheres.be\/index.php?rest_route=\/wp\/v2\/posts\/6412\/revisions"}],"predecessor-version":[{"id":6418,"href":"https:\/\/bruxelles-pantheres.be\/index.php?rest_route=\/wp\/v2\/posts\/6412\/revisions\/6418"}],"wp:featuredmedia":[{"embeddable":true,"href":"https:\/\/bruxelles-pantheres.be\/index.php?rest_route=\/wp\/v2\/media\/5794"}],"wp:attachment":[{"href":"https:\/\/bruxelles-pantheres.be\/index.php?rest_route=%2Fwp%2Fv2%2Fmedia&parent=6412"}],"wp:term":[{"taxonomy":"category","embeddable":true,"href":"https:\/\/bruxelles-pantheres.be\/index.php?rest_route=%2Fwp%2Fv2%2Fcategories&post=6412"},{"taxonomy":"post_tag","embeddable":true,"href":"https:\/\/bruxelles-pantheres.be\/index.php?rest_route=%2Fwp%2Fv2%2Ftags&post=6412"}],"curies":[{"name":"wp","href":"https:\/\/api.w.org\/{rel}","templated":true}]}}