{"id":6414,"date":"2025-07-16T17:49:59","date_gmt":"2025-07-16T16:49:59","guid":{"rendered":"https:\/\/bruxelles-pantheres.be\/?p=6414"},"modified":"2025-07-16T17:49:59","modified_gmt":"2025-07-16T16:49:59","slug":"solidarite-avec-les-proches-de-mehdi-bouda","status":"publish","type":"post","link":"https:\/\/bruxelles-pantheres.be\/?p=6414","title":{"rendered":"Solidarit\u00e9 avec les proches de Mehdi Bouda !"},"content":{"rendered":"<p><a class=\"spip_out\" href=\"https:\/\/www.rtbf.be\/article\/mort-de-mehdi-bouda-en-2019-les-policiers-ne-seront-pas-renvoyes-devant-le-tribunal-11566538\" rel=\"external\">Le 24 juin pass\u00e9<\/a>, la chambre des mises en accusation de la cour d\u2019appel de Bruxelles confirmait le non-lieu pour les policiers impliqu\u00e9s dans la mort du jeune Mehdi Bouda en ao\u00fbt 2019.<\/p>\n<p><!--more--><\/p>\n<div class=\"image is-fullwidth block\"><a class=\"lity-enabled hasbox\" href=\"https:\/\/www.ieb.be\/IMG\/jpg\/mehdi.jpg\"><img decoding=\"async\" src=\"https:\/\/www.ieb.be\/IMG\/jpg\/mehdi.jpg\" \/><\/a><\/p>\n<div class=\"hero-foot has-text-right has-text-grey is-size-8\">\u00a9 Ligue des droits humains &#8211; 2025<\/div>\n<\/div>\n<div class=\"block content\">\n<p>La Ligue des droits humains, qui s\u2019\u00e9tait constitu\u00e9e partie civile pour soutenir la famille et pour d\u00e9noncer les probl\u00e9matiques syst\u00e9miques en mati\u00e8re de courses poursuites, regrette cette d\u00e9cision qui ram\u00e8ne la mort tragique d\u2019un jeune bruxellois \u00e0 un \u201cmalheureux accident de la circulation\u201d. Elle consid\u00e8re qu\u2019en proc\u00e9dant \u00e0 cette analyse, la chambre occulte la dimension syst\u00e9mique du\u00a0<a class=\"spip_out\" href=\"https:\/\/www.liguedh.be\/courses-poursuites-par-les-forces-de-police-un-debat-sur-leur-legitimite-simpose\/\" rel=\"external\">d\u00e9faut d\u2019encadrement des courses poursuites<\/a>\u00a0et des interventions prioritaires de la police. Ceci alors que de nombreuses autres affaires, dont certaines tr\u00e8s r\u00e9centes, ont d\u00e9montr\u00e9 l\u2019imp\u00e9rieuse n\u00e9cessit\u00e9 de revoir cet encadrement. La Ligue \u00e9tudie d\u00e9sormais l\u2019opportunit\u00e9 d\u2019un pourvoi en cassation.<\/p>\n<p>Quant \u00e0 la famille de Mehdi, c\u2019est le choc, la col\u00e8re, un sentiment d\u2019injustice et l\u2019incompr\u00e9hension\u2026 certainement accentu\u00e9s par le fait que les parties civiles ont \u00e9t\u00e9 condamn\u00e9es \u00e0 verser une indemnit\u00e9 de 18.000\u20ac\u2026 aux policiers. Dans un communiqu\u00e9 paru le jour m\u00eame, les proches de Mehdi d\u00e9noncent \u00ab\u00a0une d\u00e9cision qui non seulement nie la gravit\u00e9 des faits, mais consacre l\u2019impunit\u00e9 polici\u00e8re\u00a0\u00bb, et ajoutent que \u00ab\u00a0ce contexte d\u2019impunit\u00e9 est alarmant, au vu des cons\u00e9quences\u00a0: trop de personnes ont perdu la vie ces derni\u00e8res ann\u00e9es lors d\u2019interventions polici\u00e8res semblables, sans compter les nombreux bless\u00e9s.\u00a0\u00bb<\/p>\n<p>En r\u00e9action \u00e0 cette condamnation, une cagnotte a \u00e9t\u00e9 mise en place afin que chacun\u00b7e puisse apporter un soutien financier aux proches et \u00e0 la famille de Mehdi, notamment pour couvrir ces 18 000 euros, ainsi que les autres frais li\u00e9s aux diff\u00e9rentes d\u00e9marches juridiques.<br class=\"autobr\" \/>\u2028La cagnotte est un fond sp\u00e9cifique de la\u00a0<a class=\"spip_out\" href=\"https:\/\/www.fondationmariusjacob.org\/\" rel=\"external\">fondation Marius Jacob<\/a>\u00a0qui a le num\u00e9ro de compte suivant\u00a0: BE65 5230 8110 3896. Il est n\u00e9cessaire d\u2019inscrire \u00ab\u00a0JUSTICE POUR MEHDI\u00a0\u00bb en communication.<\/p>\n<p>Le combat contre l\u2019impunit\u00e9 polici\u00e8re et pour l\u2019encadrement des courses poursuites nous concerne tous\u00b7tes, surtout \u00e0 Bruxelles.<\/p>\n<\/div>\n","protected":false},"excerpt":{"rendered":"<p>Le 24 juin pass\u00e9, la chambre des mises en accusation de la cour d\u2019appel de Bruxelles confirmait le non-lieu pour les policiers impliqu\u00e9s dans la mort du jeune Mehdi Bouda en ao\u00fbt 2019.<\/p>\n","protected":false},"author":1,"featured_media":1059,"comment_status":"open","ping_status":"open","sticky":false,"template":"","format":"standard","meta":{"footnotes":""},"categories":[539,28,5],"tags":[612],"class_list":["post-6414","post","type-post","status-publish","format-standard","has-post-thumbnail","hentry","category-belgique","category-racismes","category-violence-policiere","tag-mehdi-bouda"],"_links":{"self":[{"href":"https:\/\/bruxelles-pantheres.be\/index.php?rest_route=\/wp\/v2\/posts\/6414","targetHints":{"allow":["GET"]}}],"collection":[{"href":"https:\/\/bruxelles-pantheres.be\/index.php?rest_route=\/wp\/v2\/posts"}],"about":[{"href":"https:\/\/bruxelles-pantheres.be\/index.php?rest_route=\/wp\/v2\/types\/post"}],"author":[{"embeddable":true,"href":"https:\/\/bruxelles-pantheres.be\/index.php?rest_route=\/wp\/v2\/users\/1"}],"replies":[{"embeddable":true,"href":"https:\/\/bruxelles-pantheres.be\/index.php?rest_route=%2Fwp%2Fv2%2Fcomments&post=6414"}],"version-history":[{"count":1,"href":"https:\/\/bruxelles-pantheres.be\/index.php?rest_route=\/wp\/v2\/posts\/6414\/revisions"}],"predecessor-version":[{"id":6415,"href":"https:\/\/bruxelles-pantheres.be\/index.php?rest_route=\/wp\/v2\/posts\/6414\/revisions\/6415"}],"wp:featuredmedia":[{"embeddable":true,"href":"https:\/\/bruxelles-pantheres.be\/index.php?rest_route=\/wp\/v2\/media\/1059"}],"wp:attachment":[{"href":"https:\/\/bruxelles-pantheres.be\/index.php?rest_route=%2Fwp%2Fv2%2Fmedia&parent=6414"}],"wp:term":[{"taxonomy":"category","embeddable":true,"href":"https:\/\/bruxelles-pantheres.be\/index.php?rest_route=%2Fwp%2Fv2%2Fcategories&post=6414"},{"taxonomy":"post_tag","embeddable":true,"href":"https:\/\/bruxelles-pantheres.be\/index.php?rest_route=%2Fwp%2Fv2%2Ftags&post=6414"}],"curies":[{"name":"wp","href":"https:\/\/api.w.org\/{rel}","templated":true}]}}