{"id":6429,"date":"2025-08-03T10:26:39","date_gmt":"2025-08-03T09:26:39","guid":{"rendered":"https:\/\/bruxelles-pantheres.be\/?p=6429"},"modified":"2025-08-03T10:27:44","modified_gmt":"2025-08-03T09:27:44","slug":"26-ans-apres-la-tragedie-de-yaguine-et-fode","status":"publish","type":"post","link":"https:\/\/bruxelles-pantheres.be\/?p=6429","title":{"rendered":"26 ans apr\u00e8s la trag\u00e9die de Yaguine et Fod\u00e9"},"content":{"rendered":"<p>Il y a exactement 26 ans jour pour jour, le 2 ao\u00fbt 1999, les corps sans vie de deux adolescents guin\u00e9ens \u00e9taient d\u00e9couverts dans le train d\u2019atterrissage d\u2019un avion Sabena \u00e0 l\u2019a\u00e9roport de Bruxelles. Yaguine Koita, 15 ans, et Fod\u00e9 Tounkara, 14 ans, avaient trouv\u00e9 la mort par hypothermie apr\u00e8s s\u2019\u00eatre cach\u00e9s clandestinement dans le compartiment de l\u2019appareil \u00e0 l\u2019a\u00e9roport de Conakry, port\u00e9s par un r\u00eave fou : \u00e9tudier en Europe pour \u00e9chapper \u00e0 la mis\u00e8re et revenir aider leurs compatriotes.<\/p>\n<p><!--more--><\/p>\n<div class=\"td-post-header\">\n<header class=\"td-post-title\">\n<h4 class=\"entry-title\">26 ans apr\u00e8s la trag\u00e9die de Yaguine et Fod\u00e9 : l\u2019\u00e9chec persistant face \u00e0 l\u2019immigration clandestine<\/h4>\n<\/header>\n<\/div>\n<div class=\"td-post-content tagdiv-type\">\n<div class=\"td-post-featured-image\"><a class=\"td-modal-image\" href=\"https:\/\/leverificateur.net\/wp-content\/uploads\/2025\/08\/arton64338-03456.jpg\" data-caption=\"\"><img decoding=\"async\" class=\"entry-thumb td-animation-stack-type0-2 aligncenter\" title=\"arton64338-03456\" src=\"https:\/\/leverificateur.net\/wp-content\/uploads\/2025\/08\/arton64338-03456.jpg\" sizes=\"(max-width: 480px) 100vw, 480px\" srcset=\"https:\/\/leverificateur.net\/wp-content\/uploads\/2025\/08\/arton64338-03456.jpg 480w, https:\/\/leverificateur.net\/wp-content\/uploads\/2025\/08\/arton64338-03456-300x300.jpg 300w, https:\/\/leverificateur.net\/wp-content\/uploads\/2025\/08\/arton64338-03456-150x150.jpg 150w, https:\/\/leverificateur.net\/wp-content\/uploads\/2025\/08\/arton64338-03456-420x420.jpg 420w\" alt=\"\" width=\"480\" height=\"480\" \/><\/a><\/div>\n<p><img decoding=\"async\" class=\"size-medium wp-image-6634 td-animation-stack-type0-2 aligncenter\" src=\"https:\/\/leverificateur.net\/wp-content\/uploads\/2025\/08\/esperanzas03-1024x576-1-300x169.jpg\" sizes=\"(max-width: 300px) 100vw, 300px\" srcset=\"https:\/\/leverificateur.net\/wp-content\/uploads\/2025\/08\/esperanzas03-1024x576-1-300x169.jpg 300w, https:\/\/leverificateur.net\/wp-content\/uploads\/2025\/08\/esperanzas03-1024x576-1-768x432.jpg 768w, https:\/\/leverificateur.net\/wp-content\/uploads\/2025\/08\/esperanzas03-1024x576-1-747x420.jpg 747w, https:\/\/leverificateur.net\/wp-content\/uploads\/2025\/08\/esperanzas03-1024x576-1-150x84.jpg 150w, https:\/\/leverificateur.net\/wp-content\/uploads\/2025\/08\/esperanzas03-1024x576-1-696x392.jpg 696w, https:\/\/leverificateur.net\/wp-content\/uploads\/2025\/08\/esperanzas03-1024x576-1.jpg 1024w\" alt=\"\" width=\"300\" height=\"169\" \/><\/p>\n<p>Vingt-six ans plus tard, force est de constater avec amertume et indignation que rien n\u2019a chang\u00e9. Pire encore, l\u2019ampleur de l\u2019immigration clandestine en Afrique de l\u2019ouest, et particuli\u00e8rement en Guin\u00e9e o\u00f9 ce drame a eu lieu, a atteint des proportions dramatiques. Selon les derniers rapports, la Guin\u00e9e occupe d\u00e9sormais le premier rang des immigrants en France, t\u00e9moignant d\u2019un \u00e9chec retentissant des politiques publiques tant africaines qu\u2019occidentales.<\/p>\n<p>Dans leurs derniers instants, Yaguine et Fod\u00e9 avaient emport\u00e9 avec eux une lettre bouleversante adress\u00e9e aux dirigeants europ\u00e9ens. Un cri du c\u0153ur r\u00e9dig\u00e9 dans un fran\u00e7ais scolaire qui r\u00e9sonne encore aujourd\u2019hui avec une actualit\u00e9 gla\u00e7ante :<\/p>\n<p>\u00ab\u00a0<em><strong>Aidez-nous ! Ici en Afrique nous souffrons \u00e9norm\u00e9ment. Aidez-nous. Nous avons beaucoup de probl\u00e8mes et un manque de droits de l\u2019enfant. Parmi les probl\u00e8mes que nous avons : la guerre, la maladie, la nutrition,\u00a0<\/strong><\/em>\u00a0\u00bb lis-t-on.<\/p>\n<p>Ces deux enfants d\u00e9crivaient d\u00e9j\u00e0 les maux qui continuent de ronger l\u2019Afrique de l\u2019ouest : le manque criant d\u2019infrastructures \u00e9ducatives de qualit\u00e9, la pauvret\u00e9 end\u00e9mique, l\u2019absence d\u2019opportunit\u00e9s pour la jeunesse.<\/p>\n<p>Dans la classe de Fod\u00e9, 107 \u00e9l\u00e8ves s\u2019entassaient dans une salle comme des troupeaux. Un t\u00e9moignage accablant sur l\u2019\u00e9tat de l\u2019\u00e9ducation publique qui perdure aujourd\u2019hui.<\/p>\n<p>\u00ab\u00a0<strong><em>En ce qui concerne les droits de l\u2019enfant, en Afrique, et en Guin\u00e9e en particulier, nous avons des \u00e9coles mais il y a un manque s\u00e9rieux d\u2019\u00e9ducation et d\u2019enseignement, sauf les \u00e9coles priv\u00e9es o\u00f9 on peut avoir une bonne \u00e9ducation et un bon enseignement. Mais il faut<\/em>\u00a0<em>beaucoup d\u2019argent et nos parents sont pauvres<\/em><\/strong>\u00ab\u00a0, \u00e9crivaient-ils avec une lucidit\u00e9 d\u00e9chirante.<\/p>\n<p>Aujourd\u2019hui, en 2025, l\u2019Afrique de l\u2019ouest, et en particulier la Guin\u00e9e o\u00f9 s\u2019est d\u00e9roul\u00e9e cette trag\u00e9die, vit une v\u00e9ritable h\u00e9morragie humaine. Chaque jour, des centaines de jeunes tentent la travers\u00e9e de la M\u00e9diterran\u00e9e au p\u00e9ril de leur vie, empruntent des routes migratoires toujours plus dangereuses, ou reproduisent le geste d\u00e9sesp\u00e9r\u00e9 de Yaguine et Fod\u00e9 en se cachant dans des moyens de transport inadapt\u00e9s.<\/p>\n<p>Cette situation dramatique r\u00e9v\u00e8le l\u2019\u00e9chec cuisant des politiques d\u2019urbanisation et de d\u00e9veloppement men\u00e9es par les \u00c9tats ouest-africains, notamment la Guin\u00e9e, depuis des d\u00e9cennies.<\/p>\n<p>Vingt-six ans apr\u00e8s cette trag\u00e9die qui avait pourtant \u00e9mu le monde entier, les m\u00eames causes produisent les m\u00eames effets dramatiques.<\/p>\n<p>Les capitales africaines continuent de cro\u00eetre de mani\u00e8re anarchique, sans planification urbaine coh\u00e9rente, cr\u00e9ant des m\u00e9galopoles ing\u00e9rables o\u00f9 les services publics de base : \u00e9ducation, sant\u00e9, emploi\u00a0demeurent d\u00e9faillants. Les zones rurales, abandonn\u00e9es par les investissements publics, se vident de leur jeunesse qui affluent vers des centres urbains incapables de les accueillir dignement.<\/p>\n<p>\u00ab\u00a0<strong><em>Quand j\u2019irai en France, j\u2019aiderai vous tous \u00e0 \u00e9tudier\u00a0\u00bb,<\/em>\u00a0<\/strong>avait l\u2019habitude de dire Yaguine \u00e0 ses camarades. Ce r\u00eave g\u00e9n\u00e9reux d\u2019un adolescent de 15 ans illustre parfaitement l\u2019aspiration l\u00e9gitime de millions de jeunes africains \u00e0 un avenir meilleur, mais aussi l\u2019\u00e9chec de leurs dirigeants \u00e0 leur offrir cet avenir sur leur propre continent.<\/p>\n<p>D\u2019ailleurs, au d\u00e9but des ann\u00e9es 2000, des jeunes intellectuels guin\u00e9ens avaient cr\u00e9\u00e9 des ONG \u00e0 la m\u00e9moire de Yaguine et Fod\u00e9 dans l\u2019espoir affich\u00e9 d\u2019aider la jeunesse.<\/p>\n<p>Malheureusement, ces initiatives se sont r\u00e9v\u00e9l\u00e9es \u00eatre de simples op\u00e9rations d\u2019escroquerie visant \u00e0 soutirer de l\u2019argent aux institutions internationales, d\u00e9tournant ainsi la noble m\u00e9moire de ces deux martyrs \u00e0 des fins personnelles.<\/p>\n<p>Un cynisme r\u00e9voltant qui illustre parfaitement la d\u00e9liquescence morale d\u2019une partie de l\u2019\u00e9lite guin\u00e9enne.<\/p>\n<p>Parall\u00e8lement, les politiques migratoires occidentales se sont durcies sans proposer d\u2019alternatives viables. L\u2019Europe forteresse multiplie les murs et les accords de r\u00e9admission, mais ferme les yeux sur les causes profondes qui poussent cette jeunesse au d\u00e9part.<\/p>\n<p>La lettre de Yaguine et Fod\u00e9 avait \u00e9t\u00e9 lue au Parlement europ\u00e9en. Elle avait inspir\u00e9 des films, des pi\u00e8ces de th\u00e9\u00e2tre, des d\u00e9bats sur les droits de l\u2019enfant.<\/p>\n<p>Mais au-del\u00e0 de l\u2019\u00e9motion et des bonnes intentions, qu\u2019est-ce qui a r\u00e9ellement chang\u00e9 ?<\/p>\n<p>Les programmes de coop\u00e9ration se multiplient sur le papier, mais leurs effets restent marginaux face \u00e0 l\u2019ampleur des d\u00e9fis. Les investissements \u00e9trangers se concentrent toujours sur l\u2019extraction des ressources naturelles plut\u00f4t que sur le d\u00e9veloppement des capacit\u00e9s humaines et des infrastructures de base.<\/p>\n<p>Cette trag\u00e9die r\u00e9v\u00e8le l\u2019hypocrisie d\u2019un syst\u00e8me international qui pleure sur les victimes de l\u2019immigration clandestine tout en perp\u00e9tuant les m\u00e9canismes qui la nourrissent. Vingt-six ans apr\u00e8s, les dirigeants ouest-africains, particuli\u00e8rement guin\u00e9ens, et occidentaux continuent de traiter les sympt\u00f4mes plut\u00f4t que les causes.<\/p>\n<p>Cependant, un mince espoir semble poindre. Le 29 juillet dernier, soit trois jours avant cet triste anniversaire, un nouveau ministre de la jeunesse a \u00e9t\u00e9 nomm\u00e9 en Guin\u00e9e par le\u00a0<strong>G\u00e9n\u00e9ral Mamadi Doumbouya :<\/strong>\u00a0<strong>Mamadou Cellou Bald\u00e9<\/strong>, personnalit\u00e9 issue de l\u2019opposition. L\u2019opinion publique guin\u00e9enne attend d\u00e9sormais de pied ferme sa politique nationale d\u2019\u00e9mancipation et d\u2019\u00e9panouissement de la jeunesse. Saura-t-il enfin rompre avec les pratiques du pass\u00e9 et proposer une vision r\u00e9ellement transformatrice pour les jeunes Guin\u00e9ens ? L\u2019histoire jugera, mais l\u2019urgence commande l\u2019action.<\/p>\n<p>L\u2019histoire de Yaguine et Fod\u00e9 devrait nous hanter. Non pas par sentimentalisme, mais parce qu\u2019elle incarne l\u2019\u00e9chec de toute une g\u00e9n\u00e9ration de dirigeants incapables de construire un avenir digne pour leur jeunesse.<\/p>\n<p>\u00ab\u00a0<strong><em>Si vous voyez que nous nous sacrifions et risquons nos vies c\u2019est parce que nous souffrons trop en Afrique et nous avons besoin de vous pour lutter contre la pauvret\u00e9<\/em><\/strong>\u00ab\u00a0, \u00e9crivaient ces deux enfants dans leur testament.<\/p>\n<p>Vingt-six ans plus tard, cette souffrance perdure et s\u2019amplifie. L\u2019urgence n\u2019est plus aux d\u00e9clarations d\u2019intention mais \u00e0 une r\u00e9volution des politiques publiques : investissement massif dans l\u2019\u00e9ducation publique, cr\u00e9ation d\u2019emplois d\u00e9cents pour les jeunes, am\u00e9nagement du territoire \u00e9quilibr\u00e9, gouvernance transparente.<\/p>\n<p>&nbsp;<\/p>\n<p>Car tant que l\u2019Afrique de l\u2019ouest, et en premier lieu la Guin\u00e9e qui a vu na\u00eetre cette trag\u00e9die, ne parviendra pas \u00e0 offrir un horizon d\u2019espoir \u00e0 sa jeunesse, d\u2019autres Yaguine et d\u2019autres Fod\u00e9 continueront de p\u00e9rir aux portes de l\u2019Europe, emportant avec eux leurs r\u00eaves bris\u00e9s et notre humanit\u00e9 d\u00e9faillante.<\/p>\n<p>La m\u00e9moire de ces deux adolescents exige mieux qu\u2019un simple recueillement annuel.<\/p>\n<p>Elle exige une r\u00e9volution des consciences et des politiques. Il est temps d\u2019agir avant que d\u2019autres enfants ne payent de leur vie l\u2019incurie de leurs ddirigeants.<\/p>\n<p><strong>Minkailou Barry\u00a0<\/strong><\/p>\n<\/div>\n<div class=\"td-post-header\"><\/div>\n<p>C&rsquo;\u00e9tait l y a tout juste 16 ans, le martyr et l&rsquo;appel au secours des deux adolescents guin\u00e9ens. Ce petit hommage en vid\u00e9o est une modeste contribution et un cri de col\u00e8re pour qu&rsquo;ils restent toujours dans nos m\u00e9moires. Malheureusement nous avons perdu le contact avec les deux parents de Fod\u00e9 et Yaguine. A l&rsquo;\u00e9poque les smartphones n&rsquo;\u00e9taient pas courants, et de toute fa\u00e7on il n&rsquo;y avait pas l&rsquo;\u00e9lectricit\u00e9 dans les quartiers de la haute banlieue ! Nous n&rsquo;avons donc pas pu leur montrer la vid\u00e9o et nous le regrettons am\u00e8rement. Si quelqu&rsquo;un a la possibilit\u00e9 aujourd&rsquo;hui de le faire, ce serait justice et nous lui serions infiniment reconnaissants. Merci par avance de nous tenir inform\u00e9s. G.Nivet et K. Lef\u00e8vre<\/p>\n<p><iframe title=\"YouTube video player\" src=\"https:\/\/www.youtube.com\/embed\/yRq1CLZeF4c?si=COB8Sz_ZqYll8LeI\" width=\"560\" height=\"315\" frameborder=\"0\" allowfullscreen=\"allowfullscreen\"><\/iframe><\/p>\n<header class=\"col-md-12\">\n<div class=\"padding-text-article padding-tag-article\">\n<div class=\"crayon article-descriptif-505 chapo descriptif-article link-article\">\n<p>Le 2\u00a0ao\u00fbt 1999, lorsque Yaguine Coita et Fod\u00e9 Tounkara, deux jeunes Guin\u00e9ens, ont \u00e9t\u00e9 retrouv\u00e9s morts de froid dans le train d\u2019atterrissage d\u2019un avion \u00e0 l\u2019a\u00e9roport de Bruxelles, au c\u0153ur de l\u2019Europe, alors qu\u2019ils \u00e9taient en provenance de Conakry, la capitale de la Guin\u00e9e.<\/p>\n<\/div>\n<\/div>\n<\/header>\n<div class=\"col-md-12\">\n<div class=\"padding-text-article link-article\">\n<div class=\"crayon article-texte-505 article-texte surlignable\">\n<p>Yaguine Ko\u00efta (n\u00e9 le 25\u00a0septembre 1984) et Fod\u00e9 Tounkara (n\u00e9 le 6\u00a0avril 1985)<br class=\"autobr\" \/>furent le 28\u00a0Juillet 1999, les passagers clandestins du vol 520 Sabena Airlines en provenance de Conakry (Guin\u00e9e), et \u00e0 destination de Bruxelles (Belgique).<\/p>\n<p><strong>Leurs corps, morts de froid furent d\u00e9couverts le 2\u00a0ao\u00fbt, dans le train d\u2019atterrissage arri\u00e8re droit de l\u2019appareil \u00e0 l\u2019a\u00e9roport international de Bruxelles Zaventem.<\/strong><br class=\"autobr\" \/>Dans leurs affaires, les gar\u00e7ons\u00a0<strong>transportaient dans des sacs plastiques leurs certificats de naissance, leurs cartes de scolarit\u00e9, des photos et une lettre<\/strong>.<br class=\"autobr\" \/>La situation n\u2019a d\u2019ailleurs pas cess\u00e9 de se d\u00e9t\u00e9riorer, poussant ainsi, chaque ann\u00e9e, des milliers de jeunes dans une fuite p\u00e9rilleuse de la mis\u00e8re et du d\u00e9sespoir vers un avenir hypoth\u00e9tique en Europe.<\/p>\n<p>Malheureusement, au fil des ans, d\u2019autres jeunes victimes ont connu le m\u00eame sort, comme\u00a0<strong>Laurent Barth\u00e9l\u00e9my Guibahi Ani, un jeune Ivoirien de 14 ans retrouv\u00e9 mort de froid \u00e0 l\u2019a\u00e9roport de Paris en janvier 2020<\/strong>, ou le jeune Malien retrouv\u00e9 noy\u00e9 avec son bulletin scolaire cousu dans ses v\u00eatements. [&#8230;]<\/p>\n<p>Lire la suite sur\u00a0:\u00a0<a class=\"spip_out\" href=\"https:\/\/bruxelles-pantheres.be\/?p=5195\" rel=\"external\">Bruxelles Panth\u00e8res<\/a><\/p>\n<\/div>\n<p class=\"crayon article-hyperlien-505 hyperlien\">Voir en ligne :\u00a0<a class=\"spip_out\" href=\"https:\/\/bruxelles-pantheres.be\/?p=5195\">Bruxelles Panth\u00e8res<\/a><\/p>\n<h1 class=\"top\">Tranche d\u2019Anar<\/h1>\n<div class=\"wrapper navigation cf\">\n<div id=\"Emission-container\" class=\"emission\">\n<div>\n<div class=\"leftPart\">\n<div class=\"episode detail episode-detail cf\">\n<header class=\"episode-header\"><img decoding=\"async\" class=\"logo left button aligncenter\" src=\"https:\/\/radioairlibre.net\/media\/cache\/1c\/a7\/1ca71b15a6e00dd1366fe64473819fac.jpg\" data-toggle-img=\"\/media\/cache\/12\/b8\/12b83bbb1f04f4aa676fe3398427bb51.jpg\" \/><\/p>\n<h3 class=\"episode-title\">24 ans : YAGUINE et FODE : Qui se souvient encore d&rsquo;eux ?<\/h3>\n<div class=\"sound\">\n<div class=\"audio\" data-sound-id=\"547\">\n<p><button class=\"resymbol icon-plus-sign big\" title=\"Ajouter \u00e0 la playlist\" data-sound-id=\"547\" data-player-audio=\"Audio-mediasoundsorigtranche-danar20230802_tranche_prodogg\" data-player-action=\"registerAudio\"><span class=\"sr-only\">Ajouter \u00e0 la playlist<\/span><\/button>\u00a0<button class=\"resymbol icon-play-sign big\" title=\"Play\" data-sound-id=\"547\" data-player-action=\"playAudio\"><span class=\"sr-only\">Play<\/span><\/button><\/p>\n<div class=\"download-links\"><a href=\"https:\/\/radioairlibre.net\/media\/sounds\/tranche-danar\/24-ans-yaguine-et-fode-qui-se-souvient-encore-deux_00547__1.mp3\" target=\"_blank\" rel=\"noopener\"><button class=\"resymbol icon-download big\" title=\"T\u00e9l\u00e9charger le fichier\"><span class=\"sr-only\">T\u00e9l\u00e9charger le fichier<\/span><\/button>\u00a0<\/a><\/div>\n<p><button class=\"icon-share icons big\" title=\"Partager\" data-popup-href=\"\/emissions\/tranche-danar\/24-ans-yaguine-et-fode-qui-se-souvient-encore-deux\/dlg-embed\/547\/\"><span class=\"sr-only\">Partager<\/span><\/button><\/p>\n<\/div>\n<div class=\"waveform\" data-sound-id=\"547\" data-duration=\"5045\" data-duration-string=\"84:05\"><i class=\"duration\">84:05<\/i><\/div>\n<\/div>\n<\/header>\n<div class=\"content userContent marged\">\n<article class=\"text\">Vingt-quatre ans se sont \u00e9coul\u00e9s depuis le 2 ao\u00fbt 1999, lorsque\u00a0Yaguine Coita et Fod\u00e9 Tounkara, deux jeunes Guin\u00e9ens, ont \u00e9t\u00e9 retrouv\u00e9s morts de froid dans le train d&rsquo;atterrissage d&rsquo;un avion \u00e0 l&rsquo;a\u00e9roport de Bruxelles, au c\u0153ur de l&rsquo;Europe, alors qu&rsquo;ils \u00e9taient en provenance de Conakry, la capitale de la Guin\u00e9e. Yaguine et Fod\u00e9 avaient \u00e9crit et apport\u00e9 avec eux une lettre, adress\u00e9e \u00e0 \u00ab\u00a0<em>Leurs Excellences les Membres et Dirigeants de l&rsquo;Europe<\/em>\u00a0\u00bb et d\u00e9crivant les nombreux probl\u00e8mes dont souffrent les enfants et les jeunes africains et les grandes attentes qu&rsquo;ils placent dans l&rsquo;Europe et ses dirigeants.Pour comm\u00e9morer ce drame, nous avons demand\u00e9 \u00e0 un membre de l&rsquo; Asbl Bruxelles Panth\u00e8res de venir \u00e9claircir certains questionnements sur le pourquoi et le comment des chemins de l&rsquo;exil, en extrapolant sur la migration en g\u00e9n\u00e9ral et la question du traitement de migrants. Nous avons \u00e9galement inviter deux membres de la communaut\u00e9 guin\u00e9enne , pour \u00e9voquer la situation actuelle en Guin\u00e9e.\u00a0 Une mani\u00e8re de comm\u00e9morer pour ne pas oublier.<\/article>\n<\/div>\n<\/div>\n<\/div>\n<\/div>\n<\/div>\n<\/div>\n<\/div>\n<\/div>\n<p><iframe src=\"https:\/\/radioairlibre.net\/emissions\/tranche-danar\/24-ans-yaguine-et-fode-qui-se-souvient-encore-deux\/embed\/547\/\" width=\"100%\" height=\"100\" frameborder=\"no\" scrolling=\"no\"><\/iframe><\/p>\n","protected":false},"excerpt":{"rendered":"<p>Il y a exactement 26 ans jour pour jour, le 2 ao\u00fbt 1999, les corps sans vie de deux adolescents guin\u00e9ens \u00e9taient d\u00e9couverts dans le train d\u2019atterrissage d\u2019un avion Sabena \u00e0 l\u2019a\u00e9roport de Bruxelles. Yaguine Koita, 15 ans, et Fod\u00e9 Tounkara, 14 ans, avaient trouv\u00e9 la mort par hypothermie apr\u00e8s s\u2019\u00eatre cach\u00e9s clandestinement dans le &#8230; <a title=\"26 ans apr\u00e8s la trag\u00e9die de Yaguine et Fod\u00e9\" class=\"read-more\" href=\"https:\/\/bruxelles-pantheres.be\/?p=6429\" aria-label=\"En savoir plus sur 26 ans apr\u00e8s la trag\u00e9die de Yaguine et Fod\u00e9\">Lire la suite<\/a><\/p>\n","protected":false},"author":1,"featured_media":6430,"comment_status":"open","ping_status":"open","sticky":false,"template":"","format":"standard","meta":{"footnotes":""},"categories":[1,21,36,7,18,28,39],"tags":[626],"class_list":["post-6429","post","type-post","status-publish","format-standard","has-post-thumbnail","hentry","category-non-classe","category-anti-imperialisme","category-europe","category-negrophobie","category-resistance-bruxelles","category-racismes","category-sans-papier","tag-yaguine-et-fode"],"_links":{"self":[{"href":"https:\/\/bruxelles-pantheres.be\/index.php?rest_route=\/wp\/v2\/posts\/6429","targetHints":{"allow":["GET"]}}],"collection":[{"href":"https:\/\/bruxelles-pantheres.be\/index.php?rest_route=\/wp\/v2\/posts"}],"about":[{"href":"https:\/\/bruxelles-pantheres.be\/index.php?rest_route=\/wp\/v2\/types\/post"}],"author":[{"embeddable":true,"href":"https:\/\/bruxelles-pantheres.be\/index.php?rest_route=\/wp\/v2\/users\/1"}],"replies":[{"embeddable":true,"href":"https:\/\/bruxelles-pantheres.be\/index.php?rest_route=%2Fwp%2Fv2%2Fcomments&post=6429"}],"version-history":[{"count":3,"href":"https:\/\/bruxelles-pantheres.be\/index.php?rest_route=\/wp\/v2\/posts\/6429\/revisions"}],"predecessor-version":[{"id":6433,"href":"https:\/\/bruxelles-pantheres.be\/index.php?rest_route=\/wp\/v2\/posts\/6429\/revisions\/6433"}],"wp:featuredmedia":[{"embeddable":true,"href":"https:\/\/bruxelles-pantheres.be\/index.php?rest_route=\/wp\/v2\/media\/6430"}],"wp:attachment":[{"href":"https:\/\/bruxelles-pantheres.be\/index.php?rest_route=%2Fwp%2Fv2%2Fmedia&parent=6429"}],"wp:term":[{"taxonomy":"category","embeddable":true,"href":"https:\/\/bruxelles-pantheres.be\/index.php?rest_route=%2Fwp%2Fv2%2Fcategories&post=6429"},{"taxonomy":"post_tag","embeddable":true,"href":"https:\/\/bruxelles-pantheres.be\/index.php?rest_route=%2Fwp%2Fv2%2Ftags&post=6429"}],"curies":[{"name":"wp","href":"https:\/\/api.w.org\/{rel}","templated":true}]}}