{"id":643,"date":"2012-12-26T19:10:34","date_gmt":"2012-12-26T18:10:34","guid":{"rendered":"https:\/\/bruxelles-pantheres.be\/?p=643"},"modified":"2013-11-10T19:13:32","modified_gmt":"2013-11-10T18:13:32","slug":"rassemblement-pour-les-detenus-belgo-marocains-dans-les-prisons-marocaines","status":"publish","type":"post","link":"https:\/\/bruxelles-pantheres.be\/?p=643","title":{"rendered":"Rassemblement pour les d\u00e9tenus belgo-marocains dans les prisons marocaines"},"content":{"rendered":"<div>\n<header>\n<div>\n<div>Publi\u00e9 par <a href=\"http:\/\/www.blogger.com\/profile\/03069419822426652790\" rel=\"author\">Luk Vervaet <\/a><\/div>\n<\/div>\n<div>\n<address>Premier rassemblement \u00e0 Bruxelles du Comit\u00e9 des familles des d\u00e9tenus europ\u00e9ens au Maroc, par Luk Vervaet<\/address>\n<\/div>\n<header><\/header>\n<div><a href=\"http:\/\/1.bp.blogspot.com\/-r9iRLBypIPs\/UMhjfhiTiXI\/AAAAAAAABYY\/tR0MxHZVju8\/s1600\/familles+9+d%C3%A9cembre+VII.jpg\"><img decoding=\"async\" alt=\"\" src=\"https:\/\/lh3.ggpht.com\/-r9iRLBypIPs\/UMhjfhiTiXI\/AAAAAAAABYY\/tR0MxHZVju8\/s320\/familles+9+d%C3%A9cembre+VII.jpg\" width=\"320\" height=\"212\" border=\"0\" \/><\/a><\/div>\n<div>A l\u2019occasion de la Journ\u00e9e mondiale des droits de l\u2019homme, une soixante de membres de famille et amis des d\u00e9tenus belgo-marocains dans les prisons marocaines, se sont r\u00e9unis autour du Monument \u00e0 l\u2019honneur de l\u2019immigration marocaine le 9 d\u00e9cembre \u00e0 Bruxelles. Ils ont ainsi donn\u00e9 une toute autre dimension \u00e0 cette journ\u00e9e, hors des belles paroles et des d\u00e9clarations dont on a l\u2019habitude.<!--more--><\/div>\n<div><a href=\"http:\/\/3.bp.blogspot.com\/-Up4UC8ZNeT4\/UMhjv2Ofb3I\/AAAAAAAABYg\/EjCWcy3Fn58\/s1600\/grand+m%C3%A8re+parle+9+d%C3%A9cembre.jpg\"><img decoding=\"async\" alt=\"\" src=\"https:\/\/lh3.ggpht.com\/-Up4UC8ZNeT4\/UMhjv2Ofb3I\/AAAAAAAABYg\/EjCWcy3Fn58\/s320\/grand+m%C3%A8re+parle+9+d%C3%A9cembre.jpg\" width=\"320\" height=\"320\" border=\"0\" \/><\/a><\/div>\n<div>Dans des t\u00e9moignages \u00e9mouvants et avec des photos et banderoles, des soeurs, des mamans, des grand-m\u00e8res et des enfants des d\u00e9tenus ont attir\u00e9 l\u2019attention des passants sur la situation dramatique de leurs proches dans les prisons marocaines.<\/div>\n<div>Elles ont d\u00e9nonc\u00e9 l\u2019attitude de la Belgique, qui refuse toute aide sous quelle forme que ce soit, aux d\u00e9tenus et \u00e0 leurs familles au nom de la \u00ab\u00a0double nationalit\u00e9\u00a0\u00bb belgo-marocaine. La Belgique s\u2019est ainsi rendue complice dans le mauvais traitement de ces d\u00e9tenus, allant jusqu\u2019\u00e0 leur torture.<\/div>\n<div><a href=\"http:\/\/2.bp.blogspot.com\/-mOOpq7Z4bP8\/UMhkByn-rnI\/AAAAAAAABYo\/2GiBQGsInC8\/s1600\/familles+9+d%C3%A9cembre+IX+venues+d%27Anvers.jpg\"><img decoding=\"async\" alt=\"\" src=\"https:\/\/lh3.ggpht.com\/-mOOpq7Z4bP8\/UMhkByn-rnI\/AAAAAAAABYo\/2GiBQGsInC8\/s320\/familles+9+d%C3%A9cembre+IX+venues+d%27Anvers.jpg\" width=\"320\" height=\"239\" border=\"0\" \/><\/a><\/div>\n<div><a href=\"http:\/\/4.bp.blogspot.com\/-nhUtJLr3KQg\/UMhkTX1IThI\/AAAAAAAABYw\/TPMl07pUPbs\/s1600\/familles+9+d%C3%A9cembre+.jpg\"><img decoding=\"async\" alt=\"\" src=\"https:\/\/lh3.ggpht.com\/-nhUtJLr3KQg\/UMhkTX1IThI\/AAAAAAAABYw\/TPMl07pUPbs\/s320\/familles+9+d%C3%A9cembre+.jpg\" width=\"320\" height=\"226\" border=\"0\" \/><\/a><\/div>\n<div>En fran\u00e7ais, en n\u00e9erlandais et en arabe, les familles ont annonc\u00e9 qu\u2019elles ne l\u00e2cheraient pas la lutte tant que leurs proches ne soient pas bien tra\u00eet\u00e9s dans les prisons marocaines, tant qu\u2019ils ne soient pas mis sous la protection de la Belgique, tant qu\u2019ils ne soient pas transf\u00e9r\u00e9s vers la Belgique s\u2019ils le demandent, tant qu\u2019ils ne soient pas lib\u00e9r\u00e9s au cas o\u00f9 ils ont \u00e9t\u00e9 tortur\u00e9.<\/div>\n<div><a href=\"http:\/\/3.bp.blogspot.com\/-0iIxmJFckJI\/UMhksBtX6iI\/AAAAAAAABY4\/1YLmJ5A7uF4\/s1600\/familles+9+d%C3%A9cembre+V.jpg\"><img decoding=\"async\" alt=\"\" src=\"https:\/\/lh3.ggpht.com\/-0iIxmJFckJI\/UMhksBtX6iI\/AAAAAAAABY4\/1YLmJ5A7uF4\/s320\/familles+9+d%C3%A9cembre+V.jpg\" width=\"320\" height=\"240\" border=\"0\" \/><\/a><\/div>\n<div>A l\u2019exemple des mamans des enfants disparus en Belgique dans les ann\u00e9es nonante, \u00e0 l\u2019exemple des M\u00e8res en noir en Argentine \u00e0 la recherche de leurs fils et filles disparus et tortur\u00e9s, les familles se donneront rendez-vous chaque premier dimanche du mois de 12 \u00e0 14 heures autour du Monument La Pasionaria. Le prochain rendez-vous est fix\u00e9 pour le dimanche 6 janvier 2013. Dans la crise \u00e9conomique actuelle, dans une situation de surpopulation carc\u00e9rale au Maroc et en Belgique, dans un climat islamophobe\u2026 les familles se r\u00e9alisent que leur combat sera des plus difficiles. Mais malgr\u00e9 les difficult\u00e9s, elles ont bien l\u2019intention de ne pas l\u00e2cher.<\/div>\n<div><strong>Pourquoi les familles ont-elles choisi la date de la journ\u00e9e mondiale des droits de l\u2019homme pour d\u00e9marrer leur action ? <\/strong><\/div>\n<div><a href=\"http:\/\/3.bp.blogspot.com\/-4OM-Qf4us8g\/UMhlAQletJI\/AAAAAAAABZA\/E443KfQczYY\/s1600\/familles+9+d%C3%A9cembre+VIII.jpg\"><img decoding=\"async\" alt=\"\" src=\"https:\/\/lh3.ggpht.com\/-4OM-Qf4us8g\/UMhlAQletJI\/AAAAAAAABZA\/E443KfQczYY\/s320\/familles+9+d%C3%A9cembre+VIII.jpg\" width=\"320\" height=\"239\" border=\"0\" \/><\/a><\/div>\n<div>D\u2019abord, parce que la d\u00e9claration des droits de l\u2019homme, vieille de 64 ans, a formul\u00e9 les droits fondamentaux des personnes, suite \u00e0 l\u2019horreur de la deuxi\u00e8me guerre mondiale et suite aux abus et aux atrocit\u00e9s commis par les polices et les tribunaux des dictatures.<\/div>\n<div>Les droits et les libert\u00e9s formul\u00e9s dans la d\u00e9claration des droits de l\u2019homme sont universels. Ils passent avant toute autre consid\u00e9ration. Ils ont \u00e9t\u00e9 formul\u00e9s pour les personnes, qui ne disposent pas de ces droits, et ne pas pour ceux qui en disposent d\u00e9j\u00e0. C\u2019est \u00e0 dire, ils servent \u00e0 prot\u00e9ger les exclus de la soci\u00e9t\u00e9, les diabolis\u00e9s, ceux qu\u2019on a rendu invisible, ceux \u00e0 qui on a enlev\u00e9 leur humanit\u00e9, ceux qui, aujourd\u2019hui, sont inculp\u00e9s ou condamn\u00e9s en tant que \u00ab\u00a0suspect terroriste\u00a0\u00bb ou \u00ab\u00a0grand criminel\u00a0\u00bb.<\/div>\n<div>La d\u00e9claration des droits de l\u2019homme est un message clair \u00e0 tous ceux qui appliquent la s\u00e9lectivit\u00e9 dans la d\u00e9fense des droits fondamentaux d\u2019une personne, et qui le font d\u00e9pendre de sa nationalit\u00e9, des faits commis, de son id\u00e9ologie ou de sa religion.<\/div>\n<div>La d\u00e9claration des droits de l\u2019homme est la condition primordiale pour que tout d\u00e9tenu ait droit \u00e0 un proc\u00e8s \u00e9quitable et juste.<\/div>\n<div><a href=\"http:\/\/3.bp.blogspot.com\/-yHqsogtqw7c\/UMhlreKmaCI\/AAAAAAAABZI\/OZKOhyG9FfA\/s1600\/les+familles+se+rencontrent+9+d%C3%A9cembre+2012+II.jpg\"><img decoding=\"async\" alt=\"\" src=\"https:\/\/lh3.ggpht.com\/-yHqsogtqw7c\/UMhlreKmaCI\/AAAAAAAABZI\/OZKOhyG9FfA\/s320\/les+familles+se+rencontrent+9+d%C3%A9cembre+2012+II.jpg\" width=\"320\" height=\"219\" border=\"0\" \/><\/a><\/div>\n<div>Et deuxi\u00e8mement, il y a une r\u00e8gle fondamentale de protection qui sort de cette d\u00e9claration des droits de l\u2019homme.<\/div>\n<div><a href=\"http:\/\/2.bp.blogspot.com\/-wSAApRYTXY4\/UMhmE2jpx_I\/AAAAAAAABZQ\/RKxYaHnNlBs\/s1600\/luk+rassemblement+pour+les+d%C3%A9tenus+belgo-marocains+II.jpg\"><img decoding=\"async\" alt=\"\" src=\"https:\/\/lh3.ggpht.com\/-wSAApRYTXY4\/UMhmE2jpx_I\/AAAAAAAABZQ\/RKxYaHnNlBs\/s320\/luk+rassemblement+pour+les+d%C3%A9tenus+belgo-marocains+II.jpg\" width=\"320\" height=\"196\" border=\"0\" \/><\/a><\/div>\n<div>Tous les aveux obtenus par la maltraitance des inculp\u00e9s ou sous la torture ne peuvent \u00eatre utilis\u00e9s pour les juger. Quand l\u2019\u00e9tat, ses fonctionnaires, sa police violent les droits fondamentaux des personnes, il s\u2019en suit que toute poursuite judiciaire, tout proc\u00e8s et toute condamnation doivent \u00eatre annul\u00e9s et les inculp\u00e9s doivent \u00eatre lib\u00e9r\u00e9s. Cette r\u00e8gle, qui peut m\u00eame faire lib\u00e9rer des \u00ab\u00a0vrais coupables\u00a0\u00bb, nous prot\u00e8ge pr\u00e9cis\u00e9ment contre l\u2019abus et l\u2019arbitraire au niveau de l\u2019\u00e9tat ou de la police. Ces abus deviendraient tr\u00e8s vite syst\u00e9matique si on laissait de tels abus sans cons\u00e9quence radicale. Comme c\u2019est la cas aujourd\u2019hui au Maroc. O\u00f9 la torture et la maltraitance des d\u00e9tenus passent sans \u00eatre sanctionn\u00e9s et font d\u2019or et d\u00e9j\u00e0 d\u00e9j\u00e0 partie du syst\u00e8me.<\/div>\n<div>Les pratiques de la police (secr\u00e8te) ou la situation dans les prisons marocaines sont en flagrante contradiction avec la d\u00e9claration des droits de l\u2019homme.<\/div>\n<div>La situation au sein des prisons y est tout simplement infernale. Le syst\u00e8me judiciaire marocain est dans une crise totale. Un dernier exemple\u00a0: au lieu de 4000 d\u00e9tenus dans une prison \u00e0 Casablanca, il y en a maintenant pas moins de 16000 d\u00e9tenus. Il y a un taux de r\u00e9cidive de presque 90%. Les responsables de cette politique s\u2019en lavent les mains. Tout le monde se renvoit la balle. Cette situation a, encore une fois, \u00e9t\u00e9 d\u00e9crite en long et en large dans diff\u00e9rents rapports r\u00e9cents comme celui de Juan Mendez, rapporteur sp\u00e9cial de l\u2019ONU sur la torture, et dans le rapport du CNDH, organe des droits de l\u2019homme instaur\u00e9 par le Roi Mohamed VI lui-m\u00eame.<\/div>\n<div>La Belgique a syst\u00e9matiquement ni\u00e9 cette situation et elle continue \u00e0 le faire jusqu\u2019\u00e0 aujourd\u2019hui. Depuis des ann\u00e9es les familles des d\u00e9tenus belgo-marocains au Maroc doivent entendre de la bouche des fonctionnaires de notre Minist\u00e8re des affaires \u00e9trang\u00e8res qu\u2019ils n\u2019ont \u00ab\u00a0jamais entendu parler de torture au Maroc\u00a0\u00bb. Depuis le premier mai 2011, elle renvoit comme si ne rien \u00e9tait, sous la pression de l\u2019extr\u00eame droite et pour plaire \u00e0 l\u2019opinion publique, les quelques dizaines de d\u00e9tenus ayant la nationalit\u00e9 marocaine contre leur gr\u00e9 vers l\u2019enfer d\u00e9crit dans les rapports ci-mentionn\u00e9s.<\/div>\n<div>En donnant des dossiers judiciaires aux autorit\u00e9s marocaines, en refusant toute aide ou toute intervention en faveur des d\u00e9tenus belgo-marocains au Maroc, la Belgique, tout en se vantant d\u2019\u00eatre un mod\u00e8le des droits de l\u2019homme, a \u00e9t\u00e9 complice \u00e0 leur condamnation, \u00e0 leur traitement inhumain et d\u00e9gradant et \u00e0 la torture des d\u00e9tenus belgo-marocains au Maroc. Elle rend l\u2019impunit\u00e9 possible.<\/div>\n<div><a href=\"http:\/\/4.bp.blogspot.com\/-ecyTWjusSDY\/UMhmWg6ZmrI\/AAAAAAAABZY\/HGL61xa-ymQ\/s1600\/familles+9+d%C3%A9cembre+X.jpg\"><img decoding=\"async\" alt=\"\" src=\"https:\/\/lh3.ggpht.com\/-ecyTWjusSDY\/UMhmWg6ZmrI\/AAAAAAAABZY\/HGL61xa-ymQ\/s320\/familles+9+d%C3%A9cembre+X.jpg\" width=\"320\" height=\"239\" border=\"0\" \/><\/a><\/div>\n<div><strong>Voici les questions auxquelles les familles veulent une r\u00e9ponse de la part du Minist\u00e8re des affaires \u00e9trang\u00e8res et de la justice en Belgique :<\/strong><\/div>\n<div>Comment justifier qu\u2019un Belgo-Marocain ne peut pas jouir de la m\u00eame assistance qu\u2019un Belgo-Belge ? Pourquoi nous refuse-t-on les visites consulaires dans les prisons pour les membres de nos familles pour se v\u00e9rifier de leur \u00e9tat de sant\u00e9 physique et morale\u00a0? Visites, qui pourraient apaiser les inqui\u00e9tudes des familles qui sont loin de leurs proches, qui aujourd\u2019hui ne sont inform\u00e9es par personne, qui ne savent pas \u00e0 qui s\u2019adresser dans un pays qu\u2019ils ne connaissent souvent pas.<\/div>\n<div>Une intervention de la Belgique ne pourrait-elle pas obliger le Maroc \u00e0 prendre obligatoirement les mesures n\u00e9cessaires au niveau de la sant\u00e9, de l\u2019hygi\u00e8ne, de la nourriture, de la surpopulation, ce qui pourrait avoir un effet b\u00e9n\u00e9fique pour tous les d\u00e9tenus\u00a0?<\/div>\n<div>Pourquoi la Belgique maintient-elle sa coop\u00e9ration judiciaire avec le Maroc\u00a0?<\/div>\n<div>Comment la Belgique justifie-t-elle qu\u2019on enl\u00e8ve la nationalit\u00e9 belge \u00e0 certains de nos proches, ce qui les expose d\u2019avantage aux abus de la part du syst\u00e8me judiciaire marocain\u00a0? Comment justifie-t-elle le tranfert des prisonniers marocains en Belgique vers le Maroc\u00a0? Pourquoi, contrairement aux tranferts des d\u00e9tenus marocains de la Belgique vers le Maroc, les demandes de transfert de nos proches vers la Belgique restent-elles lettre morte\u00a0?<\/div>\n<div><a href=\"http:\/\/1.bp.blogspot.com\/-BlVDcZcTON0\/UMhnUr2RofI\/AAAAAAAABZg\/fSjoJqQIzHw\/s1600\/Enfants+9+d%C3%A9cembre.jpg\"><img decoding=\"async\" alt=\"\" src=\"https:\/\/lh3.ggpht.com\/-BlVDcZcTON0\/UMhnUr2RofI\/AAAAAAAABZg\/fSjoJqQIzHw\/s320\/Enfants+9+d%C3%A9cembre.jpg\" width=\"320\" height=\"222\" border=\"0\" \/><\/a><\/div>\n<div>L\u2019abandon par l\u2019Union europ\u00e9enne des citoyens, disposant de la double nationalit\u00e9, est une politique commune de tous les pays europ\u00e9ens. Mais la Belgique d\u00e9passe les autres pays. Pourquoi un d\u00e9tenu belgo-marocain n\u2019a-t-il pas droit \u00e0 un avocat belge, comme c\u2019est bien le cas pour les d\u00e9tenus fran\u00e7ais-marocains, qui ont droit \u00e0 un avocat fran\u00e7ais\u00a0? Pourquoi les d\u00e9tenus belgo-marocains ne re\u00e7oivent-ils pas un minimum de soutien financier de l\u2019\u00e9tat, sans lequel il est impossible de survivre dans ces prisons, comme cela se fait par exemple par l\u2019Espagne pour les d\u00e9tenus hispano-marocains ?<\/div>\n<div>Le Comit\u00e9 des familles des d\u00e9tenus europ\u00e9ens au Maroc continuera sa lutte jusqu\u2019\u00e0 ce que les familles re\u00e7oivent <strong>une r\u00e9ponse<\/strong> \u00e0 ces questions, <strong>digne de la D\u00e9claration des droits de l\u2019homme<\/strong>.<\/div>\n<header>\n<address>\u00a0<\/address>\n<address>\u00a0<\/address>\n<address>\u00a0<\/address>\n<address>\u00a0<\/address>\n<address><strong>La Fondation Alkarama (octobre 2012) <\/strong><\/address>\n<address><strong>sur deux Belges, d\u00e9tenus aux Maroc\u00a0: Ali Aarrass et Hicham Bouhali Zriouil.<\/strong><\/address>\n<\/header>\n<figure><img decoding=\"async\" alt=\"La Fondation Alkarama (octobre 2012) sur deux Belges, d\u00e9tenus aux Maroc\u00a0: Ali Aarrass et Hicham Bouhali Zriouil.\" src=\"http:\/\/www.freeali.eu\/wp-content\/uploads\/2012\/12\/Alkarama.jpeg\" \/><\/figure>\n<p>&nbsp;<\/p>\n<p><strong><a href=\"http:\/\/www.freeali.eu\/wp-content\/uploads\/2012\/12\/Daarkom-Ali-Aarrass.jpg\"><img decoding=\"async\" title=\"Daarkom Ali Aarrass\" alt=\"\" src=\"http:\/\/www.freeali.eu\/wp-content\/uploads\/2012\/12\/Daarkom-Ali-Aarrass.jpg\" width=\"175\" height=\"240\" \/><\/a>Sur le Belge Ali Aarrass<br \/>\n<\/strong><\/p>\n<p>&nbsp;<\/p>\n<p>\u00ab<strong>\u00a0<em>Le cas de M. Ali Aarrass, citoyen Belge d\u2019origine marocaine, bien que d\u00e9j\u00e0 cit\u00e9 dans le rapport alternatif soumis au Comit\u00e9, nous semble particuli\u00e8rement \u00e9loquent sur l\u2019absence de s\u00e9rieux dans les enqu\u00eates relatives aux all\u00e9gations de tortures \u00e0 la lumi\u00e8re des derniers \u00e9l\u00e9ments relatifs \u00e0 l\u2019expertise m\u00e9dicale qu\u2019il a subi. <\/em><\/strong><\/p>\n<p><em>Rappelons qu\u2019il a \u00e9t\u00e9 arr\u00eat\u00e9 \u00e0 Alg\u00e9siras, en Espagne le 1er avril 2008 et plac\u00e9 en d\u00e9tention, avant d\u2019\u00eatre extrad\u00e9 vers le Maroc 14 d\u00e9cembre 2010, malgr\u00e9 la demande expresse du Comit\u00e9 des droits de l\u2019homme de ne pas l\u2019extrader, en raison des risques de torture qu\u2019il encourrait au Maroc. D\u00e8s son arriv\u00e9 au Maroc, il a \u00e9t\u00e9 d\u00e9tenu au secret pendant plus de dix jours, sauvagement tortur\u00e9 et contraint de signer des aveux, en arabe, langue qu\u2019il ne lit pas. C\u2019est sur la base de ces aveux obtenus sous la torture qu\u2019il a \u00e9t\u00e9 condamn\u00e9 le 24 novembre 2011 \u00e0 15 ann\u00e9es d\u2019emprisonnement ferme. <\/em><\/p>\n<p><em>A la suite de sa saisine du Comit\u00e9 contre la Torture, M. Aarrass a fait l\u2019objet d\u2019une expertise m\u00e9dicale pour v\u00e9rifier ses all\u00e9gations, ce qui n\u2019est que tr\u00e8s rarement le cas pour les nombreux autres d\u00e9tenus condamn\u00e9s sur la base d\u2019aveux sous la torture et pour lesquels les juges ne pr\u00eatent aucune attention \u00e0 leurs all\u00e9gations. <\/em><\/p>\n<p><em>Cet examen men\u00e9 par 3 m\u00e9decins d\u00e9sign\u00e9s par le Procureur g\u00e9n\u00e9ral pr\u00e8s la Cour de Rabat, et qui a conclu \u00e0 l\u2019absence \u00ab de traces pouvant \u00eatre en rapport avec des actes de torture all\u00e9gu\u00e9s \u00bb, a \u00e9t\u00e9 analys\u00e9e par un m\u00e9decin ind\u00e9pendant de l\u2019association IRCT (International Rehabilitation Council for Torture Victims), qui en a relev\u00e9 les nombreuses failles. <\/em><\/p>\n<p><em>Il souligne que ce rapport m\u00e9dico-l\u00e9gal est \u00ab bien en de\u00e7\u00e0 des normes internationalement admises pour l\u2019examen m\u00e9dical des victimes de la torture et autres traitements cruels, inhumains ou d\u00e9gradants, tels qu\u2019il sont d\u00e9finis par le Protocole d\u2019Istanbul \u00bb. <\/em><\/p>\n<p><em>Il pr\u00e9cise notamment que le rapport m\u00e9dico-l\u00e9gal tr\u00e8s bref, \u00ab ne fournit presque aucun d\u00e9tail sur les examens effectu\u00e9s, et une description tr\u00e8s partielle des r\u00e9sultats de ces examens.[&#8230;] Aucune tentative n\u2019est faite dans le rapport pour corr\u00e9ler, ou non, les r\u00e9sultats de l\u2019examen physique avec les all\u00e9gations de torture, ni d\u2019ailleurs avec des ant\u00e9c\u00e9dents de traumatisme. [&#8230;] Il n\u2019apparait nulle part que M. Aarrass ait consenti \u00e0 cet l\u2019examen, ni dans quelles conditions ce dernier s\u2019est d\u00e9roul\u00e9 (dur\u00e9e de l\u2019examen, autres personnes pr\u00e9sentes, d\u00e9tenu menott\u00e9 ou non etc). [&#8230;] Il rel\u00e8ve l\u2019absence de diagrammes du corps d\u2019appui et de photographies annex\u00e9es au rapport qui indiqueraient plus pr\u00e9cis\u00e9ment la position anatomique et la nature des marques indiqu\u00e9es[&#8230;]. <\/em><\/p>\n<p><em>Le rapport m\u00e9dical ne fait aucune mention d\u2019une \u00e9valuation psychologique ou psychiatrique, en d\u00e9pit des probl\u00e8mes de concentration, la peur et le stress excessif d\u00e9crits par la victime. Il s\u2019agit d\u2019une omission importante de l\u2019\u00e9valuation et du rapport, qui d\u00e9montre que l\u2019examen n\u2019est pas conforme aux normes internationales pour l\u2019\u00e9valuation des all\u00e9gations de torture\u00bb. <\/em><\/p>\n<p><em>On peut ainsi l\u00e9gitimement s\u2019interroger sur l\u2019ind\u00e9pendance des m\u00e9decins d\u00e9sign\u00e9s par les autorit\u00e9s de l\u2019Etat partie pour effectuer des expertises m\u00e9dicales et pour enqu\u00eater sur les all\u00e9gations de tortures comme dans le cas de M. Bouchta Charef, cit\u00e9 en exemple par les autorit\u00e9s marocaines dans ses r\u00e9ponses aux recommandations finales du CAT. <\/em><\/p>\n<p><em>Il convient de rappeler qu\u2019apr\u00e8s la publication de la vid\u00e9o relative \u00e0 M. Bouchta Charef post\u00e9e le 19 avril 2011 sur Youtube, dans laquelle il t\u00e9moigne des tortures subies lors de sa d\u00e9tention au secret \u00e0 T\u00e9mara et notamment d\u2019avoir \u00e9t\u00e9 viol\u00e9 par ses ge\u00f4liers au moyen d\u2019une bouteille, et de son appel \u00e0 des associations m\u00e9dicales ind\u00e9pendantes \u00e0 venir constater les violations subies par les d\u00e9tenus dans les prisons marocaines, les autorit\u00e9s du pays on accord\u00e9 une attention particuli\u00e8re \u00e0 cette affaire fortement m\u00e9diatis\u00e9e. <\/em><\/p>\n<p><em>L\u2019expertise en question avait \u00e9t\u00e9 r\u00e9alis\u00e9e par des m\u00e9decins choisis par l\u2019administration p\u00e9nitentiaire en pr\u00e9sence d\u2019agents des services de s\u00e9curit\u00e9. M. Charef a fait savoir qu\u2019il avait v\u00e9cu cet examen m\u00e9dical comme une humiliation suppl\u00e9mentaire et a contest\u00e9 les conclusions des experts en continuant \u00e0 revendiquer le droit d\u2019\u00eatre examin\u00e9 par des m\u00e9decins ind\u00e9pendants pour v\u00e9rifier ses all\u00e9gations. <\/em><\/p>\n<p><em>Ainsi, la d\u00e9nonciation publique de la torture par le ministre de la Justice laissait esp\u00e9rer des mesures concr\u00e8tes pour mettre un terme d\u00e9finitif \u00e0 cette pratique \u00e0 commencer par des enqu\u00eates s\u00e9rieuses et ind\u00e9pendantes sur les all\u00e9gations de tortures et la poursuite des auteurs. <\/em><\/p>\n<p><em>Or, tous les cas cit\u00e9s ci-dessus illustrent que les interventions des autorit\u00e9s marocaines dans les affaires les plus m\u00e9diatis\u00e9es et les expertises men\u00e9s par des m\u00e9decins choisis par les autorit\u00e9s sont insuffisantes. Ces m\u00e9decins m\u00e8nent des examens en toute h\u00e2te et en pr\u00e9sence de membres des services de s\u00e9curit\u00e9. Ces conditions ne sont pas conformes au Protocole d\u2019Istanbul relatif aux standards internationaux d\u2019enqu\u00eate sur la torture et autres peines ou traitements cruels, inhumains ou d\u00e9gradants.<\/em><\/p>\n<p><em>Quant aux m\u00e9decins l\u00e9gistes ind\u00e9pendants, propos\u00e9s par les associations pour mener des expertises m\u00e9dicales pour les d\u00e9tenus qui ont affirm\u00e9 avoir \u00e9t\u00e9 tortur\u00e9s, ils sont syst\u00e9matiquement refus\u00e9s par l\u2019administration p\u00e9nitentiaire, qui reste nous le rappelons, plac\u00e9e sous l\u2019autorit\u00e9 directe du Palais royal et non du minist\u00e8re de la justice\u00a0<\/em>\u00bb. (page 7)<\/p>\n<p>&nbsp;<\/p>\n<p><strong><a href=\"http:\/\/www.freeali.eu\/wp-content\/uploads\/2012\/12\/Hicham.jpg\"><img decoding=\"async\" title=\"Hicham\" alt=\"\" src=\"http:\/\/www.freeali.eu\/wp-content\/uploads\/2012\/12\/Hicham-300x225.jpg\" width=\"300\" height=\"225\" \/><\/a>Sur le Belge Hicham Bouhali Zriouil<br \/>\n<\/strong><\/p>\n<p>&nbsp;<\/p>\n<p>\u00ab\u00a0<em>Malgr\u00e9 ces recommandations, la loi anti-terroriste 03-03 reste toujours en vigueur dans sa forme initiale. Elle n\u2019a pas \u00e9t\u00e9 r\u00e9vis\u00e9e tant pour la question relative \u00e0 la d\u00e9finition m\u00eame du terrorisme que pour celle des d\u00e9lais de garde \u00e0 vue et des garanties fondamentales des pr\u00e9venus. <\/em><\/p>\n<p><em>Ainsi, la m\u00eame d\u00e9finition vague et extensive du terrorisme reste applicable ainsi que le fait que la facult\u00e9 de poursuivre des personnes pour les d\u00e9lits d\u2019apologie et d\u2019incitation au terrorisme, d\u00e9finis d\u2019une mani\u00e8re particuli\u00e8rement vague et sans que les faits poursuivis ne comportent n\u00e9cessairement un risque concret d\u2019action violente. <\/em><\/p>\n<p><em>De nombreuses personnes restent \u00e0 ce jour d\u00e9tenues apr\u00e8s avoir \u00e9t\u00e9 condamn\u00e9es en vertu de cette loi. D\u2019autres sont, encore aujourd\u2019hui, arr\u00eat\u00e9es ou extrad\u00e9es sous l\u2019emprise de cette loi, y compris pour des motifs politiques. <\/em><\/p>\n<p><em>C\u2019est ainsi que M. Hicham Bouhaili Zriouil, citoyen Belge d\u2019origine marocaine, accus\u00e9 de terrorisme et arr\u00eat\u00e9 en Syrie le 25 juillet 2011, a \u00e9t\u00e9 extrad\u00e9 vers le Maroc le 11 octobre 2011, par la force et pour des motifs inconnus, alors que la Belgique, pays dont il est ressortissant, avait \u00e9mis un mandat d\u2019arr\u00eat international contre lui. <\/em><\/p>\n<p><em>A son arriv\u00e9 au Maroc, M. Bouhaili Zriouil a \u00e9t\u00e9 d\u00e9tenu au secret et interrog\u00e9 pendant plus d\u2019une semaine par les services de s\u00e9curit\u00e9 et contraint de t\u00e9moigner contre lui-m\u00eame sous la contrainte. <\/em><\/p>\n<p><em>Il a \u00e9t\u00e9 accus\u00e9 de \u00ab formation d\u2019un groupe terroriste en vue de commettre des actes terroristes et l\u2019agression intentionnelle de la vie d\u2019autrui et \u00e0 leur s\u00e9curit\u00e9 \u00bb , d\u2019\u00ab atteinte \u00e0 la s\u00fbret\u00e9 nationale \u00bb, d\u2019\u00ab incitation \u00e0 l\u2019intimidation et \u00e0 la violence \u00bb et d\u2019\u00ab incitation d\u2019autrui \u00e0 commettre des crimes terroristes \u00bb, et, bien qu\u2019il ait formellement ni\u00e9 toutes ces accusations il a \u00e9t\u00e9 condamn\u00e9 \u00e0 vingt ann\u00e9es d\u2019emprisonnement ferme par la cour criminelle de Rabat, le 23 f\u00e9vrier 2012, le juge, s\u2019\u00e9tant bas\u00e9 pour justifier cette condamnation exclusivement sur les proc\u00e8s verbaux d\u2019enqu\u00eate pr\u00e9liminaire \u00e9tablis par les services de s\u00e9curit\u00e9 marocains et sur les proc\u00e8s verbaux d\u2019audition de M. Zriouil \u00e9tablis au cours de sa garde \u00e0 vue durant laquelle il a subi menaces et traitements cruels, inhumains et d\u00e9gradants. Comme dans la grande majorit\u00e9 des affaires de terrorisme, aucune preuve ni aucun \u00e9l\u00e9ment mat\u00e9riels n\u2019ont \u00e9t\u00e9 produits par l\u2019accusation pouvant justifier la condamnation\u00a0<\/em>\u00bb. (Page 5)<\/p>\n<p><img decoding=\"async\" alt=\"https:\/\/fbcdn-sphotos-d-a.akamaihd.net\/hphotos-ak-ash4\/418075_457442447652387_776611086_n.jpg\" src=\"https:\/\/fbcdn-sphotos-d-a.akamaihd.net\/hphotos-ak-ash4\/418075_457442447652387_776611086_n.jpg\" width=\"657\" height=\"922\" \/><\/p>\n<p>&nbsp;<\/p>\n<header>\n<address>Passeports, fouilles, 30 minutes de visite\u00a0et un go\u00fbt amer : visite \u00e0 Ali Aarrass, le vendredi 7 d\u00e9cembre \u00e0 12h<\/address>\n<\/header>\n<figure><img decoding=\"async\" alt=\"Passeports, fouilles, 30 minutes de visite\u00a0et un go\u00fbt amer : visite \u00e0 Ali Aarrass, le vendredi 7 d\u00e9cembre \u00e0 12h\" src=\"http:\/\/www.freeali.eu\/wp-content\/uploads\/2012\/12\/Farida-et-Mohamed-Dhanin-visite-Sal%C3%A9-618x190.jpg\" \/><\/figure>\n<p>&nbsp;<\/p>\n<p>Je me dirige \u00e0 la prison de Sal\u00e9 en fin de matin\u00e9e, accompagn\u00e9e de mon fils Mohamed Dahnin, 18 ans.<\/p>\n<p>Nos passeports sont exig\u00e9s, nous les remettons au garde qui les r\u00e9ceptionne tous et qui tr\u00e8s vite va encore demander le carnet de famille, pour prouver que c\u2019est bien de mon fils qu\u2019il s\u2019agit.<\/p>\n<p>Je conteste en me servant de l\u2019argument suivant :<\/p>\n<p>\u00ab Vous avez d\u00e9j\u00e0 autoris\u00e9 ma fille Sarah Dahnin \u00e0 rendre visite \u00e0 mon fr\u00e8re et cela sans aucun document en dehors du passeport. L\u00e0 il s\u2019agit de son fr\u00e8re Mohamed, j\u2019ai 7 enfants et il est fort probable que je vienne avec chacun d\u2019eux pour voir leur oncle. Vous n\u2019allez pas m\u2019ennuyer avec le m\u00eame baratin pour chacun d\u2019eux ?! V\u00e9rifiez votre registre des visiteurs et vous verrez bien que Sarah Dahnin, ma fille, a pu y entrer le voir et que donc il n\u2019y a pas de raison qu\u2019on refuse l\u2019acc\u00e8s \u00e0 mon fils \u00bb.<\/p>\n<p>Nous allons attendre \u00e0 l\u2019ext\u00e9rieur, environ une demi-heure. Cela va nous laisser le temps d\u2019observer avec peine, les proches parents d\u2019autres d\u00e9tenus, qui attendent aussi mais depuis bien plus longtemps que nous. Sous la pluie\u2026 Le regard de ces gens est triste et le teint p\u00e2le. Ils sont pour la plupart mal v\u00eatus, reflet de leur situation financi\u00e8re qui ne doit pas du tout \u00eatre rose.<\/p>\n<p>Une fois qu\u2019on nous a autoris\u00e9s \u00e0 rentrer, encore une p\u00e9riode d\u2019attente d\u2019une autre demi-heure dans la salle de fouilles de tout, des aliments, v\u00eatements et autre\u2026.<\/p>\n<p>J\u2019ai ramen\u00e9 entre autre, une plaque r\u00e9chaud \u00e9lectrique \u00e0 Ali, afin qu\u2019il puisse de nouveau cuisiner par lui-m\u00eame, vu que l\u2019autre plaque qu\u2019on lui avait achet\u00e9 lui a \u00e9t\u00e9 confisqu\u00e9e et ensuite vol\u00e9e par l\u2019adjoint du directeur de la prison. Nous lui avons ramen\u00e9 aussi du chocolat et des frangipanes, Ali aime beaucoup \u00e7a.<\/p>\n<p>Finalement une garde m\u2019appelle pour me fouiller \u00e0 l\u2019\u00e9cart. Elle va proc\u00e9der \u00e0 des fouilles corporelles et m\u2019accompagner jusque dans la salle de visites. Je r\u00e9alise qu\u2019ils ont s\u00e9par\u00e9 mon fils de moi\u2026Mon sang ne fait qu\u2019un tour. Je demande \u00e0 la gardienne o\u00f9 se trouve mon fils et elle me r\u00e9pond \u00e0 moiti\u00e9, en marmonnant, qu\u2019il arrive.<\/p>\n<p>Je ne me g\u00eane pas et lui demande encore une fois, il est o\u00f9 et pourquoi vous le laissez dehors ? Il est venu voir son oncle et je ne vois pas pourquoi vous l\u2019\u00e9loignez de moi alors qu\u2019il ne parle pas du tout l\u2019arabe et que c\u2019est bien la premi\u00e8re fois dans sa vie qu\u2019il rentre dans une prison ?<\/p>\n<p>La gardienne m\u2019ignore et continue \u00e0 parler comme si de rien n\u2019\u00e9tait au gars qui tient une sorte de petit magasin qui se trouve dans la salle des visites. Sur ce\u00a0 je me l\u00e8ve et m\u2019approche de la grille qui est ferm\u00e9e derri\u00e8re moi, en vain, puisqu\u2019elle simule bien ne pas me voir. Je m\u2019approche d\u2019elle et elle me dit en arabe, sur un ton imp\u00e9ratif : \u00ab Patiente qu\u2019est que t\u2019as toi ? Pourquoi t\u2019excites-tu comme \u00e7a ? \u00bb<\/p>\n<p>Je lui r\u00e9ponds : \u00ab Si toi tu as l\u2019habitude de ces lieux, ce n\u2019est point le cas pour nous, je ne me sens pas du tout rassur\u00e9e avec vos m\u00e9thodes ! Je veux que vous laissiez rentrer mon fils ou alors je pr\u00e9f\u00e8re sortir le rejoindre ! D\u2019ailleurs vous allez entendre parler de tout \u00e7a ! \u00bb<\/p>\n<p>La gardienne appelle de suite un garde par t\u00e9l\u00e9phone. Ce garde ne tarde pas \u00e0 venir, mais \u00e0 son tour ne r\u00e9agit pas. Il prend le trousseau de cl\u00e9s que la gardienne lui passe et ne dis rien et reste debout, plant\u00e9 devant moi.<\/p>\n<p>Je me rends compte que j\u2019ai \u00e0 faire \u00e0 des gens plus que bizarres, l\u2019arrogance et la malhonn\u00eatet\u00e9 sont si pr\u00e9sents en eux\u2026. Je d\u00e9cide de remettre \u00e7a et de ne pas me laisser faire. Je m\u2019adresse cette fois ci \u00e0 ce garde et lui dit, que mon fils est venu rendre visite \u00e0 son oncle en ma compagnie, mais que cela fait quasi 25 minutes qu\u2019ils l\u2019ont laiss\u00e9 dehors. Ce dernier sourit ironiquement et me dit que c\u2019est tout \u00e0 fait normal, que les femmes fouillent les femmes et les gardes hommes, les hommes. Sur ce je lui demande, qui va fouiller mon fils ? L\u00e0 il me r\u00e9pond \u00ab Moi \u00bb et je lui dis alors pourquoi le laissez vous attendre plus longtemps, il doit \u00eatre fort inquiet de ne pas avoir pu rentrer avec moi.<\/p>\n<p>Le garde prend mes dires tr\u00e8s \u00e0 la l\u00e9g\u00e8re et s\u2019en va tout doucement et en esquissant un sourire diabolique revient quelques minutes plus tard avec mon fils.<\/p>\n<p>Je respire enfin normalement et je m\u2019oblige \u00e0 faire semblant de rien devant lui.<\/p>\n<p>Pendant ce temps, j\u2019ai pu sentir des choses horribles, je vous jure que d\u2019\u00eatre la dedans n\u2019est d\u00e9j\u00e0 pas du tout rassurant, mais quand en plus ils s\u2019amusent avec vos nerfs avec un sang froid \u00e0 vous glacer le v\u00f4tre\u2026.<\/p>\n<p>Nous allons apr\u00e8s cela attendre encore 15 minutes approximativement avant de voir arriver Ali enfin. Il entre et avance dans la salle des visites avec un air tellement am\u00e8re. Un regard triste, exprimant un grand d\u00e9gout et les traits qui laissent para\u00eetre une grande fatigue. Cern\u00e9 et fl\u00e9tri comme s\u2019il se fanait.<\/p>\n<p>Mais d\u00e8s qu\u2019il nous voit, le sourire gagne tout son visage en \u00e9clat et en \u00e9motions ! Il va me serrer dans ses bras \u00e0 ne plus vouloir me l\u00e2cher, et de m\u00eame \u00e0 mon fils.<\/p>\n<p>Mon fils le serre aussi mais avec un bras et Ali lui fait la remarque tout en l\u2019\u00e9treignant de toutes ses force\u2026. Mais o\u00f9 est donc ton deuxi\u00e8me bras ? Et Mohamed r\u00e9agit imm\u00e9diatement en le levant et l\u2019enla\u00e7ant des plus belles. Ali poursuit en lui disant, mon Dieu que \u00e7a fait du bien\u2026. Je les observe et en \u00e9coutant Ali me rend compte \u00e0 quel point il manque de chaleur humaine et d\u2019affection dans ces lieux lugubres tenus par des diables.<\/p>\n<p>D\u2019habitude, sachant que nous venons de loin, les gardes sous les ordres de la direction, nous donnaient droit \u00e0 au moins deux heures de visite. Nous nous asseyons autour d\u2019une table et deux gardes prennent des chaises et s\u2019asseyaient \u00e0 un m\u00e8tre de notre table, pour entendre ce qu\u2019on se dit.<\/p>\n<p>Nous les avons ignor\u00e9s et donc commenc\u00e9s \u00e0 discuter \u00e0 notre aise, sans penser \u00e0 donner priorit\u00e9 aux choses les plus importantes, pensant avoir le temps de tout dire. J\u2019ai durant ce temps de discussion d\u00e9couvert qu\u2019Ali avait perdu encore une dent. Il s\u2019agit d\u2019une canine inf\u00e9rieure. Elle faisait partie des dents qui bougeaient enti\u00e8rement depuis la torture subie. On lui avait fracass\u00e9 des bouteilles \u00e0 la bouche\u2026.<\/p>\n<p>J\u2019ai pleur\u00e9 et ne savait que dire, Ali me regardait d\u2019un air qui en disait long, sans rien me dire, comme si pour lui cela ne signifiait plus rien \u00e0 cot\u00e9 de tout ce qu\u2019il a endur\u00e9.<\/p>\n<p>Alors que nous parlions d\u2019un peu de tout, voil\u00e0 que d\u00e8s la demi-heure pass\u00e9e, un garde est venu mettre un terme \u00e0 notre visite. Ali r\u00e9agit au quart de tour en disant que nous venons de tr\u00e8s loin, qu\u2019il ne voit jamais personne, que ce n\u2019est pas normal qu\u2019on veuille interrompre ainsi sa visite ! Mais le garde qui a pourtant l\u2019air g\u00ean\u00e9 insiste et simultan\u00e9ment s\u2019\u00e9loigne sans savoir que r\u00e9pondre. 5 minutes plus tard, ce m\u00eame fonctionnaire revient nous demander de quitter. Plus moyen de n\u00e9gocier ni d\u2019insister lorsqu\u2019il dit que ce n\u2019est pas lui mais les ordres.<\/p>\n<p>J\u2019ai senti cette interruption comme une rupture terrible car je voyais bien qu\u2019Ali avait besoin d\u2019\u00eatre en notre compagnie. Il n\u2019\u00e9tait pas tr\u00e8s bien physiquement, m\u00eame si le moral semble lui plut\u00f4t bon.<\/p>\n<p>Quoi qu\u2019il en soit, Ali ne va pas bien physiquement, j\u2019insiste pour qu\u2019il soit vu d\u2019urgence par des sp\u00e9cialistes.<\/p>\n<p>Il m\u2019a d\u00e9crit le malaise qu\u2019il a eu. Il a \u00e9t\u00e9 pris d\u2019une douleur extr\u00eamement forte dans le bas ventre, douleur qui l\u2019emp\u00eachait de respirer, jusqu\u2019\u00e0 en perdre connaissance.<\/p>\n<p>Il m\u2019a aussi dit qu\u2019il a \u00e9t\u00e9 pris de frayeur lorsqu\u2019en se r\u00e9veillant il a vu l\u2019infirmier en train de le piquer au doigt. Ali le haie et se m\u00e9fie de lui comme de la peste. L\u2019histoire des r\u00e9sultats sanguins perdure, on refuse toujours de lui donner les r\u00e9sultats.<\/p>\n<p>Ali est pour le moment dans l\u2019aile B du pavillon II de Sal\u00e9. Il a \u00e9t\u00e9 seul pendant quelques jours, mais pas en isolation. Il a droit \u00e0 une heure de promenade dans la cour le matin et une autre heure le soir. Il en profite pour faire du sport. Il y a peu il avait droit \u00e0 4 heures de sortie dans la cour.<\/p>\n<p>J\u2019ai du reprendre le nouveau r\u00e9chaud car les gardes savaient qu\u2019Ali avait r\u00e9cup\u00e9r\u00e9 le sien. Ce r\u00e9chaud, Ali ne peut plus l\u2019utiliser dans sa cellule, ils ont chang\u00e9 les fusibles et ont mis des plus faibles, ce qui fait que tout saute chaque fois qu\u2019il le branche, et cela m\u00eame alors qu\u2019il \u00e9tait seul dans l\u2019aile B. Du coup, Ali doit cuisiner au fond du Hall de l\u2019aile B, la prise se trouve tout au fond du couloir \u00e0 l\u2019oppos\u00e9 de sa cellule. En somme comme il le dit, ici il faut se battre et surtout beaucoup patienter pour trouver le moyen de subsister. J\u2019ai appris aujourd\u2019hui que ce r\u00e9chaud est en panne, ils l\u2019ont d\u00e9traqu\u00e9 et moi j\u2019ai repris l\u2019autre <img decoding=\"async\" alt=\":-(\" src=\"http:\/\/www.freeali.eu\/wp-includes\/images\/smilies\/icon_sad.gif\" \/> De vrais ordures!<\/p>\n<p>Et pourtant, malgr\u00e9 tout Ali semble avoir le moral, il est tr\u00e8s r\u00e9aliste et dis tr\u00e8s clairement qu\u2019il ne croit pas du tout en une lib\u00e9ration proche. Il d\u00e9veloppe des moyens de r\u00e9sistance, mais je me sens fort inqui\u00e8te pour lui malgr\u00e9 cela.<\/p>\n<p>Ali a re\u00e7u 17 lettres d\u2019un coup, merci \u00e0 vous tous!<\/p>\n<p>Ali n\u2019a pas re\u00e7u de coups durant la derni\u00e8re r\u00e9volte des prisonniers mais comme je vous l\u2019avais dit, il a \u00e9t\u00e9 mis s\u00e9rieusement sous pression. Nous pensons que c\u2019est gr\u00e2ce au soutien de toutes parts qu\u2019ils n\u2019osent plus lui administrer des coups.<\/p>\n<p>Le nouvel adjoint du directeur semble beaucoup se m\u00e9fier d\u2019Ali, vu qu\u2019on pr\u00e9tend que l\u2019ancien aurait \u00e9t\u00e9 d\u00e9mis de sa fonction \u00e0 cause de la plainte de mon fr\u00e8re. Reste \u00e0 v\u00e9rifier, m\u00eame si c\u2019est ce que les prisonniers ont dit \u00e0 Ali. Le nouvel adjoint r\u00e9pond donc aux diff\u00e9rentes demandes d\u2019Ali par un : \u00ab va voir le directeur. \u00bb<\/p>\n<p>Vous vous rendez compte, que nous avons fait plus de 2200 km, pris un avion, un train, un taxi, pour seulement une demi heure de visite ?! C\u2019est inadmissible !<\/p>\n<p>Farida Aarrass.<\/p>\n<address>Dimanche \/ zondag 6 jan 2013<br \/>\n12-14 h\/uMonument La Pasionaria, Avenue Stalingrad, 1000 BxlRassemblement mensuel pour les d\u00e9tenus belgo-marocains dans les prisons marocaines<br \/>\nMaandelijkse bijeenkomst voor de Belgisch-Marokkaanse gedetineerden in de Marokkaanse gevangenissen<\/p>\n<p>Abandon des d\u00e9tenus et de leurs familles par la Belgique<br \/>\nTorture,maltraitance, proc\u00e8s in\u00e9quitables au Maroc :<\/p>\n<p>STOP!<\/p>\n<p>Belgi\u00eb laat ons in de steek<br \/>\nMarokko foltert en ontzegt ons het recht op een eerlijk proces :<\/p>\n<p>STOP!<\/p>\n<p>org. Comit\u00e9 des familles des d\u00e9tenus europ\u00e9ens dans les prisons marocaines \/ Comit\u00e9 van de families van Europese gedetineerden in Marokkaanse gevangenissen<\/p>\n<\/address>\n<address><img decoding=\"async\" alt=\"https:\/\/fbcdn-sphotos-d-a.akamaihd.net\/hphotos-ak-ash4\/377826_10200145968512583_995354754_n.jpg\" src=\"https:\/\/fbcdn-sphotos-d-a.akamaihd.net\/hphotos-ak-ash4\/377826_10200145968512583_995354754_n.jpg\" \/><\/address>\n<\/header>\n<address>Eerste bijeenkomst in Brussel van het Comit\u00e9 van de families van de Europese gevangenen in Marokko<\/address>\n<div>\n<div dir=\"ltr\">\n<div><a href=\"http:\/\/1.bp.blogspot.com\/-B5ky4YdhTy8\/UMneLnLUawI\/AAAAAAAABZ0\/4-KQsKKzcM4\/s1600\/la+soeur+parle.jpg\"><img decoding=\"async\" alt=\"\" src=\"https:\/\/lh3.ggpht.com\/-B5ky4YdhTy8\/UMneLnLUawI\/AAAAAAAABZ0\/4-KQsKKzcM4\/s320\/la+soeur+parle.jpg\" width=\"320\" height=\"249\" border=\"0\" \/><\/a><\/div>\n<div><a href=\"http:\/\/2.bp.blogspot.com\/-9bkPWCdGWW8\/UMneWX-bLiI\/AAAAAAAABaA\/uMoUB2scgf4\/s1600\/pour+Bekhti+9+d%C3%A9cembre.jpg\"><img decoding=\"async\" alt=\"\" src=\"https:\/\/lh3.ggpht.com\/-9bkPWCdGWW8\/UMneWX-bLiI\/AAAAAAAABaA\/uMoUB2scgf4\/s320\/pour+Bekhti+9+d%C3%A9cembre.jpg\" width=\"320\" height=\"212\" border=\"0\" \/><\/a><\/div>\n<div><a href=\"http:\/\/1.bp.blogspot.com\/-yFl95S_Ayw0\/UMnehPWf5xI\/AAAAAAAABaI\/_vfCELVBIL8\/s1600\/Farida+Mona+9+d%C3%A9cembre.jpg\"><img decoding=\"async\" alt=\"\" src=\"https:\/\/lh3.ggpht.com\/-yFl95S_Ayw0\/UMnehPWf5xI\/AAAAAAAABaI\/_vfCELVBIL8\/s320\/Farida+Mona+9+d%C3%A9cembre.jpg\" width=\"320\" height=\"197\" border=\"0\" \/><\/a><\/div>\n<div><a href=\"http:\/\/2.bp.blogspot.com\/-2vAGRN44m0o\/UMnetleWR2I\/AAAAAAAABaQ\/kEN2va7qQ4Q\/s1600\/groupe+9+d%C3%A9cembre.jpg\"><br \/>\n<\/a><\/div>\n<p>Naar aanleiding van de Internationale Dag van de Mensenrechten, kwamen een zestigtal familieleden en vrienden van Belgisch-Marokkaanse gevangenen in Marokkaanse gevangenissen samen rond het Monument ter ere van de Marokkaanse immigratie in Brussel. Ze gaven op die manier een heel andere dimensie aan die dag, wars van alle mooie verklaringen en officiele discours.<br \/>\nDoor hun vaak ontroerende getuigenissen en met foto\u2019s en spandoeken, trokken de zusters, moeders, oma\u2019s en kinderen van de gevangenen de aandacht van de voorbijgangers op de situatie van hun familieleden in de Marokkaanse gevangenissen.<br \/>\nZe kloegen de houding van Belgi\u00eb aan, dat elke hulp weigert aan de gevangenen en hun families in naam van de \u00ab\u00a0dubbele nationaliteit\u00a0\u00bb van de betrokkenen. Belgi\u00eb maakt zich op die manier medeplichtig aan de mishandeling en zelfs aan de foltering van deze gevangenen.<br \/>\nIn het Frans, Nederlands en Arabisch kondigden de families aan dat ze met hun actie zullen doorgaan tot hun familieleden goed worden behandeld, tot zij onder de bescherming van Belgi\u00eb worden geplaatst, tot ze naar Belgi\u00eb worden overgebracht als ze daarom vragen, tot ze onmiddellijk worden vrijgelaten ingeval ze zijn gemarteld.<br \/>\nNaar het voorbeeld van de moeders van de verdwenen kinderen in Belgi\u00eb in de jaren negentig, en net als de Moeders in het Zwart in Argentini\u00eb, die op zoek waren naar hun verdwenen en gemartelde zoons en dochters, zullen de families elke eerste zondag van de maand van 12 tot 14 uur verzamelen rond het Monument Pasionaria. De volgende bijeenkomst gaat door op zondag 6 januari 2013. Gezien de economische crisis, de overbevolkte gevangenissen in Marokko en Belgi\u00eb, het racistisch en islamofoob klimaat, beseffen de families goed dat hun strijd erg moeilijk zal zijn. Maar ondanks die moeilijkheden, nemen ze zich voor om nooit op te geven.<\/p>\n<p><a href=\"http:\/\/2.bp.blogspot.com\/-2vAGRN44m0o\/UMnetleWR2I\/AAAAAAAABaQ\/kEN2va7qQ4Q\/s1600\/groupe+9+d%C3%A9cembre.jpg\"><img decoding=\"async\" alt=\"\" src=\"https:\/\/lh3.ggpht.com\/-2vAGRN44m0o\/UMnetleWR2I\/AAAAAAAABaQ\/kEN2va7qQ4Q\/s320\/groupe+9+d%C3%A9cembre.jpg\" width=\"320\" height=\"194\" border=\"0\" \/><\/a>Waarom kozen de families voor de datum van de Internationale Dag van de Mensenrechten om hun actie te starten?<br \/>\nTen eerste, omdat die Verklaring, vandaag 64 jaar oud, de fundamentele rechten van de personen vastlegde, na de verschrikkingen van de Tweede Wereldoorlog en na de misbruiken en de wreedheden, die begaan werden door de politie en de rechtbanken van de dictaturen.<br \/>\nDe rechten en vrijheden, vastgelegd in de Verklaring van de rechten van de mens, zijn universeel. Ze hebben voorrang op elke andere overweging. Ze zijn gemaakt om di\u00e9 mensen te beschermen, die niet beschikken over deze rechten, en dus niet voor degenen die ze al hebben. Dat wil zeggen, ze dienen om diegenen te beschermen die door de maatschappij worden uitgesloten, diegenen die onzichtbaar zijn gemaakt, degenen die ontmenselijkt werden, degenen die vandaag worden beschuldigd of veroordeeld worden als \u00ab\u00a0verdachte van terrorisme\u00a0\u00bb of als \u00ab\u00a0grote crimineel\u00a0\u00bb.<br \/>\nDe Verklaring van de rechten van de mens is een duidelijke boodschap aan allen die een selectiviteit aan de dag leggen in de verdediging van de fundamentele rechten van een persoon, en die hun solidariteit afhankelijk maken van zijn nationaliteit, de feiten waarvan hij beschuldigd wordt, zijn ideologie of zijn religie.<\/p>\n<div><a href=\"http:\/\/4.bp.blogspot.com\/-mOOpq7Z4bP8\/UMhkByn-rnI\/AAAAAAAABYo\/2GiBQGsInC8\/s1600\/familles+9+d%25C3%25A9cembre+IX+venues+d%2527Anvers.jpg\"><img decoding=\"async\" alt=\"\" src=\"https:\/\/lh3.ggpht.com\/-mOOpq7Z4bP8\/UMhkByn-rnI\/AAAAAAAABYo\/2GiBQGsInC8\/s320\/familles+9+d%25C3%25A9cembre+IX+venues+d%2527Anvers.jpg\" width=\"320\" height=\"239\" border=\"0\" \/><\/a><\/div>\n<div><a href=\"http:\/\/3.bp.blogspot.com\/-Up4UC8ZNeT4\/UMhjv2Ofb3I\/AAAAAAAABYg\/EjCWcy3Fn58\/s1600\/grand+m%25C3%25A8re+parle+9+d%25C3%25A9cembre.jpg\"><img decoding=\"async\" alt=\"\" src=\"https:\/\/lh3.ggpht.com\/-Up4UC8ZNeT4\/UMhjv2Ofb3I\/AAAAAAAABYg\/EjCWcy3Fn58\/s320\/grand+m%25C3%25A8re+parle+9+d%25C3%25A9cembre.jpg\" width=\"320\" height=\"320\" border=\"0\" \/><\/a><\/div>\n<div><a href=\"http:\/\/1.bp.blogspot.com\/-8wNOj5xvdGc\/UMngIzN2G4I\/AAAAAAAABaY\/4I0ENXUKhs8\/s1600\/Dounia+parle+9+d%C3%A9cembre+2012.jpg\"><img decoding=\"async\" alt=\"\" src=\"https:\/\/lh3.ggpht.com\/-8wNOj5xvdGc\/UMngIzN2G4I\/AAAAAAAABaY\/4I0ENXUKhs8\/s320\/Dounia+parle+9+d%C3%A9cembre+2012.jpg\" width=\"320\" height=\"277\" border=\"0\" \/><\/a><\/div>\n<p>Vervolgens is er een fundamentele bescherming die voortvloeit uit de Verklaring van de Rechten van de Mens.<br \/>\nDe toepassing van de Verklaring van de rechten van de mens is de voorwaarde die moet vervuld zijn om te kunnen spreken van een eerlijke en rechtvaardige rechtsgang.<br \/>\nAlle bekentenissen van een verdachte die verkregen werden door mishandeling of door marteling moeten door een rechtbank worden verworpen. Wanneer de staat, de ambtenaren of de politie de fundamentele rechten van het individu schenden, dan volgt daaruit dat iedere vervolging, proces of straf moet worden ongedaan gemaakt en dat de verdachte moet worden vrijgelaten. Deze regel kan er zelfs toe leiden dat \u00ab\u00a0echte schuldigen\u00a0\u00bb vrijuit gaan. Maar die regel beschermt ons precies tegen de willekeur en het misbruik vanwege de staat of de politie. Deze misbruiken zouden immers heel snel een routinepraktijk van de staat worden in geval men een misbruik zonder radicaal gevolg zou laten. Zoals dat nu het geval is in Marokko, waar marteling en mishandeling van gevangenen onderdeel van een systeem zijn geworden.<br \/>\nDe praktijken van de (geheime) politie en de situatie in de Marokkaanse gevangenissen zijn in flagrante tegenspraak met de Verklaring van de rechten van de mens.<br \/>\nDe situatie in de gevangenissen is hels. Het Marokkaanse rechtssysteem is in totale crisis. Een\u00a0 recent voorbeeld: in plaats van 4000 gedetineerden in een gevangenis in Casablanca, zijn er nu niet minder dan 16.000 gevangenen. Er is een recidive van bijna 90%. De verantwoordelijken voor deze situatie wassen hun handen in onschuld. Iedereen schuift de verantwoordelijkheid door naar een ander.<br \/>\nDie dramatische situatie op het vlak van de gevanghenissen werd opnieuw uitvoerig beschreven in een aantal recente rapporten. Zoals dat van Juan Mendez, de speciale VN-rapporteur inzake foltering, en in het rapport van de CNDH, een mensenrechtenorganisatie die werd opgericht en benoemd door koning Mohammed VI zelf.<br \/>\nBelgi\u00eb heeft deze situatie steeds ontkend en blijft dit doen tot op vandaag.<br \/>\nAl jaren moeten de families van Belgisch-Marokkaanse gedetineerden in Marokko uit de mond van ambtenaren van ons Ministerie van Buitenlandse Zaken vernemen dat ze \u00ab\u00a0nog nooit gehoord hebben over foltering in Marokko.\u00a0\u00bb Alsof er niets aan de hand was, worden sinds 1 mei 2011 een paar dozijn gevangenen met de Marokkaanse nationaliteit, onder druk van extreem-rechts om de publieke opinie te behagen tegen hun wil uit Belgi\u00eb getransfereerd naar de Marokkaanse gevangenissen. Belgi\u00eb speelt gerechtelijke dossiers door aan de Marokkaanse autoriteiten, maar weigert tegelijk elke hulp of interventie voor een gevangene.<\/p>\n<p>Hier zijn de vragen waarop de gezinnen een antwoord willen van het Belgische Ministerie van Buitenlandse Zaken en Justitie :<br \/>\nHoe kan men rechtvaardigen dat een Belgisch-Marokkaanse Belg niet over dezelfde bijstand kan beschikken dan een andere Belg ?<br \/>\nWaarom weigert men ons een consulair bezoek in de gevangenis om zich tenminste van de lichamelijke en geestelijke gezondheid van onze familieleden te vergewissen? Zo\u2019n bezoeken zouden al een hoop zorgen kunnen wegnemen bij de families, die zich hier, op 2000 km afstand bevinden van hun familielid, die niet weten wie te contacteren in een land dat ze vaak niet eens kennen.<br \/>\nWaarom kan Belgi\u00eb Marokko niet dwingen arokko om de nodige maatregelen te nemen voor de gezondheid, de hygi\u00ebne, de voeding, de medische zorgen, de overbevolking\u2026 wat een gunstig effect voor alle gevangenen zou kunnen hebben?<br \/>\nWaarom handhaaft Belgi\u00eb zijn gerechtelijke samenwerking met Marokko ?<br \/>\nHoe rechtvaardigt Belgi\u00eb dat het de Belgische nationaliteit afneemt van sommige van onze familieleden, waardoor men hen nog meer blootstelt aan de misbruiken het Marokkaanse gerechtelijke systeem? Hoe rechtvaardigt Belgi\u00eb de transfert van Marokkaanse gevangenen uit Belgi\u00eb naar Marokko? En waarom blijven tegelijk onze verzoeken om een transfert van onze familieleden naar Belgi\u00eb dode letter?<br \/>\nHet in de steek laten van de burgers, die over een dubbele nationaliteit beschikken, is een gemeenschappelijk kenmerk van alle Europese landen. Maar Belgi\u00eb steekt op dit punt de andere Europese landen voorbij. Waarom heeft bijvoorbeeld een Belgisch-Marokkaanse gedetineerde geen recht op een Belgische advocaat, zoals dat wel het geval is voor de Frans-Marokkaanse gevangenen, die recht hebben op een Franse advocaat? Waarom ontvangen Belgisch-Marokkaanse gevangenen niet eens een minimale financi\u00eble steun van de staat, zonder dewelke het onmogelijk is om te overleven in\u00a0 de Marokkanse\u00a0 gevangenissen, zoals dat bijvoorbeeld wel gebeurt door Spanje voor de Spaans-Marokkaanse gevangenen?<\/p>\n<div><a href=\"http:\/\/1.bp.blogspot.com\/-JUha1AcQqHc\/UMngU7C7dQI\/AAAAAAAABag\/LqRkOtYU0pE\/s1600\/Enfant+qui+pleure+9+de%C3%A9cembre+2012.jpg\"><img decoding=\"async\" alt=\"\" src=\"https:\/\/lh3.ggpht.com\/-JUha1AcQqHc\/UMngU7C7dQI\/AAAAAAAABag\/LqRkOtYU0pE\/s320\/Enfant+qui+pleure+9+de%C3%A9cembre+2012.jpg\" width=\"320\" height=\"236\" border=\"0\" \/><\/a><\/div>\n<p>Het Comite van de Families van Europese gedetineerden in Marokko zal blijven vechten totdat de families een antwoord krijgen op deze vragen. Een antwoord dat beantwoordt aan de Verklaring van de Rechten van de Mens.<\/p>\n<p><strong>Luk Vervaet<\/strong><\/p>\n<div><a href=\"http:\/\/1.bp.blogspot.com\/-RSX2xJTy6nA\/UMnhlr936gI\/AAAAAAAABao\/f8ebJchLu0M\/s1600\/familles+Nassera+etc+9+d%C3%A9cembre.jpg\"><img decoding=\"async\" alt=\"\" src=\"https:\/\/lh3.ggpht.com\/-RSX2xJTy6nA\/UMnhlr936gI\/AAAAAAAABao\/f8ebJchLu0M\/s320\/familles+Nassera+etc+9+d%C3%A9cembre.jpg\" width=\"320\" height=\"178\" border=\"0\" \/><\/a><\/div>\n<\/div>\n<\/div>\n<\/div>\n","protected":false},"excerpt":{"rendered":"<p>Publi\u00e9 par Luk Vervaet Premier rassemblement \u00e0 Bruxelles du Comit\u00e9 des familles des d\u00e9tenus europ\u00e9ens au Maroc, par Luk Vervaet A l\u2019occasion de la Journ\u00e9e mondiale des droits de l\u2019homme, une soixante de membres de famille et amis des d\u00e9tenus belgo-marocains dans les prisons marocaines, se sont r\u00e9unis autour du Monument \u00e0 l\u2019honneur de l\u2019immigration &#8230; <a title=\"Rassemblement pour les d\u00e9tenus belgo-marocains dans les prisons marocaines\" class=\"read-more\" href=\"https:\/\/bruxelles-pantheres.be\/?p=643\" aria-label=\"En savoir plus sur Rassemblement pour les d\u00e9tenus belgo-marocains dans les prisons marocaines\">Lire la suite<\/a><\/p>\n","protected":false},"author":1,"featured_media":564,"comment_status":"open","ping_status":"open","sticky":false,"template":"","format":"standard","meta":{"footnotes":""},"categories":[24,4,8,18,28],"tags":[],"class_list":["post-643","post","type-post","status-publish","format-standard","has-post-thumbnail","hentry","category-belgique-maroc","category-islamophobie","category-prisons","category-resistance-bruxelles","category-racismes"],"_links":{"self":[{"href":"https:\/\/bruxelles-pantheres.be\/index.php?rest_route=\/wp\/v2\/posts\/643","targetHints":{"allow":["GET"]}}],"collection":[{"href":"https:\/\/bruxelles-pantheres.be\/index.php?rest_route=\/wp\/v2\/posts"}],"about":[{"href":"https:\/\/bruxelles-pantheres.be\/index.php?rest_route=\/wp\/v2\/types\/post"}],"author":[{"embeddable":true,"href":"https:\/\/bruxelles-pantheres.be\/index.php?rest_route=\/wp\/v2\/users\/1"}],"replies":[{"embeddable":true,"href":"https:\/\/bruxelles-pantheres.be\/index.php?rest_route=%2Fwp%2Fv2%2Fcomments&post=643"}],"version-history":[{"count":1,"href":"https:\/\/bruxelles-pantheres.be\/index.php?rest_route=\/wp\/v2\/posts\/643\/revisions"}],"predecessor-version":[{"id":644,"href":"https:\/\/bruxelles-pantheres.be\/index.php?rest_route=\/wp\/v2\/posts\/643\/revisions\/644"}],"wp:featuredmedia":[{"embeddable":true,"href":"https:\/\/bruxelles-pantheres.be\/index.php?rest_route=\/wp\/v2\/media\/564"}],"wp:attachment":[{"href":"https:\/\/bruxelles-pantheres.be\/index.php?rest_route=%2Fwp%2Fv2%2Fmedia&parent=643"}],"wp:term":[{"taxonomy":"category","embeddable":true,"href":"https:\/\/bruxelles-pantheres.be\/index.php?rest_route=%2Fwp%2Fv2%2Fcategories&post=643"},{"taxonomy":"post_tag","embeddable":true,"href":"https:\/\/bruxelles-pantheres.be\/index.php?rest_route=%2Fwp%2Fv2%2Ftags&post=643"}],"curies":[{"name":"wp","href":"https:\/\/api.w.org\/{rel}","templated":true}]}}