{"id":6443,"date":"2025-08-21T22:36:19","date_gmt":"2025-08-21T21:36:19","guid":{"rendered":"https:\/\/bruxelles-pantheres.be\/?p=6443"},"modified":"2025-08-21T22:36:19","modified_gmt":"2025-08-21T21:36:19","slug":"66-519-deces-recenses-liste-united-des-deces-de-refugies-en-2025","status":"publish","type":"post","link":"https:\/\/bruxelles-pantheres.be\/?p=6443","title":{"rendered":"66\u00a0519 d\u00e9c\u00e8s recens\u00e9s \u2013 Liste UNITED des d\u00e9c\u00e8s de r\u00e9fugi\u00e9s en 2025"},"content":{"rendered":"<p data-start=\"509\" data-end=\"653\">L\u2019ONG <strong data-start=\"515\" data-end=\"550\">UNITED for Intercultural Action<\/strong> publie l\u2019\u00e9dition 2025 de la <strong data-start=\"579\" data-end=\"610\">Liste des d\u00e9c\u00e8s de r\u00e9fugi\u00e9s<\/strong>, recensant <strong data-start=\"622\" data-end=\"650\">66 519 morts depuis 1993<\/strong>.<\/p>\n<p data-start=\"655\" data-end=\"1163\">Ces morts ne sont pas des \u00ab accidents \u00bb de parcours, ni de simples \u00ab trag\u00e9dies \u00bb. Elles sont le produit direct d\u2019une politique europ\u00e9enne qui a choisi la mort comme instrument de gouvernement : militarisation des fronti\u00e8res, externalisation des contr\u00f4les, accords cyniques avec des r\u00e9gimes autoritaires pour bloquer les routes migratoires. L\u2019Union europ\u00e9enne et ses \u00c9tats membres portent une responsabilit\u00e9 criminelle : <strong data-start=\"1075\" data-end=\"1161\">chaque nom inscrit dans cette liste est une accusation contre l\u2019Europe forteresse.<\/strong><\/p>\n<p><!--more--><\/p>\n<div class=\"adL\">\n<blockquote>\n<p data-start=\"291\" data-end=\"502\"><strong data-start=\"291\" data-end=\"361\">66 519 morts recens\u00e9s \u2013 Liste UNITED des d\u00e9c\u00e8s de r\u00e9fugi\u00e9s en 2025<\/strong><br data-start=\"361\" data-end=\"364\" \/><em data-start=\"364\" data-end=\"438\">(UNITED for Intercultural Action \u2013 <a class=\"decorated-link cursor-pointer\" rel=\"noopener\" data-start=\"400\" data-end=\"436\">listofdeaths@unitedagainstracism.org<\/a>)<\/em><br data-start=\"438\" data-end=\"441\" \/>[<a class=\"decorated-link\" href=\"https:\/\/campaign-statistics.com\/b\/c\/aOwQxQ-QkLGg0Z-4AAL88\" target=\"_new\" rel=\"noopener\">https:\/\/campaign-statistics.com\/b\/c\/aOwQxQ-QkLGg0Z-4AAL88<\/a>]<\/p>\n<\/blockquote>\n<p data-start=\"291\" data-end=\"502\"><img decoding=\"async\" class=\"size-medium wp-image-5168 aligncenter\" src=\"https:\/\/bruxelles-pantheres.be\/wp-content\/uploads\/2022\/06\/cropped-AF-logo-1-1024x710-1-300x208.png\" alt=\"\" width=\"300\" height=\"208\" srcset=\"https:\/\/bruxelles-pantheres.be\/wp-content\/uploads\/2022\/06\/cropped-AF-logo-1-1024x710-1-300x208.png 300w, https:\/\/bruxelles-pantheres.be\/wp-content\/uploads\/2022\/06\/cropped-AF-logo-1-1024x710-1-768x533.png 768w, https:\/\/bruxelles-pantheres.be\/wp-content\/uploads\/2022\/06\/cropped-AF-logo-1-1024x710-1.png 1024w\" sizes=\"(max-width: 300px) 100vw, 300px\" \/><\/p>\n<h3 data-start=\"1170\" data-end=\"1200\">UNE CONTINUIT\u00c9 COLONIALE<\/h3>\n<p data-start=\"1202\" data-end=\"1670\">Cette liste n\u2019est pas seulement un document contemporain : elle est le miroir d\u2019une histoire longue, celle de l\u2019Europe coloniale. Hier, les corps noirs et arabes \u00e9taient entass\u00e9s dans les cales des bateaux n\u00e9griers. Aujourd\u2019hui, ils s\u2019entassent dans les canots pneumatiques de fortune. Hier, ils mouraient sous le fouet des colons, aujourd\u2019hui ils meurent noy\u00e9s en M\u00e9diterran\u00e9e, abandonn\u00e9s par les garde-c\u00f4tes europ\u00e9ens ou refoul\u00e9s vers les camps de torture libyens.<\/p>\n<p data-start=\"1672\" data-end=\"2017\">Les chiffres de la liste UNITED prolongent les chiffres du commerce triangulaire et des massacres coloniaux : ils disent la m\u00eame logique de supr\u00e9matie blanche, la m\u00eame hi\u00e9rarchie raciale des vies, la m\u00eame indiff\u00e9rence face aux morts non-europ\u00e9ens. <strong data-start=\"1920\" data-end=\"2015\">De l\u2019Atlantique \u00e0 la M\u00e9diterran\u00e9e, l\u2019Europe continue de fabriquer des cimeti\u00e8res maritimes.<\/strong><\/p>\n<blockquote>\n<h3 data-start=\"2024\" data-end=\"2061\">66 519 VIES, 66 519 ACCUSATIONS<\/h3>\n<\/blockquote>\n<p data-start=\"2063\" data-end=\"2361\">Nous savons que cette liste est incompl\u00e8te : des milliers d\u2019autres morts ne seront jamais compt\u00e9s, jamais identifi\u00e9s, jamais reconnus. Mais UNITED m\u00e8ne ce travail essentiel de m\u00e9moire et de r\u00e9sistance : donner une trace, un nom, une dignit\u00e9, l\u00e0 o\u00f9 l\u2019Europe veut l\u2019oubli, l\u2019anonymat et le silence.<\/p>\n<p data-start=\"2363\" data-end=\"2735\">Chaque chiffre est politique. Chaque mort est le produit d\u2019un choix conscient : choisir de fermer les fronti\u00e8res, choisir de refouler, choisir de financer des dictatures pour arr\u00eater les migrants avant m\u00eame qu\u2019ils ne franchissent la M\u00e9diterran\u00e9e. <strong data-start=\"2610\" data-end=\"2733\">Ces politiques migratoires sont des politiques de mort, pens\u00e9es, financ\u00e9es et assum\u00e9es par les gouvernements europ\u00e9ens.<\/strong><\/p>\n<blockquote>\n<h3 data-start=\"2742\" data-end=\"2777\">LA LISTE COMME ARME POLITIQUE<\/h3>\n<\/blockquote>\n<p data-start=\"2779\" data-end=\"2994\">La publication annuelle de cette liste, \u00e0 l\u2019approche de la <strong data-start=\"2838\" data-end=\"2881\">Journ\u00e9e mondiale des r\u00e9fugi\u00e9s (20 juin)<\/strong>, n\u2019est pas un geste humanitaire neutre. C\u2019est un acte de lutte, une arme politique contre l\u2019amn\u00e9sie organis\u00e9e.<\/p>\n<p data-start=\"2996\" data-end=\"3314\">Elle nourrit des lectures publiques, des expositions, des interventions artistiques et des manifestations \u00e0 travers l\u2019Europe \u2013 comme #BeimNamenNennen en Allemagne et en Suisse. Partout, elle rappelle : <strong data-start=\"3198\" data-end=\"3312\">ces morts ne sont pas naturelles, elles sont politiques. Elles ne sont pas in\u00e9vitables, elles sont organis\u00e9es.<\/strong><\/p>\n<p data-start=\"3316\" data-end=\"3552\">\ud83d\udc49 Pour t\u00e9l\u00e9charger l\u2019\u00e9dition 2025 en PDF : <a class=\"decorated-link\" href=\"https:\/\/campaign-statistics.com\/link_click\/aOwQxQ-QkLGg0Z-4AAL88\/d67aca9c8e36c593ec070862c674e36b\" target=\"_new\" rel=\"noopener\" data-start=\"3360\" data-end=\"3490\">UnitedAgainstRefugeeDeaths.eu<\/a><br data-start=\"3490\" data-end=\"3493\" \/>\n<\/p>\n<blockquote>\n<h3 data-start=\"3559\" data-end=\"3613\">BRUXELLES PANTH\u00c8RES : SOUTIEN TOTAL \u00c0 UNITED<\/h3>\n<\/blockquote>\n<p data-start=\"3615\" data-end=\"3751\"><strong data-start=\"3619\" data-end=\"3642\">Bruxelles Panth\u00e8res<\/strong>, collectif antiraciste politique et d\u00e9colonial, affirment leur plein soutien \u00e0 ce travail vital de UNITED.<\/p>\n<p data-start=\"3753\" data-end=\"4031\">Documenter ces morts, c\u2019est refuser l\u2019effacement, c\u2019est refuser le mensonge des institutions europ\u00e9ennes qui voudraient pr\u00e9senter ces d\u00e9c\u00e8s comme des \u00ab drames humanitaires \u00bb sans responsables. Non : <strong data-start=\"3952\" data-end=\"4029\">les responsables sont connus, ils si\u00e8gent \u00e0 Bruxelles, \u00e0 Paris, \u00e0 Berlin.<\/strong><\/p>\n<p data-start=\"4033\" data-end=\"4332\">Pour nous, chaque nom de cette liste est une preuve \u00e0 charge dans le proc\u00e8s de l\u2019Europe coloniale et imp\u00e9rialiste. C\u2019est la continuit\u00e9 directe entre les massacres coloniaux au Congo, en Alg\u00e9rie, en Inde, et les cadavres qui s\u2019\u00e9chouent aujourd\u2019hui sur les plages de Lampedusa, de Sfax ou de Tarifa.<\/p>\n<p data-start=\"4334\" data-end=\"4573\">L\u2019Europe blanche persiste dans la m\u00eame logique : diviser l\u2019humanit\u00e9 en vies dignes d\u2019\u00eatre prot\u00e9g\u00e9es et vies sacrifiables. UNITED brise cette hi\u00e9rarchie en rendant chaque mort visible, chaque nom pr\u00e9sent, chaque vie digne d\u2019\u00eatre rappel\u00e9e.<\/p>\n<blockquote>\n<h3 data-start=\"4580\" data-end=\"4606\">APPEL \u00c0 MOBILISATION<\/h3>\n<\/blockquote>\n<p data-start=\"4608\" data-end=\"4790\">Nous ne pouvons pas laisser cette liste rester un document fig\u00e9. Elle doit devenir une arme de mobilisation, un cri qui traverse nos rues, nos \u00e9coles, nos institutions, nos m\u00e9dias.<\/p>\n<p data-start=\"4792\" data-end=\"4838\">Car il n\u2019y a pas de cloisonnement possible :<\/p>\n<ul data-start=\"4839\" data-end=\"5212\">\n<li data-start=\"4839\" data-end=\"4977\">\n<p data-start=\"4841\" data-end=\"4977\">Les m\u00eames gouvernements qui financent les garde-c\u00f4tes libyens pour refouler les r\u00e9fugi\u00e9s financent aussi les bombes qui \u00e9crasent Gaza.<\/p>\n<\/li>\n<li data-start=\"4978\" data-end=\"5075\">\n<p data-start=\"4980\" data-end=\"5075\">Les m\u00eames m\u00e9dias qui parlent de \u00ab crise migratoire \u00bb invisibilisent le g\u00e9nocide en Palestine.<\/p>\n<\/li>\n<li data-start=\"5076\" data-end=\"5212\">\n<p data-start=\"5078\" data-end=\"5212\">Les m\u00eames institutions europ\u00e9ennes qui ferment leurs fronti\u00e8res aux r\u00e9fugi\u00e9s ouvrent grand leurs arsenaux aux guerres imp\u00e9rialistes.<\/p>\n<\/li>\n<\/ul>\n<p data-start=\"5214\" data-end=\"5498\"><strong data-start=\"5214\" data-end=\"5309\">La M\u00e9diterran\u00e9e et Gaza sont deux fronts du m\u00eame syst\u00e8me colonial, raciste et imp\u00e9rialiste.<\/strong><br data-start=\"5309\" data-end=\"5312\" \/>Les morts en mer et les morts sous les bombes rel\u00e8vent de la m\u00eame logique : celle d\u2019un monde o\u00f9 la vie des peuples du Sud global est sacrifi\u00e9e pour maintenir la domination occidentale.<\/p>\n<p data-start=\"5500\" data-end=\"5570\">Nous appelons toutes celles et ceux qui refusent ce syst\u00e8me \u00e0 agir :<\/p>\n<ul data-start=\"5571\" data-end=\"5922\">\n<li data-start=\"5571\" data-end=\"5643\">\n<p data-start=\"5573\" data-end=\"5643\">Lire publiquement les noms de la liste, dans nos places et nos rues.<\/p>\n<\/li>\n<li data-start=\"5644\" data-end=\"5758\">\n<p data-start=\"5646\" data-end=\"5758\">Exiger des institutions locales et nationales la fin de la complicit\u00e9 avec l\u2019UE et ses politiques criminelles.<\/p>\n<\/li>\n<li data-start=\"5759\" data-end=\"5922\">\n<p data-start=\"5761\" data-end=\"5922\">Relier les luttes : migrants, Palestiniens, sans-papiers, victimes du racisme d\u2019\u00c9tat \u2013 une m\u00eame lutte, un m\u00eame front contre la forteresse coloniale europ\u00e9enne.<\/p>\n<\/li>\n<\/ul>\n<p data-start=\"5924\" data-end=\"6059\"><strong data-start=\"5924\" data-end=\"6057\">Chaque mort est une m\u00e9moire. Chaque m\u00e9moire est une lutte. Chaque lutte est une victoire contre l\u2019oubli et contre l\u2019imp\u00e9rialisme.<\/strong><\/p>\n<h3 data-start=\"6066\" data-end=\"6079\">CONTACT<\/h3>\n<p data-start=\"6081\" data-end=\"6232\"><strong data-start=\"6081\" data-end=\"6230\">UNITED for Intercultural Action \u2013 R\u00e9seau europ\u00e9en contre le nationalisme, le racisme, le fascisme et pour le soutien aux migrants et aux r\u00e9fugi\u00e9s<\/strong><\/p>\n<p data-start=\"6234\" data-end=\"6357\">Secr\u00e9tariat de campagne <em data-start=\"6258\" data-end=\"6302\">Politiques fatales de la Forteresse Europe<\/em><br data-start=\"6302\" data-end=\"6305\" \/>Case postale 413 \u2013 NL-1000 AK Amsterdam \u2013 Pays-Bas<\/p>\n<p data-start=\"6359\" data-end=\"6513\">Contact :<br data-start=\"6368\" data-end=\"6371\" \/>Geert Ates (coordinateur de campagne \/ directeur du bureau UNITED \u00e0 Amsterdam)<br data-start=\"6449\" data-end=\"6452\" \/>\ud83d\udcde +31-6-48808808<br data-start=\"6469\" data-end=\"6472\" \/>\u2709\ufe0f <a class=\"decorated-link cursor-pointer\" rel=\"noopener\" data-start=\"6475\" data-end=\"6511\">listofdeaths@unitedagainstracism.org<\/a><\/p>\n<p data-start=\"6515\" data-end=\"6908\">\ud83c\udf10 <a class=\"decorated-link\" href=\"https:\/\/campaign-statistics.com\/link_click\/aOwQxQ-QkLGg0Z-4AAL88\/81ac4f2306b32b106ea74a62f3d2f467\" target=\"_new\" rel=\"noopener\" data-start=\"6518\" data-end=\"6648\">UnitedAgainstRefugeeDeaths.eu<\/a><br data-start=\"6648\" data-end=\"6651\" \/>\ud83c\udf10 <a class=\"decorated-link\" href=\"https:\/\/campaign-statistics.com\/link_click\/aOwQxQ-QkLGg0Z-4AAL88\/caa9b5b847fd2db9616f2c3e4b22d7a7\" target=\"_new\" rel=\"noopener\" data-start=\"6654\" data-end=\"6768\">unitedfia.org<\/a><br data-start=\"6768\" data-end=\"6771\" \/>\ud83d\udcf8 <a class=\"decorated-link\" href=\"https:\/\/campaign-statistics.com\/link_click\/aOwQxQ-QkLGg0Z-4AAL88\/3068db1c341e421f5ff3266bdcd9fbed\" target=\"_new\" rel=\"noopener\" data-start=\"6774\" data-end=\"6906\">instagram.com\/unitedlistofdeath<\/a><\/p>\n<\/div>\n","protected":false},"excerpt":{"rendered":"<p>L\u2019ONG UNITED for Intercultural Action publie l\u2019\u00e9dition 2025 de la Liste des d\u00e9c\u00e8s de r\u00e9fugi\u00e9s, recensant 66 519 morts depuis 1993. Ces morts ne sont pas des \u00ab accidents \u00bb de parcours, ni de simples \u00ab trag\u00e9dies \u00bb. Elles sont le produit direct d\u2019une politique europ\u00e9enne qui a choisi la mort comme instrument de gouvernement &#8230; <a title=\"66\u00a0519 d\u00e9c\u00e8s recens\u00e9s \u2013 Liste UNITED des d\u00e9c\u00e8s de r\u00e9fugi\u00e9s en 2025\" class=\"read-more\" href=\"https:\/\/bruxelles-pantheres.be\/?p=6443\" aria-label=\"En savoir plus sur 66\u00a0519 d\u00e9c\u00e8s recens\u00e9s \u2013 Liste UNITED des d\u00e9c\u00e8s de r\u00e9fugi\u00e9s en 2025\">Lire la suite<\/a><\/p>\n","protected":false},"author":1,"featured_media":5121,"comment_status":"open","ping_status":"open","sticky":false,"template":"","format":"standard","meta":{"footnotes":""},"categories":[21,539,36,4,7,6,8,18,28,39,5],"tags":[432],"class_list":["post-6443","post","type-post","status-publish","format-standard","has-post-thumbnail","hentry","category-anti-imperialisme","category-belgique","category-europe","category-islamophobie","category-negrophobie","category-palestine-moyen-orient","category-prisons","category-resistance-bruxelles","category-racismes","category-sans-papier","category-violence-policiere","tag-frontex"],"_links":{"self":[{"href":"https:\/\/bruxelles-pantheres.be\/index.php?rest_route=\/wp\/v2\/posts\/6443","targetHints":{"allow":["GET"]}}],"collection":[{"href":"https:\/\/bruxelles-pantheres.be\/index.php?rest_route=\/wp\/v2\/posts"}],"about":[{"href":"https:\/\/bruxelles-pantheres.be\/index.php?rest_route=\/wp\/v2\/types\/post"}],"author":[{"embeddable":true,"href":"https:\/\/bruxelles-pantheres.be\/index.php?rest_route=\/wp\/v2\/users\/1"}],"replies":[{"embeddable":true,"href":"https:\/\/bruxelles-pantheres.be\/index.php?rest_route=%2Fwp%2Fv2%2Fcomments&post=6443"}],"version-history":[{"count":1,"href":"https:\/\/bruxelles-pantheres.be\/index.php?rest_route=\/wp\/v2\/posts\/6443\/revisions"}],"predecessor-version":[{"id":6444,"href":"https:\/\/bruxelles-pantheres.be\/index.php?rest_route=\/wp\/v2\/posts\/6443\/revisions\/6444"}],"wp:featuredmedia":[{"embeddable":true,"href":"https:\/\/bruxelles-pantheres.be\/index.php?rest_route=\/wp\/v2\/media\/5121"}],"wp:attachment":[{"href":"https:\/\/bruxelles-pantheres.be\/index.php?rest_route=%2Fwp%2Fv2%2Fmedia&parent=6443"}],"wp:term":[{"taxonomy":"category","embeddable":true,"href":"https:\/\/bruxelles-pantheres.be\/index.php?rest_route=%2Fwp%2Fv2%2Fcategories&post=6443"},{"taxonomy":"post_tag","embeddable":true,"href":"https:\/\/bruxelles-pantheres.be\/index.php?rest_route=%2Fwp%2Fv2%2Ftags&post=6443"}],"curies":[{"name":"wp","href":"https:\/\/api.w.org\/{rel}","templated":true}]}}