{"id":6446,"date":"2025-08-25T07:14:30","date_gmt":"2025-08-25T06:14:30","guid":{"rendered":"https:\/\/bruxelles-pantheres.be\/?p=6446"},"modified":"2025-09-01T07:14:42","modified_gmt":"2025-09-01T06:14:42","slug":"bruxelles-pantheres-declaration-de-soutien-au-ccie","status":"publish","type":"post","link":"https:\/\/bruxelles-pantheres.be\/?p=6446","title":{"rendered":"Bruxelles Panth\u00e8res \u2013 D\u00e9claration de soutien au CCIE"},"content":{"rendered":"<p>Nous,\u00a0<strong>Bruxelles Panth\u00e8res<\/strong>, r\u00e9affirmons notre soutien total au\u00a0<strong>Collectif Contre l\u2019Islamophobie en Europe (CCIE)<\/strong>, injustement vis\u00e9 par une offensive politico-judiciaire orchestr\u00e9e par l\u2019\u00c9tat fran\u00e7ais et relay\u00e9e dans nos propres territoires.<\/p>\n<p>En mai dernier, des perquisitions et gardes \u00e0 vue ont frapp\u00e9 le CCIE et ses partenaires, sous le pr\u00e9texte fallacieux de \u00ab participation \u00e0 une association dissoute \u00bb. Il s\u2019agit d\u2019une manipulation grossi\u00e8re du droit pour\u00a0<strong>criminaliser un collectif de droit belge<\/strong>\u00a0dont la seule \u201cfaute\u201d est de d\u00e9fendre les droits fondamentaux des musulman\u00b7e\u00b7s et de d\u00e9noncer l\u2019islamophobie institutionnelle.<\/p>\n<p>Ce que nous observons, ce n\u2019est pas la justice : c\u2019est une\u00a0<strong>justice instrumentalis\u00e9e par le pouvoir politique<\/strong>\u00a0pour museler les voix critiques, intimider les militant\u00b7e\u00b7s et effacer les organisations antiracistes du champ public.<\/p>\n<p><!--more--><\/p>\n<div dir=\"ltr\">\n<div dir=\"ltr\">\n<h3>Quand la France s\u2019enrhume, la Belgique \u00e9ternue<\/h3>\n<p>Nous le savons : ce qui commence en France traverse toujours la fronti\u00e8re.<br \/>\nLa dissolution du CCIF hier, la criminalisation du CCIE aujourd\u2019hui, annoncent demain la r\u00e9pression d\u2019associations et de collectifs belges.<\/p>\n<p>En Belgique, les signaux sont d\u00e9j\u00e0 l\u00e0 :<\/p>\n<ul>\n<li>Le gouvernement\u00a0<strong>Arizona<\/strong>\u00a0(N-VA, MR, Les Engag\u00e9s, Vooruit, cd&amp;v) multiplie les menaces de dissolution visant\u00a0<strong>Samidoun<\/strong>\u00a0et\u00a0<strong>Bruxelles Panth\u00e8res<\/strong>, reprenant les recettes r\u00e9pressives du gouvernement Macron.<\/li>\n<li>Le MR et son chef de file\u00a0<strong>Georges-Louis Bouchez<\/strong>\u00a0instrumentalisent syst\u00e9matiquement l\u2019islamophobie et le racisme pour diviser, stigmatiser et criminaliser. Ses d\u00e9clarations ne sont pas des \u201cprovocations m\u00e9diatiques\u201d : ce sont des\u00a0<strong>menaces politiques directes contre nos droits et nos existences<\/strong>.<\/li>\n<li>La menace de retrait du statut de r\u00e9fugi\u00e9 \u00e0\u00a0<strong>Mohamed Khatib<\/strong>, porte-parole de Samidoun, illustre parfaitement cette d\u00e9rive :\u00a0<strong>c\u2019est un chantage politique, une tentative d\u2019exiler au silence un militant palestinien<\/strong>\u00a0qui d\u00e9nonce le g\u00e9nocide en cours \u00e0 Gaza.<\/li>\n<\/ul>\n<h3>Une offensive raciste et islamophobe europ\u00e9enne<\/h3>\n<p>Ce qui est en jeu d\u00e9passe le CCIE.<br \/>\nC\u2019est une strat\u00e9gie europ\u00e9enne de\u00a0<strong>d\u00e9mant\u00e8lement de l\u2019antiracisme politique<\/strong>\u00a0:<\/p>\n<ul>\n<li>Dissoudre les organisations musulmanes.<\/li>\n<li>Criminaliser la solidarit\u00e9 avec la Palestine.<\/li>\n<li>Intimider les collectifs d\u00e9coloniaux et antiracistes.<\/li>\n<li>Pr\u00e9senter chaque voix critique comme une \u201cmenace pour la s\u00e9curit\u00e9 nationale\u201d.<\/li>\n<\/ul>\n<p>C\u2019est le m\u00eame logiciel :\u00a0<strong>r\u00e9primer au lieu d\u2019\u00e9couter, \u00e9craser au lieu de dialoguer, criminaliser au lieu de reconna\u00eetre<\/strong>.<\/p>\n<h3>La complicit\u00e9 du gouvernement Arizona<\/h3>\n<p>Nous pointons la responsabilit\u00e9 directe des partis de la coalition Arizona :<\/p>\n<ul>\n<li><strong>La N-VA<\/strong>\u00a0qui r\u00eave d\u2019un \u00c9tat policier autoritaire et fait de l\u2019islamophobie son carburant \u00e9lectoral.<\/li>\n<li><strong>Le MR<\/strong>\u00a0et\u00a0<strong>Bouchez<\/strong>, qui attisent sans rel\u00e2che la haine antimusulmane et criminalisent l\u2019antiracisme pour se poser en gardiens de l\u2019ordre blanc et colonial.<\/li>\n<li><strong>Les Engag\u00e9s<\/strong>, h\u00e9ritiers du PSC, qui, derri\u00e8re leur vernis social, cautionnent et votent ces politiques liberticides.<\/li>\n<li><strong>Vooruit<\/strong>\u00a0et\u00a0<strong>cd&amp;v<\/strong>, complices par leur silence, par leur participation \u00e0 une coalition qui normalise l\u2019extr\u00eame droite et son agenda raciste.<\/li>\n<\/ul>\n<p>Le gouvernement Arizona n\u2019est pas un \u201c\u00e9quilibre politique\u201d. C\u2019est une\u00a0<strong>machine raciste, antisociale et autoritaire<\/strong>, qui s\u2019aligne sur les politiques de Macron, Darmanin et Le Pen.<\/p>\n<h3>Notre appel<\/h3>\n<p>Nous appelons :<\/p>\n<ul>\n<li>Les associations, syndicats, collectifs et ONG \u00e0\u00a0<strong>prendre publiquement position<\/strong>\u00a0en solidarit\u00e9 avec le CCIE, Samidoun et toutes les organisations menac\u00e9es.<\/li>\n<li>Les institutions belges et europ\u00e9ennes \u00e0 rendre des comptes sur leur complicit\u00e9 et leur silence face \u00e0 cette r\u00e9pression.<\/li>\n<li>Les militant\u00b7e\u00b7s, artistes, universitaires et m\u00e9dias ind\u00e9pendants \u00e0\u00a0<strong>briser l\u2019omerta<\/strong>\u00a0et \u00e0 amplifier cette mobilisation.<\/li>\n<\/ul>\n<p><strong>Nous le disons clairement :<\/strong><br \/>\nQuand la France criminalise le CCIE, la Belgique pr\u00e9pare la dissolution de Samidoun et de Bruxelles Panth\u00e8res.<br \/>\nQuand l\u2019\u00c9tat fran\u00e7ais instrumentalise la justice, le gouvernement Arizona suit la m\u00eame voie.<br \/>\nQuand ils s\u2019attaquent aux musulman\u00b7e\u00b7s, aux Palestinien\u00b7ne\u00b7s, aux antiracistes,\u00a0<strong>c\u2019est toute la possibilit\u00e9 d\u2019un futur juste et \u00e9galitaire qu\u2019ils veulent \u00e9touffer<\/strong>.<\/p>\n<p>Nous ne plierons pas.<br \/>\nNous ne serons pas r\u00e9duits au silence.<br \/>\nNous sommes avec le CCIE, avec Samidoun, avec Mohamed Khatib et avec toutes celles et ceux qui refusent de c\u00e9der face au racisme d\u2019\u00c9tat.<\/p>\n<p><strong>Bruxelles Panth\u00e8res<\/strong><\/p>\n<\/div>\n<div>\n<div>\n<div id=\"m_7808343581403581420gmail-q_395\"><\/div>\n<\/div>\n<\/div>\n<\/div>\n<div class=\"gmail_quote\">\n<blockquote class=\"gmail_quote\">\n<div>\n<p>&nbsp;<\/p>\n<div>\n<table role=\"presentation\" border=\"0\" width=\"100%\" cellspacing=\"0\" cellpadding=\"0\">\n<tbody>\n<tr>\n<td>\n<table role=\"presentation\" border=\"0\" width=\"600\" cellspacing=\"0\" cellpadding=\"0\" align=\"center\">\n<tbody>\n<tr>\n<td valign=\"top\">\n<table role=\"presentation\" border=\"0\" width=\"100%\" cellspacing=\"0\" cellpadding=\"0\" align=\"center\">\n<tbody>\n<tr>\n<td>\n<table role=\"presentation\" border=\"0\" width=\"100%\" cellspacing=\"0\" cellpadding=\"0\">\n<tbody>\n<tr>\n<th valign=\"top\" width=\"100%\">\n<table role=\"presentation\" border=\"0\" width=\"100%\" cellspacing=\"0\" cellpadding=\"0\">\n<tbody>\n<tr>\n<td valign=\"top\">\n<table role=\"presentation\" border=\"0\" width=\"100%\" cellspacing=\"0\" cellpadding=\"0\">\n<tbody>\n<tr>\n<td align=\"center\"><img decoding=\"async\" class=\"CToWUd a6T\" tabindex=\"0\" src=\"https:\/\/ci3.googleusercontent.com\/meips\/ADKq_NbhSia1dMMTOCkEDjAZek-LlqoQeUZkdOaqFrBrtk0HAejsPSDQIGeBSqQl8dkHiaD1WWq3Zpgn_PGkEpgNJLTz0IOH7r9bp-qNodcOwO7ZUANIY4TVIRA6QtoelWboNoMGUaR2lONYishPFcpUZfY-vw=s0-d-e1-ft#https:\/\/9ssyg.img.a.d.sendibm1.com\/im\/sh\/wlc3RPXfreim.png?u=WtVElij8PJZGf9bklLoTbQqgBIV61zNt\" width=\"570\" border=\"0\" data-bit=\"iit\" \/><\/td>\n<\/tr>\n<\/tbody>\n<\/table>\n<\/td>\n<\/tr>\n<\/tbody>\n<\/table>\n<\/th>\n<\/tr>\n<\/tbody>\n<\/table>\n<\/td>\n<\/tr>\n<\/tbody>\n<\/table>\n<table role=\"presentation\" border=\"0\" width=\"100%\" cellspacing=\"0\" cellpadding=\"0\" align=\"center\">\n<tbody>\n<tr>\n<td>\n<table role=\"presentation\" border=\"0\" width=\"100%\" cellspacing=\"0\" cellpadding=\"0\">\n<tbody>\n<tr>\n<th valign=\"top\" width=\"100%\">\n<table role=\"presentation\" border=\"0\" width=\"100%\" cellspacing=\"0\" cellpadding=\"0\">\n<tbody>\n<tr>\n<td valign=\"top\">\n<table role=\"presentation\" border=\"0\" width=\"100%\" cellspacing=\"0\" cellpadding=\"0\">\n<tbody>\n<tr>\n<td align=\"left\">\n<div>\n<p>Bonjour M.\/Mme.,<\/p>\n<p>&nbsp;<\/p>\n<p><img decoding=\"async\" class=\"an1 CToWUd\" draggable=\"false\" src=\"https:\/\/fonts.gstatic.com\/s\/e\/notoemoji\/16.0\/1f534\/32.png\" alt=\"\ud83d\udd34\" data-emoji=\"\ud83d\udd34\" aria-label=\"\ud83d\udd34\" data-bit=\"iit\" \/>\u00a0Le Collectif Contre l\u2019Islamophobie en Europe (CCIE- Asbl) fait face \u00e0 une nouvelle \u00e9preuve majeure :\u00a0<strong>plusieurs de ses responsables, ainsi qu&rsquo;un partenaire en France, ont \u00e9t\u00e9 convoqu\u00e9s par les autorit\u00e9s fran\u00e7aises pour une audition le 3 septembre 2025.<\/strong><\/p>\n<p><span id=\"m_7808343581403581420m_1484747525256190371isPasted\"><img decoding=\"async\" class=\"an1 CToWUd\" draggable=\"false\" src=\"https:\/\/fonts.gstatic.com\/s\/e\/notoemoji\/16.0\/1f449\/32.png\" alt=\"\ud83d\udc49\" data-emoji=\"\ud83d\udc49\" aria-label=\"\ud83d\udc49\" data-bit=\"iit\" \/>\u00a0<\/span>Apr\u00e8s les\u00a0<strong>perquisitio<\/strong><strong>ns<\/strong>\u00a0et\u00a0<strong>audition<\/strong>s du mois de\u00a0<strong>mai<\/strong>, cette nouvelle \u00e9tape marque<u>\u00a0une escalade pr\u00e9occupante<\/u>.<\/p>\n<p dir=\"ltr\">Pourtant, le CCIE a toujours fait preuve de coop\u00e9ration totale avec les autorit\u00e9s, dans le strict respect de la loi. Cette nouvelle offensive politico-judiciaire appara\u00eet clairement comme une tentative d\u2019affaiblir une association qui, depuis des ann\u00e9es, \u0153uvre sans rel\u00e2che contre le racisme et l\u2019islamophobie.<\/p>\n<p><img decoding=\"async\" class=\"an1 CToWUd\" draggable=\"false\" src=\"https:\/\/fonts.gstatic.com\/s\/e\/notoemoji\/16.0\/1f534\/32.png\" alt=\"\ud83d\udd34\" data-emoji=\"\ud83d\udd34\" aria-label=\"\ud83d\udd34\" data-bit=\"iit\" \/>\u00a0<strong>Pour comprendre les enjeux et la gravit\u00e9 de cette situation, lisez notre communiqu\u00e9 complet ici :<\/strong><\/p>\n<\/div>\n<\/td>\n<\/tr>\n<tr>\n<td align=\"center\">\n<table role=\"presentation\" border=\"0\" width=\"262\" cellspacing=\"0\" cellpadding=\"0\">\n<tbody>\n<tr>\n<td align=\"center\" valign=\"top\" height=\"25\"><a href=\"https:\/\/9ssyg.r.a.d.sendibm1.com\/mk\/cl\/f\/sh\/1t6Af4OiGsDg0hAtIHZLV6yPEhSurl\/O5ZfrvA-vQpH\" target=\"_blank\" rel=\"noopener\" data-saferedirecturl=\"https:\/\/www.google.com\/url?q=https:\/\/9ssyg.r.a.d.sendibm1.com\/mk\/cl\/f\/sh\/1t6Af4OiGsDg0hAtIHZLV6yPEhSurl\/O5ZfrvA-vQpH&amp;source=gmail&amp;ust=1756793337080000&amp;usg=AOvVaw2gS8ZMwmNhiJTowkDC_a6u\">\u00a0<strong>Lire le communiqu\u00e9<\/strong><\/a><\/td>\n<\/tr>\n<\/tbody>\n<\/table>\n<\/td>\n<\/tr>\n<tr>\n<td align=\"left\">\n<div>\n<h3><img decoding=\"async\" class=\"an1 CToWUd\" draggable=\"false\" src=\"https:\/\/fonts.gstatic.com\/s\/e\/notoemoji\/16.0\/26a0_fe0f\/32.png\" alt=\"\u26a0\ufe0f\" data-emoji=\"\u26a0\ufe0f\" aria-label=\"\u26a0\ufe0f\" data-bit=\"iit\" \/>\u00a0Ce qui se passe aujourd\u2019hui ne concerne pas seulement le CCIE : c\u2019est un\u00a0signal d\u2019alerte pour l\u2019ensemble du tissu associatif engag\u00e9.<\/h3>\n<\/div>\n<\/td>\n<\/tr>\n<\/tbody>\n<\/table>\n<\/td>\n<\/tr>\n<\/tbody>\n<\/table>\n<\/th>\n<\/tr>\n<\/tbody>\n<\/table>\n<\/td>\n<\/tr>\n<\/tbody>\n<\/table>\n<table role=\"presentation\" border=\"0\" width=\"100%\" cellspacing=\"0\" cellpadding=\"0\" align=\"center\">\n<tbody>\n<tr>\n<td>\n<table role=\"presentation\" border=\"0\" width=\"100%\" cellspacing=\"0\" cellpadding=\"0\">\n<tbody>\n<tr>\n<th valign=\"top\" width=\"100%\">\n<table role=\"presentation\" border=\"0\" width=\"100%\" cellspacing=\"0\" cellpadding=\"0\">\n<tbody>\n<tr>\n<td valign=\"top\">\n<table role=\"presentation\" border=\"0\" width=\"100%\" cellspacing=\"0\" cellpadding=\"0\">\n<tbody>\n<tr>\n<td align=\"center\">\n<table role=\"presentation\" border=\"0\" width=\"285\" cellspacing=\"0\" cellpadding=\"0\">\n<tbody>\n<tr>\n<td>\n<table role=\"presentation\" border=\"0\" width=\"100%\" cellspacing=\"0\" cellpadding=\"0\">\n<tbody>\n<tr>\n<td>\n<table role=\"presentation\" border=\"0\" width=\"100%\" cellspacing=\"0\" cellpadding=\"0\">\n<tbody>\n<tr>\n<td height=\"0\">\u00ad<\/td>\n<\/tr>\n<\/tbody>\n<\/table>\n<\/td>\n<\/tr>\n<\/tbody>\n<\/table>\n<\/td>\n<\/tr>\n<\/tbody>\n<\/table>\n<\/td>\n<\/tr>\n<\/tbody>\n<\/table>\n<\/td>\n<\/tr>\n<\/tbody>\n<\/table>\n<\/th>\n<\/tr>\n<\/tbody>\n<\/table>\n<\/td>\n<\/tr>\n<\/tbody>\n<\/table>\n<table role=\"presentation\" border=\"0\" width=\"100%\" cellspacing=\"0\" cellpadding=\"0\" align=\"center\">\n<tbody>\n<tr>\n<td>\n<table role=\"presentation\" border=\"0\" width=\"100%\" cellspacing=\"0\" cellpadding=\"0\">\n<tbody>\n<tr>\n<th valign=\"top\" width=\"100%\">\n<table role=\"presentation\" border=\"0\" width=\"100%\" cellspacing=\"0\" cellpadding=\"0\">\n<tbody>\n<tr>\n<td valign=\"top\">\n<table role=\"presentation\" border=\"0\" width=\"100%\" cellspacing=\"0\" cellpadding=\"0\">\n<tbody>\n<tr>\n<td align=\"left\">\n<div>\n<p id=\"m_7808343581403581420m_1484747525256190371isPasted\"><strong><img decoding=\"async\" class=\"an1 CToWUd\" draggable=\"false\" src=\"https:\/\/fonts.gstatic.com\/s\/e\/notoemoji\/16.0\/1f534\/32.png\" alt=\"\ud83d\udd34\" data-emoji=\"\ud83d\udd34\" aria-label=\"\ud83d\udd34\" data-bit=\"iit\" \/>\u00a0Soutenir le CCIE, c\u2019est d\u00e9fendre le droit de lutter contre l\u2019islamophobie.<\/strong><\/p>\n<\/div>\n<\/td>\n<\/tr>\n<\/tbody>\n<\/table>\n<\/td>\n<\/tr>\n<\/tbody>\n<\/table>\n<\/th>\n<\/tr>\n<\/tbody>\n<\/table>\n<\/td>\n<\/tr>\n<\/tbody>\n<\/table>\n<table role=\"presentation\" border=\"0\" width=\"100%\" cellspacing=\"0\" cellpadding=\"0\" align=\"center\">\n<tbody>\n<tr>\n<td>\n<table role=\"presentation\" border=\"0\" width=\"100%\" cellspacing=\"0\" cellpadding=\"0\">\n<tbody>\n<tr>\n<th valign=\"top\" width=\"100%\">\n<table role=\"presentation\" border=\"0\" width=\"100%\" cellspacing=\"0\" cellpadding=\"0\">\n<tbody>\n<tr>\n<td valign=\"top\">\n<table role=\"presentation\" border=\"0\" width=\"100%\" cellspacing=\"0\" cellpadding=\"0\">\n<tbody>\n<tr>\n<td align=\"center\">\n<table role=\"presentation\" border=\"0\" width=\"262\" cellspacing=\"0\" cellpadding=\"0\">\n<tbody>\n<tr>\n<td align=\"center\" valign=\"top\" height=\"25\"><a href=\"https:\/\/9ssyg.r.a.d.sendibm1.com\/mk\/cl\/f\/sh\/1t6Af4OiGsE8LPNJgdfGfN2EcWReZp\/T1fuvCjhxlV7\" target=\"_blank\" rel=\"noopener\" data-saferedirecturl=\"https:\/\/www.google.com\/url?q=https:\/\/9ssyg.r.a.d.sendibm1.com\/mk\/cl\/f\/sh\/1t6Af4OiGsE8LPNJgdfGfN2EcWReZp\/T1fuvCjhxlV7&amp;source=gmail&amp;ust=1756793337080000&amp;usg=AOvVaw2jhNJnY06iKCYGVMbwUZC3\"><strong>Je fais un don<\/strong><\/a><\/td>\n<\/tr>\n<\/tbody>\n<\/table>\n<\/td>\n<\/tr>\n<\/tbody>\n<\/table>\n<\/td>\n<\/tr>\n<\/tbody>\n<\/table>\n<\/th>\n<\/tr>\n<\/tbody>\n<\/table>\n<\/td>\n<\/tr>\n<\/tbody>\n<\/table>\n<table role=\"presentation\" border=\"0\" width=\"100%\" cellspacing=\"0\" cellpadding=\"0\" align=\"center\">\n<tbody>\n<tr>\n<td>\n<table role=\"presentation\" border=\"0\" width=\"100%\" cellspacing=\"0\" cellpadding=\"0\">\n<tbody>\n<tr>\n<th valign=\"top\" width=\"100%\">\n<table role=\"presentation\" border=\"0\" width=\"100%\" cellspacing=\"0\" cellpadding=\"0\">\n<tbody>\n<tr>\n<td valign=\"top\">\n<table role=\"presentation\" border=\"0\" width=\"100%\" cellspacing=\"0\" cellpadding=\"0\">\n<tbody>\n<tr>\n<td align=\"center\">\n<table role=\"presentation\" border=\"0\" width=\"302\" cellspacing=\"0\" cellpadding=\"0\">\n<tbody>\n<tr>\n<td><a href=\"https:\/\/9ssyg.r.a.d.sendibm1.com\/mk\/cl\/f\/sh\/1t6Af4OiGsEag7Zk4zlBpd640LQOHt\/03GpheexaSSS\" target=\"_blank\" rel=\"noopener\" data-saferedirecturl=\"https:\/\/www.google.com\/url?q=https:\/\/9ssyg.r.a.d.sendibm1.com\/mk\/cl\/f\/sh\/1t6Af4OiGsEag7Zk4zlBpd640LQOHt\/03GpheexaSSS&amp;source=gmail&amp;ust=1756793337080000&amp;usg=AOvVaw1JPsr3ZbrdYyyZGb1AUbEJ\"><img decoding=\"async\" class=\"CToWUd\" src=\"https:\/\/ci3.googleusercontent.com\/meips\/ADKq_NZ_UkRPMpj8AD1wndeNuA96Rs1KF2e_r-SJaSgWl8ePBA3YhpZMpIohgtjzhi6WyZY3o1tlLxaoHi-K-ERaE-sFRep7rlyvuVA4OZN9CXqkuW2-kmVyyPFXK6hTvfittf9I1QMT-MOiwxwL1zjcCM00Cg=s0-d-e1-ft#https:\/\/9ssyg.img.a.d.sendibm1.com\/im\/sh\/t5MyveeN-SQo.png?u=WtVElij8PJZGcrwBlDqh7p1Ns9Zz8IpZ\" width=\"302\" border=\"0\" data-bit=\"iit\" \/><\/a><\/td>\n<\/tr>\n<\/tbody>\n<\/table>\n<\/td>\n<\/tr>\n<\/tbody>\n<\/table>\n<\/td>\n<\/tr>\n<\/tbody>\n<\/table>\n<\/th>\n<\/tr>\n<\/tbody>\n<\/table>\n<\/td>\n<\/tr>\n<\/tbody>\n<\/table>\n<table role=\"presentation\" border=\"0\" width=\"100%\" cellspacing=\"0\" cellpadding=\"0\" align=\"center\">\n<tbody>\n<tr>\n<td>\n<table role=\"presentation\" border=\"0\" width=\"100%\" cellspacing=\"0\" cellpadding=\"0\">\n<tbody>\n<tr>\n<th valign=\"top\" width=\"100%\">\n<table role=\"presentation\" border=\"0\" width=\"100%\" cellspacing=\"0\" cellpadding=\"0\">\n<tbody>\n<tr>\n<td valign=\"top\">\n<table role=\"presentation\" border=\"0\" width=\"100%\" cellspacing=\"0\" cellpadding=\"0\">\n<tbody>\n<tr>\n<td align=\"left\">\n<div>\n<p>Merci pour votre engagement,<br \/>\nAvec force et d\u00e9termination,<\/p>\n<p><strong>L\u2019\u00e9quipe du Collectif Contre l\u2019Islamophobie en Europe (CCIE)<\/strong><\/p>\n<\/div>\n<\/td>\n<\/tr>\n<\/tbody>\n<\/table>\n<\/td>\n<\/tr>\n<\/tbody>\n<\/table>\n<\/th>\n<\/tr>\n<\/tbody>\n<\/table>\n<\/td>\n<\/tr>\n<\/tbody>\n<\/table>\n<\/td>\n<\/tr>\n<\/tbody>\n<\/table>\n<\/td>\n<\/tr>\n<\/tbody>\n<\/table>\n<\/div>\n<\/div>\n<\/blockquote>\n<\/div>\n","protected":false},"excerpt":{"rendered":"<p>Nous,\u00a0Bruxelles Panth\u00e8res, r\u00e9affirmons notre soutien total au\u00a0Collectif Contre l\u2019Islamophobie en Europe (CCIE), injustement vis\u00e9 par une offensive politico-judiciaire orchestr\u00e9e par l\u2019\u00c9tat fran\u00e7ais et relay\u00e9e dans nos propres territoires. En mai dernier, des perquisitions et gardes \u00e0 vue ont frapp\u00e9 le CCIE et ses partenaires, sous le pr\u00e9texte fallacieux de \u00ab participation \u00e0 une association dissoute &#8230; <a title=\"Bruxelles Panth\u00e8res \u2013 D\u00e9claration de soutien au CCIE\" class=\"read-more\" href=\"https:\/\/bruxelles-pantheres.be\/?p=6446\" aria-label=\"En savoir plus sur Bruxelles Panth\u00e8res \u2013 D\u00e9claration de soutien au CCIE\">Lire la suite<\/a><\/p>\n","protected":false},"author":1,"featured_media":222,"comment_status":"open","ping_status":"open","sticky":false,"template":"","format":"standard","meta":{"footnotes":""},"categories":[539,36,4],"tags":[181],"class_list":["post-6446","post","type-post","status-publish","format-standard","has-post-thumbnail","hentry","category-belgique","category-europe","category-islamophobie","tag-islamophobie"],"_links":{"self":[{"href":"https:\/\/bruxelles-pantheres.be\/index.php?rest_route=\/wp\/v2\/posts\/6446","targetHints":{"allow":["GET"]}}],"collection":[{"href":"https:\/\/bruxelles-pantheres.be\/index.php?rest_route=\/wp\/v2\/posts"}],"about":[{"href":"https:\/\/bruxelles-pantheres.be\/index.php?rest_route=\/wp\/v2\/types\/post"}],"author":[{"embeddable":true,"href":"https:\/\/bruxelles-pantheres.be\/index.php?rest_route=\/wp\/v2\/users\/1"}],"replies":[{"embeddable":true,"href":"https:\/\/bruxelles-pantheres.be\/index.php?rest_route=%2Fwp%2Fv2%2Fcomments&post=6446"}],"version-history":[{"count":2,"href":"https:\/\/bruxelles-pantheres.be\/index.php?rest_route=\/wp\/v2\/posts\/6446\/revisions"}],"predecessor-version":[{"id":6448,"href":"https:\/\/bruxelles-pantheres.be\/index.php?rest_route=\/wp\/v2\/posts\/6446\/revisions\/6448"}],"wp:featuredmedia":[{"embeddable":true,"href":"https:\/\/bruxelles-pantheres.be\/index.php?rest_route=\/wp\/v2\/media\/222"}],"wp:attachment":[{"href":"https:\/\/bruxelles-pantheres.be\/index.php?rest_route=%2Fwp%2Fv2%2Fmedia&parent=6446"}],"wp:term":[{"taxonomy":"category","embeddable":true,"href":"https:\/\/bruxelles-pantheres.be\/index.php?rest_route=%2Fwp%2Fv2%2Fcategories&post=6446"},{"taxonomy":"post_tag","embeddable":true,"href":"https:\/\/bruxelles-pantheres.be\/index.php?rest_route=%2Fwp%2Fv2%2Ftags&post=6446"}],"curies":[{"name":"wp","href":"https:\/\/api.w.org\/{rel}","templated":true}]}}