{"id":645,"date":"2012-12-26T19:14:37","date_gmt":"2012-12-26T18:14:37","guid":{"rendered":"https:\/\/bruxelles-pantheres.be\/?p=645"},"modified":"2013-11-10T19:17:33","modified_gmt":"2013-11-10T18:17:33","slug":"en-route-vers-gaza","status":"publish","type":"post","link":"https:\/\/bruxelles-pantheres.be\/?p=645","title":{"rendered":"En route vers GAZA"},"content":{"rendered":"<header><img decoding=\"async\" alt=\"223023_1995702654273_1294660555_2342017_1110779_n\" src=\"http:\/\/www.egalite.be\/wp-content\/uploads\/2012\/12\/223023_1995702654273_1294660555_2342017_1110779_n.jpg\" width=\"152\" height=\"152\" \/><\/header>\n<header><\/header>\n<header>En route vers GAZA<\/header>\n<div>\n<address data-hovercard=\"\/ajax\/hovercard\/user.php?id=100003519164108&amp;extragetparams=%7B%22group_id%22%3A0%7D\"><a href=\"https:\/\/www.facebook.com\/nadouchka.deboumatchev?group_id=0\" data-hovercard=\"\/ajax\/hovercard\/user.php?id=100003519164108&amp;extragetparams=%7B%22group_id%22%3A0%7D\">Message de\u00a0 Nadia Boumazzoughe <\/a>:La mission est actuellement au Caire et demain c\u2019est le grand jour !!! le 27 d\u00e9cembre vers \u00e0 14h00 15h00 ( heures local on pourras vous dire si oui o\u00f9 non les participants de la mission Bienvenue en Palestine seront pass\u00e9e a Gaza ! On compte sur vous , je compte \u00e9galement sur vous pour mettre la pression aupr\u00e8s des autorit\u00e9 Belge !!! <!--more-->Au cas ou \u2026.<a href=\"https:\/\/www.facebook.com\/events\/492972377409660\/permalink\/495884957118402\/\" target=\"_blank\" rel=\"nofollow\">https:\/\/www.facebook.com\/events\/492972377409660\/permalink\/495884957118402\/<\/a><\/address>\n<address><img decoding=\"async\" alt=\"https:\/\/fbcdn-sphotos-g-a.akamaihd.net\/hphotos-ak-prn1\/533548_4531174111286_1749496524_n.jpg\" src=\"https:\/\/fbcdn-sphotos-g-a.akamaihd.net\/hphotos-ak-prn1\/533548_4531174111286_1749496524_n.jpg\" width=\"511\" height=\"188\" \/><\/address>\n<address><a title=\"\" href=\"http:\/\/mcpalestine.canalblog.com\/archives\/2012\/12\/26\/25995896.html\" rel=\"bookmark\">\u00ab\u00a0Bienvenue en Palestine\u00a0\u00bb : mission imminente<\/a><\/address>\n<p id=\"articleDate\">(26\/12\/2012)<\/p>\n<div id=\"articlePicureAndLinks\">\n<p id=\"artilcePictureCopy\">\u00a9 AP<\/p>\n<\/div>\n<div id=\"articleText\">\n<p><strong>10 Belges seront parmi la centaine d\u2019activistes<\/strong><br \/>\n<strong>Le CAIRE<\/strong> Une centaine de militants, parmi lesquels une dizaine de Belges, se r\u00e9unissent mercredi au Caire, en Egypte, avant de se rendre \u00e0 Rafah pour entrer dans la bande de Gaza dans le cadre d\u2019une nouvelle mission \u00ab\u00a0Bienvenue en Palestine\u00a0\u00bb.<\/p>\n<p>Les militants veulent ainsi briser le blocus dont fait l\u2019objet la bande de Gaza et distribuer une tonne de m\u00e9dicaments \u00e0 la population locale. Les responsables de cette quatri\u00e8me mission \u00ab\u00a0Bienvenue en Palestine\u00a0\u00bb ont nou\u00e9 des accords avec les autorit\u00e9s \u00e9gyptiennes afin de pouvoir se rendre dans la bande de Gaza. \u00ab\u00a0Tout devrait fonctionner comme pr\u00e9vu, m\u00eame s\u2019il est probable que le gouvernement isra\u00e9lien ait effectu\u00e9 des pressions sur le Caire\u00a0\u00bb, estime<strong> Nadia Boumazoughe, coordinatrice de la mission.<\/strong><\/p>\n<p>Le contexte semble ne jamais avoir \u00e9t\u00e9 aussi favorable \u00e0 la mission, apr\u00e8s trois \u00e9checs cons\u00e9cutifs, ajoute la coordinatrice. \u00ab\u00a0Mais une flamb\u00e9e soudaine de violences remettrait tout en cause.\u00a0\u00bb<\/p>\n<p><strong>\u00ab\u00a0Notre objectif principal est de briser le blocus\u00a0\u00bb, poursuit Nadia Boumazoughe. <\/strong>Les militants partiront ainsi en bus vers 2h du matin, jeudi, de la place Tahrir au Caire, pour se rendre \u00e0 Rafah, d\u2019o\u00f9 ils comptent entrer dans la bande de Gaza. Jeudi marquera le quatri\u00e8me anniversaire de l\u2019offensive militaire isra\u00e9lienne \u00ab\u00a0Plomb Durci\u00a0\u00bb, qui avait fait plus de 1.400 morts parmi lesquels 400 enfants.<\/p>\n<p>Dans leurs valises, les militants am\u00e8nent plus d\u2019une tonne de m\u00e9dicaments \u00ab\u00a0s\u00e9lectionn\u00e9s selon les besoins locaux\u00a0\u00bb, du mat\u00e9riel m\u00e9dical et d\u2019enseignement, ainsi que des fonds qui seront distribu\u00e9s \u00e0 divers organismes, toujours selon les besoins de la population gazaouite.<\/p>\n<\/div>\n<p id=\"articleCopyright\">\u00a9 La Derni\u00e8re Heure 2012<\/p>\n<blockquote>\n<h4><a title=\"GAZA, ON N'OUBLIE PAS ! TOUS A LA MANIFESTATION CE JEUDI 27 D\u00c9CEMBRE A 17 h 00\" href=\"http:\/\/mcpalestine.canalblog.com\/archives\/2012\/12\/26\/25995843.html\" rel=\"bookmark\">GAZA, ON N\u2019OUBLIE PAS ! TOUS A LA MANIFESTATION CE JEUDI 27 D\u00c9CEMBRE A 17 h 00<\/a><\/h4>\n<\/blockquote>\n<div>\n<address><a title=\"\" href=\"http:\/\/mcpalestine.canalblog.com\/archives\/2012\/12\/12\/25805338.html\" rel=\"bookmark\">\u00a0\u00bb GAZA, ON N\u2019OUBLIE PAS ! \u00a0\u00bb ; \u00a0\u00bb GAZA, NOOIT VERGETEN ! \u00a0\u00bb <\/a><\/address>\n<address><a href=\"http:\/\/p2.storage.canalblog.com\/23\/38\/217331\/81926467_o.jpg\" target=\"_blank\"><img decoding=\"async\" alt=\"affichemarchegaza\" src=\"http:\/\/p2.storage.canalblog.com\/23\/38\/217331\/81926467_p.jpg\" width=\"600\" height=\"424\" border=\"0\" \/><\/a>Manifestation : \u00a0\u00bb GAZA, on n\u2019oublie pas ! \u00a0\u00bb Rdv \u00e0 17h \u00e0 l\u2019avenue de Stalingrad (au niveau du m\u00e9gaphone g\u00e9ant)! Initiative du Mouvement Citoyen Palestine : <a href=\"http:\/\/www.facebook.com\/l.php?u=http%3A%2F%2Fwww.mcpalestine.be&amp;h=iAQETrG7Q&amp;s=1\" target=\"_blank\" rel=\"nofollow nofollow\">www.mcpalestine.be<\/a> Burgerinitiatief Beweging Palestina <a href=\"http:\/\/www.facebook.com\/l.php?u=http%3A%2F%2Fwww.mcpalestine.be&amp;h=EAQG9yaRQ&amp;s=1\" target=\"_blank\" rel=\"nofollow nofollow\">www.mcpalestine.be<\/a> <a href=\"https:\/\/www.facebook.com\/events\/492972377409660\/permalink\/495884957118402\/\" target=\"_blank\">Facebook-event<\/a><\/address>\n<\/div>\n<p><a href=\"http:\/\/mcpalestine.canalblog.com\/archives\/soirees_debat__activites__actions\/index.html\" target=\"_blank\"><strong>GAZA, ON N\u2019OUBLIE PAS !<\/strong><\/a><\/p>\n<p><a href=\"http:\/\/mcpalestine.canalblog.com\/archives\/soirees_debat__activites__actions\/index.html\" target=\"_blank\"><strong>TOUS A LA MANIFESTATION <\/strong><\/a><\/p>\n<p><a href=\"http:\/\/mcpalestine.canalblog.com\/archives\/soirees_debat__activites__actions\/index.html\" target=\"_blank\"><strong>CE JEUDI 27 D\u00c9CEMBRE A 17 h 00<\/strong><\/a><\/p>\n<p><strong><em>Le d\u00e9part de la Marche se fera au croisement de l\u2019avenue de Stalingrad et du boulevard du Midi (statue m\u00e9gaphone) rassemblement \u00e0 partir de 17 heures ( depart 18h00 ). Elle s\u2019ach\u00e8vera avec des prises de parole et une petite animation sur la Place du Jeu de balle vers\u00a0 20h30. <\/em><\/strong><\/p>\n<p>Jeudi prochain 27 d\u00e9cembre, nous serons des milliers de femmes et d\u2019hommes \u00e0 descendre dans la rue pour dire que nous n\u2019avons pas oubli\u00e9 les 1430 victimes (dont 400 enfants) et les milliers de bless\u00e9s et de mutil\u00e9s sous les bombardements isra\u00e9liens lanc\u00e9s le 27 d\u00e9cembre 2008.<\/p>\n<p>Nous dirons que nous n\u2019avons pas oubli\u00e9 les 182 victimes palestiniennes, dont 47 enfants, de novembre dernier, ni l\u2019assassinat des 9 passagers turcs du Mavi Marmara dont le seul tort \u00e9tait de vouloir apporter de l\u2019aide \u00e0 la population de Gaza.<\/p>\n<p>Nous dirons que le blocus de Gaza et l\u2019enfermement de tous les Palestiniens est une honte. Et que cette honte est possible parce que nos dirigeants participent \u00e0 cet enfermement inacceptable et inhumain.<\/p>\n<p><strong>Mais aussi,<\/strong><\/p>\n<p><strong>Nous allons soutenir la mission \u00ab\u00a0Bienvenue en Palestine\u00a0\u00bb qui devrait entrer dans Gaza et tenter de briser le blocus inflig\u00e9 \u00e0 une population civile innocente, et dire stop \u00e0 l\u2019\u00e9tranglement du peuple palestinien !<\/strong><\/p>\n<p>En effet, une centaine d\u2019internationaux dont quelques BELGES, solidaires du peuple palestinien, se trouvent d\u00e9j\u00e0 en \u00c9gypte, et s\u2019appr\u00eatent \u00e0 aller \u00e0 Gaza, apportant avec eux une tonne de m\u00e9dicaments, du mat\u00e9riel chirurgical, des livres d\u2019apprentissage, des tenues sportives pour les jeunes footballeurs, et \u00e9galement des confiseries qu\u2019ils comptent partager avec les enfants et les familles de Gaza.<\/p>\n<p><strong>O\u00f9 est la communaut\u00e9 internationale\u00a0?<\/strong><\/p>\n<p>Le blocus de Gaza prive quotidiennement 1,7 millions de palestiniens d\u2019une vie digne, et les dirigeants isra\u00e9liens les privent des droits les plus \u00e9l\u00e9mentaires. Isra\u00ebl a transform\u00e9 ce territoire de 360 km<sup>2<\/sup> en un v\u00e9ritable ghetto, qu\u2019il pilonne avec ses bombes au phosphore sous les yeux du monde entier.<\/p>\n<p>Les m\u00e9decins de Gaza ont donc lanc\u00e9 un appel \u00e0 la solidarit\u00e9 internationale pour obtenir de toute urgence les m\u00e9dicaments n\u00e9cessaires au bon fonctionnement de leur syst\u00e8me de sant\u00e9. L\u2019OMS a \u00e9galement lanc\u00e9 un appel mondial \u00e0 la solidarit\u00e9 vis \u00e0 vis des h\u00f4pitaux gazaouis.<\/p>\n<p><strong>Mais qui d\u2019entre-nous, \u00e0 travers les m\u00e9dias traditionnels, a entendu ce cri, ce SOS lanc\u00e9 par les m\u00e9decins palestiniens? Par l\u2019OMS?<\/strong><\/p>\n<p>Quel gouvernement agit pour que cesse cette humiliation, o\u00f9 1,7 millions de personnes souffrent de malnutrition, de manque d\u2019eau potable et de m\u00e9dicaments, et regardent le ciel avec une ins\u00e9curit\u00e9 permanente?<\/p>\n<p>Nous refusons d\u2019\u00eatre complices de cette politique criminelle qui encourage les crimes de guerre isra\u00e9liens.<\/p>\n<p><strong>Retrouvez-nous sur <a href=\"http:\/\/www.BienvenuePalestine.com\" target=\"_blank\">www.BienvenuePalestine.com<\/a> et <a href=\"http:\/\/mcpalestine.be\" target=\"_blank\">mcpalestine.be<\/a><br \/>\n<\/strong><\/p>\n<p><strong>Ecrivez-nous \u00e0 contact@BienvenuePalestine.com ( pour les belge \u00e0 <a href=\"mailto:mcpalestine@netcourrier.com\" target=\"_blank\">mcpalestine@netcourrier.com<\/a> )<br \/>\n<\/strong><\/p>\n<p><strong>Suivez la mission \u00e0 Gaza : <a href=\"http:\/\/mcpalestine.be\" target=\"_blank\">mcpalestine.be<\/a>\u00a0<\/strong><\/p>\n<p><em>Nadia Boumazzoughe depuis Le Caire<\/em><\/p>\n<\/div>\n","protected":false},"excerpt":{"rendered":"<p>En route vers GAZA Message de\u00a0 Nadia Boumazzoughe :La mission est actuellement au Caire et demain c\u2019est le grand jour !!! le 27 d\u00e9cembre vers \u00e0 14h00 15h00 ( heures local on pourras vous dire si oui o\u00f9 non les participants de la mission Bienvenue en Palestine seront pass\u00e9e a Gaza ! On compte sur &#8230; <a title=\"En route vers GAZA\" class=\"read-more\" href=\"https:\/\/bruxelles-pantheres.be\/?p=645\" aria-label=\"En savoir plus sur En route vers GAZA\">Lire la suite<\/a><\/p>\n","protected":false},"author":1,"featured_media":85,"comment_status":"open","ping_status":"open","sticky":false,"template":"","format":"standard","meta":{"footnotes":""},"categories":[21,6,18],"tags":[31,14,12,13,15],"class_list":["post-645","post","type-post","status-publish","format-standard","has-post-thumbnail","hentry","category-anti-imperialisme","category-palestine-moyen-orient","category-resistance-bruxelles","tag-belgique","tag-bruxelles","tag-gaza","tag-nordine-saidi","tag-resistance"],"_links":{"self":[{"href":"https:\/\/bruxelles-pantheres.be\/index.php?rest_route=\/wp\/v2\/posts\/645","targetHints":{"allow":["GET"]}}],"collection":[{"href":"https:\/\/bruxelles-pantheres.be\/index.php?rest_route=\/wp\/v2\/posts"}],"about":[{"href":"https:\/\/bruxelles-pantheres.be\/index.php?rest_route=\/wp\/v2\/types\/post"}],"author":[{"embeddable":true,"href":"https:\/\/bruxelles-pantheres.be\/index.php?rest_route=\/wp\/v2\/users\/1"}],"replies":[{"embeddable":true,"href":"https:\/\/bruxelles-pantheres.be\/index.php?rest_route=%2Fwp%2Fv2%2Fcomments&post=645"}],"version-history":[{"count":2,"href":"https:\/\/bruxelles-pantheres.be\/index.php?rest_route=\/wp\/v2\/posts\/645\/revisions"}],"predecessor-version":[{"id":647,"href":"https:\/\/bruxelles-pantheres.be\/index.php?rest_route=\/wp\/v2\/posts\/645\/revisions\/647"}],"wp:featuredmedia":[{"embeddable":true,"href":"https:\/\/bruxelles-pantheres.be\/index.php?rest_route=\/wp\/v2\/media\/85"}],"wp:attachment":[{"href":"https:\/\/bruxelles-pantheres.be\/index.php?rest_route=%2Fwp%2Fv2%2Fmedia&parent=645"}],"wp:term":[{"taxonomy":"category","embeddable":true,"href":"https:\/\/bruxelles-pantheres.be\/index.php?rest_route=%2Fwp%2Fv2%2Fcategories&post=645"},{"taxonomy":"post_tag","embeddable":true,"href":"https:\/\/bruxelles-pantheres.be\/index.php?rest_route=%2Fwp%2Fv2%2Ftags&post=645"}],"curies":[{"name":"wp","href":"https:\/\/api.w.org\/{rel}","templated":true}]}}