{"id":6465,"date":"2025-09-20T16:29:34","date_gmt":"2025-09-20T15:29:34","guid":{"rendered":"https:\/\/bruxelles-pantheres.be\/?p=6465"},"modified":"2025-09-20T21:53:01","modified_gmt":"2025-09-20T20:53:01","slug":"frantz-fanon-100-ans-de-luttes-ce-quil-nous-apprend-a-bruxelles-pantheres","status":"publish","type":"post","link":"https:\/\/bruxelles-pantheres.be\/?p=6465","title":{"rendered":"FRANTZ FANON, 100 ANS DE LUTTES : CE QU\u2019IL NOUS APPREND \u00c0 BRUXELLES PANTH\u00c8RES"},"content":{"rendered":"<p><em>Ce que Frantz Fanon nous apprend \u00e0 Bruxelles Panth\u00e8res : pour une praxis d\u00e9coloniale, radicale et populaire au c\u0153ur de la m\u00e9tropole europ\u00e9enne.<\/em><\/p>\n<p><strong><em>Frantz Fanon, 100 ans plus tard : armes pour nos luttes \u00e0 Bruxelles Panth\u00e8res<\/em><br \/>\n<em>De la psychiatrie coloniale \u00e0 la gu\u00e9rison politique collective : que ferait Fanon aujourd\u2019hui \u00e0 Bruxelles ?<\/em><\/strong><\/p>\n<blockquote><p><em>\u00ab\u00a0La honte. La honte et le m\u00e9pris de moi-m\u00eame. La naus\u00e9e. Quand on m\u2019aime, on me dit que c\u2019est malgr\u00e9 ma couleur. Quand on me d\u00e9teste, on ajoute que ce n\u2019est pas \u00e0 cause de ma couleur&#8230; Ici ou l\u00e0, je suis prisonnier du cercle infernal.\u00a0\u00bb <\/em>Frantz Fanon, Peau noire, masques blancs. (1952)<\/p><\/blockquote>\n<p>Fanon est vivant, ici, dans nos col\u00e8res, nos soins, nos combats<\/p>\n<p><!--more--><\/p>\n<p>Aujourd\u2019hui, en 2025, nous comm\u00e9morons les 100 ans de la naissance de Frantz Fanon. Mais chez nous, \u00e0 Bruxelles Panth\u00e8res, on ne c\u00e9l\u00e8bre pas Fanon comme une figure morte. On ne fait pas dans le Fanon de biblioth\u00e8que. On parle ici d\u2019un Fanon vivant, d\u2019un compagnon de route, d\u2019un aiguilleur de lutte, d\u2019un passeur de feu.<\/p>\n<p>Car Fanon est dans nos slogans, dans nos marches, dans nos espaces non mixtes, dans nos refus de collaboration avec l&rsquo;\u00c9tat. Fanon est dans nos refus de l\u2019int\u00e9gration, dans notre solidarit\u00e9 avec la Palestine, dans notre travail de m\u00e9moire pour les victimes de la police, dans nos pratiques d\u2019auto-d\u00e9fense communautaire et dans notre volont\u00e9 d\u2019autonomie politique.<\/p>\n<p>Il est notre boussole, notre scalpel, notre miroir.<\/p>\n<p>Ce que je vous propose aujourd\u2019hui, c\u2019est un long voyage fanonien \u00e0 travers Bruxelles, une travers\u00e9e de ses quartiers, de ses blessures, de ses prisons, de ses rues, pour voir ce que Fanon nous dit encore, et surtout, ce que Fanon ferait s\u2019il \u00e9tait parmi nous.<\/p>\n<figure id=\"attachment_2606\" aria-describedby=\"caption-attachment-2606\" style=\"width: 671px\" class=\"wp-caption aligncenter\"><a href=\"https:\/\/bruxelles-pantheres.be\/wp-content\/uploads\/2015\/10\/12167727_967950159929599_832843243_n.jpg\"><img decoding=\"async\" class=\"wp-image-2606 size-full\" src=\"https:\/\/bruxelles-pantheres.be\/wp-content\/uploads\/2015\/10\/12167727_967950159929599_832843243_n.jpg\" alt=\"\" width=\"681\" height=\"960\" srcset=\"https:\/\/bruxelles-pantheres.be\/wp-content\/uploads\/2015\/10\/12167727_967950159929599_832843243_n.jpg 681w, https:\/\/bruxelles-pantheres.be\/wp-content\/uploads\/2015\/10\/12167727_967950159929599_832843243_n-213x300.jpg 213w, https:\/\/bruxelles-pantheres.be\/wp-content\/uploads\/2015\/10\/12167727_967950159929599_832843243_n-540x761.jpg 540w\" sizes=\"(max-width: 681px) 100vw, 681px\" \/><\/a><figcaption id=\"caption-attachment-2606\" class=\"wp-caption-text\">Contribution de Manu Scordia pour Bruxelles Panth\u00e8res<br \/>http:\/\/manu-scordia.blogspot.com\/<\/figcaption><\/figure>\n<p><strong>NOUS SOMMES LES ENFANTS DE FANON<\/strong><\/p>\n<p>Bruxelles Panth\u00e8res n\u2019est pas une ONG, ce n\u2019est pas un projet de m\u00e9diation, ce n\u2019est pas un club de lecture.<\/p>\n<p>C\u2019est un camp de base pour les damn\u00e9s de la m\u00e9tropole europ\u00e9enne.<br \/>\nC\u2019est un laboratoire fanonien.<br \/>\nC\u2019est une \u00e9cole de lutte.<br \/>\nC\u2019est une cellule de gu\u00e9rison.<\/p>\n<p>Nous ne demandons pas une place dans le monde blanc.<br \/>\nNous demandons un autre monde.<\/p>\n<p>Et si Fanon \u00e9tait ici, \u00e0 nos c\u00f4t\u00e9s, il nous dirait encore :<\/p>\n<blockquote><p><em>\u00ab Chaque g\u00e9n\u00e9ration doit, dans une relative opacit\u00e9, d\u00e9couvrir sa mission, la remplir ou la trahir. \u00bb<\/em><\/p><\/blockquote>\n<p>\u00c0 Bruxelles Panth\u00e8res, nous avons d\u00e9couvert la mission.<br \/>\nEt nous refusons de la trahir.<\/p>\n<blockquote><p><strong>Fanon est vivant, ici et maintenant, dans nos luttes<\/strong><\/p><\/blockquote>\n<p>Il y a cent ans naissait Frantz Fanon. Cent ans d\u2019un h\u00e9ritage incandescent. Cent ans d\u2019un souffle noir et r\u00e9volutionnaire qui traverse les continents, les luttes, les m\u00e9moires. Aujourd\u2019hui, en 2025, nous c\u00e9l\u00e9brons non pas un simple intellectuel du pass\u00e9, mais une pens\u00e9e vivante, une arme dans les mains des opprim\u00e9\u00b7es.<br \/>\nFanon est avec nous. Fanon est parmi nous.<br \/>\nBruxelles Panth\u00e8res est une organisation fanonienne, parce qu\u2019elle s&rsquo;inscrit dans une praxis politique radicale, d\u00e9coloniale, antiraciste, anticapitaliste, anti-imp\u00e9rialiste et antisioniste. Nous ne rendons pas hommage \u00e0 Fanon comme \u00e0 un saint. Nous l\u2019invoquons comme strat\u00e8ge de notre lib\u00e9ration.<\/p>\n<p>Aujourd\u2019hui, je vais articuler cette intervention avec une projection concr\u00e8te : que ferait Fanon s\u2019il \u00e9tait parmi nous aujourd\u2019hui \u00e0 Bruxelles ?<\/p>\n<blockquote><p><strong>Fanon, penseur de la colonisation comme syst\u00e8me total<\/strong><\/p><\/blockquote>\n<p>Une violence coloniale structurelle, pas une simple injustice morale<\/p>\n<p>Fanon comprend tr\u00e8s t\u00f4t que la colonisation n\u2019est pas un accident ni une aberration, mais un syst\u00e8me organis\u00e9 de domination et de d\u00e9shumanisation, fond\u00e9 sur la race, l\u2019exploitation et la d\u00e9possession.<\/p>\n<blockquote><p><em>\u00ab Le monde colonis\u00e9 est un monde compartiment\u00e9. \u00bb \u2014 Fanon<\/em><\/p><\/blockquote>\n<p>Ce monde compartiment\u00e9, on le retrouve \u00e0 Bruxelles. Les quartiers populaires comme Cureghem, Saint-Josse ou Matonge sont les r\u00e9pliques urbaines de ce que Fanon appelle des \u00ab zones de non-\u00eatre \u00bb. Ce sont les lieux o\u00f9 vivent celles et ceux qu\u2019on tol\u00e8re mais qu\u2019on n\u2019\u00e9coute pas. Ce sont les zones que la police sur-contr\u00f4le, que l\u2019\u00c9tat pathologise, que les m\u00e9dias criminalisent.<\/p>\n<blockquote><p><strong>La colonisation est aussi psychique : d\u00e9truire l\u2019image de soi<\/strong><\/p><\/blockquote>\n<p>Dans <em>Peau noire, masques blancs<\/em>, Fanon montre que le colonis\u00e9 est contraint de s\u2019identifier \u00e0 l\u2019image du colon. Il parle bien fran\u00e7ais, il veut \u00eatre reconnu, accept\u00e9. Il devient un \u00e9tranger \u00e0 lui-m\u00eame.<br \/>\nAujourd\u2019hui, cette ali\u00e9nation continue. Dans nos \u00e9coles o\u00f9 on ne parle pas de Lumumba, dans nos m\u00e9dias o\u00f9 les Noirs sont soit victimes, soit d\u00e9linquants, dans notre rapport \u00e0 la langue, \u00e0 l\u2019histoire, \u00e0 la religion.<\/p>\n<p>\u00c0 Bruxelles, l\u2019\u00c9tat continue de fabriquer des Noir\u00b7es et des Arabes honteux de leurs racines. Fanon nous dit : ce n\u2019est pas \u00e0 nous de nous int\u00e9grer, c\u2019est \u00e0 eux de d\u00e9sapprendre leur supr\u00e9matie.<\/p>\n<blockquote><p><strong>Fanon, un souffle de feu pour nos luttes<\/strong><\/p><\/blockquote>\n<p>\u00ab Chaque g\u00e9n\u00e9ration doit, dans une relative opacit\u00e9, d\u00e9couvrir sa mission, la remplir ou la trahir. \u00bb (<em>Les Damn\u00e9s de la Terre<\/em>). Ces mots de Frantz Fanon r\u00e9sonnent comme un appel aux armes, un serment de fid\u00e9lit\u00e9 \u00e0 celles et ceux qui, hier comme aujourd\u2019hui, subissent l\u2019ordre colonial, le racisme structurel, et la logique d\u00e9shumanisante de l\u2019Empire. \u00c0 Bruxelles, dans cette ville-capitale \u00e0 la fois c\u0153ur administratif de l\u2019Europe et matrice historique de la colonisation belge, l\u2019h\u00e9ritage de Fanon n\u2019est ni une relique, ni un mythe lointain. Il est une boussole pour notre action, une arme dans la main des Panth\u00e8res de Bruxelles, une praxis vivante de l\u2019insoumission et d\u00e9coloniale.<\/p>\n<blockquote><p><strong>Fanon, m\u00e9decin des corps colonis\u00e9s et gu\u00e9risseur des \u00e2mes insurg\u00e9es<\/strong><\/p><\/blockquote>\n<p>Fanon, psychiatre martiniquais engag\u00e9 dans la guerre d\u2019Alg\u00e9rie aux c\u00f4t\u00e9s du FLN, nous enseigne que la colonisation n\u2019est pas seulement une domination \u00e9conomique ou militaire, mais une entreprise de destruction psychique, de d\u00e9shumanisation totale. Dans <em>Peau noire, masques blancs<\/em> (1952), il analyse comment l\u2019homme noir int\u00e9riorise l\u2019image que lui renvoie le colon, dans un processus qu\u2019il nomme \u00ab\u00a0ali\u00e9nation culturelle\u00a0\u00bb. Ce n\u2019est pas une simple ali\u00e9nation abstraite : c\u2019est l\u2019empoisonnement de la langue, du corps, du regard sur soi.<\/p>\n<p>\u00c0 Bruxelles, les enfants des ex-colonis\u00e9\u00b7es \u2014 Congolais\u00b7es, Marocain\u00b7es, Alg\u00e9rien\u00b7nes, Rroms, sans-papiers, Noirs\u00b7es, Arabes, musulman\u00b7es \u2014 vivent encore les r\u00e9percussions de cette violence psychique, sous des formes modernis\u00e9es mais tout aussi brutales : discriminations structurelles, islamophobie d\u2019\u00c9tat, violences polici\u00e8res, paup\u00e9risation, m\u00e9pris scolaire, psychiatrisation du mal-\u00eatre des jeunes issus de l\u2019immigration post-coloniale. Fanon nous invite \u00e0 refuser d\u2019\u00eatre des patients passifs du syst\u00e8me : il nous enseigne \u00e0 gu\u00e9rir en combattant, \u00e0 nous reconstruire en brisant les cha\u00eenes. Il nous dirait que \u00a0\u00bb <em>L\u2019ali\u00e9nation ne se gu\u00e9rit pas dans l\u2019h\u00f4pital du colon mais dans la lutte pour la lib\u00e9ration.\u00a0\u00bb<\/em><\/p>\n<blockquote><p><strong>Fanon, praticien de la sant\u00e9 mentale politique<\/strong><\/p><\/blockquote>\n<p><strong>Une psychiatrie de lib\u00e9ration<\/strong><\/p>\n<p>Fanon a exerc\u00e9 en Alg\u00e9rie, \u00e0 Blida, o\u00f9 il a cr\u00e9\u00e9 des pratiques psychiatriques r\u00e9volutionnaires. Il a compris que le mal des colonis\u00e9\u00b7es n\u2019est pas une pathologie individuelle mais une souffrance collective li\u00e9e \u00e0 la domination.<\/p>\n<p>Aujourd\u2019hui, les jeunes racialis\u00e9\u00b7es \u00e0 Bruxelles sont surrepr\u00e9sent\u00e9\u00b7es dans les services de sant\u00e9 mentale, dans les centres ferm\u00e9s, les prisons, les dispositifs d\u2019insertion. On parle de \u00ab radicalisation \u00bb, de \u00ab troubles \u00bb, de \u00ab comportements \u00e0 risque \u00bb, sans jamais questionner la soci\u00e9t\u00e9 qui les rend fous.<\/p>\n<p>Fanon nous dit : ne gu\u00e9rissez pas en silence, gu\u00e9rissez en vous r\u00e9voltant.<\/p>\n<p>Soigner, c\u2019est cr\u00e9er des espaces politiques de s\u00e9curit\u00e9<\/p>\n<p>\u00c0 Bruxelles Panth\u00e8res, cela signifie :<\/p>\n<ul>\n<li>Des cercles de parole d\u00e9coloniaux<\/li>\n<li>Des actions de soutien aux familles de victimes<\/li>\n<li>Des espaces communautaires non-mixtes au besoin<\/li>\n<li>Des alliances avec des praticien\u00b7nes afro-descendant\u00b7es, queer, d\u00e9coloniaux\u00b7ales<\/li>\n<\/ul>\n<blockquote><p><strong>Fanon comme strat\u00e8ge de la guerre de lib\u00e9ration : une pens\u00e9e pour notre autonomie politique<\/strong><\/p><\/blockquote>\n<p>Fanon nous enseigne aussi que la lib\u00e9ration ne peut \u00eatre offerte par le dominant. Il dit que \u00ab <em>Dans la p\u00e9riode de d\u00e9colonisation, il est fait appel \u00e0 la raison des colonis\u00e9s. On leur propose des valeurs s\u00fbres, on leur explique abondamment que la d\u00e9colonisation ne doit pas signifier r\u00e9gression, qu\u2019il faut s\u2019appuyer sur les valeurs exp\u00e9riment\u00e9es, solides, cot\u00e9es. Or il se trouve que lorsqu\u2019un colonis\u00e9 entend un discours sur la culture occidentale, il sort sa machette ou du moins il s\u2019assure qu\u2019elle est \u00e0 port\u00e9e de sa main. La violence avec laquelle s\u2019est affirm\u00e9e la supr\u00e9matie des valeurs blanches, l\u2019agressivit\u00e9 qui a impr\u00e9gn\u00e9 la confrontation victorieuse de ces valeurs avec les modes de vie ou de pens\u00e9e des colonis\u00e9s font que, par un juste retour des choses, le colonis\u00e9 ricane quand on \u00e9voque devant lui ces valeurs.<\/em>\u00bb. Pour Bruxelles Panth\u00e8res, cela signifie refuser les logiques d\u2019int\u00e9gration-assimilation, les financements conditionn\u00e9s, les injonctions \u00e0 la mod\u00e9ration, au respect des institutions coloniales (la police, l\u2019\u00e9cole blanche, les tribunaux racistes, les m\u00e9dias dominants, etc.).<\/p>\n<p>Fanon inspire notre strat\u00e9gie : une organisation autonome, radicale, non-mixte raciale si n\u00e9cessaire, antisioniste, et anti-imp\u00e9rialiste. Fanon savait que le pouvoir ne se supplie pas. Il se prend. C\u2019est la le\u00e7on des mouvements de lib\u00e9ration arm\u00e9e, des r\u00e9voltes noires am\u00e9ricaines, des r\u00e9sistances palestiniennes.<\/p>\n<p>C\u2019est pourquoi Bruxelles Panth\u00e8res refuse les formes molles du militantisme caritatif ou citoyenniste. Nous ne voulons pas \u00eatre int\u00e9gr\u00e9s dans un syst\u00e8me pourri. Nous voulons le renverser.<\/p>\n<blockquote><p>\u00a0<em>\u00ab\u00a0La d\u00e9colonisation est un ph\u00e9nom\u00e8ne violent.\u00a0\u00bb \u2014 Fanon<\/em><\/p>\n<p><a href=\"https:\/\/bruxelles-pantheres.be\/wp-content\/uploads\/2017\/03\/16649376_1189303187831722_832618022421858463_n.jpg\"><img decoding=\"async\" class=\"aligncenter wp-image-3201 size-full\" src=\"https:\/\/bruxelles-pantheres.be\/wp-content\/uploads\/2017\/03\/16649376_1189303187831722_832618022421858463_n.jpg\" alt=\"\" width=\"678\" height=\"960\" srcset=\"https:\/\/bruxelles-pantheres.be\/wp-content\/uploads\/2017\/03\/16649376_1189303187831722_832618022421858463_n.jpg 678w, https:\/\/bruxelles-pantheres.be\/wp-content\/uploads\/2017\/03\/16649376_1189303187831722_832618022421858463_n-212x300.jpg 212w\" sizes=\"(max-width: 678px) 100vw, 678px\" \/><\/a><\/p><\/blockquote>\n<p><strong>Fanon et la critique du faux universalisme : l&rsquo;Europe n\u2019est pas notre horizon<\/strong><\/p>\n<p>Fanon d\u00e9cortique dans <em>Les Damn\u00e9s de la Terre<\/em> les pi\u00e8ges du faux universalisme europ\u00e9en, cet humanisme qui se croit sup\u00e9rieur tout en massacrant, colonisant, d\u00e9portant. Il \u00e9crit :<\/p>\n<p><em>\u00ab Il n\u2019y a pas de mission civilisatrice. Il n\u2019y a pas d\u2019Europe au-dessus des peuples. \u00bb<\/em><\/p>\n<p>Bruxelles Panth\u00e8res s\u2019inscrit dans cette ligne : nous refusons l\u2019Europe comme projet civilisateur. Nous voyons dans Bruxelles la vitrine hypocrite de la modernit\u00e9 raciste. Le Parlement europ\u00e9en est une forteresse blanche qui, pendant qu\u2019elle vote des r\u00e9solutions sur les droits humains, ferme ses fronti\u00e8res aux migrant\u00b7es du Sud global, soutient le g\u00e9nocide \u00e0 Gaza, arme Isra\u00ebl, cautionne Frontex, criminalise la solidarit\u00e9.<\/p>\n<p>Fanon nous appelle \u00e0 penser depuis le Sud, \u00e0 d\u00e9soccidentaliser nos savoirs, nos r\u00eaves, nos alliances. \u00c0 Bruxelles, cela signifie construire des alliances d\u00e9coloniales Sud-Sud, entre les diasporas opprim\u00e9es, avec les luttes des femmes noires, des sans-papiers, des jeunes des quartiers populaires, des r\u00e9fugi\u00e9s politiques.<\/p>\n<blockquote><p><strong>L\u2019Europe n\u2019est pas le centre du monde<\/strong><\/p><\/blockquote>\n<p>Fanon d\u00e9nonce l\u2019humanisme blanc qui se pr\u00e9sente comme universel mais nie les peuples du Sud global. Il affirme que le monde est plus vaste que l\u2019Europe.<\/p>\n<p><em>\u00ab Voici des si\u00e8cles que l\u2019Europe a stopp\u00e9 la progression des autres hommes et les a asservis \u00e0 ses desseins et \u00e0 sa gloire ; des si\u00e8cles qu\u2019au nom d\u2019une pr\u00e9tendue \u201caventure spirituelle\u201d elle \u00e9touffe la quasi-totalit\u00e9 de l\u2019humanit\u00e9. Regardez-la aujourd\u2019hui basculer entre la d\u00e9sint\u00e9gration atomique et la d\u00e9sint\u00e9gration spirituelle \u00bb, \u00e9crit de mani\u00e8re proph\u00e9tique Frantz Fanon dans la conclusion des Damn\u00e9s de la terre.<\/em><\/p>\n<p><em>\u00ab Allons, camarades, il vaut mieux d\u00e9cider d\u00e8s maintenant de changer de bord. La grande nuit dans laquelle nous f\u00fbmes plong\u00e9s, il nous faut la secouer et en sortir. Le jour nouveau qui d\u00e9j\u00e0 se l\u00e8ve doit nous trouver fermes, avis\u00e9s et r\u00e9solus.<\/em><\/p>\n<p><em>Il nous faut quitter nos r\u00eaves, abandonner nos vieilles croyances et nos amiti\u00e9s d\u2019avant la vie. Ne perdons pas de temps en st\u00e9riles litanies ou en mim\u00e9tismes naus\u00e9abonds. Quittons cette Europe qui n\u2019en finit pas de parler de l\u2019homme tout en le massacrant partout o\u00f9 elle le rencontre, \u00e0 tous les coins de ses propres rues, \u00e0 tous les coins du monde.\u00bb<\/em> \u00a0<em>Conclusion de \u00ab Les damn\u00e9s de la terre \u00bb<\/em><\/p>\n<p>Dans la capitale de l\u2019Union europ\u00e9enne, on doit entendre cette critique. Car Bruxelles est la vitrine d\u2019un faux projet d\u2019universalit\u00e9 :<\/p>\n<ul>\n<li>Un parlement qui soutient Isra\u00ebl malgr\u00e9 le g\u00e9nocide \u00e0 Gaza<\/li>\n<li>Une police raciste qui travaille avec Frontex<\/li>\n<li>Une justice qui acquitte les meurtriers de jeunes racis\u00e9\u00b7es<\/li>\n<li>Une \u00e9cole qui invisibilise les luttes coloniales<\/li>\n<\/ul>\n<p>Fanon nous pousse \u00e0 construire notre propre universalit\u00e9<\/p>\n<p>Pas celle du colon, mais celle des damn\u00e9s. Une universalit\u00e9 d\u00e9coloniale, antiraciste, panafricaine, afro-arabe, musulmane, rrom, queer, populaire.<\/p>\n<p>Fanon nous dit : construisez votre monde, \u00e0 partir de votre douleur, de votre rage, de votre m\u00e9moire.<\/p>\n<p>Fanon et la n\u00e9cessit\u00e9 de r\u00e9habiliter la violence : casser le monopole de l\u2019\u00c9tat sur la l\u00e9gitimit\u00e9<\/p>\n<p>Fanon, souvent censur\u00e9 ou \u00e9dulcor\u00e9, insiste sur la n\u00e9cessit\u00e9 de la violence politique du domin\u00e9. Non pas la violence gratuite, mais celle qui lib\u00e8re. Celle qui permet au colonis\u00e9 de se r\u00e9approprier son corps, sa dignit\u00e9, sa voix.<\/p>\n<p>Dans une ville o\u00f9 la police tue (Adil, Mehdi, Ibrahima\u2026), o\u00f9 elle harc\u00e8le les jeunes racis\u00e9\u00b7es, o\u00f9 la justice acquitte les assassins en uniforme, le discours fanonien sur la l\u00e9gitime d\u00e9fense est central. Fanon nous invite \u00e0 refuser le monopole de la violence \u00e9tatique. Il nous l\u00e9gitime \u00e0 r\u00e9sister, \u00e0 riposter, \u00e0 nous organiser en milices communautaires si n\u00e9cessaire, \u00e0 prot\u00e9ger nos quartiers.<\/p>\n<p><em>Fanon nous dirait que \u00ab\u00a0Le colon comprend uniquement le langage de la force.\u00a0\u00bb<\/em><\/p>\n<p>Cela ne signifie pas tomber dans le f\u00e9tichisme de la violence, mais refuser la victimisation perp\u00e9tuelle. Fanon nous autorise \u00e0 \u00eatre dangereux\u00b7ses pour l\u2019ordre \u00e9tabli, car cet ordre est lui-m\u00eame un syst\u00e8me de guerre contre nous.<\/p>\n<p><a href=\"https:\/\/bruxelles-pantheres.be\/wp-content\/uploads\/2013\/12\/35194848865fc87a0c59a4b9c8e00abf_1M12.png\"><img decoding=\"async\" class=\"aligncenter wp-image-1719 size-full\" src=\"https:\/\/bruxelles-pantheres.be\/wp-content\/uploads\/2013\/12\/35194848865fc87a0c59a4b9c8e00abf_1M12.png\" alt=\"\" width=\"500\" height=\"288\" srcset=\"https:\/\/bruxelles-pantheres.be\/wp-content\/uploads\/2013\/12\/35194848865fc87a0c59a4b9c8e00abf_1M12.png 500w, https:\/\/bruxelles-pantheres.be\/wp-content\/uploads\/2013\/12\/35194848865fc87a0c59a4b9c8e00abf_1M12-320x184.png 320w\" sizes=\"(max-width: 500px) 100vw, 500px\" \/><\/a><\/p>\n<blockquote><p><strong>Fanon, strat\u00e8ge de la lib\u00e9ration et th\u00e9oricien de la violence politique<\/strong><\/p><\/blockquote>\n<p><strong>Fanon ne pr\u00eache pas la violence gratuite : il d\u00e9fend la rupture<\/strong><\/p>\n<p>Dans <em>Les Damn\u00e9s de la Terre<\/em>, il affirme que la lib\u00e9ration passe par une violence r\u00e9paratrice, une violence politique qui permet \u00e0 l\u2019opprim\u00e9 de reconqu\u00e9rir son humanit\u00e9.<\/p>\n<p><em>Fanon nous dirait que \u00ab La d\u00e9colonisation est un ph\u00e9nom\u00e8ne historique, c\u2019est-\u00e0-dire qu\u2019elle ne se produit pas dans la gentillesse. Elle est toujours violente. \u00bb<\/em><\/p>\n<p>\u00c0 Bruxelles, cette violence ne prend pas la forme d\u2019armes \u00e0 feu. Mais elle peut \u00eatre symbolique, culturelle, sociale, juridique, communautaire :<\/p>\n<ul>\n<li>Occuper des lieux sans autorisation<\/li>\n<li>Refuser les injonctions au silence (ex. sur Gaza)<\/li>\n<li>Cr\u00e9er des organisations non reconnues<\/li>\n<li>Se d\u00e9fendre face \u00e0 la police<\/li>\n<li>Affirmer nos voix dans les lieux qui ne veulent pas de nous<\/li>\n<\/ul>\n<p>Bruxelles Panth\u00e8res est une organisation qui assume la conflictualit\u00e9 avec le pouvoir.<\/p>\n<blockquote><p><strong>Fanon nous invite \u00e0 rompre avec les illusions r\u00e9formistes<\/strong><\/p><\/blockquote>\n<p>La r\u00e9forme du racisme est un oxymore. L\u2019\u00c9tat belge est b\u00e2ti sur le colonialisme, le travail migrant et le racisme institutionnalis\u00e9.<br \/>\nFanon nous apprend \u00e0 refuser le leurre de la citoyennet\u00e9 quand elle est vide de tout pouvoir r\u00e9el. C\u2019est pourquoi nous d\u00e9fendons des formes d\u2019autonomie noire et arabe, d\u2019auto-organisation politique, culturelle, s\u00e9curitaire.<\/p>\n<p>Bruxelles Panth\u00e8res ne veut pas une place dans un syst\u00e8me blanc. Nous voulons changer le syst\u00e8me.<\/p>\n<blockquote><p><strong>Fanon et la reconstruction de l\u2019humain d\u00e9colonis\u00e9 : de la gu\u00e9rilla \u00e0 la gu\u00e9rison<\/strong><\/p><\/blockquote>\n<p>Enfin, Fanon ne se limite pas \u00e0 la lutte arm\u00e9e. Il pense la reconstruction d\u2019un homme nouveau, d\u2019un \u00eatre humain d\u00e9barrass\u00e9 de l\u2019int\u00e9riorisation coloniale. Cette reconstruction passe par des institutions d\u00e9colonis\u00e9es : une \u00e9cole noire, une sant\u00e9 mentale populaire, une justice communautaire, des lieux safe autog\u00e9r\u00e9s. Fanon inspire nos pratiques de soin politique.<\/p>\n<p>\u00c0 Bruxelles Panth\u00e8res, cela se traduit dans nos espaces d\u2019\u00e9ducation politique, de non-mixit\u00e9, de culture critique, de soutien aux familles de victimes. Dans la lutte antipsychiatrique, dans les safe spaces afro-f\u00e9ministes, dans les pratiques de justice transformatrice, dans les cercles de parole communautaires.<\/p>\n<p><em>Fanon nous dirait que \u00ab\u00a0L\u2019homme colonis\u00e9 qui lib\u00e8re son territoire lib\u00e8re aussi son psychisme.\u00a0\u00bb<\/em><\/p>\n<p><a href=\"https:\/\/bruxelles-pantheres.be\/wp-content\/uploads\/2024\/07\/21apr_fanonpraxis_aejpg@925_1300.webp\"><img decoding=\"async\" class=\"aligncenter wp-image-5998 size-large\" src=\"https:\/\/bruxelles-pantheres.be\/wp-content\/uploads\/2024\/07\/21apr_fanonpraxis_aejpg@925_1300-1024x628.webp\" alt=\"\" width=\"1024\" height=\"628\" srcset=\"https:\/\/bruxelles-pantheres.be\/wp-content\/uploads\/2024\/07\/21apr_fanonpraxis_aejpg@925_1300-1024x628.webp 1024w, https:\/\/bruxelles-pantheres.be\/wp-content\/uploads\/2024\/07\/21apr_fanonpraxis_aejpg@925_1300-300x184.webp 300w, https:\/\/bruxelles-pantheres.be\/wp-content\/uploads\/2024\/07\/21apr_fanonpraxis_aejpg@925_1300-768x471.webp 768w, https:\/\/bruxelles-pantheres.be\/wp-content\/uploads\/2024\/07\/21apr_fanonpraxis_aejpg@925_1300.webp 1300w\" sizes=\"(max-width: 1024px) 100vw, 1024px\" \/><\/a><\/p>\n<blockquote><p><strong>Fanon aujourd\u2019hui : que ferait-il \u00e0 Bruxelles Panth\u00e8res en 2025 ?<\/strong><\/p><\/blockquote>\n<p>Il lutterait avec les jeunes sans-papiers de la Gare du Midi<\/p>\n<p>Il ne leur demanderait pas de s\u2019int\u00e9grer, il leur donnerait des outils pour r\u00e9sister. Il dirait que leur pr\u00e9sence est une forme de sabotage du mythe de la fronti\u00e8re.<\/p>\n<p>Il parlerait avec les m\u00e8res de victimes, comme celles d\u2019Adil ou Ibrahima<\/p>\n<p>Il les inviterait \u00e0 transformer leur douleur en lutte structur\u00e9e, \u00e0 cr\u00e9er un mouvement populaire de justice communautaire, \u00e0 boycotter les fausses commissions d\u2019enqu\u00eate.<\/p>\n<p>Il serait dans les \u00e9coles pour former des \u00e9ducateur\u00b7ices d\u00e9coloniaux\u00b7ales<\/p>\n<p>Il interviendrait pour que les jeunes Noirs et Arabes se voient enfin dans l\u2019histoire. Il parlerait de Lumumba, Sankara, Malcolm, Boukman, Djamila Bouhired, Abdelkrim el-Khattabi,&#8230;<\/p>\n<p>Il serait \u00e0 Gaza, ou dans les rues de Bruxelles avec un keffieh<\/p>\n<p>Fanon serait antisioniste, radicalement solidaire de la lutte palestinienne, contre la normalisation avec l\u2019apartheid isra\u00e9lien. Il d\u00e9noncerait le sionisme comme un projet colonial. Il dirait que Gaza est le miroir du monde colonial.<\/p>\n<p>Il cr\u00e9erait une \u00e9cole politique populaire<\/p>\n<p>Une \u00e9cole pour les damn\u00e9s : pas d\u2019\u00e9valuation, pas de dipl\u00f4mes, mais des savoirs pour se lib\u00e9rer. Il l\u2019appellerait peut-\u00eatre l\u2019Universit\u00e9 des Panth\u00e8res.<\/p>\n<p>Il mettrait en garde contre le n\u00e9ocolonialisme vert, f\u00e9ministe blanc, queerwashing, diversit\u00e9 inclusive des multinationales<\/p>\n<p>Il appellerait \u00e0 d\u00e9coloniser toutes les luttes, \u00e0 refuser les fausses alliances, \u00e0 cr\u00e9er des fronts de luttes populaires r\u00e9ellement radicaux.<\/p>\n<blockquote><p><strong>Conclusion : Fanon est vivant \u00e0 Bruxelles, avec nous<\/strong><\/p><\/blockquote>\n<p>Fanon n\u2019est pas un penseur du pass\u00e9. Il est un compagnon de route pour les luttes d\u00e9coloniales d\u2019aujourd\u2019hui, un \u00e9claireur dans nos nuits noires. \u00c0 Bruxelles Panth\u00e8res, nous ne le lisons pas en silence. Nous le mettons en pratique. Il est dans nos slogans, nos luttes, nos col\u00e8res, nos strat\u00e9gies. Dans chaque banderole pour Gaza, chaque rassemblement pour les familles de victimes de la police, chaque atelier de formation, chaque refus de l\u2019ordre blanc.<\/p>\n<p>Nous sommes les enfants de Fanon. Et nous faisons n\u00f4tre sa promesse :<\/p>\n<p><em>\u00ab\u00a0Il ne s\u2019agit pas de rechercher une place dans le monde tel qu\u2019il est, mais de le transformer.\u00a0\u00bb<\/em><\/p>\n<p>Fanon est notre boussole, notre force, notre horizon<\/p>\n<p>Cent ans apr\u00e8s sa naissance, Fanon n\u2019est pas un mythe, il est une m\u00e9thode.<br \/>\nIl est ce que nous faisons \u00e0 Bruxelles Panth\u00e8res chaque jour :<\/p>\n<ul>\n<li>Refuser de dialoguer avec le pouvoir sans rapport de force<\/li>\n<li>Travailler \u00e0 notre autonomie politique<\/li>\n<li>R\u00e9inventer les formes de soin, de s\u00e9curit\u00e9, de justice<\/li>\n<li>Cr\u00e9er un monde \u00e0 nous, depuis nos quartiers, nos col\u00e8res, nos histoires<\/li>\n<\/ul>\n<p>Nous n\u2019avons pas \u00e0 le comm\u00e9morer.<br \/>\nNous avons \u00e0 le continuer.<\/p>\n<p><em>Et vous, que ferait Fanon dans votre organisation ? Dans votre quartier ? Dans votre \u00e9cole ? Dans votre clinique ?<\/em><\/p>\n<p><b>Nordine Sa\u00efdi<br \/>\n<a href=\"https:\/\/bruxelles-pantheres.be\/\" target=\"_blank\" rel=\"noopener\">Bruxelles Panth\u00e8res<\/a><\/b><br \/>\n<i>\u00ab\u00a0La libert\u00e9, la justice et l&rsquo;\u00e9galit\u00e9, par tous les moyens n\u00e9cessaires !\u00a0\u00bb<\/i>\u00a0Malcolm X<i><b><\/b><\/i><\/p>\n<p><a href=\"http:\/\/mcpalestine.canalblog.com\/\" target=\"_blank\" rel=\"noopener\">Mouvement Citoyen Palestine<\/a><br \/>\n<i>\u00ab L&rsquo;\u00e9galit\u00e9 ou rien \u00bb\u00a0<\/i>Edward Said<\/p>\n<div><\/div>\n","protected":false},"excerpt":{"rendered":"<p>Ce que Frantz Fanon nous apprend \u00e0 Bruxelles Panth\u00e8res : pour une praxis d\u00e9coloniale, radicale et populaire au c\u0153ur de la m\u00e9tropole europ\u00e9enne. Frantz Fanon, 100 ans plus tard : armes pour nos luttes \u00e0 Bruxelles Panth\u00e8res De la psychiatrie coloniale \u00e0 la gu\u00e9rison politique collective : que ferait Fanon aujourd\u2019hui \u00e0 Bruxelles ? \u00ab\u00a0La &#8230; <a title=\"FRANTZ FANON, 100 ANS DE LUTTES : CE QU\u2019IL NOUS APPREND \u00c0 BRUXELLES PANTH\u00c8RES\" class=\"read-more\" href=\"https:\/\/bruxelles-pantheres.be\/?p=6465\" aria-label=\"En savoir plus sur FRANTZ FANON, 100 ANS DE LUTTES : CE QU\u2019IL NOUS APPREND \u00c0 BRUXELLES PANTH\u00c8RES\">Lire la suite<\/a><\/p>\n","protected":false},"author":1,"featured_media":1466,"comment_status":"open","ping_status":"open","sticky":false,"template":"","format":"standard","meta":{"footnotes":""},"categories":[1,35,21,22,25,36,42,4,20,7,6,8,18,28,37,39,5],"tags":[31,84,14,102,23,74,12,38,181,45,107,13,54,15],"class_list":["post-6465","post","type-post","status-publish","format-standard","has-post-thumbnail","hentry","category-non-classe","category-amerique-du-sud","category-anti-imperialisme","category-emploi","category-enseignement","category-europe","category-homophobie","category-islamophobie","category-logement","category-negrophobie","category-palestine-moyen-orient","category-prisons","category-resistance-bruxelles","category-racismes","category-romophobie","category-sans-papier","category-violence-policiere","tag-belgique","tag-black-power","tag-bruxelles","tag-decolonial","tag-discrimination","tag-frantz-fanon","tag-gaza","tag-guerre","tag-islamophobie","tag-lumumba","tag-malcolm-x","tag-nordine-saidi","tag-police","tag-resistance"],"_links":{"self":[{"href":"https:\/\/bruxelles-pantheres.be\/index.php?rest_route=\/wp\/v2\/posts\/6465","targetHints":{"allow":["GET"]}}],"collection":[{"href":"https:\/\/bruxelles-pantheres.be\/index.php?rest_route=\/wp\/v2\/posts"}],"about":[{"href":"https:\/\/bruxelles-pantheres.be\/index.php?rest_route=\/wp\/v2\/types\/post"}],"author":[{"embeddable":true,"href":"https:\/\/bruxelles-pantheres.be\/index.php?rest_route=\/wp\/v2\/users\/1"}],"replies":[{"embeddable":true,"href":"https:\/\/bruxelles-pantheres.be\/index.php?rest_route=%2Fwp%2Fv2%2Fcomments&post=6465"}],"version-history":[{"count":5,"href":"https:\/\/bruxelles-pantheres.be\/index.php?rest_route=\/wp\/v2\/posts\/6465\/revisions"}],"predecessor-version":[{"id":6470,"href":"https:\/\/bruxelles-pantheres.be\/index.php?rest_route=\/wp\/v2\/posts\/6465\/revisions\/6470"}],"wp:featuredmedia":[{"embeddable":true,"href":"https:\/\/bruxelles-pantheres.be\/index.php?rest_route=\/wp\/v2\/media\/1466"}],"wp:attachment":[{"href":"https:\/\/bruxelles-pantheres.be\/index.php?rest_route=%2Fwp%2Fv2%2Fmedia&parent=6465"}],"wp:term":[{"taxonomy":"category","embeddable":true,"href":"https:\/\/bruxelles-pantheres.be\/index.php?rest_route=%2Fwp%2Fv2%2Fcategories&post=6465"},{"taxonomy":"post_tag","embeddable":true,"href":"https:\/\/bruxelles-pantheres.be\/index.php?rest_route=%2Fwp%2Fv2%2Ftags&post=6465"}],"curies":[{"name":"wp","href":"https:\/\/api.w.org\/{rel}","templated":true}]}}