{"id":6509,"date":"2025-10-12T12:43:28","date_gmt":"2025-10-12T11:43:28","guid":{"rendered":"https:\/\/bruxelles-pantheres.be\/?p=6509"},"modified":"2025-10-12T12:48:15","modified_gmt":"2025-10-12T11:48:15","slug":"un-hommage-a-la-determination-et-a-la-resistance","status":"publish","type":"post","link":"https:\/\/bruxelles-pantheres.be\/?p=6509","title":{"rendered":"Un hommage \u00e0 la d\u00e9termination et \u00e0 la r\u00e9sistance + D\u00e9fendre la Palestine et Gaza en Belgique"},"content":{"rendered":"<div class=\"td-post-header\">\n<header class=\"td-post-title\">\n<h4 class=\"entry-title\" style=\"text-align: center;\">Cessez-le-feu \u00e0 Gaza :<\/h4>\n<h4 class=\"entry-title\">Un hommage \u00e0 la d\u00e9termination et \u00e0 la r\u00e9sistance, un appel urgent \u00e0 l\u2019escalade internationale en faveur de la Palestine<\/h4>\n<div class=\"td-module-meta-info\"><span class=\"td-post-date\"><time class=\"entry-date updated td-module-date\" datetime=\"2025-10-10T02:45:54-07:00\">10 October 2025<\/time><\/span><\/div>\n<div>Note pr\u00e9liminaire : La d\u00e9claration qui suit a \u00e9t\u00e9 publi\u00e9e le 9 octobre 2025, plusieurs heures avant l\u2019entr\u00e9e en vigueur du cessez-le-feu annonc\u00e9, \u00e0 17 heures, heure de Palestine. Nous appelons \u00e0 la plus grande vigilance, \u00e0 une pr\u00e9paration \u00e0 l\u2019action et \u00e0 une disposition \u00e0 r\u00e9pondre en toutes occasions, en particulier du fait que l\u2019occupation et ses sponsors sont d\u00e9j\u00e0 engag\u00e9s dans des man\u0153uvres dilatoires et de d\u00e9ni \u2013 visant surtout le mouvement des prisonniers palestiniens \u2013 avant m\u00eame que le cessez-le-feu n\u2019ait commenc\u00e9, et nous en sommes \u00e0 un moment o\u00f9 il vaut mieux passer \u00e0 l\u2019escalade que de faire preuve de complaisance. Nous invitons instamment tout le monde \u00e0 descendre dans la rue pour organiser les masses et passer \u00e0 l\u2019action directe, et ce, au vu des sacrifices de la population de Gaza, de la bravoure de la r\u00e9sistance, de la d\u00e9termination des prisonniers et pour la lib\u00e9ration de la Palestine.<\/div>\n<\/header>\n<\/div>\n<div class=\"td-post-sharing-top\">\n<div id=\"td_social_sharing_article_top\" class=\"td-post-sharing td-ps-bg td-ps-notext td-post-sharing-style1 \">\n<div class=\"td-post-sharing-visible\">\n<div class=\"td-social-but-icon\"><\/div>\n<\/div>\n<\/div>\n<\/div>\n<p><!--more--><\/p>\n<div class=\"td-post-content tagdiv-type\">\n<p><img decoding=\"async\" class=\"size-full wp-image-64130 td-animation-stack-type0-2 aligncenter\" src=\"https:\/\/i0.wp.com\/samidoun.net\/wp-content\/uploads\/2025\/10\/xtHS2.png?resize=920%2C450&amp;ssl=1\" sizes=\"(max-width: 920px) 100vw, 920px\" srcset=\"https:\/\/i0.wp.com\/samidoun.net\/wp-content\/uploads\/2025\/10\/xtHS2.png?w=920&amp;ssl=1 920w, https:\/\/i0.wp.com\/samidoun.net\/wp-content\/uploads\/2025\/10\/xtHS2.png?resize=300%2C147&amp;ssl=1 300w, https:\/\/i0.wp.com\/samidoun.net\/wp-content\/uploads\/2025\/10\/xtHS2.png?resize=250%2C122&amp;ssl=1 250w, https:\/\/i0.wp.com\/samidoun.net\/wp-content\/uploads\/2025\/10\/xtHS2.png?resize=768%2C376&amp;ssl=1 768w, https:\/\/i0.wp.com\/samidoun.net\/wp-content\/uploads\/2025\/10\/xtHS2.png?resize=150%2C73&amp;ssl=1 150w, https:\/\/i0.wp.com\/samidoun.net\/wp-content\/uploads\/2025\/10\/xtHS2.png?resize=696%2C340&amp;ssl=1 696w, https:\/\/i0.wp.com\/samidoun.net\/wp-content\/uploads\/2025\/10\/xtHS2.png?resize=533%2C261&amp;ssl=1 533w\" alt=\"\" width=\"920\" height=\"450\" data-recalc-dims=\"1\" \/><\/p>\n<p>Samidoun, le R\u00e9seau de solidarit\u00e9 avec les prisonniers palestiniens, salue le peuple palestinien de Gaza, d\u00e9termin\u00e9, toujours pr\u00e9sent et inflexible, et son h\u00e9ro\u00efque et in\u00e9branlable r\u00e9sistance apr\u00e8s deux ans de g\u00e9nocide, lors de la concr\u00e9tisation d\u2019un cessez-le-feu arrach\u00e9 \u00e0 l\u2019emprise des sionistes et des imp\u00e9rialistes et qui lui a \u00e9t\u00e9 impos\u00e9 uniquement via la valeur et les sacrifices du peuple et de ses combattants sur le terrain et sous les d\u00e9combres. Nous saluons le peuple palestinien de toute la Palestine occup\u00e9e et de partout en exil et dans la diaspora, les prisonniers dans les cachots de l\u2019occupation et qui souffrent de la torture sous toutes ses formes, l\u2019h\u00e9ro\u00efque r\u00e9sistance libanaise, le brave et tr\u00e8s d\u00e9termin\u00e9 peuple y\u00e9m\u00e9nite et ses forces arm\u00e9es, et toutes les forces de la r\u00e9sistance dans la r\u00e9gion et en particulier en Iran et en Irak.<\/p>\n<p>Malgr\u00e9 la terreur, la d\u00e9vastation et la destruction, le g\u00e9nocide, les crimes de guerre et les crimes contre l\u2019humanit\u00e9 perp\u00e9tr\u00e9s par le r\u00e9gime sioniste et ses sponsors imp\u00e9rialistes et ses partisans, ils ont \u00e9t\u00e9 incapables de concr\u00e9tiser le moindre de leurs objectifs militaires annonc\u00e9s. Ils ont \u00e9t\u00e9 incapables de lib\u00e9rer de force les prisonniers aux mains de la r\u00e9sistance et incapables de d\u00e9truire ou d\u2019\u00e9radiquer les forces de la r\u00e9sistance. Ils ont \u00e9t\u00e9 incapable de d\u00e9raciner le peuple palestinien de sa terre ni de parachever leur nakba en cours : tout cela, parce qu\u2019ils ont couru sur les rochers du peuple et de sa r\u00e9sistance.<\/p>\n<p>En cette occasion, nous insistons en disant qu\u2019il est du devoir du mouvement international de soutien \u00e0 la lib\u00e9ration palestinienne, qui s\u2019est immens\u00e9ment d\u00e9velopp\u00e9 en raison de cette m\u00eame d\u00e9termination, de l\u2019h\u00e9ro\u00efsme et des sacrifices des Palestiniens \u00e0 Gaza, de ne pas se tenir \u00e0 l\u2019\u00e9cart ni de r\u00e9duire son activit\u00e9 ni non plus de laisser les c\u00e9l\u00e9brations d\u00e9border notre clart\u00e9 de vision et notre sentiment d\u2019urgence. C\u2019est le moment de passer \u00e0 l\u2019escalade, d\u2019intensifier et de cimenter l\u2019isolement international d\u2019\u00ab Isra\u00ebl \u00bb au niveau populaire et au niveau officiel, de multiplier les actions directes visant la machine de guerre imp\u00e9rialiste-sioniste et ses profiteurs de guerre, de r\u00e9clamer des comptes \u00e0 tous ceux qui sont responsables du g\u00e9nocide et ce, via tous les moyens et m\u00e9canismes, et de hausser notre niveau de responsabilit\u00e9 afin de faire face aux n\u00e9cessit\u00e9s de l\u2019instant.<\/p>\n<p>Le peuple palestinien et sa r\u00e9sistance ont concr\u00e9tis\u00e9 ce cessez-le-feu via le sang, la sacrifice, l\u2019h\u00e9ro\u00efsme et leur refus de se faire d\u00e9raciner de la terre de Palestine. Ils traitent avec des contreparties et garants absolument indignes de confiance, qui, le 18 mars, ont d\u00e9j\u00e0 rompu un cessez-le-feu similaire centr\u00e9 sur les m\u00eames questions fondamentales \u2013 le retrait des forces d\u2019occupation, la fin de l\u2019agression, l\u2019entr\u00e9e de l\u2019aide et l\u2019\u00e9change des prisonniers \u2013, apr\u00e8s avoir unilat\u00e9ralement bloqu\u00e9 l\u2019aide et lanc\u00e9 un g\u00e9nocide par affamement le 2 mars. Chaque jour, l\u2019entit\u00e9 sioniste, pleinement soutenue par les \u00c9tats-Unis, viole son cessez-le-feu avec le Liban ; elle tient en prison 16 Libanais, organise des assassinats quotidiens et des attaques de drones qui ont ravi les vies de centaines de martyrs et ont continu\u00e9 de d\u00e9truire des villages, d\u2019attaquer les gens et leur terre au cours de 4 600 violations s\u00e9par\u00e9es. La nature de l\u2019ennemi qu\u2019ils doivent affronter est bien connue de tous les Palestiniens, Arabes et habitants de la r\u00e9gion.<\/p>\n<p>Ils doivent s\u2019appuyer sur les promesses des \u00c9tats-Unis d\u2019imposer l\u2019accord de cessez-le-feu \u2013 les \u00c9tats-Unis qui ont codirig\u00e9 le g\u00e9nocide et ont fourni pour des milliards de dollars d\u2019armement contre le peuple palestinien \u2013 et sur la conformit\u00e9 de l\u2019entit\u00e9 sioniste, une entit\u00e9 g\u00e9nocidaire qui ne cherche que la destruction et le vol de la Palestine. Ces parties ont \u00e0 maintes reprises viol\u00e9 leurs engagements et accords et on ne peut leur faire confiance. En effet, des repr\u00e9sentants du Hamas et de la r\u00e9sistance unifi\u00e9e ont d\u00e9j\u00e0 insist\u00e9 aupr\u00e8s des m\u00e9diateurs \u2013 l\u2019\u00c9gypte, le Qatar et la Turquie \u2013 afin qu\u2019ils exercent des pressions sur l\u2019occupation du fait que celle-ci tente de modifier les d\u00e9lais et ses responsabilit\u00e9s dans le cadre du cessez-le-feu avant m\u00eame qu\u2019il n\u2019entre en vigueur. Mahmoud Mardawi a d\u00e9clar\u00e9 : \u00ab Il semble que Netanyahou cherche \u00e0 faire sauter l\u2019accord de cessez-le-feu avant sa mise en application, en r\u00e9tractant les listes de prisonniers, dans une tentative en vue de saboter les accords. Cette d\u00e9marche r\u00e9v\u00e8le ses intentions \u00e0 propos des autres questions relatives au retrait, \u00e0 la reconstruction et \u00e0 l\u2019ouverture des passages dans les deux directions. \u00bb<\/p>\n<p>L\u2019\u00e9crivain palestinien Yassin Izz el-Din a dit : \u00ab Trump a promis \u00e0 Netanyahou de lever l\u2019isolement d\u2019Isra\u00ebl et d\u201damener le monde \u00e0 aimer de nouveau Isra\u00ebl\u2019, pour reprendre ses termes. Nous devons faire en sorte que cela n\u2019arrive pas et continuer de le combattre partout dans le monde, car Gaza est toujours assi\u00e9g\u00e9e et menac\u00e9e de trahison, Isra\u00ebl continue d\u2019attaquer la Cisjordanie, le Liban et la Syrie, la mosqu\u00e9e Al-Aqsa est viol\u00e9e et profan\u00e9e jour et nuit et le droit au retour des r\u00e9fugi\u00e9s chez eux tient toujours et il leur est refus\u00e9 par l\u2019occupant. \u00bb<\/p>\n<p>Par cons\u00e9quent, il est de notre responsabilit\u00e9 de passer \u00e0 l\u2019escalade, de nous organiser et d\u2019isoler Isra\u00ebl \u2013 afin de servir de garants populaires de la fin de l\u2019agression et de la colonisation de la Palestine, de contrecarrer les plans de l\u2019imp\u00e9rialisme et du sionisme qui cherchent \u00e0 imposer la soumission au peuple palestinien, et de soutenir la r\u00e9sistance palestinienne et ses repr\u00e9sentants dans leurs efforts unis en vue de prot\u00e9ger la cause palestinienne et le retour, la lib\u00e9ration et l\u2019autod\u00e9termination de la Palestine. Le futur de Gaza \u2013 \u00ab le lendemain \u00bb \u2013 est un futur essentiellement palestinien, qui doit \u00eatre d\u00e9cid\u00e9 et d\u00e9termin\u00e9 par le peuple palestinien, et non par l\u2019occupant g\u00e9nocidaire sioniste ni par ses seigneurs imp\u00e9rialistes, de Donald Trump \u00e0 Tony Blair.<\/p>\n<p>Ce n\u2019est que la premi\u00e8re \u00e9tape du cessez-le-feu, sur tous les plans, et son lancement a d\u00e9j\u00e0 \u00e9t\u00e9 retard\u00e9 de quatre heures afin que le criminel de guerre Netanyahou puisse obtenir l\u2019appui officiel de son \u00ab cabinet \u00bb fasciste et g\u00e9nocidaire. Nous insistons sur l\u2019urgence de la vigilance internationale et du soutien en vue \u00e0 la fois d\u2019assurer l\u2019application du cessez-le-feu et de bloquer toutes les tentatives du r\u00e9gime d\u2019occupation sioniste et de ses partisans et directeurs imp\u00e9rialistes de poursuivre le g\u00e9nocide et de saper les droits palestiniens. Il est urgent que se poursuivent et s\u2019intensifient tous les efforts visant \u00e0 imposer une responsabilisation juridique, politique, populaire et directe aux g\u00e9nocidaires, avec une d\u00e9nonciation totale de tous les responsables des horribles crimes de guerre et crimes contre l\u2019humanit\u00e9 visant le peuple palestinien, et tout particuli\u00e8rement \u00e0 Gaza. Il est urgent \u00e9galement de d\u00e9fendre les Palestiniens en Cisjordanie, dont la terre et les existences sont cibl\u00e9es par les hordes de colons paramilitaires et par les soldats de l\u2019occupation, dans toute la Palestine et partout en exil et dans la diaspora.<\/p>\n<p>Osama Hamdan, un dirigeant du Hamas, le mouvement islamique de r\u00e9sistance, a d\u00e9clar\u00e9 que l\u2019\u00e9change de prisonniers n\u2019aurait lieu qu\u2019apr\u00e8s la fin de l\u2019agression et la fin des vols de drones et de la surveillance de l\u2019occupation au-dessus de Gaza. Il a dit que 250 Palestiniens frapp\u00e9s de condamnations \u00e0 vie ainsi que 1 750 Palestiniens enlev\u00e9s de Gaza seront lib\u00e9r\u00e9s par la r\u00e9sistance dans cette nouvelle \u00e9tape de l\u2019\u00e9change. Les noms de prisonniers devant \u00eatre lib\u00e9r\u00e9s seront publi\u00e9s d\u2019abord par le Bureau m\u00e9diatique Asra Media Office, et Samidoun fournira des rapports complets, avec traductions et d\u00e9tails sur l\u2019\u00e9change de prisonniers d\u00e8s que ces informations seront disponibles.<\/p>\n<p>Nous insistons : Il restera des milliers de Palestiniens emprisonn\u00e9s dans les chambres de torture de l\u2019occupation, soumis \u00e0 des violences physiques, psychologiques et sexuelles, \u00e0 des tortures et \u00e0 des traitements inhumains, \u00e0 l\u2019affamement, au refus d\u00e9lib\u00e9r\u00e9 de soins m\u00e9dicaux et \u00e0 un lent assassinat. En m\u00eame temps que nous intensifions notre lutte contre le g\u00e9nocide, nous devons \u00e9galement intensifier notre lutte pour la lib\u00e9ration de tous les prisonniers palestiniens des ge\u00f4les sionistes, ainsi que les prisonniers de la cause palestinienne enferm\u00e9s dans les prisons imp\u00e9rialistes et r\u00e9actionnaires du monde entier.<\/p>\n<p>Samidoun, le R\u00e9seau de solidarit\u00e9 avec les prisonniers palestiniens, invite instamment tous les partisans de la Palestine \u00e0 organiser des rassemblements et des accueils publics, m\u00eame \u00e0 un niveau symbolique, des prisonniers palestiniens lib\u00e9r\u00e9s et des h\u00e9ros de la r\u00e9sistance au moment de leur lib\u00e9ration \u2013 en m\u00eame temps et dans le cadre des mobilisations et manifestations de masse en cours pour Gaza et pour toute la Palestine, qui doivent continuer de toute urgence de remplir les rues des villes et capitales du monde. C\u2019est maintenant le moment de comm\u00e9morer leur lib\u00e9ration et, pour le mouvement mondial pour la Palestine, de tenir compte des sacrifices et du r\u00f4le central des prisonniers dans la r\u00e9sistance et au sein du mouvement de lib\u00e9ration nationale dans son ensemble.<\/p>\n<p>Comme l\u2019a dit l\u2019\u00e9crivain palestinien Ali Abu Rezeq : \u00ab La joie est incompl\u00e8te, cette fois-ci ; ce n\u2019est pas comme la joie de la tr\u00eave pr\u00e9c\u00e9dente. Notre peuple \u00e9prouve une grande angoisse douloureuse et sans pr\u00e9c\u00e9dent, car c\u2019est un ennemi plus insolent, plus r\u00e9pugnant et plus m\u00e9prisable qu\u2019ils l\u2019imaginaient et que nous l\u2019imaginions (\u2026) Chaque larme de joie qui coule d\u2019un \u0153il est accueillie par une larme de tristesse de l\u2019autre \u0153il. Par cons\u00e9quent, nous croyons que al lutte politique mondiale doit commencer et s\u2019intensifier apr\u00e8s le cessez-le-feu, et non avant. Une coupole populaire mondiale doit \u00eatre constitu\u00e9e pour faire cesser la guerre et soutenir le peuple de Gaza avec des secours, psychologiquement, mat\u00e9riellement et au niveau humain. Chaque \u00eatre libre doit ressentir qu\u2019il porte sur les \u00e9paules une dette envers Gaza et son peuple, une dette qui ne sera lev\u00e9e que par le d\u00e9part et la disparition compl\u00e8te de la pr\u00e9sente occupation. \u00bb<\/p>\n<p>Chaque chose men\u00e9e \u00e0 bien \u2013 et chaque vie sauv\u00e9e par le cessez-le-feu \u2013 n\u2019a \u00e9t\u00e9 accomplie que via la d\u00e9termination des masses et l\u2019\u00e9clat et l\u2019h\u00e9ro\u00efsme de la r\u00e9sistance arm\u00e9e. Ce sont les sacrifices des martyrs, les plus de 67 000 personnes dont les noms sont connus, les pr\u00e8s de 10 000 qui restent toujours manquants, et les centaines de milliers d\u2019autres dont les existences ont \u00e9t\u00e9 fauch\u00e9es ou le seront encore en raison du si\u00e8ge, de l\u2019affamement forc\u00e9 et de l\u2019agression g\u00e9nocidaire imp\u00e9rialiste-sioniste contre les soins de sant\u00e9, l\u2019hygi\u00e8ne t tous les aspects de la vie qui font de ce cessez-le-feu une r\u00e9alit\u00e9, et non pas les g\u00e9nocidaires imp\u00e9rialistes qui cherchent \u00e0 am\u00e9liorer leur imago mondiale ni les r\u00e9gimes r\u00e9actionnaires arabes qui ont \u00e9t\u00e9 complices des crimes contre le peuple palestinien. Ce sont aussi les martyrs parmi les dirigeants, de Yahya Sinwar, Isma\u00efl Haniyeh et Mohammed Deif, \u00e0 Sayyed Hassan Nasrallah et Sayyed Hashem Safieddine, \u00e0 Ahmed al-Rawhi et Mohammed Saeed Izadi, dont la voie continue d\u2019\u00e9clairer la route vers l\u2019avant, non seulement vers le cessez-le-feu, mais aussi vers la victoire et la lib\u00e9ration.<\/p>\n<p>Pour notre mouvement internationale, ce n\u2019est pas le moment de se reposer. C\u2019est le moment pour nous de passer \u00e0 l\u2019escalade et de faire comprendre clairement que nous allons devenir un bastion solide de soutien \u00e0 la r\u00e9sistance alors qu\u2019elle poursuit la lutte, puisque nous nous dressons pour rien de moins que le plein accomplissement des buts et aspirations du peuple palestinien, de l\u2019isolement international et du d\u00e9mant\u00e8lement complets du sionisme et de l\u2019entit\u00e9 sioniste, de la responsabilisation et de la justice r\u00e9volutionnaire \u00e0 l\u2019encontre des criminels de guerre et de la d\u00e9faite de l\u2019imp\u00e9rialisme en Palestine et dans toute la r\u00e9gion.<\/p>\n<p><strong>Du fleuve \u00e0 la mer, la Palestine sera libre !<\/strong><\/p>\n<p>Pr\u00e9c\u00e9dente d\u00e9claration de Samidoun suite au cessez-le-feu de janvier :\u00a0<a href=\"https:\/\/samidoun.net\/fr\/2025\/01\/gaza-la-resistance-vit-les-portes-de-la-prison-souvrent-sur-la-voie-de-la-liberation-et-du-retour\/\">Gaza: La r\u00e9sistance vit, les portes des prisons s\u2019ouvrent \u2013 Sur la voie de la lib\u00e9ration et du retour \/ Samidoun: R\u00e9seau de solidarit\u00e9 avec les prisonniers palestriniens<\/a><\/p>\n<div class=\"td-post-header\">\n<header class=\"td-post-title\">\n<h4 class=\"entry-title\">D\u00e9fendre la Palestine et Gaza en Belgique : hommage \u00e0 Mahmoud et appel \u00e0 la lib\u00e9ration des prisonniers<\/h4>\n<div class=\"td-module-meta-info\"><span class=\"td-post-date\"><time class=\"entry-date updated td-module-date\" datetime=\"2025-10-10T02:09:36-07:00\">10 October 2025<\/time><\/span><\/div>\n<\/header>\n<\/div>\n<div class=\"td-post-sharing-top\">\n<div id=\"td_social_sharing_article_top\" class=\"td-post-sharing td-ps-bg td-ps-notext td-post-sharing-style1 \">\n<div class=\"td-post-sharing-visible\">\n<div class=\"td-social-but-icon\"><\/div>\n<div class=\"td-social-but-icon\"><\/div>\n<\/div>\n<\/div>\n<\/div>\n<div class=\"td-post-content tagdiv-type\">\n<p><img decoding=\"async\" class=\"alignnone size-full wp-image-64146 td-animation-stack-type0-2\" src=\"https:\/\/i0.wp.com\/samidoun.net\/wp-content\/uploads\/2025\/10\/signal-2025-10-09-131737_006.jpeg?resize=1200%2C1800&amp;ssl=1\" sizes=\"(max-width: 1200px) 100vw, 1200px\" srcset=\"https:\/\/i0.wp.com\/samidoun.net\/wp-content\/uploads\/2025\/10\/signal-2025-10-09-131737_006.jpeg?w=1365&amp;ssl=1 1365w, https:\/\/i0.wp.com\/samidoun.net\/wp-content\/uploads\/2025\/10\/signal-2025-10-09-131737_006.jpeg?resize=200%2C300&amp;ssl=1 200w, https:\/\/i0.wp.com\/samidoun.net\/wp-content\/uploads\/2025\/10\/signal-2025-10-09-131737_006.jpeg?resize=683%2C1024&amp;ssl=1 683w, https:\/\/i0.wp.com\/samidoun.net\/wp-content\/uploads\/2025\/10\/signal-2025-10-09-131737_006.jpeg?resize=167%2C250&amp;ssl=1 167w, https:\/\/i0.wp.com\/samidoun.net\/wp-content\/uploads\/2025\/10\/signal-2025-10-09-131737_006.jpeg?resize=768%2C1152&amp;ssl=1 768w, https:\/\/i0.wp.com\/samidoun.net\/wp-content\/uploads\/2025\/10\/signal-2025-10-09-131737_006.jpeg?resize=1024%2C1536&amp;ssl=1 1024w, https:\/\/i0.wp.com\/samidoun.net\/wp-content\/uploads\/2025\/10\/signal-2025-10-09-131737_006.jpeg?resize=150%2C225&amp;ssl=1 150w, https:\/\/i0.wp.com\/samidoun.net\/wp-content\/uploads\/2025\/10\/signal-2025-10-09-131737_006.jpeg?resize=300%2C450&amp;ssl=1 300w, https:\/\/i0.wp.com\/samidoun.net\/wp-content\/uploads\/2025\/10\/signal-2025-10-09-131737_006.jpeg?resize=696%2C1044&amp;ssl=1 696w, https:\/\/i0.wp.com\/samidoun.net\/wp-content\/uploads\/2025\/10\/signal-2025-10-09-131737_006.jpeg?resize=1068%2C1602&amp;ssl=1 1068w\" alt=\"\" width=\"1200\" height=\"1800\" data-recalc-dims=\"1\" \/><\/p>\n<p>Alors que la population de Gaza continue de subir un g\u00e9nocide, les r\u00e9fugi\u00e9s palestiniens de Gaza en Belgique font face \u00e0 une attaque presque sans pr\u00e9c\u00e9dent contre leur droit d\u2019asile, leur vie et leurs libert\u00e9s. \u00c0 la suite d\u2019une s\u00e9rie d\u2019arrestations, au moins six Palestiniens de Gaza ont \u00e9t\u00e9 enlev\u00e9s et transf\u00e9r\u00e9s dans des centres ferm\u00e9s, tandis qu\u2019un septi\u00e8me, Mahmoud Ezzat Farag Allah, a choisi de mettre fin \u00e0 ses jours pour \u00e9chapper au contr\u00f4le de l\u2019\u00c9tat belge. Ces Gazaouis sont pris pour cible en raison de leur r\u00f4le au sein du mouvement de solidarit\u00e9 belge, qui organise quotidiennement depuis plus de deux ans des manifestations devant la Bourse de Bruxelles, dans le centre historique.<\/p>\n<p><img decoding=\"async\" class=\"alignnone size-full wp-image-64159 td-animation-stack-type0-2\" src=\"https:\/\/i0.wp.com\/samidoun.net\/wp-content\/uploads\/2025\/10\/mahmoud-farag-allah.png?resize=1080%2C1350&amp;ssl=1\" sizes=\"(max-width: 1080px) 100vw, 1080px\" srcset=\"https:\/\/i0.wp.com\/samidoun.net\/wp-content\/uploads\/2025\/10\/mahmoud-farag-allah.png?w=1080&amp;ssl=1 1080w, https:\/\/i0.wp.com\/samidoun.net\/wp-content\/uploads\/2025\/10\/mahmoud-farag-allah.png?resize=240%2C300&amp;ssl=1 240w, https:\/\/i0.wp.com\/samidoun.net\/wp-content\/uploads\/2025\/10\/mahmoud-farag-allah.png?resize=819%2C1024&amp;ssl=1 819w, https:\/\/i0.wp.com\/samidoun.net\/wp-content\/uploads\/2025\/10\/mahmoud-farag-allah.png?resize=200%2C250&amp;ssl=1 200w, https:\/\/i0.wp.com\/samidoun.net\/wp-content\/uploads\/2025\/10\/mahmoud-farag-allah.png?resize=768%2C960&amp;ssl=1 768w, https:\/\/i0.wp.com\/samidoun.net\/wp-content\/uploads\/2025\/10\/mahmoud-farag-allah.png?resize=150%2C188&amp;ssl=1 150w, https:\/\/i0.wp.com\/samidoun.net\/wp-content\/uploads\/2025\/10\/mahmoud-farag-allah.png?resize=300%2C375&amp;ssl=1 300w, https:\/\/i0.wp.com\/samidoun.net\/wp-content\/uploads\/2025\/10\/mahmoud-farag-allah.png?resize=696%2C870&amp;ssl=1 696w, https:\/\/i0.wp.com\/samidoun.net\/wp-content\/uploads\/2025\/10\/mahmoud-farag-allah.png?resize=1068%2C1335&amp;ssl=1 1068w\" alt=\"\" width=\"1080\" height=\"1350\" data-recalc-dims=\"1\" \/><\/p>\n<p>Le 7 octobre 2025, Mahmoud Ezzat Farag Allah a utilis\u00e9 sa vie comme derni\u00e8re arme pour protester contre l\u2019injustice : il s\u2019est suicid\u00e9 dans l\u2019un des centres ferm\u00e9s pour d\u00e9tenus de l\u2019immigration. Arr\u00eat\u00e9 trois mois auparavant, il venait en m\u00eame temps d\u2019apprendre le d\u00e9c\u00e8s de sa m\u00e8re, survenu au milieu du g\u00e9nocide sioniste qui continue \u00e0 Gaza, Palestine. Samidoun pleure Mahmoud, honore son martyre et son acte de R\u00e9sistance, et d\u00e9nonce la violence d\u2019\u00c9tat, le colonialisme et la supr\u00e9matie blanche inflig\u00e9s \u00e0 lui, \u00e0 ses camarades et \u00e0 tous les peuples opprim\u00e9s.<\/p>\n<p><img decoding=\"async\" class=\"alignnone wp-image-64154 td-animation-stack-type0-2\" src=\"https:\/\/i0.wp.com\/samidoun.net\/wp-content\/uploads\/2025\/10\/IMG_5370.jpg?resize=340%2C425&amp;ssl=1\" sizes=\"(max-width: 340px) 100vw, 340px\" srcset=\"https:\/\/i0.wp.com\/samidoun.net\/wp-content\/uploads\/2025\/10\/IMG_5370.jpg?w=1080&amp;ssl=1 1080w, https:\/\/i0.wp.com\/samidoun.net\/wp-content\/uploads\/2025\/10\/IMG_5370.jpg?resize=240%2C300&amp;ssl=1 240w, https:\/\/i0.wp.com\/samidoun.net\/wp-content\/uploads\/2025\/10\/IMG_5370.jpg?resize=819%2C1024&amp;ssl=1 819w, https:\/\/i0.wp.com\/samidoun.net\/wp-content\/uploads\/2025\/10\/IMG_5370.jpg?resize=200%2C250&amp;ssl=1 200w, https:\/\/i0.wp.com\/samidoun.net\/wp-content\/uploads\/2025\/10\/IMG_5370.jpg?resize=768%2C960&amp;ssl=1 768w, https:\/\/i0.wp.com\/samidoun.net\/wp-content\/uploads\/2025\/10\/IMG_5370.jpg?resize=150%2C188&amp;ssl=1 150w, https:\/\/i0.wp.com\/samidoun.net\/wp-content\/uploads\/2025\/10\/IMG_5370.jpg?resize=300%2C375&amp;ssl=1 300w, https:\/\/i0.wp.com\/samidoun.net\/wp-content\/uploads\/2025\/10\/IMG_5370.jpg?resize=696%2C870&amp;ssl=1 696w, https:\/\/i0.wp.com\/samidoun.net\/wp-content\/uploads\/2025\/10\/IMG_5370.jpg?resize=1068%2C1335&amp;ssl=1 1068w\" alt=\"\" width=\"340\" height=\"425\" data-recalc-dims=\"1\" \/><img decoding=\"async\" class=\"wp-image-64153 td-animation-stack-type0-2 alignleft\" src=\"https:\/\/i0.wp.com\/samidoun.net\/wp-content\/uploads\/2025\/10\/744087C7-C0B9-41A2-A626-FE685A2D46B1.jpg?resize=323%2C426&amp;ssl=1\" sizes=\"auto, (max-width: 323px) 100vw, 323px\" srcset=\"https:\/\/i0.wp.com\/samidoun.net\/wp-content\/uploads\/2025\/10\/744087C7-C0B9-41A2-A626-FE685A2D46B1.jpg?w=1072&amp;ssl=1 1072w, https:\/\/i0.wp.com\/samidoun.net\/wp-content\/uploads\/2025\/10\/744087C7-C0B9-41A2-A626-FE685A2D46B1.jpg?resize=228%2C300&amp;ssl=1 228w, https:\/\/i0.wp.com\/samidoun.net\/wp-content\/uploads\/2025\/10\/744087C7-C0B9-41A2-A626-FE685A2D46B1.jpg?resize=777%2C1024&amp;ssl=1 777w, https:\/\/i0.wp.com\/samidoun.net\/wp-content\/uploads\/2025\/10\/744087C7-C0B9-41A2-A626-FE685A2D46B1.jpg?resize=190%2C250&amp;ssl=1 190w, https:\/\/i0.wp.com\/samidoun.net\/wp-content\/uploads\/2025\/10\/744087C7-C0B9-41A2-A626-FE685A2D46B1.jpg?resize=768%2C1012&amp;ssl=1 768w, https:\/\/i0.wp.com\/samidoun.net\/wp-content\/uploads\/2025\/10\/744087C7-C0B9-41A2-A626-FE685A2D46B1.jpg?resize=150%2C198&amp;ssl=1 150w, https:\/\/i0.wp.com\/samidoun.net\/wp-content\/uploads\/2025\/10\/744087C7-C0B9-41A2-A626-FE685A2D46B1.jpg?resize=300%2C395&amp;ssl=1 300w, https:\/\/i0.wp.com\/samidoun.net\/wp-content\/uploads\/2025\/10\/744087C7-C0B9-41A2-A626-FE685A2D46B1.jpg?resize=696%2C917&amp;ssl=1 696w, https:\/\/i0.wp.com\/samidoun.net\/wp-content\/uploads\/2025\/10\/744087C7-C0B9-41A2-A626-FE685A2D46B1.jpg?resize=1068%2C1407&amp;ssl=1 1068w\" alt=\"\" width=\"323\" height=\"426\" data-recalc-dims=\"1\" \/><\/p>\n<p>De nombreux jeunes Palestiniens de Gaza, organisateurs aguerris des manifestations quotidiennes, restent emprisonn\u00e9s dans les centres ferm\u00e9s :<\/p>\n<ul>\n<li>Anas Seyam, actuellement en gr\u00e8ve de la faim<\/li>\n<li>Fathi Al-Hamss<\/li>\n<li>Hamouda Albayyouk<\/li>\n<li>Hussameddine Al-Ras, actuellement en gr\u00e8ve de la faim<\/li>\n<li>Ali Abu Taha<\/li>\n<li>Mahmoud Abu Hudayed<\/li>\n<\/ul>\n<p><img decoding=\"async\" class=\"alignnone wp-image-64152 td-animation-stack-type0-2\" src=\"https:\/\/i0.wp.com\/samidoun.net\/wp-content\/uploads\/2025\/10\/IMG_4880.jpg?resize=324%2C405&amp;ssl=1\" sizes=\"auto, (max-width: 324px) 100vw, 324px\" srcset=\"https:\/\/i0.wp.com\/samidoun.net\/wp-content\/uploads\/2025\/10\/IMG_4880.jpg?w=1080&amp;ssl=1 1080w, https:\/\/i0.wp.com\/samidoun.net\/wp-content\/uploads\/2025\/10\/IMG_4880.jpg?resize=240%2C300&amp;ssl=1 240w, https:\/\/i0.wp.com\/samidoun.net\/wp-content\/uploads\/2025\/10\/IMG_4880.jpg?resize=819%2C1024&amp;ssl=1 819w, https:\/\/i0.wp.com\/samidoun.net\/wp-content\/uploads\/2025\/10\/IMG_4880.jpg?resize=200%2C250&amp;ssl=1 200w, https:\/\/i0.wp.com\/samidoun.net\/wp-content\/uploads\/2025\/10\/IMG_4880.jpg?resize=768%2C960&amp;ssl=1 768w, https:\/\/i0.wp.com\/samidoun.net\/wp-content\/uploads\/2025\/10\/IMG_4880.jpg?resize=150%2C188&amp;ssl=1 150w, https:\/\/i0.wp.com\/samidoun.net\/wp-content\/uploads\/2025\/10\/IMG_4880.jpg?resize=300%2C375&amp;ssl=1 300w, https:\/\/i0.wp.com\/samidoun.net\/wp-content\/uploads\/2025\/10\/IMG_4880.jpg?resize=696%2C870&amp;ssl=1 696w, https:\/\/i0.wp.com\/samidoun.net\/wp-content\/uploads\/2025\/10\/IMG_4880.jpg?resize=1068%2C1335&amp;ssl=1 1068w\" alt=\"\" width=\"324\" height=\"405\" data-recalc-dims=\"1\" \/><img decoding=\"async\" class=\"alignnone wp-image-64151 td-animation-stack-type0-2\" src=\"https:\/\/i0.wp.com\/samidoun.net\/wp-content\/uploads\/2025\/10\/IMG_5204.jpg?resize=325%2C407&amp;ssl=1\" sizes=\"auto, (max-width: 325px) 100vw, 325px\" srcset=\"https:\/\/i0.wp.com\/samidoun.net\/wp-content\/uploads\/2025\/10\/IMG_5204.jpg?w=1080&amp;ssl=1 1080w, https:\/\/i0.wp.com\/samidoun.net\/wp-content\/uploads\/2025\/10\/IMG_5204.jpg?resize=240%2C300&amp;ssl=1 240w, https:\/\/i0.wp.com\/samidoun.net\/wp-content\/uploads\/2025\/10\/IMG_5204.jpg?resize=819%2C1024&amp;ssl=1 819w, https:\/\/i0.wp.com\/samidoun.net\/wp-content\/uploads\/2025\/10\/IMG_5204.jpg?resize=200%2C250&amp;ssl=1 200w, https:\/\/i0.wp.com\/samidoun.net\/wp-content\/uploads\/2025\/10\/IMG_5204.jpg?resize=768%2C960&amp;ssl=1 768w, https:\/\/i0.wp.com\/samidoun.net\/wp-content\/uploads\/2025\/10\/IMG_5204.jpg?resize=150%2C188&amp;ssl=1 150w, https:\/\/i0.wp.com\/samidoun.net\/wp-content\/uploads\/2025\/10\/IMG_5204.jpg?resize=300%2C375&amp;ssl=1 300w, https:\/\/i0.wp.com\/samidoun.net\/wp-content\/uploads\/2025\/10\/IMG_5204.jpg?resize=696%2C870&amp;ssl=1 696w, https:\/\/i0.wp.com\/samidoun.net\/wp-content\/uploads\/2025\/10\/IMG_5204.jpg?resize=1068%2C1335&amp;ssl=1 1068w\" alt=\"\" width=\"325\" height=\"407\" data-recalc-dims=\"1\" \/><\/p>\n<p>Les manifestations \u00e0 la Bourse sont devenues, au-del\u00e0 des cris d\u2019indignation contre le g\u00e9nocide et pour la lib\u00e9ration de la Palestine, des espaces pour appeler \u00e0 la lib\u00e9ration de ces camarades et fr\u00e8res emprisonn\u00e9s, ainsi que pour pleurer la perte de Mahmoud. La manifestation du soir du 8 octobre a ainsi servi de m\u00e9morial pour Mahmoud et pour tous les martyrs de Palestine.<\/p>\n<p><img decoding=\"async\" class=\"alignnone size-full wp-image-64143 td-animation-stack-type0-2\" src=\"https:\/\/i0.wp.com\/samidoun.net\/wp-content\/uploads\/2025\/10\/signal-2025-10-09-131737_009.jpeg?resize=1200%2C1800&amp;ssl=1\" sizes=\"auto, (max-width: 1200px) 100vw, 1200px\" srcset=\"https:\/\/i0.wp.com\/samidoun.net\/wp-content\/uploads\/2025\/10\/signal-2025-10-09-131737_009.jpeg?w=1365&amp;ssl=1 1365w, https:\/\/i0.wp.com\/samidoun.net\/wp-content\/uploads\/2025\/10\/signal-2025-10-09-131737_009.jpeg?resize=200%2C300&amp;ssl=1 200w, https:\/\/i0.wp.com\/samidoun.net\/wp-content\/uploads\/2025\/10\/signal-2025-10-09-131737_009.jpeg?resize=683%2C1024&amp;ssl=1 683w, https:\/\/i0.wp.com\/samidoun.net\/wp-content\/uploads\/2025\/10\/signal-2025-10-09-131737_009.jpeg?resize=167%2C250&amp;ssl=1 167w, https:\/\/i0.wp.com\/samidoun.net\/wp-content\/uploads\/2025\/10\/signal-2025-10-09-131737_009.jpeg?resize=768%2C1152&amp;ssl=1 768w, https:\/\/i0.wp.com\/samidoun.net\/wp-content\/uploads\/2025\/10\/signal-2025-10-09-131737_009.jpeg?resize=1024%2C1536&amp;ssl=1 1024w, https:\/\/i0.wp.com\/samidoun.net\/wp-content\/uploads\/2025\/10\/signal-2025-10-09-131737_009.jpeg?resize=150%2C225&amp;ssl=1 150w, https:\/\/i0.wp.com\/samidoun.net\/wp-content\/uploads\/2025\/10\/signal-2025-10-09-131737_009.jpeg?resize=300%2C450&amp;ssl=1 300w, https:\/\/i0.wp.com\/samidoun.net\/wp-content\/uploads\/2025\/10\/signal-2025-10-09-131737_009.jpeg?resize=696%2C1044&amp;ssl=1 696w, https:\/\/i0.wp.com\/samidoun.net\/wp-content\/uploads\/2025\/10\/signal-2025-10-09-131737_009.jpeg?resize=1068%2C1602&amp;ssl=1 1068w\" alt=\"\" width=\"1200\" height=\"1800\" data-recalc-dims=\"1\" \/><\/p>\n<p>En r\u00e9ponse \u00e0 la d\u00e9t\u00e9rioration des conditions dans les centres de d\u00e9tention et au martyre de Mahmoud, deux jeunes d\u00e9tenus, Anas et Hussam, ont entam\u00e9 une gr\u00e8ve de la faim. Anas \u00e9crit : \u00ab Je suis d\u00e9tenu depuis 34 jours parce que je d\u00e9fends ma cause palestinienne \u00bb. Ils protestent \u00e9galement contre l\u2019arrestation d\u2019encore plus de Palestiniens en Belgique au cours des derniers jours ; des rapports indiquent que dans les heures qui ont suivi le d\u00e9c\u00e8s de Mahmoud, la police a arr\u00eat\u00e9 au moins trois jeunes Palestiniens de Gaza dans les rues de Bruxelles. Dans son dernier message avant d\u2019entamer sa gr\u00e8ve de la faim, Anas a d\u00e9clar\u00e9 : \u00ab Je me mets en gr\u00e8ve de la faim parce que nous traversons vraiment des moments tr\u00e8s difficiles, mes amis et moi, en sachant que la police va me confisquer mon t\u00e9l\u00e9phone \u00e0 cause de cette gr\u00e8ve de la faim. J\u2019esp\u00e8re que vous ne nous oublierez pas et que vous continuerez \u00e0 nous soutenir. \u00bb<\/p>\n<p><img decoding=\"async\" class=\"alignnone size-full wp-image-64145 td-animation-stack-type0-2\" src=\"https:\/\/i0.wp.com\/samidoun.net\/wp-content\/uploads\/2025\/10\/signal-2025-10-09-131737_007.jpeg?resize=1200%2C1800&amp;ssl=1\" sizes=\"auto, (max-width: 1200px) 100vw, 1200px\" srcset=\"https:\/\/i0.wp.com\/samidoun.net\/wp-content\/uploads\/2025\/10\/signal-2025-10-09-131737_007.jpeg?w=1365&amp;ssl=1 1365w, https:\/\/i0.wp.com\/samidoun.net\/wp-content\/uploads\/2025\/10\/signal-2025-10-09-131737_007.jpeg?resize=200%2C300&amp;ssl=1 200w, https:\/\/i0.wp.com\/samidoun.net\/wp-content\/uploads\/2025\/10\/signal-2025-10-09-131737_007.jpeg?resize=683%2C1024&amp;ssl=1 683w, https:\/\/i0.wp.com\/samidoun.net\/wp-content\/uploads\/2025\/10\/signal-2025-10-09-131737_007.jpeg?resize=167%2C250&amp;ssl=1 167w, https:\/\/i0.wp.com\/samidoun.net\/wp-content\/uploads\/2025\/10\/signal-2025-10-09-131737_007.jpeg?resize=768%2C1152&amp;ssl=1 768w, https:\/\/i0.wp.com\/samidoun.net\/wp-content\/uploads\/2025\/10\/signal-2025-10-09-131737_007.jpeg?resize=1024%2C1536&amp;ssl=1 1024w, https:\/\/i0.wp.com\/samidoun.net\/wp-content\/uploads\/2025\/10\/signal-2025-10-09-131737_007.jpeg?resize=150%2C225&amp;ssl=1 150w, https:\/\/i0.wp.com\/samidoun.net\/wp-content\/uploads\/2025\/10\/signal-2025-10-09-131737_007.jpeg?resize=300%2C450&amp;ssl=1 300w, https:\/\/i0.wp.com\/samidoun.net\/wp-content\/uploads\/2025\/10\/signal-2025-10-09-131737_007.jpeg?resize=696%2C1044&amp;ssl=1 696w, https:\/\/i0.wp.com\/samidoun.net\/wp-content\/uploads\/2025\/10\/signal-2025-10-09-131737_007.jpeg?resize=1068%2C1602&amp;ssl=1 1068w\" alt=\"\" width=\"1200\" height=\"1800\" data-recalc-dims=\"1\" \/><\/p>\n<p>Alors que Mahmoud l\u2019a pay\u00e9 de sa vie, qu\u2019Anas et Hussam ont mis leur corps et leur sant\u00e9 en jeu pour la lib\u00e9ration de la Palestine et de leurs camarades, il nous revient de faire \u00e9cho \u00e0 leur appel et d\u2019amplifier leurs voix, de r\u00e9sister \u00e0 la r\u00e9pression, de lib\u00e9rer les prisonniers et de lutter contre la r\u00e9pression raciste, de la Belgique \u00e0 la Palestine.<\/p>\n<p>L\u2019augmentation de la r\u00e9pression et de la violence anti-palestinienne suit la mont\u00e9e en puissance de la coalition gouvernementale fasciste \u00ab\u202fArizona\u202f\u00bb, qui revendique ouvertement son islamophobie, son racisme et son sionisme.<\/p>\n<p>En r\u00e9alit\u00e9, ce gouvernement a men\u00e9 sa campagne \u00e9lectorale en partie sur son empressement \u00e0 soutenir le g\u00e9nocide en Palestine, en r\u00e9primant les organisations palestiniennes et de solidarit\u00e9 avec la Palestine en Belgique. Une nouvelle loi permettrait \u00e0 l\u2019ex\u00e9cutif belge de dissoudre des organisations \u00ab\u202fradicales\u202f\u00bb sans aucune proc\u00e9dure judiciaire. Samidoun Belgique est vis\u00e9e en raison de son action politique de terrain et de son soutien au droit inali\u00e9nable du peuple palestinien \u00e0 la r\u00e9sistance et \u00e0 la lib\u00e9ration. L\u2019adoption de ce texte ouvrirait la porte \u00e0 des d\u00e9cisions arbitraires, dict\u00e9es par l\u2019ex\u00e9cutif, et constituerait un pr\u00e9c\u00e9dent dangereux portant gravement atteinte aux droits fondamentaux que la Belgique pr\u00e9tend d\u00e9fendre.<\/p>\n<p>Loin d\u2019\u00eatre nouvelle, la r\u00e9pression cibl\u00e9e contre Samidoun inclut \u00e9galement la tentative de l\u2019\u00c9tat belge de r\u00e9voquer le statut de r\u00e9fugi\u00e9 et de r\u00e9sidence du coordinateur europ\u00e9en de Samidoun,\u00a0<a href=\"https:\/\/samidoun.net\/fr\/2025\/08\/solidarite-avec-mohammed-khatib\/\">Mohammed Khatib<\/a>. Ce processus, initi\u00e9 par l\u2019ancien gouvernement, a \u00e9t\u00e9 intensifi\u00e9 par la coalition actuelle \u00ab\u202fArizona\u202f\u00bb.<\/p>\n<p>Toutes ces attaques s\u2019inscrivent dans un assaut global du gouvernement imp\u00e9rialiste belge, qui intensifie la r\u00e9pression du mouvement pour la lib\u00e9ration de la Palestine. Cette intensification se manifeste de diff\u00e9rentes mani\u00e8res : d\u00e9cisions administratives politiquement motiv\u00e9es, y compris la r\u00e9vocation de statuts d\u2019asile ; \u00e9laboration par le gouvernement d\u2019une nouvelle loi facilitant l\u2019interdiction d\u2019organisations ; arrestations et inculpations d\u2019\u00e9tudiants activistes ; attaques constantes de politiciens, m\u00e9dias et autres contre des personnes et organisations d\u00e9fendant la Palestine. Depuis plusieurs semaines, et encore aujourd\u2019hui, les jeunes Palestiniens, notamment \u00e0 Bruxelles, sont pris pour cible par la police : interpellations, fouilles, arrestations et d\u00e9tentions. La majorit\u00e9 d\u2019entre eux est cibl\u00e9e pour leur r\u00f4le actif dans le mouvement bruxellois pour la Palestine depuis octobre 2023.<\/p>\n<p><img decoding=\"async\" class=\"alignnone size-full wp-image-64137 td-animation-stack-type0-2\" src=\"https:\/\/i0.wp.com\/samidoun.net\/wp-content\/uploads\/2025\/10\/signal-2025-10-09-131737_014.jpeg?resize=1200%2C800&amp;ssl=1\" sizes=\"auto, (max-width: 1200px) 100vw, 1200px\" srcset=\"https:\/\/i0.wp.com\/samidoun.net\/wp-content\/uploads\/2025\/10\/signal-2025-10-09-131737_014.jpeg?w=2048&amp;ssl=1 2048w, https:\/\/i0.wp.com\/samidoun.net\/wp-content\/uploads\/2025\/10\/signal-2025-10-09-131737_014.jpeg?resize=300%2C200&amp;ssl=1 300w, https:\/\/i0.wp.com\/samidoun.net\/wp-content\/uploads\/2025\/10\/signal-2025-10-09-131737_014.jpeg?resize=1024%2C683&amp;ssl=1 1024w, https:\/\/i0.wp.com\/samidoun.net\/wp-content\/uploads\/2025\/10\/signal-2025-10-09-131737_014.jpeg?resize=250%2C167&amp;ssl=1 250w, https:\/\/i0.wp.com\/samidoun.net\/wp-content\/uploads\/2025\/10\/signal-2025-10-09-131737_014.jpeg?resize=768%2C512&amp;ssl=1 768w, https:\/\/i0.wp.com\/samidoun.net\/wp-content\/uploads\/2025\/10\/signal-2025-10-09-131737_014.jpeg?resize=1536%2C1024&amp;ssl=1 1536w, https:\/\/i0.wp.com\/samidoun.net\/wp-content\/uploads\/2025\/10\/signal-2025-10-09-131737_014.jpeg?resize=150%2C100&amp;ssl=1 150w, https:\/\/i0.wp.com\/samidoun.net\/wp-content\/uploads\/2025\/10\/signal-2025-10-09-131737_014.jpeg?resize=696%2C464&amp;ssl=1 696w, https:\/\/i0.wp.com\/samidoun.net\/wp-content\/uploads\/2025\/10\/signal-2025-10-09-131737_014.jpeg?resize=1068%2C712&amp;ssl=1 1068w, https:\/\/i0.wp.com\/samidoun.net\/wp-content\/uploads\/2025\/10\/signal-2025-10-09-131737_014.jpeg?resize=1920%2C1280&amp;ssl=1 1920w\" alt=\"\" width=\"1200\" height=\"800\" data-recalc-dims=\"1\" \/><\/p>\n<p>La plupart de ces jeunes Palestiniens viennent de Gaza ; certains sont des r\u00e9fugi\u00e9s reconnus, d\u2019autres sont en cours de proc\u00e9dure d\u2019asile, fuyant le g\u00e9nocide, le si\u00e8ge et les assauts incessants de l\u2019entit\u00e9 sioniste qui ciblent Gaza tout au long de leur vie. Plut\u00f4t que d\u2019assurer la protection l\u00e9gale des jeunes fuyant le g\u00e9nocide, l\u2019\u00c9tat belge intensifie la machine \u00e0 d\u00e9portations avec cette s\u00e9rie d\u2019arrestations. Ces arrestations et d\u00e9tentions sont manifestement motiv\u00e9es par des consid\u00e9rations politiques, et les jeunes Palestiniens, \u00e0 l\u2019instar de leurs camarades migrants d\u00e9tenus, subissent des conditions de d\u00e9tention difficiles et souvent cruelles.<\/p>\n<p>L\u2019\u00c9tat belge, par le biais de sa police, de sa justice et de ses politiques migratoires, porte une responsabilit\u00e9 directe dans la n\u00e9gation de la libert\u00e9, des droits et de la dignit\u00e9 des jeunes Palestiniens en Belgique. Pendant des ann\u00e9es, la Belgique a cultiv\u00e9 l\u2019image d\u2019un refuge s\u00fbr pour les Palestiniens fuyant les assauts de l\u2019occupation. Mais le gouvernement et ses agences d\u2019immigration ont exploit\u00e9 cette image pour imposer des conditions politiques odieuses et propager des r\u00e9cits qui cherchent \u00e0 faire porter la responsabilit\u00e9 de la souffrance et de l\u2019oppression \u00e0 Gaza aux Palestiniens et \u00e0 leur R\u00e9sistance, plut\u00f4t qu\u2019\u00e0 l\u2019occupant. Le g\u00e9nocide, diffus\u00e9 en direct au vu du monde entier par l\u2019entit\u00e9 sioniste, avec la complicit\u00e9 de la Belgique, a rendu cette mascarade impossible \u00e0 maintenir. Les attaques contre la jeunesse palestinienne, contre les organisations palestiniennes et de solidarit\u00e9, ainsi que contre le mouvement populaire croissant, s\u2019inscrivent dans la continuit\u00e9 de la complicit\u00e9 belge dans ce g\u00e9nocide.<\/p>\n<p>La Belgique a mis en place des politiques migratoires tr\u00e8s restrictives (comme ailleurs en Europe) et intensifie la r\u00e9pression contre les mouvements sociaux. Les lois sur l\u2019immigration et leur potentiel d\u00e9shumanisant sont de plus en plus utilis\u00e9es comme un outil politique pour r\u00e9primer et faire taire les voix palestiniennes.<\/p>\n<p><img decoding=\"async\" class=\"alignnone size-full wp-image-64139 td-animation-stack-type0-2\" src=\"https:\/\/i0.wp.com\/samidoun.net\/wp-content\/uploads\/2025\/10\/signal-2025-10-09-131737_012.jpeg?resize=1200%2C1802&amp;ssl=1\" sizes=\"auto, (max-width: 1200px) 100vw, 1200px\" srcset=\"https:\/\/i0.wp.com\/samidoun.net\/wp-content\/uploads\/2025\/10\/signal-2025-10-09-131737_012.jpeg?w=1364&amp;ssl=1 1364w, https:\/\/i0.wp.com\/samidoun.net\/wp-content\/uploads\/2025\/10\/signal-2025-10-09-131737_012.jpeg?resize=200%2C300&amp;ssl=1 200w, https:\/\/i0.wp.com\/samidoun.net\/wp-content\/uploads\/2025\/10\/signal-2025-10-09-131737_012.jpeg?resize=682%2C1024&amp;ssl=1 682w, https:\/\/i0.wp.com\/samidoun.net\/wp-content\/uploads\/2025\/10\/signal-2025-10-09-131737_012.jpeg?resize=167%2C250&amp;ssl=1 167w, https:\/\/i0.wp.com\/samidoun.net\/wp-content\/uploads\/2025\/10\/signal-2025-10-09-131737_012.jpeg?resize=768%2C1153&amp;ssl=1 768w, https:\/\/i0.wp.com\/samidoun.net\/wp-content\/uploads\/2025\/10\/signal-2025-10-09-131737_012.jpeg?resize=1023%2C1536&amp;ssl=1 1023w, https:\/\/i0.wp.com\/samidoun.net\/wp-content\/uploads\/2025\/10\/signal-2025-10-09-131737_012.jpeg?resize=150%2C225&amp;ssl=1 150w, https:\/\/i0.wp.com\/samidoun.net\/wp-content\/uploads\/2025\/10\/signal-2025-10-09-131737_012.jpeg?resize=300%2C450&amp;ssl=1 300w, https:\/\/i0.wp.com\/samidoun.net\/wp-content\/uploads\/2025\/10\/signal-2025-10-09-131737_012.jpeg?resize=696%2C1045&amp;ssl=1 696w, https:\/\/i0.wp.com\/samidoun.net\/wp-content\/uploads\/2025\/10\/signal-2025-10-09-131737_012.jpeg?resize=1068%2C1604&amp;ssl=1 1068w\" alt=\"\" width=\"1200\" height=\"1802\" data-recalc-dims=\"1\" \/><\/p>\n<p>Alors que l\u2019\u00c9tat belge et sa police cherchent \u00e0 emprisonner le c\u0153ur du mouvement palestinien en Belgique et ailleurs, une r\u00e9ponse collective est n\u00e9cessaire de toute urgence. Nous devons affirmer clairement que, peu importe leurs tentatives d\u2019intimidation, le nombre de personnes qu\u2019ils arr\u00eatent ou qu\u2019ils poussent \u00e0 abandonner leur vie, nous ne renoncerons jamais \u00e0 la Palestine.<\/p>\n<p>Le 7 octobre 2025, une jeune \u00e9tudiante palestinienne, Ruaa Khatib, a affirm\u00e9 fi\u00e8rement son soutien \u00e0 la R\u00e9sistance lors de sa c\u00e9r\u00e9monie de remise des dipl\u00f4mes dans le centre de Bruxelles.<\/p>\n<div class=\"wp-video\"><span class=\"mejs-offscreen\">Video Player<\/span><\/p>\n<div id=\"mep_0\" class=\"mejs-container mejs-container-keyboard-inactive wp-video-shortcode mejs-video\" tabindex=\"0\" role=\"application\" aria-label=\"Video Player\">\n<div class=\"mejs-inner\">\n<div class=\"mejs-mediaelement\"><video id=\"video-64176-1_html5\" class=\"wp-video-shortcode\" src=\"https:\/\/samidoun.net\/wp-content\/uploads\/2025\/10\/IMG_5475.mp4?_=1\" preload=\"metadata\" width=\"360\" height=\"640\" data-mce-fragment=\"1\"><\/video><\/div>\n<div class=\"mejs-layers\">\n<div class=\"mejs-overlay mejs-layer mejs-overlay-play\">\n<div class=\"mejs-overlay-button\" tabindex=\"0\" role=\"button\" aria-label=\"Play\" aria-pressed=\"false\"><\/div>\n<\/div>\n<\/div>\n<div class=\"mejs-controls\">\n<div class=\"mejs-button mejs-playpause-button mejs-play\"><\/div>\n<div class=\"mejs-time mejs-currenttime-container\" role=\"timer\" aria-live=\"off\"><span class=\"mejs-currenttime\">00:00<\/span><\/div>\n<div class=\"mejs-time-rail\"><\/div>\n<div class=\"mejs-time mejs-duration-container\"><span class=\"mejs-duration\">00:31<\/span><\/div>\n<div class=\"mejs-button mejs-volume-button mejs-mute\"><\/div>\n<div class=\"mejs-button mejs-fullscreen-button\"><\/div>\n<\/div>\n<\/div>\n<\/div>\n<\/div>\n<p>Depuis deux ans, des manifestant\u00b7e\u00b7s continuent de se rassembler quotidiennement \u00e0 la Bourse, dans le centre-ville de Bruxelles, malgr\u00e9 le risque croissant pour les Palestiniens et les personnes sans-papiers. Les attaques et arrestations polici\u00e8res semblent constituer une tentative calcul\u00e9e de d\u00e9truire le mouvement de protestation et d\u2019imposer la terreur \u00e0 la communaut\u00e9 ; pourtant, les gens r\u00e9pondent par la solidarit\u00e9, et non par le silence.<\/p>\n<p><img decoding=\"async\" class=\"alignnone size-full wp-image-64135 td-animation-stack-type0-2\" src=\"https:\/\/i0.wp.com\/samidoun.net\/wp-content\/uploads\/2025\/10\/signal-2025-10-09-131737_016.jpeg?resize=1200%2C800&amp;ssl=1\" sizes=\"auto, (max-width: 1200px) 100vw, 1200px\" srcset=\"https:\/\/i0.wp.com\/samidoun.net\/wp-content\/uploads\/2025\/10\/signal-2025-10-09-131737_016.jpeg?w=2048&amp;ssl=1 2048w, https:\/\/i0.wp.com\/samidoun.net\/wp-content\/uploads\/2025\/10\/signal-2025-10-09-131737_016.jpeg?resize=300%2C200&amp;ssl=1 300w, https:\/\/i0.wp.com\/samidoun.net\/wp-content\/uploads\/2025\/10\/signal-2025-10-09-131737_016.jpeg?resize=1024%2C683&amp;ssl=1 1024w, https:\/\/i0.wp.com\/samidoun.net\/wp-content\/uploads\/2025\/10\/signal-2025-10-09-131737_016.jpeg?resize=250%2C167&amp;ssl=1 250w, https:\/\/i0.wp.com\/samidoun.net\/wp-content\/uploads\/2025\/10\/signal-2025-10-09-131737_016.jpeg?resize=768%2C512&amp;ssl=1 768w, https:\/\/i0.wp.com\/samidoun.net\/wp-content\/uploads\/2025\/10\/signal-2025-10-09-131737_016.jpeg?resize=1536%2C1024&amp;ssl=1 1536w, https:\/\/i0.wp.com\/samidoun.net\/wp-content\/uploads\/2025\/10\/signal-2025-10-09-131737_016.jpeg?resize=150%2C100&amp;ssl=1 150w, https:\/\/i0.wp.com\/samidoun.net\/wp-content\/uploads\/2025\/10\/signal-2025-10-09-131737_016.jpeg?resize=696%2C464&amp;ssl=1 696w, https:\/\/i0.wp.com\/samidoun.net\/wp-content\/uploads\/2025\/10\/signal-2025-10-09-131737_016.jpeg?resize=1068%2C712&amp;ssl=1 1068w, https:\/\/i0.wp.com\/samidoun.net\/wp-content\/uploads\/2025\/10\/signal-2025-10-09-131737_016.jpeg?resize=1920%2C1280&amp;ssl=1 1920w\" alt=\"\" width=\"1200\" height=\"800\" data-recalc-dims=\"1\" \/><\/p>\n<p>Le mouvement \u00e9tudiant est toujours vivant, malgr\u00e9 la r\u00e9pression qu\u2019il a subie et continue de subir, alors qu\u2019il se pr\u00e9pare \u00e0 une gr\u00e8ve massive sur tous les campus le 23 octobre. Des rassemblements sont organis\u00e9s dans toutes les villes de Belgique en soutien \u00e0 la Flottille mondiale de Sumud et aux Mille Madleens, naviguant pour briser le si\u00e8ge et mettre fin au g\u00e9nocide. Partout, les gens s\u2019organisent collectivement contre le danger des nouvelles lois propos\u00e9es et l\u2019escalade de la r\u00e9pression \u2014 mais nous devons intensifier notre action pour mettre fin \u00e0 ces attaques r\u00e9pressives et lib\u00e9rer nos camarades de l\u2019emprisonnement injuste de l\u2019\u00c9tat belge.<\/p>\n<p>Au fur et \u00e0 mesure que le mouvement de solidarit\u00e9 avec la Palestine se renforce au c\u0153ur de\u00a0l\u2019imp\u00e9rialisme, la r\u00e9pression \u00e9tatique s\u2019intensifie, entra\u00eenant un nombre croissant de prisonniers qui refusent cet asservissement. Anas, Mahmoud, Hussam et leurs camarades font partie des prisonniers palestiniens de la diaspora et du mouvement internationaliste, emprisonn\u00e9s dans des prisons dans des prisons imp\u00e9rialistes, y compris T. Hoxha et les 24 de Filton, Casey Goonan, Tarek Bazrouk, Anan Yaeesh, Ghassan Elashi et Shukri Abu Baker, ainsi que, bien s\u00fbr, pr\u00e8s de 11 000 prisonniers palestiniens dans les prisons sionistes, le c\u0153ur de la r\u00e9sistance et la conscience de notre mouvement.<\/p>\n<p><img decoding=\"async\" class=\"alignnone size-full wp-image-64144 td-animation-stack-type0-2\" src=\"https:\/\/i0.wp.com\/samidoun.net\/wp-content\/uploads\/2025\/10\/signal-2025-10-09-131737_008.jpeg?resize=1200%2C1800&amp;ssl=1\" sizes=\"auto, (max-width: 1200px) 100vw, 1200px\" srcset=\"https:\/\/i0.wp.com\/samidoun.net\/wp-content\/uploads\/2025\/10\/signal-2025-10-09-131737_008.jpeg?w=1365&amp;ssl=1 1365w, https:\/\/i0.wp.com\/samidoun.net\/wp-content\/uploads\/2025\/10\/signal-2025-10-09-131737_008.jpeg?resize=200%2C300&amp;ssl=1 200w, https:\/\/i0.wp.com\/samidoun.net\/wp-content\/uploads\/2025\/10\/signal-2025-10-09-131737_008.jpeg?resize=683%2C1024&amp;ssl=1 683w, https:\/\/i0.wp.com\/samidoun.net\/wp-content\/uploads\/2025\/10\/signal-2025-10-09-131737_008.jpeg?resize=167%2C250&amp;ssl=1 167w, https:\/\/i0.wp.com\/samidoun.net\/wp-content\/uploads\/2025\/10\/signal-2025-10-09-131737_008.jpeg?resize=768%2C1152&amp;ssl=1 768w, https:\/\/i0.wp.com\/samidoun.net\/wp-content\/uploads\/2025\/10\/signal-2025-10-09-131737_008.jpeg?resize=1024%2C1536&amp;ssl=1 1024w, https:\/\/i0.wp.com\/samidoun.net\/wp-content\/uploads\/2025\/10\/signal-2025-10-09-131737_008.jpeg?resize=150%2C225&amp;ssl=1 150w, https:\/\/i0.wp.com\/samidoun.net\/wp-content\/uploads\/2025\/10\/signal-2025-10-09-131737_008.jpeg?resize=300%2C450&amp;ssl=1 300w, https:\/\/i0.wp.com\/samidoun.net\/wp-content\/uploads\/2025\/10\/signal-2025-10-09-131737_008.jpeg?resize=696%2C1044&amp;ssl=1 696w, https:\/\/i0.wp.com\/samidoun.net\/wp-content\/uploads\/2025\/10\/signal-2025-10-09-131737_008.jpeg?resize=1068%2C1602&amp;ssl=1 1068w\" alt=\"\" width=\"1200\" height=\"1800\" data-recalc-dims=\"1\" \/><\/p>\n<p>Par leur soutien ind\u00e9fectible \u00e0 la lutte de lib\u00e9ration palestinienne, par leur refus des tentatives des \u00c9tats imp\u00e9rialistes et sionistes d\u2019\u00e9touffer la voix du peuple, et par leur r\u00e9sistance in\u00e9branlable, ces prisonniers demeurent notre boussole. Nous exhortons tous les partisans de la Palestine \u00e0 prendre la d\u00e9fense des jeunes Palestiniens emprisonn\u00e9s en Belgique, \u00e0 appeler \u00e0 leur lib\u00e9ration, \u00e0 se joindre aux manifestations quotidiennes \u00e0 19\u202fh \u00e0 la Bourse de Bruxelles, et \u00e0 exiger du gouvernement belge qu\u2019il mette fin \u00e0 ses attaques contre la jeunesse palestinienne et \u00e0 sa complicit\u00e9 dans le g\u00e9nocide. Les responsables belges doivent non seulement cesser de violer les droits des Palestiniens, mais aussi \u00eatre tenus pour responsables de leur soutien \u00e0 l\u2019apartheid, au g\u00e9nocide, aux crimes de guerre et aux crimes contre l\u2019humanit\u00e9.<\/p>\n<p><img decoding=\"async\" class=\"alignnone size-full wp-image-64147 td-animation-stack-type0-2\" src=\"https:\/\/i0.wp.com\/samidoun.net\/wp-content\/uploads\/2025\/10\/signal-2025-10-09-131737_005.jpeg?resize=1200%2C1800&amp;ssl=1\" sizes=\"auto, (max-width: 1200px) 100vw, 1200px\" srcset=\"https:\/\/i0.wp.com\/samidoun.net\/wp-content\/uploads\/2025\/10\/signal-2025-10-09-131737_005.jpeg?w=1365&amp;ssl=1 1365w, https:\/\/i0.wp.com\/samidoun.net\/wp-content\/uploads\/2025\/10\/signal-2025-10-09-131737_005.jpeg?resize=200%2C300&amp;ssl=1 200w, https:\/\/i0.wp.com\/samidoun.net\/wp-content\/uploads\/2025\/10\/signal-2025-10-09-131737_005.jpeg?resize=683%2C1024&amp;ssl=1 683w, https:\/\/i0.wp.com\/samidoun.net\/wp-content\/uploads\/2025\/10\/signal-2025-10-09-131737_005.jpeg?resize=167%2C250&amp;ssl=1 167w, https:\/\/i0.wp.com\/samidoun.net\/wp-content\/uploads\/2025\/10\/signal-2025-10-09-131737_005.jpeg?resize=768%2C1152&amp;ssl=1 768w, https:\/\/i0.wp.com\/samidoun.net\/wp-content\/uploads\/2025\/10\/signal-2025-10-09-131737_005.jpeg?resize=1024%2C1536&amp;ssl=1 1024w, https:\/\/i0.wp.com\/samidoun.net\/wp-content\/uploads\/2025\/10\/signal-2025-10-09-131737_005.jpeg?resize=150%2C225&amp;ssl=1 150w, https:\/\/i0.wp.com\/samidoun.net\/wp-content\/uploads\/2025\/10\/signal-2025-10-09-131737_005.jpeg?resize=300%2C450&amp;ssl=1 300w, https:\/\/i0.wp.com\/samidoun.net\/wp-content\/uploads\/2025\/10\/signal-2025-10-09-131737_005.jpeg?resize=696%2C1044&amp;ssl=1 696w, https:\/\/i0.wp.com\/samidoun.net\/wp-content\/uploads\/2025\/10\/signal-2025-10-09-131737_005.jpeg?resize=1068%2C1602&amp;ssl=1 1068w\" alt=\"\" width=\"1200\" height=\"1800\" data-recalc-dims=\"1\" \/><\/p>\n<div class=\"wp-block-wptelegram-widget-join-channel aligncenter\"><a class=\"components-button join-link is-large has-text has-icon\" href=\"https:\/\/t.me\/samidoun_network\" target=\"_self\" rel=\"noopener noreferrer\">Join the @samidoun_network channel on Telegram<\/a><\/div>\n<\/div>\n<\/div>\n","protected":false},"excerpt":{"rendered":"<p>Cessez-le-feu \u00e0 Gaza : Un hommage \u00e0 la d\u00e9termination et \u00e0 la r\u00e9sistance, un appel urgent \u00e0 l\u2019escalade internationale en faveur de la Palestine 10 October 2025 Note pr\u00e9liminaire : La d\u00e9claration qui suit a \u00e9t\u00e9 publi\u00e9e le 9 octobre 2025, plusieurs heures avant l\u2019entr\u00e9e en vigueur du cessez-le-feu annonc\u00e9, \u00e0 17 heures, heure de &#8230; <a title=\"Un hommage \u00e0 la d\u00e9termination et \u00e0 la r\u00e9sistance + D\u00e9fendre la Palestine et Gaza en Belgique\" class=\"read-more\" href=\"https:\/\/bruxelles-pantheres.be\/?p=6509\" aria-label=\"En savoir plus sur Un hommage \u00e0 la d\u00e9termination et \u00e0 la r\u00e9sistance + D\u00e9fendre la Palestine et Gaza en Belgique\">Lire la suite<\/a><\/p>\n","protected":false},"author":1,"featured_media":6025,"comment_status":"open","ping_status":"open","sticky":false,"template":"","format":"standard","meta":{"footnotes":""},"categories":[21,6,8,18,28,39,5],"tags":[567,509,640,579],"class_list":["post-6509","post","type-post","status-publish","format-standard","has-post-thumbnail","hentry","category-anti-imperialisme","category-palestine-moyen-orient","category-prisons","category-resistance-bruxelles","category-racismes","category-sans-papier","category-violence-policiere","tag-fplp","tag-hamas","tag-mahmoud-ezzat-farag-allah","tag-mohammed-khatib"],"_links":{"self":[{"href":"https:\/\/bruxelles-pantheres.be\/index.php?rest_route=\/wp\/v2\/posts\/6509","targetHints":{"allow":["GET"]}}],"collection":[{"href":"https:\/\/bruxelles-pantheres.be\/index.php?rest_route=\/wp\/v2\/posts"}],"about":[{"href":"https:\/\/bruxelles-pantheres.be\/index.php?rest_route=\/wp\/v2\/types\/post"}],"author":[{"embeddable":true,"href":"https:\/\/bruxelles-pantheres.be\/index.php?rest_route=\/wp\/v2\/users\/1"}],"replies":[{"embeddable":true,"href":"https:\/\/bruxelles-pantheres.be\/index.php?rest_route=%2Fwp%2Fv2%2Fcomments&post=6509"}],"version-history":[{"count":3,"href":"https:\/\/bruxelles-pantheres.be\/index.php?rest_route=\/wp\/v2\/posts\/6509\/revisions"}],"predecessor-version":[{"id":6512,"href":"https:\/\/bruxelles-pantheres.be\/index.php?rest_route=\/wp\/v2\/posts\/6509\/revisions\/6512"}],"wp:featuredmedia":[{"embeddable":true,"href":"https:\/\/bruxelles-pantheres.be\/index.php?rest_route=\/wp\/v2\/media\/6025"}],"wp:attachment":[{"href":"https:\/\/bruxelles-pantheres.be\/index.php?rest_route=%2Fwp%2Fv2%2Fmedia&parent=6509"}],"wp:term":[{"taxonomy":"category","embeddable":true,"href":"https:\/\/bruxelles-pantheres.be\/index.php?rest_route=%2Fwp%2Fv2%2Fcategories&post=6509"},{"taxonomy":"post_tag","embeddable":true,"href":"https:\/\/bruxelles-pantheres.be\/index.php?rest_route=%2Fwp%2Fv2%2Ftags&post=6509"}],"curies":[{"name":"wp","href":"https:\/\/api.w.org\/{rel}","templated":true}]}}