{"id":6522,"date":"2025-10-17T14:43:44","date_gmt":"2025-10-17T13:43:44","guid":{"rendered":"https:\/\/bruxelles-pantheres.be\/?p=6522"},"modified":"2025-10-17T14:43:44","modified_gmt":"2025-10-17T13:43:44","slug":"ma-mere-est-plus-ecolo-que-vos-cop","status":"publish","type":"post","link":"https:\/\/bruxelles-pantheres.be\/?p=6522","title":{"rendered":"Ma m\u00e8re est plus \u00e9colo que vos COP!"},"content":{"rendered":"<h2 class=\"entry_title\"><span style=\"font-size: 16px;\">Par <\/span><a style=\"font-size: 16px;\" title=\"Nordine Sa\u00efdi\" href=\"https:\/\/www.revue-ouvrage.org\/auteures-auteurs\/nordine-saidi\/\">Nordine Sa\u00efdi<\/a><\/h2>\n<div class=\"elementor elementor-12094\" data-elementor-type=\"wp-post\" data-elementor-id=\"12094\">\n<section class=\"elementor-section elementor-top-section elementor-element elementor-element-68e76d5 elementor-section-boxed elementor-section-height-default elementor-section-height-default parallax_section_no qode_elementor_container_no\" data-id=\"68e76d5\" data-element_type=\"section\">\n<div class=\"elementor-container elementor-column-gap-default\">\n<div class=\"elementor-column elementor-col-100 elementor-top-column elementor-element elementor-element-1947d24\" data-id=\"1947d24\" data-element_type=\"column\">\n<div class=\"elementor-widget-wrap elementor-element-populated\">\n<div class=\"elementor-element elementor-element-a2190da elementor-widget__width-initial elementor-widget elementor-widget-text-editor\" data-id=\"a2190da\" data-element_type=\"widget\" data-widget_type=\"text-editor.default\">\n<div class=\"elementor-widget-container\">\n<p>Dans le cadre de l\u2019universit\u00e9 d\u2019\u00e9t\u00e9 du\u00a0<a href=\"https:\/\/qgdecolonial.fr\/\" target=\"_blank\" rel=\"noopener\">QG d\u00e9colonial<\/a>\u00a0qui avait pour th\u00e8me\u00a0<a href=\"https:\/\/qgdecolonial.fr\/universite-dete-du-qg-decolonial-le-programme\/\" target=\"_blank\" rel=\"noopener\">Penser le pouvoir et l\u2019h\u00e9g\u00e9monie avec Fanon et Gamsci,<\/a>\u00a0Nordine Sa\u00efdi participait \u00e0 une pl\u00e9ni\u00e8re intitul\u00e9e\u00a0<em>\u00abD\u00e9r\u00e8glement climatique ou la vengeance des anc\u00eatres: que peut l\u2019\u00e9cologie d\u00e9coloniale ?\u00bb.\u00a0<\/em>\u00c0 cette occasion, il livrait le texte qui suit afin de recadrer les d\u00e9bats entourant les luttes environnementales ou \u00e9cologiques. Il contribue \u00e0 identifier les divisions de classe et les divisions raciales afin de mieux les surmonter dans une perspective de lutte. \u2013 CMB<\/p>\n<\/div>\n<\/div>\n<\/div>\n<\/div>\n<\/div>\n<\/section>\n<\/div>\n<p><!--more--><\/p>\n<div class=\"elementor elementor-12094\" data-elementor-type=\"wp-post\" data-elementor-id=\"12094\">\n<section class=\"elementor-section elementor-top-section elementor-element elementor-element-fa6b442 elementor-section-boxed elementor-section-height-default elementor-section-height-default parallax_section_no qode_elementor_container_no\" data-id=\"fa6b442\" data-element_type=\"section\">\n<div class=\"elementor-container elementor-column-gap-default\">\n<div class=\"elementor-column elementor-col-100 elementor-top-column elementor-element elementor-element-8dde633\" data-id=\"8dde633\" data-element_type=\"column\">\n<div class=\"elementor-widget-wrap elementor-element-populated\">\n<div class=\"elementor-element elementor-element-ae28b5b elementor-widget elementor-widget-text-editor\" data-id=\"ae28b5b\" data-element_type=\"widget\" data-widget_type=\"text-editor.default\">\n<div class=\"elementor-widget-container\">\n<p>Avant de parler d\u2019\u00e9cologie, de climat, d\u2019\u00e9nergie, de justice sociale ou de tout autre enjeu qui nous r\u00e9unit ici aujourd\u2019hui, je dois dire Gaza.<br \/>\nParce qu\u2019il est impossible de parler du monde sans parler du massacre en cours.<br \/>\nImpossible de parler de l\u2019avenir sans nommer le sang vers\u00e9.<br \/>\nImpossible de parler de justice sans d\u00e9noncer l\u2019injustice la plus obsc\u00e8ne de notre \u00e9poque.<br \/>\nImpossible de parler d\u2019\u00e9cologie, de plan\u00e8te, sans parler de Palestine.<\/p>\n<\/div>\n<\/div>\n<div class=\"elementor-element elementor-element-194fd95 elementor-widget elementor-widget-text-editor\" data-id=\"194fd95\" data-element_type=\"widget\" data-widget_type=\"text-editor.default\">\n<div class=\"elementor-widget-container\">\n<p>Nous vivons une \u00e9poque de g\u00e9nocide.<br \/>\nC\u2019est le terme exact utilis\u00e9 par des experts de l\u2019ONU, des juristes internationaux, des survivant\u00b7es des g\u00e9nocides pr\u00e9c\u00e9dents. C\u2019est le mot qui s\u2019impose quand des h\u00f4pitaux sont vis\u00e9s, des enfants br\u00fbl\u00e9s vivants, des quartiers entiers ras\u00e9s, une population affam\u00e9e sciemment, priv\u00e9e d\u2019eau, de soins, d\u2019abris.<\/p>\n<\/div>\n<\/div>\n<div class=\"elementor-element elementor-element-79e5491 elementor-widget elementor-widget-text-editor\" data-id=\"79e5491\" data-element_type=\"widget\" data-widget_type=\"text-editor.default\">\n<div class=\"elementor-widget-container\">\n<p>Et dans ce silence complice des \u00c9tats europ\u00e9ens, la Belgique n\u2019est pas en reste.<br \/>\nNotre pays continue de commercer, de coop\u00e9rer, d\u2019armer, d\u2019accueillir des repr\u00e9sentants d\u2019un \u00c9tat colonial assassin. Nos partis politiques \u2014 m\u00eame les plus \u00abprogressistes\u00bb \u2014 parlent du climat comme si Gaza n\u2019existait pas, comme si on pouvait b\u00e2tir un avenir \u00e9cologique tout en regardant ailleurs pendant qu\u2019un peuple est \u00e9cras\u00e9 sous les bombes.<\/p>\n<\/div>\n<\/div>\n<div class=\"elementor-element elementor-element-6b22687 elementor-widget elementor-widget-text-editor\" data-id=\"6b22687\" data-element_type=\"widget\" data-widget_type=\"text-editor.default\">\n<div class=\"elementor-widget-container\">\n<p>Ch\u00e8res s\u0153urs, fr\u00e8res, camarades, ami\u00b7es,<br \/>\nMerci pour votre pr\u00e9sence aujourd\u2019hui.<\/p>\n<\/div>\n<\/div>\n<\/div>\n<\/div>\n<\/div>\n<\/section>\n<section class=\"elementor-section elementor-top-section elementor-element elementor-element-9480568 elementor-section-boxed elementor-section-height-default elementor-section-height-default parallax_section_no qode_elementor_container_no\" data-id=\"9480568\" data-element_type=\"section\">\n<div class=\"elementor-container elementor-column-gap-default\">\n<div class=\"elementor-column elementor-col-100 elementor-top-column elementor-element elementor-element-9625055\" data-id=\"9625055\" data-element_type=\"column\">\n<div class=\"elementor-widget-wrap elementor-element-populated\">\n<div class=\"elementor-element elementor-element-872a1f5 elementor-widget elementor-widget-text-editor\" data-id=\"872a1f5\" data-element_type=\"widget\" data-widget_type=\"text-editor.default\">\n<div class=\"elementor-widget-container\">\n<p>Nous sommes r\u00e9unis pour r\u00e9fl\u00e9chir \u00e0 un sujet qui pourrait sembler technique ou abstrait: le d\u00e9r\u00e8glement climatique. Et pourtant, il n\u2019a rien d\u2019abstrait. Il est concret, brutal, violent, et profond\u00e9ment politique. Il ne s\u2019agit pas seulement de chiffres, de courbes ou de degr\u00e9s Celsius. Il s\u2019agit de vie ou de mort. De territoires ravag\u00e9s. De peuples d\u00e9poss\u00e9d\u00e9s. D\u2019enfants noy\u00e9s. De for\u00eats br\u00fbl\u00e9es. De rivi\u00e8res pollu\u00e9es par la cupidit\u00e9 des empires. Le climat, c\u2019est une archive des violences coloniales.<\/p>\n<\/div>\n<\/div>\n<div class=\"elementor-element elementor-element-aa2a96a elementor-widget elementor-widget-text-editor\" data-id=\"aa2a96a\" data-element_type=\"widget\" data-widget_type=\"text-editor.default\">\n<div class=\"elementor-widget-container\">\n<p>Et aujourd\u2019hui, ce sont nos enfants, nos peuples, nos territoires, nos corps qui payent la facture.<\/p>\n<\/div>\n<\/div>\n<div class=\"elementor-element elementor-element-965b4b5 elementor-widget elementor-widget-text-editor\" data-id=\"965b4b5\" data-element_type=\"widget\" data-widget_type=\"text-editor.default\">\n<div class=\"elementor-widget-container\">\n<p>Alors, permettez-moi de vous proposer un angle. Un angle non pas neutre\u202f\u2013\u202fcar il ne peut y avoir de neutralit\u00e9 dans ce monde\u202f\u2013\u202fmais radicalement situ\u00e9. Et si ce d\u00e9r\u00e8glement climatique, au lieu d\u2019\u00eatre une simple catastrophe naturelle, \u00e9tait la vengeance des anc\u00eatres\u202f?<br \/>\nEt si les terres spoli\u00e9es, les mines ouvertes \u00e0 vif, les for\u00eats d\u00e9cim\u00e9es, les peuples d\u00e9plac\u00e9s\u2026 rendaient enfin leur verdict\u202f?<br \/>\nEt si les temp\u00eates, les s\u00e9cheresses, les incendies\u2026 \u00e9taient la m\u00e9moire terrestre de ce que l\u2019empire a inflig\u00e9 aux vivants\u202f?<\/p>\n<\/div>\n<\/div>\n<div class=\"elementor-element elementor-element-ee7df33 elementor-widget elementor-widget-text-editor\" data-id=\"ee7df33\" data-element_type=\"widget\" data-widget_type=\"text-editor.default\">\n<div class=\"elementor-widget-container\">\n<p>C\u2019est cette hypoth\u00e8se que je vous invite \u00e0 explorer. Non pas dans une perspective \u00e9sot\u00e9rique ou mystique, mais dans une perspective politique, d\u00e9coloniale et anti-imp\u00e9rialiste. Que peut l\u2019\u00e9cologie d\u00e9coloniale face au d\u00e9sastre en cours\u202f? Voil\u00e0 la question.<\/p>\n<\/div>\n<\/div>\n<div class=\"elementor-element elementor-element-b9bf915 elementor-widget elementor-widget-text-editor\" data-id=\"b9bf915\" data-element_type=\"widget\" data-widget_type=\"text-editor.default\">\n<div class=\"elementor-widget-container\">\n<h4><b>Le climat n\u2019est pas neutre: il porte la trace de l\u2019Histoire<\/b><\/h4>\n<\/div>\n<\/div>\n<div class=\"elementor-element elementor-element-cf8c419 elementor-widget elementor-widget-text-editor\" data-id=\"cf8c419\" data-element_type=\"widget\" data-widget_type=\"text-editor.default\">\n<div class=\"elementor-widget-container\">\n<p>Il faut d\u2019abord rappeler ceci: le changement climatique n\u2019est pas une surprise. Il est le produit logique d\u2019un mod\u00e8le \u00e9conomique, colonial, racial, patriarcal, qui a mis le monde en coupe r\u00e9gl\u00e9e au nom du profit.<\/p>\n<\/div>\n<\/div>\n<div class=\"elementor-element elementor-element-9d5511c elementor-widget elementor-widget-text-editor\" data-id=\"9d5511c\" data-element_type=\"widget\" data-widget_type=\"text-editor.default\">\n<div class=\"elementor-widget-container\">\n<p>Lorsque Christophe Colomb met le pied dans les Cara\u00efbes en 1492, il n\u2019ouvre pas seulement la voie \u00e0 la colonisation des Am\u00e9riques. Il amorce ce que certains historiens appellent le d\u00e9but de l\u2019Anthropoc\u00e8ne, Capitaloc\u00e8ne, Plantoc\u00e8ne colonial\u202f\u2013\u202fcette \u00e8re o\u00f9 l\u2019homme occidental, arm\u00e9 de son rationalisme, de sa foi dans la croissance et de ses fusils, commence \u00e0 modifier l\u2019\u00e9quilibre plan\u00e9taire.<\/p>\n<\/div>\n<\/div>\n<div class=\"elementor-element elementor-element-88e8967 elementor-widget elementor-widget-image\" data-id=\"88e8967\" data-element_type=\"widget\" data-widget_type=\"image.default\">\n<div class=\"elementor-widget-container\">\n<figure class=\"wp-caption aligncenter\"><img decoding=\"async\" class=\"attachment-large size-large wp-image-12108\" src=\"https:\/\/www.revue-ouvrage.org\/wp-content\/uploads\/2025\/10\/2d13aa31162121.5672db8cf1438-1.webp\" alt=\"\" width=\"600\" height=\"809\" \/><figcaption class=\"widget-image-caption wp-caption-text\">Jacob Vann Loon, Lead Shot Stars<\/figcaption><\/figure>\n<\/div>\n<\/div>\n<div class=\"elementor-element elementor-element-0fb32fc elementor-widget elementor-widget-text-editor\" data-id=\"0fb32fc\" data-element_type=\"widget\" data-widget_type=\"text-editor.default\">\n<div class=\"elementor-widget-container\">\n<p>Et que fait l\u2019Europe d\u00e8s qu\u2019elle se r\u00e9pand sur la plan\u00e8te\u202f? Elle extrait. Elle tue. Elle plante des monocultures. Elle ass\u00e8che les marais. Elle arrache les populations. Elle tue les dieux des for\u00eats. Elle transforme les territoires vivants en ressources.<br \/>\nEt cette transformation se fait dans le sang.<\/p>\n<\/div>\n<\/div>\n<div class=\"elementor-element elementor-element-d3cfa54 elementor-widget elementor-widget-text-editor\" data-id=\"d3cfa54\" data-element_type=\"widget\" data-widget_type=\"text-editor.default\">\n<div class=\"elementor-widget-container\">\n<p>Des millions d\u2019Africain\u00b7es d\u00e9port\u00e9\u00b7es pour alimenter des plantations esclavagistes. Des millions d\u2019Am\u00e9rindien\u00b7nes massacr\u00e9\u00b7es pour planter du coton, du caf\u00e9, du sucre. Des milliers de kilom\u00e8tres de rails pour transporter du charbon, de l\u2019ivoire, du cuivre.<\/p>\n<\/div>\n<\/div>\n<div class=\"elementor-element elementor-element-579791d elementor-widget elementor-widget-text-editor\" data-id=\"579791d\" data-element_type=\"widget\" data-widget_type=\"text-editor.default\">\n<div class=\"elementor-widget-container\">\n<p>Voil\u00e0 la v\u00e9rit\u00e9: le d\u00e9r\u00e8glement climatique est n\u00e9 dans les cales des bateaux n\u00e9griers, dans les mines coloniales du Congo, dans les for\u00eats d\u00e9truites d\u2019Amazonie.<br \/>\nCe n\u2019est pas une cons\u00e9quence impr\u00e9vue: c\u2019est le r\u00e9sultat syst\u00e9mique d\u2019un syst\u00e8me fond\u00e9 sur l\u2019exploitation illimit\u00e9e des humains et de la nature.<\/p>\n<\/div>\n<\/div>\n<div class=\"elementor-element elementor-element-ac9454e elementor-widget elementor-widget-text-editor\" data-id=\"ac9454e\" data-element_type=\"widget\" data-widget_type=\"text-editor.default\">\n<div class=\"elementor-widget-container\">\n<h4><strong>Le Sud global paye les d\u00e9g\u00e2ts du Nord global<\/strong><\/h4>\n<\/div>\n<\/div>\n<div class=\"elementor-element elementor-element-a82589e elementor-widget elementor-widget-text-editor\" data-id=\"a82589e\" data-element_type=\"widget\" data-widget_type=\"text-editor.default\">\n<div class=\"elementor-widget-container\">\n<p>Aujourd\u2019hui, qui souffre le plus des cons\u00e9quences du r\u00e9chauffement climatique\u202f? Pas les banquiers de la City, pas les patrons du CAC\u202f40. Ce sont les pays du Sud global, ceux qu\u2019on a d\u00e9j\u00e0 pill\u00e9s pendant des si\u00e8cles.<\/p>\n<ul>\n<li aria-level=\"1\">En Somalie, des millions de personnes sont d\u00e9plac\u00e9es par la s\u00e9cheresse.<\/li>\n<li aria-level=\"1\">Au Mozambique, des cyclones d\u00e9vastateurs reviennent tous les ans.<\/li>\n<li aria-level=\"1\">Au Bangladesh, les terres disparaissent sous les eaux.<\/li>\n<li aria-level=\"1\">Dans les \u00eeles du Pacifique, les peuples voient leur monde englouti, lentement mais s\u00fbrement.<\/li>\n<\/ul>\n<\/div>\n<\/div>\n<div class=\"elementor-element elementor-element-8f07b7d elementor-widget elementor-widget-text-editor\" data-id=\"8f07b7d\" data-element_type=\"widget\" data-widget_type=\"text-editor.default\">\n<div class=\"elementor-widget-container\">\n<p>Selon une \u00e9tude publi\u00e9e dans la revue m\u00e9dicale\u00a0<i>The Lancet,\u00a0<\/i>le changement climatique risque de faire de nombreuses victimes dans plusieurs pays du globe \u00e0 l\u2019horizon\u202f2050.<\/p>\n<\/div>\n<\/div>\n<div class=\"elementor-element elementor-element-8b1e809 elementor-widget elementor-widget-text-editor\" data-id=\"8b1e809\" data-element_type=\"widget\" data-widget_type=\"text-editor.default\">\n<div class=\"elementor-widget-container\">\n<p>Les pays du \u00abNord global\u00bb (l\u2019ensemble des pays d\u2019Europe, d\u2019Am\u00e9rique du Nord et des r\u00e9gions d\u00e9velopp\u00e9es d\u2019Asie), qui repr\u00e9sentent 14\u202f% de la population mondiale, sont responsables de 92\u202f% des \u00e9missions cumul\u00e9es de\u00a0<a href=\"https:\/\/www.geo.fr\/environnement\/co2-quest-ce-que-le-dioxyde-de-carbone-193560\">CO2<\/a>\u00a0sur la p\u00e9riode 1850-2015 ayant conduit l\u2019humanit\u00e9 \u00e0 franchir l\u2019une des\u00a0<a href=\"https:\/\/www.geo.fr\/environnement\/quelles-sont-les-limites-planetaires-et-a-quoi-sert-ce-concept-en-ecologie-journee-mondiale-environnement-boehly-214966\">limites plan\u00e9taires<\/a>.<\/p>\n<p>Or, ce sont au contraire les pays de l\u2019h\u00e9misph\u00e8re Sud qui vont davantage souffrir des effets du changement climatique, ont d\u00e9montr\u00e9 les auteurs en combinant les risques de maladies calcul\u00e9s par l\u2019Organisation mondiale de la sant\u00e9 (OMS) avec les projections de population humaine r\u00e9alis\u00e9es par l\u2019ONU.<\/p>\n<\/div>\n<\/div>\n<div class=\"elementor-element elementor-element-f96f016 elementor-widget elementor-widget-text-editor\" data-id=\"f96f016\" data-element_type=\"widget\" data-widget_type=\"text-editor.default\">\n<div class=\"elementor-widget-container\">\n<p>Les six pays suivants sont les plus concern\u00e9s\u202f:<\/p>\n<ul>\n<li aria-level=\"1\">la R\u00e9publique d\u00e9mocratique du Congo,<\/li>\n<li aria-level=\"1\">l\u2019Angola,<\/li>\n<li aria-level=\"1\">la R\u00e9publique du Congo,<\/li>\n<li aria-level=\"1\">le Gabon,<\/li>\n<li aria-level=\"1\">la Guin\u00e9e \u00e9quatoriale, et<\/li>\n<li aria-level=\"1\">la R\u00e9publique centrafricaine.<\/li>\n<\/ul>\n<\/div>\n<\/div>\n<div class=\"elementor-element elementor-element-0f71b6c elementor-widget elementor-widget-text-editor\" data-id=\"0f71b6c\" data-element_type=\"widget\" data-widget_type=\"text-editor.default\">\n<div class=\"elementor-widget-container\">\n<p>Et pourtant, ces pays-l\u00e0, ces peuples-l\u00e0, n\u2019ont pratiquement aucune responsabilit\u00e9 historique dans les \u00e9missions de gaz \u00e0 effet de serre. L\u2019Afrique, par exemple, ne repr\u00e9sente que 3\u202f% des \u00e9missions mondiales depuis 1850. Et pourtant, ce sont ses enfants qui meurent les premiers.<\/p>\n<\/div>\n<\/div>\n<div class=\"elementor-element elementor-element-cd4d7b0 elementor-widget elementor-widget-text-editor\" data-id=\"cd4d7b0\" data-element_type=\"widget\" data-widget_type=\"text-editor.default\">\n<div class=\"elementor-widget-container\">\n<p>C\u2019est cela, le racisme climatique. C\u2019est cela, l\u2019injustice \u00e9cologique. C\u2019est cela, la dette climatique du Nord envers le Sud.<\/p>\n<\/div>\n<\/div>\n<div class=\"elementor-element elementor-element-b71685c elementor-widget elementor-widget-text-editor\" data-id=\"b71685c\" data-element_type=\"widget\" data-widget_type=\"text-editor.default\">\n<div class=\"elementor-widget-container\">\n<p>Mais attention : la souffrance n\u2019est pas passive. Partout, des r\u00e9sistances s\u2019organisent.<br \/>\nDes communaut\u00e9s autochtones du Br\u00e9sil qui s\u2019opposent \u00e0 la d\u00e9forestation.<br \/>\nDes jeunes activistes en Ouganda qui d\u00e9noncent les projets p\u00e9troliers.<br \/>\nDes p\u00eacheurs s\u00e9n\u00e9galais qui refusent de voir leurs zones c\u00f4ti\u00e8res confisqu\u00e9es.<br \/>\nCe sont eux, les vrais visages de l\u2019\u00e9cologie radicale.<\/p>\n<\/div>\n<\/div>\n<div class=\"elementor-element elementor-element-5f28287 elementor-widget elementor-widget-text-editor\" data-id=\"5f28287\" data-element_type=\"widget\" data-widget_type=\"text-editor.default\">\n<div class=\"elementor-widget-container\">\n<h4><b>Une \u00e9cologie indiff\u00e9rente \u00e0 Gaza est une \u00e9cologie coloniale<\/b><\/h4>\n<\/div>\n<\/div>\n<div class=\"elementor-element elementor-element-098e490 elementor-widget elementor-widget-text-editor\" data-id=\"098e490\" data-element_type=\"widget\" data-widget_type=\"text-editor.default\">\n<div class=\"elementor-widget-container\">\n<p>On nous parle de justice climatique. De sauver la plan\u00e8te. D\u2019assurer un avenir \u00e0 nos enfants. Mais quel avenir peut-on pr\u00e9tendre construire si l\u2019on accepte l\u2019extermination d\u2019un peuple en direct, film\u00e9e, document\u00e9e, et normalis\u00e9e\u202f?<\/p>\n<\/div>\n<\/div>\n<div class=\"elementor-element elementor-element-b6ce888 elementor-widget elementor-widget-text-editor\" data-id=\"b6ce888\" data-element_type=\"widget\" data-widget_type=\"text-editor.default\">\n<div class=\"elementor-widget-container\">\n<p>Quel sens cela a-t-il de parler d\u2019\u00e9cologie en oubliant que Gaza est l\u2019endroit le plus pollu\u00e9 de la M\u00e9diterran\u00e9e parce que ses stations d\u2019\u00e9puration sont d\u00e9truites, son eau imbuvable, son sol satur\u00e9 de bombes et de toxines\u202f?<\/p>\n<\/div>\n<\/div>\n<div class=\"elementor-element elementor-element-0d39d5a elementor-widget elementor-widget-text-editor\" data-id=\"0d39d5a\" data-element_type=\"widget\" data-widget_type=\"text-editor.default\">\n<div class=\"elementor-widget-container\">\n<p>Quel sens cela a-t-il de parler de justice climatique sans nommer qu\u2019Isra\u00ebl utilise la destruction de l\u2019environnement comme une arme de guerre, rasant les terres agricoles palestiniennes, br\u00fblant les oliveraies, bombardant les infrastructures vitales\u202f?<\/p>\n<\/div>\n<\/div>\n<div class=\"elementor-element elementor-element-e1a37a3 elementor-widget elementor-widget-text-editor\" data-id=\"e1a37a3\" data-element_type=\"widget\" data-widget_type=\"text-editor.default\">\n<div class=\"elementor-widget-container\">\n<p>Quel sens cela a-t-il de parler de droits humains, quand on ferme les yeux sur l\u2019utilisation de la famine comme outil politique\u202f?<\/p>\n<\/div>\n<\/div>\n<div class=\"elementor-element elementor-element-303eae2 elementor-widget elementor-widget-text-editor\" data-id=\"303eae2\" data-element_type=\"widget\" data-widget_type=\"text-editor.default\">\n<div class=\"elementor-widget-container\">\n<p>Il n\u2019y a pas de neutralit\u00e9 possible face \u00e0 un g\u00e9nocide.<br \/>\nEt il n\u2019y a pas d\u2019\u00e9cologie possible dans une soci\u00e9t\u00e9 qui hi\u00e9rarchise les morts, qui pleure les for\u00eats mais pas les enfants palestiniens.<\/p>\n<\/div>\n<\/div>\n<div class=\"elementor-element elementor-element-70896d0 elementor-widget elementor-widget-image\" data-id=\"70896d0\" data-element_type=\"widget\" data-widget_type=\"image.default\">\n<div class=\"elementor-widget-container\">\n<figure class=\"wp-caption aligncenter\"><img decoding=\"async\" class=\"attachment-large size-large wp-image-12107\" src=\"https:\/\/www.revue-ouvrage.org\/wp-content\/uploads\/2025\/10\/0b392d31162121.5643b76c91b31.webp\" alt=\"\" width=\"600\" height=\"857\" \/><figcaption class=\"widget-image-caption wp-caption-text\">Jacob Vann Loon, Lead Shot Stars<\/figcaption><\/figure>\n<\/div>\n<\/div>\n<div class=\"elementor-element elementor-element-f924918 elementor-widget elementor-widget-text-editor\" data-id=\"f924918\" data-element_type=\"widget\" data-widget_type=\"text-editor.default\">\n<div class=\"elementor-widget-container\">\n<h4><b>L\u2019\u00e9cologie que nous voulons: d\u00e9coloniale, antiraciste, populaire<\/b><\/h4>\n<\/div>\n<\/div>\n<div class=\"elementor-element elementor-element-6e53d90 elementor-widget elementor-widget-text-editor\" data-id=\"6e53d90\" data-element_type=\"widget\" data-widget_type=\"text-editor.default\">\n<div class=\"elementor-widget-container\">\n<p>Si nous voulons parler d\u2019\u00e9cologie avec s\u00e9rieux, nous devons reconna\u00eetre que le projet \u00e9cologique ne peut pas \u00eatre s\u00e9par\u00e9 des luttes anticoloniales et antiracistes.<br \/>\nIl ne s\u2019agit pas d\u2019un sujet \u00aben plus\u00bb.<br \/>\nIl ne s\u2019agit pas de d\u00e9tourner le d\u00e9bat, mais de le recentrer sur ce qu\u2019est v\u00e9ritablement la justice: l\u2019universalit\u00e9 des droits, la fin de toutes les oppressions, la dignit\u00e9 pour tous les peuples.<\/p>\n<\/div>\n<\/div>\n<div class=\"elementor-element elementor-element-a5570cb elementor-widget elementor-widget-text-editor\" data-id=\"a5570cb\" data-element_type=\"widget\" data-widget_type=\"text-editor.default\">\n<div class=\"elementor-widget-container\">\n<p>Gaza est notre miroir.<br \/>\nGaza nous montre \u00e0 quel point l\u2019Occident a \u00e9chou\u00e9 \u00e0 d\u00e9fendre les principes qu\u2019il pr\u00e9tend incarner: les droits humains, le droit international, l\u2019interdiction de la torture, le respect de la vie.<\/p>\n<\/div>\n<\/div>\n<div class=\"elementor-element elementor-element-c5257f1 elementor-widget elementor-widget-text-editor\" data-id=\"c5257f1\" data-element_type=\"widget\" data-widget_type=\"text-editor.default\">\n<div class=\"elementor-widget-container\">\n<h4><b>Parler \u00e9cologie sans Gaza, c\u2019est parler climat sans humanit\u00e9<\/b><\/h4>\n<\/div>\n<\/div>\n<div class=\"elementor-element elementor-element-244aea1 elementor-widget elementor-widget-text-editor\" data-id=\"244aea1\" data-element_type=\"widget\" data-widget_type=\"text-editor.default\">\n<div class=\"elementor-widget-container\">\n<p>C\u2019est pleurer les glaciers qui fondent mais ignorer les enfants sous les gravats.<br \/>\nC\u2019est vouloir prot\u00e9ger les dauphins et les pandas, mais pas les nourrissons de Rafah.<br \/>\nC\u2019est pr\u00e9tendre d\u00e9fendre le vivant tout en fermant les yeux sur l\u2019extermination d\u2019un peuple.<\/p>\n<\/div>\n<\/div>\n<div class=\"elementor-element elementor-element-b742ad5 elementor-widget elementor-widget-text-editor\" data-id=\"b742ad5\" data-element_type=\"widget\" data-widget_type=\"text-editor.default\">\n<div class=\"elementor-widget-container\">\n<h4><b>Notre \u00e9cologie est incompatible avec le colonialisme<\/b><\/h4>\n<\/div>\n<\/div>\n<div class=\"elementor-element elementor-element-6d463dd elementor-widget elementor-widget-text-editor\" data-id=\"6d463dd\" data-element_type=\"widget\" data-widget_type=\"text-editor.default\">\n<div class=\"elementor-widget-container\">\n<p>Nous devons le dire sans d\u00e9tour: Isra\u00ebl est un \u00c9tat colonial.<br \/>\nEt toute \u00e9cologie digne de ce nom doit \u00eatre anticoloniale.<br \/>\nCela implique :<\/p>\n<ul>\n<li aria-level=\"1\">de boycotter les entreprises complices du massacre\u202f;<\/li>\n<li aria-level=\"1\">de d\u00e9noncer les liaisons diplomatiques avec l\u2019\u00c9tat d\u2019apartheid\u202f;<\/li>\n<li aria-level=\"1\">de soutenir les mobilisations palestiniennes, diasporiques, antisionistes.<\/li>\n<\/ul>\n<\/div>\n<\/div>\n<div class=\"elementor-element elementor-element-fcb317d elementor-widget elementor-widget-text-editor\" data-id=\"fcb317d\" data-element_type=\"widget\" data-widget_type=\"text-editor.default\">\n<div class=\"elementor-widget-container\">\n<h4><b>Gaza est notre boussole<\/b><\/h4>\n<\/div>\n<\/div>\n<div class=\"elementor-element elementor-element-89ad0d5 elementor-widget elementor-widget-text-editor\" data-id=\"89ad0d5\" data-element_type=\"widget\" data-widget_type=\"text-editor.default\">\n<div class=\"elementor-widget-container\">\n<p>Alors oui, parlons de climat. Parlons de transition \u00e9nerg\u00e9tique. Parlons de mobilit\u00e9s durables. Mais n\u2019oublions jamais que notre \u00e9cologie n\u2019a de sens que si elle est solidaire.<br \/>\nSolidaire des peuples \u00e9cras\u00e9s.<br \/>\nSolidaire des terres pill\u00e9es.<br \/>\nSolidaire de la Palestine.<\/p>\n<\/div>\n<\/div>\n<div class=\"elementor-element elementor-element-e78e796 elementor-widget elementor-widget-text-editor\" data-id=\"e78e796\" data-element_type=\"widget\" data-widget_type=\"text-editor.default\">\n<div class=\"elementor-widget-container\">\n<p>Tant que Gaza br\u00fble, le monde est en feu.<br \/>\nEt tant qu\u2019un enfant palestinien meurt, aucun futur n\u2019est acceptable.<br \/>\nL\u00e0 o\u00f9 l\u2019on br\u00fble des enfants, on ne parle pas de plan\u00e8te. On se tait. On agit.<\/p>\n<\/div>\n<\/div>\n<div class=\"elementor-element elementor-element-6df54ac elementor-widget elementor-widget-text-editor\" data-id=\"6df54ac\" data-element_type=\"widget\" data-widget_type=\"text-editor.default\">\n<div class=\"elementor-widget-container\">\n<h4><b>L\u2019\u00e9cologie dominante: blanche, bourgeoise et amn\u00e9sique<\/b><\/h4>\n<\/div>\n<\/div>\n<div class=\"elementor-element elementor-element-bf8491f elementor-widget elementor-widget-text-editor\" data-id=\"bf8491f\" data-element_type=\"widget\" data-widget_type=\"text-editor.default\">\n<div class=\"elementor-widget-container\">\n<p>Face \u00e0 cela, l\u2019\u00e9cologie occidentale dominante, institutionnelle, peine \u00e0 se remettre en question. Elle se veut morale, universelle, technique, mais elle reste souvent aveugle aux rapports de domination.<\/p>\n<\/div>\n<\/div>\n<div class=\"elementor-element elementor-element-fe5ab6f elementor-widget elementor-widget-text-editor\" data-id=\"fe5ab6f\" data-element_type=\"widget\" data-widget_type=\"text-editor.default\">\n<div class=\"elementor-widget-container\">\n<p>Qui parle dans les conf\u00e9rences sur le climat\u202f?<br \/>\nQui n\u00e9gocie dans les COP\u202f?<br \/>\nQui d\u00e9finit ce qu\u2019est une solution acceptable ou souhaitable\u202f?<br \/>\nCe sont des experts, des diplomates, des ing\u00e9nieurs du Nord, des ONG bien financ\u00e9es.<br \/>\nMais o\u00f9 sont les peuples\u202f? O\u00f9 sont les sans-papiers, les ouvriers, les femmes racialis\u00e9es, les paysans sans terre\u202f? O\u00f9 sont les survivant\u00b7es des colonies\u202f?<\/p>\n<\/div>\n<\/div>\n<div class=\"elementor-element elementor-element-961b286 elementor-widget elementor-widget-text-editor\" data-id=\"961b286\" data-element_type=\"widget\" data-widget_type=\"text-editor.default\">\n<div class=\"elementor-widget-container\">\n<p>Dans les grandes conf\u00e9rences climatiques, on n\u2019en parle jamais.<br \/>\nOn parle de quotas carbones, de mobilit\u00e9 verte, d\u2019\u00e9conomie circulaire.<br \/>\nMais jamais des mines de cobalt du Congo.<br \/>\nJamais des pipelines en Ouganda.<br \/>\nJamais de la pollution des guerres en Afghanistan, en Irak, en Libye.<br \/>\nJamais des bombes, des drones, des bases militaires occidentales qui ravagent les sols, empoisonnent les nappes phr\u00e9atiques, d\u00e9truisent les \u00e9cosyst\u00e8mes humains et non-humains.<\/p>\n<\/div>\n<\/div>\n<div class=\"elementor-element elementor-element-ed0af1b elementor-widget elementor-widget-text-editor\" data-id=\"ed0af1b\" data-element_type=\"widget\" data-widget_type=\"text-editor.default\">\n<div class=\"elementor-widget-container\">\n<p>L\u2019\u00e9cologie occidentale est trop souvent une \u00e9cologie de la culpabilit\u00e9 individuelle: trie tes d\u00e9chets, arr\u00eate la viande, prends ton v\u00e9lo. Mais elle \u00e9vite soigneusement de nommer les racines structurelles du probl\u00e8me: le capitalisme, l\u2019imp\u00e9rialisme, le racisme.<\/p>\n<\/div>\n<\/div>\n<div class=\"elementor-element elementor-element-a3b4633 elementor-widget elementor-widget-text-editor\" data-id=\"a3b4633\" data-element_type=\"widget\" data-widget_type=\"text-editor.default\">\n<div class=\"elementor-widget-container\">\n<p>Or, sans cela, on ne peut pas construire un monde vivable. Une \u00e9cologie qui refuse de se confronter \u00e0 la colonialit\u00e9 de son histoire est une \u00e9cologie qui \u00e9choue.<\/p>\n<\/div>\n<\/div>\n<\/div>\n<\/div>\n<\/div>\n<\/section>\n<section class=\"elementor-section elementor-top-section elementor-element elementor-element-ec81a4d elementor-section-boxed elementor-section-height-default elementor-section-height-default parallax_section_no qode_elementor_container_no\" data-id=\"ec81a4d\" data-element_type=\"section\">\n<div class=\"elementor-container elementor-column-gap-default\">\n<div class=\"elementor-column elementor-col-100 elementor-top-column elementor-element elementor-element-39bb367\" data-id=\"39bb367\" data-element_type=\"column\">\n<div class=\"elementor-widget-wrap elementor-element-populated\">\n<div class=\"elementor-element elementor-element-f647f5b elementor-widget elementor-widget-image\" data-id=\"f647f5b\" data-element_type=\"widget\" data-widget_type=\"image.default\">\n<div class=\"elementor-widget-container\">\n<figure class=\"wp-caption\"><img decoding=\"async\" class=\"attachment-large size-large wp-image-12106\" src=\"https:\/\/www.revue-ouvrage.org\/wp-content\/uploads\/2025\/10\/44165c31162121.565a2455c6678.webp\" alt=\"\" width=\"600\" height=\"810\" \/><figcaption class=\"widget-image-caption wp-caption-text\">Jacob Vann Loon, Lead Shot Stars<\/figcaption><\/figure>\n<\/div>\n<\/div>\n<\/div>\n<\/div>\n<\/div>\n<\/section>\n<section class=\"elementor-section elementor-top-section elementor-element elementor-element-d653cb6 elementor-section-boxed elementor-section-height-default elementor-section-height-default parallax_section_no qode_elementor_container_no\" data-id=\"d653cb6\" data-element_type=\"section\">\n<div class=\"elementor-container elementor-column-gap-default\">\n<div class=\"elementor-column elementor-col-100 elementor-top-column elementor-element elementor-element-87218b0\" data-id=\"87218b0\" data-element_type=\"column\">\n<div class=\"elementor-widget-wrap elementor-element-populated\">\n<div class=\"elementor-element elementor-element-405ad5e elementor-widget elementor-widget-text-editor\" data-id=\"405ad5e\" data-element_type=\"widget\" data-widget_type=\"text-editor.default\">\n<div class=\"elementor-widget-container\">\n<h4><b>Soyons clairs: l\u2019\u00e9cologie telle qu\u2019on nous la vend aujourd\u2019hui est coloniale<\/b><\/h4>\n<\/div>\n<\/div>\n<div class=\"elementor-element elementor-element-3468d0f elementor-widget elementor-widget-text-editor\" data-id=\"3468d0f\" data-element_type=\"widget\" data-widget_type=\"text-editor.default\">\n<div class=\"elementor-widget-container\">\n<p>Elle nous explique qu\u2019il faut trier ses d\u00e9chets, manger bio, rouler \u00e0 v\u00e9lo.<br \/>\nMais elle ne dit rien sur les responsabilit\u00e9s historiques.<br \/>\nElle ne dit rien sur les 500 ans de pillage et de pollution coloniale.<br \/>\nElle ne dit rien sur les crimes environnementaux de l\u2019OTAN ou des multinationales.<br \/>\nElle ne dit rien sur le fait que les pays les plus riches sont responsables de 92\u202f% des \u00e9missions historiques de CO\u2082.<\/p>\n<\/div>\n<\/div>\n<div class=\"elementor-element elementor-element-4265a20 elementor-widget elementor-widget-text-editor\" data-id=\"4265a20\" data-element_type=\"widget\" data-widget_type=\"text-editor.default\">\n<div class=\"elementor-widget-container\">\n<p>Et surtout, elle ose nous faire la le\u00e7on.<\/p>\n<\/div>\n<\/div>\n<div class=\"elementor-element elementor-element-faaefcf elementor-widget elementor-widget-text-editor\" data-id=\"faaefcf\" data-element_type=\"widget\" data-widget_type=\"text-editor.default\">\n<div class=\"elementor-widget-container\">\n<p>\u00c0 nous. \u00c0 nos m\u00e8res.<br \/>\nComme si c\u2019\u00e9taient elles qui avaient d\u00e9truit la plan\u00e8te.<\/p>\n<\/div>\n<\/div>\n<div class=\"elementor-element elementor-element-c52dcec elementor-widget elementor-widget-text-editor\" data-id=\"c52dcec\" data-element_type=\"widget\" data-widget_type=\"text-editor.default\">\n<div class=\"elementor-widget-container\">\n<p>Moi, permettez-moi de vous dire ceci: mon mod\u00e8le \u00e9cologique, c\u2019est ma m\u00e8re.<\/p>\n<\/div>\n<\/div>\n<div class=\"elementor-element elementor-element-cb7edc7 elementor-widget elementor-widget-text-editor\" data-id=\"cb7edc7\" data-element_type=\"widget\" data-widget_type=\"text-editor.default\">\n<div class=\"elementor-widget-container\">\n<p>Ma m\u00e8re, ce n\u2019est pas Greta. C\u2019est Mimouna.<br \/>\nC\u2019est une femme marocaine, musulmane, analphab\u00e8te mais savante. Elle a fait de l\u2019\u00e9cologie sans le savoir.<\/p>\n<\/div>\n<\/div>\n<div class=\"elementor-element elementor-element-1dd7b39 elementor-widget elementor-widget-text-editor\" data-id=\"1dd7b39\" data-element_type=\"widget\" data-widget_type=\"text-editor.default\">\n<div class=\"elementor-widget-container\">\n<p>Ma m\u00e8re, qui a \u00e9lev\u00e9 six enfants sans gaspiller.<br \/>\nMa m\u00e8re, qui a cuisin\u00e9 pour huit, dix, pour douze, pour quatorze si besoin, toujours dans la dignit\u00e9, jamais dans l\u2019exc\u00e8s.<br \/>\nMa m\u00e8re, qui a r\u00e9cup\u00e9r\u00e9 les v\u00eatements de mes grands fr\u00e8res pour m\u2019habiller.<br \/>\nMa m\u00e8re, qui a r\u00e9par\u00e9, cousu, lav\u00e9, recousu encore.<br \/>\nMa m\u00e8re, qui faisait de l\u2019\u00e9cologie sans jamais l\u2019appeler comme \u00e7a.<br \/>\nMa m\u00e8re, qui pratiquait la sobri\u00e9t\u00e9, la solidarit\u00e9, la d\u00e9cence, pas par mode, mais par n\u00e9cessit\u00e9.<br \/>\nMa m\u00e8re, elle a fait de la d\u00e9croissance avant qu\u2019on invente le mot.<br \/>\nMa m\u00e8re, elle a pratiqu\u00e9 l\u2019\u00e9conomie circulaire sans subvention, sans conf\u00e9rence COP, sans ONG.<br \/>\nMa m\u00e8re sait que le gaspillage est une ingratitude envers la terre\u2026 et envers Allah.<\/p>\n<\/div>\n<\/div>\n<div class=\"elementor-element elementor-element-a791a2c elementor-widget elementor-widget-text-editor\" data-id=\"a791a2c\" data-element_type=\"widget\" data-widget_type=\"text-editor.default\">\n<div class=\"elementor-widget-container\">\n<p>Et qu\u2019on ne vienne pas lui expliquer aujourd\u2019hui, avec un air condescendant de petit \u00e9colo bobo, que pour sauver la plan\u00e8te il faut trier ses ordures et rouler \u00e0 v\u00e9lo.<br \/>\nMa m\u00e8re n\u2019a pas pollu\u00e9 le monde.<br \/>\nMa m\u00e8re n\u2019a pas bombard\u00e9 l\u2019Irak.<br \/>\nMa m\u00e8re n\u2019a pas financ\u00e9 des guerres en Afrique.<br \/>\nMa m\u00e8re n\u2019a pas particip\u00e9 \u00e0 la destruction du climat.<br \/>\nElle a r\u00e9sist\u00e9. Elle a soign\u00e9. Elle a fait avec peu.<\/p>\n<\/div>\n<\/div>\n<div class=\"elementor-element elementor-element-653c2c1 elementor-widget elementor-widget-text-editor\" data-id=\"653c2c1\" data-element_type=\"widget\" data-widget_type=\"text-editor.default\">\n<div class=\"elementor-widget-container\">\n<p>Ma m\u00e8re est plus \u00e9colo que tous les sommets climatiques. Et jamais on ne la consulte. Jamais on ne reconna\u00eet les savoirs des femmes du Sud global.<\/p>\n<\/div>\n<\/div>\n<div class=\"elementor-element elementor-element-3fbb834 elementor-widget elementor-widget-text-editor\" data-id=\"3fbb834\" data-element_type=\"widget\" data-widget_type=\"text-editor.default\">\n<div class=\"elementor-widget-container\">\n<p>Alors oui, mon \u00e9cologie vient d\u2019elle. Elle vient de ces femmes racialis\u00e9es, musulmanes, modestes, invisibles, qui depuis toujours pratiquent une \u00e9cologie du soin et du partage.<\/p>\n<\/div>\n<\/div>\n<div class=\"elementor-element elementor-element-43c6501 elementor-widget elementor-widget-text-editor\" data-id=\"43c6501\" data-element_type=\"widget\" data-widget_type=\"text-editor.default\">\n<div class=\"elementor-widget-container\">\n<h4><b>Que peut l\u2019\u00e9cologie d\u00e9coloniale\u202f? Une proposition radicale<\/b><\/h4>\n<\/div>\n<\/div>\n<div class=\"elementor-element elementor-element-d6f5f05 elementor-widget elementor-widget-text-editor\" data-id=\"d6f5f05\" data-element_type=\"widget\" data-widget_type=\"text-editor.default\">\n<div class=\"elementor-widget-container\">\n<p>Alors\u2026 que peut l\u2019\u00e9cologie d\u00e9coloniale\u202f? Que peut-elle face \u00e0 un monde ravag\u00e9 par l\u2019extractivisme, le racisme et la d\u00e9possession\u202f?<\/p>\n<\/div>\n<\/div>\n<div class=\"elementor-element elementor-element-d9192b2 elementor-widget elementor-widget-text-editor\" data-id=\"d9192b2\" data-element_type=\"widget\" data-widget_type=\"text-editor.default\">\n<div class=\"elementor-widget-container\">\n<p>D\u2019abord, elle peut nommer le syst\u00e8me: capitalisme, imp\u00e9rialisme, patriarcat, supr\u00e9matie blanche.<\/p>\n<\/div>\n<\/div>\n<div class=\"elementor-element elementor-element-141354b elementor-widget elementor-widget-text-editor\" data-id=\"141354b\" data-element_type=\"widget\" data-widget_type=\"text-editor.default\">\n<div class=\"elementor-widget-container\">\n<p>Elle peut raconter une autre histoire. Elle peut rappeler que les savoirs \u00e9cologiques n\u2019ont pas \u00e9t\u00e9 invent\u00e9s \u00e0 Paris ou \u00e0 Gen\u00e8ve. Que les peuples indig\u00e8nes, africains, asiatiques, arabes ont toujours v\u00e9cu dans des rapports de soin, d\u2019interd\u00e9pendance et de respect avec leur environnement. Que les anc\u00eatres savaient. Et que ces savoirs ont \u00e9t\u00e9 pi\u00e9tin\u00e9s, moqu\u00e9s, extermin\u00e9s.<\/p>\n<\/div>\n<\/div>\n<div class=\"elementor-element elementor-element-19abfc7 elementor-widget elementor-widget-text-editor\" data-id=\"19abfc7\" data-element_type=\"widget\" data-widget_type=\"text-editor.default\">\n<div class=\"elementor-widget-container\">\n<p>Ensuite, l\u2019\u00e9cologie d\u00e9coloniale peut refuser le monopole occidental sur la d\u00e9finition du vivant, de la nature, du progr\u00e8s. Elle peut dire que la for\u00eat n\u2019est pas seulement du bois. Que la terre n\u2019est pas qu\u2019un support pour construire. Que l\u2019eau est une m\u00e9moire. Que les humains ne sont pas au sommet de la pyramide mais au milieu d\u2019un r\u00e9seau de relations vivantes.<\/p>\n<\/div>\n<\/div>\n<div class=\"elementor-element elementor-element-958b9ea elementor-widget elementor-widget-text-editor\" data-id=\"958b9ea\" data-element_type=\"widget\" data-widget_type=\"text-editor.default\">\n<div class=\"elementor-widget-container\">\n<p>Elle peut refuser l\u2019hypocrisie verte qui propose des voitures \u00e9lectriques pendant qu\u2019elle explose des montagnes pour extraire du lithium.<\/p>\n<\/div>\n<\/div>\n<div class=\"elementor-element elementor-element-5659328 elementor-widget elementor-widget-text-editor\" data-id=\"5659328\" data-element_type=\"widget\" data-widget_type=\"text-editor.default\">\n<div class=\"elementor-widget-container\">\n<p>Elle peut refuser les fausses solutions: l\u2019\u00e9cologie technocratique, les march\u00e9s carbone, les \u00abcompensations\u00bb climatiques\u2026<br \/>\nTout \u00e7a, c\u2019est du\u00a0<em>greenwashing<\/em>. Une mani\u00e8re de perp\u00e9tuer la domination sous une nouvelle forme.<\/p>\n<\/div>\n<\/div>\n<div class=\"elementor-element elementor-element-9d3ed7c elementor-widget elementor-widget-text-editor\" data-id=\"9d3ed7c\" data-element_type=\"widget\" data-widget_type=\"text-editor.default\">\n<div class=\"elementor-widget-container\">\n<p>L\u2019\u00e9cologie d\u00e9coloniale peut \u00e9galement construire des alliances entre les luttes: entre les peuples du Sud global et les quartiers populaires du Nord. Entre les femmes qui d\u00e9fendent leurs terres et celles qui d\u00e9fendent leurs corps. Entre les exil\u00e9\u00b7es climatiques et les sans-papiers. Car toutes ces luttes ont une racine commune : la volont\u00e9 de se r\u00e9approprier la dignit\u00e9, la souverainet\u00e9 et le droit \u00e0 la vie.<\/p>\n<\/div>\n<\/div>\n<div class=\"elementor-element elementor-element-18be2ca elementor-widget elementor-widget-text-editor\" data-id=\"18be2ca\" data-element_type=\"widget\" data-widget_type=\"text-editor.default\">\n<div class=\"elementor-widget-container\">\n<p>Enfin, l\u2019\u00e9cologie d\u00e9coloniale peut nous obliger \u00e0 choisir. Car, nous sommes \u00e0 un carrefour. Soit nous continuons sur cette voie mortif\u00e8re, soit nous prenons au s\u00e9rieux ce que les anc\u00eatres, la terre et les peuples opprim\u00e9s nous disent: \u00abAssez.\u00bb<br \/>\nEt dans cette bifurcation, ce sont les luttes des peuples qui nous montrent le chemin. Les zadistes, les zapatistes, les paysan\u00b7nes sans terre, les d\u00e9fenseur\u00b7ses de l\u2019eau, les r\u00e9sistances afrodescendantes, les jeunes de Gaza, les bergers touaregs, les m\u00e8res de Soweto ou d\u2019Anderlecht, les femmes qui cuisinent sans gaspiller. Des enfants qui partagent leur assiette. Des migrants qui apprennent \u00e0 faire avec peu, sans renoncer \u00e0 leur dignit\u00e9.\u2026 c\u2019est dans leurs gestes, dans leurs r\u00e9cits, dans leurs chants que r\u00e9side l\u2019\u00e9cologie de demain.<\/p>\n<\/div>\n<\/div>\n<\/div>\n<\/div>\n<\/div>\n<\/section>\n<section class=\"elementor-section elementor-top-section elementor-element elementor-element-beda836 elementor-section-boxed elementor-section-height-default elementor-section-height-default parallax_section_no qode_elementor_container_no\" data-id=\"beda836\" data-element_type=\"section\">\n<div class=\"elementor-container elementor-column-gap-default\">\n<div class=\"elementor-column elementor-col-100 elementor-top-column elementor-element elementor-element-6461426\" data-id=\"6461426\" data-element_type=\"column\">\n<div class=\"elementor-widget-wrap elementor-element-populated\">\n<div class=\"elementor-element elementor-element-6519648 elementor-widget elementor-widget-image\" data-id=\"6519648\" data-element_type=\"widget\" data-widget_type=\"image.default\">\n<div class=\"elementor-widget-container\">\n<figure class=\"wp-caption\"><img decoding=\"async\" class=\"attachment-large size-large wp-image-12105\" src=\"https:\/\/www.revue-ouvrage.org\/wp-content\/uploads\/2025\/10\/1312ff31162121.56897c6f77377.webp\" alt=\"\" width=\"600\" height=\"778\" \/><figcaption class=\"widget-image-caption wp-caption-text\">Jacob Vann Loon, Lead Shot Stars<\/figcaption><\/figure>\n<\/div>\n<\/div>\n<\/div>\n<\/div>\n<\/div>\n<\/section>\n<section class=\"elementor-section elementor-top-section elementor-element elementor-element-1819741 elementor-section-boxed elementor-section-height-default elementor-section-height-default parallax_section_no qode_elementor_container_no\" data-id=\"1819741\" data-element_type=\"section\">\n<div class=\"elementor-container elementor-column-gap-default\">\n<div class=\"elementor-column elementor-col-100 elementor-top-column elementor-element elementor-element-20d1d41\" data-id=\"20d1d41\" data-element_type=\"column\">\n<div class=\"elementor-widget-wrap elementor-element-populated\">\n<div class=\"elementor-element elementor-element-20cd38e elementor-widget elementor-widget-text-editor\" data-id=\"20cd38e\" data-element_type=\"widget\" data-widget_type=\"text-editor.default\">\n<div class=\"elementor-widget-container\">\n<h4><strong>Conclusion: L\u2019\u00e9cologie comme devoir de m\u00e9moire et d\u2019avenir<\/strong><\/h4>\n<\/div>\n<\/div>\n<div class=\"elementor-element elementor-element-6d4be32 elementor-widget elementor-widget-text-editor\" data-id=\"6d4be32\" data-element_type=\"widget\" data-widget_type=\"text-editor.default\">\n<div class=\"elementor-widget-container\">\n<p>Ce monde ne s\u2019effondre pas.<br \/>\nIl est d\u00e9j\u00e0 tomb\u00e9 pour les peuples du Sud global.<br \/>\nGaza est en ruine. Ha\u00efti est affam\u00e9e. Le Sahel est d\u00e9sertifi\u00e9.<\/p>\n<\/div>\n<\/div>\n<div class=\"elementor-element elementor-element-6424d98 elementor-widget elementor-widget-text-editor\" data-id=\"6424d98\" data-element_type=\"widget\" data-widget_type=\"text-editor.default\">\n<div class=\"elementor-widget-container\">\n<p>Alors oui, le d\u00e9r\u00e8glement climatique est la vengeance des anc\u00eatres.<br \/>\nPas au sens d\u2019une col\u00e8re divine, mais comme une m\u00e9moire g\u00e9ologique des violences coloniales.<br \/>\nLe climat nous dit ce que nous n\u2019avons pas voulu entendre.<br \/>\nIl nous rappelle que les crimes contre les peuples sont aussi des crimes contre la Terre.<\/p>\n<\/div>\n<\/div>\n<div class=\"elementor-element elementor-element-62aa127 elementor-widget elementor-widget-text-editor\" data-id=\"62aa127\" data-element_type=\"widget\" data-widget_type=\"text-editor.default\">\n<div class=\"elementor-widget-container\">\n<p>Mais cette vengeance n\u2019est pas irr\u00e9m\u00e9diable.<\/p>\n<\/div>\n<\/div>\n<div class=\"elementor-element elementor-element-8370be0 elementor-widget elementor-widget-text-editor\" data-id=\"8370be0\" data-element_type=\"widget\" data-widget_type=\"text-editor.default\">\n<div class=\"elementor-widget-container\">\n<p>Mais il y a encore des femmes qui cultivent.<br \/>\nDes jeunes qui luttent.<br \/>\nDes anciens qui transmettent.<br \/>\nDes m\u00e8res qui partagent.<\/p>\n<\/div>\n<\/div>\n<div class=\"elementor-element elementor-element-26b127a elementor-widget elementor-widget-text-editor\" data-id=\"26b127a\" data-element_type=\"widget\" data-widget_type=\"text-editor.default\">\n<div class=\"elementor-widget-container\">\n<p>Cette vengeance peut devenir une renaissance si nous savons l\u2019\u00e9couter.<br \/>\nSi nous renon\u00e7ons \u00e0 la domination.<br \/>\nSi nous revalorisons les savoirs autochtones, les solidarit\u00e9s populaires, les pratiques de soin, de partage, de sobri\u00e9t\u00e9 joyeuse.<\/p>\n<\/div>\n<\/div>\n<div class=\"elementor-element elementor-element-73d7a01 elementor-widget elementor-widget-text-editor\" data-id=\"73d7a01\" data-element_type=\"widget\" data-widget_type=\"text-editor.default\">\n<div class=\"elementor-widget-container\">\n<p>L\u2019\u00e9cologie d\u00e9coloniale ne promet pas un retour en arri\u00e8re.<\/p>\n<\/div>\n<\/div>\n<div class=\"elementor-element elementor-element-92b330d elementor-widget elementor-widget-text-editor\" data-id=\"92b330d\" data-element_type=\"widget\" data-widget_type=\"text-editor.default\">\n<div class=\"elementor-widget-container\">\n<p>Alors la question n\u2019est plus: \u00abComment sauver la plan\u00e8te\u202f?\u00bb<br \/>\nMais: \u00abComment se sauver de ce syst\u00e8me qui tue les vivants depuis 500\u202fans\u202f?\u00bb<\/p>\n<\/div>\n<\/div>\n<div class=\"elementor-element elementor-element-f938301 elementor-widget elementor-widget-text-editor\" data-id=\"f938301\" data-element_type=\"widget\" data-widget_type=\"text-editor.default\">\n<div class=\"elementor-widget-container\">\n<p>Et dans cette lib\u00e9ration, nos m\u00e8res, nos anc\u00eatres, nos spiritualit\u00e9s, nos luttes sont nos guides.<\/p>\n<\/div>\n<\/div>\n<\/div>\n<\/div>\n<\/div>\n<\/section>\n<section class=\"elementor-section elementor-top-section elementor-element elementor-element-32bee34 elementor-section-boxed elementor-section-height-default elementor-section-height-default parallax_section_no qode_elementor_container_no\" data-id=\"32bee34\" data-element_type=\"section\">\n<div class=\"elementor-container elementor-column-gap-default\">\n<div class=\"elementor-column elementor-col-100 elementor-top-column elementor-element elementor-element-eb60d9f\" data-id=\"eb60d9f\" data-element_type=\"column\">\n<div class=\"elementor-widget-wrap elementor-element-populated\">\n<div class=\"elementor-element elementor-element-68e76b4 elementor-widget elementor-widget-spacer\" data-id=\"68e76b4\" data-element_type=\"widget\" data-widget_type=\"spacer.default\">\n<div class=\"elementor-widget-container\">\n<div class=\"elementor-spacer\">\n<div class=\"elementor-spacer-inner\"><\/div>\n<\/div>\n<\/div>\n<\/div>\n<\/div>\n<\/div>\n<\/div>\n<\/section>\n<section class=\"elementor-section elementor-top-section elementor-element elementor-element-f6c554e elementor-section-boxed elementor-section-height-default elementor-section-height-default parallax_section_no qode_elementor_container_no\" data-id=\"f6c554e\" data-element_type=\"section\">\n<div class=\"elementor-container elementor-column-gap-default\">\n<div class=\"elementor-column elementor-col-100 elementor-top-column elementor-element elementor-element-65831e1\" data-id=\"65831e1\" data-element_type=\"column\">\n<div class=\"elementor-widget-wrap elementor-element-populated\">\n<div class=\"elementor-element elementor-element-c5b9c8a elementor-widget elementor-widget-text-editor\" data-id=\"c5b9c8a\" data-element_type=\"widget\" data-widget_type=\"text-editor.default\">\n<div class=\"elementor-widget-container\">\n<p><em>L\u2019intervention de Nordine Sa\u00efdi, lors de l\u2019universit\u00e9 d\u2019\u00e9t\u00e9 du QG d\u00e9colonial, a \u00e9t\u00e9 capt\u00e9e gr\u00e2ce \u00e0 Paroles D\u2019Honneur, elle est disponible sur leur cha\u00eene YouTube avec le lien suivant :\u00a0<a href=\"https:\/\/youtu.be\/689zpbVscjo?si=Xs-N8QhjlcS8PhY4\" target=\"_blank\" rel=\"noopener\">https:\/\/youtu.be\/689zpbVscjo?si=Xs-N8QhjlcS8PhY4<\/a><\/em><\/p>\n<p><iframe title=\"YouTube video player\" src=\"https:\/\/www.youtube.com\/embed\/689zpbVscjo?si=J-5Rm6-Yk3cgXq9d\" width=\"560\" height=\"315\" frameborder=\"0\" allowfullscreen=\"allowfullscreen\"><\/iframe><\/p>\n<p><em>Les images sont tir\u00e9es de l\u2019oeuvre de\u00a0<a href=\"https:\/\/jacobvanloon.com\/\" target=\"_blank\" rel=\"noopener\">Jacob van Loon<\/a>.<\/em><\/p>\n<\/div>\n<\/div>\n<\/div>\n<\/div>\n<\/div>\n<\/section>\n<\/div>\n","protected":false},"excerpt":{"rendered":"<p>Par Nordine Sa\u00efdi Dans le cadre de l\u2019universit\u00e9 d\u2019\u00e9t\u00e9 du\u00a0QG d\u00e9colonial\u00a0qui avait pour th\u00e8me\u00a0Penser le pouvoir et l\u2019h\u00e9g\u00e9monie avec Fanon et Gamsci,\u00a0Nordine Sa\u00efdi participait \u00e0 une pl\u00e9ni\u00e8re intitul\u00e9e\u00a0\u00abD\u00e9r\u00e8glement climatique ou la vengeance des anc\u00eatres: que peut l\u2019\u00e9cologie d\u00e9coloniale ?\u00bb.\u00a0\u00c0 cette occasion, il livrait le texte qui suit afin de recadrer les d\u00e9bats entourant les luttes &#8230; <a title=\"Ma m\u00e8re est plus \u00e9colo que vos COP!\" class=\"read-more\" href=\"https:\/\/bruxelles-pantheres.be\/?p=6522\" aria-label=\"En savoir plus sur Ma m\u00e8re est plus \u00e9colo que vos COP!\">Lire la suite<\/a><\/p>\n","protected":false},"author":1,"featured_media":6523,"comment_status":"open","ping_status":"open","sticky":false,"template":"","format":"standard","meta":{"footnotes":""},"categories":[1,35,21,539,22,25,36,4,7,6,537,18,28],"tags":[44,13],"class_list":["post-6522","post","type-post","status-publish","format-standard","has-post-thumbnail","hentry","category-non-classe","category-amerique-du-sud","category-anti-imperialisme","category-belgique","category-emploi","category-enseignement","category-europe","category-islamophobie","category-negrophobie","category-palestine-moyen-orient","category-presse-medias","category-resistance-bruxelles","category-racismes","tag-ecologie","tag-nordine-saidi"],"_links":{"self":[{"href":"https:\/\/bruxelles-pantheres.be\/index.php?rest_route=\/wp\/v2\/posts\/6522","targetHints":{"allow":["GET"]}}],"collection":[{"href":"https:\/\/bruxelles-pantheres.be\/index.php?rest_route=\/wp\/v2\/posts"}],"about":[{"href":"https:\/\/bruxelles-pantheres.be\/index.php?rest_route=\/wp\/v2\/types\/post"}],"author":[{"embeddable":true,"href":"https:\/\/bruxelles-pantheres.be\/index.php?rest_route=\/wp\/v2\/users\/1"}],"replies":[{"embeddable":true,"href":"https:\/\/bruxelles-pantheres.be\/index.php?rest_route=%2Fwp%2Fv2%2Fcomments&post=6522"}],"version-history":[{"count":1,"href":"https:\/\/bruxelles-pantheres.be\/index.php?rest_route=\/wp\/v2\/posts\/6522\/revisions"}],"predecessor-version":[{"id":6524,"href":"https:\/\/bruxelles-pantheres.be\/index.php?rest_route=\/wp\/v2\/posts\/6522\/revisions\/6524"}],"wp:featuredmedia":[{"embeddable":true,"href":"https:\/\/bruxelles-pantheres.be\/index.php?rest_route=\/wp\/v2\/media\/6523"}],"wp:attachment":[{"href":"https:\/\/bruxelles-pantheres.be\/index.php?rest_route=%2Fwp%2Fv2%2Fmedia&parent=6522"}],"wp:term":[{"taxonomy":"category","embeddable":true,"href":"https:\/\/bruxelles-pantheres.be\/index.php?rest_route=%2Fwp%2Fv2%2Fcategories&post=6522"},{"taxonomy":"post_tag","embeddable":true,"href":"https:\/\/bruxelles-pantheres.be\/index.php?rest_route=%2Fwp%2Fv2%2Ftags&post=6522"}],"curies":[{"name":"wp","href":"https:\/\/api.w.org\/{rel}","templated":true}]}}