{"id":654,"date":"2012-12-22T19:25:02","date_gmt":"2012-12-22T18:25:02","guid":{"rendered":"https:\/\/bruxelles-pantheres.be\/?p=654"},"modified":"2013-11-10T19:28:02","modified_gmt":"2013-11-10T18:28:02","slug":"vous-avez-entendu","status":"publish","type":"post","link":"https:\/\/bruxelles-pantheres.be\/?p=654","title":{"rendered":"VOUS AVEZ ENTENDU?"},"content":{"rendered":"<address><a href=\"http:\/\/www.egalite.be\/wp-content\/uploads\/2012\/12\/arton111.jpg\"><img decoding=\"async\" class=\"alignright\" title=\"arton111\" alt=\"\" src=\"http:\/\/www.egalite.be\/wp-content\/uploads\/2012\/12\/arton111.jpg\" width=\"400\" height=\"309\" \/><\/a><\/address>\n<address><strong>21 d\u00e9cembre\u00a0: Des milliers de zapatistes manifestent et annoncent l\u2019effondrement de notre monde<\/strong><\/address>\n<div>\n<p>Ce 21 d\u00e9cembre des dizaines de milliers d\u2019indig\u00e8nes Mayas Zapatistes sont descendus marcher silencieusement dans 5 grandes ville du Chiapas\u2026<!--more--><\/p>\n<\/div>\n<p>Dans une discipline exemplaire, et un silence de plomb 20 000 zapatistes se sont rendus dans la ville de San Cristobal de Las Casas, capitale Historique du Chiapas, 7000 \u00e0 Ocosingo, 6000 \u00e0 Las Margaritas, et de nombreux autres dans 2 autres ville du Chiapas.<\/p>\n<p>Avec leur embl\u00e9matique cagoule, ces derniers ont r\u00e9alis\u00e9 une v\u00e9ritable d\u00e9monstration de force, en une date toute particuli\u00e8rement symbolique, le 21 d\u00e9cembre 2012, date d\u2019un changement de cycle, un changement de monde pour les mayas.<\/p>\n<p><img decoding=\"async\" alt=\"\" src=\"http:\/\/img.agoravox.fr\/local\/cache-vignettes\/L500xH333\/zapatistes-0261c.jpg\" width=\"500\" height=\"333\" \/><\/p>\n<p>Dans une surprise g\u00e9n\u00e9rale, cette mobilisation pacifique, a \u00e9t\u00e9 d\u2019une grande ampleur et a mobilis\u00e9 pr\u00e8s de 50 000 zapatistes. Ce serait l\u2019action qui aurait r\u00e9unit le plus de zapatistes depuis 1994, selon les m\u00e9dias nationaux.<\/p>\n<p><strong>\u00ab\u00a0Votre monde va s\u2019effondrer, et le notre est en train de resurgir\u00a0\u00bb<\/strong><\/p>\n<p>Le Silence des hommes et femmes indig\u00e8nes zapatistes n\u2019a \u00e9t\u00e9 rompu que par les constants applaudissements et cris de la foule les accompagnants \u00ab\u00a0Vive Marcos\u00a0\u00bb, \u00ab\u00a0Vive l\u2019EZLN\u00a0\u00bb, \u00ab\u00a0Vous \u00eates l\u2019orgueil du Mexique\u00a0\u00bb, et \u00ab\u00a0Vivent les zapatistes\u00a0\u00bb.<\/p>\n<div><img decoding=\"async\" alt=\"230355_10151453326597034_1433202485_n.jpg\" src=\"http:\/\/www.agoravox.fr\/local\/cache-vignettes\/L225xH300\/230355_10151f5fb-047d7.jpg\" width=\"225\" height=\"300\" \/><\/div>\n<div>Les Zapatistes ont march\u00e9 avec ordre, dignit\u00e9, discipline et coh\u00e9sion, et en slience, un silence qui s\u2019est fait beaucoup entendre. De la m\u00eame mani\u00e8re qu\u2019ils ont de se couvrir le visage pour \u00eatre vu, ils ont aujourd\u2019hui manifester en silence pour \u00eatre \u00e9cout\u00e9. Il sagit d\u2019un silence qui exprime une capacit\u00e9 g\u00e9n\u00e9ratice f\u00e9conde d\u2019autres horizons et de transformation sociale. Un grand potentiel. Un silence qui communique la volont\u00e9 de r\u00e9sistance face au povuoir \u00ab\u00a0qui reste en silence est ingouvernable disait Ivan Illich\u00a0\u00bb.<\/div>\n<div>Un cycle de lutte politique a pris fin au Mexique ce premier janvier en m\u00eame temps qu\u2019un autre s\u2019ouvrait. L\u2019EZLN a beaucoup \u00e0 dire dans cette nouvelle carte de luttes sociales qui commence \u00e0 se dessiner dans le pays avec l\u2019\u00e9lection tr\u00e8s contest\u00e9e de Enrique Pena Nieto, et le retour du parti de la \u00ab\u00a0dictature parfaite\u00a0\u00bb du PRI.<\/div>\n<div>\n<div>Depuis 1 an et demis, de nombreux mouvements sociaux ont \u00e9merg\u00e9 au Mexique, qui remettent en question le pouvoir des partis politiques. Ils ne se sentent repr\u00e9sent\u00e9s par aucun d\u2019entre eux. Le mouvement Pour la Paix avec Justice et Dignit\u00e9, #YoSoy132, les luttes communautaires contre l\u2019ins\u00e9curit\u00e9 publique et la d\u00e9vastation \u00e9cologique, les protestations \u00e9tudiantes en d\u00e9fense de l\u2019\u00e9ducation publique entre autre, qui marchent tous dans des chemins distincts de ceux de la politique institutionnelle. Les sympathisants \u00e0 la cause zapatiste dans ces forces sont r\u00e9els.<\/div>\n<div><img decoding=\"async\" title=\"\" alt=\"Foto\" src=\"http:\/\/www.agoravox.fr\/local\/cache-vignettes\/L500xH333\/004a1pol-2jpf414-7db99.jpg\" width=\"500\" height=\"333\" \/><\/div>\n<div>Les Zapatistes fonctionnent de mani\u00e8re autonome,\u00a0les autorit\u00e9s se gouvernent elles-m\u00eames, elles exercent leur justice et r\u00e9soudre les conflits agraires. Dans leurs territoires, les rebelles ont fait fonctionn\u00e9 leurs syst\u00e8mes de sant\u00e9 et d\u2019\u00e9ducation en marge de ceux des gouvernements, ils ont organis\u00e9 leur production et leur commercialisation, et maintenu leur structure militaire. Ils ont r\u00e9solu avec succ\u00e8s le d\u00e9fi g\u00e9n\u00e9rationnel pour les charges. Ils ont r\u00e9ussi \u00e0 sortir des efficaces menaces du narcotraffique, l\u2019ins\u00e9curit\u00e9 publique, et la migration.<\/div>\n<div>La force de leur mobilisation nous montre qu\u2019au lieu de diminuer avec le cours des ann\u00e9es, il a augment\u00e9. C\u2019est un indicateur que la strat\u00e9gie de contre inssurection du gouvernement ne marche pas.<\/div>\n<div>A la fin de la manifestation des feuilles circulaient pr\u00e9sentant un communiqu\u00e9 de la Commandance G\u00e9n\u00e9ral de L\u2019EZLN.<\/div>\n<\/div>\n<div><a href=\"http:\/\/www.agoravox.fr\/actualites\/international\/article\/21-decembre-des-milliers-de-127935\">Source<\/a><\/div>\n<div>\n<h3>Communiqu\u00e9 EZLN<\/h3>\n<p>Le 21 d\u00e9cembre, des dizaines de milliers de zapatistes ont march\u00e9 dans les rues de 5 grandes villes de l\u2019\u00e9tat, Ocosingo, Palenque, Comitan, Las Margaritas et San Cristobal de Las Casas.<br \/>\nDurant la marche ce tract a \u00e9t\u00e9 distribu\u00e9.<\/p>\n<p>Communiqu\u00e9 du Comit\u00e9 Clandestin R\u00e9volutionnaire indig\u00e8ne-<br \/>\nCommandance G\u00e9n\u00e9rale de l\u2019arm\u00e9e Zapatiste de Liberation Nationale.<br \/>\nMexique.<\/p>\n<p>21 d\u00e9cembre 2012,<\/p>\n<p>A qui de droit:<\/p>\n<div><strong>VOUS AVEZ ENTENDU?<\/strong><\/div>\n<div>C\u2019est le son de votre monde en train de s\u2019effondrer,<\/div>\n<div>C\u2019est celui du notre qui\u00a0resurgit.<\/div>\n<div>Le jour qui fut jour, \u00e9tait nuit,<\/div>\n<div>Et nuit sera le jour qui sera le jour.<\/div>\n<div>D\u00c9MOCRATIE!<\/div>\n<div>LIBERT\u00c9\u00a0!<\/div>\n<div>JUSTICE!<\/div>\n<div>Depuis les Montagnes du Sud-Est Mexicain,<\/div>\n<div>Pour le Comit\u00e9 Clandestin Rebel Indig\u00e8ne \u2013 Comandance G\u00e9n\u00e9ral de l\u2019<\/div>\n<div>EZLN<\/div>\n<div>Sous-commandant insurg\u00e9 Marcos,<\/div>\n<div>Mexique D\u00e9cembre 2012<\/div>\n<p><img decoding=\"async\" alt=\"\" src=\"http:\/\/sphotos-h.ak.fbcdn.net\/hphotos-ak-prn1\/14610_425694374165672_1655921943_n.jpg\" \/><a href=\"http:\/\/espoirchiapas.blogspot.fr\/2012\/12\/communique-ezln.html\">Source<\/a><\/p>\n<\/div>\n<div>Quelques photos . . .<\/div>\n<div>\n<p>OCOSINGO<img decoding=\"async\" id=\"fbPhotoImage\" alt=\"\" src=\"http:\/\/sphotos-d.ak.fbcdn.net\/hphotos-ak-ash3\/150985_524381634247005_1643267090_n.jpg\" width=\"400\" height=\"300\" \/><\/p>\n<p><img decoding=\"async\" id=\"fbPhotoImage\" alt=\"\" src=\"http:\/\/sphotos-a.ak.fbcdn.net\/hphotos-ak-snc6\/200098_524382547580247_92465224_n.jpg\" width=\"400\" height=\"300\" \/><\/p>\n<p><img decoding=\"async\" id=\"fbPhotoImage\" alt=\"\" src=\"http:\/\/sphotos-e.ak.fbcdn.net\/hphotos-ak-ash3\/150662_524382974246871_526132690_n.jpg\" width=\"300\" height=\"400\" \/><\/p>\n<p><img decoding=\"async\" id=\"fbPhotoImage\" alt=\"\" src=\"http:\/\/sphotos-d.ak.fbcdn.net\/hphotos-ak-prn1\/74039_524383370913498_942228451_n.jpg\" width=\"400\" height=\"300\" \/><\/p>\n<p>SAN CRISTOBAL DE LAS CASAS<\/p>\n<p><img decoding=\"async\" alt=\"\" src=\"http:\/\/sphotos-c.ak.fbcdn.net\/hphotos-ak-snc6\/230355_10151453326597034_1433202485_n.jpg\" width=\"240\" height=\"320\" \/><\/p>\n<p><img decoding=\"async\" alt=\"\" src=\"http:\/\/sphotos-b.ak.fbcdn.net\/hphotos-ak-snc7\/425510_10151453327387034_1322702181_n.jpg\" width=\"400\" height=\"300\" \/><\/p>\n<p><img decoding=\"async\" alt=\"\" src=\"http:\/\/sphotos-h.ak.fbcdn.net\/hphotos-ak-prn1\/525152_10151453327102034_475316272_n.jpg\" \/><\/p>\n<p><img decoding=\"async\" alt=\"\" src=\"http:\/\/sphotos-d.ak.fbcdn.net\/hphotos-ak-ash3\/32429_576309529052928_960432012_n.jpg\" width=\"400\" height=\"300\" \/><\/p>\n<p><img decoding=\"async\" alt=\"\" src=\"http:\/\/sphotos-b.ak.fbcdn.net\/hphotos-ak-prn1\/20582_576307705719777_401958422_n.jpg\" width=\"400\" height=\"300\" \/><\/p>\n<p><img decoding=\"async\" alt=\"\" src=\"http:\/\/sphotos-b.ak.fbcdn.net\/hphotos-ak-ash3\/525137_576300399053841_958767761_n.jpg\" width=\"400\" height=\"300\" \/><\/p>\n<p><img decoding=\"async\" alt=\"\" src=\"http:\/\/sphotos-f.ak.fbcdn.net\/hphotos-ak-ash3\/62121_576299892387225_33445118_n.jpg\" width=\"400\" height=\"300\" \/><\/p>\n<p><img decoding=\"async\" alt=\"\" src=\"http:\/\/sphotos-c.ak.fbcdn.net\/hphotos-ak-prn1\/155863_576297332387481_1762281253_n.jpg\" width=\"400\" height=\"267\" \/><\/p>\n<\/div>\n<div>\n<div><a href=\"http:\/\/www.pozol.org\/?p=7459\">http:\/\/www.pozol.org\/?p=7459<\/a><\/div>\n<div><a href=\"http:\/\/www.proceso.com.mx\/?p=328484\">http:\/\/www.proceso.com.mx\/?p=328484<\/a><\/div>\n<div><a href=\"http:\/\/enlacezapatista.ezln.org.mx\/\">http:\/\/enlacezapatista.ezln.org.mx\/<\/a><\/div>\n<div><a href=\"http:\/\/radiozapatista.org\/\">http:\/\/radiozapatista.org\/<\/a><\/div>\n<\/div>\n<div><a href=\"http:\/\/komanilel.org\/2012\/12\/21\/movilizacion-del-ezln-21-de-diciembre-del-2012\/\">http:\/\/komanilel.org\/2012\/12\/21\/movilizacion-del-ezln-21-de-diciembre-del-2012\/<\/a><\/div>\n<div>Quelques vid\u00e9o . . .<\/div>\n<div><\/div>\n<p><iframe src=\"\/\/www.youtube.com\/embed\/qH8nxafgKdM\" height=\"315\" width=\"560\" allowfullscreen=\"\" frameborder=\"0\"><\/iframe><\/p>\n<p><iframe src=\"\/\/player.vimeo.com\/video\/56140160\" height=\"281\" width=\"500\" allowfullscreen=\"\"><\/iframe><\/p>\n","protected":false},"excerpt":{"rendered":"<p>21 d\u00e9cembre\u00a0: Des milliers de zapatistes manifestent et annoncent l\u2019effondrement de notre monde Ce 21 d\u00e9cembre des dizaines de milliers d\u2019indig\u00e8nes Mayas Zapatistes sont descendus marcher silencieusement dans 5 grandes ville du Chiapas\u2026<\/p>\n","protected":false},"author":1,"featured_media":655,"comment_status":"open","ping_status":"open","sticky":false,"template":"","format":"standard","meta":{"footnotes":""},"categories":[35,21,18,28,17],"tags":[47],"class_list":["post-654","post","type-post","status-publish","format-standard","has-post-thumbnail","hentry","category-amerique-du-sud","category-anti-imperialisme","category-resistance-bruxelles","category-racismes","category-video","tag-ezln"],"_links":{"self":[{"href":"https:\/\/bruxelles-pantheres.be\/index.php?rest_route=\/wp\/v2\/posts\/654","targetHints":{"allow":["GET"]}}],"collection":[{"href":"https:\/\/bruxelles-pantheres.be\/index.php?rest_route=\/wp\/v2\/posts"}],"about":[{"href":"https:\/\/bruxelles-pantheres.be\/index.php?rest_route=\/wp\/v2\/types\/post"}],"author":[{"embeddable":true,"href":"https:\/\/bruxelles-pantheres.be\/index.php?rest_route=\/wp\/v2\/users\/1"}],"replies":[{"embeddable":true,"href":"https:\/\/bruxelles-pantheres.be\/index.php?rest_route=%2Fwp%2Fv2%2Fcomments&post=654"}],"version-history":[{"count":1,"href":"https:\/\/bruxelles-pantheres.be\/index.php?rest_route=\/wp\/v2\/posts\/654\/revisions"}],"predecessor-version":[{"id":656,"href":"https:\/\/bruxelles-pantheres.be\/index.php?rest_route=\/wp\/v2\/posts\/654\/revisions\/656"}],"wp:featuredmedia":[{"embeddable":true,"href":"https:\/\/bruxelles-pantheres.be\/index.php?rest_route=\/wp\/v2\/media\/655"}],"wp:attachment":[{"href":"https:\/\/bruxelles-pantheres.be\/index.php?rest_route=%2Fwp%2Fv2%2Fmedia&parent=654"}],"wp:term":[{"taxonomy":"category","embeddable":true,"href":"https:\/\/bruxelles-pantheres.be\/index.php?rest_route=%2Fwp%2Fv2%2Fcategories&post=654"},{"taxonomy":"post_tag","embeddable":true,"href":"https:\/\/bruxelles-pantheres.be\/index.php?rest_route=%2Fwp%2Fv2%2Ftags&post=654"}],"curies":[{"name":"wp","href":"https:\/\/api.w.org\/{rel}","templated":true}]}}