{"id":6545,"date":"2025-11-01T06:46:37","date_gmt":"2025-11-01T05:46:37","guid":{"rendered":"https:\/\/bruxelles-pantheres.be\/?p=6545"},"modified":"2025-11-11T13:51:49","modified_gmt":"2025-11-11T12:51:49","slug":"israel-mene-un-holocauste-a-gaza-la-denazification-est-notre-seul-remede-par-orly-noy","status":"publish","type":"post","link":"https:\/\/bruxelles-pantheres.be\/?p=6545","title":{"rendered":"Isra\u00ebl m\u00e8ne un holocauste \u00e0 Gaza. La d\u00e9nazification est notre seul rem\u00e8de \u2013 par Orly Noy"},"content":{"rendered":"<p><strong>La supr\u00e9matie ethnique meurtri\u00e8re inh\u00e9rente \u00e0 la soci\u00e9t\u00e9 isra\u00e9lienne est plus profonde que Netanyahou, Ben Gvir et Smotrich. Elle doit \u00eatre combattue \u00e0 la racine.<\/strong><\/p>\n<p>Source :\u00a0+972, Orly Noy<\/p>\n<p>La ville de Gaza est en proie aux flammes, alors que l\u2019arm\u00e9e isra\u00e9lienne s\u2019est lanc\u00e9e dans une offensive terrestre (du moins jusqu\u2019au r\u00e9cent cessez-le-feu, ndlr) apr\u00e8s des semaines de bombardements incessants. Le Premier ministre Benjamin Netanyahou, d\u00e9j\u00e0 vis\u00e9 par un mandat d\u2019arr\u00eat international pour crimes contre l\u2019humanit\u00e9, a qualifi\u00e9 cette derni\u00e8re offensive \u00ab d\u2019op\u00e9ration intensifi\u00e9e. \u00bb Je vous invite \u00e0 regarder les images diffus\u00e9es depuis Gaza pour comprendre ce que signifie r\u00e9ellement cet euph\u00e9misme.<\/p>\n<p><!--more--><\/p>\n<div class=\"entry-content\">\n<div id=\"magicdomid15\" dir=\"ltr\">\n<div><span id=\"rss\"><\/span><\/p>\n<dl id=\"attachment_284285\">\n<dt>\n<p><figure style=\"width: 580px\" class=\"wp-caption aligncenter\"><a href=\"https:\/\/www.les-crises.fr\/wp-content\/uploads\/2025\/10\/01-4.jpg\"><img decoding=\"async\" class=\"centered initial loaded\" src=\"https:\/\/www.les-crises.fr\/wp-content\/uploads\/2025\/10\/01-4.jpg\" alt=\"\" width=\"590\" height=\"802\" data-was-processed=\"true\" \/><\/a><figcaption class=\"wp-caption-text\">Des Isra\u00e9liens de droite manifestent pr\u00e8s de la fronti\u00e8re avec Gaza pour soutenir le r\u00e9tablissement des colonies isra\u00e9liennes dans la bande de Gaza, dans le sud d\u2019Isra\u00ebl, le 30 juillet 2025. (Tsafrir Abayov\/Flash90)<\/figcaption><\/figure><\/dt>\n<dd><\/dd>\n<\/dl>\n<\/div>\n<\/div>\n<div id=\"magicdomid22\" dir=\"ltr\">\n<p>Regardez dans les yeux des personnes saisies d\u2019une terreur sans pareille, m\u00eame dans les moments les plus sombres de ce g\u00e9nocide qui dure depuis deux ans. Voyez les rang\u00e9es d\u2019enfants recouverts de cendres gisant sur le sol ensanglant\u00e9 de ce qui \u00e9tait autrefois un centre m\u00e9dical \u2013 certains \u00e0 peine vivants, d\u2019autres hurlant de douleur et de peur \u2013 tandis que des mains d\u00e9sesp\u00e9r\u00e9es tentent de les r\u00e9conforter ou de les soigner avec les quelques ressources m\u00e9dicales qui restent. \u00c9coutez les cris des familles qui fuient sans savoir o\u00f9 aller. Voyez les parents fouiller les d\u00e9combres \u00e0 la recherche de leurs enfants, des membres d\u00e9passant des d\u00e9combres, un ambulancier ber\u00e7ant une fillette immobile, la suppliant en vain d\u2019ouvrir les yeux.<\/p>\n<\/div>\n<div id=\"magicdomid25\" dir=\"ltr\">\n<p>Ce qu\u2019Isra\u00ebl fait \u00e0 Gaza n\u2019est pas le r\u00e9sultat tragique d\u2019\u00e9v\u00e9nements chaotiques sur le terrain, mais un acte d\u2019extermination m\u00fbrement r\u00e9fl\u00e9chi, ex\u00e9cut\u00e9 de sang-froid par \u00ab l\u2019arm\u00e9e du peuple \u00bb, c\u2019est-\u00e0-dire les p\u00e8res, les fils, les fr\u00e8res et nos voisins, isra\u00e9liens.<\/p>\n<\/div>\n<div id=\"magicdomid28\" dir=\"ltr\">\n<p>Comment se fait-il que, malgr\u00e9 les t\u00e9moignages de plus en plus nombreux provenant des camps de concentration et d\u2019extermination de Gaza, aucun mouvement de refus massif n\u2019ait vu le jour en Isra\u00ebl ? Il est vraiment inconcevable qu\u2019apr\u00e8s deux ans de ce carnage, seule une poign\u00e9e d\u2019objecteurs de conscience soient emprisonn\u00e9s. M\u00eame les soi-disant \u00ab r\u00e9fractaires gris \u00bb \u2013 des soldats de r\u00e9serve qui ne s\u2019opposent pas \u00e0 la guerre pour des raisons id\u00e9ologiques, mais qui sont simplement \u00e9puis\u00e9s et s\u2019interrogent sur son utilit\u00e9 \u2013 restent bien trop peu nombreux pour ralentir la machine \u00e0 tuer, et encore moins pour l\u2019arr\u00eater.<\/p>\n<\/div>\n<div id=\"magicdomid31\" dir=\"ltr\">\n<p>Qui sont ces \u00e2mes ob\u00e9issantes qui font fonctionner ce syst\u00e8me ? Comment une soci\u00e9t\u00e9 aussi profond\u00e9ment divis\u00e9e \u2013 entre religieux et la\u00efcs, colons et lib\u00e9raux, kibboutzniks et citadins, immigrants de longue date et nouveaux arrivants \u2013 peut-elle s\u2019unir uniquement dans sa volont\u00e9 de massacrer les Palestiniens sans la moindre h\u00e9sitation ?<\/p>\n<\/div>\n<div id=\"magicdomid35\" dir=\"ltr\">\n<div>\n<dl id=\"attachment_284286\">\n<dt><a href=\"https:\/\/www.les-crises.fr\/wp-content\/uploads\/2025\/10\/02-2.jpg\"><img decoding=\"async\" class=\"centered loading aligncenter\" src=\"https:\/\/www.les-crises.fr\/wp-content\/uploads\/2025\/10\/02-2.jpg\" alt=\"\" width=\"590\" data-was-processed=\"true\" \/><\/a><\/dt>\n<dd>Des Palestiniens pleurent leurs proches tu\u00e9s lors d\u2019attaques isra\u00e9liennes, \u00e0 l\u2019h\u00f4pital Al-Shifa, \u00e0 Gaza, le 21 ao\u00fbt 2025. (Yousef Zaanoun\/Activestills)<\/dd>\n<\/dl>\n<\/div>\n<p>Au cours des 23 derniers mois, la soci\u00e9t\u00e9 isra\u00e9lienne a tiss\u00e9 un r\u00e9seau infini de mensonges pour justifier et permettre la destruction de Gaza \u2013 non seulement aux yeux du monde, mais surtout \u00e0 ses propres yeux. Le principal de ces mensonges est l\u2019affirmation selon laquelle les otages ne peuvent \u00eatre lib\u00e9r\u00e9s que par la pression militaire. Pourtant, ceux qui ex\u00e9cutent les ordres de l\u2019arm\u00e9e, semant la mort \u00e0 Gaza, le font en sachant pertinemment qu\u2019ils risquent de tuer les otages dans le processus. Les bombardements aveugles d\u2019h\u00f4pitaux, d\u2019\u00e9coles et de quartiers r\u00e9sidentiels, associ\u00e9s \u00e0 ce m\u00e9pris pour la vie des Isra\u00e9liens retenus captifs, prouvent le v\u00e9ritable objectif de la guerre : l\u2019extermination totale de la population civile de Gaza.<\/p>\n<\/div>\n<div id=\"magicdomid42\" dir=\"ltr\">\n<p>Isra\u00ebl est en train de d\u00e9clencher un holocauste \u00e0 Gaza, et cela ne peut \u00eatre consid\u00e9r\u00e9 comme la seule volont\u00e9 des dirigeants fascistes actuels du pays. Cette horreur va bien au-del\u00e0 de Netanyahou, Ben Gvir et Smotrich. Nous assistons \u00e0 la phase finale de la nazification de la soci\u00e9t\u00e9 isra\u00e9lienne.<\/p>\n<\/div>\n<div id=\"magicdomid45\" dir=\"ltr\">\n<p>La t\u00e2che urgente consiste d\u00e9sormais \u00e0 mettre fin \u00e0 cet holocauste. Mais l\u2019arr\u00eater n\u2019est que la premi\u00e8re \u00e9tape. Si la soci\u00e9t\u00e9 isra\u00e9lienne veut un jour revenir dans le giron de l\u2019humanit\u00e9, elle doit se soumettre \u00e0 un profond processus de d\u00e9nazification.<\/p>\n<\/div>\n<div id=\"magicdomid48\" dir=\"ltr\">\n<p>Une fois que la poussi\u00e8re de la mort sera retomb\u00e9e, nous devrons revenir sur nos pas jusqu\u2019\u00e0 la Nakba, aux expulsions massives, aux massacres, aux confiscations de terres, aux lois raciales et \u00e0 l\u2019id\u00e9ologie de la supr\u00e9matie inh\u00e9rente qui a normalis\u00e9 le m\u00e9pris pour les peuples autochtones de cette terre et le vol de leurs vies, de leurs biens, de leur dignit\u00e9 et de l\u2019avenir de leurs enfants. Ce n\u2019est qu\u2019en affrontant ce m\u00e9canisme mortel inh\u00e9rent \u00e0 notre soci\u00e9t\u00e9 que nous pourrons commencer \u00e0 le d\u00e9raciner.<\/p>\n<\/div>\n<div id=\"magicdomid51\" dir=\"ltr\">\n<p>Ce processus de d\u00e9nazification doit commencer d\u00e8s maintenant, et il commence par le refus. Le refus non seulement de participer activement \u00e0 la destruction de Gaza, mais aussi de rev\u00eatir l\u2019uniforme, quel que soit le grade ou le r\u00f4le. Le refus de rester dans l\u2019ignorance. Le refus d\u2019\u00eatre aveugle. Le refus de se taire. Pour les parents, il est du devoir de prot\u00e9ger la prochaine g\u00e9n\u00e9ration afin qu\u2019elle ne devienne pas coupable de crimes de guerre et de crimes contre l\u2019humanit\u00e9.<\/p>\n<\/div>\n<div id=\"magicdomid55\" dir=\"ltr\">\n<div>\n<dl id=\"attachment_284287\">\n<dt><a href=\"https:\/\/www.les-crises.fr\/wp-content\/uploads\/2025\/10\/03-2.jpg\"><img decoding=\"async\" class=\"centered loading aligncenter\" src=\"https:\/\/www.les-crises.fr\/wp-content\/uploads\/2025\/10\/03-2.jpg\" alt=\"\" width=\"590\" data-was-processed=\"true\" \/><\/a><\/dt>\n<dd>Des Isra\u00e9liens se baignent dans une source \u00e0 Lifta, un village palestinien d\u00e9peupl\u00e9 de force lors de la Nakba de 1948, dans la banlieue de J\u00e9rusalem, le 28 juillet 2021. (Yonatan Sindel\/Flash90)<\/dd>\n<\/dl>\n<\/div>\n<p>La d\u00e9nazification doit \u00e9galement inclure la reconnaissance que ce qui \u00e9tait ne peut rester. Il ne suffira pas de simplement remplacer le gouvernement actuel. Nous devons abandonner le mythe du caract\u00e8re \u00ab juif et d\u00e9mocratique \u00bb d\u2019Isra\u00ebl, un paradoxe dont la poigne de fer a contribu\u00e9 \u00e0 ouvrir la voie \u00e0 la catastrophe dans laquelle nous sommes aujourd\u2019hui plong\u00e9s.<\/p>\n<\/div>\n<div id=\"magicdomid62\" dir=\"ltr\">\n<p>Cette tromperie doit cesser, et il faut reconna\u00eetre clairement qu\u2019il ne reste que deux voies possibles : soit un \u00c9tat juif, messianique et g\u00e9nocidaire, soit un \u00c9tat v\u00e9ritablement d\u00e9mocratique pour tous ses citoyens.<\/p>\n<\/div>\n<div id=\"magicdomid65\" dir=\"ltr\">\n<p>L\u2019holocauste de Gaza a \u00e9t\u00e9 rendu possible par l\u2019adh\u00e9sion \u00e0 la logique ethno-supremaciste inh\u00e9rente au sionisme. Il faut donc le dire clairement : le sionisme, sous toutes ses formes, ne peut \u00eatre lav\u00e9 de la souillure de ce crime. Il doit \u00eatre aboli.<\/p>\n<\/div>\n<div id=\"magicdomid68\" dir=\"ltr\">\n<p>La d\u00e9nazification sera longue et globale, touchant tous les aspects de notre vie collective. Nous devrons probablement sacrifier plusieurs g\u00e9n\u00e9rations suppl\u00e9mentaires \u2013 tant les victimes que les auteurs \u2013 avant que ce fl\u00e9au ne soit compl\u00e8tement \u00e9radiqu\u00e9. Mais le processus doit commencer d\u00e8s maintenant, en refusant de commettre les horreurs qui se produisent quotidiennement \u00e0 Gaza et en refusant de les laisser passer comme si elles \u00e9taient normales.<\/p>\n<p>*<\/p>\n<\/div>\n<div id=\"magicdomid71\" dir=\"ltr\">\n<p>Orly Noy est r\u00e9dactrice chez Local Call, militante politique et traductrice de po\u00e9sie et de prose farsi. Elle est pr\u00e9sidente du conseil d\u2019administration de B\u2019Tselem et militante au sein du parti politique Balad. Ses \u00e9crits traitent des lignes qui se croisent et d\u00e9finissent son identit\u00e9 en tant que Mizrahi, femme de gauche, femme, migrante temporaire vivant au sein d\u2019une immigration perp\u00e9tuelle, et du dialogue constant entre elles.<\/p>\n<p>Source :\u00a0<a href=\"https:\/\/www.972mag.com\/israel-holocaust-gaza-denazification\/\" target=\"_blank\" rel=\"noopener\">+972, Orly Noy,<\/a>\u00a018-09-2025<\/p>\n<\/div>\n<\/div>\n","protected":false},"excerpt":{"rendered":"<p>La supr\u00e9matie ethnique meurtri\u00e8re inh\u00e9rente \u00e0 la soci\u00e9t\u00e9 isra\u00e9lienne est plus profonde que Netanyahou, Ben Gvir et Smotrich. Elle doit \u00eatre combattue \u00e0 la racine. Source :\u00a0+972, Orly Noy La ville de Gaza est en proie aux flammes, alors que l\u2019arm\u00e9e isra\u00e9lienne s\u2019est lanc\u00e9e dans une offensive terrestre (du moins jusqu\u2019au r\u00e9cent cessez-le-feu, ndlr) apr\u00e8s &#8230; <a title=\"Isra\u00ebl m\u00e8ne un holocauste \u00e0 Gaza. La d\u00e9nazification est notre seul rem\u00e8de \u2013 par Orly Noy\" class=\"read-more\" href=\"https:\/\/bruxelles-pantheres.be\/?p=6545\" aria-label=\"En savoir plus sur Isra\u00ebl m\u00e8ne un holocauste \u00e0 Gaza. La d\u00e9nazification est notre seul rem\u00e8de \u2013 par Orly Noy\">Lire la suite<\/a><\/p>\n","protected":false},"author":1,"featured_media":5905,"comment_status":"open","ping_status":"open","sticky":false,"template":"","format":"standard","meta":{"footnotes":""},"categories":[21,4,6,28],"tags":[661,652,646,197,12,591,659,660],"class_list":["post-6545","post","type-post","status-publish","format-standard","has-post-thumbnail","hentry","category-anti-imperialisme","category-islamophobie","category-palestine-moyen-orient","category-racismes","tag-ben-gvir","tag-benjamin-netanyahou","tag-bezalel-smotrich","tag-genocide","tag-gaza","tag-holocauste","tag-nazi","tag-suprematiste"],"_links":{"self":[{"href":"https:\/\/bruxelles-pantheres.be\/index.php?rest_route=\/wp\/v2\/posts\/6545","targetHints":{"allow":["GET"]}}],"collection":[{"href":"https:\/\/bruxelles-pantheres.be\/index.php?rest_route=\/wp\/v2\/posts"}],"about":[{"href":"https:\/\/bruxelles-pantheres.be\/index.php?rest_route=\/wp\/v2\/types\/post"}],"author":[{"embeddable":true,"href":"https:\/\/bruxelles-pantheres.be\/index.php?rest_route=\/wp\/v2\/users\/1"}],"replies":[{"embeddable":true,"href":"https:\/\/bruxelles-pantheres.be\/index.php?rest_route=%2Fwp%2Fv2%2Fcomments&post=6545"}],"version-history":[{"count":1,"href":"https:\/\/bruxelles-pantheres.be\/index.php?rest_route=\/wp\/v2\/posts\/6545\/revisions"}],"predecessor-version":[{"id":6546,"href":"https:\/\/bruxelles-pantheres.be\/index.php?rest_route=\/wp\/v2\/posts\/6545\/revisions\/6546"}],"wp:featuredmedia":[{"embeddable":true,"href":"https:\/\/bruxelles-pantheres.be\/index.php?rest_route=\/wp\/v2\/media\/5905"}],"wp:attachment":[{"href":"https:\/\/bruxelles-pantheres.be\/index.php?rest_route=%2Fwp%2Fv2%2Fmedia&parent=6545"}],"wp:term":[{"taxonomy":"category","embeddable":true,"href":"https:\/\/bruxelles-pantheres.be\/index.php?rest_route=%2Fwp%2Fv2%2Fcategories&post=6545"},{"taxonomy":"post_tag","embeddable":true,"href":"https:\/\/bruxelles-pantheres.be\/index.php?rest_route=%2Fwp%2Fv2%2Ftags&post=6545"}],"curies":[{"name":"wp","href":"https:\/\/api.w.org\/{rel}","templated":true}]}}