{"id":6582,"date":"2025-10-23T13:11:51","date_gmt":"2025-10-23T12:11:51","guid":{"rendered":"https:\/\/bruxelles-pantheres.be\/?p=6582"},"modified":"2026-01-19T13:17:35","modified_gmt":"2026-01-19T12:17:35","slug":"oubliez-la-libye-ignorez-gaza","status":"publish","type":"post","link":"https:\/\/bruxelles-pantheres.be\/?p=6582","title":{"rendered":"Oubliez la Libye, ignorez Gaza"},"content":{"rendered":"<p><span class=\"akGp8\"><em><span dir=\"auto\">Le g\u00e9nocide en Palestine n&rsquo;est pas, comme le pr\u00e9sentent la presse et le gouvernement italiens, une trag\u00e9die, une crise humanitaire ou une perversion extr\u00e9miste du gouvernement isra\u00e9lien de Netanyahou. Se rem\u00e9morer le g\u00e9nocide italien en Libye, perp\u00e9tr\u00e9 entre 1924 et 1934, permet de contrer ce r\u00e9cit par une analyse alternative, mat\u00e9rialiste et d\u00e9coloniale, qui envisage le g\u00e9nocide comme un m\u00e9canisme fondamental de reproduction du syst\u00e8me colonial-capitaliste face aux mouvements de r\u00e9sistance anticoloniale. Les responsabilit\u00e9s de l&rsquo;Italie, hier comme aujourd&rsquo;hui, sont claires.<\/span><\/em><\/span><\/p>\n<p><!--more--><\/p>\n<header class=\"PhCafd\">\n<div class=\"PKQ95p\">\n<div class=\"MbPQSQ\">\n<div class=\"a5JqMF\">\n<ul class=\"NtBDdE\">\n<li class=\"MABqta\"><a class=\"IkAhjA\" href=\"https:\/\/www.machina-deriveapprodi.com\/profile\/a51fb9ed-4cbb-4922-a4d2-2cb9ba1dce4a11431\/profile\" data-hook=\"profile-link\"><span data-hook=\"user-name\"><span dir=\"auto\">Simone Villani<\/span><\/span><\/a><\/li>\n<li class=\"wBTynn\"><span class=\"time-ago\" title=\"22 octobre 2025\" data-hook=\"time-ago\"><span dir=\"auto\">22 octobre 2025<\/span><\/span><\/li>\n<\/ul>\n<\/div>\n<\/div>\n<\/div>\n<\/header>\n<section class=\"VQDdIN\" data-hook=\"post-description\">\n<div class=\"moHCnT\">\n<div class=\"moHCnT\">\n<div class=\"fTEXDR\" data-rce-version=\"10.157.0\">\n<div class=\"Y2QL9\" dir=\"ltr\" data-id=\"content-viewer\">\n<div class=\"_6OzSr\">\n<div class=\"cZVaD\">\n<div data-breakout=\"normal\">\n<p id=\"viewer-k6xqp291\" class=\"DFnp0 WloJR SLuLS _6qLM3\" dir=\"auto\"><span class=\"akGp8 SLuLS\"><strong><span dir=\"auto\">Un si\u00e8cle de complicit\u00e9 italienne<\/span><\/strong><\/span><\/p>\n<\/div>\n<div data-breakout=\"normal\">\n<div id=\"viewer-kvy5p3304\" class=\"CKjkL\">\n<div class=\"QwCqz wd7R1\">\n<figure class=\"_0TCNT\" data-hook=\"figure-IMAGE\">\n<div class=\"LZwXu\" data-hook=\"image-viewer\">\n<div id=\"kvy5p3304\" class=\"s6q7U EjY43 N8UDE\" data-hook=\"image-viewer-kvy5p3304\"><img decoding=\"async\" draggable=\"false\" src=\"https:\/\/static.wixstatic.com\/media\/0e99dc_a9c87fe8e5584022aa24973ad549fce0~mv2.jpg\/v1\/fill\/w_740,h_740,al_c,q_85,usm_0.66_1.00_0.01,enc_avif,quality_auto\/0e99dc_a9c87fe8e5584022aa24973ad549fce0~mv2.jpg\" alt=\"D\u00e9lio Jasse, Pontus, 2011, d\u00e9tail\" data-pin-url=\"https:\/\/www.machina-deriveapprodi.com\/post\/dimenticare-la-libia-ignorare-gaza\" data-pin-media=\"https:\/\/static.wixstatic.com\/media\/0e99dc_a9c87fe8e5584022aa24973ad549fce0~mv2.jpg\/v1\/fill\/w_2240,h_2240,al_c,q_90\/0e99dc_a9c87fe8e5584022aa24973ad549fce0~mv2.jpg\" data-load-done=\"\" \/><\/div>\n<\/div><figcaption class=\"rQong\"><em><span dir=\"auto\">D\u00e9lio Jasse, Pontus, 2011, d\u00e9tail<\/span><\/em><\/figcaption><div id=\"viewer-kuahg3307\" class=\"CKjkL\">\n<div class=\"YJ0NI\"><\/div>\n<\/div>\n<\/figure>\n<\/div>\n<\/div>\n<\/div>\n<div data-breakout=\"normal\">\n<p id=\"viewer-dxq5f3542\" class=\"DFnp0 WloJR _8YwHG _6qLM3\" dir=\"auto\"><span class=\"akGp8\"><span dir=\"auto\">***<\/span><\/span><\/p>\n<\/div>\n<div data-breakout=\"normal\">\n<div id=\"viewer-o90ac300\" class=\"Pbyf-\" dir=\"ltr\">\n<blockquote class=\"tEa8y\">\n<div id=\"viewer-adr1u2324\" class=\"S68N9 _6qLM3\" dir=\"auto\"><span class=\"akGp8\"><span dir=\"auto\">Gaza n&rsquo;est qu&rsquo;une exp\u00e9rience men\u00e9e par les ultra-riches pour montrer au monde entier comment r\u00e9agir face \u00e0 une r\u00e9bellion. Ils pensent pouvoir bombarder tout le monde, du moins nous, au Sud, mais ils finiront comme \u00e0 Guernica, \u00e0 se bombarder eux-m\u00eames avec des armes \u00e9trang\u00e8res.<\/span><\/span><\/div>\n<\/blockquote>\n<\/div>\n<\/div>\n<div data-breakout=\"normal\">\n<p id=\"viewer-ub8ri303\" class=\"DFnp0 WloJR S68N9 _6qLM3\" dir=\"auto\"><span class=\"akGp8\"><span dir=\"auto\">Gustavo Petro, Pr\u00e9sident de la Colombie, <\/span><em><span dir=\"auto\">Conf\u00e9rence d&rsquo;urgence du Groupe AIA, Bogota, 16 juillet 2025<\/span><\/em><\/span><\/p>\n<p dir=\"auto\">\n<\/div>\n<div data-breakout=\"normal\">\n<p id=\"viewer-bdgek308\" class=\"DFnp0 WloJR _52NHI _6qLM3\" dir=\"auto\"><span class=\"akGp8\"><span dir=\"auto\">L\u2019attitude du gouvernement italien face aux manifestations de fin septembre et d\u00e9but octobre a r\u00e9v\u00e9l\u00e9 la fragilit\u00e9 politique de ses ministres. Les gr\u00e8ves des 22 septembre et 3 octobre, ainsi que les nombreuses manifestations et le blocage des gares, des rocades, des autoroutes, des ports, des a\u00e9roports, des \u00e9coles et des universit\u00e9s, ont mis en lumi\u00e8re la force de la pression sociale. Pourtant, le gouvernement a persist\u00e9 dans son indiff\u00e9rence, faisant preuve d\u2019incertitude et d\u2019incoh\u00e9rence. Tajani, sous la pression de la Flottille suite \u00e0 la lev\u00e9e du blocus naval, a laiss\u00e9 entendre que \u00ab le droit international n\u2019est valable que jusqu\u2019\u00e0 un certain point \u00bb. Crosetto, quant \u00e0 lui, a c\u00e9d\u00e9 \u00e0 la pression populaire, mais temporairement : apr\u00e8s avoir d\u00e9p\u00each\u00e9 un navire pour escorter la Flottille, il l\u2019a retir\u00e9 peu avant son arriv\u00e9e \u00e0 Gaza. Meloni, enfin, a tent\u00e9 de se racheter en \u00e9voquant des gestes de \u00ab fausse g\u00e9n\u00e9rosit\u00e9 \u00bb <\/span><a class=\"GKQb5 _9HA3o\" href=\"https:\/\/www.machina-deriveapprodi.com\/post\/dimenticare-la-libia-ignorare-gaza#_ftn1\" target=\"_blank\" rel=\"noopener\" data-hook=\"web-link\"><u><span dir=\"auto\">[1]<\/span><\/u><\/a><span dir=\"auto\"> \u00a0accomplis par le pass\u00e9, comme l\u2019envoi d\u2019aide humanitaire \u00e0 Gaza ou l\u2019accueil de familles palestiniennes expuls\u00e9es de leurs terres. Cette ambigu\u00eft\u00e9 nous donne une id\u00e9e des limites de l&rsquo;action de ce gouvernement sur la sc\u00e8ne politique : d&rsquo;une part, son intervention a \u00e9t\u00e9 superficielle \u2013 laissant intacts les accords diplomatiques et \u00e9conomiques avec Isra\u00ebl ; d&rsquo;autre part, il a tent\u00e9 de sauver les apparences en faisant quelques concessions destin\u00e9es \u00e0 apaiser les troubles dans les rues.<\/span><\/span><\/p>\n<\/div>\n<div data-hook=\"rcv-block12\"><\/div>\n<div data-breakout=\"normal\">\n<p id=\"viewer-tjl6z315\" class=\"DFnp0 WloJR _52NHI _6qLM3\" dir=\"auto\"><span class=\"akGp8\"><span dir=\"auto\">La tradition radicale noire, la connaissance de la r\u00e9sistance anticoloniale et l&rsquo;exp\u00e9rience v\u00e9cue des communaut\u00e9s racialis\u00e9es nous conf\u00e8rent un sentiment de continuit\u00e9, et non d&rsquo;exception, par rapport \u00e0 cette ligne politique du complexe \u00c9tat-capital \u2013 notamment en ce qui concerne les questions imp\u00e9rialistes, coloniales et raciales. Si, pour la classe ouvri\u00e8re blanche et ses institutions de r\u00e9f\u00e9rence, l&rsquo;absence de m\u00e9diation et d&rsquo;\u00e9coute gouvernementale est un \u00e9l\u00e9ment de surprise et d&rsquo;indignation qui les conduit \u00e0 d\u00e9noncer le fascisme comme une exception d\u00e9mocratique, pour les peuples et les communaut\u00e9s racialis\u00e9es, la violence et l&rsquo;indiff\u00e9rence fascistes s&rsquo;inscrivent dans la continuit\u00e9 de l&rsquo;exp\u00e9rience de la violence raciale et coloniale<\/span><a class=\"GKQb5 _9HA3o\" href=\"https:\/\/www.machina-deriveapprodi.com\/post\/dimenticare-la-libia-ignorare-gaza#_ftn2\" target=\"_blank\" rel=\"noopener\" data-hook=\"web-link\"><u><span dir=\"auto\"> [2]<\/span><\/u><\/a><span dir=\"auto\"> . Le silence, les h\u00e9sitations, la g\u00eane et la fragilit\u00e9 du gouvernement Meloni sont autant d&rsquo;\u00e9l\u00e9ments d&rsquo;une continuit\u00e9 historique qui d\u00e9fend la supr\u00e9matie blanche, non comme un d\u00e9tail, mais comme une structure mat\u00e9rielle, et qui unit l&rsquo;\u00c9tat et le complexe militaro-industriel-carc\u00e9ral aux \u00e9conomies coloniales.<\/span><\/span><\/p>\n<\/div>\n<div data-hook=\"rcv-block13\"><\/div>\n<div data-breakout=\"normal\">\n<div id=\"viewer-l8lqn17458\" class=\"DFnp0 WloJR _52NHI _6qLM3\" dir=\"auto\"><span class=\"akGp8\">\u00a0<\/span><\/div>\n<\/div>\n<div data-hook=\"rcv-block14\"><\/div>\n<div data-breakout=\"normal\">\n<p id=\"viewer-f1ri0319\" class=\"DFnp0 WloJR _52NHI _6qLM3\" dir=\"auto\"><span class=\"akGp8\"><span dir=\"auto\">La question du g\u00e9nocide est centrale en ce sens : il faut l&rsquo;interroger au-del\u00e0 de son caract\u00e8re exceptionnel, afin d&rsquo;en reconna\u00eetre la port\u00e9e politique. Pour ceux d&rsquo;entre nous qui vivons en Italie, cela signifie cesser de repousser la confrontation avec l&rsquo;histoire coloniale italienne et assumer la responsabilit\u00e9 de cette ignorance comme un projet politique. Nous d\u00e9couvririons ainsi qu&rsquo;entre 1929 et 1934, en Libye, l&rsquo;Italie a perp\u00e9tr\u00e9 un v\u00e9ritable g\u00e9nocide contre les populations arabes et b\u00e9douines, dont il ne subsiste aujourd&rsquo;hui que de faibles traces. Pourtant, ce crime, aujourd&rsquo;hui effac\u00e9 de la m\u00e9moire collective, occult\u00e9 par des r\u00e9cits r\u00e9visionnistes qui continuent de cultiver le mythe des Italiens comme \u00ab braves gens \u00bb<\/span><a class=\"GKQb5 _9HA3o\" href=\"https:\/\/www.machina-deriveapprodi.com\/post\/dimenticare-la-libia-ignorare-gaza#_ftn3\" target=\"_blank\" rel=\"noopener\" data-hook=\"web-link\"><u><span dir=\"auto\"> [3]<\/span><\/u><\/a><span dir=\"auto\"> , fait partie int\u00e9grante de l&rsquo;histoire italienne et, \u00e0 ce titre, doit \u00eatre racont\u00e9. Un tel oubli n&rsquo;est pas une erreur de jugement, mais contribue au maintien de l&rsquo;h\u00e9g\u00e9monie supr\u00e9matiste blanche : si l&rsquo;Italie reconnaissait sa responsabilit\u00e9 dans un g\u00e9nocide pass\u00e9, la question de sa coresponsabilit\u00e9 dans le g\u00e9nocide de Gaza se poserait in\u00e9vitablement, et inversement. Reconna\u00eetre Gaza reviendrait \u00e0 reconna\u00eetre la Libye, et par l\u00e0 m\u00eame la nature violente et g\u00e9nocidaire des \u00c9tats europ\u00e9ens et du colonialisme. Et si cela constituait un pr\u00e9c\u00e9dent historique, un objectif de recherche, un traumatisme historique collectif dont nous devons assumer la responsabilit\u00e9\u00a0?<\/span><\/span><\/p>\n<\/div>\n<div data-hook=\"rcv-block15\"><\/div>\n<div data-breakout=\"normal\">\n<p id=\"viewer-vsa5b323\" class=\"DFnp0 WloJR _52NHI _6qLM3\" dir=\"auto\"><span class=\"akGp8\"><strong><span dir=\"auto\">Les hi\u00e9rarchies raciales italiennes \u00e0 l&rsquo;aube de l&rsquo;imp\u00e9rialisme de la fin du XIXe si\u00e8cle<\/span><\/strong><\/span><\/p>\n<\/div>\n<div data-hook=\"rcv-block18\"><\/div>\n<div data-breakout=\"normal\">\n<p id=\"viewer-za9x6325\" class=\"DFnp0 WloJR _52NHI _6qLM3\" dir=\"auto\"><span class=\"akGp8\"><span dir=\"auto\">Les Blancs, \u00e9crivait Baldwin, vivent dans un monde de mensonges<\/span><a class=\"GKQb5 _9HA3o\" href=\"https:\/\/www.machina-deriveapprodi.com\/post\/dimenticare-la-libia-ignorare-gaza#_ftn4\" target=\"_blank\" rel=\"noopener\" data-hook=\"web-link\"><u><span dir=\"auto\"> [4]<\/span><\/u><\/a><span dir=\"auto\"> . Parmi ceux-ci, nous en conservons de nombreux vestiges de l&rsquo;histoire coloniale italienne. L\u00e0 encore, il existe une raison strat\u00e9gique\u00a0: le syst\u00e8me informationnel, le syst\u00e8me culturel, ainsi que celui du pouvoir \u00e9conomique et du consensus, tirent encore profit de ces omissions. Non seulement le gouvernement n\u00e9ofasciste au pouvoir, mais aussi l&rsquo;opposition et les institutions lib\u00e9rales. Il ne faut pas croire que seuls les fascistes ont b\u00e9n\u00e9fici\u00e9 de la colonisation\u00a0: ce sont en r\u00e9alit\u00e9 les \u00e9lites lib\u00e9rales italiennes qui l&rsquo;ont initi\u00e9e, qui, \u00e0 la fin du XIXe si\u00e8cle, \u00e0 l&rsquo;\u00e8re de l&rsquo;imp\u00e9rialisme europ\u00e9en, se sont lanc\u00e9es \u00e0 corps perdu dans l&rsquo;entreprise coloniale pour tenter de rivaliser avec les autres puissances capitalistes europ\u00e9ennes. C&rsquo;est \u00e0 ce moment pr\u00e9cis que l&rsquo;histoire du colonialisme italien envers l&rsquo;ext\u00e9rieur se confond avec l&rsquo;histoire de la cr\u00e9ation d&rsquo;une subalternit\u00e9 interne, ce que Mignolo et Tlostanova appellent <\/span><em><span dir=\"auto\">la diff\u00e9rence imp\u00e9riale interne <\/span><\/em><a class=\"GKQb5 _9HA3o\" href=\"https:\/\/www.machina-deriveapprodi.com\/post\/dimenticare-la-libia-ignorare-gaza#_ftn5\" target=\"_blank\" rel=\"noopener\" data-hook=\"web-link\"><u><span dir=\"auto\">[5]<\/span><\/u><\/a><span dir=\"auto\"> . C\u2019est le moment o\u00f9 la <\/span><em><span dir=\"auto\">diff\u00e9rence coloniale<\/span><\/em><span dir=\"auto\"> \u00a0\u2013 c\u2019est-\u00e0-dire la diff\u00e9rence entre l\u2019\u00c9tat-nation italien et les colonies de Libye, d\u2019\u00c9rythr\u00e9e, d\u2019\u00c9thiopie, de Somalie, d\u2019Albanie, entre autres \u2013 s\u2019impose par la conqu\u00eate de terres et de main-d\u2019\u0153uvre \u00e9trang\u00e8res, et o\u00f9 la <\/span><em><span dir=\"auto\">diff\u00e9rence imp\u00e9riale<\/span><\/em><span dir=\"auto\"> \u00a0\u2013 c\u2019est-\u00e0-dire la diff\u00e9rence entre les langues, les territoires et les corps au sein d\u2019un m\u00eame \u00c9tat-nation \u2013 s\u2019impose par la subordination et la cr\u00e9ation du Sud. Le moment o\u00f9 se scelle le mythe orientaliste d\u2019une Afrique tribale, sauvage et r\u00e9trograde fait \u00e9cho au mythe du Sud sous-d\u00e9velopp\u00e9, barbare et arri\u00e9r\u00e9 <\/span><a class=\"GKQb5 _9HA3o\" href=\"https:\/\/www.machina-deriveapprodi.com\/post\/dimenticare-la-libia-ignorare-gaza#_ftn6\" target=\"_blank\" rel=\"noopener\" data-hook=\"web-link\"><u><span dir=\"auto\">[6]<\/span><\/u><\/a><span dir=\"auto\"> . C\u2019est le moment o\u00f9 le dispositif colonial de la race est reformul\u00e9 pour cr\u00e9er des hi\u00e9rarchies raciales internes et externes, pour d\u00e9cider qui est plus ou moins blanc, qui est trop noir. Si les lib\u00e9raux agissent ainsi, ce n&rsquo;est pas \u00e0 cause d&rsquo;une distorsion de la part de certains dirigeants de la classe politique italienne de la fin du XIXe si\u00e8cle\u00a0: le supr\u00e9matisme, ou l&rsquo;id\u00e9e que sa propre culture, religion, institutions et race sont sup\u00e9rieures et constituent un crit\u00e8re de comparaison avec celles des autres, est plut\u00f4t l&rsquo;expression ultime de leur identit\u00e9 historique, et la colonisation \u2014 par laquelle ils ont b\u00e2ti leur richesse au fil des si\u00e8cles, parall\u00e8lement au g\u00e9nocide et \u00e0 l&rsquo;exploitation raciale \u2014 est le moyen par lequel ils esp\u00e8rent l&rsquo;exprimer.<\/span><\/span><\/p>\n<\/div>\n<div data-hook=\"rcv-block19\"><\/div>\n<div data-breakout=\"normal\">\n<p id=\"viewer-f8uj5338\" class=\"DFnp0 WloJR _52NHI _6qLM3\" dir=\"auto\"><span class=\"akGp8\"><span dir=\"auto\">Il a fallu toute une vie de travail, vingt ans de recherche, pour formuler, documenter et \u00e9laborer l&rsquo;hypoth\u00e8se d&rsquo;un g\u00e9nocide italien contre les communaut\u00e9s libyennes entre 1929 et 1934. C&rsquo;est le travail qu&rsquo;Ali Abdullatif Ahmida, chercheur et professeur libyen, a men\u00e9 avec une grande expertise, alliant l&rsquo;\u00e9laboration du traumatisme colonial, l&rsquo;\u00e9criture, la recherche et le partage. L&rsquo;analyse de chants, de po\u00e8mes, de dictons, de t\u00e9moignages de parents, de membres de sa famille, d&rsquo;amis et de membres de sa propre communaut\u00e9 a interrog\u00e9 les archives enfouies de la violence coloniale italienne <\/span><a class=\"GKQb5 _9HA3o\" href=\"https:\/\/www.machina-deriveapprodi.com\/post\/dimenticare-la-libia-ignorare-gaza#_ftn7\" target=\"_blank\" rel=\"noopener\" data-hook=\"web-link\"><u><span dir=\"auto\">[7]<\/span><\/u><\/a><span dir=\"auto\"> , soulevant de profondes questions sur le privil\u00e8ge\u00a0: pourquoi Ahmida a-t-il d\u00fb recourir \u00e0 l&rsquo;interrogation de l&rsquo;histoire orale plut\u00f4t qu&rsquo;\u00e0 celle de documents \u00e9crits\u00a0? Quel effort, quel travail \u00e9motionnel, lui a \u00e9t\u00e9 demand\u00e9 pour mener ces entretiens, pour faire ressurgir un pass\u00e9 enfoui dans la m\u00e9moire et dans le non-dit, dans les gestes et les n\u00e9vroses\u00a0? Que signifie \u00eatre une voix isol\u00e9e face aux g\u00e9ants de l&rsquo;Empire\u00a0? Quelle r\u00e9paration est possible face \u00e0 une histoire effac\u00e9e\u00a0?<\/span><\/span><\/p>\n<\/div>\n<div data-hook=\"rcv-block20\"><\/div>\n<div data-breakout=\"normal\">\n<div id=\"viewer-x0tie28173\" class=\"DFnp0 WloJR _52NHI _6qLM3\" dir=\"auto\"><span class=\"akGp8\">\u00a0<\/span><\/div>\n<\/div>\n<div data-hook=\"rcv-block21\"><\/div>\n<div data-breakout=\"normal\">\n<div id=\"viewer-8d50s28417\" class=\"DFnp0 WloJR _52NHI _6qLM3\" dir=\"auto\"><span class=\"akGp8\">\u00a0<\/span><\/div>\n<\/div>\n<div data-hook=\"rcv-block22\"><\/div>\n<div data-breakout=\"normal\">\n<p id=\"viewer-thwpi342\" class=\"DFnp0 WloJR _52NHI _6qLM3\" dir=\"auto\"><span class=\"akGp8\"><strong><span dir=\"auto\">Le g\u00e9nocide de Tarabulus Gharb (aujourd&rsquo;hui Libye), 1929-1934<\/span><\/strong><\/span><\/p>\n<\/div>\n<div data-hook=\"rcv-block23\"><\/div>\n<div data-breakout=\"normal\">\n<p id=\"viewer-p7vnq344\" class=\"DFnp0 WloJR _52NHI _6qLM3\" dir=\"auto\"><span class=\"akGp8\"><span dir=\"auto\">Les recherches d&rsquo;Ahmida ont mis en lumi\u00e8re le fait qu&rsquo;entre 1929 et 1934, le r\u00e9gime colonial fasciste italien a perp\u00e9tr\u00e9 un g\u00e9nocide planifi\u00e9 en Libye, dans le but d&rsquo;an\u00e9antir la r\u00e9sistance locale et de r\u00e9organiser la r\u00e9gion pour l&rsquo;installation de colons italiens <\/span><a class=\"GKQb5 _9HA3o\" href=\"https:\/\/www.machina-deriveapprodi.com\/post\/dimenticare-la-libia-ignorare-gaza#_ftn8\" target=\"_blank\" rel=\"noopener\" data-hook=\"web-link\"><u><span dir=\"auto\">[8]<\/span><\/u><\/a><span dir=\"auto\"> . Il ne s&rsquo;agissait pas d&rsquo;un effet secondaire de la guerre, mais d&rsquo;une strat\u00e9gie d\u00e9lib\u00e9r\u00e9e, s&rsquo;inscrivant dans un projet raciste et colonial qui consid\u00e9rait les Arabes musulmans nomades comme des \u00ab sous-hommes \u00bb, un obstacle \u00e0 la modernisation et \u00e0 la colonisation. Ce fut un cas exemplaire de colonialisme de peuplement, comparable dans ses modalit\u00e9s et ses objectifs \u00e0 d&rsquo;autres exp\u00e9riences historiques, comme le colonialisme isra\u00e9lien. De m\u00eame qu&rsquo;Isra\u00ebl a commis un g\u00e9nocide pour \u00e9craser la r\u00e9sistance palestinienne, l&rsquo;Italie a commis un g\u00e9nocide pour \u00e9craser la r\u00e9sistance libyenne.<\/span><\/span><\/p>\n<\/div>\n<div data-hook=\"rcv-block24\"><\/div>\n<div data-breakout=\"normal\">\n<p id=\"viewer-s5nyz348\" class=\"DFnp0 WloJR _52NHI _6qLM3\" dir=\"auto\"><span class=\"akGp8\"><span dir=\"auto\">La r\u00e9sistance anticoloniale \u00e9tait men\u00e9e par Umar al-Mukhtar, qui coordonnait un mouvement de gu\u00e9rilla connaissant parfaitement le territoire et soutenu par la population locale gr\u00e2ce \u00e0 des r\u00e9seaux d&rsquo;information, de ravitaillement et de volontaires. Face au refus de la r\u00e9sistance de se rendre contre ran\u00e7on, les g\u00e9n\u00e9raux fascistes italiens \u2013 Graziani, De Bono, Badoglio et Mussolini, principaux responsables du g\u00e9nocide \u2013 adopt\u00e8rent une politique de la terre br\u00fbl\u00e9e\u00a0: bombardements a\u00e9riens, attaques de chars, destruction de villages, coupure des lignes de ravitaillement et construction d&rsquo;une cl\u00f4ture de 300\u00a0km le long de la fronti\u00e8re \u00e9gyptienne pour isoler les rebelles. Les fascistes test\u00e8rent des gaz toxiques sur des Libyens \u2013 une arme chimique dont l&rsquo;utilisation est consid\u00e9r\u00e9e comme un crime de guerre <\/span><a class=\"GKQb5 _9HA3o\" href=\"https:\/\/www.machina-deriveapprodi.com\/post\/dimenticare-la-libia-ignorare-gaza#_ftn9\" target=\"_blank\" rel=\"noopener\" data-hook=\"web-link\"><u><span dir=\"auto\">[9]<\/span><\/u><\/a><span dir=\"auto\"> \u00a0\u2013 d\u00e8s 1929, avant m\u00eame de le faire sur des \u00c9thiopiens en 1935.<\/span><\/span><\/p>\n<\/div>\n<div data-hook=\"rcv-block25\"><\/div>\n<div data-breakout=\"normal\">\n<p id=\"viewer-35fzi352\" class=\"DFnp0 WloJR _52NHI _6qLM3\" dir=\"auto\"><span class=\"akGp8\"><span dir=\"auto\">Parall\u00e8lement \u00e0 la r\u00e9pression de la r\u00e9sistance, l&rsquo;\u00c9tat colonial italien lan\u00e7a une d\u00e9portation massive\u00a0: environ 110\u00a0000 personnes \u2013 hommes, femmes et enfants \u2013 furent contraintes de quitter leurs foyers et de parcourir des centaines de kilom\u00e8tres \u00e0 pied \u00e0 travers le d\u00e9sert. Durant ces marches forc\u00e9es, beaucoup p\u00e9rirent de faim, de soif, de maladie et d&rsquo;\u00e9puisement. Ce transfert vida les campagnes, privant les gu\u00e9rilleros de soutien. Les d\u00e9port\u00e9s furent enferm\u00e9s dans 16 camps de concentration. Oui, des camps de concentration, semblables \u00e0 ceux qui serviraient plus tard \u00e0 contraindre des millions de Juifs au travail forc\u00e9. Ce sont pr\u00e9cis\u00e9ment les camps de concentration italiens en Libye et les op\u00e9rations coloniales adjacentes qui fournirent des informations pr\u00e9cieuses pour la planification des camps de concentration nazis <\/span><a class=\"GKQb5 _9HA3o\" href=\"https:\/\/www.machina-deriveapprodi.com\/post\/dimenticare-la-libia-ignorare-gaza#_ftn10\" target=\"_blank\" rel=\"noopener\" data-hook=\"web-link\"><u><span dir=\"auto\">[10]<\/span><\/u><\/a><span dir=\"auto\"> . Les camps \u00e9taient prot\u00e9g\u00e9s par une double cl\u00f4ture de barbel\u00e9s\u00a0; \u00e0 l&rsquo;int\u00e9rieur, la nourriture \u00e9tait rationn\u00e9e au point d&rsquo;entra\u00eener la famine et la malnutrition, le travail forc\u00e9 \u00e9tait pratiqu\u00e9, les soins m\u00e9dicaux \u00e9taient insuffisants, les \u00e9pid\u00e9mies se multipliaient et des personnes \u00e9taient fusill\u00e9es ou pendues. Un camp, Al-Agaila, \u00e9tait sp\u00e9cifiquement destin\u00e9 aux familles des rebelles.<\/span><\/span><\/p>\n<\/div>\n<div data-hook=\"rcv-block26\"><\/div>\n<div data-breakout=\"normal\">\n<p id=\"viewer-qnew9356\" class=\"DFnp0 WloJR _52NHI _6qLM3\" dir=\"auto\"><span class=\"akGp8\"><span dir=\"auto\">\u00c0 cela s&rsquo;ajouta la confiscation syst\u00e9matique du b\u00e9tail \u2013 principale ressource \u00e9conomique de ce peuple semi-nomade \u2013 qui acheva la strat\u00e9gie d&rsquo;extermination. En 1934, 90 \u00e0 95 % des moutons, ch\u00e8vres et chevaux, et environ 80 % des bovins et chameaux, avaient \u00e9t\u00e9 abattus. Pour une population semi-nomade et ind\u00e9pendante comme les Libyens, le coup fut d\u00e9vastateur\u00a0: s&rsquo;en prendre au troupeau \u00e9tait un acte de punition d\u00e9lib\u00e9r\u00e9, non seulement contre les animaux, mais aussi contre le peuple libyen, visant son mode de vie social et culturel. L&rsquo;objectif \u00e9tait d&rsquo;an\u00e9antir non seulement le peuple, mais aussi ses institutions, sa langue, sa culture et ses biens, dans le but imm\u00e9diat de repeupler la r\u00e9gion avec des colonies et une culture fasciste.<\/span><\/span><\/p>\n<\/div>\n<div data-hook=\"rcv-block27\"><\/div>\n<div data-breakout=\"normal\">\n<p id=\"viewer-q5fis358\" class=\"DFnp0 WloJR _52NHI _6qLM3\" dir=\"auto\"><span class=\"akGp8\"><span dir=\"auto\">Ces pratiques, cependant, ne datent pas du fascisme. Entre 1911 et 1928, environ 1\u00a0500 r\u00e9sistants furent exil\u00e9s sur les \u00eeles italiennes, pr\u00e9lude aux d\u00e9portations massives qui allaient suivre. Avec l\u2019arriv\u00e9e au pouvoir du Parti fasciste en 1922, la politique de n\u00e9gociation avec les \u00e9lites locales, men\u00e9e depuis 1911, fut abandonn\u00e9e au profit d\u2019une r\u00e9pression militaire syst\u00e9matique. Apr\u00e8s cette r\u00e9pression, en 1934, la colonie fut rebaptis\u00e9e \u00ab\u00a0Libye\u00a0\u00bb, un nom qui faisait r\u00e9f\u00e9rence \u00e0 l\u2019Antiquit\u00e9 romaine et visait \u00e0 l\u00e9gitimer son pouvoir. Les Libyens continu\u00e8rent d\u2019\u00eatre d\u00e9port\u00e9s, exploit\u00e9s comme main-d\u2019\u0153uvre bon march\u00e9 et enr\u00f4l\u00e9s de force dans les conflits jusqu\u2019en 1943.<\/span><\/span><\/p>\n<\/div>\n<div data-hook=\"rcv-block28\"><\/div>\n<div data-breakout=\"normal\">\n<p id=\"viewer-62wue360\" class=\"DFnp0 WloJR _52NHI _6qLM3\" dir=\"auto\"><span class=\"akGp8\"><span dir=\"auto\">Certains historiens et sp\u00e9cialistes du colonialisme italien \u00e9voquent dans leurs travaux les crimes de guerre commis par l&rsquo;Italie durant la p\u00e9riode coloniale\u00a0: Rochat, Del Boca, Borruso, Curcio, Giuliani, Lombardi-Diop, pour n&rsquo;en citer que quelques-uns. Cependant, c&rsquo;est l&rsquo;\u0153uvre d&rsquo;Ali Abdullatif Ahmida qui constitue une v\u00e9ritable accusation de g\u00e9nocide, juridiquement coh\u00e9rente avec les crit\u00e8res d\u00e9finis par Raphael Lemkin, fondateur des \u00e9tudes sur le g\u00e9nocide, et adopt\u00e9s par la suite par la Convention des Nations Unies de 1948 pour la pr\u00e9vention et la r\u00e9pression du crime de g\u00e9nocide <\/span><a class=\"GKQb5 _9HA3o\" href=\"https:\/\/www.machina-deriveapprodi.com\/post\/dimenticare-la-libia-ignorare-gaza#_ftn11\" target=\"_blank\" rel=\"noopener\" data-hook=\"web-link\"><u><span dir=\"auto\">[11]<\/span><\/u><\/a><span dir=\"auto\"> . C&rsquo;est ce m\u00eame code juridique auquel la Rapporteuse sp\u00e9ciale des Nations Unies pour les territoires palestiniens occup\u00e9s, Francesca Albanese, s&rsquo;est r\u00e9f\u00e9r\u00e9e pour \u00e9tayer l&rsquo;argumentation relative au g\u00e9nocide \u00e0 Gaza <\/span><a class=\"GKQb5 _9HA3o\" href=\"https:\/\/www.machina-deriveapprodi.com\/post\/dimenticare-la-libia-ignorare-gaza#_ftn12\" target=\"_blank\" rel=\"noopener\" data-hook=\"web-link\"><u><span dir=\"auto\">[12]<\/span><\/u><\/a><span dir=\"auto\"> . Lemkin a identifi\u00e9 comme conditions n\u00e9cessaires \u00e0 la formalisation de l&rsquo;accusation de g\u00e9nocide\u00a0: 1. l&rsquo;intentionnalit\u00e9 du meurtre et 2. la mise en \u0153uvre de politiques visant \u00e0 d\u00e9truire le mode de vie physique, biologique et culturel d&rsquo;un peuple. Nous avons d\u00e9j\u00e0 abord\u00e9 la seconde condition. Concernant le premier point, dans le cas libyen, l&rsquo;intentionnalit\u00e9 appara\u00eet clairement dans les documents d&rsquo;archives qui attestent de la volont\u00e9 de l&rsquo;\u00c9tat fasciste d&rsquo;an\u00e9antir la r\u00e9sistance, quitte \u00e0 frapper indistinctement la population civile. C&rsquo;est une rh\u00e9torique que nous avons appris \u00e0 reconna\u00eetre\u00a0: combien de fois, ces derni\u00e8res ann\u00e9es, Isra\u00ebl a-t-il d\u00e9nonc\u00e9 l&rsquo;existence de \u00ab\u00a0cachettes du Hamas\u00a0\u00bb sous des \u00e9coles et des h\u00f4pitaux bombard\u00e9s\u00a0? Concernant la Libye, il existe une lettre du gouverneur Badoglio au g\u00e9n\u00e9ral Graziani, dat\u00e9e du 20\u00a0juin\u00a01930, dans laquelle le gouverneur affirmait la n\u00e9cessit\u00e9 de cr\u00e9er une large et nette s\u00e9paration territoriale entre les rebelles et la population soumise, admettant qu&rsquo;une telle mesure aurait pu entra\u00eener leur ruine <\/span><a class=\"GKQb5 _9HA3o\" href=\"https:\/\/www.machina-deriveapprodi.com\/post\/dimenticare-la-libia-ignorare-gaza#_ftn13\" target=\"_blank\" rel=\"noopener\" data-hook=\"web-link\"><u><span dir=\"auto\">[13]<\/span><\/u><\/a><span dir=\"auto\"> . Un prix jug\u00e9 acceptable, en somme, car ces vies \u00e9taient consid\u00e9r\u00e9es comme sacrifiables, d\u00e9shumanis\u00e9es, r\u00e9duites \u00e0 de la chair \u00e0 canon. On pense alors <\/span><a class=\"GKQb5 _9HA3o\" href=\"https:\/\/www.aljazeera.com\/video\/newsfeed\/2023\/10\/9\/israeli-defence-minister-orders-complete-siege-on-gaza\" target=\"_blank\" rel=\"noopener\" data-hook=\"web-link\"><u><span dir=\"auto\">aux d\u00e9clarations de Netanyahu et de Gallant<\/span><\/u><\/a><span dir=\"auto\"> \u00a0sur la pr\u00e9tendue animalit\u00e9 des Palestiniens, qui auraient justifi\u00e9 leur massacre et leur d\u00e9portation. Nous poss\u00e9dons \u00e9galement des preuves de ces d\u00e9portations : les trois g\u00e9n\u00e9raux italiens les plus grad\u00e9s \u2013 Graziani, De Bono et Badoglio \u2013 ont ordonn\u00e9 la d\u00e9portation forc\u00e9e d&rsquo;environ deux tiers de la population de l&rsquo;est de la Libye, soit 110\u00a0000 personnes, transf\u00e9r\u00e9es par voie maritime et terrestre vers des camps de concentration durant le rude hiver 1929. <\/span><a class=\"GKQb5 _9HA3o\" href=\"https:\/\/ilmanifesto.it\/da-gaza-alla-siria-deportazioni-di-massa-per-stati-etnicamente-puri\" target=\"_blank\" rel=\"noopener\" data-hook=\"web-link\"><u><span dir=\"auto\">Ceci rappelle les n\u00e9gociations men\u00e9es avec les \u00c9tats-Unis et les pays voisins concernant la d\u00e9portation des Gazaouis.<\/span><\/u><\/a><span dir=\"auto\"> \u00a0Les similitudes entre ces \u00e9v\u00e9nements sont si nombreuses et pr\u00e9cises qu&rsquo;elles t\u00e9moignent de bien plus qu&rsquo;une simple co\u00efncidence\u00a0: elles r\u00e9v\u00e8lent plut\u00f4t les \u00e9tapes d&rsquo;une m\u00e9thode, une m\u00e9thodologie possible de nettoyage ethnique.<\/span><\/span><\/p>\n<\/div>\n<div data-hook=\"rcv-block29\"><\/div>\n<div data-breakout=\"normal\">\n<div id=\"viewer-rclmg37697\" class=\"DFnp0 WloJR nsGWt _6qLM3\" dir=\"auto\"><span class=\"akGp8\">\u00a0<\/span><\/div>\n<\/div>\n<div data-hook=\"rcv-block30\"><\/div>\n<div data-breakout=\"normal\">\n<div id=\"viewer-q9z9o37941\" class=\"DFnp0 WloJR nsGWt _6qLM3\" dir=\"auto\"><span class=\"akGp8\">\u00a0<\/span><\/div>\n<\/div>\n<div data-hook=\"rcv-block31\"><\/div>\n<div data-breakout=\"normal\">\n<p id=\"viewer-g2csc46234\" class=\"DFnp0 WloJR nsGWt _6qLM3\" dir=\"auto\"><span class=\"akGp8\"><strong><span dir=\"auto\">Les noms d&rsquo;hier, les noms d&rsquo;aujourd&rsquo;hui<\/span><\/strong><\/span><\/p>\n<\/div>\n<div data-hook=\"rcv-block32\"><\/div>\n<div data-breakout=\"normal\">\n<p id=\"viewer-pjzor374\" class=\"DFnp0 WloJR _52NHI _6qLM3\" dir=\"auto\"><span class=\"akGp8\"><span dir=\"auto\">\u00abAvant Auschwitz, il y eut Agalia, Slug, Braiga et Magrun\u00bb <\/span><a class=\"GKQb5 _9HA3o\" href=\"https:\/\/www.machina-deriveapprodi.com\/post\/dimenticare-la-libia-ignorare-gaza#_ftn14\" target=\"_blank\" rel=\"noopener\" data-hook=\"web-link\"><u><span dir=\"auto\">[14]<\/span><\/u><\/a><span dir=\"auto\"> . Aujourd\u2019hui, il y a Gaza. L\u2019histoire du syst\u00e8me capitaliste et colonial est jalonn\u00e9e de g\u00e9nocides, mais nous peinons encore \u00e0 les reconna\u00eetre. Il existe une continuit\u00e9 entre le g\u00e9nocide nazi en Europe, le g\u00e9nocide isra\u00e9lien en Palestine et le g\u00e9nocide italien en Libye. Aim\u00e9 C\u00e9saire \u00e9crivait en 1955 que ce qui scandalise la conscience bourgeoise, chr\u00e9tienne et humaniste du XXe si\u00e8cle, confront\u00e9e au g\u00e9nocide juif, n\u2019est pas tant qu\u2019un g\u00e9nocide ait \u00e9t\u00e9 commis en Europe, mais \u00able fait d\u2019avoir appliqu\u00e9 en Europe ces traitements typiquement coloniaux qui, jusque-l\u00e0, \u00e9taient l\u2019apanage exclusif des Arabes d\u2019Alg\u00e9rie, des <\/span><em><span dir=\"auto\">coolies<\/span><\/em><span dir=\"auto\"> des Indes et des Noirs d\u2019Afrique\u00bb <\/span><a class=\"GKQb5 _9HA3o\" href=\"https:\/\/www.machina-deriveapprodi.com\/post\/dimenticare-la-libia-ignorare-gaza#_ftn15\" target=\"_blank\" rel=\"noopener\" data-hook=\"web-link\"><u><span dir=\"auto\">[15]<\/span><\/u><\/a><span dir=\"auto\"> . Aujourd&rsquo;hui encore, ce double standard hante notre m\u00e9moire, les programmes scolaires, les rues de nos villes, les conversations que nous avons peur ou que nous sommes incapables d&rsquo;avoir : une m\u00e9moire qui s\u00e9lectionne ce qu&rsquo;il faut retenir et ce qu&rsquo;il faut effacer, attribuant des valeurs diff\u00e9rentes aux vies en fonction de leur appartenance pr\u00e9sum\u00e9e aux hi\u00e9rarchies raciales qui structurent encore cette soci\u00e9t\u00e9.<\/span><\/span><\/p>\n<\/div>\n<div data-hook=\"rcv-block33\"><\/div>\n<div data-breakout=\"normal\">\n<p id=\"viewer-0z078382\" class=\"DFnp0 WloJR _52NHI _6qLM3\" dir=\"auto\"><span class=\"akGp8\"><span dir=\"auto\">En Italie, le souvenir du g\u00e9nocide libyen a \u00e9t\u00e9 d\u00e9lib\u00e9r\u00e9ment effac\u00e9. Les fascistes souhaitaient faire dispara\u00eetre ce crime des archives internationales\u00a0; ils ont diffus\u00e9 une propagande \u00e0 leur effigie et dissimul\u00e9 les documents relatifs aux massacres. Ce silence historiographique a \u00e9t\u00e9 encourag\u00e9 par le reste de l\u2019Europe et l\u2019Occident\u00a0: de plus, les Alli\u00e9s, dans le contexte de la Guerre froide, avaient besoin d\u2019anciens responsables fascistes et ont exerc\u00e9 des pressions pour \u00e9viter un proc\u00e8s de type Nuremberg contre l\u2019Italie, comme l\u2019avait demand\u00e9 la Yougoslavie de Tito, alors alli\u00e9e de l\u2019URSS <\/span><a class=\"GKQb5 _9HA3o\" href=\"https:\/\/www.machina-deriveapprodi.com\/post\/dimenticare-la-libia-ignorare-gaza#_ftn16\" target=\"_blank\" rel=\"noopener\" data-hook=\"web-link\"><u><span dir=\"auto\">[16]<\/span><\/u><\/a><span dir=\"auto\"> . Ainsi, aucun responsable n\u2019a \u00e9t\u00e9 jug\u00e9 comme il se doit. <\/span><a class=\"GKQb5 _9HA3o\" href=\"https:\/\/www.airl.it\/2014\/06\/25\/comunicato-congiunto-roma-4-luglio-1998\/\" target=\"_blank\" rel=\"noopener\" data-hook=\"web-link\"><u><span dir=\"auto\">En 1998, l\u2019Italie a partiellement reconnu les atrocit\u00e9s commises, sans toutefois mentionner le g\u00e9nocide ni en assumer l\u2019enti\u00e8re responsabilit\u00e9.<\/span><\/u><\/a><span dir=\"auto\"> \u00a0Cette reconnaissance n\u2019a pas contribu\u00e9 \u00e0 panser les plaies de l\u2019histoire\u00a0: les souffrances endur\u00e9es dans les camps et la perte durable de dignit\u00e9 et d\u2019autonomie ont laiss\u00e9 des cicatrices profondes dans la conscience nationale libyenne. Cela a \u00e9galement marqu\u00e9 la conscience du colonisateur, la conscience italienne : il est impossible de faire face aux cons\u00e9quences de la violence inflig\u00e9e en la dissimulant, et cette omission ne fait que renforcer les structures \u00e9motionnelles et sociales qui perp\u00e9tuent cette violence et pr\u00e9parent le terrain \u00e0 sa r\u00e9apparition. Si nous ne nous souvenons pas du g\u00e9nocide en Libye, nous ne r\u00e9alisons pas que \u00ab la soci\u00e9t\u00e9 italienne est une soci\u00e9t\u00e9 post-g\u00e9nocidaire \u00bb <\/span><a class=\"GKQb5 _9HA3o\" href=\"https:\/\/www.machina-deriveapprodi.com\/post\/dimenticare-la-libia-ignorare-gaza#_ftn17\" target=\"_blank\" rel=\"noopener\" data-hook=\"web-link\"><u><span dir=\"auto\">[17]<\/span><\/u><\/a><span dir=\"auto\"> : une soci\u00e9t\u00e9 qui a commis un g\u00e9nocide et qui vit d\u00e9sormais dans le temps qui suit. Il est choquant d&rsquo;imaginer vivre \u00e0 cette \u00e9poque sans le savoir. Peut-\u00eatre, face \u00e0 ce qui se passe \u00e0 Gaza ces derni\u00e8res ann\u00e9es, pouvons-nous prendre conscience de la gravit\u00e9 de la situation. C&rsquo;est une dette envers les peuples colonis\u00e9s, et aussi un vol de notre m\u00e9moire : comment vivre sans m\u00e9moire ? Quelle image authentique pouvons-nous avoir de nous-m\u00eames sans cette pi\u00e8ce si importante de notre histoire ? Et qui est responsable de cette omission ?<\/span><\/span><\/p>\n<\/div>\n<div data-hook=\"rcv-block34\"><\/div>\n<div data-breakout=\"normal\">\n<div id=\"viewer-zq29w390\" class=\"DFnp0 WloJR _52NHI _6qLM3\" dir=\"auto\"><span class=\"akGp8\">\u00a0<\/span><\/div>\n<\/div>\n<div data-hook=\"rcv-block35\"><\/div>\n<div data-breakout=\"normal\">\n<div id=\"viewer-psfon60778\" class=\"DFnp0 WloJR _52NHI _6qLM3\" dir=\"auto\"><span class=\"akGp8\">\u00a0<\/span><\/div>\n<\/div>\n<div data-hook=\"rcv-block36\"><\/div>\n<div data-breakout=\"normal\">\n<p id=\"viewer-hnhvq60934\" class=\"DFnp0 WloJR _52NHI _6qLM3\" dir=\"auto\"><span class=\"akGp8\"><strong><span dir=\"auto\">Notes<\/span><\/strong><\/span><\/p>\n<\/div>\n<div data-hook=\"rcv-block37\"><\/div>\n<div data-breakout=\"normal\">\n<p id=\"viewer-39y5m494\" class=\"DFnp0 WloJR _52NHI _6qLM3\" dir=\"auto\"><span class=\"akGp8\"><a class=\"GKQb5 _9HA3o\" href=\"https:\/\/www.machina-deriveapprodi.com\/post\/dimenticare-la-libia-ignorare-gaza#_ftnref1\" target=\"_blank\" rel=\"noopener\" data-hook=\"web-link\"><u><span dir=\"auto\">[1]<\/span><\/u><\/a><span dir=\"auto\"> \u00a0Cfr. Freire, P. 1971.<\/span><em><span dir=\"auto\"> La p\u00e9dagogie des opprim\u00e9s<\/span><\/em><span dir=\"auto\"> , Mondadori, Milan, cit\u00e9 dans Jabr, S. 2024.<\/span><em><span dir=\"auto\"> Le temps du g\u00e9nocide<\/span><\/em><span dir=\"auto\"> , Sensentiallefoglie, Rome, p. 30 et suiv.<\/span><\/span><\/p>\n<\/div>\n<div data-hook=\"rcv-block38\"><\/div>\n<div data-breakout=\"normal\">\n<p id=\"viewer-yjymg497\" class=\"DFnp0 WloJR _52NHI _6qLM3\" dir=\"auto\"><span class=\"akGp8\"><a class=\"GKQb5 _9HA3o\" href=\"https:\/\/www.machina-deriveapprodi.com\/post\/dimenticare-la-libia-ignorare-gaza#_ftnref2\" target=\"_blank\" rel=\"noopener\" data-hook=\"web-link\"><u><span dir=\"auto\">[2]<\/span><\/u><\/a><span dir=\"auto\"><em> Voir<\/em> les contributions de Cedric Robinson, George Padmore, Albert Memmi, Walter Rodney, Langston Hughes, Amiri Baraka rapport\u00e9es dans Toscano, A. 2024.<em> Late Fascism. The Racist Roots of the Right in Power,<\/em> Bologna, DeriveApprodi, p. 33 et seq.<\/span>\u00a0<\/span><\/p>\n<\/div>\n<div data-hook=\"rcv-block39\"><\/div>\n<div data-breakout=\"normal\">\n<p id=\"viewer-p5j3w504\" class=\"DFnp0 WloJR _52NHI _6qLM3\" dir=\"auto\"><span class=\"akGp8\"><a class=\"GKQb5 _9HA3o\" href=\"https:\/\/www.machina-deriveapprodi.com\/post\/dimenticare-la-libia-ignorare-gaza#_ftnref3\" target=\"_blank\" rel=\"noopener\" data-hook=\"web-link\"><u><span dir=\"auto\">[3]<\/span><\/u><\/a><span dir=\"auto\"><em> Cf.<\/em> \u00a0Curcio, A. 2024.<em> L&rsquo;Italie est un pays raciste,<\/em> DeriveApprodi, Bologne ; Del Boca, A. 2008.<em> Les Italiens, de bonnes personnes ?<\/em> Neri Pozza, Vicence.<\/span>\u00a0<\/span><\/p>\n<\/div>\n<div data-hook=\"rcv-block40\"><\/div>\n<div data-breakout=\"normal\">\n<p id=\"viewer-wqabm513\" class=\"DFnp0 WloJR _52NHI _6qLM3\" dir=\"auto\"><span class=\"akGp8\"><a class=\"GKQb5 _9HA3o\" href=\"https:\/\/www.machina-deriveapprodi.com\/post\/dimenticare-la-libia-ignorare-gaza#_ftnref4\" target=\"_blank\" rel=\"noopener\" data-hook=\"web-link\"><u><span dir=\"auto\">[4]<\/span><\/u><\/a><span dir=\"auto\"> \u00a0Baldwin, J. 2010 [1984]. \u00abOn Being White\u2026and Other Lies\u00bb, dans Kenan, R. (\u00e9d.),<\/span><em><span dir=\"auto\"> The Cross of Redemption: Uncollected Writings<\/span><\/em><span dir=\"auto\"> , Pantheon Books, New York, p. 166.<\/span><\/span><\/p>\n<\/div>\n<div data-hook=\"rcv-block41\"><\/div>\n<div data-breakout=\"normal\">\n<p id=\"viewer-h35vz518\" class=\"DFnp0 WloJR _52NHI _6qLM3\" dir=\"auto\"><span class=\"akGp8\"><a class=\"GKQb5 _9HA3o\" href=\"https:\/\/www.machina-deriveapprodi.com\/post\/dimenticare-la-libia-ignorare-gaza#_ftnref5\" target=\"_blank\" rel=\"noopener\" data-hook=\"web-link\"><u><span dir=\"auto\">[5]<\/span><\/u><\/a><span dir=\"auto\"> \u00a0Mignolo, Walter. 2010. \u00ab\u00a0D\u00e9connexion\u00a0: la rh\u00e9torique de la modernit\u00e9, la logique de la colonialit\u00e9 et la grammaire de la d\u00e9colonialit\u00e9\u00a0\u00bb. Dans Mignolo, W. Escobar, A. (dir.),<\/span><em><span dir=\"auto\"> Mondialisation et option d\u00e9coloniale,<\/span><\/em><span dir=\"auto\"> \u00a0p.\u00a0302-368. Londres\/New York\u00a0: Routledge\u00a0; Lugones, M. Jim\u00e9nez-Lucena, I. Tlostanova, M. 2023.<\/span><em><span dir=\"auto\"> Genre et d\u00e9colonialit\u00e9,<\/span><\/em><span dir=\"auto\"> ombrecorte, V\u00e9rone.<\/span><\/span><\/p>\n<\/div>\n<div data-hook=\"rcv-block42\"><\/div>\n<div data-breakout=\"normal\">\n<p id=\"viewer-cvthl525\" class=\"DFnp0 WloJR _52NHI _6qLM3\" dir=\"auto\"><span class=\"akGp8\"><a class=\"GKQb5 _9HA3o\" href=\"https:\/\/www.machina-deriveapprodi.com\/post\/dimenticare-la-libia-ignorare-gaza#_ftnref6\" target=\"_blank\" rel=\"noopener\" data-hook=\"web-link\"><u><span dir=\"auto\">[6]<\/span><\/u><\/a><span dir=\"auto\"> \u00a0Conelli, C. 2022.<\/span><em><span dir=\"auto\"> Le revers de la nation. La construction coloniale de l&rsquo;id\u00e9e du Sud,<\/span><\/em><span dir=\"auto\"> tamu, Naples.<\/span><\/span><\/p>\n<\/div>\n<div data-hook=\"rcv-block43\"><\/div>\n<div data-breakout=\"normal\">\n<p id=\"viewer-u6ifb530\" class=\"DFnp0 WloJR _52NHI _6qLM3\" dir=\"auto\"><span class=\"akGp8\"><a class=\"GKQb5 _9HA3o\" href=\"https:\/\/www.machina-deriveapprodi.com\/post\/dimenticare-la-libia-ignorare-gaza#_ftnref7\" target=\"_blank\" rel=\"noopener\" data-hook=\"web-link\"><u><span dir=\"auto\">[7]<\/span><\/u><\/a><span dir=\"auto\"><em> Voir<\/em> Mbembe, A. 2002. \u00ab Le pouvoir des archives et ses limites \u00bb, dans Hamilton, C., Harris, V., Taylor, J., Pickover, M., Reid, G., Saleh, R. (\u00e9d.),<em> Refiguring the Archive<\/em> , Springer, Dordrecht.<\/span>\u00a0<\/span><\/p>\n<\/div>\n<div data-hook=\"rcv-block44\"><\/div>\n<div data-breakout=\"normal\">\n<p id=\"viewer-7j4t9537\" class=\"DFnp0 WloJR _52NHI _6qLM3\" dir=\"auto\"><span class=\"akGp8\"><a class=\"GKQb5 _9HA3o\" href=\"https:\/\/www.machina-deriveapprodi.com\/post\/dimenticare-la-libia-ignorare-gaza#_ftnref8\" target=\"_blank\" rel=\"noopener\" data-hook=\"web-link\"><u><span dir=\"auto\">[8]<\/span><\/u><\/a><span dir=\"auto\"><em> Voir<\/em> Ahmida, AA 2024.<em> \u00a0\u00ab\u00a0Confronting Silence and Cover-Up of the Colonial Genocide in Libya: Researching Italian Fascism from the Standpoint of Its Victims\u00a0\u00bb,<\/em> dans \u00ab\u00a0Comparative Studies of South Asia, Africa and the Middle East\u00a0\u00bb, 44 (3)\u00a0: 391\u2013395\u00a0; Ahmida AA2023.<em> \u00ab\u00a0Eurocentrism, Silence and Memory of Genocide in Colonial Libya, 1929\u20131934<\/em>\u00a0\u00bb, dans Kiernan B, Lower W, Naimark N, Straus S, dir., The Cambridge World History of Genocide, Cambridge University Press, p.\u00a0118-140\u00a0; Ahmida, AA2020.<em> \u00a0Genocide in Libya. Shar, a Hidden Colonial History,<\/em> Routledge, Londres.<\/span>\u00a0<em>\u00a0<\/em><em>\u00a0<\/em><\/span><\/p>\n<\/div>\n<div data-hook=\"rcv-block45\"><\/div>\n<div data-breakout=\"normal\">\n<p id=\"viewer-a3pqj552\" class=\"DFnp0 WloJR _52NHI _6qLM3\" dir=\"auto\"><span class=\"akGp8\"><a class=\"GKQb5 _9HA3o\" href=\"https:\/\/www.machina-deriveapprodi.com\/post\/dimenticare-la-libia-ignorare-gaza#_ftnref9\" target=\"_blank\" rel=\"noopener\" data-hook=\"web-link\"><u><span dir=\"auto\">[9]<\/span><\/u><\/a><span dir=\"auto\"> \u00a0Assembl\u00e9e g\u00e9n\u00e9rale des Nations Unies, 1998.<\/span><em><span dir=\"auto\"> Statut de Rome de la Cour p\u00e9nale internationale (1998),<\/span><\/em><span dir=\"auto\"> art. 8 (2)(e)(XVIII).<\/span><\/span><\/p>\n<\/div>\n<div data-hook=\"rcv-block46\"><\/div>\n<div data-breakout=\"normal\">\n<p id=\"viewer-5nl4x557\" class=\"DFnp0 WloJR _52NHI _6qLM3\" dir=\"auto\"><span class=\"akGp8\"><a class=\"GKQb5 _9HA3o\" href=\"https:\/\/www.machina-deriveapprodi.com\/post\/dimenticare-la-libia-ignorare-gaza#_ftnref10\" target=\"_blank\" rel=\"noopener\" data-hook=\"web-link\"><u><span dir=\"auto\">[10]<\/span><\/u><\/a><span dir=\"auto\"> \u00a0Bernhard, P. 2013.<\/span><em><span dir=\"auto\"> Emprunter \u00e0 Mussolini : les aspirations coloniales de l&rsquo;Allemagne nazie \u00e0 l&rsquo;ombre de l&rsquo;expansionnisme italien,<\/span><\/em><span dir=\"auto\"> dans \u00ab The Journal of Imperial and Commonwealth History \u00bb, 41(4), 617\u2013643.<\/span><\/span><\/p>\n<\/div>\n<div data-hook=\"rcv-block47\"><\/div>\n<div data-breakout=\"normal\">\n<p id=\"viewer-0ovzp562\" class=\"DFnp0 WloJR _52NHI _6qLM3\" dir=\"auto\"><span class=\"akGp8\"><a class=\"GKQb5 _9HA3o\" href=\"https:\/\/www.machina-deriveapprodi.com\/post\/dimenticare-la-libia-ignorare-gaza#_ftnref11\" target=\"_blank\" rel=\"noopener\" data-hook=\"web-link\"><u><span dir=\"auto\">[11]<\/span><\/u><\/a><span dir=\"auto\"> \u00a0Assembl\u00e9e g\u00e9n\u00e9rale des Nations Unies, 1948.<\/span><em><span dir=\"auto\"> Convention pour la pr\u00e9vention et la r\u00e9pression du crime de g\u00e9nocide, Nations Unies<\/span><\/em><span dir=\"auto\"> , Recueil des trait\u00e9s, vol. 78, p. 277.<\/span><\/span><\/p>\n<\/div>\n<div data-hook=\"rcv-block48\"><\/div>\n<div data-breakout=\"normal\">\n<p id=\"viewer-xtj5q567\" class=\"DFnp0 WloJR _52NHI _6qLM3\" dir=\"auto\"><span class=\"akGp8\"><a class=\"GKQb5 _9HA3o\" href=\"https:\/\/www.machina-deriveapprodi.com\/post\/dimenticare-la-libia-ignorare-gaza#_ftnref12\" target=\"_blank\" rel=\"noopener\" data-hook=\"web-link\"><u><span dir=\"auto\">[12]<\/span><\/u><\/a><span dir=\"auto\"> \u00a0Albanese, F. 2024.<\/span><em><span dir=\"auto\"> Anatomie d\u2019un g\u00e9nocide \u2013 Rapport du Rapporteur sp\u00e9cial sur la situation des droits de l\u2019homme dans le territoire palestinien occup\u00e9 depuis 1967 au Conseil des droits de l\u2019homme<\/span><\/em><span dir=\"auto\"> \u00a0(A\/HRC\/55\/73).<\/span><\/span><\/p>\n<\/div>\n<div data-hook=\"rcv-block49\"><\/div>\n<div data-breakout=\"normal\">\n<p id=\"viewer-d5evo572\" class=\"DFnp0 WloJR _52NHI _6qLM3\" dir=\"auto\"><span class=\"akGp8\"><a class=\"GKQb5 _9HA3o\" href=\"https:\/\/www.machina-deriveapprodi.com\/post\/dimenticare-la-libia-ignorare-gaza#_ftnref13\" target=\"_blank\" rel=\"noopener\" data-hook=\"web-link\"><u><span dir=\"auto\">[13]<\/span><\/u><\/a><span dir=\"auto\"> \u00a0Pieri, P. Rochat, G. 2002.<\/span><em><span dir=\"auto\"> Pietro Badoglio. Mar\u00e9chal d&rsquo;Italie,<\/span><\/em><span dir=\"auto\"> Mondadori, Milan.<\/span><\/span><\/p>\n<\/div>\n<div data-hook=\"rcv-block50\"><\/div>\n<div data-breakout=\"normal\">\n<p id=\"viewer-m5ekt577\" class=\"DFnp0 WloJR _52NHI _6qLM3\" dir=\"auto\"><span class=\"akGp8\"><a class=\"GKQb5 _9HA3o\" href=\"https:\/\/www.machina-deriveapprodi.com\/post\/dimenticare-la-libia-ignorare-gaza#_ftnref14\" target=\"_blank\" rel=\"noopener\" data-hook=\"web-link\"><u><span dir=\"auto\">[14]<\/span><\/u><\/a><span dir=\"auto\"> \u00a0Ahmida, AA 2020.<\/span><em><span dir=\"auto\"> G\u00e9nocide en Libye. Shar, une histoire coloniale cach\u00e9e,<\/span><\/em><span dir=\"auto\"> Routledge, Londres, p. 10.<\/span><\/span><\/p>\n<\/div>\n<div data-hook=\"rcv-block51\"><\/div>\n<div data-breakout=\"normal\">\n<p id=\"viewer-ofimw582\" class=\"DFnp0 WloJR _52NHI _6qLM3\" dir=\"auto\"><span class=\"akGp8\"><a class=\"GKQb5 _9HA3o\" href=\"https:\/\/www.machina-deriveapprodi.com\/post\/dimenticare-la-libia-ignorare-gaza#_ftnref15\" target=\"_blank\" rel=\"noopener\" data-hook=\"web-link\"><u><span dir=\"auto\">[15]<\/span><\/u><\/a><span dir=\"auto\"> \u00a0C\u00e9saire, A. [1955] 2020.<\/span><em><span dir=\"auto\"> Discours sur le colonialisme,<\/span><\/em><span dir=\"auto\"> ombrecorte, V\u00e9rone, p. 57.<\/span><\/span><\/p>\n<\/div>\n<div data-hook=\"rcv-block52\"><\/div>\n<div data-breakout=\"normal\">\n<p id=\"viewer-8rpp9587\" class=\"DFnp0 WloJR _52NHI _6qLM3\" dir=\"auto\"><span class=\"akGp8\"><a class=\"GKQb5 _9HA3o\" href=\"https:\/\/www.machina-deriveapprodi.com\/post\/dimenticare-la-libia-ignorare-gaza#_ftnref16\" target=\"_blank\" rel=\"noopener\" data-hook=\"web-link\"><u><span dir=\"auto\">[16]<\/span><\/u><\/a><span dir=\"auto\"><em> Voir<\/em> Battini, M. 2003.<em> P\u00e9ch\u00e9s de m\u00e9moire. Le Nuremberg italien manqu\u00e9,<\/em> Laterza, Bari, p. 70 et suiv.<\/span>\u00a0<\/span><\/p>\n<\/div>\n<div data-hook=\"rcv-block53\"><\/div>\n<div data-breakout=\"normal\">\n<p id=\"viewer-wn3rs594\" class=\"DFnp0 WloJR _52NHI _6qLM3\" dir=\"auto\"><span class=\"akGp8\"><a class=\"GKQb5 _9HA3o\" href=\"https:\/\/www.machina-deriveapprodi.com\/post\/dimenticare-la-libia-ignorare-gaza#_ftnref17\" target=\"_blank\" rel=\"noopener\" data-hook=\"web-link\"><u><span dir=\"auto\">[17]<\/span><\/u><\/a><span dir=\"auto\"> \u00a0Ahmida,<\/span><em><span dir=\"auto\"> op. cit.<\/span><\/em><span dir=\"auto\"> p. 8.<\/span><\/span><\/p>\n<\/div>\n<div data-hook=\"rcv-block54\"><\/div>\n<div data-breakout=\"normal\">\n<div id=\"viewer-0w5nm67227\" class=\"DFnp0 WloJR _52NHI _6qLM3\" dir=\"auto\"><span class=\"akGp8\">\u00a0<\/span><\/div>\n<\/div>\n<div data-hook=\"rcv-block55\"><\/div>\n<div data-breakout=\"normal\">\n<div id=\"viewer-ulkmx67476\" class=\"DFnp0 WloJR _52NHI _6qLM3\" dir=\"auto\"><span class=\"akGp8\">\u00a0<\/span><\/div>\n<\/div>\n<div data-hook=\"rcv-block56\"><\/div>\n<div data-breakout=\"normal\">\n<p id=\"viewer-rnvaj392\" class=\"DFnp0 WloJR _52NHI _6qLM3\" dir=\"auto\"><span class=\"akGp8\"><strong><span dir=\"auto\">Bibliographie<\/span><\/strong><\/span><\/p>\n<\/div>\n<div data-hook=\"rcv-block57\"><\/div>\n<div data-breakout=\"normal\">\n<ul class=\"iSjXG nsGWt\">\n<li class=\"nsLwz\" dir=\"auto\" aria-level=\"1\">\n<p id=\"viewer-vikyz49662\" class=\"DFnp0 WloJR _52NHI _6qLM3\" dir=\"\"><span class=\"akGp8\"><span dir=\"auto\">Ahmida, AA, 2024.<\/span><em><span dir=\"auto\"> Confronting Silence and Cover-Up of the Colonial Genocide in Libya: Researching Italian Fascism from the Standpoint of Its Victims,<\/span><\/em><span dir=\"auto\"> in \u00abComparative Studies of South Asia, Africa and the Middle East\u00bb, 44 (3): 391\u2013395.<\/span><\/span><\/p>\n<\/li>\n<li class=\"nsLwz\" dir=\"auto\" aria-level=\"1\">\n<p id=\"viewer-jbyqs397\" class=\"DFnp0 WloJR _52NHI _6qLM3\" dir=\"\"><span class=\"akGp8\"><span dir=\"auto\">Ahmida, AA, 2023. \u00abEurocentrisme, silence et m\u00e9moire du g\u00e9nocide dans la Libye coloniale, 1929-1934\u00bb, dans Kiernan B, Lower W, Naimark N, Straus S, \u00e9d.\u00a0<\/span><em><span dir=\"auto\"> The Cambridge World History of Genocide<\/span><\/em><span dir=\"auto\"> , Cambridge University Press, pp. 118-140.<\/span><\/span><\/p>\n<\/li>\n<li class=\"nsLwz\" dir=\"auto\" aria-level=\"1\">\n<p id=\"viewer-j7sao401\" class=\"DFnp0 WloJR _52NHI _6qLM3\" dir=\"\"><span class=\"akGp8\"><span dir=\"auto\">Ahmida, AA, 2020.<\/span><em><span dir=\"auto\"> G\u00e9nocide en Libye. Shar, une histoire coloniale cach\u00e9e,<\/span><\/em><span dir=\"auto\"> Routledge, Londres.<\/span><\/span><\/p>\n<\/li>\n<li class=\"nsLwz\" dir=\"auto\" aria-level=\"1\">\n<p id=\"viewer-igzfu405\" class=\"DFnp0 WloJR _52NHI _6qLM3\" dir=\"\"><span class=\"akGp8\"><span dir=\"auto\">Albanese, F. 2024.<\/span><em><span dir=\"auto\"> Anatomie d\u2019un g\u00e9nocide \u2013 Rapport du Rapporteur sp\u00e9cial sur la situation des droits de l\u2019homme dans le territoire palestinien occup\u00e9 depuis 1967<\/span><\/em><span dir=\"auto\"> (A\/HRC\/55\/73).<\/span><\/span><\/p>\n<\/li>\n<li class=\"nsLwz\" dir=\"auto\" aria-level=\"1\">\n<p id=\"viewer-x6b0u409\" class=\"DFnp0 WloJR _52NHI _6qLM3\" dir=\"\"><span class=\"akGp8\"><span dir=\"auto\">Baldwin, J. 2010 [1984]. \u00ab\u00a0\u00catre blanc\u2026 et autres mensonges\u00a0\u00bb, dans Kenan, R. (\u00e9d.),<\/span><em><span dir=\"auto\"> La Croix de la R\u00e9demption\u00a0: \u00c9crits in\u00e9dits<\/span><\/em><span dir=\"auto\"> , Pantheon Books, New York.<\/span><\/span><\/p>\n<\/li>\n<li class=\"nsLwz\" dir=\"auto\" aria-level=\"1\">\n<p id=\"viewer-bxsbu413\" class=\"DFnp0 WloJR _52NHI _6qLM3\" dir=\"\"><span class=\"akGp8\"><span dir=\"auto\">Battini, M. 2003.<\/span><em><span dir=\"auto\"> Les p\u00e9ch\u00e9s de la m\u00e9moire : l&rsquo;\u00e9chec italien de Nuremberg,<\/span><\/em><span dir=\"auto\"> Laterza, Bari.<\/span><\/span><\/p>\n<\/li>\n<li class=\"nsLwz\" dir=\"auto\" aria-level=\"1\">\n<p id=\"viewer-df53n417\" class=\"DFnp0 WloJR _52NHI _6qLM3\" dir=\"\"><span class=\"akGp8\"><span dir=\"auto\">Bernhard, P. 2013.<\/span><em><span dir=\"auto\"> Emprunter \u00e0 Mussolini : les aspirations coloniales de l&rsquo;Allemagne nazie \u00e0 l&rsquo;ombre de l&rsquo;expansionnisme italien,<\/span><\/em><span dir=\"auto\"> dans The Journal of Imperial and Commonwealth History, 41(4), 617\u2013643.<\/span><\/span><\/p>\n<\/li>\n<li class=\"nsLwz\" dir=\"auto\" aria-level=\"1\">\n<p id=\"viewer-52s2r421\" class=\"DFnp0 WloJR _52NHI _6qLM3\" dir=\"\"><span class=\"akGp8\"><span dir=\"auto\">Borruso, P. 2021.<\/span><em><span dir=\"auto\"> Debre Libanos 1937,<\/span><\/em><span dir=\"auto\"> Laterza, Bari.<\/span><\/span><\/p>\n<\/li>\n<li class=\"nsLwz\" dir=\"auto\" aria-level=\"1\">\n<p id=\"viewer-rplu4425\" class=\"DFnp0 WloJR _52NHI _6qLM3\" dir=\"\"><span class=\"akGp8\"><span dir=\"auto\">C\u00e9saire, A. [1955] 2020.<\/span><em><span dir=\"auto\"> Discours sur le colonialisme,<\/span><\/em><span dir=\"auto\"> ombrecorte, V\u00e9rone.<\/span><\/span><\/p>\n<\/li>\n<li class=\"nsLwz\" dir=\"auto\" aria-level=\"1\">\n<p id=\"viewer-yp7b1429\" class=\"DFnp0 WloJR _52NHI _6qLM3\" dir=\"\"><span class=\"akGp8\"><span dir=\"auto\">Conelli, C. 2022.<\/span><em><span dir=\"auto\"> L&rsquo;envers de la nation : la construction coloniale de l&rsquo;id\u00e9e d&rsquo;Italie du Sud,<\/span><\/em><span dir=\"auto\"> tamu, Naples.<\/span><\/span><\/p>\n<\/li>\n<li class=\"nsLwz\" dir=\"auto\" aria-level=\"1\">\n<p id=\"viewer-jspx0433\" class=\"DFnp0 WloJR _52NHI _6qLM3\" dir=\"\"><span class=\"akGp8\"><span dir=\"auto\">Curcio, A. 2024.<\/span><em><span dir=\"auto\"> L&rsquo;Italie est un pays raciste,<\/span><\/em><span dir=\"auto\"> DeriveApprodi, Bologne.<\/span><\/span><\/p>\n<\/li>\n<li class=\"nsLwz\" dir=\"auto\" aria-level=\"1\">\n<p id=\"viewer-46i27437\" class=\"DFnp0 WloJR _52NHI _6qLM3\" dir=\"\"><span class=\"akGp8\"><span dir=\"auto\">Del Boca, A. 2008.<\/span><em><span dir=\"auto\"> Les Italiens, de bonnes personnes ?<\/span><\/em><span dir=\"auto\"> Neri Pozza, Vicence.<\/span><\/span><\/p>\n<\/li>\n<li class=\"nsLwz\" dir=\"auto\" aria-level=\"1\">\n<p id=\"viewer-5dt2x441\" class=\"DFnp0 WloJR _52NHI _6qLM3\" dir=\"\"><span class=\"akGp8\"><span dir=\"auto\">Deplano, V. Pes, A. 2024.<\/span><em><span dir=\"auto\"> Histoire du colonialisme italien,<\/span><\/em><span dir=\"auto\"> Laterza, Bari.<\/span><\/span><\/p>\n<\/li>\n<li class=\"nsLwz\" dir=\"auto\" aria-level=\"1\">\n<p id=\"viewer-29u79445\" class=\"DFnp0 WloJR _52NHI _6qLM3\" dir=\"\"><span class=\"akGp8\"><span dir=\"auto\">Freire, P. 1971.<\/span><em><span dir=\"auto\"> La p\u00e9dagogie des opprim\u00e9s,<\/span><\/em><span dir=\"auto\"> Mondadori, Milan.<\/span><\/span><\/p>\n<\/li>\n<li class=\"nsLwz\" dir=\"auto\" aria-level=\"1\">\n<p id=\"viewer-v5ktb449\" class=\"DFnp0 WloJR _52NHI _6qLM3\" dir=\"\"><span class=\"akGp8\"><span dir=\"auto\">Giuliani, G. 2015.<\/span><em><span dir=\"auto\"> La couleur de la nation,<\/span><\/em><span dir=\"auto\"> Mondadori, Milan.<\/span><\/span><\/p>\n<\/li>\n<li class=\"nsLwz\" dir=\"auto\" aria-level=\"1\">\n<p id=\"viewer-1jnm3453\" class=\"DFnp0 WloJR _52NHI _6qLM3\" dir=\"\"><span class=\"akGp8\"><span dir=\"auto\">Giuliani, G. Lombardi-Diop, C. 2013.<\/span><em><span dir=\"auto\"> Noir et Blanc : Une histoire de l&rsquo;identit\u00e9 raciale des Italiens,<\/span><\/em><span dir=\"auto\"> Mondadori, Milan.<\/span><\/span><\/p>\n<\/li>\n<li class=\"nsLwz\" dir=\"auto\" aria-level=\"1\">\n<p id=\"viewer-yrq4x457\" class=\"DFnp0 WloJR _52NHI _6qLM3\" dir=\"\"><span class=\"akGp8\"><span dir=\"auto\">Hardt, M. 2025.<\/span><em><span dir=\"auto\"> Les ann\u00e9es soixante-dix subversives : la mondialisation des luttes,<\/span><\/em><span dir=\"auto\"> Bologne, DeriveApprodi.<\/span><\/span><\/p>\n<\/li>\n<li class=\"nsLwz\" dir=\"auto\" aria-level=\"1\">\n<p id=\"viewer-85h0l461\" class=\"DFnp0 WloJR _52NHI _6qLM3\" dir=\"\"><span class=\"akGp8\"><span dir=\"auto\">Jabr, S. 2024.<\/span><em><span dir=\"auto\"> Le temps du g\u00e9nocide,<\/span><\/em><span dir=\"auto\"> sensibiliallefoglie, Rome.<\/span><\/span><\/p>\n<\/li>\n<li class=\"nsLwz\" dir=\"auto\" aria-level=\"1\">\n<p id=\"viewer-jqzj9465\" class=\"DFnp0 WloJR _52NHI _6qLM3\" dir=\"\"><span class=\"akGp8\"><span dir=\"auto\">Lugones, M. Jim\u00e9nez-Lucena, I. Tlostanova, M. 2023.<\/span><em><span dir=\"auto\"> Genre et d\u00e9colonialit\u00e9,<\/span><\/em><span dir=\"auto\"> ombrecorte, V\u00e9rone.<\/span><\/span><\/p>\n<\/li>\n<li class=\"nsLwz\" dir=\"auto\" aria-level=\"1\">\n<p id=\"viewer-i6y4j469\" class=\"DFnp0 WloJR _52NHI _6qLM3\" dir=\"\"><span class=\"akGp8\"><span dir=\"auto\">Mbembe, A. 2002. \u00ab Le pouvoir des archives et ses limites \u00bb, dans Hamilton, C., Harris, V., Taylor, J., Pickover, M., Reid, G., Saleh, R. (\u00e9d.),<\/span><em><span dir=\"auto\"> Refigurer les archives<\/span><\/em><span dir=\"auto\"> , Springer, Dordrecht.<\/span><\/span><\/p>\n<\/li>\n<li class=\"nsLwz\" dir=\"auto\" aria-level=\"1\">\n<p id=\"viewer-26edb473\" class=\"DFnp0 WloJR _52NHI _6qLM3\" dir=\"\"><span class=\"akGp8\"><span dir=\"auto\">Pinky, Walter. 2010. \u00ab\u00a0D\u00e9connexion\u00a0: la rh\u00e9torique de la modernit\u00e9, la logique de la colonialit\u00e9 et la grammaire de la d\u00e9colonialit\u00e9\u00a0\u00bb. Dans Mignolo, W. et Escobar, A. (dir.), <\/span><em><span dir=\"auto\">Mondialisation et option d\u00e9coloniale,<\/span><\/em><span dir=\"auto\"> \u00a0p.\u00a0302-368. Londres\/New York\u00a0: Routledge.<\/span><\/span><\/p>\n<\/li>\n<li class=\"nsLwz\" dir=\"auto\" aria-level=\"1\">\n<p id=\"viewer-rfo31477\" class=\"DFnp0 WloJR _52NHI _6qLM3\" dir=\"\"><span class=\"akGp8\"><span dir=\"auto\">Pieri, P. Rochat, G. 2002. <\/span><em><span dir=\"auto\">Pietro Badoglio. Mar\u00e9chal d&rsquo;Italie,<\/span><\/em><span dir=\"auto\"> Mondadori, Milan.<\/span><\/span><\/p>\n<\/li>\n<li class=\"nsLwz\" dir=\"auto\" aria-level=\"1\">\n<p id=\"viewer-5k7u8481\" class=\"DFnp0 WloJR _52NHI _6qLM3\" dir=\"\"><span class=\"akGp8\"><span dir=\"auto\">Toscano, A. 2024. <\/span><em><span dir=\"auto\">Le fascisme tardif : les racines racistes du pouvoir de droite,<\/span><\/em><span dir=\"auto\"> Bologne, DeriveApprodi.<\/span><\/span><\/p>\n<\/li>\n<li class=\"nsLwz\" dir=\"auto\" aria-level=\"1\">\n<p id=\"viewer-o5msx485\" class=\"DFnp0 WloJR _52NHI _6qLM3\" dir=\"\"><span class=\"akGp8\"><span dir=\"auto\">Assembl\u00e9e g\u00e9n\u00e9rale des Nations Unies, 1998. <\/span><em><span dir=\"auto\">Statut de Rome de la Cour p\u00e9nale internationale (1998),<\/span><\/em><span dir=\"auto\"> art. 8 (2)(e)(XVIII).<\/span><\/span><\/p>\n<\/li>\n<li class=\"nsLwz\" dir=\"auto\" aria-level=\"1\">\n<p id=\"viewer-m0ub3489\" class=\"DFnp0 WloJR _52NHI _6qLM3\" dir=\"\"><span class=\"akGp8\"><span dir=\"auto\">Assembl\u00e9e g\u00e9n\u00e9rale des Nations Unies, 1948. <\/span><em><span dir=\"auto\">Convention pour la pr\u00e9vention et la r\u00e9pression du crime de g\u00e9nocide, Nations Unies<\/span><\/em><span dir=\"auto\"> , Recueil des trait\u00e9s, vol. 78, p. 277.<\/span><\/span><\/p>\n<\/li>\n<\/ul>\n<\/div>\n<div data-breakout=\"normal\">\n<p id=\"viewer-40qtr67802\" class=\"DFnp0 WloJR _8YwHG _6qLM3\" dir=\"auto\"><span class=\"akGp8\"><span dir=\"auto\">***<\/span><\/span><\/p>\n<\/div>\n<div data-breakout=\"normal\">\n<p id=\"viewer-viewer-zzfzp5904\" class=\"DFnp0 WloJR nsGWt _6qLM3\" dir=\"auto\"><span class=\"akGp8\"><strong><span dir=\"auto\">Simone Villani<\/span><\/strong><span dir=\"auto\"> \u00a0(1998) est un chercheur, traducteur, chroniqueur et militant pr\u00e9caire. Originaire de Tarente, il vit \u00e0 Bologne.<\/span><\/span><\/p>\n<p dir=\"auto\">SOURCE : <a href=\"https:\/\/www.machina-deriveapprodi.com\/post\/dimenticare-la-libia-ignorare-gaza\">https:\/\/www.machina-deriveapprodi.com\/post\/dimenticare-la-libia-ignorare-gaza<\/a><\/p>\n<\/div>\n<\/div>\n<\/div>\n<\/div>\n<\/div>\n<\/div>\n<\/div>\n<\/section>\n","protected":false},"excerpt":{"rendered":"<p>Le g\u00e9nocide en Palestine n&rsquo;est pas, comme le pr\u00e9sentent la presse et le gouvernement italiens, une trag\u00e9die, une crise humanitaire ou une perversion extr\u00e9miste du gouvernement isra\u00e9lien de Netanyahou. Se rem\u00e9morer le g\u00e9nocide italien en Libye, perp\u00e9tr\u00e9 entre 1924 et 1934, permet de contrer ce r\u00e9cit par une analyse alternative, mat\u00e9rialiste et d\u00e9coloniale, qui envisage &#8230; <a title=\"Oubliez la Libye, ignorez Gaza\" class=\"read-more\" href=\"https:\/\/bruxelles-pantheres.be\/?p=6582\" aria-label=\"En savoir plus sur Oubliez la Libye, ignorez Gaza\">Lire la suite<\/a><\/p>\n","protected":false},"author":1,"featured_media":6031,"comment_status":"open","ping_status":"open","sticky":false,"template":"","format":"standard","meta":{"footnotes":""},"categories":[21,36,6,28],"tags":[12,682,683,685,684],"class_list":["post-6582","post","type-post","status-publish","format-standard","has-post-thumbnail","hentry","category-anti-imperialisme","category-europe","category-palestine-moyen-orient","category-racismes","tag-gaza","tag-italie","tag-libye","tag-simone-villani","tag-umar-al-mukhtar"],"_links":{"self":[{"href":"https:\/\/bruxelles-pantheres.be\/index.php?rest_route=\/wp\/v2\/posts\/6582","targetHints":{"allow":["GET"]}}],"collection":[{"href":"https:\/\/bruxelles-pantheres.be\/index.php?rest_route=\/wp\/v2\/posts"}],"about":[{"href":"https:\/\/bruxelles-pantheres.be\/index.php?rest_route=\/wp\/v2\/types\/post"}],"author":[{"embeddable":true,"href":"https:\/\/bruxelles-pantheres.be\/index.php?rest_route=\/wp\/v2\/users\/1"}],"replies":[{"embeddable":true,"href":"https:\/\/bruxelles-pantheres.be\/index.php?rest_route=%2Fwp%2Fv2%2Fcomments&post=6582"}],"version-history":[{"count":2,"href":"https:\/\/bruxelles-pantheres.be\/index.php?rest_route=\/wp\/v2\/posts\/6582\/revisions"}],"predecessor-version":[{"id":6584,"href":"https:\/\/bruxelles-pantheres.be\/index.php?rest_route=\/wp\/v2\/posts\/6582\/revisions\/6584"}],"wp:featuredmedia":[{"embeddable":true,"href":"https:\/\/bruxelles-pantheres.be\/index.php?rest_route=\/wp\/v2\/media\/6031"}],"wp:attachment":[{"href":"https:\/\/bruxelles-pantheres.be\/index.php?rest_route=%2Fwp%2Fv2%2Fmedia&parent=6582"}],"wp:term":[{"taxonomy":"category","embeddable":true,"href":"https:\/\/bruxelles-pantheres.be\/index.php?rest_route=%2Fwp%2Fv2%2Fcategories&post=6582"},{"taxonomy":"post_tag","embeddable":true,"href":"https:\/\/bruxelles-pantheres.be\/index.php?rest_route=%2Fwp%2Fv2%2Ftags&post=6582"}],"curies":[{"name":"wp","href":"https:\/\/api.w.org\/{rel}","templated":true}]}}