{"id":6587,"date":"2026-02-09T00:52:58","date_gmt":"2026-02-08T23:52:58","guid":{"rendered":"https:\/\/bruxelles-pantheres.be\/?p=6587"},"modified":"2026-02-09T00:52:58","modified_gmt":"2026-02-08T23:52:58","slug":"reaction-de-bruxelles-pantheres-aux-propos-de-rima-hassan","status":"publish","type":"post","link":"https:\/\/bruxelles-pantheres.be\/?p=6587","title":{"rendered":"R\u00e9action de Bruxelles Panth\u00e8res aux propos de Rima Hassan"},"content":{"rendered":"<p>\u00c0 celles et ceux qui nous interpellent, nous attaquent, nous caricaturent,<br \/>\n\u00e0 celles et ceux qui voudraient transformer la critique en blasph\u00e8me politique,<br \/>\n\u00e0 celles et ceux qui exigent l\u2019alignement automatique plut\u00f4t que la pens\u00e9e autonome, \u00c0 celles et ceux qui nous interpellent, nous jugent, nous somment de nous taire,<\/p>\n<p>Cette lettre est volontairement longue. Parce que le moment l\u2019exige. Parce que le bruit m\u00e9diatique \u00e9crase la nuance. Parce que les proc\u00e8s d\u2019intention remplacent trop vite l\u2019analyse. Parce que notre parole a \u00e9t\u00e9 comment\u00e9e, d\u00e9form\u00e9e, instrumentalis\u00e9e \u2014 mais rarement lue avec rigueur.<\/p>\n<p>La temp\u00eate d\u00e9clench\u00e9e par la r\u00e9action de Bruxelles Panth\u00e8res aux propos de Rima Hassan n\u2019est pas un accident. Elle est un test. Un test de loyaut\u00e9 exig\u00e9e. Un test d\u2019alignement. Un test d\u2019ob\u00e9issance symbolique. Et surtout, un test de hi\u00e9rarchie : qui a le droit de critiquer qui \u2014 et depuis quelle position raciale, politique et spirituelle.<!--more--><\/p>\n<p><a href=\"https:\/\/bruxelles-pantheres.be\/wp-content\/uploads\/2023\/08\/Cx8V8knWgAAo8sd.jpg\"><img decoding=\"async\" class=\"wp-image-5721 size-full aligncenter\" src=\"https:\/\/bruxelles-pantheres.be\/wp-content\/uploads\/2023\/08\/Cx8V8knWgAAo8sd.jpg\" alt=\"\" width=\"540\" height=\"422\" srcset=\"https:\/\/bruxelles-pantheres.be\/wp-content\/uploads\/2023\/08\/Cx8V8knWgAAo8sd.jpg 540w, https:\/\/bruxelles-pantheres.be\/wp-content\/uploads\/2023\/08\/Cx8V8knWgAAo8sd-300x234.jpg 300w\" sizes=\"(max-width: 540px) 100vw, 540px\" \/><\/a><\/p>\n<p>Bruxelles Panth\u00e8res \u00e9crit sans d\u00e9tour, sans diplomatie cosm\u00e9tique, sans recherche d\u2019approbation. Bruxelles Panth\u00e8res \u00e9crit depuis un lieu politique clair : un engagement antiraciste, anti-imp\u00e9rialiste, anticolonial, et enracin\u00e9 dans une conscience musulmane assum\u00e9e. Bruxelles Panth\u00e8res n\u2019est pas neutre. Il n\u2019a jamais pr\u00e9tendu l\u2019\u00eatre. Et c\u2019est pr\u00e9cis\u00e9ment ce qui d\u00e9range.<\/p>\n<p>Ce qui d\u00e9range ne tient pas seulement au contenu de la critique. Ce qui d\u00e9range, c\u2019est que cette critique ne demande pas la permission. Elle ne s\u2019excuse pas d\u2019exister. Elle ne cherche pas l\u2019aval de la gauche institutionnelle, ni celui des figures m\u00e9diatiques valid\u00e9es par les appareils politiques dominants.<\/p>\n<p>Et cela \u2014 pour certains \u2014 est insupportable.<\/p>\n<p>La r\u00e9action de Bruxelles Panth\u00e8res aux propos de Rima Hassan sur les chiffres de massacres attribu\u00e9s \u00e0 l\u2019Iran a d\u00e9clench\u00e9 une temp\u00eate. Nous assumons enti\u00e8rement notre publication. Nous assumons la critique. Nous assumons ses cons\u00e9quences. Et nous assumons aussi ce qu\u2019elle r\u00e9v\u00e8le : un besoin profond, chez certains secteurs militants, de discipliner la parole antiraciste autonome lorsqu\u2019elle ne s\u2019aligne pas parfaitement sur une ligne partisane ou \u00e9motionnelle.<\/p>\n<p>Notre position est simple, coh\u00e9rente, constante : vigilance radicale face aux r\u00e9cits de guerre produits par les puissances dominantes et leurs relais m\u00e9diatiques. Refus de l\u2019alignement automatique. Refus de la hi\u00e9rarchie raciale des victimes. Refus de l\u2019instrumentalisation des droits humains pour pr\u00e9parer des consentements militaires. Et oui \u2014 parole assum\u00e9e depuis une position antiraciste, anti-imp\u00e9rialiste, antisioniste et musulmane.<\/p>\n<p>Ce positionnement d\u00e9range \u2014 non parce qu\u2019il serait incoh\u00e9rent \u2014 mais parce qu\u2019il \u00e9chappe \u00e0 la tutelle.<\/p>\n<p>La s\u00e9quence politique ouverte par la pol\u00e9mique autour des propos de Rima Hassan et la r\u00e9action de Bruxelles Panth\u00e8res n\u2019est pas un simple \u201cclash\u201d militant de plus. Elle agit comme un r\u00e9v\u00e9lateur. R\u00e9v\u00e9lateur des fractures au sein des gauches europ\u00e9ennes, r\u00e9v\u00e9lateur des hi\u00e9rarchies morales implicites dans les indignations m\u00e9diatiques, r\u00e9v\u00e9lateur surtout des lignes raciales et g\u00e9opolitiques qui structurent la l\u00e9gitimit\u00e9 \u2014 ou l\u2019ill\u00e9gitimit\u00e9 \u2014 de la parole politique quand elle \u00e9mane d\u2019organisations antiracistes radicales.<\/p>\n<p>Ce qui est en jeu d\u00e9passe de loin une querelle de chiffres, une divergence d\u2019analyse sur l\u2019Iran, ou une maladresse communicationnelle. Ce qui se joue, c\u2019est la police symbolique du discours autoris\u00e9 : qui peut critiquer qui, depuis quelle position, avec quels mots, et au b\u00e9n\u00e9fice de quel ordre international.<\/p>\n<p>Nous allons donc clarifier. Pos\u00e9ment. Historiquement. Politiquement. Moralement.<\/p>\n<blockquote><p><strong>Soutenir Rima Hassan \u2014 mais jamais aveugl\u00e9ment<\/strong><\/p><\/blockquote>\n<p>Commen\u00e7ons par un point clair : nous avons soutenu Rima Hassan. Nous reconnaissons son travail, son courage, son r\u00f4le dans la mise en lumi\u00e8re des crimes commis contre les Palestiniens. Nous continuerons \u00e0 la soutenir lorsqu\u2019elle d\u00e9fend le droit et la dignit\u00e9 du peuple palestinien.<\/p>\n<p>Mais le soutien politique n\u2019est pas l\u2019idol\u00e2trie. La solidarit\u00e9 n\u2019est pas la suspension de l\u2019esprit critique. L\u2019alliance n\u2019est pas la soumission intellectuelle.<\/p>\n<p>Dire qu\u2019une personne \u2014 quelle que soit son origine, son parcours ou son engagement \u2014 commet une erreur d\u2019analyse ou de communication n\u2019est pas une attaque identitaire. Ce n\u2019est pas une trahison. C\u2019est une pratique politique normale dans toute tradition critique s\u00e9rieuse.<\/p>\n<p>Ce n\u2019est pas parce qu\u2019une voix est palestinienne qu\u2019elle devient infaillible. Ce n\u2019est pas parce qu\u2019un mouvement est le \u201cmoins pire\u201d dans un paysage politique qu\u2019il devient au-dessus de toute critique. Ce n\u2019est pas parce qu\u2019une figure incarne une esp\u00e9rance qu\u2019elle doit \u00eatre sanctuaris\u00e9e.<\/p>\n<p>Nous soutenons. Nous respectons. Nous d\u00e9battons. Nous ne sacralisons pas.<\/p>\n<p>Notre d\u00e9saccord porte sur un point pr\u00e9cis : la reprise de chiffres extr\u00eames produits dans un contexte de guerre informationnelle impliquant des int\u00e9r\u00eats imp\u00e9riaux majeurs, sans mise \u00e0 distance m\u00e9thodologique suffisante.<\/p>\n<p>Ce n\u2019est pas une attaque personnelle.<br \/>\nCe n\u2019est pas une rupture politique.<br \/>\nC\u2019est une divergence d\u2019analyse.<\/p>\n<p>Nous ne sommes pas une d\u00e9pendance organisationnelle.<br \/>\nNous ne sommes pas une antenne locale d\u2019une gauche blanche institutionnelle.<br \/>\nNous ne sommes pas une r\u00e9serve d\u2019appoint militant.<\/p>\n<p>L\u2019autonomie n\u2019est pas une posture. C\u2019est une condition de v\u00e9rit\u00e9.<\/p>\n<blockquote><p><strong>La question pr\u00e9cise : les chiffres d\u2019atrocit\u00e9s en contexte de guerre informationnelle<\/strong><\/p><\/blockquote>\n<figure id=\"attachment_6590\" aria-describedby=\"caption-attachment-6590\" style=\"width: 806px\" class=\"wp-caption aligncenter\"><a href=\"https:\/\/bruxelles-pantheres.be\/wp-content\/uploads\/2026\/02\/622184529_122159538596891474_2497188571065764022_n.jpg\"><img decoding=\"async\" class=\"wp-image-6590 size-large\" src=\"https:\/\/bruxelles-pantheres.be\/wp-content\/uploads\/2026\/02\/622184529_122159538596891474_2497188571065764022_n-816x1024.jpg\" alt=\"https:\/\/www.facebook.com\/photo\/?fbid=122159537786891474&amp;set=pcb.122159538008891474\" width=\"816\" height=\"1024\" srcset=\"https:\/\/bruxelles-pantheres.be\/wp-content\/uploads\/2026\/02\/622184529_122159538596891474_2497188571065764022_n-816x1024.jpg 816w, https:\/\/bruxelles-pantheres.be\/wp-content\/uploads\/2026\/02\/622184529_122159538596891474_2497188571065764022_n-239x300.jpg 239w, https:\/\/bruxelles-pantheres.be\/wp-content\/uploads\/2026\/02\/622184529_122159538596891474_2497188571065764022_n-768x964.jpg 768w, https:\/\/bruxelles-pantheres.be\/wp-content\/uploads\/2026\/02\/622184529_122159538596891474_2497188571065764022_n.jpg 1088w\" sizes=\"(max-width: 816px) 100vw, 816px\" \/><\/a><figcaption id=\"caption-attachment-6590\" class=\"wp-caption-text\">Screenshot https:\/\/www.facebook.com\/photo\/?fbid=122159537786891474&amp;set=pcb.122159538008891474<\/figcaption><\/figure>\n<p>Notre critique portait sur un point pr\u00e9cis : la reprise de chiffres extr\u00eames de massacres dans un contexte de confrontation g\u00e9opolitique impliquant des puissances imp\u00e9riales et leurs relais m\u00e9diatiques.<\/p>\n<p>Dans tous les conflits g\u00e9opolitiques majeurs, la bataille ne porte pas seulement sur le terrain militaire \u2014 elle se joue aussi sur le terrain symbolique. Les chiffres de victimes, les r\u00e9cits de massacres, les images d\u2019atrocit\u00e9s circulent comme des armes politiques. Ils produisent des effets moraux imm\u00e9diats : sid\u00e9ration, empathie, col\u00e8re, demande d\u2019intervention.<\/p>\n<p>Notre position s\u2019enracine dans une m\u00e9moire historique pr\u00e9cise : celle des fabrications d\u2019atrocit\u00e9s utilis\u00e9es pour fabriquer le consentement aux guerres.<\/p>\n<p>Notre position est constante, tous terrains confondus :<br \/>\nquand des chiffres spectaculaires d\u2019atrocit\u00e9s \u00e9mergent dans un contexte de tension internationale, ils doivent \u00eatre interrog\u00e9s, recoup\u00e9s, v\u00e9rifi\u00e9s par des sources ind\u00e9pendantes multiples.<\/p>\n<p>Cette r\u00e8gle, nous l\u2019avons appliqu\u00e9e pour :<br \/>\n\u2014 le Venezuela<br \/>\n\u2014 l\u2019Irak<br \/>\n\u2014 la Libye<br \/>\n\u2014 la Syrie<br \/>\n\u2014 l\u2019Afghanistan<br \/>\n\u2014 et aujourd\u2019hui l\u2019Iran<\/p>\n<p>Coh\u00e9rence m\u00e9thodologique. Pas g\u00e9om\u00e9trie variable.<\/p>\n<p>Cette posture n\u2019est pas du n\u00e9gationnisme des souffrances : c\u2019est une critique de la cha\u00eene de production de l\u2019information en situation de conflit, surtout quand elle concerne des \u00c9tats d\u00e9sign\u00e9s comme ennemis strat\u00e9giques de l\u2019Occident.<\/p>\n<p>Refuser l\u2019automatisme \u00e9motionnel n\u2019est pas nier les souffrances r\u00e9elles. C\u2019est refuser que l\u2019\u00e9motion serve d\u2019acc\u00e9l\u00e9rateur \u00e0 des agendas d\u2019ing\u00e9rence ou de changement de r\u00e9gime.<\/p>\n<blockquote><p><strong>M\u00e9moire des fabrications de guerre : ce que l\u2019histoire nous a appris<\/strong><\/p><\/blockquote>\n<figure id=\"attachment_6591\" aria-describedby=\"caption-attachment-6591\" style=\"width: 802px\" class=\"wp-caption aligncenter\"><a href=\"https:\/\/bruxelles-pantheres.be\/wp-content\/uploads\/2026\/02\/622544173_122159538506891474_7807030408953878740_n.jpg\"><img decoding=\"async\" class=\"wp-image-6591 size-large\" src=\"https:\/\/bruxelles-pantheres.be\/wp-content\/uploads\/2026\/02\/622544173_122159538506891474_7807030408953878740_n-812x1024.jpg\" alt=\"\" width=\"812\" height=\"1024\" srcset=\"https:\/\/bruxelles-pantheres.be\/wp-content\/uploads\/2026\/02\/622544173_122159538506891474_7807030408953878740_n-812x1024.jpg 812w, https:\/\/bruxelles-pantheres.be\/wp-content\/uploads\/2026\/02\/622544173_122159538506891474_7807030408953878740_n-238x300.jpg 238w, https:\/\/bruxelles-pantheres.be\/wp-content\/uploads\/2026\/02\/622544173_122159538506891474_7807030408953878740_n-768x969.jpg 768w, https:\/\/bruxelles-pantheres.be\/wp-content\/uploads\/2026\/02\/622544173_122159538506891474_7807030408953878740_n.jpg 1094w\" sizes=\"(max-width: 812px) 100vw, 812px\" \/><\/a><figcaption id=\"caption-attachment-6591\" class=\"wp-caption-text\">Screenshot https:\/\/www.facebook.com\/photo?fbid=122159537564891474&amp;set=pcb.122159538008891474<\/figcaption><\/figure>\n<p>Notre prudence ne tombe pas du ciel. Elle est issue d\u2019une m\u00e9moire politique document\u00e9e<a href=\"#_ftn1\" name=\"_ftnref1\">[1]<\/a>.<\/p>\n<p>Ce qui frappe dans chaque nouvelle crise g\u00e9opolitique, c\u2019est l\u2019oubli. On nous demande de r\u00e9agir comme si rien de comparable n\u2019avait jamais eu lieu. Comme si les appareils d\u2019\u00c9tat, les machines de communication strat\u00e9gique, les dispositifs de guerre psychologique n\u2019avaient jamais menti. Comme si la propagande de guerre \u00e9tait une invention marginale et non une composante structurelle des conflits modernes.<\/p>\n<p><strong>Guerre du Golfe (1990)<\/strong> : Lors de la premi\u00e8re guerre du Golfe (1990), un t\u00e9moignage devenu c\u00e9l\u00e8bre \u2014 celui d\u2019une jeune fille affirmant que des soldats irakiens avaient arrach\u00e9 des b\u00e9b\u00e9s de leurs couveuses \u2014 a boulevers\u00e9 l\u2019opinion publique internationale. Ce r\u00e9cit a \u00e9t\u00e9 massivement relay\u00e9 pour justifier l\u2019intervention militaire. Il a ensuite \u00e9t\u00e9 \u00e9tabli que ce t\u00e9moignage avait \u00e9t\u00e9 orchestr\u00e9 par une agence de relations publiques mandat\u00e9e par le gouvernement kowe\u00eftien, et que la t\u00e9moin \u00e9tait la fille de l\u2019ambassadeur du Kowe\u00eft \u00e0 Washington. Les travaux d\u2019enqu\u00eate journalistique<a href=\"#_ftn2\" name=\"_ftnref2\">[2]<\/a> et acad\u00e9mique ont largement document\u00e9 cette manipulation.<\/p>\n<p><strong>Irak (2003)<\/strong> : Avant l\u2019invasion de l\u2019Irak en 2003, les armes de destruction massive ont \u00e9t\u00e9 pr\u00e9sent\u00e9es comme une certitude. Des dossiers, des cartes, des discours solennels, des preuves brandies devant les institutions internationales<a href=\"#_ftn3\" name=\"_ftnref3\">[3]<\/a>. Nous savons ce qu\u2019il en est advenu. Des millions de morts, un \u00c9tat d\u00e9truit, une r\u00e9gion d\u00e9stabilis\u00e9e \u2014 et aucune arme trouv\u00e9e.<\/p>\n<p><strong>Afghanistan<\/strong> : instrumentalisation r\u00e9p\u00e9t\u00e9e du th\u00e8me du \u201csauvetage des femmes\u201d pour l\u00e9gitimer une intervention militaire longue \u2014 sans transformation structurelle durable de leurs conditions de vie<a href=\"#_ftn4\" name=\"_ftnref4\">[4]<\/a>.<\/p>\n<p>Ces pr\u00e9c\u00e9dents sont \u00e9tudi\u00e9s en sciences politiques, en communication de guerre, en sociologie des m\u00e9dias. Ils montrent une structure r\u00e9currente :<br \/>\nchoc moral \u2192 amplification \u2192 simplification \u2192 l\u00e9gitimation d\u2019intervention.<\/p>\n<p>La question n\u2019est donc pas : \u201cles atrocit\u00e9s existent-elles ?\u201d<br \/>\nLa question est : \u201ccomment sont-elles s\u00e9lectionn\u00e9es, racont\u00e9es, hi\u00e9rarchis\u00e9es, utilis\u00e9es ?\u201d<\/p>\n<blockquote><p><strong>Gaza et la bataille des r\u00e9cits<\/strong><\/p><\/blockquote>\n<figure id=\"attachment_6592\" aria-describedby=\"caption-attachment-6592\" style=\"width: 805px\" class=\"wp-caption aligncenter\"><a href=\"https:\/\/bruxelles-pantheres.be\/wp-content\/uploads\/2026\/02\/623367795_122159538434891474_6972399447948862660_n.jpg\"><img decoding=\"async\" class=\"wp-image-6592 size-large\" src=\"https:\/\/bruxelles-pantheres.be\/wp-content\/uploads\/2026\/02\/623367795_122159538434891474_6972399447948862660_n-815x1024.jpg\" alt=\"\" width=\"815\" height=\"1024\" srcset=\"https:\/\/bruxelles-pantheres.be\/wp-content\/uploads\/2026\/02\/623367795_122159538434891474_6972399447948862660_n-815x1024.jpg 815w, https:\/\/bruxelles-pantheres.be\/wp-content\/uploads\/2026\/02\/623367795_122159538434891474_6972399447948862660_n-239x300.jpg 239w, https:\/\/bruxelles-pantheres.be\/wp-content\/uploads\/2026\/02\/623367795_122159538434891474_6972399447948862660_n-768x965.jpg 768w, https:\/\/bruxelles-pantheres.be\/wp-content\/uploads\/2026\/02\/623367795_122159538434891474_6972399447948862660_n.jpg 1093w\" sizes=\"(max-width: 815px) 100vw, 815px\" \/><\/a><figcaption id=\"caption-attachment-6592\" class=\"wp-caption-text\">Screenshot https:\/\/www.facebook.com\/photo?fbid=122159537474891474&amp;set=pcb.122159538008891474<\/figcaption><\/figure>\n<p>Depuis octobre 2023, des r\u00e9cits extr\u00eamement choquants ont circul\u00e9 concernant certaines atrocit\u00e9s : b\u00e9b\u00e9s d\u00e9capit\u00e9s<a href=\"#_ftn5\" name=\"_ftnref5\">[5]<\/a>, nourrissons br\u00fbl\u00e9s, violences sexuelles syst\u00e9matiques. Plusieurs de ces affirmations ont ensuite \u00e9t\u00e9 contest\u00e9es, nuanc\u00e9es ou partiellement d\u00e9menties par des enqu\u00eates journalistiques ult\u00e9rieures<a href=\"#_ftn6\" name=\"_ftnref6\">[6]<\/a>. D\u2019autres all\u00e9gations font toujours l\u2019objet d\u2019investigations ind\u00e9pendantes, avec des conclusions complexes et non univoques.<\/p>\n<p>Le point politique central n\u2019est pas de nier la violence d\u2019un \u00e9v\u00e9nement \u2014 elle est r\u00e9elle, tragique, condamnable \u2014 mais de rappeler que la premi\u00e8re version diffus\u00e9e en contexte de guerre est souvent la plus spectaculaire et la moins v\u00e9rifi\u00e9e. Or cette premi\u00e8re version produit l\u2019effet politique principal : justification morale, alignement \u00e9motionnel, suspension de l\u2019esprit critique.<\/p>\n<p>Pendant que ces r\u00e9cits initiaux occupaient tout l\u2019espace m\u00e9diatique, des dizaines de milliers de civils \u00e0 Gaza \u00e9taient tu\u00e9s sous les bombes, des infrastructures vitales d\u00e9truites, des familles enti\u00e8res effac\u00e9es. Et l\u00e0 \u2014 soudain \u2014 la prudence m\u00e9thodologique devenait extr\u00eame, la v\u00e9rification interminable, la qualification juridique contest\u00e9e.<\/p>\n<p>Cette asym\u00e9trie de cr\u00e9dibilit\u00e9 n\u2019est pas accidentelle. Elle est \u00e9tudi\u00e9e dans les travaux sur le cadrage m\u00e9diatique des conflits et la hi\u00e9rarchie des victimes.<\/p>\n<p>C\u2019est dans ce contexte que nous posons la question :<br \/>\npourquoi suspendre toute prudence critique d\u00e8s que le r\u00e9cit va dans le sens des int\u00e9r\u00eats g\u00e9opolitiques dominants \u2014 mais l\u2019exiger mille fois lorsqu\u2019il concerne les victimes de ces m\u00eames int\u00e9r\u00eats ?<\/p>\n<blockquote><p><strong>Ce que la pol\u00e9mique r\u00e9v\u00e8le : la tol\u00e9rance limit\u00e9e \u00e0 l\u2019antiracisme autonome<\/strong><\/p><\/blockquote>\n<p>La violence des r\u00e9actions contre Bruxelles Panth\u00e8res enseigne autre chose :<br \/>\nbeaucoup acceptent l\u2019antiracisme lorsqu\u2019il est p\u00e9dagogique, symbolique, encadr\u00e9.<br \/>\nBeaucoup le rejettent lorsqu\u2019il est autonome, structur\u00e9, indisciplin\u00e9.<\/p>\n<p>Nous avons \u00e9t\u00e9 attaqu\u00e9s bien avant cette controverse : proc\u00e9dures, menaces, campagnes de d\u00e9l\u00e9gitimation. Silence large \u00e0 ce moment-l\u00e0. Aujourd\u2019hui, soudain, indignation coordonn\u00e9e.<\/p>\n<p>Ce d\u00e9calage parle.<\/p>\n<p>Bruxelles Panth\u00e8res n\u2019est pas une succursale de partis.<br \/>\nPas une antenne de communication.<br \/>\nPas une r\u00e9serve militante mobilisable \u00e0 la demande.<\/p>\n<p>Nous parlons en notre nom. Selon notre grille d\u2019analyse. Selon notre coh\u00e9rence.<\/p>\n<p>L\u2019exigence implicite d\u2019alignement est une forme de tutelle. Or l\u2019antiracisme politique refuse la tutelle.<\/p>\n<blockquote><p><strong>Indignation s\u00e9lective et hi\u00e9rarchie raciale de la compassion<\/strong><\/p><\/blockquote>\n<p>Un autre point central soulev\u00e9 par votre position concerne la distribution in\u00e9gale de l\u2019empathie. Toutes les souffrances ne re\u00e7oivent pas le m\u00eame traitement m\u00e9diatique ni militant. Ce ph\u00e9nom\u00e8ne a \u00e9t\u00e9 conceptualis\u00e9 par plusieurs auteurs comme une hi\u00e9rarchie raciale de la compassion.<\/p>\n<p>Judith Butler<a href=\"#_ftn7\" name=\"_ftnref7\">[7]<\/a> parle de \u201cvies pleurables\u201d et de \u201cvies non pleurables\u201d : certaines morts provoquent imm\u00e9diatement un consensus compassionnel, d\u2019autres restent p\u00e9riph\u00e9riques, contest\u00e9es, relativis\u00e9es. Les travaux postcoloniaux et critiques de la race ont prolong\u00e9 cette analyse en montrant que la reconnaissance de la souffrance est li\u00e9e \u00e0 la position g\u00e9opolitique et raciale des populations concern\u00e9es.<\/p>\n<p>Dans l\u2019espace europ\u00e9en, de nombreuses \u00e9tudes ont document\u00e9 la sous-visibilisation des violences structurelles subies par les populations musulmanes : discriminations \u00e0 l\u2019emploi, restrictions vestimentaires, contr\u00f4les policiers, violences d\u2019\u00c9tat, politiques de suspicion collective. Ces r\u00e9alit\u00e9s provoquent rarement la m\u00eame mobilisation que certaines causes internationales jug\u00e9es compatibles avec l\u2019agenda g\u00e9opolitique dominant.<\/p>\n<p>La question pos\u00e9e est donc l\u00e9gitime dans le d\u00e9bat intellectuel : pourquoi certaines souffrances musulmanes sont-elles intens\u00e9ment m\u00e9diatis\u00e9es quand elles peuvent servir un r\u00e9cit d\u2019intervention, mais marginalis\u00e9es quand elles mettent en cause des politiques occidentales ?<\/p>\n<blockquote><p><strong>F\u00e9minisme instrumentalis\u00e9 et angles morts s\u00e9lectifs<\/strong><\/p><\/blockquote>\n<p>Nous observons aussi une constante : l\u2019indignation f\u00e9ministe s\u00e9lective en contexte g\u00e9opolitique. Certaines souffrances f\u00e9minines sont imm\u00e9diatement mobilis\u00e9es pour justifier des postures d\u2019ing\u00e9rence. D\u2019autres \u2014 notamment celles des femmes musulmanes en Europe \u2014 restent marginalis\u00e9es : discriminations, interdictions professionnelles li\u00e9es au voile, harc\u00e8lement institutionnel, violences polici\u00e8res, pr\u00e9carisation administrative.<\/p>\n<p>Nous refusons \u00e9galement l\u2019instrumentalisation permanente des droits des femmes comme levier de l\u00e9gitimation des pressions imp\u00e9riales. L\u2019histoire r\u00e9cente \u2014 Afghanistan, Irak, Libye \u2014 a montr\u00e9 comment le langage du sauvetage humanitaire m\u00e8ne \u00e0 des catastrophes g\u00e9opolitiques durables. D\u00e9fendre les droits des femmes ne peut pas devenir un slogan s\u00e9lectif \u00e0 g\u00e9om\u00e9trie strat\u00e9gique. Sinon, ce n\u2019est plus un principe \u2014 c\u2019est un outil.<\/p>\n<p>Notre position est coh\u00e9rente : nous nous opposons aux interventions imp\u00e9riales, aux changements de r\u00e9gime impos\u00e9s, aux diabolisation unilat\u00e9rales servant de pr\u00e9lude aux offensives militaires. Cette coh\u00e9rence vaut pour l\u2019Am\u00e9rique latine, pour le Moyen-Orient, pour toute r\u00e9gion transform\u00e9e en \u00e9chiquier des puissances imp\u00e9rialistes.<\/p>\n<p>Cette s\u00e9lectivit\u00e9 est analys\u00e9e dans la litt\u00e9rature critique sur le \u201cf\u00e9minisme imp\u00e9rial\u201d et le \u201cf\u00e9minisme civilisationnel\u201d : l\u2019usage des droits des femmes comme levier moral dans des conflits internationaux, sans coh\u00e9rence locale.<\/p>\n<p>Aujourd\u2019hui, la question que nous posons est simple : pourquoi devrions-nous suspendre toute vigilance critique lorsque les m\u00eames appareils politico-m\u00e9diatiques produisent des chiffres spectaculaires concernant un \u00c9tat d\u00e9sign\u00e9 comme adversaire civilisationnel\u00a0\u2014 en l\u2019occurrence l\u2019Iran ?<\/p>\n<p>Qu\u2019est-ce qui a chang\u00e9 dans la structure de la guerre informationnelle ? Rien.<\/p>\n<p>Les \u00c9tats n\u2019ont pas cess\u00e9 d\u2019avoir des int\u00e9r\u00eats. Les alliances n\u2019ont pas cess\u00e9 d\u2019orienter les r\u00e9cits. Les m\u00e9dias dominants ne sont pas devenus soudainement neutres. Les services de communication strat\u00e9gique n\u2019ont pas disparu. La propagande n\u2019a pas \u00e9t\u00e9 abolie.<\/p>\n<p>La seule chose qu\u2019on exige de nous \u2014 c\u2019est d\u2019y croire sans discuter.<\/p>\n<p>La question politique n\u2019est donc pas \u201cfaut-il d\u00e9fendre les droits des femmes en Iran ?\u201d \u2014 mais : <strong>qui parle, depuis o\u00f9, avec quelles cons\u00e9quences g\u00e9opolitiques concr\u00e8tes ?<\/strong><\/p>\n<p>La coh\u00e9rence morale ne peut pas \u00eatre \u00e0 g\u00e9om\u00e9trie variable.<\/p>\n<blockquote><p><strong>Sur l\u2019Iran, l\u2019ing\u00e9rence et la souverainet\u00e9<\/strong><\/p><\/blockquote>\n<p>Notre position est simple : nous nous opposons aux logiques d\u2019intervention imp\u00e9riale et de changement de r\u00e9gime pilot\u00e9 de l\u2019ext\u00e9rieur \u2014 quel que soit le pays cibl\u00e9.<\/p>\n<p>Nous avons tenu cette ligne pour le Venezuela.<br \/>\nNous la tenons pour l\u2019Iran.<br \/>\nNous la tiendrons pour tout \u00c9tat menac\u00e9 d\u2019ing\u00e9rence.<\/p>\n<p>Critiquer une instrumentalisation m\u00e9diatique ne signifie pas valider un r\u00e9gime. Cela signifie refuser que la diabolisation pr\u00e9pare la guerre.<\/p>\n<blockquote><p><strong>Foi, \u00e9thique et position situ\u00e9e<\/strong><\/p><\/blockquote>\n<p>Oui, nous sommes musulmans. Oui, nous parlons depuis une \u00e9thique musulmane assum\u00e9e.<br \/>\nOui, cela structure notre \u00e9thique politique. Oui, cela implique une solidarit\u00e9 prioritaire envers les\u00a0populations cibl\u00e9es par des logiques imp\u00e9riales et racistes.<br \/>\nOui, la d\u00e9fense des populations musulmanes cibl\u00e9es par des logiques imp\u00e9riales fait partie de notre boussole morale.<\/p>\n<p>Cela ne signifie pas l\u2019aveuglement.<br \/>\nCela signifie la vigilance face aux campagnes de diabolisation.<br \/>\nCela signifie le refus de servir de relais involontaire \u00e0 des strat\u00e9gies d\u2019ing\u00e9rence.<\/p>\n<p>Notre horizon moral n\u2019est pas l\u2019approbation partisane.<br \/>\nIl est la coh\u00e9rence, la dignit\u00e9, et la responsabilit\u00e9 spirituelle telle que nous la comprenons.<\/p>\n<p>Notre boussole n\u2019est pas la respectabilit\u00e9 m\u00e9diatique.<br \/>\nNotre boussole n\u2019est pas l\u2019approbation partisane.<br \/>\nNotre boussole est la coh\u00e9rence morale.<\/p>\n<blockquote><p><strong>Une r\u00e8gle d\u00e9coloniale simple : on combat l\u2019Empire depuis l\u2019Empire.<\/strong><\/p><\/blockquote>\n<p>Frantz Fanon l\u2019avait d\u00e9j\u00e0 formul\u00e9 sans d\u00e9tour :\u00a0<em>\u00ab L\u2019Europe est litt\u00e9ralement la cr\u00e9ation du tiers monde \u00bb<\/em>.<br \/>\nAutrement dit : le Nord ne peut pas \u00eatre analys\u00e9 ind\u00e9pendamment du Sud qu\u2019il pille, contr\u00f4le et restructure depuis des si\u00e8cles.<\/p>\n<p>D\u00e8s lors, une r\u00e8gle politique \u00e9l\u00e9mentaire s\u2019impose \u00e0 toute personne issue du Sud vivant en Europe :\u00a0<strong>notre terrain de lutte est ici<\/strong>,\u00a0<strong>notre adversaire principal est ici<\/strong>,<br \/>\n<strong>nos responsabilit\u00e9s sont ici<\/strong>.<\/p>\n<p>Lutter contre le racisme, le sionisme, l\u2019imp\u00e9rialisme, la domination blanche occidentale depuis Bruxelles, ce n\u2019est pas un choix moral abstrait, c\u2019est une coh\u00e9rence politique minimale.<\/p>\n<p>C\u2019est ici que se prennent les d\u00e9cisions :<\/p>\n<ul>\n<li>sanctions s\u00e9lectives,<\/li>\n<li>accords commerciaux asym\u00e9triques,<\/li>\n<li>politiques migratoires meurtri\u00e8res,<\/li>\n<li>soutien militaire, diplomatique et id\u00e9ologique \u00e0 Isra\u00ebl,<\/li>\n<li>blanchiment juridique des crimes coloniaux.<\/li>\n<\/ul>\n<blockquote><p><strong>Ce que nous devons faire \u2014 et seulement cela<\/strong><\/p><\/blockquote>\n<p>Les militants antiracistes et d\u00e9coloniaux vivant en Europe ont une seule t\u00e2che historique claire :<\/p>\n<ul>\n<li>combattre\u00a0<strong>leur propre imp\u00e9rialisme<\/strong>,<\/li>\n<li>affronter\u00a0<strong>leur propre supr\u00e9matie blanche<\/strong>,<\/li>\n<li>d\u00e9sorganiser\u00a0<strong>leurs propres \u00c9tats<\/strong>, institutions, r\u00e9cits nationaux,<\/li>\n<li>attaquer\u00a0<strong>leurs propres complicit\u00e9s avec Isra\u00ebl<\/strong>.<\/li>\n<\/ul>\n<p>Rien de plus.<br \/>\nRien de moins.<\/p>\n<p><strong>Laisser le Sud global g\u00e9rer ses contradictions politiques internes.<\/strong><br \/>\n<strong>Cesser le paternalisme invers\u00e9.<\/strong><br \/>\n<strong>Arr\u00eater de projeter nos fantasmes r\u00e9volutionnaires sur des peuples qui vivent sous contrainte.<\/strong><\/p>\n<p>Comme le disait Aim\u00e9 C\u00e9saire,\u00a0<em>\u00ab une civilisation qui s\u2019av\u00e8re incapable de r\u00e9soudre les probl\u00e8mes que suscite son fonctionnement est une civilisation d\u00e9cadente \u00bb<\/em>.<\/p>\n<p>Notre civilisation europ\u00e9enne est celle-l\u00e0.<br \/>\nC\u2019est ici qu\u2019il faut taper. Fort. Juste. Sans trembler.<\/p>\n<blockquote><p><strong>D\u00e9coloniser, c\u2019est aussi savoir se taire<\/strong><\/p><\/blockquote>\n<p>D\u00e9coloniser, ce n\u2019est pas parler plus fort que les autres.<br \/>\nCe n\u2019est pas expliquer le Sud depuis le Nord.<br \/>\nCe n\u2019est pas \u00eatre \u00ab plus radical \u00bb que ceux qui vivent sous les bombes ou sous la dictature.<\/p>\n<p>D\u00e9coloniser, c\u2019est assumer sa position, ses privil\u00e8ges relatifs, et ses responsabilit\u00e9s politiques.<br \/>\nC\u2019est ne pas \u00eatre plus fran\u00e7ais que les Fran\u00e7ais, plus europ\u00e9ens que l\u2019Europe elle-m\u00eame.<br \/>\nC\u2019est refuser que Bruxelles, Paris ou Berlin restent le centre invisible du monde militant.<\/p>\n<p>En tant que personne vivant dans le Nord, je n\u2019ai pas \u00e0 sauver le Sud.<br \/>\nJ\u2019ai \u00e0 d\u00e9sarmer l\u2019Empire l\u00e0 o\u00f9 je vis.<\/p>\n<p>Et rien d\u2019autre.<\/p>\n<blockquote><p><strong>Conclusion : soutien, critique, autonomie<\/strong><\/p><\/blockquote>\n<p>Nous continuerons \u00e0 soutenir Rima Hassan quand c\u2019est n\u00e9cessaire.<br \/>\nNous continuerons \u00e0 critiquer lorsqu\u2019une erreur politique est commise.<br \/>\nNous continuerons \u00e0 refuser l\u2019alignement automatique \u2014 qu\u2019il vienne de partis, de figures, ou de courants militants.<\/p>\n<p>La loyaut\u00e9 n\u2019est pas le silence.<br \/>\nLa solidarit\u00e9 n\u2019est pas la censure interne.<br \/>\nLa dignit\u00e9 n\u2019est pas la discipline impos\u00e9e.<\/p>\n<p>Nous parlons debout.<br \/>\nSans tutelle.<br \/>\nSans permission.<br \/>\nSans aveuglement.<\/p>\n<p><a href=\"#_ftnref1\" name=\"_ftn1\">[1]<\/a> D\u00e9sinformation \u00e0 r\u00e9p\u00e9tition. (2013, octobre). Le Monde Diplomatique. <a href=\"https:\/\/www.monde-diplomatique.fr\/2013\/10\/A\/49695\">https:\/\/www.monde-diplomatique.fr\/2013\/10\/A\/49695<\/a><\/p>\n<p><a href=\"#_ftnref2\" name=\"_ftn2\">[2]<\/a> Patrick Cohen et Dimitri Queffelec (2024, Septembre). VIDEO. Comment les Etats-Unis ont menti pour l\u00e9gitimer la guerre du Golfe en 1990. Franceinfo. <a href=\"https:\/\/www.franceinfo.fr\/societe\/affaire\/video-comment-les-etats-unis-ont-menti-pour-legitimer-la-guerre-du-golfe-en-1990_6786007.html\">https:\/\/www.franceinfo.fr\/societe\/affaire\/video-comment-les-etats-unis-ont-menti-pour-legitimer-la-guerre-du-golfe-en-1990_6786007.html<\/a><\/p>\n<p><a href=\"#_ftnref3\" name=\"_ftn3\">[3]<\/a> Patrice G\u00e9linet (2022, Mars). PODCAST. Les infox de l\u2019Histoire\u202f: \u201cIrak 2003, un mensonge pour une guerre.\u201d Franceinfo. <a href=\"https:\/\/www.franceinfo.fr\/replay-radio\/les-infox-de-l-histoire\/irak-2003-un-mensonge-pour-une-guerre_4990702.html\">https:\/\/www.franceinfo.fr\/replay-radio\/les-infox-de-l-histoire\/irak-2003-un-mensonge-pour-une-guerre_4990702.html<\/a><\/p>\n<p><a href=\"#_ftnref4\" name=\"_ftn4\">[4]<\/a> Yao, D. Sauver les femmes afghanes\u202f: une instrumentalisation occidentale | Articles | La Converse. <a href=\"https:\/\/www.laconverse.com\/articles\/sauver-les-femmes-afghanes-une-instrumentalisation-occidentale\">https:\/\/www.laconverse.com\/articles\/sauver-les-femmes-afghanes-une-instrumentalisation-occidentale<\/a><\/p>\n<p><a href=\"#_ftnref5\" name=\"_ftn5\">[5]<\/a> Arr\u00eat sur images. <a href=\"https:\/\/www.arretsurimages.net\/chroniques\/obsessions\/sur-les-40-bebes-decapites-de-kfar-aza\">https:\/\/www.arretsurimages.net\/chroniques\/obsessions\/sur-les-40-bebes-decapites-de-kfar-aza<\/a><\/p>\n<p><a href=\"#_ftnref6\" name=\"_ftn6\">[6]<\/a> Mee. (2023, D\u00e9cembre). Guerre Isra\u00ebl-Palestine\u202f: de fausses informations ont \u00e9t\u00e9 fournies par des responsables et b\u00e9n\u00e9voles isra\u00e9liens sur les crimes commis le 7 octobre. Middle East Eye \u00c9dition Fran\u00e7aise. <a href=\"https:\/\/www.middleeasteye.net\/fr\/actu-et-enquetes\/guerre-israel-palestine-fausses-informations-crimes-hamas-7-octobre\">https:\/\/www.middleeasteye.net\/fr\/actu-et-enquetes\/guerre-israel-palestine-fausses-informations-crimes-hamas-7-octobre<\/a><\/p>\n<p><a href=\"#_ftnref7\" name=\"_ftn7\">[7]<\/a> Les temps qui restent | La pleurabilit\u00e9 du vivant (1\/3). Les Temps Qui Restent. <a href=\"https:\/\/lestempsquirestent.org\/fr\/numeros\/numero-4\/la-pleurabilite-du-vivant-1-3\">https:\/\/lestempsquirestent.org\/fr\/numeros\/numero-4\/la-pleurabilite-du-vivant-1-3<\/a><\/p>\n","protected":false},"excerpt":{"rendered":"<p>\u00c0 celles et ceux qui nous interpellent, nous attaquent, nous caricaturent, \u00e0 celles et ceux qui voudraient transformer la critique en blasph\u00e8me politique, \u00e0 celles et ceux qui exigent l\u2019alignement automatique plut\u00f4t que la pens\u00e9e autonome, \u00c0 celles et ceux qui nous interpellent, nous jugent, nous somment de nous taire, Cette lettre est volontairement longue. &#8230; <a title=\"R\u00e9action de Bruxelles Panth\u00e8res aux propos de Rima Hassan\" class=\"read-more\" href=\"https:\/\/bruxelles-pantheres.be\/?p=6587\" aria-label=\"En savoir plus sur R\u00e9action de Bruxelles Panth\u00e8res aux propos de Rima Hassan\">Lire la suite<\/a><\/p>\n","protected":false},"author":1,"featured_media":6391,"comment_status":"open","ping_status":"open","sticky":false,"template":"","format":"standard","meta":{"footnotes":""},"categories":[539,6,18],"tags":[634],"class_list":["post-6587","post","type-post","status-publish","format-standard","has-post-thumbnail","hentry","category-belgique","category-palestine-moyen-orient","category-resistance-bruxelles","tag-rima-hassan"],"_links":{"self":[{"href":"https:\/\/bruxelles-pantheres.be\/index.php?rest_route=\/wp\/v2\/posts\/6587","targetHints":{"allow":["GET"]}}],"collection":[{"href":"https:\/\/bruxelles-pantheres.be\/index.php?rest_route=\/wp\/v2\/posts"}],"about":[{"href":"https:\/\/bruxelles-pantheres.be\/index.php?rest_route=\/wp\/v2\/types\/post"}],"author":[{"embeddable":true,"href":"https:\/\/bruxelles-pantheres.be\/index.php?rest_route=\/wp\/v2\/users\/1"}],"replies":[{"embeddable":true,"href":"https:\/\/bruxelles-pantheres.be\/index.php?rest_route=%2Fwp%2Fv2%2Fcomments&post=6587"}],"version-history":[{"count":4,"href":"https:\/\/bruxelles-pantheres.be\/index.php?rest_route=\/wp\/v2\/posts\/6587\/revisions"}],"predecessor-version":[{"id":6594,"href":"https:\/\/bruxelles-pantheres.be\/index.php?rest_route=\/wp\/v2\/posts\/6587\/revisions\/6594"}],"wp:featuredmedia":[{"embeddable":true,"href":"https:\/\/bruxelles-pantheres.be\/index.php?rest_route=\/wp\/v2\/media\/6391"}],"wp:attachment":[{"href":"https:\/\/bruxelles-pantheres.be\/index.php?rest_route=%2Fwp%2Fv2%2Fmedia&parent=6587"}],"wp:term":[{"taxonomy":"category","embeddable":true,"href":"https:\/\/bruxelles-pantheres.be\/index.php?rest_route=%2Fwp%2Fv2%2Fcategories&post=6587"},{"taxonomy":"post_tag","embeddable":true,"href":"https:\/\/bruxelles-pantheres.be\/index.php?rest_route=%2Fwp%2Fv2%2Ftags&post=6587"}],"curies":[{"name":"wp","href":"https:\/\/api.w.org\/{rel}","templated":true}]}}