{"id":6608,"date":"2025-12-18T08:07:28","date_gmt":"2025-12-18T07:07:28","guid":{"rendered":"https:\/\/bruxelles-pantheres.be\/?p=6608"},"modified":"2026-02-10T08:13:17","modified_gmt":"2026-02-10T07:13:17","slug":"qui-nazifie-israel","status":"publish","type":"post","link":"https:\/\/bruxelles-pantheres.be\/?p=6608","title":{"rendered":"Qui \u00ab\u00a0nazifie Isra\u00ebl\u00a0\u00bb\u00a0?"},"content":{"rendered":"<p class=\"crayon article-soustitre-2428 soustitre\">R\u00e9flexions critiques sur la n\u00e9gation d\u2019un g\u00e9nocide<\/p>\n<div class=\"cartouche\">\n<p class=\"info-publi\"><span class=\"auteurs\">par\u00a0<span class=\"vcard author\">Maxime Cochelin<\/span><\/span><br \/>\n<abbr class=\"published\" title=\"2025-12-08T22:41:42Z\">8 d\u00e9cembre 2025<\/abbr><\/p>\n<\/div>\n<div class=\"surlignable\">\n<div class=\"crayon article-chapo-2428 chapo\">\n<p>Le 4 octobre 2025, Yonathan Arfi, pr\u00e9sident du Conseil repr\u00e9sentatif des institutions juives de France (CRIF), s\u2019interroge sur le plateau de\u00a0<i>franceinfo<\/i>\u00a0: \u00ab\u00a0<i>Mais je ne comprendrai jamais l\u2019inversion morale qui vise \u00e0 accuser Isra\u00ebl de g\u00e9nocide. D\u2019accuser l\u2019\u00c9tat refuge des r\u00e9fugi\u00e9s de la Shoah d\u2019\u00eatre au fond nazifi\u00e9<\/i>\u00a0\u00bb. Cet argument, souvent repris, appelle quelques r\u00e9flexions, que voici.<\/p>\n<\/div>\n<\/div>\n<p><!--more--><\/p>\n<div class=\"contenu-principal\">\n<div class=\"surlignable\">\n<div class=\"crayon article-texte-2428 texte\">\n<div class=\"spip_document_4538 spip_document spip_documents spip_document_image spip_documents_center spip_document_center\">\n<figure class=\"spip_doc_inner\"><a class=\"spip_doc_lien mediabox lity-enabled hasbox\" href=\"https:\/\/lmsi.net\/IMG\/jpg\/a_mural_on_one_of_the_bombed_buildings_on_al_thawra_street_in_gaza_war.jpg\" type=\"image\/jpeg\" data-box-type=\"image\"><img decoding=\"async\" class=\"aligncenter\" src=\"https:\/\/lmsi.net\/local\/cache-vignettes\/L500xH375\/a_mural_on_one_of_the_bombed_buildings_on_al_thawra_street_in_gaza_war-76cc5.jpg?1765233704\" alt=\"\" width=\"500\" height=\"375\" \/><\/a><\/figure>\n<\/div>\n<p>Le tout et rien Rapha\u00ebl Enthoven, dans son \u00e9ditorial du 8 octobre dernier pour Franc-Tireur, se demande lui aussi, fa\u00e7on rh\u00e9torique\u00a0: \u00ab\u00a0<i>Pourquoi la nazification d\u2019Isra\u00ebl depuis deux ans\u00a0?<\/i>\u00a0\u00bb.<\/p>\n<p>Quelques jours plus tard, le 22 octobre, Franz-Olivier Giesbert, monolithe du champ m\u00e9diatique, apporte son \u00e9l\u00e9ment d\u2019analyse dans les colonnes du\u00a0<i>Point<\/i>\u00a0: \u00ab\u00a0<i>la campagne de nazification d\u2019Isra\u00ebl, pr\u00e9tendument coupable de \u00ab\u00a0g\u00e9nocide\u00a0\u00bb, a fini par porter ses fruits dans nos soci\u00e9t\u00e9s malades, d\u00e9cultur\u00e9es, d\u00e9cervel\u00e9es<\/i>\u00a0\u00bb.<\/p>\n<p>Ainsi d\u2019une petite musique de fond, loin de se limiter \u00e0 ces trois seules occurrences, selon laquelle accuser Isra\u00ebl de commettre un g\u00e9nocide serait certes inepte, certes faux, certes, m\u00eame, antis\u00e9mite, mais encore pire\u00a0: serait synonyme d\u2019un rapprochement tacite avec le IIIe Reich.<\/p>\n<p>Ce jeu s\u00e9mantique fa\u00e7on \u00ab\u00a0<i>point Godwin<\/i>\u00a0\u00bb est r\u00e9p\u00e9t\u00e9 de concert depuis deux ans maintenant, \u00e0 la t\u00e9l\u00e9vision comme dans les journaux, par toute une s\u00e9rie de personnalit\u00e9s. \u00c0 un point tel, peut-\u00eatre, qu\u2019il semble avoir \u00e9t\u00e9 oubli\u00e9 un \u00e9l\u00e9ment quelque peu central\u00a0: la mani\u00e8re dont cette rh\u00e9torique emprunte au registre qu\u2019elle pr\u00e9tend combattre.<\/p>\n<p><strong>Possible gen\u00e8se<\/strong><\/p>\n<p>Le philosophe fran\u00e7ais Vladimir Jank\u00e9l\u00e9vitch \u00e9crivait, dans un texte paru pour la premi\u00e8re fois en 1971<span class=\"spip_note_ref\">\u00a0[<a id=\"nh1\" class=\"spip_note\" title=\"Voir Jank\u00e9l\u00e9vtich Vladimir, Pardonner ?, paru pour la premi\u00e8re fois en 1971\u00a0(\u2026)\" href=\"https:\/\/lmsi.net\/Qui-nazifie-Israel#nb1\" rel=\"appendix\">1<\/a>]<\/span>\u00a0: \u00ab\u00a0<i>L\u2019antisionisme est l\u2019antis\u00e9mitisme justifi\u00e9, mis enfin \u00e0 la port\u00e9e de tous. Il est la permission d\u2019\u00eatre d\u00e9mocratiquement antis\u00e9mite. Et si les juifs \u00e9taient eux-m\u00eames des nazis\u00a0? Ce serait merveilleux. Il ne serait plus n\u00e9cessaire de les plaindre\u00a0: ils auraient m\u00e9rit\u00e9 leur sort.\u00a0<\/i>\u00a0\u00bb.<\/p>\n<p>Jank\u00e9l\u00e9vitch, un homme comme Rapha\u00ebl Enthoven le conna\u00eet bien\u00a0: il lui a consacr\u00e9 de nombreuses \u00e9missions de radio et n\u2019a cess\u00e9, sauf \u00e0 avoir rat\u00e9 un \u00e9pisode, de le compter parmi ses intellectuels f\u00e9tiches. Conna\u00eet-il cet extrait\u00a0? La r\u00e9ponse est oui\u00a0: il en a cit\u00e9\u00a0<a class=\"spip_out\" href=\"https:\/\/x.com\/Enthoven_R\/status\/1098337774489554945\" rel=\"external\">les termes<\/a>, en f\u00e9vrier 2019, pour plussoyer \u00e0 un tweet d\u2019Emmanuel Macron selon lequel \u00ab\u00a0<i>L\u2019antisionisme est une forme moderne de l\u2019antis\u00e9mitisme<\/i>\u00a0\u00bb. Le paragraphe pr\u00e9cit\u00e9 constitue-t-il, d\u00e8s lors, la gen\u00e8se de ce raisonnement selon lequel les mots \u00ab\u00a0<i>\u00a0Isra\u00ebl<\/i>\u00a0\u00bb et \u00ab\u00a0<i>g\u00e9nocide<\/i>\u00a0\u00bb, mis c\u00f4te \u00e0 c\u00f4te, feraient appara\u00eetre le mot \u00ab\u00a0<i>nazi<\/i>\u00a0\u00bb\u00a0?<\/p>\n<p>\u00c0 partir de ce cadre intellectuel, en tout cas, le glissement s\u2019en retrouverait tomber sous le sens\u00a0: le \u00ab\u00a0<i>g\u00e9nocide perp\u00e9tr\u00e9 \u00e0 Gaza<\/i>\u00a0\u00bb appara\u00eetrait comme cette nouvelle \u00e9tape s\u00e9mantique coordonn\u00e9e pour, enfin, parvenir \u00e0 transformer les juifs en nazis, et ainsi laver l\u2019Europe de l\u2019inqualifiable ignominie qu\u2019a \u00e9t\u00e9 la Shoah. Comme s\u2019il n\u2019avait en fait pas \u00e9t\u00e9 question de victimes et de bourreaux, mais juste d\u2019un continuum de m\u00e9chants.<\/p>\n<p><strong>Retournement<\/strong><\/p>\n<p>Force est de constater qu\u2019un \u00ab\u00a0<i>argumentaire<\/i>\u00a0\u00bb s\u2019est effectivement r\u00e9pandu sur les r\u00e9seaux sociaux depuis le 7 octobre 2023, qui raisonne peu ou prou avec les propos de Jank\u00e9l\u00e9vitch\u00a0: celui du \u00ab\u00a0<i>retournement<\/i>\u00a0\u00bb de l\u2019histoire. Tous ces montages qui se sont amus\u00e9s \u00e0 superposer les visages de Netanyahu et d\u2019Hitler, pour en montrer les suppos\u00e9es ressemblances, et pour appuyer sur le fait que les victimes d\u2019hier se sont en toute logique faites les bourreaux d\u2019aujourd\u2019hui. Comme si, depuis tout ce temps, la volont\u00e9 de vengeance couvait au plus profond de la jud\u00e9it\u00e9 et que le sujet palestinien offrait l\u2019opportunit\u00e9 d\u2019enfin la laisser jaillir. Soit, effectivement, ce qui s\u2019apparente \u00e0 une \u00ab\u00a0<i>\u00a0nazification d\u2019Isra\u00ebl<\/i>\u00a0\u00bb.<\/p>\n<p>Cette \u00ab\u00a0<i>th\u00e8se<\/i>\u00a0\u00bb abjecte et antis\u00e9mite, sans aucun doute, Enthoven et ses camarades ont donc jug\u00e9 bon de l\u2019associer \u00e0 quiconque accuse Isra\u00ebl de commettre un g\u00e9nocide. De l\u2019instrumentaliser, en somme, pour an\u00e9antir leurs ennemis politiques, et ce quitte \u00e0 jouer dans le m\u00eame terreau\u00a0: l\u2019amalgame entre Isra\u00ebl et le r\u00e9gime nazi, cette fois-ci par son verso. Ajoutant par cela du grain \u00e0 moudre \u00e0 cette juxtaposition inique, \u00e0 d\u00e9faut d\u2019en d\u00e9faire point par point les fondations. Et pour cause\u00a0: il en aurait \u00e9t\u00e9 d\u2019un autosabotage.<\/p>\n<p><strong>Impasses<\/strong><\/p>\n<p>Car si \u00ab\u00a0<i>nazifier Isra\u00ebl<\/i>\u00a0\u00bb est effectivement antis\u00e9mite, c\u2019est d\u2019abord parce que l\u2019histoire de l\u2019antisionisme appartient aussi, et en r\u00e9alit\u00e9 appartient d\u2019abord, \u00e0 l\u2019histoire des juifs.<\/p>\n<p>Du Bund aux ultra-orthodoxes, avec des traditions intellectuelles critiques toujours bien entretenues aujourd\u2019hui de New-York \u00e0 Tel-Aviv\u00a0: Isra\u00ebl n\u2019est en rien, et n\u2019a jamais \u00e9t\u00e9, loin s\u2019en faut, le repr\u00e9sentant de tous les juifs du monde, refugi\u00e9s de la Shoah compris.<\/p>\n<p>Ensuite, \u00e9vidence s\u2019il en est\u00a0: les mots \u00ab\u00a0<i>g\u00e9nocide<\/i>\u00a0\u00bb et \u00ab\u00a0<i>nazisme<\/i>\u00a0\u00bb ne se confondent en rien. Le n\u00e9ologisme de \u00ab\u00a0<i>g\u00e9nocide<\/i>\u00a0\u00bb, mis au point en 1943, a \u00e9t\u00e9 \u00e9labor\u00e9 par le juriste Rapha\u00ebl Lemkin\u00a0: \u00ab\u00a0<i>\u00a0(\u2026) pour signifier une vieille pratique dans son \u00e9volution moderne (\u2026)\u00a0<\/i>\u00a0\u00bb.<\/p>\n<p>En plus de son acception juridique, grav\u00e9e dans le marbre par la Convention pour la pr\u00e9vention et la r\u00e9pression du crime de g\u00e9nocide, ce mot est mobilis\u00e9 par de nombreux historiens, anthropologues, sociologues, pour qualifier r\u00e9trospectivement divers massacres\u00a0: Am\u00e9rindiens, Arm\u00e9niens, Herero et Nama, entre bien d\u2019autres. Jusqu\u2019\u00e0 m\u00eame b\u00e2tir une discipline \u00e0 part enti\u00e8re, les \u00ab\u00a0<i>Genocide studies<\/i>\u00a0\u00bb, s\u2019int\u00e9ressant \u00e0 la compr\u00e9hension structurelle et diff\u00e9renci\u00e9e de ce crime \u00e0 travers les temps. Avec l\u2019objectif, justement, de ne pas relativiser la particularit\u00e9 du g\u00e9nocide perp\u00e9tr\u00e9 par les nazis et de ne pas \u00ab\u00a0<i>nazifier<\/i>\u00a0\u00bb les g\u00e9nocides perp\u00e9tr\u00e9s par les autres.<\/p>\n<p>Si Rapha\u00ebl Enthoven, Yonathan Arfi, et tous leurs camarades avaient vraiment voulu d\u00e9truire le raisonnement antis\u00e9mite selon lequel Isra\u00ebl serait devenu nazi, il aurait donc fallu reconna\u00eetre qu\u2019Isra\u00ebl n\u2019est pas l\u2019\u00c9tat de tous les juifs r\u00e9fugi\u00e9s de la Shoah du monde et que l\u2019acte de g\u00e9nocide d\u00e9passe le seul IIIe Reich. De scier la branche sur laquelle ils \u00e9taient assis, en somme, en admettant qu\u2019il est tout \u00e0 fait possible d\u2019accuser la bande \u00e0 Netanyahu de commettre un g\u00e9nocide \u00e0 Gaza sans incriminer en bloc les Juifs et sans faire r\u00e9f\u00e9rence aux remplissages de trains, aux fours cr\u00e9matoires ou aux chambres \u00e0 gaz.<\/p>\n<p><strong>Une d\u00e9fense de la d\u00e9fense<\/strong><\/p>\n<p>En bout de course, il semblerait donc que l\u2019explication ex\u00e9g\u00e9tique soit surtout celle d\u2019une mauvaise foi tout \u00e0 fait consciente d\u2019elle-m\u00eame. En gros\u00a0: mobiliser tous les argumentaires possibles jusqu\u2019\u00e0 l\u2019absurde pour d\u00e9nier, corps et \u00e2mes, la qualification du gigantesque massacre perp\u00e9tr\u00e9 par Isra\u00ebl comme d\u2019un g\u00e9nocide.<\/p>\n<p>Dans cet interstice, en effet, se joue un \u00e9l\u00e9ment fondamental, sur lequel se fonde une large partie de la propagande des gouvernements isra\u00e9liens successifs, au-del\u00e0 de leurs \u00e9ventuelles divergences politiques\u00a0: la dimension pr\u00e9tendument d\u00e9fensive de toutes les op\u00e9rations militaires. Si l\u2019arm\u00e9e isra\u00e9lienne est si puissamment \u00e9quip\u00e9e par les forces occidentales, cela ne serait que pour faire face \u00e0 toutes les menaces environnantes, toujours qualifi\u00e9es \u00ab\u00a0<i>d\u2019existentielles<\/i>\u00a0\u00bb. \u00ab\u00a0<i>Isra\u00ebl a le droit de se d\u00e9fendre<\/i>\u00a0\u00bb aiment ainsi r\u00e9p\u00e9ter en c\u0153ur les dirigeants europ\u00e9ens et am\u00e9ricains, dans un effort constant de victimisation d\u2019un \u00c9tat pourtant \u00e9pingl\u00e9 par plus de\u00a0<a class=\"spip_out\" href=\"https:\/\/www.la-croix.com\/international\/onu-depuis-1948-israel-fait-peu-de-cas-des-resolutions-du-conseil-de-securite-20240326\" rel=\"external\">200 r\u00e9solutions des Nations Unies depuis 1948<\/a>.<\/p>\n<p>Sauf qu\u2019il ne peut, par d\u00e9finition, exister de g\u00e9nocide \u00ab\u00a0<i>d\u00e9fensif<\/i>\u00a0\u00bb\u00a0: de tels massacres, par leur dimension et leur syst\u00e9matisme, sont toujours pilot\u00e9s par des \u00c9tats, forts, \u00e0 l\u2019\u00e9gard d\u2019une population assujettie, animalis\u00e9e, au point d\u2019en justifier la disparition int\u00e9grale. Et c\u2019est, de fait, ce \u00e0 quoi semble avoir conduit la rh\u00e9torique isra\u00e9lienne de la \u00ab\u00a0menace constante\u00a0\u00bb\u00a0: pour \u00e9viter qu\u2019ils ne deviennent tueurs demain, car l\u00e0 serait leur seul destin envisageable, autant d\u00e9chiqueter froidement les corps des enfants Palestiniens d\u00e8s \u00e0 pr\u00e9sent.<\/p>\n<p>Cette d\u00e9nonciation d\u2019une \u00ab\u00a0<i>nazification de l\u2019\u00c9tat d\u2019Isra\u00ebl<\/i>\u00a0\u00bb envers quiconque qualifie de g\u00e9nocide ce qui se passe \u00e0 Gaza, appara\u00eet d\u00e8s lors comme la derni\u00e8re carte, tout \u00e0 fait fangeuse, mobilis\u00e9e pour emp\u00eacher que tout le ch\u00e2teau ne s\u2019effondre. Ch\u00e2teau \u00e9tant, faut-il encore le pr\u00e9ciser, la dimension coloniale et supr\u00e9maciste des principes \u00e0 partir desquels l\u2019\u00c9tat d\u2019Isra\u00ebl s\u2019est \u00e9tabli en Palestine et continue, toujours aujourd\u2019hui, d\u2019y avancer ses pions. Horizon global qui n\u2019est pas tout \u00e0 fait qualifiable de \u00ab\u00a0<i>\u00a0d\u00e9fensif<\/i>\u00a0\u00bb.<\/p>\n<p>Prot\u00e9ger co\u00fbte que co\u00fbte la forme coloniale d\u2019Isra\u00ebl, certes, mais pas seulement. En refusant mordicus la possibilit\u00e9 qu\u2019une population juive puisse commettre un g\u00e9nocide, toutes ces coqueluches m\u00e9diatiques semblent s\u2019enfoncer dans le mal qu\u2019elles pr\u00e9tendent d\u00e9jouer\u00a0: celui de l\u2019essentialisation d\u2019un peuple.<\/p>\n<p>Que le terme de g\u00e9nocide, appos\u00e9 \u00e0 un \u00c9tat se proclamant comme \u00ab\u00a0<i>\u00a0juif<\/i>\u00a0\u00bb, puisse \u00eatre difficile \u00e0 avaler, chacun le comprend. Mais que ce qualificatif soit, par d\u00e9finition et sans aucune forme de doute, en dehors de propos, rel\u00e8ve d\u2019une conception de l\u2019\u00c9tat d\u2019Isra\u00ebl comme intrins\u00e8quement exceptionnelle, par sa population autant que par sa structure, sorte d\u2019ensemble uniforme o\u00f9 l\u2019individualit\u00e9 et la distorsion n\u2019existeraient pas, toutes deux \u00e9cras\u00e9es par un sillon identitaire unique d\u00e9tach\u00e9 du reste de la communaut\u00e9 humaine. Origine suppos\u00e9e d\u2019une impossibilit\u00e9 totale, pour les citoyens isra\u00e9liens, dirigeants ou non, model\u00e9s par des appartenances complexes et diff\u00e9renci\u00e9es, de se comporter en profonds criminels. Soit un geste arbitraire de suspension d\u2019une r\u00e8gle, pourtant toujours v\u00e9rifi\u00e9e, selon laquelle une nation rassembl\u00e9e derri\u00e8re une machine \u00e9tatique boost\u00e9e \u00e0 l\u2019imp\u00e9rialisme est capable des pires s\u00e9vices.<\/p>\n<p>Bref\u00a0: une position qui, en se pr\u00e9sentant comme humaniste et \u00ab\u00a0philos\u00e9mite\u00a0\u00bb, se vautre au fond dans une forme de pens\u00e9e antis\u00e9mite\u00a0: celle-l\u00e0 m\u00eame qui refuse aux Juifs, depuis des centaines d\u2019ann\u00e9es, la possibilit\u00e9 d\u2019\u00eatre, pour le meilleur et pour le pire, comme\u00a0<i>n\u2019importe quels autres<\/i>.<\/p>\n<\/div>\n<\/div>\n<\/div>\n<div class=\"notes surlignable\">\n<h2 class=\"h2 pas_surlignable\">Notes<\/h2>\n<div id=\"nb1\">\n<p><span class=\"spip_note_ref\">[<a class=\"spip_note\" title=\"Notes 1\" href=\"https:\/\/lmsi.net\/Qui-nazifie-Israel#nh1\" rev=\"appendix\">1<\/a>]\u00a0<\/span>Voir Jank\u00e9l\u00e9vtich Vladimir,\u00a0<i>Pardonner\u00a0?<\/i>, paru pour la premi\u00e8re fois en 1971 et r\u00e9\u00e9dit\u00e9 dans\u00a0<i>L\u2019imprescriptible. Pardonner\u00a0? Dans l\u2019honneur et la dignit\u00e9<\/i>, Le Seuil, Paris, 1986.<\/p>\n<h1 class=\"entry-title pt--3 pb--2 w90\">Palestine \u2013 Les le\u00e7ons de l\u2019histoire : comment les supr\u00e9macismes s\u2019installent<\/h1>\n<div class=\"masonry\"><picture><source srcset=\"https:\/\/ujfp.org\/wp-content\/uploads\/2020\/04\/flag-palestine.png.webp 318w, https:\/\/ujfp.org\/wp-content\/uploads\/2020\/04\/flag-palestine-220x110.png 220w, https:\/\/ujfp.org\/wp-content\/uploads\/2020\/04\/flag-palestine-130x65.png.webp 130w, https:\/\/ujfp.org\/wp-content\/uploads\/2020\/04\/flag-palestine-300x150.png.webp 300w, https:\/\/ujfp.org\/wp-content\/uploads\/2020\/04\/flag-palestine-170x85.png 170w, https:\/\/ujfp.org\/wp-content\/uploads\/2020\/04\/flag-palestine-200x100.png 200w\" type=\"image\/webp\" sizes=\"318px\" data-srcset=\"https:\/\/ujfp.org\/wp-content\/uploads\/2020\/04\/flag-palestine.png.webp 318w, https:\/\/ujfp.org\/wp-content\/uploads\/2020\/04\/flag-palestine-220x110.png 220w, https:\/\/ujfp.org\/wp-content\/uploads\/2020\/04\/flag-palestine-130x65.png.webp 130w, https:\/\/ujfp.org\/wp-content\/uploads\/2020\/04\/flag-palestine-300x150.png.webp 300w, https:\/\/ujfp.org\/wp-content\/uploads\/2020\/04\/flag-palestine-170x85.png 170w, https:\/\/ujfp.org\/wp-content\/uploads\/2020\/04\/flag-palestine-200x100.png 200w\" \/><img decoding=\"async\" class=\"attachment-medium size-medium wp-post-image lazyautosizes lazyloaded\" title=\"Palestine - Les le\u00e7ons de l\u2019histoire : comment les supr\u00e9macismes s\u2019installent 1\" src=\"https:\/\/ujfp.org\/wp-content\/uploads\/2020\/04\/flag-palestine.png\" sizes=\"318px\" srcset=\"https:\/\/ujfp.org\/wp-content\/uploads\/2020\/04\/flag-palestine.png 318w, https:\/\/ujfp.org\/wp-content\/uploads\/2020\/04\/flag-palestine-220x110.png 220w, https:\/\/ujfp.org\/wp-content\/uploads\/2020\/04\/flag-palestine-130x65.png 130w, https:\/\/ujfp.org\/wp-content\/uploads\/2020\/04\/flag-palestine-300x150.png 300w, https:\/\/ujfp.org\/wp-content\/uploads\/2020\/04\/flag-palestine-170x85.png 170w, https:\/\/ujfp.org\/wp-content\/uploads\/2020\/04\/flag-palestine-200x100.png 200w\" alt=\"flag-palestine\" width=\"318\" height=\"159\" data-eio=\"p\" data-src=\"https:\/\/ujfp.org\/wp-content\/uploads\/2020\/04\/flag-palestine.png\" data-srcset=\"https:\/\/ujfp.org\/wp-content\/uploads\/2020\/04\/flag-palestine.png 318w, https:\/\/ujfp.org\/wp-content\/uploads\/2020\/04\/flag-palestine-220x110.png 220w, https:\/\/ujfp.org\/wp-content\/uploads\/2020\/04\/flag-palestine-130x65.png 130w, https:\/\/ujfp.org\/wp-content\/uploads\/2020\/04\/flag-palestine-300x150.png 300w, https:\/\/ujfp.org\/wp-content\/uploads\/2020\/04\/flag-palestine-170x85.png 170w, https:\/\/ujfp.org\/wp-content\/uploads\/2020\/04\/flag-palestine-200x100.png 200w\" data-sizes=\"auto\" data-eio-rwidth=\"318\" data-eio-rheight=\"159\" \/><\/picture><\/div>\n<div class=\"mtl\">\n<div class=\"entry-meta\"><span class=\"author vcard\"><a class=\"author url fn\" title=\"Articles par Mossa\u2019ab Bachir\" href=\"https:\/\/ujfp.org\/auteur\/mossaab-bachir\/\" rel=\"author\">Mossa\u2019ab Bachir<\/a><\/span>\u00a0<span class=\"entry-date\">18\/04\/18<\/span><picture><\/picture><\/div>\n<\/div>\n<div class=\"entry-content prs--2\">\n<p class=\"chapo\">En Isra\u00ebl, on d\u00e9bat souvent avec passion du nazisme.<\/p>\n<p class=\"chapo\">Le grand philosophe Yeshayahou Leibowitz, scandalis\u00e9 par le comportement isra\u00e9lien apr\u00e8s la Guerre des Six Jours, avait parl\u00e9 de \u00ab jud\u00e9o-nazisme \u00bb.<\/p>\n<p class=\"chapo\">Plus r\u00e9cemment, l\u2019historien Zeev Sternhell, pourtant sioniste a \u00e9crit : \u00ab en Isra\u00ebl pousse un racisme proche du nazisme \u00e0 ses d\u00e9buts \u00bb.<\/p>\n<p>Dans la droite isra\u00e9lienne aussi, ce sujet est abord\u00e9. N\u00e9tanyahou confirme son amiti\u00e9 pour le dirigeant hongrois Viktor Orban alors que celui-ci a entrepris la r\u00e9habilitation du r\u00e9gime pronazi de l\u2019amiral Horthy.<\/p>\n<p>Et Mosh\u00e9 Feiglin, candidat malheureux \u00e0 la t\u00eate du Likoud en 1995 avait \u00e0 l\u2019\u00e9poque estim\u00e9 que \u00ab le nazisme a permis de sortir l\u2019Allemagne d\u2019une situation de d\u00e9tresse pour l\u2019amener \u00e0 une situation fantastique sur le plan physique et id\u00e9ologique \u00bb.<\/p>\n<p>Alors, peut-on comparer sionisme et nazisme ?<\/p>\n<p>Il y a une diff\u00e9rence fondamentale : \u00e0 Gaza, en trois grands massacres de 2008 \u00e0 2014, il y a eu environ 5 000 morts pour environ deux millions d\u2019habitants. \u00c7a s\u2019appelle crimes de guerre, crimes contre l\u2019humanit\u00e9, utilisation d\u2019armes interdites et il faudra que les responsables de ces crimes soient jug\u00e9s.<\/p>\n<p>Dans le ghetto de Varsovie, il y a eu 99% de morts. \u00c7a s\u2019appelle une extermination, un g\u00e9nocide. On ne peut pas comparer.<\/p>\n<p>Il reste que sionisme et nazisme sont au d\u00e9part des id\u00e9ologies supr\u00e9macistes qui d\u00e9clarent qu\u2019un groupe humain a tous les droits et que les autres n\u2019en ont aucun. Et que ces deux id\u00e9ologies ont \u00e9norm\u00e9ment \u00e9crit pour l\u00e9gif\u00e9rer, pour identifier les privil\u00e9gi\u00e9s et pour exclure les autres des droits humains les plus \u00e9l\u00e9mentaires.<\/p>\n<p><strong>Mossa\u2019ab Bachir<\/strong>\u00a0est un jeune gazaoui. Il a \u00e9t\u00e9 prisonnier politique et a connu les bombardements massifs. Son texte est extr\u00eamement pr\u00e9cis et rassemble minutieusement de multiples faits, \u00e9tay\u00e9s par d\u2019abondantes notes. Il s\u2019appuie sur ses nombreuses recherches de textes et de documents. Il d\u00e9gage ainsi un noyau que nous devrions regarder en face : les traits communs aux constructions des supr\u00e9macismes.<\/p>\n<p>Cet article est pr\u00e9cieux pour comprendre comment les Palestiniens, depuis des d\u00e9cennies, ont \u00e9t\u00e9 d\u00e9poss\u00e9d\u00e9s de leur terre et priv\u00e9s de tout droit. C\u2019est pourquoi nous le publions.<\/p>\n<p><strong>D\u00e9dicace depuis le coin sud-ouest de la Palestine que le sionisme a transform\u00e9 en grande prison \u00e0 l\u2019air libre : la Bande de Gaza.<\/strong><\/p>\n<p>\u00c0 la m\u00e9moire de toutes les personnes, juives et non juives, qui ont p\u00e9ri durant l\u2019holocauste, et souffert de l\u2019oppression nazie.<\/p>\n<p>\u00c0 la m\u00e9moire de tou-te-s les Palestinien-ne-s, qui ont p\u00e9ri et p\u00e9rissent aux mains du sionisme, et souffrent de formes multiples de discriminations depuis la Nakba.<\/p>\n<p>Pour un avenir sans racisme ni injustice, sans crimes d\u00e9guis\u00e9s.<\/p>\n<p><strong>Pour une paix juste dans une nouvelle Palestine entre le Jourdain et la M\u00e9diterran\u00e9e o\u00f9 les gens qui parlent arabe et h\u00e9breu vivent dans l\u2019\u00e9galit\u00e9.<\/strong><\/p>\n<p>Est-il ind\u00e9cent de comparer sionisme et nazisme ?<\/p>\n<p>Bien \u00e9videmment le sionisme n\u2019a pas, comme le nazisme, extermin\u00e9 des millions de personnes. Dans la p\u00e9riode historique actuelle, les sionistes d\u00e9truisent patiemment la soci\u00e9t\u00e9 palestinienne \u00e0 coup de nettoyages ethniques et de massacres. Les nazis avaient planifi\u00e9 et r\u00e9alis\u00e9 le g\u00e9nocide.<\/p>\n<p>Nous examinons ici les textes fondateurs de ces deux id\u00e9ologies supr\u00e9macistes.<\/p>\n<p><strong>Nazisme et sionisme, diff\u00e9rence de degr\u00e9 ou d\u2019essence?<\/strong><\/p>\n<p>Des instructions aux soldat-e-s qui leurs donnent les mains libres pour tirer et pour tuer des palestinien-ne-s au moindre soup\u00e7on (c\u2019est-\u00e0-dire\u00a0<em>de facto<\/em>\u00a0le permis d\u2019assassiner celles et ceux qui ne sont pas juif\/ve-s)<sup><a id=\"identifier_1_5823\" class=\"footnote-link footnote-identifier-link\" title=\"Itamar Eichner and Eli Senyor. \u201cCabinet approves tougher punishments for throwing stones, firebombs\u201d Ynetnews, September 24, 2015. Accessed July 30, 2016. http:\/\/www.ynetnews.com\/articles\/0,7340,L-4703951,00.html.\" href=\"https:\/\/ujfp.org\/palestine-les-lecons-de-lhistoire-comment-les-supremacismes-sinstallent-2\/#footnote_1_5823\">1<\/a><\/sup><sup><a id=\"identifier_2_5823\" class=\"footnote-link footnote-identifier-link\" title=\"\u201cSecurity Cabinet Statement\u201d Prime Minister\u2019s Office, accessed July 30, 2016. http:\/\/www.pmo.gov.il\/English\/MediaCenter\/Spokesman\/Pages\/spokeJerusalem240915.aspx.\" href=\"https:\/\/ujfp.org\/palestine-les-lecons-de-lhistoire-comment-les-supremacismes-sinstallent-2\/#footnote_2_5823\">2<\/a><\/sup>, la permission faite aux colons d\u2019acqu\u00e9rir des armes et de les utiliser contre les palestinien-ne-s<sup><a id=\"identifier_3_5823\" class=\"footnote-link footnote-identifier-link\" title=\"Chaim Levinson, \u201cIDF Training Israeli Settlers Ahead of 'Mass Disorder' Expected in September\u201d Haaretz, August 30, 2011. Accessed July 30, 2016. http:\/\/www.haaretz.com\/israel-news\/idf-training-israeli-settlers-ahead-of-mass-disorder-expected-in-september-1.381421.\" href=\"https:\/\/ujfp.org\/palestine-les-lecons-de-lhistoire-comment-les-supremacismes-sinstallent-2\/#footnote_3_5823\">3<\/a><\/sup>\u00a0<sup><a id=\"identifier_4_5823\" class=\"footnote-link footnote-identifier-link\" title=\"Nigle Wilson, \u201cIsrael's gun policy: A licence to kill Palestinians\u201d Aljazeera, November 19, 2015. Accessed July 30, 2016. http:\/\/www.aljazeera.com\/news\/2015\/11\/israel-gun-policy-licence-kill-palestinians-151119080409657.html.\" href=\"https:\/\/ujfp.org\/palestine-les-lecons-de-lhistoire-comment-les-supremacismes-sinstallent-2\/#footnote_4_5823\">4<\/a><\/sup>, la s\u00e9gr\u00e9gation raciste des routes et des espaces publics<sup><a id=\"identifier_5_5823\" class=\"footnote-link footnote-identifier-link\" title=\"\u201cAPARTHEID ROADS\u201d (Ramallah: 2008), accessed July 30, 2016. https:\/\/www.ochaopt.org\/documents\/opt_prot_maan_apartheid_roads_dec_2008.pdf.\" href=\"https:\/\/ujfp.org\/palestine-les-lecons-de-lhistoire-comment-les-supremacismes-sinstallent-2\/#footnote_5_5823\">5<\/a><\/sup>\u00a0<sup><a id=\"identifier_6_5823\" class=\"footnote-link footnote-identifier-link\" title=\"\u201cTYPOLOGIES OF SEGREGATION\u201d. Visualizing Palestine. March 2012, accessed July 30, 2016.http:\/\/visualizingpalestine.org\/visuals\/segregated-roads-west-bank.\" href=\"https:\/\/ujfp.org\/palestine-les-lecons-de-lhistoire-comment-les-supremacismes-sinstallent-2\/#footnote_6_5823\">6<\/a><\/sup>, des lois qui l\u00e9galisent et institutionnalisent le racisme, la discrimination, la s\u00e9gr\u00e9gation sous tous les aspects, tout comme la violence contre le peuple autochtone de la Palestine, des massacres et des actes de terreur contre les civil-e-s pour qu\u2019ils\/elles quittent leurs terres d\u2019origine sous le feu des armes, l\u2019utilisation de civil-e-s comme boucliers humains<sup><a id=\"identifier_7_5823\" class=\"footnote-link footnote-identifier-link\" title=\"\u201cHUMAN SHIELDS\u201d Breaking the Silence, accessed July 30, 2016, http:\/\/www.breakingthesilence.org.il\/testimonies\/database\/?ci=143.\" href=\"https:\/\/ujfp.org\/palestine-les-lecons-de-lhistoire-comment-les-supremacismes-sinstallent-2\/#footnote_7_5823\">7<\/a><\/sup><sup><a id=\"identifier_8_5823\" class=\"footnote-link footnote-identifier-link\" title=\"\u201cPALESTINIAN CHILDREN BEING USED AS HUMAN SHIELDS\u201d Defense for Children International Palestine, accessed July 30, 2016, http:\/\/www.dci-palestine.org\/palestinian_children_being_used_as_human_shields.\" href=\"https:\/\/ujfp.org\/palestine-les-lecons-de-lhistoire-comment-les-supremacismes-sinstallent-2\/#footnote_8_5823\">8<\/a><\/sup>, la militarisation, l\u2019usage syst\u00e9matique de la torture contre les prisonnier-e-s, leur utilisation pour des exp\u00e9rimentations m\u00e9dicales<sup><a id=\"identifier_9_5823\" class=\"footnote-link footnote-identifier-link\" title=\"\u201cTORTURE OF PALESTINIAN POLITICAL PRISONERS IN ISRAELI PRISONS\u201d (October 2003), accessed July 30, 2016. http:\/\/www.addameer.org\/files\/Reports\/torture-eng.pdf. 68.\" href=\"https:\/\/ujfp.org\/palestine-les-lecons-de-lhistoire-comment-les-supremacismes-sinstallent-2\/#footnote_9_5823\">9<\/a><\/sup>\u00a0<sup><a id=\"identifier_10_5823\" class=\"footnote-link footnote-identifier-link\" title=\"\u201cSOLITARY CONFINEMENT OF PRISONERS AND DETAINEES IN ISRAELI PRISONS\u201d (March 2016), accessed August 03, 2016. www.phr.org.il\/wp-content\/uploads\/2016\/03\/English-for-reporters.pdf. 27.\" href=\"https:\/\/ujfp.org\/palestine-les-lecons-de-lhistoire-comment-les-supremacismes-sinstallent-2\/#footnote_10_5823\">10<\/a><\/sup>, toute une population trait\u00e9e comme des cobayes\u2026etc.<\/p>\n<p>Une longue liste d\u2019atrocit\u00e9s inhumaines qui caract\u00e9risent le\u00a0<em>modus operandi\u00a0<\/em>du r\u00e9gime sioniste d\u2019Isra\u00ebl contre un autre peuple dans son propre espace. Dans cette \u00e9tude comparative, l\u2019auteur essaye de prouver que ces atrocit\u00e9s ne se sont pas d\u00e9roul\u00e9es et ne se d\u00e9roulent pas simplement comme l\u2019aboutissement d\u2019un besoin de s\u00e9curit\u00e9 perverti mais que ce sont des actes effectu\u00e9s dans une perspective id\u00e9ologique, une perspective sioniste. Les juif\/ves avaient \u00e9t\u00e9 soumis \u00e0 des actes similaires, mais d\u2019une intensit\u00e9 plus grande encore, des actes commis dans une perspective id\u00e9ologique aussi, une perspective nazie. Ironiquement les Palestinien-ne-s sont soumis-e-s \u00e0 des actes tr\u00e8s similaires par le r\u00e9gime sioniste d\u2019Isra\u00ebl, qui, faussement, pr\u00e9tend qu\u2019il est l\u2019h\u00e9ritier de la souffrance des Juifs tout au long de leur histoire.<\/p>\n<p>En outre, l\u2019auteur essayera de mettre en \u00e9vidence les points de ressemblance entre les deux id\u00e9ologies (nazie et sioniste) et \u00e9tayer la proposition que ce qui a eu lieu en Allemagne et dans le reste des territoires occup\u00e9s par le r\u00e9gime nazi de 1933 \u00e0 1945, et ce qui a lieu en Palestine depuis les d\u00e9buts du 20\u00e8me si\u00e8cle jusqu\u2019\u00e0 aujourd\u2019hui, sont les aboutissements de deux id\u00e9ologies essentiellement analogues et anthropophobes : le nazisme et le sionisme, mises en \u0153uvre par deux r\u00e9gimes racistes qui agissent de la m\u00eame mani\u00e8re mais avec des rythmes diff\u00e9rents : le r\u00e9gime nazi et le r\u00e9gime sioniste de l\u2019\u00c9tat d\u2019Isra\u00ebl.<\/p>\n<p><strong>Les racines socio-\u00e9conomiques communes du nazisme et du sionisme<\/strong><\/p>\n<p>L\u2019\u00e8re turbulente correspondante au changement de la structure socio-\u00e9conomique f\u00e9odale \u00e0 la structure socio-\u00e9conomique capitaliste, marqu\u00e9e par l\u2019essor des questions nationales, le d\u00e9veloppement des \u00c9tats-nations et l\u2019organisation politique des travailleur\/euses, \u00e8re par laquelle l\u2019Europe est pass\u00e9e entre la r\u00e9volution fran\u00e7aise de 1789 et la fin de la 2\u00e8me guerre mondiale en 1945, a fait na\u00eetre plusieurs mouvements ultranationalistes chauvins et contre-r\u00e9volutionnaires. Le nazisme et le sionisme ne sont pas seulement deux de ces mouvements, de mani\u00e8re assum\u00e9e pour le premier, ils ont aussi entre eux \u201cdes rapports int\u00e9ressants\u201d.<\/p>\n<p>Le mouvement nazi est n\u00e9 dans l\u2019Allemagne apr\u00e8s la Premi\u00e8re Guerre Mondiale, il s\u2019agit d\u2019un mouvement contre-r\u00e9volutionnaire, nationaliste, raciste et violent avec une propagande populiste dans un pays vaincu et \u00e9conomiquement d\u00e9vast\u00e9. C\u2019est au sein de la R\u00e9publique de Weimar naissante que les graines du racisme organis\u00e9 et du chauvinisme se sont d\u00e9velopp\u00e9s pour aboutir au nazisme, en profitant, des tr\u00e8s vastes r\u00e9formes d\u00e9mocratiques, du besoin populaire d\u2019une reprise \u00e9conomique rapide, et de la pression exerc\u00e9e par les pays vainqueurs de la Premi\u00e8re Guerre Mondiale sur l\u2019\u00e9conomie et la souverainet\u00e9 allemandes -entre autres facteurs.<\/p>\n<p>Dans les communaut\u00e9s juives \u00e0 l\u2019Est et au centre de l\u2019Europe, le sionisme s\u2019est d\u00e9velopp\u00e9 au sein du mouvement de la Haskalah. ( Haskalah en h\u00e9breu \u05d4\u05e9\u05db\u05dc\u05d4 signifie \u201cEducation\u201d, \u201cCulture\u201d, \u201cObtenir de l\u2019intelligence\u201d, ou \u201cUtiliser la raison\u201d). La Haskalah a \u00e9t\u00e9 la participation juive au mouvement des Lumi\u00e8res entre le 17\u00e8me et le 19\u00e8me si\u00e8cle. Beaucoup de Juif\/ve-s avaient commenc\u00e9 \u00e0 penser hors des murs du Ghetto, ce ghetto qui faisait partie d\u2019un ordre socio-\u00e9conomique obsol\u00e8te. La Haskalah a permis la sortie du ghetto, cette sortie a men\u00e9 \u00e0 l\u2019int\u00e9gration des Juif\/ve-s dans leur environnement et a aussi fait na\u00eetre le sionisme: une position minoritaire dans les communaut\u00e9s juives, qui a \u00e9merg\u00e9 de fait comme un mouvement contre-r\u00e9volutionnaire et chauvin en profitant, voire en \u00e9tant souvent nourri, par le racisme des soci\u00e9t\u00e9s europ\u00e9ennes, la pauvret\u00e9 de la majorit\u00e9 des Juif\/ve-s et les int\u00e9r\u00eats des r\u00e9gimes capitalistes nouvellement form\u00e9s, d\u00e9sireux de se jeter sur le riche et faible Orient. Le sionisme a suivi les pas des nationalismes europ\u00e9ens, comme le rappelle Yakov Rabkin :<\/p>\n<p>\u00ab Rappelons que le sionisme s\u2019inspire des nationalismes organiques de l\u2019Europe centrale et orientale ou les nationalistes luttent pour cr\u00e9e un Etat et donc un cadre l\u00e9gal et politique pour la nation qui existe d\u00e9j\u00e0. Leurs contacts aves les aspects exclusifs du nationalisme allemand, polonais, ou ukrainien laissent des influences durable sur le mouvement sioniste et la soci\u00e9t\u00e9 isra\u00e9lienne \u00bb<sup><a id=\"identifier_11_5823\" class=\"footnote-link footnote-identifier-link\" title=\"Yakov Rabkin, Au nom de la Torah : Une histoire de l'opposition juive au sionisme (La presse de l\u2019universit\u00e9 Laval, 2004), 30.\" href=\"https:\/\/ujfp.org\/palestine-les-lecons-de-lhistoire-comment-les-supremacismes-sinstallent-2\/#footnote_11_5823\">11<\/a><\/sup>.<\/p>\n<p>Le nazisme n\u2019\u00e9tait pas le courant principal dans la soci\u00e9t\u00e9 allemande, et m\u00eame quand le parti nazi est arriv\u00e9 au pouvoir, c\u2019est gr\u00e2ce \u00e0 une coalition qu\u2019il y est rest\u00e9 jusqu\u2019au coup de force d\u2019Hitler en 1933. Le sionisme \u00e9galement n\u2019\u00e9tait pas le courant principal dans les communaut\u00e9s juives, il \u00e9tait une minorit\u00e9, rejet\u00e9e fortement par les Juifs orthodoxes et la\u00efques. Robert Rockaway confirme que:<\/p>\n<p>\u00ab Le sionisme \u00e9tait un point de vue minoritaire chez les juifs. Il \u00e9tait \u00e9lectrisant pour la jeunesse, alors qu\u2019en m\u00eame temps il sapait l\u2019autorit\u00e9 des parents qui essayaient de survivre. Il \u00e9tait une critique des dirigeants, un d\u00e9fi aux dirigeants traditionnels des communaut\u00e9s diasporiques \u00bb<sup><a id=\"identifier_12_5823\" class=\"footnote-link footnote-identifier-link\" title=\"\u201cZIONISM differs from other national Liberation movements: Zionism: The National Liberation Movement of The Jewish People\u201d World Zionist Organization, accessed July 30, 2016.http:\/\/www.wzo.org.il\/index.php?dir=site&amp;page=articles&amp;op=item&amp;cs=3326&amp;category=3040.\" href=\"https:\/\/ujfp.org\/palestine-les-lecons-de-lhistoire-comment-les-supremacismes-sinstallent-2\/#footnote_12_5823\">12<\/a><\/sup>.<\/p>\n<p>Bien qu\u2019il n\u2019ait ni mandat ni soutien populaire dans les communaut\u00e9s juives du monde, le sionisme a continu\u00e9 \u00e0 d\u00e9velopper ses plans, \u00e0 tenir des conf\u00e9rences et \u00e0 faire venir les Juif\/ve-s pers\u00e9cut\u00e9-e-s en Palestine. Le penseur sioniste lib\u00e9ral Zeev Sternhell d\u00e9crit l\u2019esprit sioniste comme suit:<\/p>\n<p>\u00ab Si seulement une minorit\u00e9 du peuple juif s\u2019identifiait avec le sionisme, cela ne signifiait pas que le mouvement devait se soumettre \u00e0 la majorit\u00e9, mais au contraire qu\u2019il \u00e9tait du devoir de la minorit\u00e9 de diriger le mouvement dans le bon sens \u00bb<sup><a id=\"identifier_13_5823\" class=\"footnote-link footnote-identifier-link\" title=\"Zeev Sternell,The Founding Myths of Israel: Nationalism, Socialism, and the Making of the Jewish State, trans. David Maisel (Princton: Princton University Press, 2009), 191. Citation traduite par l\u2019auteur.\" href=\"https:\/\/ujfp.org\/palestine-les-lecons-de-lhistoire-comment-les-supremacismes-sinstallent-2\/#footnote_13_5823\">13<\/a><\/sup>.<\/p>\n<p>En fait, le fameux slogan volontariste de Theodor Herzl, qu\u2019on trouve presque partout en Isra\u00ebl aujourd\u2019hui, en r\u00e9sume toute la signification:<\/p>\n<p>\u00ab Si vous le voulez, \u00e7a ne sera pas une l\u00e9gende ! \u00bb<sup><a id=\"identifier_14_5823\" class=\"footnote-link footnote-identifier-link\" title=\"Slogan du roman de Herzel Altneuland en allemand. Theodor Herzl, Altneuland (Leipzig: Seemann Nachf, 1902), couerture.\" href=\"https:\/\/ujfp.org\/palestine-les-lecons-de-lhistoire-comment-les-supremacismes-sinstallent-2\/#footnote_14_5823\">14<\/a><\/sup>.<\/p>\n<p><strong>Sionisme et nazisme : le premier dissimule sa nature, l\u2019autre non<\/strong><\/p>\n<p>Il est impossible de parler du sionisme sans parler d\u2019Isra\u00ebl parce qu\u2019Isra\u00ebl comme \u00c9tat est le r\u00e9sultat de l\u2019entreprise du mouvement sioniste. L\u2019histoire, le pr\u00e9sent et l\u2019avenir d\u2019Isra\u00ebl est pr\u00e9cis\u00e9ment l\u2019histoire, le pr\u00e9sent et l\u2019avenir du sionisme lui-m\u00eame. Afin d\u2019atteindre ce r\u00e9sultat et maintenir le projet sioniste, une m\u00e9thode dissimul\u00e9e avec des effets maximaux a \u00e9t\u00e9 d\u00e9velopp\u00e9e maintes fois. Ilan Pappe d\u00e9crit l\u2019acte majeur du nettoyage ethnique commis par le mouvement sioniste, l\u2019expulsion forc\u00e9e de plus de 750 000 palestinien-ne-s, connue sous le nom de Nakba (Nakba \u0646\u0643\u0628\u0629 Calamit\u00e9) comme suit :<\/p>\n<p>\u00ab Quand le mouvement sioniste a cr\u00e9\u00e9 son \u00c9tat national, il n\u2019a pas lanc\u00e9 une guerre qui aurait conduit \u2018tragiquement et in\u00e9vitablement\u2019 \u00e0 l\u2019expulsion d\u2019une \u2018partie\u2019 de la population indig\u00e8ne, mais au contraire, le but principal \u00e9tait le nettoyage ethnique de toute la Palestine que le mouvement convoitait pour son nouvel \u00c9tat \u00bb<sup><a id=\"identifier_15_5823\" class=\"footnote-link footnote-identifier-link\" title=\"Ilan Pappe, The ethnic cleansing of Palestine (Oxford: Oneworld Publications, 2011), 21. Citation traduite par l\u2019auteur.\" href=\"https:\/\/ujfp.org\/palestine-les-lecons-de-lhistoire-comment-les-supremacismes-sinstallent-2\/#footnote_15_5823\">15<\/a><\/sup>.<\/p>\n<p>Le 15 mai 1948 le pr\u00e9sident de l\u2019Organisation Sioniste Mondiale (OSM) David Ben Gourion a d\u00e9clar\u00e9 l\u2019\u00e9tablissement d\u2019un \u00c9tat juif connu comme Isra\u00ebl, le drapeau et l\u2019hymne utilis\u00e9s par l\u2019OSM ont \u00e9t\u00e9 adopt\u00e9s par l\u2019\u00c9tat d\u2019Isra\u00ebl en 1948. Devant le \u00ab Conseil National Juif \u00bb, qui \u00e9tait l\u2019organisme principal des immigr\u00e9-e-s juif\/ve-s en Palestine et qui travaillait sous l\u2019\u00e9gide du mouvement sioniste, et des repr\u00e9sentants du m\u00eame mouvement sioniste, Ben Gourion a inaugur\u00e9 une nouvelle phase du projet sioniste : la phase de l\u2019\u00c9tat, qui effectue un nettoyage ethnique organis\u00e9 et m\u00e9thodique mais qui utilise dans sa terminologie les mots de d\u00e9mocratie, d\u2019\u00e9galit\u00e9 et de droits. Ce discours est contradictoire \u00e0 ce qui est mis en oeuvre. Ilan Pappe dit que :<\/p>\n<p>\u00ab\u2026Avec le temps, le blanchissement sioniste des mots, trouve du succ\u00e8s en inventant un nouveau langage pour camoufler l\u2019impact d\u00e9vastateur de ses pratiques\u00bb<sup><a id=\"identifier_16_5823\" class=\"footnote-link footnote-identifier-link\" title=\"Ibid., 454. Citation traduite par l\u2019auteur.\" href=\"https:\/\/ujfp.org\/palestine-les-lecons-de-lhistoire-comment-les-supremacismes-sinstallent-2\/#footnote_16_5823\">16<\/a><\/sup>.<\/p>\n<p>La rh\u00e9torique sioniste est assez dissimul\u00e9e contrairement \u00e0 celle des Nazis. On peut soutenir que le r\u00e9gime nazi \u00e9tait tellement fort qu\u2019il \u00e9tait indiff\u00e9rent \u00e0 toute forme de r\u00e9action, alors que le r\u00e9gime sioniste a toujours besoin d\u2019un soutien international. Mais la fr\u00e9quence des cruaut\u00e9s commises par la machine de guerre sioniste et les discours d\u00e9complex\u00e9s<sup><a id=\"identifier_17_5823\" class=\"footnote-link footnote-identifier-link\" title=\"Elisha Ben Kimon, Telem Yahav, and Kobi Nachshoni. \u201cIDF's chief rabbi-to-be permits raping women in wartime\u201d Ynetnews, July 12, 2016. Accessed July 30, 2016. http:\/\/www.ynetnews.com\/articles\/0,7340,L-4827240,00.html.\" href=\"https:\/\/ujfp.org\/palestine-les-lecons-de-lhistoire-comment-les-supremacismes-sinstallent-2\/#footnote_17_5823\">17<\/a><\/sup>\u00a0de la nouvelle g\u00e9n\u00e9ration des leaders sionistes chauvins et racistes qui sont n\u00e9-e-s en Isra\u00ebl sapent cette dissimulation de plus en plus<sup><a id=\"identifier_18_5823\" class=\"footnote-link footnote-identifier-link\" title=\"Times of Israel. \u201cPM: Swedish FM\u2019s remarks on response to Palestinian attackers are outrageous\u201d. [Filmed January 2016]. Youtube video, 00:48, Posted [January 2016] https:\/\/youtu.be\/UWFnnw-9_z8?t=48s.\" href=\"https:\/\/ujfp.org\/palestine-les-lecons-de-lhistoire-comment-les-supremacismes-sinstallent-2\/#footnote_18_5823\">18<\/a><\/sup>\u00a0<sup><a id=\"identifier_19_5823\" class=\"footnote-link footnote-identifier-link\" title=\"Barak Ravid and Gili Cohen, \u201cIsraeli Defense Ministry Slams Obama: Iran Deal as Harmful as Munich Agreement With Hitler\u201d Haaretz, Aug 05, 2016. Accessed Aug 16, 2016. http:\/\/www.haaretz.com\/israel-news\/1.735445.\" href=\"https:\/\/ujfp.org\/palestine-les-lecons-de-lhistoire-comment-les-supremacismes-sinstallent-2\/#footnote_19_5823\">19<\/a><\/sup>. En effet, les actes de violence du r\u00e9gime sioniste contre les Palestinien-ne-s sont tellement brutaux que le professeur isra\u00e9lien Yeshayahu Leibowitz conclut des les ann\u00e9es 1980 \u00e0 l\u2019existence d\u2019une mentalit\u00e9 nazie chez certain-e-s Isra\u00e9lien-ne-s qu\u2019il nomme les\u00a0<em>jud\u00e9o-nazis<\/em><sup><a id=\"identifier_20_5823\" class=\"footnote-link footnote-identifier-link\" title=\"boycott apartheid. \u201cProf. Leibowitz: There are Judeo-Nazis. Israel Represents the Darkness of a State Body\u201d. Filmed [1993]. Youtube video, 04:06. Posted [January 2014]. https:\/\/youtu.be\/zM2fXTkjU2E?t=4m6s.\" href=\"https:\/\/ujfp.org\/palestine-les-lecons-de-lhistoire-comment-les-supremacismes-sinstallent-2\/#footnote_20_5823\">20<\/a><\/sup>. Si Leibowitz avait v\u00e9cu pour voir le boom des colonies, la violence des colons ou de l\u2019arm\u00e9e isra\u00e9lienne en Cisjordanie et les massacres dans la bande de Gaza, ainsi que le transfert progressif des Palestinien-ne-s qui se trouvent dans les territoires occup\u00e9s en 1948 (c\u2019est-\u00e0-dire Isra\u00ebl), il dirait probablement que le jud\u00e9o-nazisme est le caract\u00e8re du r\u00e9gime sioniste d\u2019Isra\u00ebl.<\/p>\n<p><strong>Les perspectives nazie et sioniste<\/strong><\/p>\n<p>Dans la recherche pour \u00e9clairer comment les deux r\u00e9gimes se consid\u00e8rent eux-m\u00eames et consid\u00e8rent les \u00ab autres \u00bb, l\u2019auteur examinera directement d\u2019abord la charte du parti nazi ou \u00ab les 25 points du parti nazi \u00bb. Puis il examinera la constitution de l\u2019OSM et des lois isra\u00e9liennes importantes ou de base, dans une approche comparative pour relever l\u2019analogie essentielle entre le nazisme et le sionisme.<\/p>\n<p>Le premier point parmi les 25 points du programme du parti nazi dit :<\/p>\n<p><em>\u00abNous exigeons la r\u00e9unification de toute l\u2019Allemagne dans une seule Grande Allemagne sur la base du droit \u00e0 l\u2019autod\u00e9termination des nations\u00bb<\/em><sup><a id=\"identifier_21_5823\" class=\"footnote-link footnote-identifier-link\" title=\"\u201cPlatform of the National-Socialist German Workers\u2019 Party 1933\u201d Jewish Virtual Library, accessed July 30, 2016, http:\/\/www.jewishvirtuallibrary.org\/jsource\/Holocaust\/naziprog.html. Citation traduite par l\u2019auteur.\" href=\"https:\/\/ujfp.org\/palestine-les-lecons-de-lhistoire-comment-les-supremacismes-sinstallent-2\/#footnote_21_5823\">21<\/a><\/sup>.<\/p>\n<p>Cela co\u00efncide avec la premi\u00e8re section du second article du premier chapitre de la constitution de l\u2019OSM qui dit :<\/p>\n<p><em>\u00abLe programme sioniste a \u00e9t\u00e9 d\u00e9fini par le premier congr\u00e8s sioniste \u00e0 B\u00e2le comme suit : \u2018Le sionisme vise \u00e0 \u00e9tablir pour le Peuple juif une\u00a0<a href=\"https:\/\/fr.wikipedia.org\/wiki\/Patrie\" target=\"_blank\" rel=\"noopener\">patrie<\/a>\u00a0en Palestine qui soit garantie par le droit public\u2019.\u00bb<\/em><sup><a id=\"identifier_22_5823\" class=\"footnote-link footnote-identifier-link\" title=\"\u201cTHE CONSTITUTION OF THE WORLD ZIONIST ORGANIZATION AND THE REGULATIONS FOR ITS IMPLEMENTATION\u201d (Jerusalem: 2015), http:\/\/www.wzo.org.il\/files\/congress\/WZO_Constitution_march_2015.pdf, 2. Citation traduit par l\u2019auteur.\" href=\"https:\/\/ujfp.org\/palestine-les-lecons-de-lhistoire-comment-les-supremacismes-sinstallent-2\/#footnote_22_5823\">22<\/a><\/sup>.<\/p>\n<p>La seconde section du m\u00eame article dit:<\/p>\n<p><em>\u00ab\u00a0Le programme de J\u00e9rusalem, comme d\u00e9fini par le Conseil G\u00e9n\u00e9ral Sioniste en 2004, est comme suit: \u2018Le sionisme, qui est le mouvement de lib\u00e9ration nationale du peuple juif, a apport\u00e9 l\u2019\u00e9tablissement de l\u2019\u00c9tat d\u2019Isra\u00ebl, et voit qu\u2019un l\u2019\u00c9tat isra\u00e9lien juif, sioniste, d\u00e9mocratique en s\u00fbret\u00e9 comme l\u2019expression de la responsabilit\u00e9 commune du peuple juif pour sa continuit\u00e9 et son avenir\u2019. \u00bb<\/em><sup><a id=\"identifier_23_5823\" class=\"footnote-link footnote-identifier-link\" title=\"Ibid.,\" href=\"https:\/\/ujfp.org\/palestine-les-lecons-de-lhistoire-comment-les-supremacismes-sinstallent-2\/#footnote_23_5823\">23<\/a><\/sup>.<\/p>\n<p>Dans cette seconde section, les fondements du sionisme sont au nombre de 6, les deux premiers sont :<\/p>\n<p><em>\u00ab l\u2019Unit\u00e9 du peuple juif, ses liens avec sa patrie historique Eretz Yisrael, et la centralit\u00e9 de l\u2019Etat d\u2019Isra\u00ebl et de J\u00e9rusalem, sa capitale dans la vie de la nation \u00bb<\/em><sup><a id=\"identifier_24_5823\" class=\"footnote-link footnote-identifier-link\" title=\"\u201cTHE CONSTITUTION OF THE WORLD ZIONIST ORGANIZATION AND THE REGULATIONS FOR ITS IMPLEMENTATION\u201d (Jerusalem: 2015), http:\/\/www.wzo.org.il\/files\/congress\/WZO_Constitution_march_2015.pdf, 2. Citation traduite par l\u2019auteur.\" href=\"https:\/\/ujfp.org\/palestine-les-lecons-de-lhistoire-comment-les-supremacismes-sinstallent-2\/#footnote_24_5823\">24<\/a><\/sup>.<\/p>\n<p><em>\u00ab \u2018Aliyah\u2019 depuis tous les pays et une int\u00e9gration efficace de tous les immigr\u00e9s dans la soci\u00e9t\u00e9 isra\u00e9lienne \u00bb<\/em><sup><a id=\"identifier_25_5823\" class=\"footnote-link footnote-identifier-link\" title=\"\u201cTHE CONSTITUTION OF THE WORLD ZIONIST ORGANIZATION AND THE REGULATIONS FOR ITS IMPLEMENTATION\u201d (Jerusalem: 2015), accessed July 30, 2016. http:\/\/www.wzo.org.il\/files\/congress\/WZO_Constitution_march_2015.pdf, 2. Citation traduite par l\u2019auteur.\" href=\"https:\/\/ujfp.org\/palestine-les-lecons-de-lhistoire-comment-les-supremacismes-sinstallent-2\/#footnote_25_5823\">25<\/a><\/sup>.<\/p>\n<p>Par cons\u00e9quent, on peut tirer les conclusions suivantes :<\/p>\n<p>Le nazisme et le sionisme cherchent l\u2019\u00e9tablissement d\u2019une entit\u00e9 pour la\u00a0<em>r\u00e9unification<\/em>\u00a0dans le cas nazi et\u00a0<em>l\u2019unit\u00e9 du peuple juif\u00a0<\/em>et l\u2019<em>Aliyah<\/em>\u00a0dans le cas sioniste.<\/p>\n<p>Le pas suivant est d\u2019obtenir une sorte d\u2019<em>emballage l\u00e9gal<\/em>. Le nazisme a utilis\u00e9 le terme\u00a0<em>\u00abautod\u00e9termination\u00bb<\/em>\u00a0alors que le sionisme utilise\u00a0<em>\u00abdroit public\u00bb<\/em>\u00a0en se r\u00e9f\u00e9rant au droit international.<\/p>\n<p>Les fronti\u00e8res des deux entit\u00e9s ne sont pas d\u00e9finies. Le nazisme ambitionne une\u00a0<em>\u00ab Grande Allemagne \u00bb<\/em>, et le sionisme cherche une\u00a0<em>\u00ab patrie \u00bb<\/em>\u00a0dans un\u00a0<em>\u00ab Eretz Isra\u00ebl \u00bb<\/em>\u00a0controvers\u00e9 et opaque. Cela signifie que les deux ont des ambitions expansionnistes.<\/p>\n<p>Le 4\u00e8me point du programme nazi dit :<\/p>\n<p><em>\u00ab Seuls les membres de la nation (Volksgenossen) peuvent \u00eatre citoyens de l\u2019\u00c9tat, c\u2019est-\u00e0-dire ceux qui sont de sang allemand, quelques soient leurs croyances. Donc les juifs ne peuvent pas \u00eatre membre de la nation \u00bb<\/em><sup><a id=\"identifier_26_5823\" class=\"footnote-link footnote-identifier-link\" title=\"\u201cPlatform of the National-Socialist German Workers\u2019 Party 1933\u201d Jewish Virtual Library, accessed July 30, 2016, http:\/\/www.jewishvirtuallibrary.org\/jsource\/Holocaust\/naziprog.html. Citation traduite par l\u2019auteur.\" href=\"https:\/\/ujfp.org\/palestine-les-lecons-de-lhistoire-comment-les-supremacismes-sinstallent-2\/#footnote_21_5823\">21<\/a><\/sup>.<\/p>\n<p>Le sionisme avance masqu\u00e9 ici, mais un examen des lois isra\u00e9liennes montre qu\u2019il n\u2019est pas vraiment diff\u00e9rent, car selon la Loi Isra\u00e9lienne de Nationalit\u00e9 (1952), la nationalit\u00e9 isra\u00e9lienne ne peut \u00eatre acquise que par : le retour, la r\u00e9sidence en Isra\u00ebl, la naissance ou la naturalisation. Les deux premiers points sont important \u00e0 cet \u00e9gard.<\/p>\n<p>Retour<\/p>\n<p>Dans la 2\u00e8me section de cette loi, le retour est expliqu\u00e9 conform\u00e9ment \u00e0 la Loi du Retour. Selon la Loi du Retour, Section 1 :<\/p>\n<p><em>\u00ab Chaque juif a le droit de venir dans ce pays comme Oleh \u00bb<\/em><sup><a id=\"identifier_27_5823\" class=\"footnote-link footnote-identifier-link\" title=\"\u201cLAW OF RETURN (AMENDMENT NO. 2) LAW, 5730\u20141970\u201d Israel Law Resource Center, accessed July 30, 2016, . Citation traduite par l\u2019auteur.\" href=\"https:\/\/ujfp.org\/palestine-les-lecons-de-lhistoire-comment-les-supremacismes-sinstallent-2\/#footnote_26_5823\">26<\/a><\/sup>.<\/p>\n<p>Ce n\u2019est qu\u2019en 1970 qu\u2019un amendement \u00e0 cette loi a \u00e9t\u00e9 fait, par lequel une section a \u00e9t\u00e9 ajout\u00e9e avec une d\u00e9finition de Juif\/ve :<\/p>\n<p>Section 4-B :\u00a0<em>\u00ab Aux fins de cette loi, \u2018Juif\u2019 signifie une personne qui est n\u00e9e d\u2019une m\u00e8re juive ou convertie au juda\u00efsme et qui n\u2019est pas membre d\u2019une autre religion \u00bb<\/em><sup><a id=\"identifier_28_5823\" class=\"footnote-link footnote-identifier-link\" title=\"\u201cENTRY INTO ISRAEL LAW 5712-1952\u201dIsrael Law Resource Center, accessed July 30, 2016,  . Citation traduite par l\u2019auteur.\" href=\"https:\/\/ujfp.org\/palestine-les-lecons-de-lhistoire-comment-les-supremacismes-sinstallent-2\/#footnote_27_5823\">27<\/a><\/sup>.<\/p>\n<p>Section 4-A (a) :\u00a0<em>\u00ab Les droits d\u2019un juif en vertu de cette loi et les droit d\u2019un \u2018Oleh\u2019 en vertu de la Loi de Nationalit\u00e9 5712-1952(2), ainsi que les droits d\u2019un \u2018Oleh\u2019 en vertu de toute autre promulgation, sont aussi acquis par le fils\/fille et le petit-fils\/fille d\u2019un-e juif\/ve, le\/la conjoint-e d\u2019un-e juif\/ve, le\/la conjoint-e de l\u2019enfant d\u2019un-e juif\/ve et le\/la conjoint-e d\u2019un petit-enfant d\u2019un-e juif\/ve, sauf pour une personne qui \u00e9tait juive et a volontairement chang\u00e9 de religion\u00bb<\/em><sup><a id=\"identifier_29_5823\" class=\"footnote-link footnote-identifier-link\" title=\"\u201cNATIONALITY AND ENTRY INTO ISRAEL (TEMPORARY ORDER) LAW, 5763-2003\u201d Israel Law Resource Center, accessed July 30, 2016,  . Citation traduite par l\u2019auteur.\" href=\"https:\/\/ujfp.org\/palestine-les-lecons-de-lhistoire-comment-les-supremacismes-sinstallent-2\/#footnote_28_5823\">28<\/a><\/sup>.<\/p>\n<p>La r\u00e9sidence en Isra\u00ebl<\/p>\n<p>Le sujet de la r\u00e9sidence devient plus clair si on examine les deux lois suivantes : la Loi d\u2019Entr\u00e9e en Isra\u00ebl (1950) et la Loi de Nationalit\u00e9 et d\u2019Entr\u00e9e en Isra\u00ebl (Ordonnance Temporaire 2003). Selon la Loi d\u2019Entr\u00e9e en Isra\u00ebl, une personne peut entrer en Isra\u00ebl seulement avec un visa<sup><a id=\"identifier_30_5823\" class=\"footnote-link footnote-identifier-link\" title=\"Ibid.,\" href=\"https:\/\/ujfp.org\/palestine-les-lecons-de-lhistoire-comment-les-supremacismes-sinstallent-2\/#footnote_23_5823\">23<\/a><\/sup>. Mais la Loi de Nationalit\u00e9 et d\u2019Entr\u00e9e en Isra\u00ebl (Ordonnance Temporaire 2003) pr\u00e9voit que :<\/p>\n<p><em>\u00ab Pendant la p\u00e9riode dans laquelle cette loi est en vigueur, nonobstant les dispositions de toute loi, y compris la section 7 de la Loi de Nationalit\u00e9, le minist\u00e8re de l\u2019int\u00e9rieur n\u2019octroiera pas la nationalit\u00e9 \u00e0 un r\u00e9sident des Territoires, en conformit\u00e9 avec la Loi de Nationalit\u00e9 et ne donnera pas un permis de s\u00e9jour en Isra\u00ebl \u00e0 un r\u00e9sident des Territoires en conformit\u00e9 avec la Loi d\u2019Entr\u00e9e en Isra\u00ebl. Le commandant du territoire ne donnera pas \u00e0 ce type de r\u00e9sident un permis de s\u00e9jour en Isra\u00ebl en conformit\u00e9 avec la l\u00e9gislation de d\u00e9fense dans les Territoires \u00bb<\/em><sup><a id=\"identifier_31_5823\" class=\"footnote-link footnote-identifier-link\" title=\"Ibid.,\" href=\"https:\/\/ujfp.org\/palestine-les-lecons-de-lhistoire-comment-les-supremacismes-sinstallent-2\/#footnote_23_5823\">23<\/a><\/sup>.<\/p>\n<p>La premi\u00e8re section de la Loi de Nationalit\u00e9 et d\u2019Entr\u00e9e en Isra\u00ebl (Ordonnance Temporaire 2003) d\u00e9finit\u00a0<em>\u00ab Territoires \u00bb comme : \u00ab Chacune des r\u00e9gions suivantes : Jud\u00e9e-Samarie et la Bande de Gaza \u00bb<\/em><sup><a id=\"identifier_32_5823\" class=\"footnote-link footnote-identifier-link\" title=\"\u201cNOTES (FROM ADALAH) ON THE AMENDMENT (27.7.2005) OF THE NATIONALITY AND ENTRY INTO ISRAEL LAW, 5763\u20142003\u201d Israel Law Resource Center, accessed July 30, 2016,  . Citation traduite par l\u2019auteur.\" href=\"https:\/\/ujfp.org\/palestine-les-lecons-de-lhistoire-comment-les-supremacismes-sinstallent-2\/#footnote_29_5823\">29<\/a><\/sup>. Jud\u00e9e-Samarie dans le glossaire isra\u00e9lien bas\u00e9 sur la Torah signifie la Cisjordanie.<\/p>\n<p>Le\u00a0<em>\u00ab r\u00e9sident des Territoires \u00bb<\/em>\u00a0selon la m\u00eame loi est :\u00a0<em>\u00ab Une personne qui vit dans les Territoires m\u00eame s\u2019il n\u2019est pas enregistr\u00e9 dans le registre de la population, sauf un r\u00e9sident dans une communaut\u00e9 isra\u00e9lienne [comprendre : colonie] dans les Territoires\u00bb<\/em><sup><a id=\"identifier_33_5823\" class=\"footnote-link footnote-identifier-link\" title=\"\u201cLAW OF RETURN (AMENDMENT NO. 2) LAW, 5730\u20141970\u201d Israel Law Resource Center, accessed July 30, 2016, . Citation traduite par l\u2019auteur.\" href=\"https:\/\/ujfp.org\/palestine-les-lecons-de-lhistoire-comment-les-supremacismes-sinstallent-2\/#footnote_26_5823\">26<\/a><\/sup>.<\/p>\n<p>Dans l\u2019amendement de 2005, le\u00a0<em>\u00ab r\u00e9sident des Territoires \u00bb<\/em>\u00a0est devenu :<\/p>\n<p><em>\u00ab Une personne qui est enregistr\u00e9e dans le registre de la population des Territoires et la personne qui vit dans les Territoires et n\u2019est pas enregistr\u00e9e dans le registre de la population des Territoires, sauf un r\u00e9sident d\u2019une colonie isra\u00e9lienne dans les Territoires\u00bb<\/em><sup><a id=\"identifier_34_5823\" class=\"footnote-link footnote-identifier-link\" title=\"\u201cNATIONALITY LAW, 5712-1952\u201d Israel Law Resource Center, accessed July 30, 2016, . Citation traduite par l\u2019auteur.\" href=\"https:\/\/ujfp.org\/palestine-les-lecons-de-lhistoire-comment-les-supremacismes-sinstallent-2\/#footnote_30_5823\">30<\/a><\/sup>.<\/p>\n<p>Outre le texte susmentionn\u00e9, il y a un autre amendement important \u00e0 la Loi du Registre de la Population 1965 qui est relatif \u00e0 ce sujet ; il d\u00e9clare que :<\/p>\n<p>Alinea : A3<\/p>\n<p><em>\u00ab Une personne ne sera pas enregistr\u00e9e comme juive par affiliation ethnique ou par religion si une notification en vertu de cette loi, ou une donn\u00e9e dans le Registre, ou un document public, indique qu\u2019il n\u2019est pas juif \u00bb<\/em><sup><a id=\"identifier_35_5823\" class=\"footnote-link footnote-identifier-link\" title=\"\u201cLAW OF RETURN (AMENDMENT NO. 2) LAW, 5730\u20141970\u201d Israel Law Resource Center, accessed July 30, 2016, . Citation traduite par l\u2019auteur.\" href=\"https:\/\/ujfp.org\/palestine-les-lecons-de-lhistoire-comment-les-supremacismes-sinstallent-2\/#footnote_26_5823\">26<\/a><\/sup>.<\/p>\n<p><em>\u00ab Aux fins de cette loi et de tous les enregistrements ou documents qui en d\u00e9coulent, le terme \u2018juif\u2019 a la m\u00eame signification que dans la section 4B de la Loi de Retour 5710-1950 \u00bb<\/em><sup><a id=\"identifier_36_5823\" class=\"footnote-link footnote-identifier-link\" title=\"Ibid.,\" href=\"https:\/\/ujfp.org\/palestine-les-lecons-de-lhistoire-comment-les-supremacismes-sinstallent-2\/#footnote_23_5823\">23<\/a><\/sup>.<\/p>\n<p>D\u00e8s lors :<\/p>\n<p>Le nazisme a brutalement clarifi\u00e9 que seules les personnes de sang allemand peuvent \u00eatre citoyen-ne-s, il est mentionn\u00e9 explicitement que les Juif\/ve-s sont exclu-e-s de la citoyennet\u00e9.<\/p>\n<p>Le sionisme de mani\u00e8re plus opaque dit aussi que seul un juif peut obtenir la nationalit\u00e9 de son \u00c9tat. Le sionisme consid\u00e8re les Palestinien-ne-s de la Cisjordanie et de la Bande de Gaza \u2013 dont la majorit\u00e9 a \u00e9t\u00e9 expuls\u00e9e des territoires annex\u00e9s lors de la premi\u00e8re vague d\u2019occupation r\u00e9alis\u00e9e par le r\u00e9gime sioniste (1948) \u2013 ind\u00e9sirables et\u00a0<em>persona non grata<\/em>\u00a0.<\/p>\n<p>L\u2019Allemand-e selon le nazisme est d\u00e9fini-e comme celui\/celle qui est de sang allemand. Alors que le sionisme dit qu\u2019est juif\/ve le\/la fils\/fille d\u2019une m\u00e8re juive, ou un-e converti-e, ou une personne juive non pratiquante, ce qui veut dire une personne d\u2019ascendance juive. Sachant que les juifs\/ves ne forment pas une nation, mais des communaut\u00e9s religieuses\/culturelles, le sionisme s\u2019av\u00e8re aussi s\u00e9gr\u00e9gationniste que le nazisme.<\/p>\n<p>M\u00eame \u00e0 l\u2019int\u00e9rieur d\u2019Isra\u00ebl, ce n\u2019est pas la personne juive qui d\u00e9cide s\u2019il\/elle est juif\/ve, c\u2019est l\u2019\u00c9tat qui le d\u00e9cide. L\u2019\u00c9tat ne consid\u00e8re pas les autochtones comme des citoyens. La m\u00eame chose s\u2019appliquait sous le r\u00e9gime nazi.<\/p>\n<p>Le sionisme d\u00e9lib\u00e9r\u00e9ment et de fa\u00e7on pr\u00e9visible devient de plus en plus raciste. Les amendements cons\u00e9cutifs montrent cette \u00e9volution.<\/p>\n<p>La finalit\u00e9 du sionisme r\u00e9side dans le d\u00e9placement des Juifs\/ves vers la Palestine et dans l\u2019\u00e9tablissement d\u2019un \u00c9tat Juif qui s\u2019appelle Isra\u00ebl, Isra\u00ebl confirme qu\u2019il agit selon une base id\u00e9ologique sioniste.<\/p>\n<p><strong>Contrairement au nazisme, le sionisme escamote son \u00ab racisme l\u00e9gal \u00bb<\/strong><\/p>\n<p>Le sionisme est assez opaque dans sa l\u00e9gislation et ses programmes. Il utilise des concepts humains brillants dans sa terminologie. C\u2019est d\u00fb au fait que le mouvement sioniste, pendant la plus grande partie de son histoire, n\u2019avait pas la m\u00eame puissance que le nazisme et ne contr\u00f4lait pas de territoire. Bien que le sionisme, au travers d\u2019Isra\u00ebl comme sa r\u00e9alisation concr\u00e8te, ait pris le contr\u00f4le total de la Palestine, il n\u2019a pas choisi un mode d\u2019expression plus explicite \u2013 au moins \u00e0 l\u2019\u00e9poque pr\u00e9c\u00e9dant les deux derniers gouvernements. Le chauvinisme, le racisme et le m\u00e9pris des populations sont \u00e9vidents dans la pratique isra\u00e9lienne mais rarement exprim\u00e9s ouvertement \u00e0 cause du besoin permanent du soutien des superpuissances occidentales. Un aspect fondamental de cette dissimulation est l\u2019auto-victimisation, qui est centrale dans le roman national sioniste, et aussi le mensonge, la manipulation \u00e9motionnelle, faisant porter la culpabilit\u00e9 des ses actes aux Palestinien-ne-s par l\u2019utilisation cynique de la trag\u00e9die de l\u2019holocauste. En fait beaucoup de survivant-e-s de l\u2019holocauste qui se trouvent en Isra\u00ebl<sup><a id=\"identifier_37_5823\" class=\"footnote-link footnote-identifier-link\" title=\"Ynet reporters, \u201cOver 45,000 Holocaust survivors living in poverty in Israel\u201d Ynetnews, April 14, 2015. Accessed July 30, 2016. http:\/\/www.ynetnews.com\/articles\/0,7340,L-4646867,00.html.\" href=\"https:\/\/ujfp.org\/palestine-les-lecons-de-lhistoire-comment-les-supremacismes-sinstallent-2\/#footnote_31_5823\">31<\/a><\/sup>\u00a0vivent dans la pauvret\u00e9 et l\u2019oubli<sup><a id=\"identifier_38_5823\" class=\"footnote-link footnote-identifier-link\" title=\"Raf Sanchez, \u201cTens of thousands of Israeli Holocaust survivors are living in abject poverty\u201d The Telegraph, January 27, 2016. Accessed July 30, 2016. http:\/\/www.telegraph.co.uk\/news\/worldnews\/middleeast\/israel\/12122754\/Tens-of-thousands-of-Israeli-Holocaust-survivors-are-living-in-abject-poverty.html.\" href=\"https:\/\/ujfp.org\/palestine-les-lecons-de-lhistoire-comment-les-supremacismes-sinstallent-2\/#footnote_32_5823\">32<\/a><\/sup>. D\u2019ailleurs beaucoup de ces survivant-e-s d\u00e9sapprouvent le sort inflig\u00e9 aux palestinien-ne-s et aux migrant-e-s.<\/p>\n<p>Il est important aussi de mettre en lumi\u00e8re le fait que les lois de l\u2019\u00c9tat d\u2019Isra\u00ebl pr\u00e9valent sur la constitution de l\u2019OSM depuis la cr\u00e9ation de l\u2019\u00c9tat d\u2019Isra\u00ebl. C\u2019est normal puisque l\u2019objectif principal de l\u2019OSM de cr\u00e9er l\u2019\u00c9tat d\u2019Isra\u00ebl a \u00e9t\u00e9 atteint, et que, comme cons\u00e9quence, Isra\u00ebl est devenu de jure la r\u00e9f\u00e9rence sioniste depuis 1948. Les articles 1, 2, 4 et 6 de la loi relative au statut de l\u2019Agence Juive \u2013 Organisation Sioniste Mondiale de 1952 clarifient cette affaire :<\/p>\n<p>Article 1<\/p>\n<p><em>\u00ab L\u2019\u00c9tat d\u2019Isra\u00ebl se consid\u00e8re comme la cr\u00e9ation du peuple juif entier, ses portes sont ouvertes, conform\u00e9ment \u00e0 ses lois, \u00e0 chaque juif qui d\u00e9sire y immigrer\u00bb<\/em><sup><a id=\"identifier_39_5823\" class=\"footnote-link footnote-identifier-link\" title=\"\u201cWORLD ZIONIST ORGANISATION - JEWISH AGENCY(STATUS) LAW, 5713-1952\u201d Israel Law Resource Center, accessed July 30, 2016, . Citation traduite par l\u2019auteur.\" href=\"https:\/\/ujfp.org\/palestine-les-lecons-de-lhistoire-comment-les-supremacismes-sinstallent-2\/#footnote_33_5823\">33<\/a><\/sup>.<\/p>\n<p>Article 2<\/p>\n<p><em>\u00ab L\u2019Organisation Sioniste Mondiale, depuis sa cr\u00e9ation il y a cinq d\u00e9cennies, a dirig\u00e9 le mouvement et les efforts du peuple juif pour l\u2019objectif mill\u00e9naire de retour dans sa patrie et, avec l\u2019aide des autres organisations et institutions juives a men\u00e9 \u00e0 bien la responsabilit\u00e9 principale de la cr\u00e9ation de l\u2019\u00c9tat d\u2019Isra\u00ebl\u00bb<\/em><sup><a id=\"identifier_40_5823\" class=\"footnote-link footnote-identifier-link\" title=\"\u201cWORLD ZIONIST ORGANISATION - JEWISH AGENCY(STATUS) LAW, 5713-1952\u201d Israel Law Resource Center, accessed July 30, 2016, . Citation traduite par l\u2019auteur.\" href=\"https:\/\/ujfp.org\/palestine-les-lecons-de-lhistoire-comment-les-supremacismes-sinstallent-2\/#footnote_34_5823\">34<\/a><\/sup>.<\/p>\n<p>Article 4<\/p>\n<p><em>\u00ab L\u2019\u00c9tat d\u2019Isra\u00ebl reconna\u00eet l\u2019Organisation Sioniste Mondiale comme l\u2019agence autoris\u00e9e qui continuera d\u2019agir dans l\u2019\u00c9tat d\u2019Isra\u00ebl pour le d\u00e9veloppement et le peuplement du pays, l\u2019absorption des immigr\u00e9s de la diaspora et la coordination en Isra\u00ebl des activit\u00e9s des organisations et institutions juives agissant dans ce domaine\u00bb<\/em><sup><a id=\"identifier_41_5823\" class=\"footnote-link footnote-identifier-link\" title=\"WORLD ZIONIST ORGANISATION - JEWISH AGENCY (STATUS) LAW, 5713-1952\u201d Israel Law Resource Center, accessed July 30, 2016, . Citation traduite par l\u2019auteur.\" href=\"https:\/\/ujfp.org\/palestine-les-lecons-de-lhistoire-comment-les-supremacismes-sinstallent-2\/#footnote_35_5823\">35<\/a><\/sup>.<\/p>\n<p>Article 6<\/p>\n<p><em>\u00ab L\u2019Etat d\u2019Isra\u00ebl compte sur les efforts de l\u2019Organisation Sioniste Mondiale afin d\u2019atteindre cette unit\u00e9 ; si l\u2019Organisation Sioniste Mondiale, \u00e0 cette fin, devait d\u00e9cider d\u2019\u00e9largir sa base avec l\u2019accord du gouvernement et l\u2019approbation de la Knesset, le nouvel organisme jouirait du statut confi\u00e9 \u00e0 l\u2019Organisation Sioniste Mondiale dans l\u2019\u00c9tat d\u2019Isra\u00ebl\u00bb<\/em><sup><a id=\"identifier_42_5823\" class=\"footnote-link footnote-identifier-link\" title=\"WORLD ZIONIST ORGANISATION - JEWISH AGENCY (STATUS) LAW, 5713-1952\u201d Israel Law Resource Center, accessed July 30, 2016, . Citation traduite par l\u2019auteur.\" href=\"https:\/\/ujfp.org\/palestine-les-lecons-de-lhistoire-comment-les-supremacismes-sinstallent-2\/#footnote_35_5823\">35<\/a><\/sup>.<\/p>\n<p>Les terminologies lib\u00e9rales, d\u00e9mocratiques ou relatives aux droits humains employ\u00e9es par l\u2019OSM ou dans les lois isra\u00e9liennes actuelles sont en fait limit\u00e9es aux juifs\/ves soit par d\u2019autres lois, soit par les termes m\u00eame de leur promulgation ou par des sections des m\u00eames lois. En fait m\u00eame les juifs\/ves \u00e0 l\u2019int\u00e9rieur d\u2019Isra\u00ebl ne sont pas tou-te-s \u00e9gaux\/ales.<\/p>\n<p>Il est impossible de s\u00e9parer les actes brutaux d\u2019Isra\u00ebl contre le peuple autochtone de la Palestine de la structure l\u00e9gale d\u2019Isra\u00ebl. Un regard objectif sur la structure l\u00e9gale d\u2019Isra\u00ebl permet de constater que les atrocit\u00e9s commises par Isra\u00ebl se d\u00e9roulent dans un cadre l\u00e9gislatif, et que ce cadre l\u00e9gislatif trouve son explication dans l\u2019id\u00e9ologie sioniste. De plus, puisque le sionisme est n\u00e9 chez les juifs europ\u00e9ens, les centres du pouvoir en Isra\u00ebl sont presque exclusivement ashkenazes<sup><a id=\"identifier_43_5823\" class=\"footnote-link footnote-identifier-link\" title=\"\u201cIsrael: A Social Report 2017\u201d (Tel Aviv: January 2018), accessed April 04, 2018. http:\/\/adva.org\/en\/social-report-2017\/.\" href=\"https:\/\/ujfp.org\/palestine-les-lecons-de-lhistoire-comment-les-supremacismes-sinstallent-2\/#footnote_36_5823\">36<\/a><\/sup>, donc la d\u00e9nomination \u00ab\u00a0r\u00e9gime sioniste d\u2019Isra\u00ebl\u00a0\u00bb est, de l\u2019avis de l\u2019auteur, une description pertinente. Autrement dit, les actes inhumains commis par Isra\u00ebl sont les r\u00e9sultats\/cons\u00e9quences de l\u2019id\u00e9ologie sioniste, et la mise en \u0153uvre des aspirations de cette id\u00e9ologie n\u00e9cessite une force militaire.<\/p>\n<p><strong>Les c\u0153urs militaristes du nazisme et du sionisme<\/strong><\/p>\n<p>D\u00e8s sa cr\u00e9ation (1920), le parti nazi \u2013 qui \u00e9tait le successeur du Parti des Ouvriers Allemands (cr\u00e9\u00e9 en 1918) \u2013 a form\u00e9 la faction terroriste SA (Sturmabteilung \u2018Section d\u2019Assaut\u2019), qui a \u00e9t\u00e9 absorb\u00e9 en 1929 lors de la cr\u00e9ation de l\u2019inf\u00e2me SS (Schutzstaffel \u2018Escadron de Protection\u2019). La violence et le terrorisme \u00e9taient incontestablement le trait dominant des actes nazis, aussi bien contre les opposants internes ou externes, comme le montrent les chroniques de cette \u00e9poque.<\/p>\n<p>Dans le cas sioniste, dix ans apr\u00e8s la cr\u00e9ation du mouvement sioniste, le premier groupe arm\u00e9 \u00ab Bar Giora \u00bb \u05d1\u05e8 \u05d2\u05d9\u05d5\u05e8\u05d0 (ce nom venant de Simon Bar Giora, un des dirigeants de \u2018la r\u00e9volte jud\u00e9enne contre les Romains.\u2019) a \u00e9t\u00e9 cr\u00e9\u00e9 en 1907 en Palestine. Deux ans plus tard \u00ab Bar Giora \u00bb a \u00e9t\u00e9 absorb\u00e9 par l\u2019organisation terroriste \u00ab Hashomere \u00bb \u05d4\u05e9\u05d5\u05de\u05e8 (Gardien) dont l\u2019embl\u00e8me portait le slogan suivant : \u05d1\u05d3\u05dd \u05d5\u05d0\u05e9 \u05d9\u05d4\u05d5\u05d3\u05d4 \u05e0\u05e4\u05dc\u05d4, \u05d1\u05d3\u05dd \u05d5\u05d0\u05e9 \u05d9\u05d4\u05d5\u05d3\u05d4 \u05ea\u05e7\u05d5\u05dd Bedame Ve eish Yehouda nafla, Bedam ve eish Yehouda takoume. (Dans le sang et le feu Yehouda est tomb\u00e9e, dans le sang et le feu Yehouda se rel\u00e8vera). C\u2019est le pr\u00e9d\u00e9cesseur de la \u00ab Haganah \u00bb \u05d4\u05d2\u05e0\u05d4 (D\u00e9fense), cr\u00e9\u00e9e en 1920, qui deviendra l\u2019organisation terroriste la plus importante en Palestine<sup><a id=\"identifier_44_5823\" class=\"footnote-link footnote-identifier-link\" title=\"Uri Ben-Eliezer, The Making of Israeli Militarism (Bloomington: Indiana University Press, 1998), 178.\" href=\"https:\/\/ujfp.org\/palestine-les-lecons-de-lhistoire-comment-les-supremacismes-sinstallent-2\/#footnote_37_5823\">37<\/a><\/sup>, jusqu\u2019\u00e0 ce qu\u2019elle se transforme en la composante majeure de l\u2019arm\u00e9e de l\u2019\u00c9tat sioniste d\u2019Isra\u00ebl, \u00ab Tsahal \u00bb.<\/p>\n<p>La \u00ab Haganah \u00bb avec des autres organisations sionistes extr\u00e9mistes (Irgoun et Lehi) ont commis une longue liste de massacres contre les Palestinien-ne-s et en ont chass\u00e9 750 000 sous le feu. Le Haut Commissaire du gouvernement britannique pour la Palestine Alan Cunningham a dit que les c\u00e9l\u00e9brations par les membres des organisations terroristes sionistes de la \u00ab victoire \u00bb sur les civil-e-s palestinien-ne-s d\u00e9sarm\u00e9-e-s, sont similaires \u00e0 celles des Nazis<sup><a id=\"identifier_45_5823\" class=\"footnote-link footnote-identifier-link\" title=\"\u201cNewly-released UK documents speak of Zionist Nazis, terrorists and savages\u201d. Redress Information &amp; Analysis, April 27, 2013, accessed July 30, 2016. http:\/\/www.redressonline.com\/2013\/04\/newly-released-uk-documents-speak-of-zionist-nazis-terrorists-and-savages\/.\" href=\"https:\/\/ujfp.org\/palestine-les-lecons-de-lhistoire-comment-les-supremacismes-sinstallent-2\/#footnote_38_5823\">38<\/a><\/sup>.<\/p>\n<p>La puissance militaire a toujours \u00e9t\u00e9 centrale dans la pens\u00e9e sioniste, avant et pendant l\u2019op\u00e9ration de grande envergure qui a r\u00e9ussi \u00e0 expulser a la majorit\u00e9 des Palestinien-ne-s de leurs maisons en 1948. En r\u00e9alit\u00e9, elle forme une partie essentielle l\u2019id\u00e9ologie sioniste puisque l\u2019arm\u00e9e a construit l\u2019<em>identit\u00e9 isra\u00e9lienne<\/em>.<\/p>\n<p>L\u2019Agence Juive pour Isra\u00ebl le dit publiquement : elle exprime sans h\u00e9siter l\u2019id\u00e9e que c\u2019est \u00e0 l\u2019arm\u00e9e que la personnalit\u00e9\u00a0<em>isra\u00e9lienne<\/em>\u00a0se construit. \u00ab L\u2019arm\u00e9e isra\u00e9lienne est g\u00e9n\u00e9ralement per\u00e7ue comme le \u2018constructeur de la nation\u2019 \u2013 une \u00e9cole de l\u2019identit\u00e9 nationale et de l\u2019unit\u00e9 \u00bb<sup><a id=\"identifier_46_5823\" class=\"footnote-link footnote-identifier-link\" title=\"Jonathan Kaplan, \u201cThe role of the Military in Israel\u201d The Jewish Agency for Israel, last modified April 27, 2015, accessed July 30, 2016, http:\/\/www.jewishagency.org\/society-and-politics\/content\/36591. Citation traduite par l\u2019auteur.\" href=\"https:\/\/ujfp.org\/palestine-les-lecons-de-lhistoire-comment-les-supremacismes-sinstallent-2\/#footnote_39_5823\">39<\/a><\/sup>.<\/p>\n<p>L\u2019arm\u00e9e de l\u2019\u00c9tat d\u2019Isra\u00ebl a prolong\u00e9 et amplifi\u00e9 les taches de ses pr\u00e9d\u00e9cesseurs, les organisations arm\u00e9es sionistes. Kaplan donne la brigade\u00a0<em>Nahal<\/em>\u00a0comme exemple :<\/p>\n<p><em>\u00ab Au moyen de \u2018Nahal\u2019 (Acronyme h\u00e9breu de jeunesse pionni\u00e8re combattante), l\u2019arm\u00e9e a \u00e9tabli dans des zones \u00e9loign\u00e9es ou frontali\u00e8res, des colonies militaires qui combinent l\u2019agriculture avec la d\u00e9fense r\u00e9gionale. Ces colonies sont habituellement cr\u00e9\u00e9es et tenues par des groupes de jeunesse sionistes ayant s\u00e9journ\u00e9 dans un kibboutz plus ancien avant de d\u00e9m\u00e9nager vers les nouveaux postes avanc\u00e9s. Apr\u00e8s une p\u00e9riode initiale, ces postes-avanc\u00e9s passent \u00e0 des groupes civils et g\u00e9n\u00e9ralement deviennent des kibboutz ou des moshavs .Beaucoup de colonies isra\u00e9liennes dans les vall\u00e9es du Jourdain et la Arava ont \u00e9t\u00e9 \u00e9tablis par Nahal\u2026 Tsahal a aussi montr\u00e9 son int\u00e9r\u00eat actif pour l\u2019\u00e9ducation des nouveaux immigr\u00e9s, surtout pour l\u2019enseignement de l\u2019H\u00e9breu. Les enseignants de l\u2019arm\u00e9e sont envoy\u00e9s dans les centres d\u2019int\u00e9gration des immigr\u00e9s, les \u00e9coles de terrain et d\u2019autres institutions \u00e9ducatives. Des programmes sp\u00e9ciaux de l\u2019arm\u00e9e pour les adolescents des milieux d\u00e9favoris\u00e9s combinent l\u2019enseignement scolaire avec le travail dans une base militaire. Il convient de souligner que ces programmes ne sont pas destin\u00e9s aux soldats mais aux secteurs marginalis\u00e9s de la soci\u00e9t\u00e9 isra\u00e9lienne.\u00bb<\/em><sup><a id=\"identifier_47_5823\" class=\"footnote-link footnote-identifier-link\" title=\"Jonathan Kaplan, \u201cThe role of the Military in Israel\u201d The Jewish Agency for Israel, last modified April 27, 2015, accessed July 30, 2016, http:\/\/www.jewishagency.org\/society-and-politics\/content\/36591. Citation traduite par l\u2019auteur.\" href=\"https:\/\/ujfp.org\/palestine-les-lecons-de-lhistoire-comment-les-supremacismes-sinstallent-2\/#footnote_40_5823\">40<\/a><\/sup>.<\/p>\n<p>Comme dans le cas nazi, l\u2019arm\u00e9e n\u2019est pas juste un outil pour soumettre les \u00ab\u00a0autres\u00a0\u00bb et cr\u00e9er une image de sup\u00e9riorit\u00e9, mais une composante essentielle de l\u2019\u00c9tat et de l\u2019identit\u00e9.<\/p>\n<p><strong>Les ponts entre les \u00ab fr\u00e8res \u00bb<\/strong><\/p>\n<p>Le r\u00e9gime nazi entretenait des liens forts avec le r\u00e9gime fasciste de Mussolini et le r\u00e9gime fasciste de Franco en Espagne ainsi que l\u2019imp\u00e9rialisme japonais. Les affinit\u00e9s id\u00e9ologiques ont beaucoup facilit\u00e9 la complicit\u00e9 et la coop\u00e9ration, ainsi que les int\u00e9r\u00eats communs. Le m\u00eame m\u00e9canisme s\u2019est exerc\u00e9 aussi dans le cas du r\u00e9gime sioniste d\u2019Isra\u00ebl qui a maintenu des relations tr\u00e8s \u00e9troites avec l\u2019ex-r\u00e9gime d\u2019apartheid en Afrique du Sud jusqu\u2019au dernier jour, ou avec d\u2019autres regimes abominables (Argentine des g\u00e9n\u00e9raux\u2026). Mais bien avant il y eu l\u2019accord effarant entre les sionistes et les nazis, un accord qui visait \u00e0 stimuler leurs \u00e9conomies, comme relat\u00e9 dans ce qui suit.<\/p>\n<p>En 1933 les Nazis et les sionistes, sur la base de leurs int\u00e9r\u00eats communs, ont sign\u00e9 \u00ab<em>\u00a0l\u2019accord de transfert \u00bb<\/em>, ou Haavara en h\u00e9breu (\u05d4\u05e2\u05d1\u05e8\u05d4 : transfert). Le r\u00e9gime nazi voulait casser le boycott juif des produits allemands en Grande Bretagne et les aux \u00c9tats Unis, o\u00f9 la majorit\u00e9 des juifs\/ves allemands\/es riches avaient pu immigrer, expulser les juifs\/ves qui vivaient en Allemagne et faire des profits \u00e9conomiques. De leur c\u00f4t\u00e9, les sionistes voulaient faire immigrer autant de juifs\/ves que possible en Palestine et renforcer leur base mat\u00e9rielle et \u00e9conomique.<\/p>\n<p>Dans un entretien pour marquer les 25 ans de la publication de son livre :\u00a0<em>L\u2019accord de transfert<\/em>, Edwin Black (la note 51 doit \u00eatre avanc\u00e9e ici) explique le m\u00e9canisme du transfert :<\/p>\n<p><em>\u00ab Les allemands ont concoct\u00e9 l\u2019id\u00e9e et les sionistes l\u2019ont concoct\u00e9e avec eux. Que les marchandises allemandes soient vendues et que, par cette vente, des profits soient g\u00e9n\u00e9r\u00e9s. Un Juif vivant en Allemagne, dans cet arrangement complexe, pla\u00e7ait les avoirs et actifs de son foyer dans une banque sp\u00e9ciale, cette banque s\u2019appelait PALTREU. Une autre banque avait \u00e9t\u00e9 cr\u00e9\u00e9e en Palestine et s\u2019appelait Anglo-Palestine Bank. L\u2019argent \u00e9tait vers\u00e9 \u00e0 la banque allemande, les produits nazis \u00e9taient vendus par l\u2019Organisation Sioniste aux Moyen-Orient, surtout en Palestine. Quand les marchandises \u00e9taient vendues, le revenu g\u00e9n\u00e9r\u00e9 allait \u00e0 l\u2019Anglo-Palestine Bank. Puis l\u2019Anglo-Palestine Bank fournissait de l\u2019argent aux Juifs pour contourner les restrictions de devises que les Britanniques avaient impos\u00e9es et pour qu\u2019ils puissent immigrer. Par ce processus les Nazis restauraient leur \u00e9conomie, ils pouvaient casser le boycott, parce que on ne peut pas transf\u00e9rer un Juif gr\u00e2ce \u00e0 la vente de marchandises et en m\u00eame temps boycotter ces marchandises. L\u2019infrastructure de la Palestine juive a \u00e9t\u00e9 ainsi construite : conduites d\u2019eau, acier, brasserie, maisons, voitures, autobus, tout ceci \u00e9tait produit en Allemagne. Quand je suis all\u00e9 pour la premi\u00e8re fois en Isra\u00ebl, je me demandais pourquoi il y avait tellement de Mercedes-Benz. \u00bb<\/em><sup><a id=\"identifier_48_5823\" class=\"footnote-link footnote-identifier-link\" title=\"The Auto Channel. \u201cEdwin Black: 25th Anniversary of Transfer Agreement Pt. 1\u201d. Filmed [2009]. Youtube video, 10:46. Posted [February 2010]. https:\/\/youtu.be\/Rk24LXer8kw?t=10m46s. Citation traduite par l\u2019auteur.\" href=\"https:\/\/ujfp.org\/palestine-les-lecons-de-lhistoire-comment-les-supremacismes-sinstallent-2\/#footnote_41_5823\">41<\/a><\/sup>.<\/p>\n<p>Les Nazis r\u00e9cup\u00e9raient des profits et se d\u00e9barrassaient des juifs, et les sionistes r\u00e9cup\u00e9raient \u00e9galement des profits, de l\u2019infrastructure et des nouveaux immigrants. Ce processus procurant de l\u2019argent et de l\u2019immigration juive leur \u00e0 servi \u00e0 cr\u00e9er une nouvelle r\u00e9alit\u00e9 en Palestine, renfor\u00e7ant l\u2019immigration juive et transformant l\u2019\u00e9conomie agricole de la Palestine en une \u00e9conomie industrielle d\u00e9tenue par les sionistes.<br \/>\nGhassan Kanafani d\u00e9crit ce processus comme suit :<\/p>\n<p><em>\u00ab l\u2019immigration n\u2019\u00e9tait pas seulement destin\u00e9e \u00e0 assurer une concentration en Palestine de capital d\u00e9tenu par des juifs europ\u00e9ens, afin de dominer le processus d\u2019industrialisation, mais de fournir un prol\u00e9tariat juif pour y parvenir. Cette politique dont le slogan \u00e9tait \u2018le travail juif d\u2019abord\u2019 a eu de graves cons\u00e9quences, puisqu\u2019elle a conduit \u00e0 l\u2019\u00e9mergence rapide de formes de fascisme dans la soci\u00e9t\u00e9 coloniale juive \u00bb<\/em><sup><a id=\"identifier_49_5823\" class=\"footnote-link footnote-identifier-link\" title=\"Ghassane Kanafani, La r\u00e9volte de 1936-1939 en Palestine. Arriere-plans, detailles et analyse (Beirut : Institution des recherches arabes, 1972)9. Livre en Arabe. Titre et citation traduites par l\u2019auteur.\" href=\"https:\/\/ujfp.org\/palestine-les-lecons-de-lhistoire-comment-les-supremacismes-sinstallent-2\/#footnote_42_5823\">42<\/a><\/sup>.<\/p>\n<p>Il est \u00e0 noter que le prol\u00e9tariat juif dont parle Kanafani n\u2019\u00e9tait en g\u00e9n\u00e9ral pas constitu\u00e9 de juifs allemands, mais plut ot d\u2019immigrants venu de l\u2019ancien empire russe.<br \/>\nSeule une minorit\u00e9 des Juifs\/ves sous le r\u00e9gime nazi avait les actifs suffisants pour fournir les 1000 Livres britanniques requises par les autorit\u00e9s du mandat britannique pour les laisser entrer en Palestine comme des \u00ab immigr\u00e9s capitalistes \u00bb<sup><a id=\"identifier_50_5823\" class=\"footnote-link footnote-identifier-link\" title=\"Ludwig Pinner \u201cHaavara\u201d. Jewish Virtual Library, 2008, accessed July 30, 2016, http:\/\/www.jewishvirtuallibrary.org\/jsource\/judaica\/ejud_0002_0008_0_08075.html.\" href=\"https:\/\/ujfp.org\/palestine-les-lecons-de-lhistoire-comment-les-supremacismes-sinstallent-2\/#footnote_43_5823\">43<\/a><\/sup>. Les Britanniques voulaient organiser l\u2019immigration juive et non pas l\u2019interdire.<br \/>\n\u00c0 cette p\u00e9riode le mouvement sioniste avait un grand besoin de ressources financi\u00e8res et mat\u00e9rielles pour soutenir son projet en Palestine, les \u00ab\u00a0accords de transfert\u00a0\u00bb (Haavara) r\u00e9pondaient \u00e0 cette n\u00e9cessit\u00e9. Les dirigeants sionistes se sont mis pragmatiquement dans les mains des assassins nazis afin de faire venir des Juifs\/ves, sans aucune consid\u00e9ration pour les Juifs\/ves pauvres qui ne poss\u00e9daient pas le minimum des actifs requis, n\u00e9cessaires pour payer les autorit\u00e9s du mandat britannique en Palestine.<br \/>\nLe sionisme n\u2019a pas eu de probl\u00e8me pour avoir liens avec le r\u00e9gime nazi si cela signifiait que le reste des Juifs\/ves allemand-e-s \u2013 ou bien une bonne partie d\u2019eux\/elles \u2013 pouvaient devenir une force de travail de qualit\u00e9, qui paierait son voyage vers ce pays en train d\u2019\u00eatre colonis\u00e9 et nettoy\u00e9 ethniquement. Ce choix est immoral, m\u00eame si Edwin Black pense autrement, comme il le dit dans l\u2019entretien qui marque les 25 ans de la publication de son livre mentionn\u00e9 ci-dessous :<\/p>\n<p>\u00ab C\u2019est une affaire avec le diable, pas avec les anges, c\u2019est une affaire avec les gens qui veulent te tuer. Donc, fondamentalement, chaque fois qu\u2019ils [les sionistes] sauvent un juif, ils contribuent \u00e0 l\u2019\u00e9conomie nazie, et c\u2019est m\u00eame pire, je veux dire qu\u2019il y a des dynamiques que je n\u2019ai jamais d\u00e9crites, mais les Juifs \u00e9taient oblig\u00e9s de sauver des Juifs de cette fa\u00e7on. C\u2019\u00e9tait un choix horrible confi\u00e9 aux sionistes, mais on ne bl\u00e2me pas les otages qui ont le pistolet sur la tempe. \u00bb<sup><a id=\"identifier_51_5823\" class=\"footnote-link footnote-identifier-link\" title=\"The Auto Channel. \u201cEdwin Black: 25th Anniversary of Transfer Agreement Pt. 1\u201d. Filmed [2009]. Youtube video, 10:46. Posted [February 2010]. https:\/\/youtu.be\/Alnhw60V3jM?t=6m37s. Citation traduite par l\u2019auteur.\" href=\"https:\/\/ujfp.org\/palestine-les-lecons-de-lhistoire-comment-les-supremacismes-sinstallent-2\/#footnote_44_5823\">44<\/a><\/sup>.<\/p>\n<p>Peut-\u00eatre une de ces dynamiques non mentionn\u00e9es est r\u00e9sum\u00e9e par David Ben-Gourion :<\/p>\n<p><em>\u00ab Si je savais qu\u2019il est possible de sauver tous les enfants juifs d\u2019Allemagne en les transportant en Angleterre, et seulement la moiti\u00e9 d\u2019entre eux en les transf\u00e9rant sur la terre d\u2019Isra\u00ebl, je choisirais la derni\u00e8re solution, car devant nous il n\u2019y a pas seulement la question du nombre de ces enfants mais celle de la reconnaissance du peuple d\u2019Isra\u00ebl \u00bb<\/em><sup><a id=\"identifier_52_5823\" class=\"footnote-link footnote-identifier-link\" title=\"Shabtai Teveth, Ben-Gurion: The burning ground, 1886-1948 (Boston: Houghton Mifflin, 1987), 171-2. Citation traduite par l\u2019auteur.\" href=\"https:\/\/ujfp.org\/palestine-les-lecons-de-lhistoire-comment-les-supremacismes-sinstallent-2\/#footnote_45_5823\">45<\/a><\/sup>.<\/p>\n<p><strong>Le sionisme et la l\u00e9gislation internationale<\/strong><\/p>\n<p>Gr\u00e2ce aux succ\u00e8s des mouvements de lib\u00e9ration a travers le monde apr\u00e8s la deuxi\u00e8me guerre mondiale et \u00e0 l\u2019\u00e9quilibre des forces entre les \u00c9tats-Unis et l\u2019ex-URSS, les conditions mondiales \u00e9taient plus favorables apr\u00e8s les d\u00e9colonisations pour dire solennellement \u00e0 quelle cat\u00e9gorie de syst\u00e8me de pens\u00e9es le sionisme appartient. L\u2019assembl\u00e9e g\u00e9n\u00e9rale de l\u2019ONU a consid\u00e9r\u00e9 dans sa r\u00e9solution 3379 \u00ab \u00c9limination<em>\u00a0de toutes formes de discrimination raciale<\/em>\u00bb que le sionisme est une forme de racisme et de discrimination raciale<sup><a id=\"identifier_53_5823\" class=\"footnote-link footnote-identifier-link\" title=\"R\u00e9solution de l\u2019Assembl\u00e9e G\u00e9n\u00e9rale 3379 (XXX) Elimination de toutes formes de discrimination raciales, A\/RES\/3379 (XXX) ( 10 Novembre 1975) disponible \u00e0 https:\/\/documents-dds-ny.un.org\/doc\/RESOLUTION\/GEN\/NR0\/002\/72\/img\/NR000272.pdf?OpenElement\" href=\"https:\/\/ujfp.org\/palestine-les-lecons-de-lhistoire-comment-les-supremacismes-sinstallent-2\/#footnote_46_5823\">46<\/a><\/sup>. Cette r\u00e9solution adopt\u00e9e en 1975 se basait sur une s\u00e9rie de d\u00e9clarations et de r\u00e9solutions prises par l\u2019ONU, ainsi que sur plusieurs faits historiques. La r\u00e9solution rappelle la d\u00e9claration 1904 o u l\u2019ONU s\u2019est d\u00e9clar\u00e9e alarm\u00e9e devant\u00a0<em>\u00ab les manifestations de discrimination raciale qui se constatent encore dans le monde dont quelques-unes sont impos\u00e9es par certains gouvernements au moyen de mesures l\u00e9gislatives, administratives ou autres<\/em>\u00a0\u00bb<sup><a id=\"identifier_54_5823\" class=\"footnote-link footnote-identifier-link\" title=\"Ibid.,\" href=\"https:\/\/ujfp.org\/palestine-les-lecons-de-lhistoire-comment-les-supremacismes-sinstallent-2\/#footnote_23_5823\">23<\/a><\/sup>. Comme expliqu\u00e9 ci-dessus, c\u2019est toujours le cas d\u2019Isra\u00ebl.<br \/>\nLa m\u00eame r\u00e9solution \u00ab \u00c9limination de toutes formes de discrimination raciale\u00bb rappelle la r\u00e9solution 3151G (XXVIII) du 14 D\u00e9cembre 1973 o\u00f9 l\u2019Assembl\u00e9e G\u00e9n\u00e9rale \u00ab a condamn\u00e9 en particulier l\u2019alliance impie entre le racisme sud-africain et le sionisme \u00bb<sup><a id=\"identifier_55_5823\" class=\"footnote-link footnote-identifier-link\" title=\"Ibid.,\" href=\"https:\/\/ujfp.org\/palestine-les-lecons-de-lhistoire-comment-les-supremacismes-sinstallent-2\/#footnote_23_5823\">23<\/a><\/sup>. Ce paragraphe se base bien sur un fait historique, une coop\u00e9ration qui a dur\u00e9 jusqu\u2019\u00e0 la fin de apartheid sud-africain.<br \/>\nLa d\u00e9claration de Mexico sur l\u2019\u00e9galit\u00e9 des femmes et leur contribution au d\u00e9veloppement et \u00e0 la paix en 1975, proclam\u00e9e par la conf\u00e9rence mondiale de l\u2019ann\u00e9e internationale de la femme, est pr\u00e9sente dans cette r\u00e9solution, son 24\u00e8me principe dit :<\/p>\n<p>\u00ab La coop\u00e9ration et la paix internationales exigent la lib\u00e9ration et l\u2019ind\u00e9pendance nationales, l\u2019\u00e9limination du colonialisme et du n\u00e9o-colonialisme, de l\u2019occupation \u00e9trang\u00e8re, du sionisme, de 1\u2019apartheid et de la discrimination raciale sous toutes ses formes, ainsi que la reconnaissance de la dignit\u00e9 des peuples et de leur droit a l\u2019autod\u00e9termination \u00bb<sup><a id=\"identifier_56_5823\" class=\"footnote-link footnote-identifier-link\" title=\"\u201cRAPPORT DE LA CONFERENCE MONDIALE DE L'ANN\u00c9E INTERNATIONALE DE LA FEMME\u201d (Mexico: 1975) acced\u00e9 au 20 Aout, 2017. https:\/\/documents-dds-ny.un.org\/doc\/UNDOC\/GEN\/N76\/353\/97\/PDF\/N7635397.pdf?OpenElement\" href=\"https:\/\/ujfp.org\/palestine-les-lecons-de-lhistoire-comment-les-supremacismes-sinstallent-2\/#footnote_47_5823\">47<\/a><\/sup>.<\/p>\n<p>La r\u00e9solution 3379 \u00ab \u00c9limination<em>\u00a0de toutes formes de discrimination raciale<\/em>\u00a0\u00bb se base aussi sur d\u2019autres d\u00e9clarations l\u00e9gales et r\u00e9solutions internationales. Bien qu\u2019elle n\u2019ait pas men\u00e9 \u00e0 des d\u00e9marches concr\u00e8tes pour sanctionner l\u2019\u00c9tat sioniste et raciste d\u2019Isra\u00ebl, son existence en elle-m\u00eame avait une forte signification morale.<br \/>\nLa r\u00e9solution 3379 a \u00e9t\u00e9 r\u00e9voqu\u00e9e en 1991 quand l\u2019Union Sovi\u00e9tique est devenue une coquille vide, juste 9 jours avant qu\u2019elle ait cess\u00e9 d\u2019exister. La chute de l\u2019URSS, la st\u00e9rilit\u00e9 de la pens\u00e9e des dirigeants palestiniens et leur trahison de la lutte de leur peuple ont cr\u00e9e une ambiance favorable \u00e0 une man\u0153uvre sioniste intelligente : Isra\u00ebl a conditionn\u00e9 sa participation \u00e0 la conf\u00e9rence de Madrid \u00e0 la r\u00e9vocation de la r\u00e9solution 3379.<br \/>\nLe 16 d\u00e9cembre 1991, l\u2019Assembl\u00e9e G\u00e9n\u00e9rale de l\u2019ONU a \u00e9mis une r\u00e9solution d\u2019une seule ligne et sans aucune justification l\u00e9gale, bien que la base l\u00e9gale sur laquelle la r\u00e9solution r\u00e9voqu\u00e9e avait \u00e9t\u00e9 \u00e9mise soit toujours applicable. Par la r\u00e9solution 46\/86 :<\/p>\n<p>\u00ab L\u2019assembl\u00e9e g\u00e9n\u00e9rale d\u00e9cide de d\u00e9clarer nulle la conclusion contenue dans le dispositif de sa r\u00e9solution 3379 (XXX) du 10 Novembre 1975. \u00bb<sup><a id=\"identifier_57_5823\" class=\"footnote-link footnote-identifier-link\" title=\"R\u00e9solution de l\u2019Assemble\u00e9 G\u00e9n\u00e9rale 46\/86, R\u00e9vocation de la R\u00e9solution 3379, A\/RES\/46\/86 (16 D\u00e9cembre 1991) Disponible \u00e0 https:\/\/documents-dds-ny.un.org\/doc\/RESOLUTION\/GEN\/NR0\/583\/96\/img\/NR058396.pdf?OpenElement\" href=\"https:\/\/ujfp.org\/palestine-les-lecons-de-lhistoire-comment-les-supremacismes-sinstallent-2\/#footnote_48_5823\">48<\/a><\/sup>.<\/p>\n<p><strong>Conclusion<\/strong><\/p>\n<p>Le sionisme et le nazisme sont n\u00e9s du m\u00eame terreau, les deux sont des id\u00e9ologies violentes et racistes, qui croient \u00e0 la sup\u00e9riorit\u00e9 d\u2019un groupe sur d\u2019autres, voire sur le reste de l\u2019humanit\u00e9. Les gens savent que \u00ab nazi \u00bb et \u00ab allemand \u00bb ne sont pas identiques, mais la propagande sioniste \u00e9gare les gens en identifiant \u00ab juif\/ve \u00bb avec \u00ab sioniste \u00bb. Le fait que les juifs\/ves aient \u00e9t\u00e9 des victimes (parmi d\u2019autres victimes) et aient \u00e9t\u00e9 sauvagement pers\u00e9cut\u00e9-e-s par les Nazis a aid\u00e9 les sionistes \u00e0 r\u00e9pandre leur d\u00e9sinformation et \u00e0 rendre v\u00e9ritablement tabous toute remise en cause et tout questionnement de la logique du sionisme.<br \/>\nLe nazisme et le sionisme ont certaines similitudes sur le plan de l\u2019oppression, de l\u2019occupation et du d\u00e9dain de la vie humaine. Ce que le sionisme commet ne d\u00e9coule pas d\u2019un m\u00e9canisme d\u2019identification avec l\u2019ancien agresseur, c\u2019est un racisme intrins\u00e8que et agressif puisant aux m\u00eames sources fondamentales que celles du nazisme, mais \u00e0 une plus petite \u00e9chelle et dans un espace plus limit\u00e9. Non seulement pour l\u2019\u00e9mancipation r\u00e9elle des Juifs\/ves eux\/elles-m\u00eames et des Palestinien-ne-s, mais par souci d\u2019une justice qui \u00e9radique les racines du probl\u00e8me, et pour la paix et la vie en commun sur cette terre en Palestine, le sionisme doit \u00eatre condamn\u00e9 et \u00e9limin\u00e9, en esp\u00e9rant que cela ne soit pas avec le m\u00eame co\u00fbt que celui que l\u2019humanit\u00e9 a pay\u00e9 pour \u00e9liminer le monstre nazi.<\/p>\n<p>Par Mossa\u2019ab Bachir<\/p>\n<ol class=\"footnotes\">\n<li id=\"footnote_1_5823\" class=\"footnote\">Itamar Eichner and Eli Senyor. \u201cCabinet approves tougher punishments for throwing stones, firebombs\u201d Ynetnews, September 24, 2015. Accessed July 30, 2016. http:\/\/www.ynetnews.com\/articles\/0,7340,L-4703951,00.html.<span class=\"footnote-back-link-wrapper\">[<a class=\"footnote-link footnote-back-link\" href=\"https:\/\/ujfp.org\/palestine-les-lecons-de-lhistoire-comment-les-supremacismes-sinstallent-2\/#identifier_1_5823\">\u21e7<\/a>]<\/span><\/li>\n<li id=\"footnote_2_5823\" class=\"footnote\">\u201cSecurity Cabinet Statement\u201d Prime Minister\u2019s Office, accessed July 30, 2016.\u00a0<a href=\"http:\/\/www.pmo.gov.il\/English\/MediaCenter\/Spokesman\/Pages\/spokeJerusalem240915.aspx.\" target=\"_blank\" rel=\"noreferrer noopener\">http:\/\/www.pmo.gov.il\/English\/MediaCenter\/Spokesman\/Pages\/spokeJerusalem240915.aspx.<\/a><span class=\"footnote-back-link-wrapper\">[<a class=\"footnote-link footnote-back-link\" href=\"https:\/\/ujfp.org\/palestine-les-lecons-de-lhistoire-comment-les-supremacismes-sinstallent-2\/#identifier_2_5823\">\u21e7<\/a>]<\/span><\/li>\n<li id=\"footnote_3_5823\" class=\"footnote\">Chaim Levinson, \u201cIDF Training Israeli Settlers Ahead of \u2018Mass Disorder\u2019 Expected in September\u201d Haaretz, August 30, 2011. Accessed July 30, 2016.\u00a0<a href=\"http:\/\/www.haaretz.com\/israel-news\/idf-training-israeli-settlers-ahead-of-mass-disorder-expected-in-september-1.381421\" target=\"_blank\" rel=\"noreferrer noopener\">http:\/\/www.haaretz.com\/israel-news\/idf-training-israeli-settlers-ahead-of-mass-disorder-expected-in-september-1.381421<\/a>.<span class=\"footnote-back-link-wrapper\">[<a class=\"footnote-link footnote-back-link\" href=\"https:\/\/ujfp.org\/palestine-les-lecons-de-lhistoire-comment-les-supremacismes-sinstallent-2\/#identifier_3_5823\">\u21e7<\/a>]<\/span><\/li>\n<li id=\"footnote_4_5823\" class=\"footnote\">Nigle Wilson, \u201cIsrael\u2019s gun policy: A licence to kill Palestinians\u201d Aljazeera, November 19, 2015. Accessed July 30, 2016.\u00a0<a href=\"http:\/\/www.aljazeera.com\/news\/2015\/11\/israel-gun-policy-licence-kill-palestinians-151119080409657.html\" target=\"_blank\" rel=\"noreferrer noopener\">http:\/\/www.aljazeera.com\/news\/2015\/11\/israel-gun-policy-licence-kill-palestinians-151119080409657.html<\/a>.<span class=\"footnote-back-link-wrapper\">[<a class=\"footnote-link footnote-back-link\" href=\"https:\/\/ujfp.org\/palestine-les-lecons-de-lhistoire-comment-les-supremacismes-sinstallent-2\/#identifier_4_5823\">\u21e7<\/a>]<\/span><\/li>\n<li id=\"footnote_5_5823\" class=\"footnote\">\u201cAPARTHEID ROADS\u201d (Ramallah: 2008), accessed July 30, 2016. https:\/\/www.ochaopt.org\/documents\/opt_prot_maan_apartheid_roads_dec_2008.pdf.<span class=\"footnote-back-link-wrapper\">[<a class=\"footnote-link footnote-back-link\" href=\"https:\/\/ujfp.org\/palestine-les-lecons-de-lhistoire-comment-les-supremacismes-sinstallent-2\/#identifier_5_5823\">\u21e7<\/a>]<\/span><\/li>\n<li id=\"footnote_6_5823\" class=\"footnote\">\u201cTYPOLOGIES OF SEGREGATION\u201d. Visualizing Palestine. March 2012, accessed July 30, 2016.http:\/\/visualizingpalestine.org\/visuals\/segregated-roads-west-bank.<span class=\"footnote-back-link-wrapper\">[<a class=\"footnote-link footnote-back-link\" href=\"https:\/\/ujfp.org\/palestine-les-lecons-de-lhistoire-comment-les-supremacismes-sinstallent-2\/#identifier_6_5823\">\u21e7<\/a>]<\/span><\/li>\n<li id=\"footnote_7_5823\" class=\"footnote\">\u201cHUMAN SHIELDS\u201d Breaking the Silence, accessed July 30, 2016, http:\/\/www.breakingthesilence.org.il\/testimonies\/database\/?ci=143.<span class=\"footnote-back-link-wrapper\">[<a class=\"footnote-link footnote-back-link\" href=\"https:\/\/ujfp.org\/palestine-les-lecons-de-lhistoire-comment-les-supremacismes-sinstallent-2\/#identifier_7_5823\">\u21e7<\/a>]<\/span><\/li>\n<li id=\"footnote_8_5823\" class=\"footnote\">\u201cPALESTINIAN CHILDREN BEING USED AS HUMAN SHIELDS\u201d Defense for Children International Palestine, accessed July 30, 2016, http:\/\/www.dci-palestine.org\/palestinian_children_being_used_as_human_shields.<span class=\"footnote-back-link-wrapper\">[<a class=\"footnote-link footnote-back-link\" href=\"https:\/\/ujfp.org\/palestine-les-lecons-de-lhistoire-comment-les-supremacismes-sinstallent-2\/#identifier_8_5823\">\u21e7<\/a>]<\/span><\/li>\n<li id=\"footnote_9_5823\" class=\"footnote\">\u201cTORTURE OF PALESTINIAN POLITICAL PRISONERS IN ISRAELI PRISONS\u201d (October 2003), accessed July 30, 2016. http:\/\/www.addameer.org\/files\/Reports\/torture-eng.pdf. 68.<span class=\"footnote-back-link-wrapper\">[<a class=\"footnote-link footnote-back-link\" href=\"https:\/\/ujfp.org\/palestine-les-lecons-de-lhistoire-comment-les-supremacismes-sinstallent-2\/#identifier_9_5823\">\u21e7<\/a>]<\/span><\/li>\n<li id=\"footnote_10_5823\" class=\"footnote\">\u201cSOLITARY CONFINEMENT OF PRISONERS AND DETAINEES IN ISRAELI PRISONS\u201d (March 2016), accessed August 03, 2016. www.phr.org.il\/wp-content\/uploads\/2016\/03\/English-for-reporters.pdf. 27.<span class=\"footnote-back-link-wrapper\">[<a class=\"footnote-link footnote-back-link\" href=\"https:\/\/ujfp.org\/palestine-les-lecons-de-lhistoire-comment-les-supremacismes-sinstallent-2\/#identifier_10_5823\">\u21e7<\/a>]<\/span><\/li>\n<li id=\"footnote_11_5823\" class=\"footnote\">Yakov Rabkin,\u00a0<em>Au nom de la Torah : Une histoire de l\u2019opposition juive au sionisme\u00a0<\/em>(La presse de l\u2019universit\u00e9 Laval, 2004), 30.<span class=\"footnote-back-link-wrapper\">[<a class=\"footnote-link footnote-back-link\" href=\"https:\/\/ujfp.org\/palestine-les-lecons-de-lhistoire-comment-les-supremacismes-sinstallent-2\/#identifier_11_5823\">\u21e7<\/a>]<\/span><\/li>\n<li id=\"footnote_12_5823\" class=\"footnote\">\u201cZIONISM differs from other national Liberation movements: Zionism: The National Liberation Movement of The Jewish People\u201d World Zionist Organization, accessed July 30, 2016.http:\/\/www.wzo.org.il\/index.php?dir=site&amp;page=articles&amp;op=item&amp;cs=3326&amp;category=3040.<span class=\"footnote-back-link-wrapper\">[<a class=\"footnote-link footnote-back-link\" href=\"https:\/\/ujfp.org\/palestine-les-lecons-de-lhistoire-comment-les-supremacismes-sinstallent-2\/#identifier_12_5823\">\u21e7<\/a>]<\/span><\/li>\n<li id=\"footnote_13_5823\" class=\"footnote\">Zeev Sternell,<em>The Founding Myths of Israel: Nationalism, Socialism, and the Making of the Jewish State<\/em>, trans. David Maisel (Princton: Princton University Press, 2009), 191. Citation traduite par l\u2019auteur.<span class=\"footnote-back-link-wrapper\">[<a class=\"footnote-link footnote-back-link\" href=\"https:\/\/ujfp.org\/palestine-les-lecons-de-lhistoire-comment-les-supremacismes-sinstallent-2\/#identifier_13_5823\">\u21e7<\/a>]<\/span><\/li>\n<li id=\"footnote_14_5823\" class=\"footnote\">Slogan du roman de Herzel\u00a0<em>Altneuland<\/em>\u00a0en allemand. Theodor Herzl,<em>\u00a0Altneuland\u00a0<\/em>(Leipzig: Seemann Nachf, 1902), couerture.<span class=\"footnote-back-link-wrapper\">[<a class=\"footnote-link footnote-back-link\" href=\"https:\/\/ujfp.org\/palestine-les-lecons-de-lhistoire-comment-les-supremacismes-sinstallent-2\/#identifier_14_5823\">\u21e7<\/a>]<\/span><\/li>\n<li id=\"footnote_15_5823\" class=\"footnote\">Ilan Pappe,\u00a0<em>The ethnic cleansing of Palestine<\/em>\u00a0(Oxford: Oneworld Publications, 2011), 21. Citation traduite par l\u2019auteur.<span class=\"footnote-back-link-wrapper\">[<a class=\"footnote-link footnote-back-link\" href=\"https:\/\/ujfp.org\/palestine-les-lecons-de-lhistoire-comment-les-supremacismes-sinstallent-2\/#identifier_15_5823\">\u21e7<\/a>]<\/span><\/li>\n<li id=\"footnote_16_5823\" class=\"footnote\">Ibid., 454. Citation traduite par l\u2019auteur.<span class=\"footnote-back-link-wrapper\">[<a class=\"footnote-link footnote-back-link\" href=\"https:\/\/ujfp.org\/palestine-les-lecons-de-lhistoire-comment-les-supremacismes-sinstallent-2\/#identifier_16_5823\">\u21e7<\/a>]<\/span><\/li>\n<li id=\"footnote_17_5823\" class=\"footnote\">Elisha Ben Kimon, Telem Yahav, and Kobi Nachshoni. \u201cIDF\u2019s chief rabbi-to-be permits raping women in wartime\u201d Ynetnews, July 12, 2016. Accessed July 30, 2016. http:\/\/www.ynetnews.com\/articles\/0,7340,L-4827240,00.html.<span class=\"footnote-back-link-wrapper\">[<a class=\"footnote-link footnote-back-link\" href=\"https:\/\/ujfp.org\/palestine-les-lecons-de-lhistoire-comment-les-supremacismes-sinstallent-2\/#identifier_17_5823\">\u21e7<\/a>]<\/span><\/li>\n<li id=\"footnote_18_5823\" class=\"footnote\">Times of Israel. \u201cPM: Swedish FM\u2019s remarks on response to Palestinian attackers are outrageous\u201d. [Filmed January 2016]. Youtube video, 00:48, Posted [January 2016] https:\/\/youtu.be\/UWFnnw-9_z8?t=48s.<span class=\"footnote-back-link-wrapper\">[<a class=\"footnote-link footnote-back-link\" href=\"https:\/\/ujfp.org\/palestine-les-lecons-de-lhistoire-comment-les-supremacismes-sinstallent-2\/#identifier_18_5823\">\u21e7<\/a>]<\/span><\/li>\n<li id=\"footnote_19_5823\" class=\"footnote\">Barak Ravid and Gili Cohen, \u201cIsraeli Defense Ministry Slams Obama: Iran Deal as Harmful as Munich Agreement With Hitler\u201d Haaretz, Aug 05, 2016. Accessed Aug 16, 2016. http:\/\/www.haaretz.com\/israel-news\/1.735445.<span class=\"footnote-back-link-wrapper\">[<a class=\"footnote-link footnote-back-link\" href=\"https:\/\/ujfp.org\/palestine-les-lecons-de-lhistoire-comment-les-supremacismes-sinstallent-2\/#identifier_19_5823\">\u21e7<\/a>]<\/span><\/li>\n<li id=\"footnote_20_5823\" class=\"footnote\">boycott apartheid. \u201cProf. Leibowitz: There are Judeo-Nazis. Israel Represents the Darkness of a State Body\u201d. Filmed [1993]. Youtube video, 04:06. Posted [January 2014]. https:\/\/youtu.be\/zM2fXTkjU2E?t=4m6s.<span class=\"footnote-back-link-wrapper\">[<a class=\"footnote-link footnote-back-link\" href=\"https:\/\/ujfp.org\/palestine-les-lecons-de-lhistoire-comment-les-supremacismes-sinstallent-2\/#identifier_20_5823\">\u21e7<\/a>]<\/span><\/li>\n<li id=\"footnote_21_5823\" class=\"footnote\">\u201cPlatform of the National-Socialist German Workers\u2019 Party 1933\u201d Jewish Virtual Library, accessed July 30, 2016,\u00a0<a href=\"http:\/\/www.jewishvirtuallibrary.org\/jsource\/Holocaust\/naziprog.html\" target=\"_blank\" rel=\"noreferrer noopener\">http:\/\/www.jewishvirtuallibrary.org\/jsource\/Holocaust\/naziprog.html<\/a>. Citation traduite par l\u2019auteur.<span class=\"footnote-back-link-wrapper\">[<a class=\"footnote-link footnote-back-link\" href=\"https:\/\/ujfp.org\/palestine-les-lecons-de-lhistoire-comment-les-supremacismes-sinstallent-2\/#identifier_21_5823\">\u21e7<\/a>]<\/span><span class=\"footnote-back-link-wrapper\">[<a class=\"footnote-link footnote-back-link\" href=\"https:\/\/ujfp.org\/palestine-les-lecons-de-lhistoire-comment-les-supremacismes-sinstallent-2\/#identifier_26_5823\">\u21e7<\/a>]<\/span><\/li>\n<li id=\"footnote_22_5823\" class=\"footnote\">\u201c<em>THE CONSTITUTION OF THE WORLD ZIONIST ORGANIZATION AND THE REGULATIONS FOR ITS IMPLEMENTATION\u201d\u00a0<\/em>(Jerusalem: 2015),\u00a0<a href=\"http:\/\/www.wzo.org.il\/files\/congress\/WZO_Constitution_march_2015.pdf\" target=\"_blank\" rel=\"noreferrer noopener\">http:\/\/www.wzo.org.il\/files\/congress\/WZO_Constitution_march_2015.pdf<\/a>, 2. Citation traduit par l\u2019auteur.<span class=\"footnote-back-link-wrapper\">[<a class=\"footnote-link footnote-back-link\" href=\"https:\/\/ujfp.org\/palestine-les-lecons-de-lhistoire-comment-les-supremacismes-sinstallent-2\/#identifier_22_5823\">\u21e7<\/a>]<\/span><\/li>\n<li id=\"footnote_23_5823\" class=\"footnote\">Ibid.,<span class=\"footnote-back-link-wrapper\">[<a class=\"footnote-link footnote-back-link\" href=\"https:\/\/ujfp.org\/palestine-les-lecons-de-lhistoire-comment-les-supremacismes-sinstallent-2\/#identifier_23_5823\">\u21e7<\/a>]<\/span><span class=\"footnote-back-link-wrapper\">[<a class=\"footnote-link footnote-back-link\" href=\"https:\/\/ujfp.org\/palestine-les-lecons-de-lhistoire-comment-les-supremacismes-sinstallent-2\/#identifier_30_5823\">\u21e7<\/a>]<\/span><span class=\"footnote-back-link-wrapper\">[<a class=\"footnote-link footnote-back-link\" href=\"https:\/\/ujfp.org\/palestine-les-lecons-de-lhistoire-comment-les-supremacismes-sinstallent-2\/#identifier_31_5823\">\u21e7<\/a>]<\/span><span class=\"footnote-back-link-wrapper\">[<a class=\"footnote-link footnote-back-link\" href=\"https:\/\/ujfp.org\/palestine-les-lecons-de-lhistoire-comment-les-supremacismes-sinstallent-2\/#identifier_36_5823\">\u21e7<\/a>]<\/span><span class=\"footnote-back-link-wrapper\">[<a class=\"footnote-link footnote-back-link\" href=\"https:\/\/ujfp.org\/palestine-les-lecons-de-lhistoire-comment-les-supremacismes-sinstallent-2\/#identifier_54_5823\">\u21e7<\/a>]<\/span><span class=\"footnote-back-link-wrapper\">[<a class=\"footnote-link footnote-back-link\" href=\"https:\/\/ujfp.org\/palestine-les-lecons-de-lhistoire-comment-les-supremacismes-sinstallent-2\/#identifier_55_5823\">\u21e7<\/a>]<\/span><\/li>\n<li id=\"footnote_24_5823\" class=\"footnote\">\u201c<em>THE CONSTITUTION OF THE WORLD ZIONIST ORGANIZATION AND THE REGULATIONS FOR ITS IMPLEMENTATION\u201d\u00a0<\/em>(Jerusalem: 2015), http:\/\/www.wzo.org.il\/files\/congress\/WZO_Constitution_march_2015.pdf, 2. Citation traduite par l\u2019auteur.<span class=\"footnote-back-link-wrapper\">[<a class=\"footnote-link footnote-back-link\" href=\"https:\/\/ujfp.org\/palestine-les-lecons-de-lhistoire-comment-les-supremacismes-sinstallent-2\/#identifier_24_5823\">\u21e7<\/a>]<\/span><\/li>\n<li id=\"footnote_25_5823\" class=\"footnote\">\u201c<em>THE CONSTITUTION OF THE WORLD ZIONIST ORGANIZATION AND THE REGULATIONS FOR ITS IMPLEMENTATION\u201d\u00a0<\/em>(Jerusalem: 2015), accessed July 30, 2016.\u00a0<a href=\"http:\/\/www.wzo.org.il\/files\/congress\/WZO_Constitution_march_2015.pdf\" target=\"_blank\" rel=\"noreferrer noopener\">http:\/\/www.wzo.org.il\/files\/congress\/WZO_Constitution_march_2015.pdf<\/a>, 2. Citation traduite par l\u2019auteur.<span class=\"footnote-back-link-wrapper\">[<a class=\"footnote-link footnote-back-link\" href=\"https:\/\/ujfp.org\/palestine-les-lecons-de-lhistoire-comment-les-supremacismes-sinstallent-2\/#identifier_25_5823\">\u21e7<\/a>]<\/span><\/li>\n<li id=\"footnote_26_5823\" class=\"footnote\">\u201cLAW OF RETURN (AMENDMENT NO. 2) LAW, 5730\u20141970\u201d Israel Law Resource Center, accessed July 30, 2016, . Citation traduite par l\u2019auteur.<span class=\"footnote-back-link-wrapper\">[<a class=\"footnote-link footnote-back-link\" href=\"https:\/\/ujfp.org\/palestine-les-lecons-de-lhistoire-comment-les-supremacismes-sinstallent-2\/#identifier_27_5823\">\u21e7<\/a>]<\/span><span class=\"footnote-back-link-wrapper\">[<a class=\"footnote-link footnote-back-link\" href=\"https:\/\/ujfp.org\/palestine-les-lecons-de-lhistoire-comment-les-supremacismes-sinstallent-2\/#identifier_33_5823\">\u21e7<\/a>]<\/span><span class=\"footnote-back-link-wrapper\">[<a class=\"footnote-link footnote-back-link\" href=\"https:\/\/ujfp.org\/palestine-les-lecons-de-lhistoire-comment-les-supremacismes-sinstallent-2\/#identifier_35_5823\">\u21e7<\/a>]<\/span><\/li>\n<li id=\"footnote_27_5823\" class=\"footnote\">\u201cENTRY INTO ISRAEL LAW 5712-1952\u201dIsrael Law Resource Center, accessed July 30, 2016, . Citation traduite par l\u2019auteur.<span class=\"footnote-back-link-wrapper\">[<a class=\"footnote-link footnote-back-link\" href=\"https:\/\/ujfp.org\/palestine-les-lecons-de-lhistoire-comment-les-supremacismes-sinstallent-2\/#identifier_28_5823\">\u21e7<\/a>]<\/span><\/li>\n<li id=\"footnote_28_5823\" class=\"footnote\">\u201cNATIONALITY AND ENTRY INTO ISRAEL (TEMPORARY ORDER) LAW, 5763-2003\u201d Israel Law Resource Center, accessed July 30, 2016, . Citation traduite par l\u2019auteur.<span class=\"footnote-back-link-wrapper\">[<a class=\"footnote-link footnote-back-link\" href=\"https:\/\/ujfp.org\/palestine-les-lecons-de-lhistoire-comment-les-supremacismes-sinstallent-2\/#identifier_29_5823\">\u21e7<\/a>]<\/span><\/li>\n<li id=\"footnote_29_5823\" class=\"footnote\">\u201cNOTES (FROM ADALAH) ON THE AMENDMENT (27.7.2005) OF THE NATIONALITY AND ENTRY INTO ISRAEL LAW, 5763\u20142003\u201d Israel Law Resource Center, accessed July 30, 2016, . Citation traduite par l\u2019auteur.<span class=\"footnote-back-link-wrapper\">[<a class=\"footnote-link footnote-back-link\" href=\"https:\/\/ujfp.org\/palestine-les-lecons-de-lhistoire-comment-les-supremacismes-sinstallent-2\/#identifier_32_5823\">\u21e7<\/a>]<\/span><\/li>\n<li id=\"footnote_30_5823\" class=\"footnote\">\u201cNATIONALITY LAW, 5712-1952\u201d Israel Law Resource Center, accessed July 30, 2016, . Citation traduite par l\u2019auteur.<span class=\"footnote-back-link-wrapper\">[<a class=\"footnote-link footnote-back-link\" href=\"https:\/\/ujfp.org\/palestine-les-lecons-de-lhistoire-comment-les-supremacismes-sinstallent-2\/#identifier_34_5823\">\u21e7<\/a>]<\/span><\/li>\n<li id=\"footnote_31_5823\" class=\"footnote\">Ynet reporters, \u201cOver 45,000 Holocaust survivors living in poverty in Israel\u201d Ynetnews, April 14, 2015. Accessed July 30, 2016. http:\/\/www.ynetnews.com\/articles\/0,7340,L-4646867,00.html.<span class=\"footnote-back-link-wrapper\">[<a class=\"footnote-link footnote-back-link\" href=\"https:\/\/ujfp.org\/palestine-les-lecons-de-lhistoire-comment-les-supremacismes-sinstallent-2\/#identifier_37_5823\">\u21e7<\/a>]<\/span><\/li>\n<li id=\"footnote_32_5823\" class=\"footnote\">Raf Sanchez, \u201cTens of thousands of Israeli Holocaust survivors are living in abject poverty\u201d The Telegraph, January 27, 2016. Accessed July 30, 2016.\u00a0<a href=\"http:\/\/www.telegraph.co.uk\/news\/worldnews\/middleeast\/israel\/12122754\/Tens-of-thousands-of-Israeli-Holocaust-survivors-are-living-in-abject-poverty.html\" target=\"_blank\" rel=\"noreferrer noopener\">http:\/\/www.telegraph.co.uk\/news\/worldnews\/middleeast\/israel\/12122754\/Tens-of-thousands-of-Israeli-Holocaust-survivors-are-living-in-abject-poverty.html<\/a>.<span class=\"footnote-back-link-wrapper\">[<a class=\"footnote-link footnote-back-link\" href=\"https:\/\/ujfp.org\/palestine-les-lecons-de-lhistoire-comment-les-supremacismes-sinstallent-2\/#identifier_38_5823\">\u21e7<\/a>]<\/span><\/li>\n<li id=\"footnote_33_5823\" class=\"footnote\">\u201cWORLD ZIONIST ORGANISATION \u2013 JEWISH AGENCY<br \/>\n(STATUS) LAW, 5713-1952\u201d Israel Law Resource Center, accessed July 30, 2016, . Citation traduite par l\u2019auteur.<span class=\"footnote-back-link-wrapper\">[<a class=\"footnote-link footnote-back-link\" href=\"https:\/\/ujfp.org\/palestine-les-lecons-de-lhistoire-comment-les-supremacismes-sinstallent-2\/#identifier_39_5823\">\u21e7<\/a>]<\/span><\/li>\n<li id=\"footnote_34_5823\" class=\"footnote\">\n\u201cWORLD ZIONIST ORGANISATION \u2013 JEWISH AGENCY<br \/>\n(STATUS) LAW, 5713-1952\u201d Israel Law Resource Center, accessed July 30, 2016, . Citation traduite par l\u2019auteur.<span class=\"footnote-back-link-wrapper\">[<a class=\"footnote-link footnote-back-link\" href=\"https:\/\/ujfp.org\/palestine-les-lecons-de-lhistoire-comment-les-supremacismes-sinstallent-2\/#identifier_40_5823\">\u21e7<\/a>]<\/span><\/li>\n<li id=\"footnote_35_5823\" class=\"footnote\">WORLD ZIONIST ORGANISATION \u2013 JEWISH AGENCY (STATUS) LAW, 5713-1952\u201d Israel Law Resource Center, accessed July 30, 2016, . Citation traduite par l\u2019auteur.<span class=\"footnote-back-link-wrapper\">[<a class=\"footnote-link footnote-back-link\" href=\"https:\/\/ujfp.org\/palestine-les-lecons-de-lhistoire-comment-les-supremacismes-sinstallent-2\/#identifier_41_5823\">\u21e7<\/a>]<\/span><span class=\"footnote-back-link-wrapper\">[<a class=\"footnote-link footnote-back-link\" href=\"https:\/\/ujfp.org\/palestine-les-lecons-de-lhistoire-comment-les-supremacismes-sinstallent-2\/#identifier_42_5823\">\u21e7<\/a>]<\/span><\/li>\n<li id=\"footnote_36_5823\" class=\"footnote\">\u201cIsrael: A Social Report 2017\u201d (Tel Aviv: January 2018), accessed April 04, 2018. http:\/\/adva.org\/en\/social-report-2017\/.<span class=\"footnote-back-link-wrapper\">[<a class=\"footnote-link footnote-back-link\" href=\"https:\/\/ujfp.org\/palestine-les-lecons-de-lhistoire-comment-les-supremacismes-sinstallent-2\/#identifier_43_5823\">\u21e7<\/a>]<\/span><\/li>\n<li id=\"footnote_37_5823\" class=\"footnote\">Uri Ben-Eliezer,\u00a0<em>The Making of Israeli Militarism<\/em>\u00a0(Bloomington: Indiana University Press, 1998), 178.<span class=\"footnote-back-link-wrapper\">[<a class=\"footnote-link footnote-back-link\" href=\"https:\/\/ujfp.org\/palestine-les-lecons-de-lhistoire-comment-les-supremacismes-sinstallent-2\/#identifier_44_5823\">\u21e7<\/a>]<\/span><\/li>\n<li id=\"footnote_38_5823\" class=\"footnote\">&nbsp;\n<p>\u201cNewly-released UK documents speak of Zionist Nazis, terrorists and savages\u201d. Redress Information &amp; Analysis, April 27, 2013, accessed July 30, 2016.\u00a0<a href=\"http:\/\/www.redressonline.com\/2013\/04\/newly-released-uk-documents-speak-of-zionist-nazis-terrorists-and-savages\/\" target=\"_blank\" rel=\"noreferrer noopener\">http:\/\/www.redressonline.com\/2013\/04\/newly-released-uk-documents-speak-of-zionist-nazis-terrorists-and-savages\/<\/a>.<span class=\"footnote-back-link-wrapper\">[<a class=\"footnote-link footnote-back-link\" href=\"https:\/\/ujfp.org\/palestine-les-lecons-de-lhistoire-comment-les-supremacismes-sinstallent-2\/#identifier_45_5823\">\u21e7<\/a>]<\/span><\/li>\n<li id=\"footnote_39_5823\" class=\"footnote\">&nbsp;\n<p>Jonathan Kaplan, \u201cThe role of the Military in Israel\u201d The Jewish Agency for Israel, last modified April 27, 2015, accessed July 30, 2016,\u00a0<a href=\"http:\/\/www.jewishagency.org\/society-and-politics\/content\/36591\" target=\"_blank\" rel=\"noreferrer noopener\">http:\/\/www.jewishagency.org\/society-and-politics\/content\/36591<\/a>. Citation traduite par l\u2019auteur.<span class=\"footnote-back-link-wrapper\">[<a class=\"footnote-link footnote-back-link\" href=\"https:\/\/ujfp.org\/palestine-les-lecons-de-lhistoire-comment-les-supremacismes-sinstallent-2\/#identifier_46_5823\">\u21e7<\/a>]<\/span><\/li>\n<li id=\"footnote_40_5823\" class=\"footnote\">Jonathan Kaplan, \u201cThe role of the Military in Israel\u201d The Jewish Agency for Israel, last modified April 27, 2015, accessed July 30, 2016,\u00a0<a href=\"http:\/\/www.jewishagency.org\/society-and-politics\/content\/36591\" target=\"_blank\" rel=\"noreferrer noopener\">http:\/\/www.jewishagency.org\/society-and-politics\/content\/36591<\/a>. Citation traduite par l\u2019auteur.<span class=\"footnote-back-link-wrapper\">[<a class=\"footnote-link footnote-back-link\" href=\"https:\/\/ujfp.org\/palestine-les-lecons-de-lhistoire-comment-les-supremacismes-sinstallent-2\/#identifier_47_5823\">\u21e7<\/a>]<\/span><\/li>\n<li id=\"footnote_41_5823\" class=\"footnote\">The Auto Channel. \u201cEdwin Black: 25th Anniversary of Transfer Agreement Pt. 1\u201d. Filmed [2009]. Youtube video, 10:46. Posted [February 2010].\u00a0<a href=\"https:\/\/youtu.be\/Rk24LXer8kw?t=10m46s\" target=\"_blank\" rel=\"noreferrer noopener\">https:\/\/youtu.be\/Rk24LXer8kw?t=10m46s<\/a>. Citation traduite par l\u2019auteur.<span class=\"footnote-back-link-wrapper\">[<a class=\"footnote-link footnote-back-link\" href=\"https:\/\/ujfp.org\/palestine-les-lecons-de-lhistoire-comment-les-supremacismes-sinstallent-2\/#identifier_48_5823\">\u21e7<\/a>]<\/span><\/li>\n<li id=\"footnote_42_5823\" class=\"footnote\">Ghassane Kanafani, La r\u00e9volte de 1936-1939 en Palestine. Arriere-plans, detailles et analyse (Beirut : Institution des recherches arabes, 1972)9. Livre en Arabe. Titre et citation traduites par l\u2019auteur.<span class=\"footnote-back-link-wrapper\">[<a class=\"footnote-link footnote-back-link\" href=\"https:\/\/ujfp.org\/palestine-les-lecons-de-lhistoire-comment-les-supremacismes-sinstallent-2\/#identifier_49_5823\">\u21e7<\/a>]<\/span><\/li>\n<li id=\"footnote_43_5823\" class=\"footnote\">Ludwig Pinner \u201cHaavara\u201d. Jewish Virtual Library, 2008, accessed July 30, 2016, http:\/\/www.jewishvirtuallibrary.org\/jsource\/judaica\/ejud_0002_0008_0_08075.html.<span class=\"footnote-back-link-wrapper\">[<a class=\"footnote-link footnote-back-link\" href=\"https:\/\/ujfp.org\/palestine-les-lecons-de-lhistoire-comment-les-supremacismes-sinstallent-2\/#identifier_50_5823\">\u21e7<\/a>]<\/span><\/li>\n<li id=\"footnote_44_5823\" class=\"footnote\">&nbsp;\n<p>The Auto Channel. \u201cEdwin Black: 25th Anniversary of Transfer Agreement Pt. 1\u201d. Filmed [2009]. Youtube video, 10:46. Posted [February 2010].\u00a0<a href=\"https:\/\/youtu.be\/Alnhw60V3jM?t=6m37s\" target=\"_blank\" rel=\"noreferrer noopener\">https:\/\/youtu.be\/Alnhw60V3jM?t=6m37s<\/a>. Citation traduite par l\u2019auteur.<span class=\"footnote-back-link-wrapper\">[<a class=\"footnote-link footnote-back-link\" href=\"https:\/\/ujfp.org\/palestine-les-lecons-de-lhistoire-comment-les-supremacismes-sinstallent-2\/#identifier_51_5823\">\u21e7<\/a>]<\/span><\/li>\n<li id=\"footnote_45_5823\" class=\"footnote\">Shabtai Teveth,\u00a0<em>Ben-Gurion: The burning ground, 1886-1948<\/em>\u00a0(Boston: Houghton Mifflin, 1987), 171-2. Citation traduite par l\u2019auteur.<span class=\"footnote-back-link-wrapper\">[<a class=\"footnote-link footnote-back-link\" href=\"https:\/\/ujfp.org\/palestine-les-lecons-de-lhistoire-comment-les-supremacismes-sinstallent-2\/#identifier_52_5823\">\u21e7<\/a>]<\/span><\/li>\n<li id=\"footnote_46_5823\" class=\"footnote\">R\u00e9solution de l\u2019Assembl\u00e9e G\u00e9n\u00e9rale 3379 (XXX) Elimination de toutes formes de discrimination raciales, A\/RES\/3379 (XXX) ( 10 Novembre 1975) disponible \u00e0\u00a0<a href=\"https:\/\/documents-dds-ny.un.org\/doc\/RESOLUTION\/GEN\/NR0\/002\/72\/img\/NR000272.pdf?OpenElement\" target=\"_blank\" rel=\"noreferrer noopener\">https:\/\/documents-dds-ny.un.org\/doc\/RESOLUTION\/GEN\/NR0\/002\/72\/img\/NR000272.pdf?OpenElement<\/a><span class=\"footnote-back-link-wrapper\">[<a class=\"footnote-link footnote-back-link\" href=\"https:\/\/ujfp.org\/palestine-les-lecons-de-lhistoire-comment-les-supremacismes-sinstallent-2\/#identifier_53_5823\">\u21e7<\/a>]<\/span><\/li>\n<li id=\"footnote_47_5823\" class=\"footnote\">\u201cRAPPORT DE LA CONFERENCE MONDIALE DE L\u2019ANN\u00c9E INTERNATIONALE DE LA FEMME\u201d (Mexico: 1975) acced\u00e9 au 20 Aout, 2017.\u00a0<a href=\"https:\/\/documents-dds-ny.un.org\/doc\/UNDOC\/GEN\/N76\/353\/97\/PDF\/N7635397.pdf?OpenElement\" target=\"_blank\" rel=\"noreferrer noopener\">https:\/\/documents-dds-ny.un.org\/doc\/UNDOC\/GEN\/N76\/353\/97\/PDF\/N7635397.pdf?OpenElement<\/a><span class=\"footnote-back-link-wrapper\">[<a class=\"footnote-link footnote-back-link\" href=\"https:\/\/ujfp.org\/palestine-les-lecons-de-lhistoire-comment-les-supremacismes-sinstallent-2\/#identifier_56_5823\">\u21e7<\/a>]<\/span><\/li>\n<li id=\"footnote_48_5823\" class=\"footnote\">R\u00e9solution de l\u2019Assemble\u00e9 G\u00e9n\u00e9rale 46\/86, R\u00e9vocation de la R\u00e9solution 3379, A\/RES\/46\/86 (16 D\u00e9cembre 1991) Disponible \u00e0\u00a0<a href=\"https:\/\/documents-dds-ny.un.org\/doc\/RESOLUTION\/GEN\/NR0\/583\/96\/img\/NR058396.pdf?OpenElement\" target=\"_blank\" rel=\"noreferrer noopener\">https:\/\/documents-dds-ny.un.org\/doc\/RESOLUTION\/GEN\/NR0\/583\/96\/img\/NR058396.pdf?OpenElement<\/a><br \/>\n<span class=\"footnote-back-link-wrapper\">[<a class=\"footnote-link footnote-back-link\" href=\"https:\/\/ujfp.org\/palestine-les-lecons-de-lhistoire-comment-les-supremacismes-sinstallent-2\/#identifier_57_5823\">\u21e7<\/a>]<\/span><\/li>\n<\/ol>\n<\/div>\n<\/div>\n<\/div>\n","protected":false},"excerpt":{"rendered":"<p>R\u00e9flexions critiques sur la n\u00e9gation d\u2019un g\u00e9nocide par\u00a0Maxime Cochelin 8 d\u00e9cembre 2025 Le 4 octobre 2025, Yonathan Arfi, pr\u00e9sident du Conseil repr\u00e9sentatif des institutions juives de France (CRIF), s\u2019interroge sur le plateau de\u00a0franceinfo\u00a0: \u00ab\u00a0Mais je ne comprendrai jamais l\u2019inversion morale qui vise \u00e0 accuser Isra\u00ebl de g\u00e9nocide. D\u2019accuser l\u2019\u00c9tat refuge des r\u00e9fugi\u00e9s de la Shoah &#8230; <a title=\"Qui \u00ab\u00a0nazifie Isra\u00ebl\u00a0\u00bb\u00a0?\" class=\"read-more\" href=\"https:\/\/bruxelles-pantheres.be\/?p=6608\" aria-label=\"En savoir plus sur Qui \u00ab\u00a0nazifie Isra\u00ebl\u00a0\u00bb\u00a0?\">Lire la suite<\/a><\/p>\n","protected":false},"author":1,"featured_media":5804,"comment_status":"open","ping_status":"open","sticky":false,"template":"","format":"standard","meta":{"footnotes":""},"categories":[21,36,6,28],"tags":[659,203],"class_list":["post-6608","post","type-post","status-publish","format-standard","has-post-thumbnail","hentry","category-anti-imperialisme","category-europe","category-palestine-moyen-orient","category-racismes","tag-nazi","tag-sionisme"],"_links":{"self":[{"href":"https:\/\/bruxelles-pantheres.be\/index.php?rest_route=\/wp\/v2\/posts\/6608","targetHints":{"allow":["GET"]}}],"collection":[{"href":"https:\/\/bruxelles-pantheres.be\/index.php?rest_route=\/wp\/v2\/posts"}],"about":[{"href":"https:\/\/bruxelles-pantheres.be\/index.php?rest_route=\/wp\/v2\/types\/post"}],"author":[{"embeddable":true,"href":"https:\/\/bruxelles-pantheres.be\/index.php?rest_route=\/wp\/v2\/users\/1"}],"replies":[{"embeddable":true,"href":"https:\/\/bruxelles-pantheres.be\/index.php?rest_route=%2Fwp%2Fv2%2Fcomments&post=6608"}],"version-history":[{"count":1,"href":"https:\/\/bruxelles-pantheres.be\/index.php?rest_route=\/wp\/v2\/posts\/6608\/revisions"}],"predecessor-version":[{"id":6609,"href":"https:\/\/bruxelles-pantheres.be\/index.php?rest_route=\/wp\/v2\/posts\/6608\/revisions\/6609"}],"wp:featuredmedia":[{"embeddable":true,"href":"https:\/\/bruxelles-pantheres.be\/index.php?rest_route=\/wp\/v2\/media\/5804"}],"wp:attachment":[{"href":"https:\/\/bruxelles-pantheres.be\/index.php?rest_route=%2Fwp%2Fv2%2Fmedia&parent=6608"}],"wp:term":[{"taxonomy":"category","embeddable":true,"href":"https:\/\/bruxelles-pantheres.be\/index.php?rest_route=%2Fwp%2Fv2%2Fcategories&post=6608"},{"taxonomy":"post_tag","embeddable":true,"href":"https:\/\/bruxelles-pantheres.be\/index.php?rest_route=%2Fwp%2Fv2%2Ftags&post=6608"}],"curies":[{"name":"wp","href":"https:\/\/api.w.org\/{rel}","templated":true}]}}