{"id":6610,"date":"2026-02-15T08:15:36","date_gmt":"2026-02-15T07:15:36","guid":{"rendered":"https:\/\/bruxelles-pantheres.be\/?p=6610"},"modified":"2026-02-10T08:24:12","modified_gmt":"2026-02-10T07:24:12","slug":"gaza-a-libere-la-conscience-mondiale","status":"publish","type":"post","link":"https:\/\/bruxelles-pantheres.be\/?p=6610","title":{"rendered":"Gaza a lib\u00e9r\u00e9 la conscience mondiale."},"content":{"rendered":"<div class=\"elementor-element elementor-element-c5838dc e-flex e-con-boxed e-con e-parent e-lazyloaded\" data-id=\"c5838dc\" data-element_type=\"container\" data-e-type=\"container\">\n<div class=\"e-con-inner\">\n<div class=\"elementor-element elementor-element-d545a00 e-con-full e-flex e-con e-child\" data-id=\"d545a00\" data-element_type=\"container\" data-e-type=\"container\">\n<div class=\"elementor-element elementor-element-9b9d25d e-con-full e-flex e-con e-child\" data-id=\"9b9d25d\" data-element_type=\"container\" data-e-type=\"container\">\n<div class=\"elementor-element elementor-element-666624e e-con-full e-flex e-con e-child\" data-id=\"666624e\" data-element_type=\"container\" data-e-type=\"container\">\n<div class=\"elementor-element elementor-element-1d3ccec elementor-widget elementor-widget-theme-post-title elementor-page-title elementor-widget-heading\" data-id=\"1d3ccec\" data-element_type=\"widget\" data-e-type=\"widget\" data-widget_type=\"theme-post-title.default\">\n<h2 class=\"elementor-heading-title elementor-size-default\">Entretien avec Marwan Abdel Aal<\/h2>\n<\/div>\n<div class=\"elementor-element elementor-element-80ccbf4 elementor-widget elementor-widget-theme-post-excerpt\" data-id=\"80ccbf4\" data-element_type=\"widget\" data-e-type=\"widget\" data-widget_type=\"theme-post-excerpt.default\">Ancien porte-parole du Front populaire de lib\u00e9ration de la Palestine (FPLP) au Liban, Marwan Abdel Aal revient sur la guerre g\u00e9nocidaire que m\u00e8ne l&rsquo;Etat colonial d&rsquo;Isra\u00ebl \u00e0 Gaza, et sur le r\u00f4le du FPLP en Palestine et au Liban.<\/div>\n<\/div>\n<div class=\"elementor-element elementor-element-f94de79 e-con-full e-flex e-con e-child\" data-id=\"f94de79\" data-element_type=\"container\" data-e-type=\"container\">\n<div class=\"elementor-element elementor-element-4f2e3b4 elementor-widget elementor-widget-heading\" data-id=\"4f2e3b4\" data-element_type=\"widget\" data-e-type=\"widget\" data-widget_type=\"heading.default\"><span class=\"elementor-heading-title elementor-size-default\">par <\/span>Chris Den Hond,\u00a0Marwan Abdel Aal<\/div>\n<\/div>\n<\/div>\n<div class=\"elementor-element elementor-element-b8f7035 e-con-full e-flex e-con e-child\" data-id=\"b8f7035\" data-element_type=\"container\" data-e-type=\"container\">\n<div class=\"elementor-element elementor-element-2821e08 e-con-full e-flex e-con e-child\" data-dce-background-image-url=\"https:\/\/www.contretemps.eu\/wp-content\/uploads\/PALESTINE-GAZA-UNE.jpg\" data-id=\"2821e08\" data-element_type=\"container\" data-e-type=\"container\" data-settings=\"{&quot;background_background&quot;:&quot;classic&quot;}\"><\/div>\n<\/div>\n<\/div>\n<\/div>\n<\/div>\n<div class=\"elementor-element elementor-element-298886f e-flex e-con-boxed e-con e-parent e-lazyloaded\" data-id=\"298886f\" data-element_type=\"container\" data-e-type=\"container\">\n<div class=\"e-con-inner\">\n<div class=\"elementor-element elementor-element-5ca496c e-con-full e-flex e-con e-child\" data-id=\"5ca496c\" data-element_type=\"container\" data-e-type=\"container\">\n<div class=\"elementor-element elementor-element-390290e elementor-widget elementor-widget-theme-post-content\" data-id=\"390290e\" data-element_type=\"widget\" data-e-type=\"widget\" data-widget_type=\"theme-post-content.default\">\n<p><em>Marwan Abdel Aal a \u00e9t\u00e9 porte-parole du Front populaire de lib\u00e9ration de la Palestine (FPLP) au Liban, et il est aujourd\u2019hui membre de son bureau politique. Il \u00e9crit r\u00e9guli\u00e8rement dans les colonnes de la revue du FPLP,\u00a0<\/em>al-Hadaf<em>(la Cible), et pour le quotidien libanais\u00a0<\/em>al-Akhbar<em>. Il est \u00e9galement l\u2019auteur de nombreux romans et nouvelles.<\/em><\/p>\n<p><em>Organisation palestinienne, arabiste et marxiste, le FPLP est fond\u00e9 en 1967. Il est issu du Mouvement des Nationalistes arabes (MNA), et de la fusion de diff\u00e9rents groupes arm\u00e9s actifs en Palestine et dans la diaspora dans les ann\u00e9es 1960\u00a0: les H\u00e9ros du retour (Abtal al-\u2018Awda), les Jeunes de la revanche (Shabab al-Tha\u2019ar), le Front de lib\u00e9ration palestinien (FLP).<\/em><\/p>\n<p><em>Son premier secr\u00e9taire g\u00e9n\u00e9ral,\u00a0<a href=\"https:\/\/www.contretemps.eu\/notre-morale-revolution-palestine-fplp-george-habash\/\">George Habache,<\/a>\u00a0est d\u00e9c\u00e9d\u00e9 en 2008. En 2000, il avait laiss\u00e9 les r\u00eanes du parti \u00e0 Abou Ali Mustapha (Mustapha al-Zabri), lequel a \u00e9t\u00e9 assassin\u00e9 par l\u2019arm\u00e9e isra\u00e9lienne \u00e0 al-Bireh (Cisjordanie), le 27 aout 2001. Lui succ\u00e8de au poste de secr\u00e9taire g\u00e9n\u00e9ral Ahmad Saadat. Incarc\u00e9r\u00e9 d\u2019abord par l\u2019Autorit\u00e9 palestinienne en 2002, puis par Isra\u00ebl depuis 2006, Saadat a \u00e9t\u00e9 l\u2019objet de longues tractations entre Isra\u00ebl, le Hamas et les n\u00e9gociateurs r\u00e9gionaux (Qatar, Egypte) pour sa lib\u00e9ration aux-c\u00f4t\u00e9s de Marwan Barghouti (Fatah) depuis le 7 octobre 2023, sans succ\u00e8s.<\/em><\/p>\n<\/div>\n<\/div>\n<\/div>\n<\/div>\n<p><!--more--><\/p>\n<div class=\"elementor-element elementor-element-c5838dc e-flex e-con-boxed e-con e-parent e-lazyloaded\" data-id=\"c5838dc\" data-element_type=\"container\" data-e-type=\"container\">\n<div class=\"e-con-inner\">\n<div class=\"elementor-element elementor-element-d545a00 e-con-full e-flex e-con e-child\" data-id=\"d545a00\" data-element_type=\"container\" data-e-type=\"container\">\n<div class=\"elementor-element elementor-element-9b9d25d e-con-full e-flex e-con e-child\" data-id=\"9b9d25d\" data-element_type=\"container\" data-e-type=\"container\">\n<div class=\"elementor-element elementor-element-7074f3b e-con-full e-flex e-con e-child\" data-id=\"7074f3b\" data-element_type=\"container\" data-e-type=\"container\">\n<div class=\"elementor-element elementor-element-efd8595 elementor-widget elementor-widget-heading\" data-id=\"efd8595\" data-element_type=\"widget\" data-e-type=\"widget\" data-widget_type=\"heading.default\"><\/div>\n<div class=\"elementor-element elementor-element-c480319 elementor-widget elementor-widget-heading\" data-id=\"c480319\" data-element_type=\"widget\" data-e-type=\"widget\" data-widget_type=\"heading.default\"><a href=\"https:\/\/bruxelles-pantheres.be\/wp-content\/uploads\/2026\/02\/images.jpg\"><img decoding=\"async\" class=\"wp-image-6611 aligncenter\" src=\"https:\/\/bruxelles-pantheres.be\/wp-content\/uploads\/2026\/02\/images.jpg\" alt=\"\" width=\"677\" height=\"516\" \/><\/a><\/div>\n<\/div>\n<div class=\"elementor-element elementor-element-666624e e-con-full e-flex e-con e-child\" data-id=\"666624e\" data-element_type=\"container\" data-e-type=\"container\">\n<div class=\"elementor-element elementor-element-1d3ccec elementor-widget elementor-widget-theme-post-title elementor-page-title elementor-widget-heading\" data-id=\"1d3ccec\" data-element_type=\"widget\" data-e-type=\"widget\" data-widget_type=\"theme-post-title.default\"><\/div>\n<\/div>\n<\/div>\n<\/div>\n<\/div>\n<\/div>\n<div class=\"elementor-element elementor-element-298886f e-flex e-con-boxed e-con e-parent e-lazyloaded\" data-id=\"298886f\" data-element_type=\"container\" data-e-type=\"container\">\n<div class=\"e-con-inner\">\n<div class=\"elementor-element elementor-element-5ca496c e-con-full e-flex e-con e-child\" data-id=\"5ca496c\" data-element_type=\"container\" data-e-type=\"container\">\n<div class=\"elementor-element elementor-element-390290e elementor-widget elementor-widget-theme-post-content\" data-id=\"390290e\" data-element_type=\"widget\" data-e-type=\"widget\" data-widget_type=\"theme-post-content.default\">\n<p class=\"has-text-align-center\">***<\/p>\n<p><strong>Chris den Hond : Aujourd\u2019hui, apr\u00e8s le cessez-le-feu du 10 octobre 2025 \u00e0 Gaza et la mise-en-place progressive du \u2018Plan Trump\u2019 en vingt points, les bombardements isra\u00e9liens continuent, en une forme de guerre de basse ou de moyenne intensit\u00e9.\u00a0On pourrait en dire autant du Liban ou la politique agressive isra\u00e9lienne n\u2019a pas cess\u00e9 depuis le cessez-le-feu de novembre 2024. Comment voyez-vous la politique isra\u00e9lienne actuellement\u00a0?\u00a0<\/strong><\/p>\n<p>Premi\u00e8rement, Isra\u00ebl joue aujourd\u2019hui le r\u00f4le d\u2019avant-garde militaire coloniale et r\u00e9gionale pour lequel il se pr\u00e9parait depuis longtemps. Isra\u00ebl d\u00e9montre \u00e0 ses soutiens imp\u00e9rialistes et coloniaux qu\u2019il est toujours capable d\u2019accomplir la fonction pour laquelle il a \u00e9t\u00e9 cr\u00e9\u00e9, dans un monde en pleine mutation. Ainsi, Isra\u00ebl cherche \u00e0 justifier sa place dans un projet imp\u00e9rialiste dont il constitue l\u2019un des piliers.<\/p>\n<p>L\u2019\u00e9largissement de sa guerre \u00e0 la r\u00e9gion presque enti\u00e8re en est une preuve, car les Isra\u00e9liens parlent aujourd\u2019hui d\u2019une guerre sur sept fronts\u00a0: Gaza, Cisjordanie, Liban, Irak, Syrie, Y\u00e9men et Iran. Il s\u2019efforce d\u2019accomplir cette fonction d\u2019avant-garde militaire du projet imp\u00e9rialiste. Dans le m\u00eame temps, Isra\u00ebl a raviv\u00e9 la question de sa propre r\u00e9alit\u00e9 : la r\u00e9alit\u00e9 isra\u00e9lienne est-elle r\u00e9ellement celle d\u2019un \u00ab \u00c9tat victime \u00bb, comme il le pr\u00e9tend, ou celle d\u2019une avant-garde coloniale et militaire d\u2019un projet imp\u00e9rialiste qui vise toute la r\u00e9gion, et m\u00eame au-del\u00e0 ?<\/p>\n<p>Qu\u2019en est-il maintenant de la r\u00e9sistance ? Isra\u00ebl n\u2019a, jusqu\u2019\u00e0 pr\u00e9sent, pas r\u00e9ussi \u00e0 briser la conscience du peuple palestinien, la conscience de sa r\u00e9sistance, ni sa volont\u00e9. Le 7 octobre constitue une explosion historique, qui n\u2019aurait pas eu lieu sans de grandes causes et des pr\u00e9mices profondes.<\/p>\n<p>Ces pr\u00e9mices ne doivent pas \u00eatre observ\u00e9es uniquement dans le temps imm\u00e9diat, mais dans un contexte historique plus large : un peuple sous occupation, sous blocus, pourchass\u00e9 quotidiennement, arrach\u00e9 \u00e0 sa terre, subissant toutes les formes d\u2019agressions possibles. Ainsi, quand on parle du 7 octobre, sans cette mise en perspective, on fait un raccourci, et je ne peux pas dissocier le 7 octobre de ce contexte. Quiconque veut comprendre ce jour doit le consid\u00e9rer comme une cons\u00e9quence, non comme une cause.<\/p>\n<p>Au Front populaire, nous consid\u00e9rons que la responsabilit\u00e9 fondamentale de toutes les injustices subies par le peuple palestinien et par l\u2019ensemble de la r\u00e9gion est li\u00e9e \u00e0 l\u2019existence m\u00eame de cette occupation. Ainsi, notre contradiction principale est avec l\u2019occupation, et non avec une autre force politique. Pour nous, cette occupation fait partie d\u2019un projet plus large visant l\u2019ensemble de la r\u00e9gion. Il est donc naturel que, dans une telle phase, cette contradiction principale soit plac\u00e9e au centre de notre action. Nous ne pouvons ni \u00eatre neutres, ni rester spectateurs.<\/p>\n<p><strong>Chris den Hond : Le FPLP n\u2019a pas particip\u00e9 \u00e0 la d\u00e9cision initiale des attaques du 7 octobre, mais il a en l\u2019occurrence particip\u00e9, sous diverses formes, \u00e0 la r\u00e9sistance \u00e0 Gaza. Quel a \u00e9t\u00e9 le r\u00f4le du FPLP depuis deux ans \u00e0 Gaza\u00a0?\u00a0<\/strong><\/p>\n<p>Avant le 7 octobre 2023, les Brigades Abou Ali Mustapha, branche arm\u00e9e du FPLP, faisaient parties d\u2019une chambre d\u2019op\u00e9ration militaire commune aux c\u00f4t\u00e9s de toutes les factions palestiniennes, sans exception, dans la bande de Gaza. Avec la s\u00e9quence ouverte par le 7 octobre, le Front populaire a refus\u00e9 d\u2019\u00eatre un spectateur, et nous avons particip\u00e9 aux combats. Mais cette pr\u00e9sence ne s\u2019est pas limit\u00e9e \u00e0 la r\u00e9sistance arm\u00e9e : elle s\u2019est exerc\u00e9e sous toutes ses formes \u2014 politiques, sociales, humanitaires, m\u00e9dicales \u2014 et sur tous les fronts de la r\u00e9sistance.<\/p>\n<p>C\u2019est pourquoi cette pr\u00e9sence du FPLP est reconnue par toutes les autres factions palestiniennes. Nous avons des camarades tomb\u00e9s en martyrs \u00e0 Gaza \u2013 mais aussi au Liban- et nous avons pay\u00e9 un lourd tribut pour affronter cette agression qui reposait d\u00e8s le d\u00e9part sur une volont\u00e9 de vengeance.\u00a0La cible de cette vengeance isra\u00e9lienne n\u2019\u00e9tait pas seulement le Hamas, mais le peuple palestinien dans son ensemble \u2014 et le FPLP fait partie de ce peuple. Il s\u2019agit d\u2019une volont\u00e9 d\u2019\u00e9radiquer la r\u00e9sistance \u2014 et le Front fait partie de cette r\u00e9sistance.<\/p>\n<p>Il s\u2019agit surtout d\u2019une volont\u00e9 de mener un changement d\u00e9mographique, un nettoyage ethnique dans la bande de Gaza. Il \u00e9tait donc de notre devoir de s\u2019engager pleinement dans le combat face \u00e0 cette agression.<\/p>\n<div class=\"wp-block-spacer\" aria-hidden=\"true\"><\/div>\n<p><strong>Chris den Hond\u00a0: Le FPLP a-t-il particip\u00e9 de mani\u00e8re directe ou indirecte aux n\u00e9gociations de Charm-el-Cheikh en Egypte d\u2019octobre 2025, qui ont conduit \u00e0 l\u2019entr\u00e9e dans la premi\u00e8re phase d\u2019un cessez-le-feu sur la base du Plan Trump en vingt points\u00a0?\u00a0<\/strong><\/p>\n<p>Jamil Mizhar, secr\u00e9taire-g\u00e9n\u00e9ral adjoint du FPLP, \u00e9tait pr\u00e9sent en Egypte pour les n\u00e9gociations, aux c\u00f4t\u00e9s de\u00a0Muhammad al-Hindi, secr\u00e9taire-g\u00e9n\u00e9ral adjoint du Mouvement du Jihad islamique en Palestine, et de Khalil al-Hayyeh, n\u00e9gociateur en chef du Hamas.<\/p>\n<p>Le Hamas, le Jihad islamique et le FPLP ont \u00e9mis un communiqu\u00e9 tripartite le 10 octobre 2025, le jour de l\u2019entr\u00e9e en vigueur de la premi\u00e8re phase de cessez-le-feu. Les trois organisations rappelaient les revendications fondamentales que sont la lev\u00e9e du blocus, le retrait total des troupes isra\u00e9liennes de la bande de Gaza, la fin de la guerre, mais aussi le refus de toute ing\u00e9rence \u00e9trang\u00e8re dans la bande de Gaza.<\/p>\n<p>Mais la pr\u00e9sence du Front dans le dossier des n\u00e9gociations n\u2019est un cadeau de personne. Elle n\u2019est pas non plus le r\u00e9sultat d\u2019une bonne relation avec le Hamas, avec le Jihad ou d\u2019autres factions.\u00a0Le Front a obtenu sa place parce qu\u2019il a une pr\u00e9sence r\u00e9elle sur le terrain. Sans cette pr\u00e9sence, notre nom serait pass\u00e9 inaper\u00e7u comme d\u2019autres.\u00a0Le processus concernant les n\u00e9gociations a commenc\u00e9 par des consultations entre les diff\u00e9rentes factions palestiniennes.<\/p>\n<p>Nous avons fait pression pour qu\u2019il y ait une d\u00e9l\u00e9gation de n\u00e9gociation unifi\u00e9e, plus large que le seul cercle des trois factions (Hamas, MJIP, FPLP). Mais en raison du d\u00e9s\u00e9quilibre structurel de la sc\u00e8ne palestinienne, les consultations se sont r\u00e9v\u00e9l\u00e9es parfois limit\u00e9es, et la d\u00e9cision revenait souvent en grande partie au Hamas. Parfois, certains des avis formul\u00e9s par le Front populaire \u00e9taient pris en consid\u00e9ration.<\/p>\n<div class=\"wp-block-spacer\" aria-hidden=\"true\"><\/div>\n<p><strong>Chris den Hond\u00a0: Que s\u2019est-il pass\u00e9 apr\u00e8s les n\u00e9gociations de Charm-el-Cheikh d\u2019octobre 2025\u00a0?\u00a0<\/strong><\/p>\n<p>Au moment de la signature des accords de Charm-el-Cheikh, le Front populaire, toutes les factions, et surtout notre peuple, \u00e9taient confront\u00e9s \u00e0 une priorit\u00e9 majeure : mettre fin au g\u00e9nocide, mettre un terme \u00e0 cette brutalit\u00e9 qu\u2019Isra\u00ebl exer\u00e7ait avec le soutien des \u00c9tats-Unis dans la mise en \u0153uvre de ce plan insens\u00e9 visant la bande de Gaza. C\u2019\u00e9tait donc la priorit\u00e9 absolue, et dans ce cadre, la question du calendrier du cessez-le-feu \u00e9tait l\u2019enjeu central.<\/p>\n<p>Cela signifie-t-il que les accords de Charm-el-Cheikh ont mis un terme \u00e0 la guerre \u00e0 Gaza ? Peut-\u00eatre que le g\u00e9nocide \u00ab chaud \u00bb s\u2019est arr\u00eat\u00e9, et ce serait un acquis majeur.\u00a0Mais\u00a0il pourrait y avoir maintenant ce que j\u2019appelle un \u00ab g\u00e9nocide froid \u00bb, un g\u00e9nocide qui peut se manifester sous diverses formes.\u00a0La population de Gaza pourrait ressentir un certain soulagement, m\u00eame partiel, mais de nombreuses formes de mise \u00e0 mort et de si\u00e8ge se poursuivent encore aujourd\u2019hui.\u00a0Isra\u00ebl cherche \u00e0 engranger des victoires politiques qu\u2019il n\u2019a peut-\u00eatre pas pu obtenir militairement \u00e0 travers cet accord.<\/p>\n<p>Maintenant, la r\u00e9solution du Conseil de s\u00e9curit\u00e9 de l\u2019ONU de novembre 2025, vot\u00e9e avec l\u2019abstention de la Russie et de la Chine, et qui ent\u00e9rine le Plan Trump en vingt points, nous place face \u00e0 un nouveau type de contradiction. Quels sont les risques majeurs que le plan Trump et la derni\u00e8re r\u00e9solution du Conseil de s\u00e9curit\u00e9 font peser sur la Palestine ?\u00a0L\u2019\u00e9l\u00e9ment central de la r\u00e9solution 2803 r\u00e9side dans l\u2019id\u00e9e d\u2019imposer une tutelle, un mandat international sur Gaza \u00e0-travers l\u2019imposition d\u2019un Conseil de Paix pr\u00e9sid\u00e9 par l\u2019ancien premier Ministre britannique Tony Blair.<\/p>\n<p>C\u2019est une tutelle dont la mission consiste \u00e0 saper le droit du peuple palestinien \u00e0 l\u2019autod\u00e9termination, \u00e0\u00a0\u00a0s\u00e9parer Gaza de la Cisjordanie, et qui ne mentionne ni l\u2019occupation ni la colonisation en Cisjordanie.\u00a0La r\u00e9solution 2803 vide notre cause de sa dimension lib\u00e9ratrice. Elle place par ailleurs tous les aspects humanitaires, comme la reconstruction, sous la pression permanente du chantage international. Les dangers r\u00e9els sont l\u00e0. Elle parle du d\u00e9sarmement de la bande de Gaza, ce qui rappelle fortement la question du d\u00e9sarmement des armes de destruction massive en Irak en 2003 \u2014 devenu \u00e0 l\u2019\u00e9poque un pr\u00e9texte pour occuper l\u2019Irak.<\/p>\n<p>Mais il y a aussi certaines contradictions dans la r\u00e9solution 2803, peut-\u00eatre destin\u00e9es \u00e0 satisfaire les diff\u00e9rents acteurs ayant soutenu la r\u00e9solution.\u00a0Par exemple, il est fait mention de\u00a0\u00a0la cr\u00e9ation d\u2019un \u00c9tat palestinien \u2014 m\u00eame si cela reste tr\u00e8s limit\u00e9 \u2014 ainsi qu\u2019\u00e0 une administration palestinienne compos\u00e9e des technocrates \u00e0 Gaza, sous la forme d\u2019une Autorit\u00e9 de gouvernance transitionnelle\u00a0\u00a0ou d\u2019un Comit\u00e9 technocratique apolitique, mais sans cadre clairement d\u00e9fini, renvoyant \u00e0 des r\u00e9f\u00e9rences internationales floues.<\/p>\n<p>Ainsi, plusieurs \u00c9tats arabes ont certes approuv\u00e9 la r\u00e9solution 2803, mais c\u2019est surtout faute de pouvoir s\u2019opposer aux Etats-Unis sur le sujet. Ces m\u00eames \u00c9tats arabes reconnaissent que la r\u00e9solution comporte des failles, qui pourraient permettre selon eux de d\u00e9velopper des m\u00e9canismes divergents de ceux qu\u2019Isra\u00ebl cherche \u00e0 imposer.\u00a0Ce sont\u00a0tous ces aspects essentiels qui doivent \u00eatre abord\u00e9s dans une bataille politique claire, ainsi que dans un travail de mobilisation de l\u2019opinion publique, d\u2019abord palestinienne \u2014 ce qui repr\u00e9sente une responsabilit\u00e9 immense \u2014 mais aussi arabe.<\/p>\n<div class=\"wp-block-spacer\" aria-hidden=\"true\"><\/div>\n<p><strong>Chris den Hond\u00a0: Entre 2023 et 2025, la guerre avec Isra\u00ebl s\u2019est \u00e9largie \u00e0 de nombreux fronts\u00a0:\u00a0\u00a0la Syrie, l\u2019Iran, le Y\u00e9men, dans une moindre mesure l\u2019Irak. Et bien entendu le Liban. Comment \u00e9valuez-vous le bilan de \u00ab\u00a0l\u2019axe de la r\u00e9sistance\u00a0\u00bb et des alli\u00e9s r\u00e9gionaux des Palestiniens (Iran, Hezbollah au Liban, Ansar Allah au Yemen, brigades chiites irakiennes, etc.)\u00a0?<\/strong><\/p>\n<p>Il existe effectivement depuis longtemps un \u00ab\u00a0axe de la r\u00e9sistance\u00a0\u00bb r\u00e9gional face \u00e0 Isra\u00ebl. Et, en tant que FPLP, nous avons toujours d\u00e9fendu cette id\u00e9e d\u2019un camp de la r\u00e9sistance r\u00e9gional, et que la nature de l\u2019affrontement avec Isra\u00ebl ne doit pas \u00eatre r\u00e9duite \u00e0 la seule r\u00e9sistance palestinienne.\u00a0Nous avons toujours cru qu\u2019il existait des r\u00e9sistances arabes et r\u00e9gionales capables de contribuer \u00e0 combattre l\u2019ennemi isra\u00e9lien.<\/p>\n<p>Pourquoi ? Parce que \u2014 et cela n\u2019a pas toujours \u00e9t\u00e9 pleinement compris \u2014 la Palestine n\u2019est pas une bataille isol\u00e9e : elle est la pierre angulaire d\u2019un projet sioniste qui vise l\u2019ensemble de la r\u00e9gion. Soutenir la Palestine, c\u2019est aussi se d\u00e9fendre soi-m\u00eame.\u00a0Les objectifs isra\u00e9liens \u2014 qu\u2019on ose d\u00e9sormais \u00e9noncer ouvertement \u2014 en t\u00e9moignent : le \u00ab Grand Isra\u00ebl \u00bb, les Accords d\u2019Abraham, la mise au pas de la r\u00e9gion et sa reconfiguration.\u00a0Tout cela ne vise pas uniquement Gaza ; cette reconfiguration concerne tout le monde.\u00a0C\u2019est donc le devoir de tous de s\u2019y opposer.<\/p>\n<p>L\u2019axe a-t-il r\u00e9ellement fonctionn\u00e9 comme il le devrait ?\u00a0\u00c0 mon avis, il a assum\u00e9 son r\u00f4le sur le plan moral, et cela force le respect.\u00a0Y\u00a0a-t-il eu des failles ? C\u2019est \u00e0 la r\u00e9sistance de l\u2019\u00e9valuer.\u00a0Existe-t-il de nouvelles formes que pourrait prendre la r\u00e9sistance dans l\u2019avenir ? Je pense qu\u2019elle peut tirer beaucoup de le\u00e7ons \u2014 parce que la volont\u00e9 et la conscience de l\u2019id\u00e9e m\u00eame de r\u00e9sistance sont toujours fortement pr\u00e9sentes.\u00a0Si certains pensent le contraire, ils se trompent.\u00a0\u00c0\u00a0mesure que Isra\u00ebl intensifie ses agressions et son expansion, les germes de la r\u00e9sistance poussent dans d\u2019avantage d\u2019endroits.<\/p>\n<p>En parall\u00e8le, notre pari ne repose pas sur le r\u00f4le ou la nature des r\u00e9gimes arabes.\u00a0La majorit\u00e9 de\u00a0ces r\u00e9gimes se sont align\u00e9s sur les Etats-Unis depuis longtemps ; ils sont en dehors du champ du combat, et il ne faut pas croire qu\u2019ils viennent de changer de camp. C\u2019est pourquoi nous affirmons toujours que la r\u00e9sistance palestinienne ne doit pas \u00eatre laiss\u00e9e seule.\u00a0Il existe diff\u00e9rentes formes de r\u00e9sistance \u2014 arm\u00e9e, populaire, r\u00e9sistance \u00e0 la normalisation \u2014 bref, toutes les formes possibles de r\u00e9sistance \u00e0 l\u2019expansion coloniale.<\/p>\n<p>C\u2019est un devoir pour les peuples arabes, mais aussi pour les peuples libres du monde, de s\u2019inscrire dans cette r\u00e9sistance.\u00a0Car notre lutte pour la lib\u00e9ration nationale s\u2019inscrit d\u00e9sormais dans une lutte\u00a0mondiale, dans un face-\u00e0-face avec l\u2019imp\u00e9rialisme et la sauvagerie qu\u2019il exerce aujourd\u2019hui \u00e0 l\u2019\u00e9chelle internationale.<\/p>\n<div class=\"wp-block-spacer\" aria-hidden=\"true\"><\/div>\n<p><strong>Chris den Hond\u00a0: Venons-en maintenant \u00e0 la question de la gauche palestinienne. Elle reste tr\u00e8s divis\u00e9e entre le FPLP, le Front d\u00e9mocratique pour la lib\u00e9ration de la Palestine (FDLP), le Parti du peuple palestinien (PPP, ancien parti communiste), l\u2019Union d\u00e9mocratique palestinienne (Fida), etc\u2026 Quelles sont les perspectives d\u2019unit\u00e9 \u00e0 la gauche du spectre politique palestinien\u00a0?\u00a0<\/strong><\/p>\n<p>\u00c0 mon sens, la question de l\u2019unit\u00e9 de la gauche palestinienne est une question th\u00e9orique, et elle ne r\u00e9pond pas \u00e0 la r\u00e9alit\u00e9 palestinienne actuelle.<strong>\u00a0<\/strong>Car nous\u00a0sommes d\u2019abord engag\u00e9s dans une lutte de lib\u00e9ration nationale. Et malheureusement, une partie importante de la gauche est gagn\u00e9e par la droite, c\u2019est-\u00e0-dire par les structures dirigeantes actuelles de l\u2019Autorit\u00e9 nationale palestinienne et de l\u2019OLP depuis les accords d\u2019Oslo de 1993.<\/p>\n<p>L\u2019Autorit\u00e9 nationale palestinienne \u2013 la droite \u2013 est parvenue \u00e0 entra\u00eener une partie de la gauche vers ses propres structures. C\u2019est un v\u00e9ritable probl\u00e8me. Aujourd\u2019hui, la nature de l\u2019Autorit\u00e9 palestinienne est en mutation. Elle est en train de devenir une entit\u00e9 r\u00e9duite, aux fonctions s\u00e9curitaires fragment\u00e9es et affaiblies. Et elle est d\u00e9sormais en dehors du cadre d\u2019un mouvement de lib\u00e9ration nationale.<\/p>\n<p>Nous affirmons souvent qu\u2019il nous faut une strat\u00e9gie unifi\u00e9e. Et l\u2019essentiel est de savoir si nous avons un objectif commun. Sommes-nous unis sur l\u2019objectif ? Ensuite vient la question de la mani\u00e8re d\u2019y parvenir : quelles sont les tactiques pour atteindre cet objectif ?\u00a0Or, il existe des divergences sur l\u2019objectif m\u00eame, et sur l\u2019ordre des priorit\u00e9s.<\/p>\n<p>Certains estiment que la lutte de lib\u00e9ration nationale est l\u2019objectif.\u00a0Et\u00a0certains consid\u00e8rent que construire un syst\u00e8me politique palestinien repr\u00e9sentatif \u2013 l\u2019Autorit\u00e9 nationale palestinienne \u2013 sous occupation est l\u2019objectif.\u00a0Dans ce cas, la repr\u00e9sentation politique au sein des structures de l\u2019Autorit\u00e9 devient parfois plus importante que la patrie elle-m\u00eame, alors que celle-ci se fait absorber par l\u2019annexion, la colonisation, l\u2019oppression et l\u2019expulsion\u2026<\/p>\n<p>Certains peuvent tr\u00e8s bien adopter officiellement une strat\u00e9gie de lib\u00e9ration, puis, en pratique, se retrouver int\u00e9gr\u00e9s \u00e0 une strat\u00e9gie de d\u00e9pendance \u00e0 l\u2019Autorit\u00e9 palestinienne \u2014 une d\u00e9pendance dans les d\u00e9cisions, l\u2019argent, la vie quotidienne, la s\u00e9curit\u00e9, l\u2019\u00e9conomie\u2026<\/p>\n<p>Et pourtant, l\u2019obsession de certains demeurent : l\u2019obsession de la question de la repr\u00e9sentation, des structures repr\u00e9sentatives palestiniennes, ou m\u00eame la question d\u2019une \u2018Constitution\u2019 palestinienne. Aujourd\u2019hui, les Fran\u00e7ais et Emmanuel Macron ont officiellement propos\u00e9 aux Palestiniens de les aider \u00e0 \u00e9crire leur Constitution\u2026. Est-ce que tout cela est s\u00e9rieux\u00a0? Honn\u00eatement, tout cela est de la fiction \u2014\u00a0\u00a0et un sc\u00e9nario totalement d\u00e9connect\u00e9 de la r\u00e9alit\u00e9.<\/p>\n<p>Nous ne misons donc pas sur cela \u2013 la question th\u00e9orique de l\u2019unit\u00e9 des forces de gauche. Nous misons plut\u00f4t sur la naissance possible d\u2019un nouveau mouvement national palestinien.<\/p>\n<div class=\"wp-block-spacer\" aria-hidden=\"true\"><\/div>\n<p><strong>Lors de la guerre des 66 jours sur le Liban, le FPLP a \u00e9t\u00e9 directement la cible d\u2019attaques isra\u00e9liennes\u00a0: Nidal Abdel Aal, membre de votre Bureau politique, a \u00e9t\u00e9 assassin\u00e9 par un tir de missiles isra\u00e9lien dans le quartier de Kola, le 29 septembre 2024, \u00e0 Beyrouth, avec ses camarades. Le FPLP a \u00e9galement perdu de jeunes combattants au sud-Liban lors de cette guerre. Quel a \u00e9t\u00e9 l\u2019investissement du FPLP dans le front de soutien \u00e0 Gaza ouvert par le Hezbollah au Liban en octobre 2023\u00a0?\u00a0<\/strong><\/p>\n<p>D\u2019abord, les r\u00e9fugi\u00e9s palestiniens au Liban\u00a0 font partie du peuple palestinien. Tout ce qui s\u2019est pass\u00e9 \u00e0 Gaza a touch\u00e9 chaque foyer palestinien au Liban, chaque famille palestinienne. Il est normal que les premiers qui doivent agir en solidarit\u00e9 avec Gaza soient les Palestiniens : en Cisjordanie, ou dans la diaspora.\u00a0Mais\u00a0au Liban, la solidarit\u00e9 n\u2019a pas seulement pris une forme populaire, comme en Jordanie ou ailleurs. Ici, elle a atteint son niveau le plus \u00e9lev\u00e9 : celui du soutien arm\u00e9. Il \u00e9tait donc de notre devoir, en tant que faction palestinienne pr\u00e9sente au Liban, de remplir notre r\u00f4le sur le front militaire du sud-Liban.<\/p>\n<p>Le Front populaire s\u2019est donc trouv\u00e9 en premi\u00e8re ligne, au contact direct avec la Palestine. Nous avons combattu comme toutes les forces de la r\u00e9sistance \u2014 et nous avons perdu des martyrs pendant cette bataille. Isra\u00ebl a assassin\u00e9 plusieurs de nos dirigeants, dont le camarade Nidal Abdel Aal. Nous avons aussi des combattants tomb\u00e9s sur les lignes de front. Certains d\u2019entre eux sont d\u2019ailleurs toujours port\u00e9s disparus.<\/p>\n<p>Lorsque la r\u00e9sistance libanaise d\u00e9cide de combattre Isra\u00ebl, nous ne pouvons qu\u2019\u00eatre sous sa banni\u00e8re. C\u2019est ce que nous avons fait avant l\u2019invasion isra\u00e9lienne de 1982\u00a0:\u00a0\u00a0nous \u00e9tions en tant que palestiniens en premi\u00e8re ligne de la r\u00e9sistance aux c\u00f4t\u00e9s de la gauche libanaise.<\/p>\n<p>Apr\u00e8s l\u2019invasion isra\u00e9lienne de 1982 et l\u2019expulsion de l\u2019OLP du Liban, le Front de la r\u00e9sistance nationale libanaise (<em>Jammoul)<\/em>, constitu\u00e9 du Parti communiste libanais, de l\u2019Organisation d\u2019action communiste au Liban, et d\u2019autres forces, a \u00e9t\u00e9 lanc\u00e9\u00a0:\u00a0\u00a0nous avons alors ouvert nos d\u00e9p\u00f4ts de munitions, offert nos armes, et combattu sous la banni\u00e8re du Front de la r\u00e9sistance nationale libanaise (FRNL). Nos martyrs \u00e9taient annonc\u00e9s sous le nom du FRNL \u2013 c\u2019\u00e9tait une forme d\u2019appui total de notre part \u00e0 la r\u00e9sistance libanaise, et \u00e0 respecter l\u2019identit\u00e9 libanaise de cette r\u00e9sistance.<\/p>\n<p>Nous respectons cette sp\u00e9cificit\u00e9 libanaise. En 2023, nous avons rejoint le combat lanc\u00e9 par le Hezbollah en soutien \u00e0 Gaza, et aujourd\u2019hui,\u00a0 la tr\u00eave \u00e0 laquelle le Hezbollah consent depuis novembre 2024 s\u2019impose \u00e0 nous tous. Tout ce qui concerne la pr\u00e9sence arm\u00e9e de la r\u00e9sistance palestinienne au Liban, rel\u00e8ve d\u2019une direction unique : la direction de la r\u00e9sistance libanaise, et non d\u2019une direction palestinienne.<\/p>\n<div class=\"wp-block-spacer\" aria-hidden=\"true\"><\/div>\n<p><strong>Chris den Hond\u00a0: Il est des voix dans le monde arabe qui parlent de d\u00e9faites palestiniennes apr\u00e8s le 7 octobre, mais aussi\u00a0libanaise\u00a0apr\u00e8s la guerre des 66 jours. Comment voyez-vous cette question de la d\u00e9faite et de la victoire dans le cadre d\u2019une guerre profond\u00e9ment asym\u00e9trique\u00a0?\u00a0<\/strong><\/p>\n<p>Pour nous, la question de la victoire ou de la d\u00e9faite est d\u2019abord une question historique. La philosophie de la victoire et de la d\u00e9faite ne se mesure pas \u00e0 l\u2019\u00e9chelle d\u2019une seule bataille, ni comme un match de football o\u00f9 une \u00e9quipe gagne et l\u2019autre perd. C\u2019est une dynamique historique longue, li\u00e9e au combat pour la lib\u00e9ration dans son sens cumulatif. Tant que vous n\u2019avez pas atteint vos objectifs, vous ne pouvez pas parler de victoire claire. Les objectifs dont je parle sont ceux que d\u00e9finit tout mouvement de lib\u00e9ration.<\/p>\n<p>Une deuxi\u00e8me question se pose : qui est r\u00e9ellement vaincu, et qui est r\u00e9ellement victorieux ? \u00c0 mon sens, la d\u00e9faite v\u00e9ritable, c\u2019est la d\u00e9faite de la conscience. Si vous arrivez au point o\u00f9 vous perdez votre conscience et votre lucidit\u00e9, alors vous \u00eates vaincu. Mais si vous perdez une bataille militaire sans \u00eatre vaincu politiquement, et sans perdre votre volont\u00e9 ou votre conscience, alors vous restez capable de transformer cette d\u00e9faite en victoire. Au contraire, parfois, la capacit\u00e9 \u00e0 comprendre et absorber une d\u00e9faite \u2014 et notre exp\u00e9rience historique palestinienne est pleine de d\u00e9faites \u2014 fait de cette d\u00e9faite une victoire diff\u00e9r\u00e9e. Une victoire diff\u00e9r\u00e9e parce que c\u2019est ainsi que fonctionne la r\u00e9alit\u00e9.<\/p>\n<p>Posons-nous alors la question : le g\u00e9nocide de Gaza a-t-il vaincu la conscience palestinienne, ou Gaza a-t-elle lib\u00e9r\u00e9 la conscience mondiale ? Si la r\u00e9ponse est que Gaza a lib\u00e9r\u00e9 la conscience mondiale, alors tout ce qui s\u2019est pass\u00e9 fait partie d\u2019une phase historique dont il sera possible de sortir par le haut.<\/p>\n<p>Car ceux qui ont fait ces sacrifices, qui ont montr\u00e9 cette endurance, conservent la conviction qu\u2019ils continueront la lutte. Le moteur principal de cette continuit\u00e9, c\u2019est l\u2019existence m\u00eame de l\u2019occupation. Comment la question palestinienne pourrait-elle \u00eatre \u00ab r\u00e9solue \u00bb en effa\u00e7ant simplement le peuple palestinien ? \u00c0 mon avis, c\u2019est impossible. M\u00eame si cela se produisait, tant que cet ennemi existe \u2014 un ennemi que nous percevons par essence comme agressif et expansionniste, pour qui la guerre est un \u00e9l\u00e9ment permanent \u2014 il y aura toujours quelqu\u2019un pour lui r\u00e9sister.<\/p>\n<p>Ce n\u2019est pas une question d\u2019id\u00e9ologie : c\u2019est une r\u00e9action humaine instinctive. L\u2019ennemi cr\u00e9e lui-m\u00eame les outils qui se dressent contre lui. Cette violence, ces meurtres, g\u00e9n\u00e8rent des r\u00e9actions qui deviennent des formes de r\u00e9sistance : dire \u00ab non \u00bb, refuser de coexister avec lui, le consid\u00e9rer comme un r\u00e9gime moralement d\u00e9chu, ou chercher \u00e0 l\u2019isoler sur la sc\u00e8ne internationale. Tout cela fait partie de la r\u00e9sistance, et cela nourrira ses contradictions internes. Voil\u00e0 comment nous percevons l\u2019avenir.<\/p>\n<p>Je fais souvent la comparaison entre Gaza et Ha\u00efti. Frantz Fanon a dit que le colonialisme ne se contente pas de te convaincre que tu es un esclave\u00a0: il te convainc \u00e9galement que tu es indigne de libert\u00e9. Mais\u00a0\u00a0la r\u00e9volution ha\u00eftienne\u00a0\u00a0a \u00e9t\u00e9 la premi\u00e8re \u00e0 d\u00e9voiler la fausset\u00e9 de ce discours.<\/p>\n<p>Au 18<sup>e<\/sup>\u00a0si\u00e8cle, Saint-Domingue \u00e9tait la colonie la plus riche\u00a0de France. En 1791, une r\u00e9volte d\u2019esclaves \u00e9clate\u00a0: c\u2019\u00e9tait un \u00e9v\u00e8nement inimaginable pour l\u2019esprit europ\u00e9en qui consid\u00e9rait les Noirs incapables de pens\u00e9e et d\u2019organisation. La r\u00e9volution ha\u00eftienne se transforma en une r\u00e9volution sociale et militaire qui a vaincu les arm\u00e9es de France, conduisant en 1804 \u00e0 la proclamation de la premi\u00e8re r\u00e9publique noire du monde.\u00a0\u00a0Les puissances coloniales n\u2019ont pu tol\u00e9rer un tel bouleversement, et l\u2019exemple ha\u00eftien hante la conscience occidentale.<\/p>\n<p>L\u2019historien Michel-Rolph Trouillot a d\u2019ailleurs parl\u00e9 de la r\u00e9volution ha\u00eftienne comme d\u2019un\u00a0\u00a0\u00e9v\u00e8nement impensable dans l\u2019imaginaire occidental. Susan Buck-Morss a reli\u00e9 la r\u00e9volution ha\u00eftienne \u00e0 la dialectique du ma\u00eetre et de l\u2019esclave chez Hegel, montrant que la libert\u00e9 n\u2019est pas une id\u00e9e abstraite mais une pratique n\u00e9e d\u2019un affrontement sanglant entre oppresseur et opprim\u00e9. Les esclaves noirs jug\u00e9s non-humains ont forc\u00e9 le monde \u00e0 recona\u00eetre leur humanit\u00e9.<\/p>\n<p>A Gaza et \u00e0 Ha\u00efti, l\u2019humanit\u00e9 ne s\u2019est \u00e9largie que gr\u00e2ce \u00e0 ceux que l\u2019on jugeait indigne d\u2019elle. L\u2019universalit\u00e9 des droits humains est un champ de bataille permanent\u00a0: il y a une universalit\u00e9 forg\u00e9e par les centres imp\u00e9riaux pour justifier leur domination, et de l\u2019autre une universalit\u00e9 n\u00e9e des luttes des d\u00e9poss\u00e9d\u00e9s pour affirmer leur droit d\u2019exister. Ce qui relie Ha\u00efti \u00e0 Gaza, c\u2019est que la libert\u00e9 ne se donne pas\u00a0: elle se prend. Ha\u00efti a forc\u00e9 le monde \u00e0 reconna\u00eetre l\u2019humanit\u00e9 de l\u2019esclave noir. Gaza forcera le monde \u00e0 reconna\u00eetre celle du Palestinien.ne opprim\u00e9.e.<\/p>\n<p class=\"has-text-align-center\">*<\/p>\n<p><strong>Illustration : \u00ab\u00a0Couleurs de l\u2019espoir\u00a0\u00bb, 1980. Tableau du peintre palestinien Sliman Mansour.<\/strong><\/p>\n<p><a href=\"https:\/\/www.contretemps.eu\/gaza-libere-conscience-mondiale-marwan-abdel-aal\/?fbclid=IwY2xjawPjZUNleHRuA2FlbQIxMQBzcnRjBmFwcF9pZBAyMjIwMzkxNzg4MjAwODkyAAEebQWjmySika758zAMVsOtRl4z1I3Nrtk9EnMUGfn9GFWj6EBO5q0M3Hi7MNQ_aem_EwXxNhDVXzNOquWDRxl7mw\">Source<\/a><\/p>\n<\/div>\n<\/div>\n<\/div>\n<\/div>\n","protected":false},"excerpt":{"rendered":"<p>Entretien avec Marwan Abdel Aal Ancien porte-parole du Front populaire de lib\u00e9ration de la Palestine (FPLP) au Liban, Marwan Abdel Aal revient sur la guerre g\u00e9nocidaire que m\u00e8ne l&rsquo;Etat colonial d&rsquo;Isra\u00ebl \u00e0 Gaza, et sur le r\u00f4le du FPLP en Palestine et au Liban. par Chris Den Hond,\u00a0Marwan Abdel Aal Marwan Abdel Aal a \u00e9t\u00e9 &#8230; <a title=\"Gaza a lib\u00e9r\u00e9 la conscience mondiale.\" class=\"read-more\" href=\"https:\/\/bruxelles-pantheres.be\/?p=6610\" aria-label=\"En savoir plus sur Gaza a lib\u00e9r\u00e9 la conscience mondiale.\">Lire la suite<\/a><\/p>\n","protected":false},"author":1,"featured_media":5794,"comment_status":"open","ping_status":"open","sticky":false,"template":"","format":"standard","meta":{"footnotes":""},"categories":[21,6],"tags":[686,567,12,687,186,688,689],"class_list":["post-6610","post","type-post","status-publish","format-standard","has-post-thumbnail","hentry","category-anti-imperialisme","category-palestine-moyen-orient","tag-anticolonialisme","tag-fplp","tag-gaza","tag-lutte-anticoloniale","tag-palestine","tag-resistance-libanaise","tag-resistance-palestinienne"],"_links":{"self":[{"href":"https:\/\/bruxelles-pantheres.be\/index.php?rest_route=\/wp\/v2\/posts\/6610","targetHints":{"allow":["GET"]}}],"collection":[{"href":"https:\/\/bruxelles-pantheres.be\/index.php?rest_route=\/wp\/v2\/posts"}],"about":[{"href":"https:\/\/bruxelles-pantheres.be\/index.php?rest_route=\/wp\/v2\/types\/post"}],"author":[{"embeddable":true,"href":"https:\/\/bruxelles-pantheres.be\/index.php?rest_route=\/wp\/v2\/users\/1"}],"replies":[{"embeddable":true,"href":"https:\/\/bruxelles-pantheres.be\/index.php?rest_route=%2Fwp%2Fv2%2Fcomments&post=6610"}],"version-history":[{"count":2,"href":"https:\/\/bruxelles-pantheres.be\/index.php?rest_route=\/wp\/v2\/posts\/6610\/revisions"}],"predecessor-version":[{"id":6614,"href":"https:\/\/bruxelles-pantheres.be\/index.php?rest_route=\/wp\/v2\/posts\/6610\/revisions\/6614"}],"wp:featuredmedia":[{"embeddable":true,"href":"https:\/\/bruxelles-pantheres.be\/index.php?rest_route=\/wp\/v2\/media\/5794"}],"wp:attachment":[{"href":"https:\/\/bruxelles-pantheres.be\/index.php?rest_route=%2Fwp%2Fv2%2Fmedia&parent=6610"}],"wp:term":[{"taxonomy":"category","embeddable":true,"href":"https:\/\/bruxelles-pantheres.be\/index.php?rest_route=%2Fwp%2Fv2%2Fcategories&post=6610"},{"taxonomy":"post_tag","embeddable":true,"href":"https:\/\/bruxelles-pantheres.be\/index.php?rest_route=%2Fwp%2Fv2%2Ftags&post=6610"}],"curies":[{"name":"wp","href":"https:\/\/api.w.org\/{rel}","templated":true}]}}