{"id":6633,"date":"2026-03-14T20:25:13","date_gmt":"2026-03-14T19:25:13","guid":{"rendered":"https:\/\/bruxelles-pantheres.be\/?p=6633"},"modified":"2026-03-15T17:59:52","modified_gmt":"2026-03-15T16:59:52","slug":"propagande-pro-imperialiste-de-thomas-piketty-aveuglement-ideologique","status":"publish","type":"post","link":"https:\/\/bruxelles-pantheres.be\/?p=6633","title":{"rendered":"Propagande pro-imp\u00e9rialiste de Thomas Piketty, aveuglement id\u00e9ologique"},"content":{"rendered":"<p>La chronique de Thomas Piketty parue au journal Le Monde du 8-9 mars 2026<sup class=\"footnote-ref\"><a id=\"footnote-ref-34744-1\" href=\"https:\/\/ps.zoethical.org\/pub\/propagande-pro-imperialiste-de-thomas-piketty-aveuglement-ideologique#footnote-34744-1\">[1]<\/a><\/sup>\u00a0est pour le moins inqui\u00e9tante en ce qu\u2019elle r\u00e9v\u00e8le de son positionnement id\u00e9ologique pro-imp\u00e9rialiste.<br \/>\nDans le quotidien Le Monde, Thomas Piketty a publi\u00e9 une chronique intitul\u00e9e \u00ab D\u00e9rive militariste, aveu de faiblesse \u00bb<sup class=\"footnote-ref\"><a id=\"footnote-ref-34744-2\" href=\"https:\/\/ps.zoethical.org\/pub\/propagande-pro-imperialiste-de-thomas-piketty-aveuglement-ideologique#footnote-34744-2\">[2]<\/a><\/sup>. Sans condamner l\u2019agression imp\u00e9rialiste am\u00e9ricano-isra\u00e9lienne contre l\u2019Iran en tant que telle, sans condamner l\u2019assassinat d\u2019un chef d\u2019\u00c9tat (le guide de la r\u00e9volution Ali Khamenei) et de plusieurs des dirigeants du pays, il fait quelques commentaires \u00e9conomiques sur ce qu\u2019il nomme \u00ab d\u00e9rive militariste \u00bb qui aurait comme objectif de \u00ab rentabiliser financi\u00e8rement le fait de disposer de la plus grande arm\u00e9e du monde \u00bb. Finalement cela serait une question de rentabilit\u00e9. La tentative de d\u00e9sint\u00e9gration et de destruction d\u2019un pays ind\u00e9pendant qui a soutenu la cause palestinienne depuis des d\u00e9cennies serait une simple d\u00e9rive militariste et une question de rentabilit\u00e9 selon Piketty.<!--more--><\/p>\n<p style=\"text-align: center;\"><a href=\"https:\/\/bruxelles-pantheres.be\/wp-content\/uploads\/2021\/09\/ob_f314fd_antiwar-logo-web1.jpg\"><img decoding=\"async\" class=\"size-medium wp-image-4897 aligncenter\" src=\"https:\/\/bruxelles-pantheres.be\/wp-content\/uploads\/2021\/09\/ob_f314fd_antiwar-logo-web1-300x300.jpg\" alt=\"\" width=\"300\" height=\"300\" srcset=\"https:\/\/bruxelles-pantheres.be\/wp-content\/uploads\/2021\/09\/ob_f314fd_antiwar-logo-web1-300x300.jpg 300w, https:\/\/bruxelles-pantheres.be\/wp-content\/uploads\/2021\/09\/ob_f314fd_antiwar-logo-web1-150x150.jpg 150w, https:\/\/bruxelles-pantheres.be\/wp-content\/uploads\/2021\/09\/ob_f314fd_antiwar-logo-web1.jpg 320w\" sizes=\"(max-width: 300px) 100vw, 300px\" \/><\/a><\/p>\n<p>Il se trouve que les vraies raisons de cette guerre des \u00c9tats-Unis et du r\u00e9gime isra\u00e9lien contre l\u2019Iran sont clairement affich\u00e9es depuis longtemps : la destruction d\u2019un \u00c9tat qui soutient la cause palestinienne et les r\u00e9sistances anti-isra\u00e9liennes au Proche-Orient, la destruction d\u2019un \u00c9tat du Sud qui est sur une voie de d\u00e9veloppement ind\u00e9pendant (dans le sens d\u2019un \u00e9tat non-asservi au centre capitaliste de l\u2019Occident global), ce n\u2019est donc pas une question de \u00ab rentabiliser financi\u00e8rement le fait de disposer de la plus grande arm\u00e9e du monde \u00bb, affirmation qui d\u00e9politise enti\u00e8rement une question \u00e9minemment politique.<\/p>\n<p>Apr\u00e8s des remarques sur les limites du mod\u00e8le d\u00e9mocratique \u00e9tats-unien Thomas Piketty conclut le premier paragraphe en affirmant que \u00ab la d\u00e9rive id\u00e9ologique nationaliste extractiviste du Parti r\u00e9publicain est sans doute l\u00e0 pour durer \u00bb. \u00c9tonnant constat venant d\u2019un sp\u00e9cialiste du capitalisme, la caract\u00e9ristique extractiviste du capitalisme et en particulier du capitalisme am\u00e9ricain n\u2019est pas la marque du Parti r\u00e9publicain mais elle est bien structurellement intrins\u00e8que \u00e0 l\u2019histoire du capitalisme. L\u2019imp\u00e9rialisme destructeur (et l\u2019accumulation qu\u2019il a permise) est bien \u00e0 l\u2019origine du capitalisme et aussi une n\u00e9cessit\u00e9 pour le maintien du capitalisme \u00e9tats-unien et non pas une d\u00e9rive passag\u00e8re d\u2019une nouvelle tendance politique. L\u2019usage de l\u2019expression \u00ab d\u00e9rive militariste \u00bb est \u00e9trange puisque la relation des \u00c9tats-unis avec le Moyen Orient, en tout cas les derni\u00e8res d\u00e9cennies, est une histoire de guerres de domination, de destruction et cela quel que soit le parti au pouvoir aux \u00c9tats-Unis, on est loin d\u2019une d\u00e9rive r\u00e9cente. Faut-il rappeler toutes les derni\u00e8res guerres men\u00e9es par les diff\u00e9rents gouvernements \u00e9tats-uniens ? \u00c0 titre d\u2019exemple les destructions de Barack Obama et de Hillary Clinton dans la r\u00e9gion du Moyen-Orient (avec entre autres leur responsabilit\u00e9 dans la cr\u00e9ation de Daech) n\u2019ont rien \u00e0 envier aux guerres des Bush et de Trump dans leur caract\u00e9ristique imp\u00e9rialiste et destructrice des pays et de soci\u00e9t\u00e9s enti\u00e8res.<\/p>\n<p>Pendant les derni\u00e8res ann\u00e9es l\u2019implication constante du d\u00e9mocrate Byden et du r\u00e9publicain Trump et leur soutien constant au r\u00e9gime g\u00e9nocidaire isra\u00e9lien ont \u00e9t\u00e9 document\u00e9s en continu. Ce n\u2019est donc pas une caract\u00e9ristique du Parti r\u00e9publicain.<\/p>\n<p>Ind\u00e9pendamment de l\u2019histoire r\u00e9cente, parler de \u201cd\u00e9rive militariste\u201d concernant les \u00c9tats-Unis est une confusion totale, voire une manipulation malhonn\u00eate et grossi\u00e8re de la part de Piketty, tellement l\u2019imp\u00e9rialisme (\u00e9videmment bellig\u00e9rant) am\u00e9ricain est constitutif de ce pays (g\u00e9nocide des peuples autochtones, pas une g\u00e9n\u00e9ration sans guerre depuis 1776), voir \u00e0 titre d\u2019exemple le r\u00e9cent article<sup class=\"footnote-ref\"><a id=\"footnote-ref-34744-3\" href=\"https:\/\/ps.zoethical.org\/pub\/propagande-pro-imperialiste-de-thomas-piketty-aveuglement-ideologique#footnote-34744-3\">[3]<\/a><\/sup>\u00a0d\u2019Eduardo Rodriguez (ainsi que ses r\u00e9f\u00e9rences) o\u00f9 l\u2019auteur explique (rappelle ce qui est connu par une grande part de l\u2019humanit\u00e9) pourquoi \u201cle bloc imp\u00e9rialiste dirig\u00e9 par les \u00c9tats-Unis est une menace pour l\u2019humanit\u00e9\u201d.<\/p>\n<p>\u00c0 la fin de l\u2019article, Piketty fait semblant de s\u2019inqui\u00e9ter pour le sort des peuples du Sud en \u00e9voquant les \u00ab demandes de justice \u00e9conomique et de r\u00e9parations climatiques venues du sud \u00bb pour embrayer avec une phrase digne d\u2019un Manuel Valls ou d\u2019un \u00c9ric Zemmour : \u00ab Soyons clairs : le fait d\u2019utiliser la force contre un r\u00e9gime massacrant les manifestants et opprimant sa population peut parfaitement se justifier \u00bb (sic) !<\/p>\n<p>La messe est dite.<br \/>\nUne guerre imp\u00e9rialiste de destructions, d\u2019assassinats, de meurtres de civils et d\u2019enfants, de tentatives de d\u00e9sint\u00e9gration d\u2019un pays \u00ab peut parfaitement se justifier \u00bb selon Piketty. Bien s\u00fbr, il manque quelque chose \u00e0 cette guerre justifiable selon Piketty : le fait de disposer d\u2019un plan pour la suite selon ses termes ! Le c\u00e9l\u00e8bre \u00e9conomiste est d\u2019accord pour d\u00e9truire un pays, des institutions, des peuples, des h\u00f4pitaux et des \u00e9coles mais \u00e0 condition que cela s\u2019accompagne de m\u00e9thodes : \u00ab proposer un mod\u00e8le de d\u00e9veloppement et une m\u00e9thode d\u00e9mocratique pour un processus de transition, en Iran et ailleurs \u00bb.<\/p>\n<p>En r\u00e9sum\u00e9, Piketty est en faveur de la violence imp\u00e9rialiste am\u00e9ricano-isra\u00e9lienne, \u00e0 condition d\u2019avoir un plan et une m\u00e9thode pour la suite (peut-\u00eatre devrait-il proposer des services de consultance \u00e0 Trump et Netanyahu ?). Des plumes remplies de venin anti-tiers-monde de Zemmour et de Valls c\u2019est habituel, cela nous choque moins. Mais comment expliquer une telle haine de la part de Piketty (un \u00e9conomiste de gauche) ? Est-ce sa position dans le champ universitaire mondial qui lui dicte ce langage ? Est-ce une tendance g\u00e9n\u00e9rale en F\u0337\u030b\u032a\u0324r\u0335\u033e\u0357\u0331\u0359a\u0337\u031b\u030e\u0329n\u0334\u033f\u0301\u0359\u0359c\u0338\u0308\u0319\u0359e\u0335\u0352\u032a o\u00f9 les journalistes s\u2019acharnent d\u2019une mani\u00e8re agressive contre Jean-Luc M\u00e9lenchon et LFI car ils ont os\u00e9 d\u00e9noncer le g\u00e9nocide am\u00e9ricano-isra\u00e9lien \u00e0 Gaza ?<\/p>\n<p>Ce qui est frappant, c\u2019est que Piketty, dans sa tentative de justification d\u2019une guerre imp\u00e9rialiste, s\u2019appuie sur un r\u00e9cit dominant (et loin d\u2019\u00eatre factuel) produit par l\u2019empire am\u00e9ricain, \u00e0 savoir le r\u00e9cit sur le \u00ab r\u00e9gime qui opprime sa population \u00bb. Or on sait quelles \u00e9taient les origines et la cause des manifestations de janvier 2026 dont parle Piketty. Il suffirait par exemple de lire l\u2019article de Caitlin Johnstone : \u00ab Les \u00c9tats-Unis continuent d\u2019admettre ouvertement qu\u2019ils ont d\u00e9lib\u00e9r\u00e9ment provoqu\u00e9 les manifestations en Iran \u00bb<sup class=\"footnote-ref\"><a id=\"footnote-ref-34744-4\" href=\"https:\/\/ps.zoethical.org\/pub\/propagande-pro-imperialiste-de-thomas-piketty-aveuglement-ideologique#footnote-34744-4\">[4]<\/a><\/sup>.<\/p>\n<p>D\u2019ailleurs, ces manifestations de janvier 2026 s\u2019inscrivent dans les outils du \u00ab capitalisme gangster \u00bb des \u00c9tats-unis, voire par exemple l\u2019excellente analyse du politologue ind\u00e9pendant Walid Charara qui d\u00e9crit bien les man\u0153uvres effr\u00e9n\u00e9es des \u00c9tats-unis pour d\u00e9stabiliser l\u2019Iran avant la guerre actuelle<sup class=\"footnote-ref\"><a id=\"footnote-ref-34744-5\" href=\"https:\/\/ps.zoethical.org\/pub\/propagande-pro-imperialiste-de-thomas-piketty-aveuglement-ideologique#footnote-34744-5\">[5]<\/a><\/sup>.<\/p>\n<p>Et que dire des \u00e9normes manifestations qui ont rempli les rues de nombreuses villes iraniennes en soutien au r\u00e9gime Iranien et aux dirigeants du pays contre l\u2019agression barbare du couple am\u00e9ricano-isra\u00e9lien ?<\/p>\n<p>Les propos de Piketty rel\u00e8vent de la pure et simple propagande de guerre. Il s\u2019agit en effet d\u2019une illustration assez frappante du principe n\u00b08 du livre d\u2019Anne Morelli\u00a0<em>Principes \u00e9l\u00e9mentaires de propagande de guerre<\/em>, \u00e0 savoir que \u00ab les artistes et les intellectuels soutiennent notre cause \u00bb<sup class=\"footnote-ref\"><a id=\"footnote-ref-34744-6\" href=\"https:\/\/ps.zoethical.org\/pub\/propagande-pro-imperialiste-de-thomas-piketty-aveuglement-ideologique#footnote-34744-6\">[6]<\/a><\/sup>.<\/p>\n<p>Le manque de condamnation claire \u2013 de la part de la majorit\u00e9 des dirigeants europ\u00e9ens et des intellectuels comme Piketty &#8211; de cette \u00e9ni\u00e8me agression imp\u00e9rialiste am\u00e9ricano-isra\u00e9lienne en dit long sur l\u2019alignement de l\u2019Europe sur les politiques am\u00e9ricaines.<\/p>\n<p>Les \u00ab sanctions \u00e9conomiques \u00bb des \u00c9tats-Unis contre des pays et des peuples (pas seulement contre l\u2019Iran) sont des crimes contre l\u2019humanit\u00e9. En effet, il s\u2019agit d\u2019appauvrir un peuple, affaiblir ses institutions publiques pour conduire \u00e0 la d\u00e9sint\u00e9gration ou au-moins \u00e0 l\u2019affaiblissement du pays pour que celui-ci accepte la domination am\u00e9ricaine.<\/p>\n<p>Thomas Piketty a pris clairement une position de soutien (ou pour le moins de justification de) \u00e0 une guerre men\u00e9e par une force imp\u00e9rialiste effr\u00e9n\u00e9e et destructrice et par un r\u00e9gime g\u00e9nocidaire criminel. L\u2019histoire le retiendra. Il conclut son article par une phrase d\u00e9routante \u201cFace \u00e0 la d\u00e9rive militariste des \u00c9tats-Unis, il est temps que les dirigeants europ\u00e9ens se montrent \u00e0 la hauteur\u201d et on se demande \u00e0 la hauteur de quoi puisque cette guerre imp\u00e9rialiste \u201cpeut parfaitement se justifier\u201d selon Piketty, voulait-il dire \u201cil est temps que les dirigeants europ\u00e9ens se montrent \u00e0 la hauteur\u201d de leur histoire coloniale ?<\/p>\n<div class=\"post__body topic-body clearfix\">\n<div class=\"topic-meta-data\">\n<div class=\"names trigger-user-card\"><span class=\"first username group--Sing\"><a class=\"non-clickable\" tabindex=\"0\" data-user-card=\"khaled\" aria-label=\"Profil de khaled\">Khaled Dika\u00a0<\/a><\/span><\/div>\n<div><a href=\"https:\/\/ps.zoethical.org\/t\/propagande-pro-imperialiste-de-thomas-piketty-aveuglement-ideologique\/11670\">Source<\/a><\/div>\n<\/div>\n<\/div>\n<hr class=\"footnotes-sep\" \/>\n<ol class=\"footnotes-list\">\n<li id=\"footnote-34744-1\" class=\"footnote-item\">version en ligne :\u00a0<a href=\"https:\/\/www.lemonde.fr\/la-chronique-de-thomas-piketty\/article\/2026\/03\/07\/thomas-piketty-face-a-la-derive-guerriere-de-trump-l-europe-doit-se-donner-les-moyens-de-peser-sur-le-monde_6669844_6649149.html\" rel=\"noopener nofollow ugc\">https:\/\/www.lemonde.fr\/la-chronique-de-thomas-piketty\/article\/2026\/03\/07\/thomas-piketty-face-a-la-derive-guerriere-de-trump-l-europe-doit-se-donner-les-moyens-de-peser-sur-le-monde_6669844_6649149.html<\/a>\u00a0<a class=\"footnote-backref\" href=\"https:\/\/ps.zoethical.org\/pub\/propagande-pro-imperialiste-de-thomas-piketty-aveuglement-ideologique#footnote-ref-34744-1\">\u21a9\ufe0e<\/a><\/li>\n<li id=\"footnote-34744-2\" class=\"footnote-item\">Il s\u2019agit du titre de la chronique dans le journal papier, diff\u00e9rent du titre de la version en ligne.\u00a0<a class=\"footnote-backref\" href=\"https:\/\/ps.zoethical.org\/pub\/propagande-pro-imperialiste-de-thomas-piketty-aveuglement-ideologique#footnote-ref-34744-2\">\u21a9\ufe0e<\/a><\/li>\n<li id=\"footnote-34744-3\" class=\"footnote-item\"><a href=\"https:\/\/peoplesdispatch.org\/2026\/03\/04\/war-as-far-as-the-eye-can-see-the-us-led-imperialist-bloc-is-a-threat-to-humanity\/\" rel=\"noopener nofollow ugc\">https:\/\/peoplesdispatch.org\/2026\/03\/04\/war-as-far-as-the-eye-can-see-the-us-led-imperialist-bloc-is-a-threat-to-humanity\/<\/a>\u00a0<a class=\"footnote-backref\" href=\"https:\/\/ps.zoethical.org\/pub\/propagande-pro-imperialiste-de-thomas-piketty-aveuglement-ideologique#footnote-ref-34744-3\">\u21a9\ufe0e<\/a><\/li>\n<li id=\"footnote-34744-4\" class=\"footnote-item\"><a href=\"https:\/\/www.caitlinjohnst.one\/p\/the-us-keeps-openly-admitting-it\" rel=\"noopener nofollow ugc\">https:\/\/www.caitlinjohnst.one\/p\/the-us-keeps-openly-admitting-it<\/a>\u00a0<a class=\"footnote-backref\" href=\"https:\/\/ps.zoethical.org\/pub\/propagande-pro-imperialiste-de-thomas-piketty-aveuglement-ideologique#footnote-ref-34744-4\">\u21a9\ufe0e<\/a><\/li>\n<li id=\"footnote-34744-5\" class=\"footnote-item\"><a href=\"https:\/\/en.al-akhbar.com\/news\/gangster-imperialism-and-the-fragmentation-of-iran\" rel=\"noopener nofollow ugc\">https:\/\/en.al-akhbar.com\/news\/gangster-imperialism-and-the-fragmentation-of-iran<\/a>\u00a0<a class=\"footnote-backref\" href=\"https:\/\/ps.zoethical.org\/pub\/propagande-pro-imperialiste-de-thomas-piketty-aveuglement-ideologique#footnote-ref-34744-5\">\u21a9\ufe0e<\/a><\/li>\n<li id=\"footnote-34744-6\" class=\"footnote-item\"><a href=\"https:\/\/fr.wikipedia.org\/wiki\/Principes_%C3%A9l%C3%A9mentaires_de_propagande_de_guerre\" rel=\"noopener nofollow ugc\">https:\/\/fr.wikipedia.org\/wiki\/Principes_\u00e9l\u00e9mentaires_de_propagande_de_guerre<\/a>\u00a0<a class=\"footnote-backref\" href=\"https:\/\/ps.zoethical.org\/pub\/propagande-pro-imperialiste-de-thomas-piketty-aveuglement-ideologique#footnote-ref-34744-6\">\u21a9\ufe0e<\/a><\/li>\n<\/ol>\n","protected":false},"excerpt":{"rendered":"<p>La chronique de Thomas Piketty parue au journal Le Monde du 8-9 mars 2026[1]\u00a0est pour le moins inqui\u00e9tante en ce qu\u2019elle r\u00e9v\u00e8le de son positionnement id\u00e9ologique pro-imp\u00e9rialiste. Dans le quotidien Le Monde, Thomas Piketty a publi\u00e9 une chronique intitul\u00e9e \u00ab D\u00e9rive militariste, aveu de faiblesse \u00bb[2]. Sans condamner l\u2019agression imp\u00e9rialiste am\u00e9ricano-isra\u00e9lienne contre l\u2019Iran en tant &#8230; <a title=\"Propagande pro-imp\u00e9rialiste de Thomas Piketty, aveuglement id\u00e9ologique\" class=\"read-more\" href=\"https:\/\/bruxelles-pantheres.be\/?p=6633\" aria-label=\"En savoir plus sur Propagande pro-imp\u00e9rialiste de Thomas Piketty, aveuglement id\u00e9ologique\">Lire la suite<\/a><\/p>\n","protected":false},"author":1,"featured_media":3637,"comment_status":"open","ping_status":"open","sticky":false,"template":"","format":"standard","meta":{"footnotes":""},"categories":[21,36],"tags":[691],"class_list":["post-6633","post","type-post","status-publish","format-standard","has-post-thumbnail","hentry","category-anti-imperialisme","category-europe","tag-thomas-piketty"],"_links":{"self":[{"href":"https:\/\/bruxelles-pantheres.be\/index.php?rest_route=\/wp\/v2\/posts\/6633","targetHints":{"allow":["GET"]}}],"collection":[{"href":"https:\/\/bruxelles-pantheres.be\/index.php?rest_route=\/wp\/v2\/posts"}],"about":[{"href":"https:\/\/bruxelles-pantheres.be\/index.php?rest_route=\/wp\/v2\/types\/post"}],"author":[{"embeddable":true,"href":"https:\/\/bruxelles-pantheres.be\/index.php?rest_route=\/wp\/v2\/users\/1"}],"replies":[{"embeddable":true,"href":"https:\/\/bruxelles-pantheres.be\/index.php?rest_route=%2Fwp%2Fv2%2Fcomments&post=6633"}],"version-history":[{"count":3,"href":"https:\/\/bruxelles-pantheres.be\/index.php?rest_route=\/wp\/v2\/posts\/6633\/revisions"}],"predecessor-version":[{"id":6640,"href":"https:\/\/bruxelles-pantheres.be\/index.php?rest_route=\/wp\/v2\/posts\/6633\/revisions\/6640"}],"wp:featuredmedia":[{"embeddable":true,"href":"https:\/\/bruxelles-pantheres.be\/index.php?rest_route=\/wp\/v2\/media\/3637"}],"wp:attachment":[{"href":"https:\/\/bruxelles-pantheres.be\/index.php?rest_route=%2Fwp%2Fv2%2Fmedia&parent=6633"}],"wp:term":[{"taxonomy":"category","embeddable":true,"href":"https:\/\/bruxelles-pantheres.be\/index.php?rest_route=%2Fwp%2Fv2%2Fcategories&post=6633"},{"taxonomy":"post_tag","embeddable":true,"href":"https:\/\/bruxelles-pantheres.be\/index.php?rest_route=%2Fwp%2Fv2%2Ftags&post=6633"}],"curies":[{"name":"wp","href":"https:\/\/api.w.org\/{rel}","templated":true}]}}