{"id":679,"date":"2012-12-10T14:32:25","date_gmt":"2012-12-10T13:32:25","guid":{"rendered":"https:\/\/bruxelles-pantheres.be\/?p=679"},"modified":"2013-11-11T14:34:58","modified_gmt":"2013-11-11T13:34:58","slug":"vingt-congolais-rapatries-dans-un-airbus-de-300-places","status":"publish","type":"post","link":"https:\/\/bruxelles-pantheres.be\/?p=679","title":{"rendered":"Vingt Congolais rapatri\u00e9s dans un airbus de 300 places"},"content":{"rendered":"<div>Un airbus dot\u00e9 de 300 places a \u00e9t\u00e9 employ\u00e9 la semaine derni\u00e8re par l\u2019Etat pour proc\u00e9der \u00e0 l\u2019expulsion de 20 Congolais en situation ill\u00e9gale, indique Het Laatste Nieuws. Les personnes expuls\u00e9es d\u2019Allemagne, d\u2019Irlande et de Belgique \u00e9taient des ill\u00e9gaux et des demandeurs d\u2019asile. Le vol a \u00e9t\u00e9 effectu\u00e9 dans un airbus de 300 places alors que seules 20 personnes personnes expuls\u00e9es et une soixantaine d\u2019accompagnateurs \u00e9taient \u00e0 bord de l\u2019avion.<em>\u00a0\u00ab C\u2019est inefficace et beaucoup trop cher \u00bb,\u00a0<\/em>estime le d\u00e9put\u00e9 f\u00e9d\u00e9ral Theo Francken (N-VA). D\u2019apr\u00e8s l\u2019Office des Etrangers, il n\u2019y a cependant pas d\u2019autres solutions.<!--more--><\/div>\n<p><iframe src=\"\/\/www.youtube.com\/embed\/Gt1fEMEwHPE\" height=\"315\" width=\"560\" allowfullscreen=\"\" frameborder=\"0\"><\/iframe><img decoding=\"async\" class=\"alignright\" alt=\"immigrant-rights-now\" src=\"http:\/\/www.egalite.be\/wp-content\/uploads\/2012\/12\/immigrant-rights-now.jpg\" width=\"350\" height=\"467\" \/><\/p>\n","protected":false},"excerpt":{"rendered":"<p>Un airbus dot\u00e9 de 300 places a \u00e9t\u00e9 employ\u00e9 la semaine derni\u00e8re par l\u2019Etat pour proc\u00e9der \u00e0 l\u2019expulsion de 20 Congolais en situation ill\u00e9gale, indique Het Laatste Nieuws. Les personnes expuls\u00e9es d\u2019Allemagne, d\u2019Irlande et de Belgique \u00e9taient des ill\u00e9gaux et des demandeurs d\u2019asile. Le vol a \u00e9t\u00e9 effectu\u00e9 dans un airbus de 300 places alors &#8230; <a title=\"Vingt Congolais rapatri\u00e9s dans un airbus de 300 places\" class=\"read-more\" href=\"https:\/\/bruxelles-pantheres.be\/?p=679\" aria-label=\"En savoir plus sur Vingt Congolais rapatri\u00e9s dans un airbus de 300 places\">Lire la suite<\/a><\/p>\n","protected":false},"author":1,"featured_media":446,"comment_status":"open","ping_status":"open","sticky":false,"template":"","format":"standard","meta":{"footnotes":""},"categories":[1,21,7,8,18,28,39,17],"tags":[],"class_list":["post-679","post","type-post","status-publish","format-standard","has-post-thumbnail","hentry","category-non-classe","category-anti-imperialisme","category-negrophobie","category-prisons","category-resistance-bruxelles","category-racismes","category-sans-papier","category-video"],"_links":{"self":[{"href":"https:\/\/bruxelles-pantheres.be\/index.php?rest_route=\/wp\/v2\/posts\/679","targetHints":{"allow":["GET"]}}],"collection":[{"href":"https:\/\/bruxelles-pantheres.be\/index.php?rest_route=\/wp\/v2\/posts"}],"about":[{"href":"https:\/\/bruxelles-pantheres.be\/index.php?rest_route=\/wp\/v2\/types\/post"}],"author":[{"embeddable":true,"href":"https:\/\/bruxelles-pantheres.be\/index.php?rest_route=\/wp\/v2\/users\/1"}],"replies":[{"embeddable":true,"href":"https:\/\/bruxelles-pantheres.be\/index.php?rest_route=%2Fwp%2Fv2%2Fcomments&post=679"}],"version-history":[{"count":1,"href":"https:\/\/bruxelles-pantheres.be\/index.php?rest_route=\/wp\/v2\/posts\/679\/revisions"}],"predecessor-version":[{"id":680,"href":"https:\/\/bruxelles-pantheres.be\/index.php?rest_route=\/wp\/v2\/posts\/679\/revisions\/680"}],"wp:featuredmedia":[{"embeddable":true,"href":"https:\/\/bruxelles-pantheres.be\/index.php?rest_route=\/wp\/v2\/media\/446"}],"wp:attachment":[{"href":"https:\/\/bruxelles-pantheres.be\/index.php?rest_route=%2Fwp%2Fv2%2Fmedia&parent=679"}],"wp:term":[{"taxonomy":"category","embeddable":true,"href":"https:\/\/bruxelles-pantheres.be\/index.php?rest_route=%2Fwp%2Fv2%2Fcategories&post=679"},{"taxonomy":"post_tag","embeddable":true,"href":"https:\/\/bruxelles-pantheres.be\/index.php?rest_route=%2Fwp%2Fv2%2Ftags&post=679"}],"curies":[{"name":"wp","href":"https:\/\/api.w.org\/{rel}","templated":true}]}}