{"id":681,"date":"2012-12-10T14:35:42","date_gmt":"2012-12-10T13:35:42","guid":{"rendered":"https:\/\/bruxelles-pantheres.be\/?p=681"},"modified":"2013-11-11T14:39:21","modified_gmt":"2013-11-11T13:39:21","slug":"les-speculateurs-devraient-etre-juges-pour-crime-contre-lhumanite","status":"publish","type":"post","link":"https:\/\/bruxelles-pantheres.be\/?p=681","title":{"rendered":"\u00ab Les sp\u00e9culateurs devraient \u00eatre jug\u00e9s pour crime contre l\u2019humanit\u00e9 \u00bb"},"content":{"rendered":"<div>\n<div>\n<h3>Jean Ziegler\u00a0: \u00ab\u00a0Les sp\u00e9culateurs devraient \u00eatre jug\u00e9s pour crime contre l\u2019humanit\u00e9\u00a0\u00bb<\/h3>\n<div>\n<div>Les ressources de la plan\u00e8te peuvent nourrir 12 milliards d\u2019humains, mais la sp\u00e9culation et la mainmise des multinationales sur les mati\u00e8res premi\u00e8res cr\u00e9ent une p\u00e9nurie. Cons\u00e9quence\u00a0: chaque \u00eatre humain qui meurt de faim est assassin\u00e9, affirme Jean Ziegler, ancien rapporteur sp\u00e9cial de l\u2019ONU pour le droit \u00e0 l\u2019alimentation. Il d\u00e9nonce cette \u00ab\u00a0destruction massive\u00a0\u00bb par les march\u00e9s financiers. Des m\u00e9canismes construits par l\u2019homme, et que l\u2019homme peut renverser. Entretien.<\/div>\n<\/div>\n<p><img decoding=\"async\" class=\"alignright\" alt=\"\" src=\"http:\/\/www.bastamag.net\/local\/cache-vignettes\/L520xH350\/arton1995-71f62.jpg\" width=\"520\" height=\"350\" \/><\/p>\n<\/div>\n<p>Propos recueillis par <a href=\"http:\/\/www.bastamag.net\/auteur110.html\" target=\"_blank\">Elodie B\u00e9cu<\/a> \u2013<\/p>\n<p>&nbsp;<\/p>\n<p>&nbsp;<\/p>\n<p>&nbsp;<\/p>\n<p>&nbsp;<\/p>\n<p>&nbsp;<\/p>\n<p><!--more--><\/p>\n<div><\/div>\n<div><\/div>\n<div><strong>Craignez-vous que la crise financi\u00e8re amplifie celle de la faim dans le monde\u00a0?<\/strong><\/div>\n<div><strong>Jean Ziegler\u00a0:<\/strong> Tous les cinq secondes, un enfant de moins de 10\u00a0ans meurt de faim. Pr\u00e8s d\u2019un milliard d\u2019humains sur les 7\u00a0milliards que compte la plan\u00e8te souffrent de sous-alimentation. La pyramide des martyrs augmente. \u00c0 cette faim structurelle, s\u2019ajoute un ph\u00e9nom\u00e8ne conjoncturel\u00a0: les brusques famines provoqu\u00e9es par une catastrophe climatique \u2013 comme en Afrique orientale, o\u00f9 12 millions de personnes sont au bord de la destruction &#8211;\u00a0 ou par la guerre comme au Darfour. En raison de la crise financi\u00e8re, les ressources du Programme alimentaire mondial (PAM), charg\u00e9 de l\u2019aide d\u2019urgence, ont diminu\u00e9 de moiti\u00e9, passant de 6\u00a0milliards de dollars \u00e0 2,8\u00a0milliards. Les pays industrialis\u00e9s ne paient plus leurs cotisations car il faut sauver la Gr\u00e8ce, l\u2019Italie et les banques fran\u00e7aises. Une coupe budg\u00e9taire qui a un impact direct sur les plus d\u00e9munis. Dans la corne de l\u2019Afrique, le PAM est contraint de refuser l\u2019entr\u00e9e de ses centres de nutrition th\u00e9rapeutique \u00e0 des centaines de familles affam\u00e9es qui retournent dans la savane vers une mort presque certaine.<\/div>\n<div><img decoding=\"async\" alt=\"\" src=\"http:\/\/www.bastamag.net\/local\/cache-vignettes\/L150xH105\/3378917668_cd76e0720b_m-4b871.jpg\" width=\"150\" height=\"105\" \/><\/div>\n<div>Et les financiers continuent de sp\u00e9culer sur les march\u00e9s alimentaires. Les prix des trois aliments de base, ma\u00efs, bl\u00e9 et riz \u2013\u00a0qui couvrent 75\u00a0% de la consommation mondiale\u00a0\u2013 ont litt\u00e9ralement explos\u00e9. La hausse des prix \u00e9trangle les 1,7\u00a0milliard d\u2019humains extr\u00eamement pauvres vivant dans les bidonvilles de la plan\u00e8te, qui doivent assurer le minimum vital avec moins de 1,25\u00a0dollar par jour. Les sp\u00e9culateurs boursiers qui ont ruin\u00e9 les \u00e9conomies occidentales par app\u00e2t du gain et avidit\u00e9 folle devraient \u00eatre traduits devant un tribunal de Nuremberg pour crime contre l\u2019humanit\u00e9.<\/div>\n<div><strong><br \/>\n<\/strong><\/div>\n<div><strong>Les ressources de la plan\u00e8te suffisent \u00e0 nourrir l\u2019humanit\u00e9. La malnutrition est-elle seulement une question de r\u00e9partition\u00a0?<\/strong><\/div>\n<div>Le rapport annuel de la FAO (Organisation des Nations unies pour l\u2019alimentation et l\u2019agriculture) estime que l\u2019agriculture mondiale pourrait aujourd\u2019hui nourrir normalement 12 milliards d\u2019humains\u00a0[<a title=\"Selon les crit\u00e8res de l\u2019Organisation mondiale de la sant\u00e9 : 2 200 calories par\u00a0(...)\" href=\"http:\/\/www.bastamag.net\/article1995.html#nb1\" target=\"_blank\" rel=\"footnote\">1<\/a>], presque le double de l\u2019humanit\u00e9. Au seuil de ce nouveau mill\u00e9naire, il n\u2019y a plus aucune fatalit\u00e9, aucun manque objectif. La plan\u00e8te croule sous la richesse. Un enfant qui meurt de faim est assassin\u00e9. Il n\u2019est pas la victime d\u2019une \u00ab\u00a0loi de la nature\u00a0\u00bb\u00a0!<\/div>\n<div><strong><br \/>\n<\/strong><\/div>\n<div><strong>Au-del\u00e0 de la sp\u00e9culation, quelles sont les autres causes de la faim dans le monde\u00a0?<\/strong><\/div>\n<div>Tous les m\u00e9canismes qui tuent sont faits de main d\u2019homme. La fabrication d\u2019agrocarburants br\u00fble des millions de tonnes de ma\u00efs aux \u00c9tats-Unis. L\u2019oc\u00e9an vert de la canne \u00e0 sucre au Br\u00e9sil mange des millions d\u2019hectares de terres arables. Pour remplir un r\u00e9servoir de 50\u00a0litres de bio\u00e9thanol, vous devez br\u00fbler 352\u00a0kg de ma\u00efs. Au Mexique ou au Mali, o\u00f9 c\u2019est l\u2019aliment de base, un enfant vit une ann\u00e9e avec cette quantit\u00e9 de ma\u00efs. Il faut agir face au r\u00e9chauffement climatique, mais la solution ne passe pas par les agrocarburants\u00a0! Il faut faire des \u00e9conomies d\u2019\u00e9nergies, utiliser l\u2019\u00e9olien, le solaire, encourager les transports publics.<\/div>\n<div>Autre \u00e9l\u00e9ment\u00a0: le dumping agricole biaise les march\u00e9s alimentaires dans les pays africains. L\u2019Union europ\u00e9enne subventionne l\u2019exportation de sa production agricole. En Afrique, vous pouvez acheter sur n\u2019importe quel \u00e9tal des fruits, des l\u00e9gumes, du poulet venant d\u2019Europe \u00e0 quasiment la moiti\u00e9 du prix du produit africain \u00e9quivalent. Et quelques kilom\u00e8tres plus loin, le paysan et sa famille travaillent dix heures par jour sous un soleil br\u00fblant sans avoir la moindre chance de r\u00e9unir le minimum vital.<\/div>\n<div>Et la dette ext\u00e9rieure des pays les plus pauvres les p\u00e9nalise. Aucun gouvernement ne peut d\u00e9gager le minimum de capital \u00e0 investir dans l\u2019agriculture, alors que ces \u00c9tats ont un besoin crucial d\u2019am\u00e9liorer leur productivit\u00e9. En Afrique, il y a peu d\u2019animaux de traction, pas d\u2019engrais, pas de semences s\u00e9lectionn\u00e9es, pas assez d\u2019irrigation.<\/div>\n<div>Enfin, le march\u00e9 agricole mondial est domin\u00e9 par une dizaine de soci\u00e9t\u00e9s transcontinentales extr\u00eamement puissantes, qui d\u00e9cident chaque jour de qui va vivre et mourir. La strat\u00e9gie de lib\u00e9ralisation et de privatisation du Fonds mon\u00e9taire international (FMI), de la Banque mondiale et de l\u2019Organisation mondiale du commerce (OMC) a ouvert la porte des pays du Sud aux multinationales. La multinationale Cargill a contr\u00f4l\u00e9 l\u2019an dernier 26,8\u00a0% de tout le bl\u00e9 commercialis\u00e9 dans le monde, Louis Dreyfus g\u00e8re 31\u00a0% de tout le commerce du riz. Ils contr\u00f4lent les prix. La situation est la m\u00eame pour les intrants\u00a0: Monsanto et Syngenta dominent le march\u00e9 mondial \u2013\u00a0donc la productivit\u00e9 des paysans.<\/div>\n<div><strong><br \/>\n<\/strong><\/div>\n<div><strong>Que faire face \u00e0 cette situation\u00a0?<\/strong><\/div>\n<div>Ces m\u00e9canismes, faits de main d\u2019homme, peuvent \u00eatre chang\u00e9s par les hommes. Mon livre, <em>Destruction massive, G\u00e9opolitique de la faim<\/em>, malgr\u00e9 son titre alarmant, est un message d\u2019espoir. La France est une grande et puissante d\u00e9mocratie, comme la plupart des \u00c9tats dominateurs d\u2019Europe et d\u2019Occident. Il n\u2019y a pas d\u2019impuissance en d\u00e9mocratie. Nous avons toutes les armes constitutionnelles en main \u2013\u00a0mobilisation populaire, vote, gr\u00e8ve g\u00e9n\u00e9rale\u00a0\u2013 pour forcer le ministre de l\u2019Agriculture \u00e0 voter pour l\u2019abolition du dumping agricole \u00e0 Bruxelles. Le ministre des Finances peut se prononcer au FMI pour le d\u00e9sendettement total et imm\u00e9diat des pays les plus pauvres de la plan\u00e8te.<\/div>\n<div><strong><br \/>\n<\/strong><\/div>\n<div><strong>La crise de la dette europ\u00e9enne rend cette position plus difficile \u00e0 envisager\u2026<\/strong><\/div>\n<div>Elle complique la situation. Mais la <a href=\"http:\/\/www.bastamag.net\/article1800.html\" target=\"_blank\">taxe Tobin<\/a>, quand elle a \u00e9t\u00e9 propos\u00e9e par Attac il y a quinze ans, \u00e9tait qualifi\u00e9e d\u2019irr\u00e9aliste. Aujourd\u2019hui, elle est discut\u00e9e par le G20\u00a0! Les organisations internationales sont oblig\u00e9es de constater la mis\u00e8re explosive cr\u00e9\u00e9e par la hausse des prix des mati\u00e8res premi\u00e8res. Un chemin se dessine. Nous avons un imp\u00e9ratif cat\u00e9gorique moral \u2013\u00a0au-del\u00e0 des partis, des id\u00e9ologies, des institutions, des syndicats\u00a0: l\u2019\u00e9veil des consciences. Nous ne pouvons pas vivre dans un monde o\u00f9 des enfants meurent de faim alors que la plan\u00e8te croule sous les richesses. Nous ne voulons plus du banditisme bancaire. Nous voulons que l\u2019\u00c9tat \u00e0 nouveau exprime la volont\u00e9 du citoyen, et ne soit pas un simple auxiliaire des entreprises multinationales. Ces revendications cr\u00e9ent des mouvements dans la soci\u00e9t\u00e9 civile.<\/div>\n<div><strong><br \/>\n<\/strong><\/div>\n<div><strong>La crise ne risque-t-elle pas de provoquer une mont\u00e9e du populisme en Europe, plut\u00f4t qu\u2019un n\u00e9cessaire sursaut des consciences\u00a0?<\/strong><\/div>\n<div>La lutte est incertaine. Le ch\u00f4mage et la peur du lendemain sont les terreaux du fascisme. Mais il y a une formidable esp\u00e9rance \u00e0 la \u00ab\u00a0p\u00e9riph\u00e9rie\u00a0\u00bb, comme le montrent les insurrections paysannes pour la r\u00e9cup\u00e9ration des terres que les multinationales se sont appropri\u00e9es au nord du Br\u00e9sil et du S\u00e9n\u00e9gal, au Honduras ou en Indon\u00e9sie. Si nous arrivions \u00e0 faire la jonction, \u00e0 cr\u00e9er un front de solidarit\u00e9 entre ceux qui luttent \u00e0 l\u2019int\u00e9rieur du cerveau de ces monstres froids et ceux qui souffrent \u00e0 la p\u00e9riph\u00e9rie, alors l\u2019ordre cannibale du monde serait abattu. J\u2019ai d\u2019autant plus d\u2019espoir que l\u2019\u00e9cart entre Sud et Nord se r\u00e9duit, parce que la jungle avance. La violence nue du capital \u00e9tait jusqu\u2019ici amortie au Nord, par les lois, une certaine d\u00e9cence, la n\u00e9gociation entre syndicats et repr\u00e9sentants patronaux. Aujourd\u2019hui, elle frappe ici les populations humbles. Il faut montrer la voie de l\u2019insurrection et de la r\u00e9volte.<\/div>\n<div>\n<div>\n<h4>Notes<\/h4>\n<p>[<a id=\"nb1\" title=\"Notes 1\" href=\"http:\/\/www.bastamag.net\/article1995.html#nh1\" rev=\"footnote\">1<\/a>] Selon les crit\u00e8res de l\u2019Organisation mondiale de la sant\u00e9\u00a0: 2\u00a0200 calories par individu et par jour.<\/p>\n<p><a href=\"http:\/\/www.bastamag.net\" target=\"_blank\">http:\/\/www.bastamag.net<\/a><\/p>\n<\/div>\n<\/div>\n<\/div>\n","protected":false},"excerpt":{"rendered":"<p>Jean Ziegler\u00a0: \u00ab\u00a0Les sp\u00e9culateurs devraient \u00eatre jug\u00e9s pour crime contre l\u2019humanit\u00e9\u00a0\u00bb Les ressources de la plan\u00e8te peuvent nourrir 12 milliards d\u2019humains, mais la sp\u00e9culation et la mainmise des multinationales sur les mati\u00e8res premi\u00e8res cr\u00e9ent une p\u00e9nurie. Cons\u00e9quence\u00a0: chaque \u00eatre humain qui meurt de faim est assassin\u00e9, affirme Jean Ziegler, ancien rapporteur sp\u00e9cial de l\u2019ONU pour &#8230; <a title=\"\u00ab Les sp\u00e9culateurs devraient \u00eatre jug\u00e9s pour crime contre l\u2019humanit\u00e9 \u00bb\" class=\"read-more\" href=\"https:\/\/bruxelles-pantheres.be\/?p=681\" aria-label=\"En savoir plus sur \u00ab Les sp\u00e9culateurs devraient \u00eatre jug\u00e9s pour crime contre l\u2019humanit\u00e9 \u00bb\">Lire la suite<\/a><\/p>\n","protected":false},"author":1,"featured_media":682,"comment_status":"open","ping_status":"open","sticky":false,"template":"","format":"standard","meta":{"footnotes":""},"categories":[1,35,21,36,18],"tags":[32,34,46,33,38,19],"class_list":["post-681","post","type-post","status-publish","format-standard","has-post-thumbnail","hentry","category-non-classe","category-amerique-du-sud","category-anti-imperialisme","category-europe","category-resistance-bruxelles","tag-culture","tag-dette","tag-esclavage","tag-fmi","tag-guerre","tag-pauvrete"],"_links":{"self":[{"href":"https:\/\/bruxelles-pantheres.be\/index.php?rest_route=\/wp\/v2\/posts\/681","targetHints":{"allow":["GET"]}}],"collection":[{"href":"https:\/\/bruxelles-pantheres.be\/index.php?rest_route=\/wp\/v2\/posts"}],"about":[{"href":"https:\/\/bruxelles-pantheres.be\/index.php?rest_route=\/wp\/v2\/types\/post"}],"author":[{"embeddable":true,"href":"https:\/\/bruxelles-pantheres.be\/index.php?rest_route=\/wp\/v2\/users\/1"}],"replies":[{"embeddable":true,"href":"https:\/\/bruxelles-pantheres.be\/index.php?rest_route=%2Fwp%2Fv2%2Fcomments&post=681"}],"version-history":[{"count":2,"href":"https:\/\/bruxelles-pantheres.be\/index.php?rest_route=\/wp\/v2\/posts\/681\/revisions"}],"predecessor-version":[{"id":684,"href":"https:\/\/bruxelles-pantheres.be\/index.php?rest_route=\/wp\/v2\/posts\/681\/revisions\/684"}],"wp:featuredmedia":[{"embeddable":true,"href":"https:\/\/bruxelles-pantheres.be\/index.php?rest_route=\/wp\/v2\/media\/682"}],"wp:attachment":[{"href":"https:\/\/bruxelles-pantheres.be\/index.php?rest_route=%2Fwp%2Fv2%2Fmedia&parent=681"}],"wp:term":[{"taxonomy":"category","embeddable":true,"href":"https:\/\/bruxelles-pantheres.be\/index.php?rest_route=%2Fwp%2Fv2%2Fcategories&post=681"},{"taxonomy":"post_tag","embeddable":true,"href":"https:\/\/bruxelles-pantheres.be\/index.php?rest_route=%2Fwp%2Fv2%2Ftags&post=681"}],"curies":[{"name":"wp","href":"https:\/\/api.w.org\/{rel}","templated":true}]}}