{"id":6888,"date":"2026-08-29T06:21:01","date_gmt":"2026-08-29T05:21:01","guid":{"rendered":"https:\/\/bruxelles-pantheres.be\/?p=6888"},"modified":"2026-07-22T17:29:07","modified_gmt":"2026-07-22T16:29:07","slug":"en-images-le-caricaturiste-palestinien-naji-al-ali-pere-de-handala-assassine-il-y-a-39-ans","status":"publish","type":"post","link":"https:\/\/bruxelles-pantheres.be\/?p=6888","title":{"rendered":"EN IMAGES : Le caricaturiste palestinien Naji al-Ali, p\u00e8re de Handala, assassin\u00e9 il y a 39 ans"},"content":{"rendered":"<p>Le meurtre de Naji al-Ali, connu pour son personnage \u00e9nigmatique Handala, demeure un myst\u00e8re des d\u00e9cennies plus tard, malgr\u00e9 les soup\u00e7ons qui p\u00e8sent sur le Mossad isra\u00e9lien et des rivaux palestiniens<!--more--><img decoding=\"async\" src=\"https:\/\/platform-cdn.sharethis.com\/img\/facebook.svg\" alt=\"facebook sharing button\" \/><img decoding=\"async\" src=\"https:\/\/www.middleeasteye.net\/sites\/default\/files\/styles\/crop_16_9\/public\/images-story\/Naji-Ali-cartoonist-35-years-Palestinian-handala-AFP-Awad%20Awad.jpg.jpg?itok=LmmbqOyu\" \/><\/p>\n<section class=\"page-main-content\">\n<div class=\"region region-content\">\n<div class=\"scrollmagic-pin-spacer\" data-scrollmagic-pin-spacer=\"\">\n<section id=\"block-meesocialshare\" class=\"mee-social-share-block mee-social-share-block--hide-counter block block-mee-social-share block-mee-social-share-block clearfix\">\n<div class=\"mee-social-share-block\">\n<div id=\"st-1\" class=\"sharethis-inline-share-buttons st-center  st-inline-share-buttons st-animated\" data-once=\"meeSocialShare\">\n<div class=\"st-btn\" data-network=\"twitter\">Le 22 juillet 1987, au moins un homme arm\u00e9 ouvre le feu sur le caricaturiste et militant <a href=\"https:\/\/www.middleeasteye.net\/fr\/pays\/palestine\">palestinien<\/a>\u00a0Naji al-Ali devant les bureaux londoniens du journal\u00a0<a href=\"https:\/\/www.middleeasteye.net\/fr\/pays\/koweit\">kowe\u00eftien\u00a0<\/a><em>Al-Qaba<\/em>s. Touch\u00e9 \u00e0 la t\u00eate, Naji al-Ali est transf\u00e9r\u00e9 \u00e0 l\u2019h\u00f4pital, o\u00f9 il d\u00e9c\u00e8de un mois plus tard, le 29 ao\u00fbt.<\/div>\n<div data-network=\"twitter\"><img decoding=\"async\" src=\"https:\/\/www.middleeasteye.net\/sites\/default\/files\/styles\/max_2600x2600\/public\/2022-08\/Naj-Ali-Palestinian-cartoonist-35-years-MPS-AFP.jpg.jpg?itok=KxQkKEua\" \/><\/div>\n<\/div>\n<\/div>\n<\/section>\n<\/div>\n<article class=\"gallery full article-type clearfix\" data-history-node-id=\"264546\">\n<div class=\"field field-field-gallery-photos\">\n<div>\n<div class=\"paragraph paragraph--type--gallery-item paragraph--view-mode--default\">\n<div class=\"field field-field-gallery-item-description\">\n<p>Irrit\u00e9e par les informations selon lesquelles le Mossad, les renseignements\u00a0<a href=\"https:\/\/www.middleeasteye.net\/fr\/pays\/israel\">isra\u00e9liens<\/a>, \u00e9tait au courant du projet de meurtre du dessinateur, la Premi\u00e8re ministre britannique de l\u2019\u00e9poque, Margaret Thatcher, expulse les diplomates isra\u00e9liens et ferme le si\u00e8ge du Mossad \u00e0 Londres.<\/p>\n<p>N\u00e9anmoins, personne ne sera accus\u00e9 du meurtre de Naji al-Ali, bien que des soup\u00e7ons p\u00e8sent sur le Mossad, mais aussi sur des agents palestiniens agissant au nom d\u2019Isra\u00ebl ou de factions palestiniennes rivales. (Premi\u00e8re et deuxi\u00e8me photo : AFP)<\/p>\n<\/div>\n<\/div>\n<\/div>\n<div>\n<div class=\"paragraph paragraph--type--gallery-item paragraph--view-mode--default\">\n<div class=\"field field-field-gallery-item-photo\"><img decoding=\"async\" src=\"https:\/\/www.middleeasteye.net\/sites\/default\/files\/styles\/max_2600x2600\/public\/2022-08\/Naji-Ali-Graffiti-Ramallah-2012-Wikimedia-Amri%20Shomali.jpg.jpg?itok=xDj87nze\" \/><\/div>\n<div class=\"field field-field-gallery-item-description\">\n<p>Naji Salim Hussain al-Ali est n\u00e9 dans le village d\u2019al-Shajara en Galil\u00e9e en 1937, au cours du mandat britannique sur la Palestine, avant la cr\u00e9ation d\u2019Isra\u00ebl. \u00c0 l\u2019\u00e2ge de 10 ans, alors que les groupes arm\u00e9s sionistes envahissent son village natal, Naji et sa famille fuient vers le nord, au\u00a0<a href=\"https:\/\/www.middleeasteye.net\/fr\/pays\/liban\">Liban<\/a>, o\u00f9 ils se r\u00e9fugient dans le camp d\u2019Ain al-Hilweh, dans la ville m\u00e9ridionale de Sidon.<\/p>\n<p>Naji al-Ali \u00e9crira au sujet de cette exp\u00e9rience : \u00ab\u00a0J\u2019\u00e9tais un enfant de 10 ans quand nous sommes arriv\u00e9s au camp de r\u00e9fugi\u00e9s d\u2019Ain al-Hilweh. Nous avions faim, nous \u00e9tions \u00e9branl\u00e9s, pieds nus. La vie dans le camp \u00e9tait insupportable, pleine d\u2019humiliations quotidiennes, gouvern\u00e9e par la pauvret\u00e9 et le d\u00e9sespoir.\u00a0\u00bb<\/p>\n<p>L\u2019illustration ci-dessus montre un graffiti au pochoir repr\u00e9sentant Naji al-Ali dans la ville de Ramallah, en\u00a0<a href=\"https:\/\/www.middleeasteye.net\/fr\/topics\/occupation-palestine\">Cisjordanie occup\u00e9e<\/a>. (Wikim\u00e9dia\/Amir Shomali)<\/p>\n<\/div>\n<\/div>\n<\/div>\n<div>\n<div class=\"paragraph paragraph--type--gallery-item paragraph--view-mode--default\">\n<div class=\"field field-field-gallery-item-photo\"><img decoding=\"async\" src=\"https:\/\/www.middleeasteye.net\/sites\/default\/files\/styles\/max_2600x2600\/public\/2022-08\/Anji-Ali-Palestinian-cartoonist-35-years-Graffiti-Bethlehem-Apartheid-Wall-Kis-Lev3-Wikimedia.jpg.jpg?itok=qf9qYocx\" \/><\/div>\n<div class=\"field field-field-gallery-item-description\">\n<p>Cette exp\u00e9rience pr\u00e9coce influencera directement sa cr\u00e9ation la plus c\u00e9l\u00e8bre\u00a0: le personnage de Handala. Celui-ci appara\u00eet pour la premi\u00e8re fois dans un journal kowe\u00eftien en 1969 sous les traits d\u2019un Palestinien de 10 ans d\u00e9penaill\u00e9, l\u2019air h\u00e9b\u00e9t\u00e9, pieds nus, incarnant Naji al-Ali et les autres enfants palestiniens expuls\u00e9s de chez eux pour faire place \u00e0 l\u2019\u00e9tablissement d\u2019Isra\u00ebl. Il\u00a0<a href=\"https:\/\/www.versobooks.com\/books\/372-a-child-in-palestine\">dira<\/a>\u00a0un jour de Handala : \u00ab Il avait l\u2019\u00e2ge que j\u2019avais quand j\u2019ai quitt\u00e9 la Palestine et, dans un sens, j\u2019ai toujours cet \u00e2ge aujourd\u2019hui, et j\u2019ai l\u2019impression de pouvoir me rappeler et sentir chaque buisson, chaque pierre, chaque maison et chaque arbre que j\u2019ai crois\u00e9s quand j\u2019\u00e9tais enfant en Palestine.\u00a0\u00bb<\/p>\n<p>\u00c0 partir de 1973, le personnage appara\u00eet de dos pour protester contre l\u2019incapacit\u00e9 \u00e0 am\u00e9liorer le sort des Palestiniens et pour refl\u00e9ter la mani\u00e8re dont le monde leur a tourn\u00e9 le dos. Handala sera ensuite toujours repr\u00e9sent\u00e9 de dos. Le nom du personnage vient du mot arabe \u00ab\u00a0handhal\u00a0\u00bb, qui d\u00e9signe une plante au go\u00fbt amer originaire de Palestine, judicieusement choisi pour repr\u00e9senter l\u2019enfant palestinien aigri. (Wikim\u00e9dia)<\/p>\n<\/div>\n<\/div>\n<\/div>\n<div>\n<div class=\"paragraph paragraph--type--gallery-item paragraph--view-mode--default\">\n<div class=\"field field-field-gallery-item-photo\"><img decoding=\"async\" src=\"https:\/\/www.middleeasteye.net\/sites\/default\/files\/styles\/max_2600x2600\/public\/2022-08\/NAji-Ali-Palestinian-handala-35-years-graffiti-iqrith-wikimedia.jpg.jpg?itok=KJ4Ld6Pr\" \/><\/div>\n<div class=\"field field-field-gallery-item-description\">\n<p>Handala et les autres personnages de Naji al-Ali, dont certaines caricatures de dirigeants arabes, apparaissent dans un recueil de ses \u0153uvres,\u00a0<em>A Child in Palestine<\/em>. Des d\u00e9cennies apr\u00e8s sa mort, le journaliste et militant des droits de l\u2019homme John Pilger qualifiera le livre de \u00ab\u00a0r\u00e9volutionnaire\u00a0\u00bb. Il \u00e9crit : \u00ab\u00a0Les lecteurs occidentaux sont attir\u00e9s dans la vie des Palestiniens par la chaleur graphique, l\u2019inspiration et l\u2019horreur du caricaturiste Naji al-Ali, dont l\u2019embl\u00e9matique Hanthala est notre t\u00e9moin et notre conscience, implorant, \u00e0 juste titre, que nous n\u2019oubliions jamais.\u00a0\u00bb (Wikim\u00e9dia)<\/p>\n<\/div>\n<\/div>\n<\/div>\n<div>\n<div class=\"paragraph paragraph--type--gallery-item paragraph--view-mode--default\">\n<div class=\"field field-field-gallery-item-photo\"><img decoding=\"async\" src=\"https:\/\/www.middleeasteye.net\/sites\/default\/files\/styles\/max_2600x2600\/public\/2022-08\/Naji-Ali-35-years-Palestinian-cartoonist-handala-school-drawing-Jamal%20Nasrallah-AFP.jpg.jpg?itok=siWUKRzU\" \/><\/div>\n<div class=\"field field-field-gallery-item-description\">\n<p>L\u2019\u00e9crivain palestinien\u00a0<a href=\"https:\/\/www.middleeasteye.net\/fr\/actu-et-enquetes\/palestine-ecrivain-ghassan-kanafani-litterature-resistance-occupation-israel-mossad\">Ghassan Kanafani<\/a>, lui-m\u00eame assassin\u00e9 en 1972, rencontre Naji al-Ali dans le camp d\u2019Ain al-Hilweh dans les ann\u00e9es 1950\u00a0; son travail l\u2019impressionne. Cette reconnaissance aide le caricaturiste \u00e0 obtenir des commandes dans plusieurs journaux arabes. Ali d\u00e9m\u00e9nage finalement au\u00a0<a href=\"https:\/\/www.middleeasteye.net\/fr\/pays\/koweit\">Kowe\u00eft<\/a>, o\u00f9 il travaille pour les journaux\u00a0<em>Al-Siyasa<\/em>\u00a0et\u00a0<em>Al-Qabas<\/em>\u00a0pendant la majeure partie des ann\u00e9es 60 et 70.<\/p>\n<p>Ses caricatures se concentrent sur les luttes du peuple palestinien et sur ce qui est per\u00e7u comme l\u2019inaction des dirigeants arabes. Son non-alignement politique et son franc parler tout au long de sa vie lui apporteront le respect des Arabes lambda, certains le d\u00e9crivant comme le Malcolm X palestinien. (AFP\/Jamal Nasrallah)<\/p>\n<\/div>\n<\/div>\n<\/div>\n<div>\n<div class=\"paragraph paragraph--type--gallery-item paragraph--view-mode--default\">\n<div class=\"field field-field-gallery-item-photo\"><img decoding=\"async\" src=\"https:\/\/www.middleeasteye.net\/sites\/default\/files\/styles\/max_2600x2600\/public\/2022-08\/Naji-Ali-35-years-Palestinian-cartoonist-Kuwait-exhibition-Yasser%20Al%20Zayyat-AFP.jpg.jpg?itok=CUciVb0N\" \/><\/div>\n<div class=\"field field-field-gallery-item-description\">\n<p>En 1985, Naji al-Ali d\u00e9m\u00e9nage avec sa femme et ses cinq enfants \u00e0 Londres afin de travailler pour la branche londonienne d\u2019<em>Al-Qabas<\/em>. Critique \u00e0 la fois des dirigeants palestiniens et de la brutalit\u00e9 de l\u2019occupation isra\u00e9lienne, il re\u00e7oit des dizaines de menaces de mort tout au long de sa carri\u00e8re, selon le r\u00e9dacteur en chef du journal. D\u2019apr\u00e8s un\u00a0<a href=\"https:\/\/english.alaraby.co.uk\/analysis\/who-killed-naji-al-ali-palestines-most-beloved-artist\">article<\/a>, un de ses coll\u00e8gues aurait d\u00e9clar\u00e9 qu\u2019Ali avait re\u00e7u un appel peu avant sa mort d\u2019un haut responsable de l\u2019Organisation de lib\u00e9ration de la Palestine (OLP) lui disant de \u00ab\u00a0corriger\u00a0\u00bb son attitude. Naji al-Ali avait publi\u00e9 une caricature prenant pour cible\u00a0<a href=\"https:\/\/electronicintifada.net\/content\/naji-al-ali-timeless-conscience-palestine\/5166\">une amie<\/a>\u00a0du chef de l\u2019OLP Yasser Arafat.<\/p>\n<p>La photo ci-dessus est celle d\u2019une exposition des \u0153uvres de Naji al-Ali dans la ville de Kowe\u00eft en mai 2018 (AFP\/Yasser al-Zayat)<\/p>\n<\/div>\n<\/div>\n<\/div>\n<div>\n<div class=\"paragraph paragraph--type--gallery-item paragraph--view-mode--default\">\n<div class=\"field field-field-gallery-item-photo\"><img decoding=\"async\" src=\"https:\/\/www.middleeasteye.net\/sites\/default\/files\/styles\/max_2600x2600\/public\/2022-08\/Naji-Ali-35-years-Palestinian-cartoonist-exhibition-Kuwait-Yasser%20Al%20Zayyat-AFP.jpg.jpg?itok=BoSsEJr9\" \/><\/div>\n<div class=\"field field-field-gallery-item-description\">\n<p>Deux semaines apr\u00e8s l\u2019appel, Ali est touch\u00e9 par balle devant son bureau dans le sud-ouest de Londres. La police m\u00e9tropolitaine de la ville\u00a0<a href=\"https:\/\/www.middleeasteye.net\/news\/uk-police-reopen-unsolved-1987-murder-popular-palestinian-cartoonist\">rouvrira l\u2019enqu\u00eate<\/a>\u00a0en 2017, 30 ans apr\u00e8s sa mort, et publiera les descriptions de deux suspects. Son agresseur demeure toutefois inconnu \u00e0 ce jour et personne n\u2019a jamais \u00e9t\u00e9 inculp\u00e9. (AFP\/Yasser al-Zayyat)<\/p>\n<\/div>\n<\/div>\n<\/div>\n<div>\n<div class=\"paragraph paragraph--type--gallery-item paragraph--view-mode--default\">\n<div class=\"field field-field-gallery-item-photo\"><img decoding=\"async\" src=\"https:\/\/www.middleeasteye.net\/sites\/default\/files\/styles\/max_2600x2600\/public\/Naji%20Ali%20Brookwood%20Palestinian%20cartoonist.jpg.jpg?itok=WYlCvKXd\" \/><\/div>\n<div class=\"field field-field-gallery-item-description\">\n<p>La s\u00e9pulture de Naji al-Ali se trouve au\u00a0<a href=\"https:\/\/www.middleeasteye.net\/discover\/britain-london-brookwood-cemetery-middle-east-poets-politicians\">cimeti\u00e8re de Brookwood<\/a>, au sud-ouest de Londres, alors que son souhait \u00e9tait d\u2019\u00eatre enterr\u00e9\u00a0<a href=\"https:\/\/english.alaraby.co.uk\/analysis\/who-killed-naji-al-ali-palestines-most-beloved-artist\">aux c\u00f4t\u00e9s de son p\u00e8re<\/a>\u00a0\u00e0 Ain al-Hilweh. Un drapeau palestinien sur sa pierre tombale en marbre noir et un petit carnet repr\u00e9sentant le personnage de Handala rappellent sa carri\u00e8re et son activisme. (MEE\/Indlieb Farazi Saber)<\/p>\n<p><em>Traduit de l\u2019anglais (<a href=\"https:\/\/www.middleeasteye.net\/discover\/palestine-naji-ali-handala-creator-remembered\">original<\/a>).<\/em><\/p>\n<p><a href=\"https:\/\/www.middleeasteye.net\/fr\/actu-et-enquetes\/palestine-naji-al-ali-handala-caricaturiste-assassinat-israel?fbclid=IwY2xjawTNzPxleHRuA2FlbQIxMQBzcnRjBmFwcF9pZBAyMjIwMzkxNzg4MjAwODkyAAEei8gxjwpp_82S8l7AYybi2JaqNIeNc6wEtckwVQkR0B2hY_A-HRBQ1FEGg10_aem_Kiebkb3woKdvdvMTrYpcyA\">SOURCE<\/a><\/p>\n<\/div>\n<\/div>\n<\/div>\n<\/div>\n<\/article>\n<\/div>\n<\/section>\n","protected":false},"excerpt":{"rendered":"<p>Le meurtre de Naji al-Ali, connu pour son personnage \u00e9nigmatique Handala, demeure un myst\u00e8re des d\u00e9cennies plus tard, malgr\u00e9 les soup\u00e7ons qui p\u00e8sent sur le Mossad isra\u00e9lien et des rivaux palestiniens<\/p>\n","protected":false},"author":1,"featured_media":6889,"comment_status":"open","ping_status":"open","sticky":false,"template":"","format":"standard","meta":{"footnotes":""},"categories":[21,6,537],"tags":[758,759,757],"class_list":["post-6888","post","type-post","status-publish","format-standard","has-post-thumbnail","hentry","category-anti-imperialisme","category-palestine-moyen-orient","category-presse-medias","tag-handala","tag-mossad","tag-naji-al-ali"],"_links":{"self":[{"href":"https:\/\/bruxelles-pantheres.be\/index.php?rest_route=\/wp\/v2\/posts\/6888","targetHints":{"allow":["GET"]}}],"collection":[{"href":"https:\/\/bruxelles-pantheres.be\/index.php?rest_route=\/wp\/v2\/posts"}],"about":[{"href":"https:\/\/bruxelles-pantheres.be\/index.php?rest_route=\/wp\/v2\/types\/post"}],"author":[{"embeddable":true,"href":"https:\/\/bruxelles-pantheres.be\/index.php?rest_route=\/wp\/v2\/users\/1"}],"replies":[{"embeddable":true,"href":"https:\/\/bruxelles-pantheres.be\/index.php?rest_route=%2Fwp%2Fv2%2Fcomments&post=6888"}],"version-history":[{"count":1,"href":"https:\/\/bruxelles-pantheres.be\/index.php?rest_route=\/wp\/v2\/posts\/6888\/revisions"}],"predecessor-version":[{"id":6890,"href":"https:\/\/bruxelles-pantheres.be\/index.php?rest_route=\/wp\/v2\/posts\/6888\/revisions\/6890"}],"wp:featuredmedia":[{"embeddable":true,"href":"https:\/\/bruxelles-pantheres.be\/index.php?rest_route=\/wp\/v2\/media\/6889"}],"wp:attachment":[{"href":"https:\/\/bruxelles-pantheres.be\/index.php?rest_route=%2Fwp%2Fv2%2Fmedia&parent=6888"}],"wp:term":[{"taxonomy":"category","embeddable":true,"href":"https:\/\/bruxelles-pantheres.be\/index.php?rest_route=%2Fwp%2Fv2%2Fcategories&post=6888"},{"taxonomy":"post_tag","embeddable":true,"href":"https:\/\/bruxelles-pantheres.be\/index.php?rest_route=%2Fwp%2Fv2%2Ftags&post=6888"}],"curies":[{"name":"wp","href":"https:\/\/api.w.org\/{rel}","templated":true}]}}