{"id":690,"date":"2012-12-04T14:49:16","date_gmt":"2012-12-04T13:49:16","guid":{"rendered":"https:\/\/bruxelles-pantheres.be\/?p=690"},"modified":"2013-11-11T14:52:30","modified_gmt":"2013-11-11T13:52:30","slug":"motion-de-solidarite-avec-la-manif-antifa-reprimee","status":"publish","type":"post","link":"https:\/\/bruxelles-pantheres.be\/?p=690","title":{"rendered":"Motion de solidarit\u00e9 avec la manif antifa r\u00e9prim\u00e9e"},"content":{"rendered":"<header><img decoding=\"async\" class=\"alignnone\" alt=\"violence polici\u00e8re face aux femmes\" src=\"http:\/\/www.egalite.be\/wp-content\/uploads\/2012\/12\/violence-polici%C3%A8re-face-aux-femmes.jpg\" width=\"624\" height=\"468\" \/><\/header>\n<div>\n<div><\/div>\n<div>Signez et invitez vos amis \u00e0 <em>signer<\/em> aussi !<a href=\"http:\/\/www.petitions24.net\/solidarite_antifa\"><strong> ICI <\/strong><strong><\/strong><\/a><\/div>\n<h3>Motion de solidarit\u00e9 avec la manif antifa r\u00e9prim\u00e9e<\/h3>\n<div id=\"petition_text\">\n<p>Le 17 juin 2012, \u00e0 l\u2019appel des organisations de jeunesse et antifascistes, des manifestants antifascistes sont descendus dans les rues pour s\u2019opposer \u00e0 une manifestation d\u2019extr\u00eame-droite \u00e0 laquelle \u00e9taient pr\u00e9sents le Parti Populaire (PP) et Nation. Alors que ceux-ci d\u00e9filaient tranquillement sous la protection de la police, les militants antifascistes, eux, ont \u00e9t\u00e9 brutalement r\u00e9prim\u00e9s. Deux d\u2019entre eux se sont retrouv\u00e9s aux urgences, alors que les autres \u00e9taient emmen\u00e9s aux casernes d\u2019Etterbeek.<!--more--><\/p>\n<p>Les images des manifestants fracass\u00e9s par la police ont provoqu\u00e9 une indignation g\u00e9n\u00e9rale, ce qui a oblig\u00e9 la ministre Milquet et le bourgmestre Thielemans \u00e0 annoncer une enqu\u00eate. Comme nous nous en doutions, six mois plus tard, nous n\u2019avons toujours pas de nouvelles de cette \u00ab\u00a0enqu\u00eate\u00a0\u00bb. Par contre, les militants r\u00e9prim\u00e9s re\u00e7oivent, depuis le 27 novembre, des amendes administratives pour \u00ab\u00a0participation \u00e0 une manifestation non autoris\u00e9e\u00a0\u00bb. Le deux poids deux mesures pratiqu\u00e9 par les autorit\u00e9s est scandaleux. L\u2019extr\u00eame-droite, elle, \u00e9tait prot\u00e9g\u00e9e par la police lui permettant de scander ses appels \u00e0 la haine et ses slogans racistes.<\/p>\n<p>Dans cette p\u00e9riode de crise du capitalisme, les autorit\u00e9s n\u2019ont qu\u2019une seule r\u00e9ponse\u00a0: l\u2019aust\u00e9rit\u00e9. Mais\u00a0 l\u2019exclusion du ch\u00f4mage et la diminution des l\u2019allocations, l\u2019acc\u00e8s de plus en plus difficile au logement, la paup\u00e9risation des travailleurs et l\u2019attaque sur l\u2019index, la destruction de nos services publics, etc. ne sont pas des mesures populaires. Avec l\u2019aust\u00e9rit\u00e9 vient donc aussi la r\u00e9pression. Aujourd\u2019hui encore plus qu\u2019hier, le droit de manifester est mis en danger. Face \u00e0 la mobilisation croissante, les sanctions administratives sont l\u2019un des nouveaux outils utilis\u00e9s pour faire taire la contestation. Bient\u00f4t, elles serviront \u00e0 criminaliser les piquets de gr\u00e8ve et \u00e0 paralyser les organisations syndicales.<\/p>\n<p>Nous avons d\u00e9cid\u00e9 de ne pas payer les amendes administratives\u00a0, que nous jugeons ill\u00e9gitimes et dangereuses. Pour faire face \u00e0 cette r\u00e9pression des mouvements sociaux, nous avons besoin de votre soutien. Nous appelons toutes les organisations \u00e0 \u00eatre solidaires avec notre lutte.<\/p>\n<p><strong>NOUS NE PAYERONS PAS,\u00a0 NOUS NE C\u00c9DERONS PAS FACE A LA R\u00c9PRESSION.<\/strong><\/p>\n<p><strong>STOP \u00e0 la r\u00e9pression, NON au fascisme et NON \u00e0 l\u2019aust\u00e9rit\u00e9\u00a0!<\/strong><\/p>\n<p>Premier signataires\u00a0:<\/p>\n<p>JOC bruxelles<\/p>\n<p>Etudiants FGTB bruxelles<\/p>\n<div><\/div>\n<p>Signez et invitez vos amis \u00e0 <em>signer<\/em> aussi !<a href=\"http:\/\/www.petitions24.net\/solidarite_antifa\"><strong> ICI <\/strong><\/a><\/p>\n<p>Le texte est en cours de signature dans diff\u00e9rentes organisations.<\/p>\n<\/div>\n<\/div>\n","protected":false},"excerpt":{"rendered":"<p>Signez et invitez vos amis \u00e0 signer aussi ! ICI Motion de solidarit\u00e9 avec la manif antifa r\u00e9prim\u00e9e Le 17 juin 2012, \u00e0 l\u2019appel des organisations de jeunesse et antifascistes, des manifestants antifascistes sont descendus dans les rues pour s\u2019opposer \u00e0 une manifestation d\u2019extr\u00eame-droite \u00e0 laquelle \u00e9taient pr\u00e9sents le Parti Populaire (PP) et Nation. Alors &#8230; <a title=\"Motion de solidarit\u00e9 avec la manif antifa r\u00e9prim\u00e9e\" class=\"read-more\" href=\"https:\/\/bruxelles-pantheres.be\/?p=690\" aria-label=\"En savoir plus sur Motion de solidarit\u00e9 avec la manif antifa r\u00e9prim\u00e9e\">Lire la suite<\/a><\/p>\n","protected":false},"author":1,"featured_media":691,"comment_status":"open","ping_status":"open","sticky":false,"template":"","format":"standard","meta":{"footnotes":""},"categories":[18,5],"tags":[31,14],"class_list":["post-690","post","type-post","status-publish","format-standard","has-post-thumbnail","hentry","category-resistance-bruxelles","category-violence-policiere","tag-belgique","tag-bruxelles"],"_links":{"self":[{"href":"https:\/\/bruxelles-pantheres.be\/index.php?rest_route=\/wp\/v2\/posts\/690","targetHints":{"allow":["GET"]}}],"collection":[{"href":"https:\/\/bruxelles-pantheres.be\/index.php?rest_route=\/wp\/v2\/posts"}],"about":[{"href":"https:\/\/bruxelles-pantheres.be\/index.php?rest_route=\/wp\/v2\/types\/post"}],"author":[{"embeddable":true,"href":"https:\/\/bruxelles-pantheres.be\/index.php?rest_route=\/wp\/v2\/users\/1"}],"replies":[{"embeddable":true,"href":"https:\/\/bruxelles-pantheres.be\/index.php?rest_route=%2Fwp%2Fv2%2Fcomments&post=690"}],"version-history":[{"count":2,"href":"https:\/\/bruxelles-pantheres.be\/index.php?rest_route=\/wp\/v2\/posts\/690\/revisions"}],"predecessor-version":[{"id":693,"href":"https:\/\/bruxelles-pantheres.be\/index.php?rest_route=\/wp\/v2\/posts\/690\/revisions\/693"}],"wp:featuredmedia":[{"embeddable":true,"href":"https:\/\/bruxelles-pantheres.be\/index.php?rest_route=\/wp\/v2\/media\/691"}],"wp:attachment":[{"href":"https:\/\/bruxelles-pantheres.be\/index.php?rest_route=%2Fwp%2Fv2%2Fmedia&parent=690"}],"wp:term":[{"taxonomy":"category","embeddable":true,"href":"https:\/\/bruxelles-pantheres.be\/index.php?rest_route=%2Fwp%2Fv2%2Fcategories&post=690"},{"taxonomy":"post_tag","embeddable":true,"href":"https:\/\/bruxelles-pantheres.be\/index.php?rest_route=%2Fwp%2Fv2%2Ftags&post=690"}],"curies":[{"name":"wp","href":"https:\/\/api.w.org\/{rel}","templated":true}]}}