{"id":694,"date":"2012-12-04T14:52:47","date_gmt":"2012-12-04T13:52:47","guid":{"rendered":"https:\/\/bruxelles-pantheres.be\/?p=694"},"modified":"2013-11-11T14:55:16","modified_gmt":"2013-11-11T13:55:16","slug":"non-aux-expulsions-non-aux-deportations-collectives","status":"publish","type":"post","link":"https:\/\/bruxelles-pantheres.be\/?p=694","title":{"rendered":"NON AUX EXPULSIONS, NON AUX DEPORTATIONS COLLECTIVES"},"content":{"rendered":"<div>\n<p><strong>NON AUX EXPULSIONS, NON AUX D\u00c9PORTATIONS COLLECTIVES<\/strong><\/p>\n<p>L\u2019office des \u00e9trangers a adopt\u00e9 la m\u00e9chante habitude d\u2019organiser, en plus de la trentaine d\u2019expulsions quotidiennes sur des vols r\u00e9guliers, des vols \u00ab\u00a0s\u00e9curis\u00e9s\u00a0\u00bb, vols collectifs afin de d\u00e9porter les personnes jug\u00e9s ind\u00e9sirables par notre \u00e9tat..<!--more--><\/p>\n<p>Nous avons re\u00e7u nombre d\u2019appel de Congolais, enferm\u00e9s dans les centres ferm\u00e9s \u00e0 qui on a annonc\u00e9 un vol militaire et group\u00e9 ce mercredi 5\/12\/2012 \u00e0 16 heures.<\/p>\n<p>Les candidats expuls\u00e9s sont actuellement rassembl\u00e9s au centre ferm\u00e9 127bis \u00e0 Steenokkerzeel.<\/p>\n<p>Beaucoup sont atterr\u00e9s\u00a0: certains sont encore en proc\u00e9dure d\u2019asile ou de r\u00e9gularisation, d\u2019autres sont n\u00e9s en Europe, , d\u2019autres ont un enfant Belge ici, d\u2019autres risquent en RDC la prison, d\u2019autres ont un tribunal pr\u00e9vu les jours qui suivent.<\/p>\n<p>Ces vols militaris\u00e9s sont organis\u00e9s dans le secret total dans le cadre d\u2019une coop\u00e9ration bilat\u00e9rale entre la Belgique et la RDC. Ils sont accompagn\u00e9s d\u2019une mobilisation de forces de l\u2019ordre et de forces militaires disproportionn\u00e9es. Chaque d\u00e9port\u00e9 est accompagn\u00e9 par 2 ou3 et selon les t\u00e9moignages r\u00e9colt\u00e9s lors d\u2019autres \u00ab\u00a0vols group\u00e9s\u00a0\u00bb les violences ne sont pas rare.<\/p>\n<p>Encore une fois, la Belgique participe, organise et adopte une politique active et agressive, afin de renvoyer des personnes \u00ab ind\u00e9sirables \u00bb vers leur continent.<\/p>\n<p>Nous n\u2019accepterons jamais ces exclusions, faites sous de faux pr\u00e9textes s\u00e9curitaires et \u00e9conomiques.<\/p>\n<p>Nous savons que le vivre ensemble est possible dans ce monde et ne peut que nous enrichir tous.<\/p>\n<p>POUR UN ARR\u00caT IMMEDIAT DE TOUTES LES EXPULSIONS, POUR UNE SUPPRESSION TOTALE DES CENTRES FERMES, LIBERTE DE CIRCULATION ET D\u2019INSTALLATION POUR TOUS, POUR UN MONDE SANS FRONTIERES, PERSONNES N\u2019EST ILLEGAL.<\/p>\n<p>Affiche <a href=\"http:\/\/www.gettingthevoiceout.org\/wordpress\/wp-content\/uploads\/2012\/12\/tract-impressioin-1.jpg\">ici<\/a> et <a href=\"http:\/\/www.gettingthevoiceout.org\/wordpress\/wp-content\/uploads\/2012\/12\/image-tract.jpg\">ici<\/a><\/p>\n<p>TRACT<a href=\"http:\/\/www.gettingthevoiceout.org\/wordpress\/wp-content\/uploads\/2012\/12\/texte-impr.jpg\"> ici<\/a><\/p>\n<header><img decoding=\"async\" class=\"alignright\" alt=\"personne n'est ill\u00e9gal\" src=\"http:\/\/www.egalite.be\/wp-content\/uploads\/2012\/12\/personne-nest-ill%C3%A9gal.jpg\" width=\"624\" height=\"247\" \/><\/p>\n<div>\u00a0&#8211;\u00a0Read this post in <a href=\"http:\/\/www.gettingthevoiceout.org\/non-aux-expulsions-non-aux-deportations-collectives-2\/\">English <img decoding=\"async\" alt=\"\" src=\"http:\/\/www.gettingthevoiceout.org\/wordpress\/wp-content\/themes\/twentyten-xili\/images\/flags\/en_uk.png\" \/><\/a>, <a href=\"http:\/\/www.gettingthevoiceout.org\/neen-aan-de-uitzettingen-neen-aan-de-collectieve-deportaties-2\/\">Nederlands <img decoding=\"async\" alt=\"\" src=\"http:\/\/www.gettingthevoiceout.org\/wordpress\/wp-content\/themes\/twentyten-xili\/images\/flags\/nl_be.png\" \/><\/a><\/div>\n<p align=\"CENTER\">RASSEMBLEMENT devant le palais de Maggie De block<\/p>\n<p align=\"CENTER\">Boulevard de Waterloo 115 1000 Bruxelles<\/p>\n<p align=\"CENTER\">ce mercredi 05\/12\/2012 \u00e0 16 heures<\/p>\n<\/header>\n<\/div>\n","protected":false},"excerpt":{"rendered":"<p>NON AUX EXPULSIONS, NON AUX D\u00c9PORTATIONS COLLECTIVES L\u2019office des \u00e9trangers a adopt\u00e9 la m\u00e9chante habitude d\u2019organiser, en plus de la trentaine d\u2019expulsions quotidiennes sur des vols r\u00e9guliers, des vols \u00ab\u00a0s\u00e9curis\u00e9s\u00a0\u00bb, vols collectifs afin de d\u00e9porter les personnes jug\u00e9s ind\u00e9sirables par notre \u00e9tat..<\/p>\n","protected":false},"author":1,"featured_media":446,"comment_status":"open","ping_status":"open","sticky":false,"template":"","format":"standard","meta":{"footnotes":""},"categories":[36,4,7,8,18,28,37,39,5],"tags":[],"class_list":["post-694","post","type-post","status-publish","format-standard","has-post-thumbnail","hentry","category-europe","category-islamophobie","category-negrophobie","category-prisons","category-resistance-bruxelles","category-racismes","category-romophobie","category-sans-papier","category-violence-policiere"],"_links":{"self":[{"href":"https:\/\/bruxelles-pantheres.be\/index.php?rest_route=\/wp\/v2\/posts\/694","targetHints":{"allow":["GET"]}}],"collection":[{"href":"https:\/\/bruxelles-pantheres.be\/index.php?rest_route=\/wp\/v2\/posts"}],"about":[{"href":"https:\/\/bruxelles-pantheres.be\/index.php?rest_route=\/wp\/v2\/types\/post"}],"author":[{"embeddable":true,"href":"https:\/\/bruxelles-pantheres.be\/index.php?rest_route=\/wp\/v2\/users\/1"}],"replies":[{"embeddable":true,"href":"https:\/\/bruxelles-pantheres.be\/index.php?rest_route=%2Fwp%2Fv2%2Fcomments&post=694"}],"version-history":[{"count":1,"href":"https:\/\/bruxelles-pantheres.be\/index.php?rest_route=\/wp\/v2\/posts\/694\/revisions"}],"predecessor-version":[{"id":695,"href":"https:\/\/bruxelles-pantheres.be\/index.php?rest_route=\/wp\/v2\/posts\/694\/revisions\/695"}],"wp:featuredmedia":[{"embeddable":true,"href":"https:\/\/bruxelles-pantheres.be\/index.php?rest_route=\/wp\/v2\/media\/446"}],"wp:attachment":[{"href":"https:\/\/bruxelles-pantheres.be\/index.php?rest_route=%2Fwp%2Fv2%2Fmedia&parent=694"}],"wp:term":[{"taxonomy":"category","embeddable":true,"href":"https:\/\/bruxelles-pantheres.be\/index.php?rest_route=%2Fwp%2Fv2%2Fcategories&post=694"},{"taxonomy":"post_tag","embeddable":true,"href":"https:\/\/bruxelles-pantheres.be\/index.php?rest_route=%2Fwp%2Fv2%2Ftags&post=694"}],"curies":[{"name":"wp","href":"https:\/\/api.w.org\/{rel}","templated":true}]}}