{"id":70,"date":"2009-06-26T02:01:25","date_gmt":"2009-06-26T01:01:25","guid":{"rendered":"https:\/\/bruxelles-pantheres.be\/?p=70"},"modified":"2013-11-09T22:43:06","modified_gmt":"2013-11-09T21:43:06","slug":"en-belgique-pres-de-800-000-chomeurs-a-lhorizon-2011","status":"publish","type":"post","link":"https:\/\/bruxelles-pantheres.be\/?p=70","title":{"rendered":"En Belgique, pr\u00e8s de 800.000 ch\u00f4meurs \u00e0 l\u2019horizon 2011\u2026"},"content":{"rendered":"<p><a href=\"http:\/\/www.egalite.be\/wp-content\/uploads\/2009\/06\/20071004_in_tf_0410tauxchomageep_2.jpg\"><img decoding=\"async\" class=\"alignright\" title=\"_20071004_in_tf_0410tauxchomageep_2\" alt=\"\" src=\"http:\/\/www.egalite.be\/wp-content\/uploads\/2009\/06\/20071004_in_tf_0410tauxchomageep_2-300x212.jpg\" width=\"300\" height=\"212\" \/><\/a><\/p>\n<p>Les pr\u00e9visions du Bureau du plan sont plus sombres que pr\u00e9vu, tablant sur des pertes d\u2019emploi importantes au cours des prochaines ann\u00e9es, ainsi qu\u2019une croissance n\u00e9gative, peut-on lire jeudi dans Le Soir et l\u2019Echo.<!--more--><\/p>\n<p>Le Bureau du plan pr\u00e9voit la perte nette 30.000 emplois cette ann\u00e9e et pr\u00e8s de 82.000 l\u2019an prochain. D\u2019apr\u00e8s Le Soir, le taux de ch\u00f4mage pourrait ainsi fr\u00f4ler les 13% \u00e0 la fin 2009 et atteindre 15,1% en 2010. En 2011, la Belgique atteindra le chiffre impressionnant de 804.000 ch\u00f4meurs, selon les estimations. Entre 2008 et 2011, les rangs des ch\u00f4meurs auront ainsi gonfl\u00e9 de 200.000 unit\u00e9s.<\/p>\n<p>Le Plan table \u00e9galement sur le maintien d\u2019une croissance n\u00e9gative (-0,2% selon Le Soir, -0,3% selon L\u2019Echo) en 2010, alors qu\u2019on tablait sur une stagnation du PIB. De m\u00eame, la reprise en 2011 plafonnerait \u00e0 1,9% au lieu d\u2019atteindre 2,4%.<\/p>\n<p>Ces chiffres serviront de base \u00e0 la confection du prochain budget de l\u2019\u00c9tat. Les efforts de r\u00e9duction du d\u00e9ficit structurel (5% du PIB) seront adapt\u00e9s \u00e0 la situation \u00e9conomique. Cela signifie qu\u2019on se \u00ab\u00a0contenterait\u00a0\u00bb de trouver 4,2 milliards sur les deux prochaines ann\u00e9es et non 5,7 millions d\u2019euros comme \u00e9voqu\u00e9, souligne L\u2019Echo.<\/p>\n<p>Pour sauver l\u2019\u00e9pure budg\u00e9taire que le gouvernement f\u00e9d\u00e9ral veut \u00e9tablir, le Premier ministre Van Rompuy s\u2019appr\u00eate \u00e0 interpeller les formateurs des gouvernements r\u00e9gionaux afin d\u2019amorcer avec eux une strat\u00e9gie de redressement budg\u00e9taire. Il s\u2019agirait de mettre au point les efforts \u00e0 consentir par les entit\u00e9s f\u00e9d\u00e9r\u00e9es.<\/p>\n<p>L\u2019Echo indique, pour sa part, que Herman Van Rompuy attendra l\u2019installation des ex\u00e9cutifs r\u00e9gionaux pour n\u00e9gocier la r\u00e9partition de l\u2019effort d\u2019ajustement. Des contacts informels auraient toutefois d\u00e9j\u00e0 eu lieu avec les formateurs.<\/p>\n<p>Source: Belga<br \/>\n25\/06\/09<\/p>\n","protected":false},"excerpt":{"rendered":"<p>Les pr\u00e9visions du Bureau du plan sont plus sombres que pr\u00e9vu, tablant sur des pertes d\u2019emploi importantes au cours des prochaines ann\u00e9es, ainsi qu\u2019une croissance n\u00e9gative, peut-on lire jeudi dans Le Soir et l\u2019Echo.<\/p>\n","protected":false},"author":1,"featured_media":71,"comment_status":"open","ping_status":"open","sticky":false,"template":"","format":"standard","meta":{"footnotes":""},"categories":[22],"tags":[14,23,19],"class_list":["post-70","post","type-post","status-publish","format-standard","has-post-thumbnail","hentry","category-emploi","tag-bruxelles","tag-discrimination","tag-pauvrete"],"_links":{"self":[{"href":"https:\/\/bruxelles-pantheres.be\/index.php?rest_route=\/wp\/v2\/posts\/70","targetHints":{"allow":["GET"]}}],"collection":[{"href":"https:\/\/bruxelles-pantheres.be\/index.php?rest_route=\/wp\/v2\/posts"}],"about":[{"href":"https:\/\/bruxelles-pantheres.be\/index.php?rest_route=\/wp\/v2\/types\/post"}],"author":[{"embeddable":true,"href":"https:\/\/bruxelles-pantheres.be\/index.php?rest_route=\/wp\/v2\/users\/1"}],"replies":[{"embeddable":true,"href":"https:\/\/bruxelles-pantheres.be\/index.php?rest_route=%2Fwp%2Fv2%2Fcomments&post=70"}],"version-history":[{"count":2,"href":"https:\/\/bruxelles-pantheres.be\/index.php?rest_route=\/wp\/v2\/posts\/70\/revisions"}],"predecessor-version":[{"id":143,"href":"https:\/\/bruxelles-pantheres.be\/index.php?rest_route=\/wp\/v2\/posts\/70\/revisions\/143"}],"wp:featuredmedia":[{"embeddable":true,"href":"https:\/\/bruxelles-pantheres.be\/index.php?rest_route=\/wp\/v2\/media\/71"}],"wp:attachment":[{"href":"https:\/\/bruxelles-pantheres.be\/index.php?rest_route=%2Fwp%2Fv2%2Fmedia&parent=70"}],"wp:term":[{"taxonomy":"category","embeddable":true,"href":"https:\/\/bruxelles-pantheres.be\/index.php?rest_route=%2Fwp%2Fv2%2Fcategories&post=70"},{"taxonomy":"post_tag","embeddable":true,"href":"https:\/\/bruxelles-pantheres.be\/index.php?rest_route=%2Fwp%2Fv2%2Ftags&post=70"}],"curies":[{"name":"wp","href":"https:\/\/api.w.org\/{rel}","templated":true}]}}