{"id":700,"date":"2012-11-26T15:07:57","date_gmt":"2012-11-26T14:07:57","guid":{"rendered":"https:\/\/bruxelles-pantheres.be\/?p=700"},"modified":"2013-11-11T15:10:12","modified_gmt":"2013-11-11T14:10:12","slug":"islamophobie-quand-les-blancs-perdent-leur-triple-a","status":"publish","type":"post","link":"https:\/\/bruxelles-pantheres.be\/?p=700","title":{"rendered":"Islamophobie : quand les Blancs perdent leur triple A"},"content":{"rendered":"<div>\n<div><img decoding=\"async\" class=\"alignright\" alt=\"https:\/\/mail-attachment.googleusercontent.com\/attachment\/?ui=2&amp;ik=908e7d29dd&amp;view=att&amp;th=13adb863408148e8&amp;attid=0.3&amp;disp=inline&amp;realattid=f_h98lvbro2&amp;safe=1&amp;zw&amp;saduie=AG9B_P_6uleh5aWlGeAIkk4k_OEU&amp;sadet=1353941743160&amp;sads=0NBCaNJO2Os9Gd00rB1P27w3dkc\" src=\"https:\/\/mail-attachment.googleusercontent.com\/attachment\/?ui=2&amp;ik=908e7d29dd&amp;view=att&amp;th=13adb863408148e8&amp;attid=0.3&amp;disp=inline&amp;realattid=f_h98lvbro2&amp;safe=1&amp;zw&amp;saduie=AG9B_P_6uleh5aWlGeAIkk4k_OEU&amp;sadet=1353941743160&amp;sads=0NBCaNJO2Os9Gd00rB1P27w3dkc\" width=\"461\" height=\"307\" \/><\/div>\n<div>Nordine Sa\u00efdi &amp; Houria Bouteldja<\/div>\n<p>&nbsp;<\/p>\n<address><strong>Islamophobie : quand les Blancs perdent leur triple A (1\/2)<\/strong><\/address>\n<div>Houria Bouteldja<\/div>\n<address><a href=\"http:\/\/profil.newsring.fr\/7252-houria-bouteldja\" target=\"_top\">Porte-parole du parti des Indig\u00e8nes de la R\u00e9publiq\u2026<\/a><\/address>\n<p>26 novembre 2012, 12:47<\/p>\n<div>\n<div>\n<p>\u00a0D\u2019abord, la France est une entit\u00e9 qu\u2019on ne peut pas essentialiser. Affirmer que \u00abla France est islamophobe\u00bb, ou qu\u2019elle ne l\u2019est pas cela ne veut rien dire car elle est travers\u00e9e de conflits politiques.<\/p>\n<p>Par contre on peut dire qu\u2019il y a un sentiment dominant dans l\u2019opinion qui refl\u00e8te une hostilit\u00e9 grandissante \u00e0 l\u2019\u00e9gard de l\u2019Islam et des musulmans. Je pense pour ma part qu\u2019on assiste effectivement en France \u00e0 une r\u00e9g\u00e9n\u00e9rescence du racisme \u00e0 travers l\u2019islamophobie\u00a0 et qu\u2019elle est entretenue par les m\u00e9dias et par les grands partis politiques dans un objectif bien pr\u00e9cis.<!--more--><\/p>\n<p>La droite et l\u2019extr\u00eame-droite l\u2019entretiennent \u00e9videmment, mais la gauche institutionnelle, repr\u00e9sent\u00e9e par le PS, \u00e9galement. L\u2019extr\u00eame gauche n\u2019est pas en reste. Rappelons en effet que l\u2019interdiction du voile \u00e0 l\u2019\u00e9cole a \u00e9t\u00e9 soutenue, voire port\u00e9e, par de larges franges de l\u2019extr\u00eame gauche dans les ann\u00e9es 2000.<br \/>\nSi cette id\u00e9ologie recouvre un si large spectre politique, alors on peut dire que l\u2019islamophobie est largement partag\u00e9e. Elle transcende largement les partis politiques. Si sur certaines questions, comme le mariage gay par exemple, le clivage gauche-droite persiste relativement, ce n\u2019est pas le cas pour l\u2019islamophobie.<\/p>\n<p>L\u2019islamophobie, un racisme d\u2019Etat<\/p>\n<p>Je ne crois pas qu\u2019il faille parler de \u00absentiment\u00bb pour l\u2019islamophobie. On utilise en effet souvent les mots \u00abrepr\u00e9sentations\u00bb et \u00abimaginaire\u00bb, alors que l\u2019islamophobie est institutionnalis\u00e9e. En effet, il y a des lois islamophobes.<br \/>\nLa loi de 2004, par exemple, est une loi contre les jeunes filles qui portent le foulard, c\u2019est une loi qui a transform\u00e9 \u2013 je dirais m\u00eame trahi \u2013 l\u2019esprit de la\u00efcit\u00e9 de la loi de 1905. La la\u00efcit\u00e9, cela signifie en effet neutralit\u00e9 de l\u2019Etat : l\u2019Etat est sans religion, il est neutre, donc il n\u2019est pas ath\u00e9e ni agnostique. Avec la loi de 2004, la neutralit\u00e9, qui est un devoir de l\u2019Etat, devient un devoir des citoyens.<br \/>\nParler de sentiment pour l\u2019islamophobie, c\u2019est un euph\u00e9misme. L\u2019islamophobie est d\u2019abord et avant tout un racisme d\u2019Etat.<br \/>\nJe dis bien un \u00abracisme\u00bb, car le mot \u00abislamophobie\u00bb peut para\u00eetre vague. Il y a un d\u00e9bat pour d\u00e9terminer s\u2019il faut plut\u00f4t dire \u00abislamophobie\u00bb\u00a0 ou \u00abmusulmanophobie\u00bb. Pour moi, l\u2019essentiel, c\u2019est de bien d\u00e9finir le terme. Qu\u2019on parle de musulmanophobie ou d\u2019islamophobie, peu importe, ce qu\u2019il faut entendre derri\u00e8re c\u2019est que c\u2019est un racisme d\u2019Etat.<\/p>\n<p>Ce racisme n\u2019a pas d\u2019autre objectif que de maintenir une population dans un statut de subalterne. Le terme m\u00eame de \u00abmusulmans\u00bb est d\u00e9j\u00e0 probl\u00e9matique en soi. Je suis musulmane, mais il y a 25 ans je n\u2019\u00e9tais pas consid\u00e9r\u00e9e comme musulmane, alors que je l\u2019\u00e9tais d\u00e9j\u00e0. A l\u2019\u00e9poque, j\u2019\u00e9tais une \u00abbeurette\u00bb ou une \u00abissue de l\u2019immigration\u00bb. M\u2019identifier moi-m\u00eame comme musulmane n\u2019est pas un probl\u00e8me, c\u2019est m\u00eame une fiert\u00e9. Par contre le fait qu\u2019on me per\u00e7oive d\u2019office comme musulmane me g\u00eane.\u00a0 Car les non musulmans ne sont pas appr\u00e9hend\u00e9s \u00e0 priori par leur religion. C\u2019est une mani\u00e8re de d\u00e9finir les citoyens selon des cat\u00e9gories et des classements \u00e9tablis par les politiques et le d\u00e9bat publique. On classe d\u2019office toute une population, sans faire la diff\u00e9rence entre ceux qui sont musulmans, pratiquants, agnostiques ou encore ath\u00e9es. On est plac\u00e9 dans la cat\u00e9gorie musulman quelle que soit notre subjectivit\u00e9.<\/p>\n<p>Class\u00e9 d\u2019office comme citoyen \u00e0 probl\u00e8mes<\/p>\n<p>Je dirais m\u00eame que \u00abmusulman\u00bb peut \u00eatre \u00e9tendu \u00e0 \u00abhabitant des quartiers populaires\u00bb. C\u2019est parfois un euph\u00e9misme pour dire \u00abbanlieue\u00bb. Pour ma part, je n\u2019aime pas \u00eatre plac\u00e9e dans cette cat\u00e9gorie d\u2019office car je ne suis pas ma\u00eetresse de sa d\u00e9finition. Son contenu est p\u00e9joratif, il est associ\u00e9 au terrorisme, \u00e0 la violence, \u00e0 l\u2019int\u00e9grisme. Il m\u2019\u00e9chappe. C\u2019est cette impuissance et cette condition qui font de moi une indig\u00e8ne de la r\u00e9publique. La charte sur l\u2019islam que l\u2019UMP souhaite faire adopter n\u2019est ni plus ni moins qu\u2019un nouveau code de l\u2019indig\u00e9nat. Quand on parle de musulmans, on parle toujours d\u2019une cat\u00e9gorie de population probl\u00e9matique, qui doit montrer patte blanche, d\u00e9noncer les terroristes et Ben Laden. Or, \u00e0 titre d\u2019exemple, on ne demande pas aux Corses lambda de condamner des attentats sur leur \u00eele, et \u00e0 juste titre car ce sont des attentats politiques qui ne doivent \u00eatre assum\u00e9s que par leurs auteurs. Nous, les musulmans, nous sommes tous coupables. Le paradoxe, c\u2019est que pour beaucoup, c\u2019est \u00e0 partir de cette identit\u00e9 que va se mener la lutte. S\u2019affirmer musulman \u00e0 partir de notre propre d\u00e9finition, c\u2019est une mani\u00e8re d\u2019 \u00e9chapper \u00e0 la d\u00e9finition \u00e9tatique qui nous enferre. Les Antillais diraient qu\u2019on marronne en r\u00e9f\u00e9rence aux n\u00e8gres marrons, ces esclaves qui se sont enfuis et qui ont su pr\u00e9server leur mode de vie africains.<\/p>\n<p>La source de l\u2019islamophobie reste l\u2019Etat et la politique internationale. La guerre contre \u00abl\u2019Axe du mal\u00bb a produit de l\u2019islamophobie \u00e0 l\u2019\u00e9chelle internationale, qui se r\u00e9fracte sur les politiques fran\u00e7aises, et qui est ensuite exploit\u00e9e \u00e0 l\u2019int\u00e9rieur du d\u00e9bat fran\u00e7ais.<\/p>\n<address><strong>Islamophobie : quand les Blancs perdent leur triple A (2\/2)<\/strong><\/address>\n<p>26 novembre 2012, 12:48<\/p>\n<div>\n<div>\n<p>En ce qui concerne les m\u00e9dias, l\u2019affaire de Charlie Hebdo en septembre dernier illustre une dissym\u00e9trie en termes de libert\u00e9 d\u2019expression. S\u2019il est vrai que Charlie Hebdo s\u2019en est beaucoup pris par le pass\u00e9 \u00e0 la religion catholique, on omet de dire que c\u2019est un journal de Blancs qui critique une religion \u00abde Blancs\u00bb , ou consid\u00e9r\u00e9e comme telle.<\/p>\n<p>Si Tariq Ramadan prenait la libert\u00e9 de faire ce que fait Charlie Hebdo\u2026<\/p>\n<p>Si un Tariq Ramadan prenait la libert\u00e9 de faire exactement ce que fait Charlie Hebdo vis-\u00e0-vis soit des juifs ou des catholiques, il se prendrait une vol\u00e9e de bois vert. Vous imaginez un journal musulman avec en couverture le pape ou un rabbin avec une bombe sur la t\u00eate ? Ce qu\u2019on pr\u00e9sente comme une libert\u00e9 d\u2019expression pour tous reste en r\u00e9alit\u00e9 le privil\u00e8ge de la population dominante. Il est \u00e9vident que si on se permettait de faire le milli\u00e8me de cela, en critiquant les catholiques ou la religion juive, l\u2019ensemble du champs politique serait contre nous. Et m\u00eame les plus bouffeurs de cur\u00e9s! On admet que Charlie Hebdo critique la religion catholique, mais on n\u2019admettrait pas que nous le fassions \u00e0 notre tour. Les v\u00e9ritables questions qu\u2019il faut se poser sont : Qui a le droit de critiquer ? Et qu\u2019est-ce-qu\u2019on a le droit de critiquer ? Enfin les journalistes de Charlie Hebdo se pr\u00e9sentent comme des valeureux r\u00e9sistants \u00e0 l\u2019islamisation sans s\u2019interroger v\u00e9ritablement sur l\u2019Islam dans son contexte fran\u00e7ais. En France, l\u2019Islam, c\u2019est d\u2019abord la religion des pauvres et des immigr\u00e9es donc d\u2019une cat\u00e9gorie de la population qui n\u2019a aucun pouvoir politique, \u00e9conomique ou m\u00e9diatique. On s\u2019attaque \u00e0 une population qui n\u2019a pas la possibilit\u00e9 de r\u00e9pondre avec autant de puissance que ceux qui portent les coups.<\/p>\n<p>Je fais souvent le parall\u00e8le avec les ann\u00e9es 30 et le d\u00e9bat sur la libert\u00e9 d\u2019expression au sujet de la religion juive. Est-ce-qu\u2019on trouverait responsable, d\u2019un point de vue politique, de critiquer les juifs dans les ann\u00e9es 30, quand ils \u00e9taient victimes d\u2019antis\u00e9mitisme d\u2019Etat ?<br \/>\nSouvent, on nous renvoie \u00e0 ce qui se passe en Arabie saoudite, ou dans d\u2019autres pays musulmans. Si j\u2019\u00e9tais en Arabie saoudite, je critiquerais \u00e9videmment la politique de l\u2019Etat saoudien. Mais on est en France et l\u2019Islam y est une religion minoritaire et domin\u00e9e.<\/p>\n<p>L\u2019islamophobie, peur irrationnelle et sympt\u00f4me d\u2019un d\u00e9clin<\/p>\n<p>Pour comprendre cette mont\u00e9e de l\u2019islamophobie, il faut analyser la situation actuelle. Nous sommes aujourd\u2019hui dans un contexte de crise \u00e9conomique globale, de crise de d\u00e9clin de l\u2019identit\u00e9 europ\u00e9enne face aux pays \u00e9mergents, la Chine, l\u2019Inde, etc.<br \/>\nL\u2019identit\u00e9 europ\u00e9enne blanche qui a domin\u00e9 le monde pendant 500 ans est en phase de d\u00e9clin. Et ce qu\u2019expriment les voix \u2013 souvent hyst\u00e9riques \u2013 qui s\u2019\u00e9l\u00e8vent dans les m\u00e9dias contre l\u2019Islam, c\u2019est au fond la peur de ce d\u00e9clin. Qu\u2019est-ce-qui explique cette peur irrationnelle ? Les Blancs perdent leur centralit\u00e9 historique, leur triple A, en quelque sorte, et ils voient tous les non Blancs, abusivement associ\u00e9s, \u00e0 l\u2019Islam comme une menace pour leur identit\u00e9. Apr\u00e8s avoir domin\u00e9 pendant des si\u00e8cles, ils se rendent compte que les autres veulent, comme eux, vivre et s\u2019affirmer, transformer l\u2019ordre \u00e9tabli par le racisme et le colonialisme ce qui de fait signifie une perte de pouvoir et des privil\u00e8ges aff\u00e9rents. Ceux qui contestent cet ordre, \u00e0 juste titre, pour r\u00e9clamer leur droit et leur place pleine et enti\u00e8re, qui contestent les discriminations sont ainsi per\u00e7us comme des envahisseurs.<\/p>\n<p>La r\u00e9sistance indig\u00e8ne est per\u00e7ue comme terrifiante, ill\u00e9gitime et abusive alors que ce que demandent les milieux de l\u2019immigration et des quartiers populaires, c\u2019est d\u2019abord l\u2019\u00e9galit\u00e9 de traitement et de droits. Des revendications qui ne me paraissent pas insens\u00e9es mais qui le sont pour celles et ceux qui se battent pour sauver leur privil\u00e8ges, leur statut et qui dans le m\u00eame mouvement font pression pour que les \u00abMusulmans\u00bb restent en position de subalternes, d\u2019indig\u00e8nes. Ce conflit g\u00e9n\u00e8re lutte et r\u00e9sistance de part et d\u2019autre dont l\u2019issue n\u2019est pas \u00e9crite \u00e0 l\u2019avance mais dont on peut craindre le pire. Il faut esp\u00e9rer que les victimes du racisme d\u2019Etat s\u2019organisent rapidement pour que naisse une v\u00e9ritable alternative politique.<\/p>\n<p><a href=\"http:\/\/www.newsring.fr\/societe\/1467-la-france-est-elle-islamophobe\/22453-islamophobie-quand-les-blancs-perdent-leur-triple-a-22\">Source<\/a><\/p>\n<\/div>\n<\/div>\n<\/div>\n<\/div>\n<\/div>\n","protected":false},"excerpt":{"rendered":"<p>Nordine Sa\u00efdi &amp; Houria Bouteldja &nbsp; Islamophobie : quand les Blancs perdent leur triple A (1\/2) Houria Bouteldja Porte-parole du parti des Indig\u00e8nes de la R\u00e9publiq\u2026 26 novembre 2012, 12:47 \u00a0D\u2019abord, la France est une entit\u00e9 qu\u2019on ne peut pas essentialiser. Affirmer que \u00abla France est islamophobe\u00bb, ou qu\u2019elle ne l\u2019est pas cela ne veut &#8230; <a title=\"Islamophobie : quand les Blancs perdent leur triple A\" class=\"read-more\" href=\"https:\/\/bruxelles-pantheres.be\/?p=700\" aria-label=\"En savoir plus sur Islamophobie : quand les Blancs perdent leur triple A\">Lire la suite<\/a><\/p>\n","protected":false},"author":1,"featured_media":37,"comment_status":"open","ping_status":"open","sticky":false,"template":"","format":"standard","meta":{"footnotes":""},"categories":[21,36,4,18,28],"tags":[],"class_list":["post-700","post","type-post","status-publish","format-standard","has-post-thumbnail","hentry","category-anti-imperialisme","category-europe","category-islamophobie","category-resistance-bruxelles","category-racismes"],"_links":{"self":[{"href":"https:\/\/bruxelles-pantheres.be\/index.php?rest_route=\/wp\/v2\/posts\/700","targetHints":{"allow":["GET"]}}],"collection":[{"href":"https:\/\/bruxelles-pantheres.be\/index.php?rest_route=\/wp\/v2\/posts"}],"about":[{"href":"https:\/\/bruxelles-pantheres.be\/index.php?rest_route=\/wp\/v2\/types\/post"}],"author":[{"embeddable":true,"href":"https:\/\/bruxelles-pantheres.be\/index.php?rest_route=\/wp\/v2\/users\/1"}],"replies":[{"embeddable":true,"href":"https:\/\/bruxelles-pantheres.be\/index.php?rest_route=%2Fwp%2Fv2%2Fcomments&post=700"}],"version-history":[{"count":1,"href":"https:\/\/bruxelles-pantheres.be\/index.php?rest_route=\/wp\/v2\/posts\/700\/revisions"}],"predecessor-version":[{"id":701,"href":"https:\/\/bruxelles-pantheres.be\/index.php?rest_route=\/wp\/v2\/posts\/700\/revisions\/701"}],"wp:featuredmedia":[{"embeddable":true,"href":"https:\/\/bruxelles-pantheres.be\/index.php?rest_route=\/wp\/v2\/media\/37"}],"wp:attachment":[{"href":"https:\/\/bruxelles-pantheres.be\/index.php?rest_route=%2Fwp%2Fv2%2Fmedia&parent=700"}],"wp:term":[{"taxonomy":"category","embeddable":true,"href":"https:\/\/bruxelles-pantheres.be\/index.php?rest_route=%2Fwp%2Fv2%2Fcategories&post=700"},{"taxonomy":"post_tag","embeddable":true,"href":"https:\/\/bruxelles-pantheres.be\/index.php?rest_route=%2Fwp%2Fv2%2Ftags&post=700"}],"curies":[{"name":"wp","href":"https:\/\/api.w.org\/{rel}","templated":true}]}}