{"id":705,"date":"2012-11-26T15:16:52","date_gmt":"2012-11-26T14:16:52","guid":{"rendered":"https:\/\/bruxelles-pantheres.be\/?p=705"},"modified":"2015-01-03T20:56:33","modified_gmt":"2015-01-03T19:56:33","slug":"petition-pour-le-droit-a-linsolence-antiraciste","status":"publish","type":"post","link":"https:\/\/bruxelles-pantheres.be\/?p=705","title":{"rendered":"PETITION POUR LE DROIT A L\u2019INSOLENCE ANTIRACISTE"},"content":{"rendered":"<div>\n<p style=\"text-align: center;\" align=\"justify\"><a href=\"https:\/\/bruxelles-pantheres.be\/wp-content\/uploads\/2012\/11\/Angela-Davis.jpg\"><img decoding=\"async\" class=\"alignnone size-full wp-image-2361\" src=\"https:\/\/bruxelles-pantheres.be\/wp-content\/uploads\/2012\/11\/Angela-Davis.jpg\" alt=\"Angela-Davis\" width=\"800\" height=\"765\" srcset=\"https:\/\/bruxelles-pantheres.be\/wp-content\/uploads\/2012\/11\/Angela-Davis.jpg 800w, https:\/\/bruxelles-pantheres.be\/wp-content\/uploads\/2012\/11\/Angela-Davis-300x287.jpg 300w, https:\/\/bruxelles-pantheres.be\/wp-content\/uploads\/2012\/11\/Angela-Davis-768x734.jpg 768w, https:\/\/bruxelles-pantheres.be\/wp-content\/uploads\/2012\/11\/Angela-Davis-540x516.jpg 540w\" sizes=\"(max-width: 800px) 100vw, 800px\" \/><\/a><\/p>\n<p align=\"justify\">Le rappeur Sa\u00efdou du groupe Z.E.P (Zone d\u2019expression populaire) et le sociologue et militant Sa\u00efd Bouamama ont \u00e9t\u00e9 mis en examen pour \u00ab\u00a0injure publique\u00a0\u00bb et \u00ab\u00a0provocation \u00e0 la discrimination, \u00e0 la haine ou \u00e0 la violence\u00a0\u00bb sur une plainte de l\u2019Agrif, un groupe d\u2019extr\u00eame droite nostalgique de l\u2019Alg\u00e9rie fran\u00e7aise. En cause, un ouvrage et une chanson du m\u00eame nom, <em>Nique la France<\/em>, qui ass\u00e8nent en refrain :<!--more--><\/p>\n<blockquote><p>\u00ab\u00a0Nique la France et son pass\u00e9 colonialiste, ses odeurs, ses relents et ses r\u00e9flexes paternalistes \/ Nique la France et son histoire imp\u00e9rialiste, ses murs, ses remparts et ses d\u00e9lires capitalistes.\u00a0\u00bb<\/p><\/blockquote>\n<p align=\"justify\">Comme des millions de gens \u00e0 travers le globe ces derni\u00e8res ann\u00e9es, les deux auteurs ont attaqu\u00e9 le colonialisme et le syst\u00e8me capitaliste et imp\u00e9rialiste. Comme beaucoup d\u2019entre nous, ils d\u00e9noncent une id\u00e9ologie toujours tr\u00e8s en vogue : le racisme, sous ses formes les plus courantes mais aussi les plus d\u00e9complex\u00e9es. Comme de nombreux habitants des quartiers populaires, ils ont cri\u00e9 leur col\u00e8re contre les in\u00e9galit\u00e9s, les discriminations et la justice \u00e0 double vitesse.<\/p>\n<p align=\"justify\">S\u2019inscrivant dans une longue tradition pamphl\u00e9taire des artistes engag\u00e9s en France contre l\u2019\u00c9tat fran\u00e7ais, du \u00ab\u00a0nation de porcs et de chiens\u00a0\u00bb d\u2019Andr\u00e9 Breton au <em>\u00ab\u00a0le temps que j\u2019baise ma Marseillaise\u00a0\u00bb<\/em> de L\u00e9o Ferr\u00e9 en passant par le <em>\u00ab\u00a0je conchie l\u2019arm\u00e9e fran\u00e7aise\u00a0\u00bb<\/em> d\u2019Aragon ou le <em>\u00ab\u00a0votre R\u00e9publique, moi j\u2019la tringle\u00a0\u00bb<\/em> de Renaud, Sa\u00efdou et Sa\u00efd Bouamama ont choisi d\u2019assumer leur \u00ab\u00a0devoir d\u2019insolence\u00a0\u00bb afin d\u2019interpeller et de faire entendre des opinions qui ont peu droit de cit\u00e9 au sein des grands canaux de diffusion m\u00e9diatique.<\/p>\n<p align=\"justify\">Mais voil\u00e0, cela d\u00e9passe, choque et insupporte qu\u2019une telle parole puisse \u00eatre port\u00e9e, d\u2019autant plus quand elle l\u2019est par ceux qui subissent en premier lieu les politiques racistes et antisociales. Lorsque des Noirs ou des Arabes font le choix de sortir de l\u2019invisibilit\u00e9 et du mutisme afin de d\u00e9crire la r\u00e9alit\u00e9 telle qu\u2019elle est \u2013 violente, in\u00e9gale et destructrice \u2013 la droite extr\u00eame, l\u2019extr\u00eame droite ou encore l\u2019\u00c9tat s\u2019emploient \u00e0 tenter de convaincre l\u2019opinion publique de l\u2019ill\u00e9gitimit\u00e9 de ces discours.<\/p>\n<p align=\"justify\">NTM, Sniper, Minist\u00e8re Am\u00ebr, Mr. R, La Rumeur, Youssoupha ou Houria Bouteldja sont autant de rappeurs et militants attaqu\u00e9s ces derni\u00e8res ann\u00e9es pour des paroles jug\u00e9es trop irr\u00e9v\u00e9rencieuses. Pourtant, tous n\u2019ont fait que porter publiquement l\u2019expression populaire du rejet des discriminations et de la stigmatisation des quartiers populaires, des Noirs, arabes et musulmans.<\/p>\n<p align=\"justify\">En signant cette p\u00e9tition, nous exigeons que les poursuites contre Sa\u00efdou et Sa\u00efd Bouamama soient abandonn\u00e9es. D\u2019accord ou pas d\u2019accord avec les propos et les formulations incrimin\u00e9s, nous d\u00e9fendons leur droit de les tenir. L\u2019extr\u00eame droite veut interdire le droit de chanter la r\u00e9volte, imposons le droit de l\u2019exprimer sans entraves.<\/p>\n<p align=\"justify\">Comit\u00e9 de soutien Devoir d\u2019insolence<\/p>\n<p><strong>Ils ont d\u00e9j\u00e0 sign\u00e9 :<\/strong><\/p>\n<p align=\"justify\"><em>La Rumeur,\u00a0<\/em><em>Youssoupha<\/em><em>, <\/em><em>Casey, <\/em><em>Zebda, <\/em><em>Scred Connexion<\/em><em>, Rachid Taha, Mathieu Kassovitz, Amazigh Kateb,\u00a0 Les Ogres de Barback, La Rue K\u00e9tanou,\u00a0 Guizmo (Tryo), Imhotep (IAM), Les Ramoneurs de Menhirs, HK et les Saltimbanks, La Compagnie Jolie M\u00f4me, Dub Inc,\u00a0 Elli Medeiros, Archie Shepp,\u00a0Slimane Dazi,\u00a0Axiom, Oai Star, Maitre Madj, <\/em><em>Premi\u00e8re Ligne (Skalpel,<\/em> <em>E.One et Akye)<\/em><em>, Sin\u00e9,\u00a0 Rapha\u00ebl Confiant, Judith Butler,\u00a0Rokhaya Diallo,\u00a0Pascal Blanchard, Eric Fassin, Laurent Levy, Pierre Tevanian, Christine Delphy,\u00a0Elie Domota, <\/em><em>Olivier Besancenot<\/em><em>, Houria Bouteldja,\u00a0\u00a0Eva Joly,\u00a0Noel Mam\u00e8re, Sergio Cornado, Herv\u00e9 Poly, \u00a0Xavier Mathieu,<\/em> <em>Cl\u00e9mentine Autain, Malsa Garcin.<\/em><br \/>\n(V<em>oir la suite en bas de la page<\/em>)<\/p>\n<p><strong>Pour nous rejoindre et agir<\/strong> : <a href=\"mailto:devoirdinsolence@gmail.com\">devoirdinsolence@gmail.com<\/a><\/p>\n<p><strong>Page Facebook<\/strong>:\u00a0<a href=\"https:\/\/www.facebook.com\/devoirdinsolence\">https:\/\/www.facebook.com\/devoirdinsolence<\/a><\/p>\n<p><strong>Site internet<\/strong>:\u00a0<a href=\"http:\/\/www.zep-site.com\">www.zep-site.com<\/a><\/p>\n<h3><a href=\"http:\/\/petition.lesinrocks.com\/devoirdinsolence\/\">PETITION POUR LE DROIT A L\u2019INSOLENCE ANTIRACISTE<\/a><\/h3>\n<h6>Lire aussi le texte des quatri\u00e8me rencontre nationale des luttes de l\u2019immigration <a href=\"http:\/\/www.egalite.be\/wp-content\/uploads\/2012\/11\/FUIQP_V2.pdf\">FUIQP_V2<\/a>\u00a0 (pdf)<\/h6>\n<p align=\"justify\">PREMIER(E)S SIGNATAIRES\u00a0:<\/p>\n<p align=\"justify\"><strong>ARTISTES\u00a0:<\/strong><\/p>\n<p align=\"justify\">Samia Ammour (Chanteuse), Philippe Caub\u00e8re (Com\u00e9dien), Gaza Team, Orchestre Po\u00e9tique d\u2019Avant-guerre \u2013 O.P.A, PRIZDIRECT \u2013 Laboratoire du Documentaire, La Rabia, Ladji R\u00e9al (r\u00e9alisateur), Hassan Salaam, Lionel Soukaz (cin\u00e9aste), Ren\u00e9 Vautier (r\u00e9alisateur), Viktor Coup\u00a0?k (ex-Kalash)<\/p>\n<p align=\"justify\"><strong>UNIVERSITAIRES ET INTELLECTUEL(LE)S\u00a0:<\/strong><\/p>\n<p align=\"justify\">Mogniss Abdallah (journaliste), Zahra Ali (doctorante \u00e0 l\u2019EHESS et \u00e0 l\u2019IFPO), Paola Bacchetta (sociologue, Department of Gender and Women\u2019s Studies, University of California Berkeley), Etienne Balibar (philosophe), Sirma Bilge (professeure au d\u00e9partement de sociologie, Universit\u00e9 de Montr\u00e9al, f\u00e9ministe antiraciste), Ahmed Boubeker (sociologue, Lyon), Na\u00efma Bouteldja (journaliste), Nicole Brenez (universitaire \u2013 Paris 3), Fran\u00e7ois Burgat (directeur de l\u2019IFPO), Pierre Cours-Salies (sociologue), Jamel El Hamri (enseignant), Albano Cordeiro (\u00e9conomiste-sociologue CNRS), Aude de Caunes (King\u2019s coll\u00e8ge, Londres), Elsa Dorlin (philosophe, Universit\u00e9 Paris 8), C\u00e9dric Durant (Enseignant-chercheur \u2013 Universit\u00e9 Paris 13), Jules Falquet (sociologue, Universit\u00e9 Paris Diderot), Youssef Girard (historien), Nacira Gu\u00e9nif (sociologue), Abdellali Hajjat (Sociologue), Karim Hammou (chercheur en sciences sociales), H\u00e9l\u00e8ne Hazera (productrice de \u00ab\u00a0Chanson Boum\u00a0\u00bb \u2013 France Culture), Daniele Kergoat (sociologue), Razmig Keutcheyan (Enseignant-chercheur \u2013 Universit\u00e9 Paris 4), Souad Khaldi (traductrice), Statis Kouv\u00e9lakis (King\u2019s coll\u00e8ge, Londres), Olivier Lecour Grandmaison (historien), Marwan Mohammed (Sociologue, CNRS), Marwan Muhamad (statisticien), Jos\u00e9 Luis Moragu\u00e8s (Ma\u00eetre de Conf\u00e9rences Montpellier III), Olivier Neveux (universitaire, Lyon 2), Olivier No\u00ebl (Sociologue ISCRA), Anthony Pecqueux (Sociologue, chercheur CNRS, Militant Sud-recherche), J\u00e9r\u00e9mie Piolat (Sociologue), Aude Rabaud (Enseignante-chercheure en Sociologie \u2013 URMIS-Universit\u00e9 Paris Diderot), Mathieu Rigouste (chercheur en sciences sociales), Marguerite Rollinde (CNRS), Joan W. Scott (Institute for advanced study), Todd Shepard (Associate Professor of History, Johns Hopkins University, USA), Ren\u00e9 Sch\u00e9rer (philosophe, professeur \u00e9m\u00e9rite \u00e0 l\u2019universit\u00e9 de Paris 8), Patrick Silberstein (\u00e9diteurs aux \u00e9ditions Syllepse), Marie Sonnette (doctorante en sociologie, Universit\u00e9 Paris 3), Louis-Georges Tin (ma\u00eetre de conf\u00e9rence, universit\u00e9 d\u2019Orl\u00e9ans), Sylvie Tissot (sociologue), Enzo Traverso (Professeur de Sciences politiques, Universit\u00e9 de Picardie), Nicolas Vieillescazes (Edition les Prairies Ordinaires)<\/p>\n<p align=\"justify\"><strong>PERSONNALIT\u00c9(E)S, MILITANTS ET MILITANTES\u00a0:<\/strong><\/p>\n<p align=\"justify\">Annick Coup\u00e9, Omar Benderra (syndicaliste), Sarah Benichou (NPA, Collectif 8 Mars Pour Toutes), Martine Boudet (ATTAC), Youssef Boussoumah (CCIPPP et PIR), Nouh Chebba\u00ef (Militant associatif et membre du PYM), Ismahane Chouder (Participation et Spiritualit\u00e9 Musulmane), Fran\u00e7oise Cl\u00e9ment (ATTAC), Samy Debah, Sadri Khiari (PIR), Fahima La\u00efdoudi (Militante des quartiers populaires, anticapitaliste), Fernanda Marrucchelli (FASTI), Morgane Merteuil, Mohsin Mouedden, Ndella Paye Diouf (Militante associative, Collectif F\u00e9ministes pour l\u2019Egalit\u00e9), Dani\u00e8le Obono (militante Front de gauche), Annie Pourre (No Vox), Ren\u00e9e Ravoteur (Militante r\u00e9volutionnaire de Martinique), Luc Reinette (Comit\u00e9 international des peuples noirs, Guadeloupe), Omar Slaouti, Jean Paul Nunez (Pasteur), Mireille Fanon-Mendes-France (Experte Groupe de travail personnes d\u2019origine africaine, Conseil des Droits de l\u2019Homme de l\u2019ONU)<\/p>\n<p align=\"justify\"><img decoding=\"async\" src=\"http:\/\/www.indigenes-republique.fr\/puce.gif\" alt=\"-\" \/><strong>\u00a0\u00a0Elus<\/strong><\/p>\n<p align=\"justify\">Mehdy Bellabas (Maire adjoint EELV, Ivry), L\u00e9la Bencharif (EELV, Vice-pr\u00e9sidente du conseil r\u00e9gional Rhones-Alpes), Jean-Jacob BICEP (d\u00e9put\u00e9 europ\u00e9en EELV), Anouk BRETON (Adjointe au Maire de Grenay), Fr\u00e9d\u00e9ric Sarkis (Elu EELV \u00e0 la mairie de Colombes), Djamila Sonzogni (Conseill\u00e8re r\u00e9gionale alsace EELV, pr\u00e9sidente d\u2019ALDA \u2013 Association de lutte contre les discriminations en alsace)<\/p>\n<p align=\"justify\"><img decoding=\"async\" src=\"http:\/\/www.indigenes-republique.fr\/puce.gif\" alt=\"-\" \/>\u00a0<strong>\u00a0Responsables politiques et associatifs<\/strong><\/p>\n<p align=\"justify\">Abdelkarim A\u00efchi (Porte-parole du Parti des Indig\u00e8nes de la R\u00e9publique), Omar Alsoumi (Mouvement des Jeunes Palestiniens \u2013 PYM), Tarek Ben Hiba (Pr\u00e9sident de la F\u00e9d\u00e9ration des Tunisiens Citoyens des deux Rives \u2013 FTCR), Farid Benna\u00ef (Membre du secr\u00e9tariat national de la FASE), Leila Chaibi (Secr\u00e9taire nationale du Parti de Gauche), Mouhieddine Cherbib (Ancien Pr\u00e9sident de la F\u00e9d\u00e9ration des Tunisiens Citoyens des deux Rives), Eric Coquerel (Secr\u00e9taire national du Parti de Gauche), Monique Crinon (Pr\u00e9sidente d\u2019IPAM), Michel Decourcelles (Rassemblement des Cercles Communistes \u2013 RCC), Driss Elkherchi (Pr\u00e9sident de l\u2019ATMF), Nabil Ennasri (Pr\u00e9sident du CMF), Susan Georges (pr\u00e9sidente d\u2019honneur d\u2019ATTAC France), Imen Habib (CCIPPP, BDS France), Eva Lumanischa (Collectif Afrique), Gustave Massiah (membre fondateur du CEDETIM), Lisette M\u2019Ba\u00efreh (porte-parole du PIR), Christophe Perrin (La Cimade , Coordinnateur lutte contre les discriminations), Christine Poupin (Porte-parole du Nouveau Parti Anticapitaliste), Corinne Recourt (PCF Aisne, Membre du Conseil National du PCF), Gilles Sokoudjou (Pr\u00e9sident des Indivisibles), Odile Schwertz-Favrat (co-pr\u00e9sidente de la FASTI), Catherine Stern (CN du MRAP), Limam Wajdi (UNI*T)<\/p>\n<p align=\"justify\"><img decoding=\"async\" src=\"http:\/\/www.indigenes-republique.fr\/puce.gif\" alt=\"-\" \/>\u00a0\u00a0<strong>Membres de collectifs et associations<\/strong><\/p>\n<p align=\"justify\">Tariq Ait Amara (Pr\u00e9sident de CAPE sur Ivry\u00a0: Citoyens A Part Enti\u00e9re sur Ivry et Association des jeunes de la cit\u00e9 Gagarine d\u2019Ivry), Kader Atia (directeur de l\u2019AMPIL \u2013 Association M\u00e9diterran\u00e9enne Pour l\u2019Insertion sociale par le Logement \u2013 et repr\u00e9sentant de la FRACHI \u2013 F\u00e9d\u00e9ration R\u00e9gionale des Acteur intervenant aupr\u00e8s des Chibanis), Catherine Ballestero (Mrap 5\/13), Boualem Benkhelouf (Association le 93 au c\u0153ur de la r\u00e9publique), Aziz Bensadek (Collectif Solidarit\u00e9 Maghreb \u2013 Marseille), Soraya Chekkat (Collectif M\u00e9moire Luttes Justice Egalit\u00e9, Marseille), Simon Delafoy (Pr\u00e9sident de l\u2019association CCI Convergence Citoyenne Ivryenne), Fod\u00e9 Roland Diagne (porte parole du Comit\u00e9 Sans Papiers 59), Fatma-Zohra Hadji (MRAP), Aya Khalil (Association Epices, Paris 13), Djamila Kisrane (MRAP Lyon), Monique Lellouche (MRAP Paris), Fran\u00e7ois Munier (MRAP Nancy), Alexandrine Vocaturo (MRAP Menton)<\/p>\n<p align=\"justify\"><strong>ORGANISATIONS ET ASSOCIATIONS<\/strong><\/p>\n<p align=\"justify\">Collectif Georges Ibrahim Abdallah PACA, Coordination Nationale des Sans Papiers, Coup pour Coup 31, Front du 14 janvier, Les Indivisibles, Les Mots Sont Importants, Les P\u00e9riph\u00e9riques vous parlent, Mouvement des Jeunes Communistes Fran\u00e7ais (59), MRAP Lille et Sud-m\u00e9tropole, Nouveau Parti Anticapitaliste, Observatoire de la libert\u00e9 de cr\u00e9ation de la Ligue des droits de l\u2019Homme, Parti de Gauche, Parti des Indig\u00e8nes de la R\u00e9publique, Quartiers Nords Quartiers Forts de Marseille, Rassemblement des Cercles Communistes, Sortir du Colonialisme, UEC Lille<\/p>\n<p align=\"justify\"><a href=\"https:\/\/bruxelles-pantheres.be\/wp-content\/uploads\/2013\/11\/546140_10200475056953373_89179117_n1.jpg\"><img decoding=\"async\" class=\" size-full wp-image-93 aligncenter\" src=\"https:\/\/bruxelles-pantheres.be\/wp-content\/uploads\/2013\/11\/546140_10200475056953373_89179117_n1.jpg\" alt=\"546140_10200475056953373_89179117_n\" width=\"720\" height=\"480\" srcset=\"https:\/\/bruxelles-pantheres.be\/wp-content\/uploads\/2013\/11\/546140_10200475056953373_89179117_n1.jpg 720w, https:\/\/bruxelles-pantheres.be\/wp-content\/uploads\/2013\/11\/546140_10200475056953373_89179117_n1-300x200.jpg 300w\" sizes=\"(max-width: 720px) 100vw, 720px\" \/><\/a><\/p>\n<\/div>\n","protected":false},"excerpt":{"rendered":"<p>Le rappeur Sa\u00efdou du groupe Z.E.P (Zone d\u2019expression populaire) et le sociologue et militant Sa\u00efd Bouamama ont \u00e9t\u00e9 mis en examen pour \u00ab\u00a0injure publique\u00a0\u00bb et \u00ab\u00a0provocation \u00e0 la discrimination, \u00e0 la haine ou \u00e0 la violence\u00a0\u00bb sur une plainte de l\u2019Agrif, un groupe d\u2019extr\u00eame droite nostalgique de l\u2019Alg\u00e9rie fran\u00e7aise. En cause, un ouvrage et une &#8230; <a title=\"PETITION POUR LE DROIT A L\u2019INSOLENCE ANTIRACISTE\" class=\"read-more\" href=\"https:\/\/bruxelles-pantheres.be\/?p=705\" aria-label=\"En savoir plus sur PETITION POUR LE DROIT A L\u2019INSOLENCE ANTIRACISTE\">Lire la suite<\/a><\/p>\n","protected":false},"author":1,"featured_media":90,"comment_status":"open","ping_status":"open","sticky":false,"template":"","format":"standard","meta":{"footnotes":""},"categories":[21,36,4,7,18,28,37,39,5],"tags":[],"class_list":["post-705","post","type-post","status-publish","format-standard","has-post-thumbnail","hentry","category-anti-imperialisme","category-europe","category-islamophobie","category-negrophobie","category-resistance-bruxelles","category-racismes","category-romophobie","category-sans-papier","category-violence-policiere"],"_links":{"self":[{"href":"https:\/\/bruxelles-pantheres.be\/index.php?rest_route=\/wp\/v2\/posts\/705","targetHints":{"allow":["GET"]}}],"collection":[{"href":"https:\/\/bruxelles-pantheres.be\/index.php?rest_route=\/wp\/v2\/posts"}],"about":[{"href":"https:\/\/bruxelles-pantheres.be\/index.php?rest_route=\/wp\/v2\/types\/post"}],"author":[{"embeddable":true,"href":"https:\/\/bruxelles-pantheres.be\/index.php?rest_route=\/wp\/v2\/users\/1"}],"replies":[{"embeddable":true,"href":"https:\/\/bruxelles-pantheres.be\/index.php?rest_route=%2Fwp%2Fv2%2Fcomments&post=705"}],"version-history":[{"count":5,"href":"https:\/\/bruxelles-pantheres.be\/index.php?rest_route=\/wp\/v2\/posts\/705\/revisions"}],"predecessor-version":[{"id":2364,"href":"https:\/\/bruxelles-pantheres.be\/index.php?rest_route=\/wp\/v2\/posts\/705\/revisions\/2364"}],"wp:featuredmedia":[{"embeddable":true,"href":"https:\/\/bruxelles-pantheres.be\/index.php?rest_route=\/wp\/v2\/media\/90"}],"wp:attachment":[{"href":"https:\/\/bruxelles-pantheres.be\/index.php?rest_route=%2Fwp%2Fv2%2Fmedia&parent=705"}],"wp:term":[{"taxonomy":"category","embeddable":true,"href":"https:\/\/bruxelles-pantheres.be\/index.php?rest_route=%2Fwp%2Fv2%2Fcategories&post=705"},{"taxonomy":"post_tag","embeddable":true,"href":"https:\/\/bruxelles-pantheres.be\/index.php?rest_route=%2Fwp%2Fv2%2Ftags&post=705"}],"curies":[{"name":"wp","href":"https:\/\/api.w.org\/{rel}","templated":true}]}}