{"id":707,"date":"2012-11-20T15:19:29","date_gmt":"2012-11-20T14:19:29","guid":{"rendered":"https:\/\/bruxelles-pantheres.be\/?p=707"},"modified":"2013-11-11T15:22:10","modified_gmt":"2013-11-11T14:22:10","slug":"nous-soutenons-hamas-et-les-autres-forces-de-la-resistance-armee-parce-que","status":"publish","type":"post","link":"https:\/\/bruxelles-pantheres.be\/?p=707","title":{"rendered":"Nous soutenons Hamas et les autres forces de la r\u00e9sistance arm\u00e9e, parce que\u2026"},"content":{"rendered":"<header><\/header>\n<p><a href=\"http:\/\/storage.canalblog.com\/67\/39\/217331\/81240055_o.jpg\" target=\"_blank\"><img decoding=\"async\" alt=\"resistance legitime\" src=\"http:\/\/storage.canalblog.com\/67\/39\/217331\/81240055_p.jpg\" width=\"600\" height=\"226\" border=\"0\" \/><\/a><\/p>\n<p><strong>Nous soutenons Hamas et les autres forces de la r\u00e9sistance arm\u00e9e, parce que\u2026<\/strong><!--more--><\/p>\n<p><strong>par MIR<\/strong><\/p>\n<p align=\"justify\"><strong>1)<\/strong> En massacrant et en blessant des milliers de civils, Isra\u00ebl a tent\u00e9 de terroriser l\u2019ensemble du peuple palestinien, de lui montrer le \u00ab\u00a0co\u00fbt\u00a0\u00bb de la r\u00e9sistance et de le pousser \u00e0 la r\u00e9bellion contre Hamas et les forces qui refusent de capituler.<\/p>\n<p align=\"justify\"><strong>2)<\/strong> L\u2019offensive militaire isra\u00e9lienne avait pour but de d\u00e9sarmer la r\u00e9sistance et de diviser sa direction pour l\u2019obliger \u00e0 se soumettre \u00e0 l\u2019autorit\u00e9 de Mahmoud Abbas.<\/p>\n<p align=\"justify\"><strong>3)<\/strong> En voulant briser Hamas, qui est aujourd\u2019hui l\u2019\u00e9pine dorsale de la r\u00e9sistance, c\u2019est l\u2019ensemble de la r\u00e9sistance du peuple palestinien que l\u2019ennemi sioniste veut an\u00e9antir.<\/p>\n<p align=\"justify\"><strong>Nous soutenons Hamas et les autres forces de la r\u00e9sistance arm\u00e9e, parce que\u2026<\/strong><\/p>\n<p align=\"justify\"><strong>4)<\/strong> Le Hamas est la direction d\u00e9mocratiquement \u00e9lue des Palestiniens, contrairement \u00e0 ce que pr\u00e9tend la propagande sioniste qui pr\u00e9sente le gouvernement de Gaza comme issu d\u2019un simple coup d\u2019Etat.<\/p>\n<p><strong>5)<\/strong> Le Hamas n\u2019a pas renonc\u00e9 \u00e0 la lib\u00e9ration de la Palestine et \u00e0 la r\u00e9sistance.<\/p>\n<p align=\"justify\"><strong>6)<\/strong> La r\u00e9sistance de Hamas et des autres forces de la r\u00e9sistance arm\u00e9e rappelle obstin\u00e9ment \u00e0 Isra\u00ebl que jamais le hold-up de 1948 ne sera l\u00e9gitime et que sans r\u00e9sistance il n\u2019y a plus de peuple palestinien.<\/p>\n<p align=\"justify\"><strong>Nous soutenons Hamas et les autres forces de la r\u00e9sistance arm\u00e9e, parce que\u2026<\/strong><\/p>\n<p align=\"justify\"><strong>7)<\/strong> Ne pas soutenir explicitement Hamas, c\u2019est accepter l\u2019id\u00e9e que Hamas serait une force \u00ab\u00a0infr\u00e9quentable\u00a0\u00bb et ill\u00e9gitime.<\/p>\n<p align=\"justify\"><strong>8)<\/strong> Ne pas soutenir Hamas et le reste de la r\u00e9sistance arm\u00e9e, c\u2019est faire le choix implicite d\u2019une strat\u00e9gie bas\u00e9e sur la seule n\u00e9gociation, telle qu\u2019elle est port\u00e9e par la direction du Fatah.<\/p>\n<p><strong>9)<\/strong> Ne pas soutenir Hamas et le reste de la r\u00e9sistance arm\u00e9e, c\u2019est capituler devant les forces qui mettent sur le m\u00eame plan la violence anticolonialiste des Palestiniens et la violence coloniale de l\u2019Etat d\u2019Isra\u00ebl\u00a0; c\u2019est contester la l\u00e9gitimit\u00e9 des Palestiniens \u00e0 d\u00e9fendre leurs droits par la force des armes.<\/p>\n<p align=\"justify\"><strong>10)<\/strong> Ne pas soutenir Hamas, c\u2019est faire profil bas devant les courants islamophobes qui veulent bien soutenir la r\u00e9sistance \u00e0 condition qu\u2019elle ne soit pas musulmane.<\/p>\n<p align=\"justify\"><strong>Nous soutenons Hamas et les autres forces de la r\u00e9sistance arm\u00e9e, parce que\u2026<\/strong><\/p>\n<p align=\"justify\"><strong>11)<\/strong> Nous esp\u00e9rons que le mouvement palestinien de lib\u00e9ration s\u2019unisse sur la base de la r\u00e9sistance effective \u00e0 l\u2019ennemi sioniste.<\/p>\n<p align=\"justify\"><strong>12)<\/strong> Comme d\u2019autres avant nous avaient soutenu les r\u00e9sistances vietnamienne, alg\u00e9rienne et autres, sans s\u2019interroger sur leurs id\u00e9ologies ou leurs croyances, seule nous importe aujourd\u2019hui la lutte anticoloniale que m\u00e8nent Hamas et les autres forces de la r\u00e9sistance arm\u00e9e.<\/p>\n<p align=\"justify\"><strong>13)<\/strong> Dans une guerre coloniale, nous n\u2019h\u00e9sitons pas\u00a0: nous sommes toujours aux c\u00f4t\u00e9s du peuple colonis\u00e9 et des forces qui m\u00e8nent effectivement la r\u00e9sistance.<\/p>\n<p align=\"justify\"><strong>14)<\/strong> Pour nous l\u2019Etat d\u2019Isra\u00ebl n\u2019est pas sacr\u00e9. Nous n\u2019avons pas \u00e0 porter la culpabilit\u00e9 d\u2019un Occident qui a tent\u00e9 d\u2019exterminer les juifs. Nous nous opposons \u00e0 Isra\u00ebl en tant qu\u2019Etat colonial.<\/p>\n<p align=\"justify\"><strong>Nous continuerons \u00e0 soutenir Hamas et les autres forces de la r\u00e9sistance arm\u00e9e, parce que\u2026<\/strong><\/p>\n<p><strong>15)<\/strong> Isra\u00ebl a \u00e9chou\u00e9 \u00e0 atteindre ses objectifs par les armes et cherche d\u00e9sormais \u00e0 les r\u00e9aliser par la voie politique et diplomatique, en alliance avec les Etats-Unis, l\u2019Union europ\u00e9enne et certains r\u00e9gimes arabes, notamment l\u2019Egypte et l\u2019Arabie Saoudite.<\/p>\n<h3>Nous soutenons Hamas et les forces de la r\u00e9sistance parce que notre anticolonialisme est total\u00a0!<\/h3>\n<p align=\"justify\"><em>Mouvement des indig\u00e8nes de la r\u00e9publique<\/em>, 22 janvier 09<\/p>\n<p><a href=\"http:\/\/www.indigenes-republique.fr\/\">Source<\/a><\/p>\n<p><a href=\"http:\/\/storage.canalblog.com\/59\/62\/217331\/81298275_o.jpg\" target=\"_blank\"><img decoding=\"async\" class=\"alignright\" alt=\"affiche manif gaza\" src=\"http:\/\/storage.canalblog.com\/59\/62\/217331\/81298275_p.jpg\" width=\"424\" height=\"600\" border=\"0\" \/><\/a><\/p>\n<p><a>Vu la situation dramatique dans la Bande de Gaza suite aux bombardements isra\u00e9liens incessants, nous tenons \u00e0 manifester ce Dimanche 25 Novembre, au d\u00e9part de la Gare du Nord.<\/a><\/p>\n<p>De nombreuses manifestations se sont tenues dans les grandes villes du monde ces derniers jours.<\/p>\n<p><a>Nous tenons \u00e0 pouvoir exprimer notre indignation \u00e9galement dans les rues de Bruxelles! <\/a><\/p>\n<p>Les bombardements continuent, pire, une invasion terrestre isra\u00e9lienne aura probablement lieu dans les jours qui viennent.<\/p>\n<p>La manifestation aura pour seul mot d\u2019ordre: \u00ab\u00a0Stop aux massacres \u00e0 Gaza\u00a0\u00bb.<\/p>\n<p>Initiative du Mouvement Citoyen Palestine : www.mcpalestine.be<\/p>\n<p><a href=\"https:\/\/www.facebook.com\/events\/492972377409660\/?notif_t=plan_user_joined\"><strong>Facebook \u00c9v\u00e8nement : https:\/\/www.facebook.com\/events\/492972377409660\/?notif_t=plan_user_joined <\/strong><\/a><\/p>\n<header><img decoding=\"async\" class=\"alignnone\" alt=\"palestine drapeau\" src=\"http:\/\/www.egalite.be\/wp-content\/uploads\/2012\/11\/palestine-drapeau.jpg\" width=\"624\" height=\"468\" \/><\/header>\n","protected":false},"excerpt":{"rendered":"<p>Nous soutenons Hamas et les autres forces de la r\u00e9sistance arm\u00e9e, parce que\u2026<\/p>\n","protected":false},"author":1,"featured_media":413,"comment_status":"open","ping_status":"open","sticky":false,"template":"","format":"standard","meta":{"footnotes":""},"categories":[21,6,18],"tags":[],"class_list":["post-707","post","type-post","status-publish","format-standard","has-post-thumbnail","hentry","category-anti-imperialisme","category-palestine-moyen-orient","category-resistance-bruxelles"],"_links":{"self":[{"href":"https:\/\/bruxelles-pantheres.be\/index.php?rest_route=\/wp\/v2\/posts\/707","targetHints":{"allow":["GET"]}}],"collection":[{"href":"https:\/\/bruxelles-pantheres.be\/index.php?rest_route=\/wp\/v2\/posts"}],"about":[{"href":"https:\/\/bruxelles-pantheres.be\/index.php?rest_route=\/wp\/v2\/types\/post"}],"author":[{"embeddable":true,"href":"https:\/\/bruxelles-pantheres.be\/index.php?rest_route=\/wp\/v2\/users\/1"}],"replies":[{"embeddable":true,"href":"https:\/\/bruxelles-pantheres.be\/index.php?rest_route=%2Fwp%2Fv2%2Fcomments&post=707"}],"version-history":[{"count":1,"href":"https:\/\/bruxelles-pantheres.be\/index.php?rest_route=\/wp\/v2\/posts\/707\/revisions"}],"predecessor-version":[{"id":708,"href":"https:\/\/bruxelles-pantheres.be\/index.php?rest_route=\/wp\/v2\/posts\/707\/revisions\/708"}],"wp:featuredmedia":[{"embeddable":true,"href":"https:\/\/bruxelles-pantheres.be\/index.php?rest_route=\/wp\/v2\/media\/413"}],"wp:attachment":[{"href":"https:\/\/bruxelles-pantheres.be\/index.php?rest_route=%2Fwp%2Fv2%2Fmedia&parent=707"}],"wp:term":[{"taxonomy":"category","embeddable":true,"href":"https:\/\/bruxelles-pantheres.be\/index.php?rest_route=%2Fwp%2Fv2%2Fcategories&post=707"},{"taxonomy":"post_tag","embeddable":true,"href":"https:\/\/bruxelles-pantheres.be\/index.php?rest_route=%2Fwp%2Fv2%2Ftags&post=707"}],"curies":[{"name":"wp","href":"https:\/\/api.w.org\/{rel}","templated":true}]}}