{"id":709,"date":"2012-11-20T15:22:26","date_gmt":"2012-11-20T14:22:26","guid":{"rendered":"https:\/\/bruxelles-pantheres.be\/?p=709"},"modified":"2013-11-11T15:28:13","modified_gmt":"2013-11-11T14:28:13","slug":"a-propos-de-lislamophobie-politique","status":"publish","type":"post","link":"https:\/\/bruxelles-pantheres.be\/?p=709","title":{"rendered":"A propos de l\u2019islamophobie politique"},"content":{"rendered":"<p style=\"text-align: justify;\"><em><strong>\u00ab\u00a0Sauf le Hamas\u00a0\u00bb<\/strong><\/em><\/p>\n<p style=\"text-align: justify;\"><em><strong>\u00a0A propos de l\u2019islamophobie politique<\/strong><\/em><\/p>\n<p style=\"text-align: justify;\"><a href=\"http:\/\/mcpalestine.canalblog.com\/archives\/2010\/05\/25\/17996620.html\">Christophe Oberlin<\/a> 2012 11 19<\/p>\n<p style=\"text-align: justify;\">Lors d\u2019une conf\u00e9rence de presse r\u00e9cente, \u00a0commentant la nouvelle attaque isra\u00e9lienne sur Gaza, Fran\u00e7ois Hollande a eu une formule lapidaire. \u00ab\u00a0La France parle avec tout le monde\u00a0\u00bb, avant d\u2019ajouter avec \u00a0un rien d\u2019agacement\u00a0:\u00a0\u00ab\u00a0sauf le Hamas\u00a0!\u00a0\u00bb<!--more--><\/p>\n<p style=\"text-align: justify;\">Voici donc un pr\u00e9sident fran\u00e7ais qui, manifestant son souhait d\u2019\u00eatre pr\u00e9sent sur un conflit international, \u00e9limine d\u2019embl\u00e9e l\u2019un des deux protagonistes, et en particulier la victime. Difficile \u00e0 avaler sur le plan \u00e9thique. Inacceptable sur le plan juridique. \u00a0C\u2019est \u00a0oublier que le pr\u00e9sident de l\u2019autorit\u00e9 palestinienne, Mahmoud Abbas, a fini son mandat en 2009. Et, en l\u2019absence de nouvelles \u00e9lections, selon les lois constitutionnelles palestiniennes, c\u2019est le pr\u00e9sident du parlement \u00a0Aziz Dweik, qui aurait d\u00fb lui succ\u00e9der. Aziz Dweik qui fait des allers et retour entre les prisons isra\u00e9liennes et son domicile en r\u00e9sidence surveill\u00e9e. Donc, pour pr\u00e9tendre aider Gaza, c\u2019est \u00e0 un pr\u00e9sident hors course qu\u2019on s\u2019adresse,\u00a0 un personnage sans \u00a0support l\u00e9gal.<\/p>\n<p style=\"text-align: justify;\">En acceptant l\u2019oukase de Georges Bush d\u00e9cr\u00e9tant le Hamas organisation terroriste, la diplomatie europ\u00e9enne \u00a0s\u2019est tir\u00e9 une balle dans le pied pour dix ann\u00e9es, peut-\u00eatre d\u2019avantage.<\/p>\n<p style=\"text-align: justify;\">Rappelons \u00a0bri\u00e8vement la courte histoire du Hamas.<\/p>\n<p style=\"text-align: justify;\">Ce mouvement\u00a0 est issu du Bloc islamique fond\u00e9 par le Cheikh Yassine\u00a0 dans les ann\u00e9es 70. C\u2019est parce qu\u2019Isra\u00ebl a envahi la bande de Gaza en 1967 que les universit\u00e9s \u00e9gyptiennes sont devenues interdites aux Gazaouis, et c\u2019est pour cela que le cheikh a cr\u00e9\u00e9 l\u2019universit\u00e9 islamique de Gaza, v\u00e9ritable p\u00e9pini\u00e8re d\u2019intellectuels musulmans. C\u2019est sous l\u2019oppression isra\u00e9lienne que le bloc islamique s\u2019est transform\u00e9 en Hamas en 1987 au premier jour de la premi\u00e8re intifada. C\u2019est parce que le Hamas a souhait\u00e9 se transformer en parti politique et participer \u00e0 des \u00e9lections qu\u2019il a interdit les attentats suicide en 2005, interdiction respect\u00e9e jusqu\u2019\u00e0 ce jour. C\u2019est dans le cadre des institutions palestiniennes qu\u2019ayant remport\u00e9 largement les \u00e9lections il a souhait\u00e9 associer le Fatah au gouvernement. C\u2019est parce que celui-ci \u00a0l\u2019a refus\u00e9 et, aid\u00e9 de l\u2019ext\u00e9rieur en armes et en blind\u00e9s l\u00e9gers (je les ai vus de mes yeux), \u00a0a essay\u00e9 de faire un coup d\u2019\u00e9tat, que le Hamas a pris le pouvoir \u00e0 Gaza. C\u2019est \u00a0en respect des lois palestiniennes, que le Hamas gouverne \u00e0 Gaza\u00a0: \u00a0\u00a0une politique \u00e9trang\u00e8re, une force de s\u00e9curit\u00e9 int\u00e9rieure unifi\u00e9e, une arm\u00e9e (certes d\u00e9risoire, mais qui constitue un monopole de violence l\u00e9gitime), une administration publique qui marche, des salaires qui tombent tous les mois.<\/p>\n<p style=\"text-align: justify;\">A l\u2019origine de la nouvelle guerre, ce n\u2019est pas un chef terroriste qui a \u00e9t\u00e9 tu\u00e9, Ahmed Jabari, c\u2019est le ministre de la d\u00e9fense.\u00a0 Ce n\u2019est pas le quartier g\u00e9n\u00e9ral \u00a0du Hamas qui a \u00e9t\u00e9 d\u00e9truit par Isra\u00ebl, mais \u00a0\u00a0le si\u00e8ge \u00a0du gouvernement.<\/p>\n<p style=\"text-align: justify;\">Surtout, le vent de l\u2019histoire a tourn\u00e9. L\u2019islam politique, victorieux \u00e0 Gaza en 2006, a gagn\u00e9 l\u2019Egypte et une partie du Maghreb, en attendant la suite. \u00a0Le pr\u00e9sident\u00a0 stigmatise le Hamas \u00e9lu du peuple, mais \u00a0reconnait\u00a0 le tunisien Marzouki et l\u2019\u00e9gyptien Morsi\u00a0! Ceux-ci\u00a0 ont bien choisi leur camp en se rendant \u00e0 Gaza d\u00e8s les premi\u00e8res heures de l\u2019attaque isra\u00e9lienne, alors que notre ministre des affaires \u00e9trang\u00e8res se rendait en Isra\u00ebl serrer la main d\u2019un ancien videur de boites de nuit moldave. Reconnaissons toutefois la grimace de Laurent Fabius \u00a0qui a d\u00fb \u00a0se souvenir de son \u00ab\u00a0trouble\u00a0\u00bb lorsque F. Mitterrand serra celle de Jaruzelski\u00a0!<\/p>\n<p style=\"text-align: justify;\">Alors que les pays arabes sont en train de choisir une r\u00e9f\u00e9rence politique qui correspond \u00e0 leur sensibilit\u00e9 et \u00e0 leur histoire, la France se lie les mains en \u00a0campant sur une conception d\u00e9pass\u00e9e et fausse de l\u2019islam politique, et s\u2019enfonce m\u00eame dans l\u2019islamophobie politique. On aimerait connaitre la raison pour laquelle notre ministre de l\u2019int\u00e9rieur a publiquement refus\u00e9 de serrer la main du nouveau pr\u00e9sident tunisien. L\u2019occident en crise se cherche un ennemi. Il ne peut d\u00e9cemment proclamer comme jadis que l\u2019ennemi c\u2019est le mahom\u00e9tan, ou le musulman. Alors c\u2019est l\u2019islamiste. Et voil\u00e0 qu\u2019\u00e0 la m\u00e9connaissance manifeste de la signification du mot islamiste, \u00a0l\u2019occident lui donne un sens p\u00e9joratif\u00a0! Comme les Anglais jadis l\u2019attribuaient au mot philistin\u00a0!<\/p>\n<p style=\"text-align: justify;\">L\u2019islamisme, c\u2019est l\u2019islam politique. Il est n\u00e9 \u00e0 la fin du 19\u00e8me si\u00e8cle de la pens\u00e9e d\u2019intellectuels qui souhaitaient\u00a0 allier\u00a0 rationalisme,\u00a0 progr\u00e8s et \u00a0religion musulmane.\u00a0 Leur mouvement, progressiste et anti colonialiste, a pris pour nom \u00ab r\u00e9formisme musulman\u00a0\u00bb ou \u00ab\u00a0salafiya\u00a0\u00bb.\u00a0 \u00ab Salafiste \u00bb, encore un mot d\u00e9tourn\u00e9 chez nous de son sens originel ! Apr\u00e8s eux Hassan el Bana et les Fr\u00e8res Musulmans se sont inscrits dans la m\u00eame ligne, puis le Hamas. Quelle coh\u00e9rence y-a-t-il \u00e0 reconnaitre l\u2019islam politique issu des urnes en Tunisie, en Egypte, en Turquie, au S\u00e9n\u00e9gal, en Indon\u00e9sie etc., tout en rejetant le Hamas\u00a0? L\u2019islam politique est la r\u00e9f\u00e9rence culturelle de pr\u00e8s de 2 milliards d\u2019habitants. Il y a de l\u2019islamophobie politique \u00e0 consid\u00e9rer \u00a0qu\u2019islam et d\u00e9mocratie ne peuvent aller de pair. Surtout, avant de bl\u00e2mer les autres, regardons nous\u00a0: certains \u00e9tats occidentaux \u00a0pratiquent encore la torture, appliquent la peine de mort \u00a0y compris pour les\u00a0 enfants. Certains \u00a0pays\u00a0 occidentaux ont des taux d\u2019homicide et de suicide parmi les plus \u00e9lev\u00e9s du monde. Et ce n\u2019est pas dans un pays musulman qu\u2019il y a 300\u00a0000 bless\u00e9s et 28\u00a0000 morts civils par armes \u00e0 feu chaque ann\u00e9e\u00a0!<\/p>\n<p style=\"text-align: justify;\">Il est temps de nous d\u00e9barrasser de l\u2019islamophobie politique. Les Palestiniens ont droit aussi \u00e0 la s\u00e9curit\u00e9. Ne pas le dire rel\u00e8ve de la discrimination, ce qui dans notre pays est un d\u00e9lit.\u00a0 Promouvoir un cesser le feu sans\u00a0 installer les moyens d\u2019une \u00ab\u00a0no fly zone\u00a0\u00bb sur l\u2019ensemble de la Palestine ne serait qu\u2019une gesticulation.<\/p>\n<p style=\"text-align: justify;\">Et le pr\u00e9sident devrait aussi \u00e9coutez aussi un peu plus ses collaborateurs, comme Mrs Pietton et Aubin de la Messuzi\u00e8re.<\/p>\n<h1><span style=\"font-size: 10pt;\">Christophe Oberlin<\/span><\/h1>\n<p><span style=\"font-size: 10pt;\">Chirurgien des h\u00f4pitaux et professeur \u00e0 la Facult\u00e9 Denis Diderot \u00e0 Paris,<br \/>\n<\/span><\/p>\n<p><span style=\"font-size: 10pt;\">Chirurgien des h\u00f4pitaux et professeur \u00e0 la Facult\u00e9 Denis Diderot \u00e0 Paris, <strong>Christophe Oberlin<\/strong> enseigne l\u2019anatomie, la chirurgie de la main et la microchirurgie en France et \u00e0 l\u2019\u00e9tranger.<\/span><br \/>\n<span style=\"font-size: 10pt;\"> Parall\u00e8lement \u00e0 son travail hospitalier et universitaire, il participe depuis trente ans \u00e0 des activit\u00e9s de chirurgie humanitaire et d\u2019enseignement en Afrique sub-saharienne, notamment dans le domaine de la chirurgie de la l\u00e8pre, au Maghreb et en Asie. <\/span><br \/>\n<span style=\"font-size: 10pt;\"> Depuis 2001, il dirige r\u00e9guli\u00e8rement des missions chirurgicales en Palestine, particuli\u00e8rement dans la bande de Gaza o\u00f9 il a effectu\u00e9 pr\u00e8s d\u2019une trentaine de s\u00e9jours.<\/span><br \/>\n<iframe src=\"\/\/www.youtube.com\/embed\/vDJK9YkP3IA\" height=\"315\" width=\"560\" allowfullscreen=\"\" frameborder=\"0\"><\/iframe><strong>A <\/strong><\/p>\n<p><strong>Bruxelles, vous pouvez vous procurez le livre <a href=\"http:\/\/www.encredorient.com\/encreOrient\/images\/couv\/swf\/OberlinCondes%20BienvenuePalestine.swf\">\u00a0\u00bb <\/a><\/strong><a href=\"http:\/\/www.encredorient.com\/encreOrient\/images\/couv\/swf\/OberlinCondes%20BienvenuePalestine.swf\">Bienvenue en Palestine, Destination interdite\u00a0\u00bb <\/a>: mcpalestine@netcourrier.com<\/p>\n<header class=\"entry-header\"><img decoding=\"async\" class=\"attachment-post-thumbnail wp-post-image\" alt=\"gaza tag\" src=\"http:\/\/www.egalite.be\/wp-content\/uploads\/2012\/11\/gaza-tag1.jpg\" width=\"624\" height=\"423\" \/><\/p>\n<h1 class=\"entry-title\" style=\"text-align: center;\"><strong> Dimanche 25 Novembre <\/strong><\/h1>\n<\/header>\n<p>&nbsp;<\/p>\n<h1 class=\"actionitem-title\" style=\"text-align: center;\"><em><span style=\"font-size: 12pt;\">Manifestation \u00ab\u00a0Stop aux massacres \u00e0 Gaza\u00a0\u00bb<\/span><\/em><\/h1>\n<p>&nbsp;<\/p>\n<h2><span style=\"font-size: 12pt; color: #888888;\">Infos pratiques<\/span><\/h2>\n<p>&nbsp;<\/p>\n<p>&nbsp;<\/p>\n<ul>\n<li><span style=\"font-size: 12pt;\">Rassemblement <em><strong>\u00e0 partir de 14h00<\/strong><\/em> pr\u00e8s de la gare du Nord <span style=\"font-size: 8pt;\">( Au coin du Boulevard Simon Bolivar et du Quai de Willebroeck (\u00e0 300 m en face de la gare du Nord).<\/span><\/span><\/li>\n<li><span style=\"font-size: 12pt;\">Discours<\/span><\/li>\n<li><strong><em><span style=\"font-size: 12pt;\">D\u00e9part 15h00<\/span><\/em><\/strong><\/li>\n<li><span style=\"font-size: 12pt;\">Arriv\u00e9e gare du Midi \u00e0 17h00.<\/span><\/li>\n<li><span style=\"font-size: 12pt;\"><a href=\"https:\/\/maps.google.be\/maps?saddr=Gare+du+Nord+-+Noordstation&amp;daddr=Esplanade+de+l%27Europe&amp;hl=fr&amp;ll=50.844538,4.346037&amp;spn=0.044386,0.077162&amp;sll=50.849485,4.34885&amp;sspn=0.044382,0.077162&amp;geocode=FaMSCAMd7IRCACFzFoTZ82AJgin9vJ6CncPDRzFzFoTZ82AJgg%3BFTi6BwMdbzJCAA&amp;dirflg=w&amp;mra=ls&amp;t=m&amp;z=14\">Consulter le plan du parcours de la manifestation <\/a><\/span><\/li>\n<\/ul>\n","protected":false},"excerpt":{"rendered":"<p>\u00ab\u00a0Sauf le Hamas\u00a0\u00bb \u00a0A propos de l\u2019islamophobie politique Christophe Oberlin 2012 11 19 Lors d\u2019une conf\u00e9rence de presse r\u00e9cente, \u00a0commentant la nouvelle attaque isra\u00e9lienne sur Gaza, Fran\u00e7ois Hollande a eu une formule lapidaire. \u00ab\u00a0La France parle avec tout le monde\u00a0\u00bb, avant d\u2019ajouter avec \u00a0un rien d\u2019agacement\u00a0:\u00a0\u00ab\u00a0sauf le Hamas\u00a0!\u00a0\u00bb<\/p>\n","protected":false},"author":1,"featured_media":710,"comment_status":"open","ping_status":"open","sticky":false,"template":"","format":"standard","meta":{"footnotes":""},"categories":[21,4,6,18,28],"tags":[],"class_list":["post-709","post","type-post","status-publish","format-standard","has-post-thumbnail","hentry","category-anti-imperialisme","category-islamophobie","category-palestine-moyen-orient","category-resistance-bruxelles","category-racismes"],"_links":{"self":[{"href":"https:\/\/bruxelles-pantheres.be\/index.php?rest_route=\/wp\/v2\/posts\/709","targetHints":{"allow":["GET"]}}],"collection":[{"href":"https:\/\/bruxelles-pantheres.be\/index.php?rest_route=\/wp\/v2\/posts"}],"about":[{"href":"https:\/\/bruxelles-pantheres.be\/index.php?rest_route=\/wp\/v2\/types\/post"}],"author":[{"embeddable":true,"href":"https:\/\/bruxelles-pantheres.be\/index.php?rest_route=\/wp\/v2\/users\/1"}],"replies":[{"embeddable":true,"href":"https:\/\/bruxelles-pantheres.be\/index.php?rest_route=%2Fwp%2Fv2%2Fcomments&post=709"}],"version-history":[{"count":2,"href":"https:\/\/bruxelles-pantheres.be\/index.php?rest_route=\/wp\/v2\/posts\/709\/revisions"}],"predecessor-version":[{"id":712,"href":"https:\/\/bruxelles-pantheres.be\/index.php?rest_route=\/wp\/v2\/posts\/709\/revisions\/712"}],"wp:featuredmedia":[{"embeddable":true,"href":"https:\/\/bruxelles-pantheres.be\/index.php?rest_route=\/wp\/v2\/media\/710"}],"wp:attachment":[{"href":"https:\/\/bruxelles-pantheres.be\/index.php?rest_route=%2Fwp%2Fv2%2Fmedia&parent=709"}],"wp:term":[{"taxonomy":"category","embeddable":true,"href":"https:\/\/bruxelles-pantheres.be\/index.php?rest_route=%2Fwp%2Fv2%2Fcategories&post=709"},{"taxonomy":"post_tag","embeddable":true,"href":"https:\/\/bruxelles-pantheres.be\/index.php?rest_route=%2Fwp%2Fv2%2Ftags&post=709"}],"curies":[{"name":"wp","href":"https:\/\/api.w.org\/{rel}","templated":true}]}}