{"id":713,"date":"2012-11-18T15:38:59","date_gmt":"2012-11-18T14:38:59","guid":{"rendered":"https:\/\/bruxelles-pantheres.be\/?p=713"},"modified":"2013-11-11T15:44:12","modified_gmt":"2013-11-11T14:44:12","slug":"de-rabat-a-bruxelles-le-regime-marocain-utilise-les-memes-methodes-dintimidation","status":"publish","type":"post","link":"https:\/\/bruxelles-pantheres.be\/?p=713","title":{"rendered":"De Rabat \u00e0 Bruxelles, le r\u00e9gime marocain utilise les m\u00eames m\u00e9thodes d\u2019intimidation."},"content":{"rendered":"<p><a href=\"http:\/\/www.egalite.be\/wp-content\/uploads\/2012\/11\/Rencontre-avec-Khadija-Arriyadi.jpg\"><img decoding=\"async\" class=\"alignright\" title=\"Rencontre avec Khadija Arriyadi\" alt=\"\" src=\"http:\/\/www.egalite.be\/wp-content\/uploads\/2012\/11\/Rencontre-avec-Khadija-Arriyadi.jpg\" width=\"320\" height=\"384\" \/><\/a><\/p>\n<p>De Rabat \u00e0 Bruxelles, le r\u00e9gime marocain utilise les m\u00eames m\u00e9thodes d\u2019intimidation.<\/p>\n<p>Ce dimanche 18 novembre 2012 \u00e0 Rabat, <a href=\"http:\/\/www.freeali.eu\/2012\/05\/13\/interview-de-khadija-ryadi-amdh-a-loccasion-de-la-douzieme-audience-du-proces-ali-aarrass\/\">Khadija Ryadi<\/a> pr\u00e9sidente de l\u2019Association Marocaine des Droits Humain (AMDH) et Amine Abedlahmid son premier vice-pr\u00e9sident et d\u2019autres militants ont \u00e9t\u00e9 sauvagement tabass\u00e9s par la police marocaine alors qu\u2019ils participaient \u00e0 un sit-in devant le parlement marocain pour r\u00e9clamer la diminution du budget du palais royal marocain.<!--more--><\/p>\n<p>Dimanche, le 04 novembre 2012, Messieurs Mohamed Tsilla et Tarik el Makni deux militants connus du Mouvement des R\u00e9publicains Marocains se sont fait agress\u00e9s verbalement et physiquement par des agents du r\u00e9gime marocain, alors qu\u2019ils observaient pacifiquement \u00a0la manifestation \u00ab\u00a0Marche pour le Sahara marocain\u00a0\u00bb \u00e0 \u2026 Bruxelles\u00a0!<\/p>\n<p>Rappelons que deux ans auparavant,\u00a0 le mercredi 10 novembre 2010, c\u2019est\u00a0 Monsieur Ahmed Marzouki, d\u00e9fenseur marocain des Droits de l\u2019Homme, survivant du bagne de Tazmamart, qui fut agress\u00e9 dans les rues de Bruxelles par deux inconnus qui l\u2019ont rou\u00e9 de coups et insult\u00e9 en arabe.<\/p>\n<p>L\u2019objectif de ces agressions est clairement d\u2019installer un climat de peur afin d\u2019intimider les militants et les enjoindre \u00e0 \u00a0ne plus s\u2019exprimer sur les sujets qui f\u00e2chent le gouvernement marocain.<\/p>\n<p>Ces incidents nous renvoient vers les ann\u00e9es de plomb o\u00f9 les menaces et intimidations \u00e9taient prof\u00e9r\u00e9es contre les militants des droits humains. Alors que nous pensions que ce proc\u00e9d\u00e9 faisait partie du pass\u00e9, nous constatons qu\u2019aujourd\u2019hui encore et hors de ses fronti\u00e8res, le Maroc menace, intimide et agresse.<\/p>\n<p><strong><em>EGALITE<\/em><\/strong><\/p>\n<ul>\n<li>Apporte tout son soutien et son enti\u00e8re solidarit\u00e9 aux militants marocains ainsi qu\u2019\u00e0 toutes les coordinations du mouvement du 20 f\u00e9vrier \u00e0 l\u2019int\u00e9rieur comme \u00e0 l\u2019ext\u00e9rieur du Maroc.<\/li>\n<li>Appelle les organisations politiques, syndicales et de d\u00e9fense des droits humains belges \u00e0 se mobiliser pour apporter le soutien n\u00e9cessaire au peuple marocain dans sa lutte pour la dignit\u00e9, la libert\u00e9, la d\u00e9mocratie et la justice sociale.<\/li>\n<li>Demande au gouvernement belge de cesser son soutien aveugle et inconditionnel au pouvoir marocain.<\/li>\n<\/ul>\n<p>Le gouvernement belge doit se rendre compte, avant qu\u2019il ne soit trop tard, que son silence sur la situation des droits humains au Maroc est une complicit\u00e9 que le peuple marocain n\u2019oubliera pas.<\/p>\n<p>Aussi, nous exigeons des autorit\u00e9s belges une enqu\u00eate imm\u00e9diate et approfondie sur les incidents qui se sont d\u00e9roul\u00e9s \u00e0 Bruxelles.<\/p>\n<p>Nous exigeons toute la v\u00e9rit\u00e9 et souhaitons savoir si les autorit\u00e9s marocaines sont impliqu\u00e9es dans ces actes odieux et l\u00e2ches.<\/p>\n<p>Nous exigeons une condamnation ferme du monde politique et des autorit\u00e9s marocaines \u00e0 Bruxelles.<\/p>\n<p><strong><em>EGALITE<\/em><\/strong><\/p>\n<p><strong><em>Appelle au <\/em><\/strong><strong><a title=\"Permanent Link to Rassemblement pour les d\u00e9tenus belgo-marocains dans les prisons marocaines.Dimanche 9 d\u00e9cembre 2012\" href=\"http:\/\/www.egalite.be\/?p=4787\">Rassemblement pour les d\u00e9tenus belgo-marocains dans les prisons marocaines.<\/a> <\/strong><strong><em>\u00a0<\/em><\/strong>Dimanche 9 d\u00e9cembre 2012 La Pasionaria (Bxl, Stalingrad) de 12 \u00e0 14 h.<\/p>\n<p>Sa\u00efdi Nordine<\/p>\n<p>Porte-parole d\u2019\u00c9GALIT\u00c9<\/p>\n<p><iframe src=\"\/\/www.youtube.com\/embed\/WG6sOWD5mRs\" height=\"315\" width=\"420\" allowfullscreen=\"\" frameborder=\"0\"><\/iframe><\/p>\n<p>&nbsp;<\/p>\n<p>&nbsp;<\/p>\n<p>&nbsp;<\/p>\n<p>&nbsp;<\/p>\n<p>&nbsp;<\/p>\n<p>&nbsp;<\/p>\n<p>&nbsp;<\/p>\n<p>&nbsp;<\/p>\n<p>&nbsp;<\/p>\n<p><img decoding=\"async\" class=\"aligncenter\" alt=\"\u0639\u0627\u062c\u0644: \u0639\u0628\u062f \u0627\u0644\u062d\u0645\u064a\u062f \u0648\u0627\u0644\u0631\u064a\u0627\u0636\u064a \u062a\u0639\u0631\u0636\u0627 \u0644\u0644\u0636\u0631\u0628 \u0648\u0645\u062d\u0641\u0648\u0638 \u0644\u0645 \u064a\u0639\u062f \u0642\u0627\u062f\u0631\u0627 \u0639\u0644\u0649 \u0627\u0644\u0648\u0642\u0648\u0641 \u0641\u064a \u062a\u0638\u0627\u0647\u0631\u0629 \u0645\u064a\u0632\u0627\u0646\u064a\u0629 \u0627\u0644\u0628\u0644\u0627\u0637 \" src=\"http:\/\/www.febrayer.com\/photo\/art\/default\/4934763-7366572.jpg?v=1353256668\" \/><\/p>\n<div align=\"center\">\n<div align=\"center\"><img decoding=\"async\" class=\"alignleft\" alt=\"\" src=\"http:\/\/t3.gstatic.com\/images?q=tbn:ANd9GcSZokdirsriyzDLOwFq7_vMO9eOECFNMHVbn0e5PLEV9TRJdwqTGSyfaUWMMQ\" \/><\/div>\n<p><img decoding=\"async\" class=\"aligncenter\" alt=\"\" src=\"http:\/\/alpha.mamfakinch.com\/wp-content\/uploads\/2011\/03\/ryadiaujoudui.jpg\" \/><\/p>\n<div align=\"center\"><\/div>\n<\/div>\n<div align=\"center\"><span style=\"color: #ff0000; font-family: bookman old style,new york,times,serif;\">Aziz Akkaoui<\/span><\/div>\n","protected":false},"excerpt":{"rendered":"<p>De Rabat \u00e0 Bruxelles, le r\u00e9gime marocain utilise les m\u00eames m\u00e9thodes d\u2019intimidation. Ce dimanche 18 novembre 2012 \u00e0 Rabat, Khadija Ryadi pr\u00e9sidente de l\u2019Association Marocaine des Droits Humain (AMDH) et Amine Abedlahmid son premier vice-pr\u00e9sident et d\u2019autres militants ont \u00e9t\u00e9 sauvagement tabass\u00e9s par la police marocaine alors qu\u2019ils participaient \u00e0 un sit-in devant le parlement &#8230; <a title=\"De Rabat \u00e0 Bruxelles, le r\u00e9gime marocain utilise les m\u00eames m\u00e9thodes d\u2019intimidation.\" class=\"read-more\" href=\"https:\/\/bruxelles-pantheres.be\/?p=713\" aria-label=\"En savoir plus sur De Rabat \u00e0 Bruxelles, le r\u00e9gime marocain utilise les m\u00eames m\u00e9thodes d\u2019intimidation.\">Lire la suite<\/a><\/p>\n","protected":false},"author":1,"featured_media":194,"comment_status":"open","ping_status":"open","sticky":false,"template":"","format":"standard","meta":{"footnotes":""},"categories":[24,18,17,5],"tags":[31,14,30,13,15],"class_list":["post-713","post","type-post","status-publish","format-standard","has-post-thumbnail","hentry","category-belgique-maroc","category-resistance-bruxelles","category-video","category-violence-policiere","tag-belgique","tag-bruxelles","tag-maroc","tag-nordine-saidi","tag-resistance"],"_links":{"self":[{"href":"https:\/\/bruxelles-pantheres.be\/index.php?rest_route=\/wp\/v2\/posts\/713","targetHints":{"allow":["GET"]}}],"collection":[{"href":"https:\/\/bruxelles-pantheres.be\/index.php?rest_route=\/wp\/v2\/posts"}],"about":[{"href":"https:\/\/bruxelles-pantheres.be\/index.php?rest_route=\/wp\/v2\/types\/post"}],"author":[{"embeddable":true,"href":"https:\/\/bruxelles-pantheres.be\/index.php?rest_route=\/wp\/v2\/users\/1"}],"replies":[{"embeddable":true,"href":"https:\/\/bruxelles-pantheres.be\/index.php?rest_route=%2Fwp%2Fv2%2Fcomments&post=713"}],"version-history":[{"count":1,"href":"https:\/\/bruxelles-pantheres.be\/index.php?rest_route=\/wp\/v2\/posts\/713\/revisions"}],"predecessor-version":[{"id":714,"href":"https:\/\/bruxelles-pantheres.be\/index.php?rest_route=\/wp\/v2\/posts\/713\/revisions\/714"}],"wp:featuredmedia":[{"embeddable":true,"href":"https:\/\/bruxelles-pantheres.be\/index.php?rest_route=\/wp\/v2\/media\/194"}],"wp:attachment":[{"href":"https:\/\/bruxelles-pantheres.be\/index.php?rest_route=%2Fwp%2Fv2%2Fmedia&parent=713"}],"wp:term":[{"taxonomy":"category","embeddable":true,"href":"https:\/\/bruxelles-pantheres.be\/index.php?rest_route=%2Fwp%2Fv2%2Fcategories&post=713"},{"taxonomy":"post_tag","embeddable":true,"href":"https:\/\/bruxelles-pantheres.be\/index.php?rest_route=%2Fwp%2Fv2%2Ftags&post=713"}],"curies":[{"name":"wp","href":"https:\/\/api.w.org\/{rel}","templated":true}]}}