{"id":721,"date":"2012-11-13T16:16:57","date_gmt":"2012-11-13T15:16:57","guid":{"rendered":"https:\/\/bruxelles-pantheres.be\/?p=721"},"modified":"2013-11-11T16:20:42","modified_gmt":"2013-11-11T15:20:42","slug":"appel-commun-a-des-mobilisations-pour-le-14-novembre-a-bruxelles","status":"publish","type":"post","link":"https:\/\/bruxelles-pantheres.be\/?p=721","title":{"rendered":"Appel commun \u00e0 des mobilisations pour le 14 novembre \u00e0 Bruxelles"},"content":{"rendered":"<div>\n<p><strong>Le 14 Novembre des millions d\u2019 Europ\u00e9ens dans plusieurs pays vont se mobiliser et se mettre en gr\u00e8ve\u00a0: Espagne, Portugal, Italie, Gr\u00e8ce, Belgique, Malte, Chypre \u2026 <\/strong><\/p>\n<p>C\u2019est le m\u00eame cri de col\u00e8re partout\u00a0: nous refusons que ceux qui cr\u00e9ent la richesse, les travailleurs, ainsi que la majorit\u00e9 des citoyens payent \u00e0 la place des vrais responsables de la crise\u00a0: les multinationales, les banques et leurs serviteurs politiciens\u00a0!<!--more--><\/p>\n<p>Les politiques d\u2019aust\u00e9rit\u00e9 mises en \u0153uvre par la Tro\u00efka (UE, BCE, FMI) et par nos gouvernements mettent en p\u00e9ril nos droits sociaux. En Belgique \u00e0 travers l\u2019AIP et le budget, le gouvernement Di Rupo s\u2019attaque aux salaires, aux services publics et aux travailleurs sans emploi.<\/p>\n<blockquote><p><strong><em>En Belgique comme ailleurs, la crise \u00e9conomique et sociale favorise une offensive s\u00e9curitaire, x\u00e9nophobe, islamophobe et raciste qui menace les droits et libert\u00e9s d\u00e9mocratiques des citoyen \u2013ne- s et des r\u00e9sidents \u00e9trangers, ainsi que nombreux acquis sociaux. Les propos stigmatisant de dirigeants politiques de la droite et de l\u2019extr\u00eame droite, soutenus par des intellectuels et quelques \u00e9ditorialistes, l\u00e9gitiment et banalisent les pratiques racistes de plus en plus fr\u00e9quentes parmi les forces de l\u2019ordre, notamment. Les lois et mesures discriminatoires et s\u00e9curitaires s\u2019accumulent, encourag\u00e9e par la multiplication des d\u00e9clarations qui d\u00e9signent les immigr\u00e9-e-s, les sans-papier-e-s, les \u00ab musulman-e-s \u00bb, les Rroms et les ch\u00f4meurs comme les membres des nouvelles classes pauvres et dangereuses.<\/em><\/strong><\/p>\n<p><strong><em>La gauche devait avoir comme premier objectif une campagne en faveur des droits politiques, sociaux, culturels \u00e0 part enti\u00e8re, de l\u2019\u00e9galit\u00e9 et de la d\u00e9mocratie pour les minorit\u00e9s dans nos communaut\u00e9s. Une campagne pour les travailleurs sans emploi et discrimin\u00e9s, avec ou sans foulard, dans les entreprises de sous-traitance, dans les emplois sous-pay\u00e9s et temporaires. Une campagne pour l\u2019arr\u00eat de dix ann\u00e9es de guerre et de soutien aux revendications de la r\u00e9sistance. Une campagne contre la torture. Une campagne pour apprendre \u00e0 la classe ouvri\u00e8re europ\u00e9enne la solidarit\u00e9 avec les fr\u00e8res et s\u0153urs en lutte dans le monde arabe et pour organiser des actions de solidarit\u00e9 avec eux.<\/em><\/strong><\/p>\n<p><strong><em>\u00ab\u00a0Se battre pour la d\u00e9fense des droits sociaux de tous les travailleurs\u00a0\u00bb\u00a0? Certainement. Mais sans omettre tous les points pr\u00e9cit\u00e9s. Faute de quoi une lutte pour les \u00ab\u00a0droits sociaux\u00a0\u00bb n\u2019aboutirait qu\u2019\u00e0 la d\u00e9fense des privil\u00e8ges sociaux d\u2019une aristocratie ouvri\u00e8re et d\u2019une classe moyenne blanches.<\/em><\/strong><\/p>\n<p><strong><em>\u00c9GALIT\u00c9 appelle \u00e0 l\u2019organisation et \u00e0 la r\u00e9sistance de toutes nos forces et c\u2019est l\u00e0 le minimum que nous puissions faire.<\/em><\/strong><\/p><\/blockquote>\n<p>Ce 14 novembre doit \u00eatre une journ\u00e9e combative de tous les travailleurs et travailleuses avec ou sans emploi, avec ou sans papiers. Face \u00e0 l\u2019aust\u00e9rit\u00e9 qui nous attaque toutes et tous, la journ\u00e9e se doit d\u2019\u00eatre unitaire\u00a0!<\/p>\n<p>Construire ce 14N, c\u2019est le premier pas vers la gr\u00e8ve g\u00e9n\u00e9rale europ\u00e9enne qui doit nous mener vers un plan d\u2019action coordonn\u00e9 et offensif.<\/p>\n<p><strong>Soyons donc nombreux \u00e0\u2026<\/strong><\/p>\n<p data-ft=\"{&quot;type&quot;:1,&quot;tn&quot;:&quot;K&quot;}\">\u2022 d\u00e8s 5h du matin Piquet de gr\u00e8ve FGTB Audi, boulevard de la Deuxi\u00e8me Arm\u00e9e Britannique 201.<\/p>\n<div>\u2022 \u00e0 8 h, rassemblement CGSP cheminots + secteur des Administrations locales et r\u00e9gionales) gare du Midi\u2022 \u00e0 10h \u2013 Action symbolique organis\u00e9e par la CES et les trois syndicats belges. 10h Ambassade d\u2019Espagne, rue de la Science 19, 1040 Bruxelles.\u2022 10h30 Ambassade d\u2019Allemagne, Rue Jacques de Lalaing 8-14, 1040 Bruxelles.<\/p>\n<p>\u2022 11h Repr\u00e9sentation permanente de la Gr\u00e8ce, rue J. de Lalaing 21-24.<\/p>\n<p>\u2022 12h Rassemblement au Berlaymont o\u00f9 un podium sera pr\u00e9vu, une tente de chaque conf\u00e9d\u00e9ration. Remise \u00e0 un repr\u00e9sentant de l\u2019UE du \u00ab Prix Nobel de l\u2019Aust\u00e9rit\u00e9 \u00bb.<\/p>\n<p>\u2022 \u00e0 14h\u00a0 rdv Place du Luxembourg (devant la gare) pour se rendre au Rond Point Schuman.<br \/>\n<a href=\"https:\/\/www.facebook.com\/photo.php?fbid=551688451513388\" target=\"_blank\" rel=\"nofollow\">https:\/\/www.facebook.com\/<wbr \/>photo.php?fbid=551688451513388<\/a><\/p>\n<\/div>\n<p><strong>Premiers signataires\u00a0:<\/strong><\/p>\n<p>CGSP Cheminots, Comit\u00e9s Action contre l\u2019aust\u00e9rit\u00e9 en Europe (CAE), EGA-ALS, <strong>Egalit\u00e9<\/strong>, Etudiants FGTB, FEWLA (soutien actif \u00e0 la lutte du peuple Mapuche), Initiative de Solidarit\u00e9 avec la Gr\u00e8ce qui r\u00e9siste, JOC bxl, LCR-SAP, LCT-CWB, PSL-LSP, JAC, Izquierda Unida, Syriaque-Belgique, Rifondazione Comunista \u2013 Federazione Comunista del Belgio, Iniciativa per Catalunya Verds, Parti Humaniste \u2013 Humanistische Partij, Gauches communes\u2026<a href=\"http:\/\/www.egalite.be\/wp-content\/uploads\/2012\/11\/14N.jpg\"><img decoding=\"async\" title=\"14N\" alt=\"\" src=\"http:\/\/www.egalite.be\/wp-content\/uploads\/2012\/11\/14N.jpg\" width=\"679\" height=\"960\" \/><\/a><\/p>\n<\/div>\n","protected":false},"excerpt":{"rendered":"<p>Le 14 Novembre des millions d\u2019 Europ\u00e9ens dans plusieurs pays vont se mobiliser et se mettre en gr\u00e8ve\u00a0: Espagne, Portugal, Italie, Gr\u00e8ce, Belgique, Malte, Chypre \u2026 C\u2019est le m\u00eame cri de col\u00e8re partout\u00a0: nous refusons que ceux qui cr\u00e9ent la richesse, les travailleurs, ainsi que la majorit\u00e9 des citoyens payent \u00e0 la place des vrais &#8230; <a title=\"Appel commun \u00e0 des mobilisations pour le 14 novembre \u00e0 Bruxelles\" class=\"read-more\" href=\"https:\/\/bruxelles-pantheres.be\/?p=721\" aria-label=\"En savoir plus sur Appel commun \u00e0 des mobilisations pour le 14 novembre \u00e0 Bruxelles\">Lire la suite<\/a><\/p>\n","protected":false},"author":1,"featured_media":719,"comment_status":"open","ping_status":"open","sticky":false,"template":"","format":"standard","meta":{"footnotes":""},"categories":[21,36],"tags":[],"class_list":["post-721","post","type-post","status-publish","format-standard","has-post-thumbnail","hentry","category-anti-imperialisme","category-europe"],"_links":{"self":[{"href":"https:\/\/bruxelles-pantheres.be\/index.php?rest_route=\/wp\/v2\/posts\/721","targetHints":{"allow":["GET"]}}],"collection":[{"href":"https:\/\/bruxelles-pantheres.be\/index.php?rest_route=\/wp\/v2\/posts"}],"about":[{"href":"https:\/\/bruxelles-pantheres.be\/index.php?rest_route=\/wp\/v2\/types\/post"}],"author":[{"embeddable":true,"href":"https:\/\/bruxelles-pantheres.be\/index.php?rest_route=\/wp\/v2\/users\/1"}],"replies":[{"embeddable":true,"href":"https:\/\/bruxelles-pantheres.be\/index.php?rest_route=%2Fwp%2Fv2%2Fcomments&post=721"}],"version-history":[{"count":1,"href":"https:\/\/bruxelles-pantheres.be\/index.php?rest_route=\/wp\/v2\/posts\/721\/revisions"}],"predecessor-version":[{"id":722,"href":"https:\/\/bruxelles-pantheres.be\/index.php?rest_route=\/wp\/v2\/posts\/721\/revisions\/722"}],"wp:featuredmedia":[{"embeddable":true,"href":"https:\/\/bruxelles-pantheres.be\/index.php?rest_route=\/wp\/v2\/media\/719"}],"wp:attachment":[{"href":"https:\/\/bruxelles-pantheres.be\/index.php?rest_route=%2Fwp%2Fv2%2Fmedia&parent=721"}],"wp:term":[{"taxonomy":"category","embeddable":true,"href":"https:\/\/bruxelles-pantheres.be\/index.php?rest_route=%2Fwp%2Fv2%2Fcategories&post=721"},{"taxonomy":"post_tag","embeddable":true,"href":"https:\/\/bruxelles-pantheres.be\/index.php?rest_route=%2Fwp%2Fv2%2Ftags&post=721"}],"curies":[{"name":"wp","href":"https:\/\/api.w.org\/{rel}","templated":true}]}}