{"id":723,"date":"2012-11-13T16:21:13","date_gmt":"2012-11-13T15:21:13","guid":{"rendered":"https:\/\/bruxelles-pantheres.be\/?p=723"},"modified":"2013-11-11T16:24:20","modified_gmt":"2013-11-11T15:24:20","slug":"communique-de-presse-tzahal-nest-pas-le-bienvenu-en-belgique","status":"publish","type":"post","link":"https:\/\/bruxelles-pantheres.be\/?p=723","title":{"rendered":"COMMUNIQUE DE PRESSE TZAHAL n\u2019est pas le bienvenu en Belgique !"},"content":{"rendered":"<p>&nbsp;<\/p>\n<div class=\"entry-content\" style=\"text-align: right;\">\n<address><a title=\"COMMUNIQUE DE PRESSE TZAHAL n\u2019est pas le bienvenu en Belgique !\" href=\"http:\/\/mcpalestine.canalblog.com\/archives\/2012\/11\/13\/25569953.html\" rel=\"bookmark\">COMMUNIQUE DE PRESSE TZAHAL n\u2019est pas le bienvenu en Belgique !<!--more--><\/a><\/address>\n<p style=\"text-align: center;\"><img decoding=\"async\" class=\"aligncenter\" alt=\"\" src=\"http:\/\/www.europalestine.com\/local\/cache-vignettes\/L600xH849\/tzahal_anvers-eef0a.jpg\" width=\"600\" height=\"849\" \/><\/p>\n<p style=\"text-align: center;\"><strong>COMMUNIQUE DE PRESSE<\/strong><\/p>\n<p style=\"text-align: center;\"><strong>TZAHAL n\u2019est pas le bienvenu en Belgique\u00a0!<\/strong><\/p>\n<p style=\"text-align: justify;\">Invit\u00e9 par \u201cChr\u00e9tiens pour Isra\u00ebl\u201d et le \u201cB\u2019nai B\u2019rith Anvers\u201d, l\u2019arm\u00e9e isra\u00e9lienne (Tsahal ) sera le 18 novembre en concert au Provinciehuis d\u2019Anvers (Koningin Elisabethlaan 22, 2018 Anvers).<\/p>\n<p style=\"text-align: justify;\">Nous ne pouvons accepter la venue en Belgique de l\u2019arm\u00e9e d\u2019un Etat qui est responsable de crimes de guerre \u00e0 Gaza, de la poursuite de la colonisation en Cisjordanie et \u00e0 J\u00e9rusalem Est, l\u2019architecte du terrible blocus de la bande de Gaza, qui commande les attaques contre les flottilles pacifiques en pleine mer, qui maintient incarc\u00e9r\u00e9s plus de 4500 prisonniers politiques, enfin qui m\u00e8ne une politique raciste envers les palestiniens et une partie de sa population,.<\/p>\n<p style=\"text-align: justify;\">Nous acceptons encore moins que les repr\u00e9sentants de l\u2019Etat, Yves Leterme, ancien Premier ministre (CD &amp; V), et le ministre f\u00e9d\u00e9ral de l\u2019Emploi Monica De Coninck (sp.a) s\u2019y rendent, car cela est un encouragement \u00e0 la politique du pire\u00a0: celle du droit international pi\u00e9tin\u00e9 et d\u2019une escalade des tensions qui risque de d\u00e9clencher un conflit majeur au Proche Orient.<\/p>\n<p style=\"text-align: justify;\">Au m\u00eame moment que ce concert, les nouvelles en provenance de Gaza montrent que l\u2019arm\u00e9e isra\u00e9lienne provoque un nouveau massacre dans le territoire palestinien. Ce sont des populations civiles dont des enfants qui sont notamment victimes de l\u2019intervention des forces terrestres et a\u00e9riennes de l\u2019occupant.<\/p>\n<p style=\"text-align: justify;\">En r\u00e9ponse \u00e0 l\u2019occupation, \u00e0 la colonisation et au racisme d\u2019Etat, nous r\u00e9affirmons notre soutien \u00e0 la campagne internationale BDS (Boycott, D\u00e9sinvestissements, Sanctions) pour imposer la seule issue pour cette r\u00e9gion\u00a0: la justice pour le peuple palestinien.<\/p>\n<p style=\"text-align: justify;\">EGALITE appelle \u00e0 protester aupr\u00e8s des autorit\u00e9s et des \u00e9lus belges contre ce concert ind\u00e9cent. Nous appelons les d\u00e9fenseurs de la justice et de la paix \u00e0 d\u00e9noncer la venue en Belgique de cette arm\u00e9e plusieurs fois condamn\u00e9e par les instances internationales.<\/p>\n<p style=\"text-align: justify;\">NON au concert de TZAHAL, l\u2019arm\u00e9e isra\u00e9lienne \u00e0 Anvers\u00a0!<\/p>\n<p style=\"text-align: justify;\">Mobilisons-nous\u00a0:<\/p>\n<p style=\"text-align: justify;\"><strong>Venez protester avec nous dimanche 18 novembre contre le concert de l\u2019orchestre de TZAHAL \u00e0 la Provinciehuis d\u2019Anvers (Koningin Elisabethlaan 22, 2018 Anvers).<\/strong><\/p>\n<p style=\"text-align: justify;\">Vous pouvez rallier la Provinciehuis \u00e0 partir de la gare centrale en prenant les trams 2 et 6, descendre \u00e0 l\u2019arr\u00eat Provinciehuis.<\/p>\n<p style=\"text-align: justify;\">Rendez-vous pour un d\u00e9part collectif\u00a0:<\/p>\n<p style=\"text-align: justify;\"><strong>Boulevard Emile Bockstael (M\u00e9tro Bockstael) sur le parking du magasin Brico \u00e0 12h30 <\/strong><\/p>\n<p style=\"text-align: justify;\">Contact Presse\u00a0: Nadia Boumazzoughe 0485\/54.95.79<\/p>\n<p style=\"text-align: justify;\">Lire aussi : <a title=\"NON au concert de TZAHAL, l'arm\u00e9e isra\u00e9lienne \u00e0 Anvers\" href=\"http:\/\/mcpalestine.canalblog.com\/archives\/2012\/11\/12\/25563759.html\" rel=\"bookmark\">NON au concert de TZAHAL, l\u2019arm\u00e9e isra\u00e9lienne \u00e0 Anvers<\/a><\/p>\n<p><a href=\"https:\/\/www.change.org\/petitions\/yves-leterme-monica-de-coninck-steun-het-isra%C3%ABlische-leger-niet\"><strong>Signez la p\u00e9tition en ligne<\/strong><\/a><\/p>\n<p><a href=\"https:\/\/bruxelles-pantheres.be\/wp-content\/uploads\/2013\/11\/Palestine050.jpg\"><img decoding=\"async\" class=\"alignnone size-full wp-image-724\" alt=\"Palestine050\" src=\"https:\/\/bruxelles-pantheres.be\/wp-content\/uploads\/2013\/11\/Palestine050.jpg\" width=\"3152\" height=\"5072\" \/><\/a><\/div>\n","protected":false},"excerpt":{"rendered":"<p>&nbsp; COMMUNIQUE DE PRESSE TZAHAL n\u2019est pas le bienvenu en Belgique !<\/p>\n","protected":false},"author":1,"featured_media":724,"comment_status":"open","ping_status":"open","sticky":false,"template":"","format":"standard","meta":{"footnotes":""},"categories":[21,6,18],"tags":[31,14,13,15],"class_list":["post-723","post","type-post","status-publish","format-standard","has-post-thumbnail","hentry","category-anti-imperialisme","category-palestine-moyen-orient","category-resistance-bruxelles","tag-belgique","tag-bruxelles","tag-nordine-saidi","tag-resistance"],"_links":{"self":[{"href":"https:\/\/bruxelles-pantheres.be\/index.php?rest_route=\/wp\/v2\/posts\/723","targetHints":{"allow":["GET"]}}],"collection":[{"href":"https:\/\/bruxelles-pantheres.be\/index.php?rest_route=\/wp\/v2\/posts"}],"about":[{"href":"https:\/\/bruxelles-pantheres.be\/index.php?rest_route=\/wp\/v2\/types\/post"}],"author":[{"embeddable":true,"href":"https:\/\/bruxelles-pantheres.be\/index.php?rest_route=\/wp\/v2\/users\/1"}],"replies":[{"embeddable":true,"href":"https:\/\/bruxelles-pantheres.be\/index.php?rest_route=%2Fwp%2Fv2%2Fcomments&post=723"}],"version-history":[{"count":1,"href":"https:\/\/bruxelles-pantheres.be\/index.php?rest_route=\/wp\/v2\/posts\/723\/revisions"}],"predecessor-version":[{"id":725,"href":"https:\/\/bruxelles-pantheres.be\/index.php?rest_route=\/wp\/v2\/posts\/723\/revisions\/725"}],"wp:featuredmedia":[{"embeddable":true,"href":"https:\/\/bruxelles-pantheres.be\/index.php?rest_route=\/wp\/v2\/media\/724"}],"wp:attachment":[{"href":"https:\/\/bruxelles-pantheres.be\/index.php?rest_route=%2Fwp%2Fv2%2Fmedia&parent=723"}],"wp:term":[{"taxonomy":"category","embeddable":true,"href":"https:\/\/bruxelles-pantheres.be\/index.php?rest_route=%2Fwp%2Fv2%2Fcategories&post=723"},{"taxonomy":"post_tag","embeddable":true,"href":"https:\/\/bruxelles-pantheres.be\/index.php?rest_route=%2Fwp%2Fv2%2Ftags&post=723"}],"curies":[{"name":"wp","href":"https:\/\/api.w.org\/{rel}","templated":true}]}}