{"id":729,"date":"2012-11-09T16:27:49","date_gmt":"2012-11-09T15:27:49","guid":{"rendered":"https:\/\/bruxelles-pantheres.be\/?p=729"},"modified":"2013-11-11T16:33:51","modified_gmt":"2013-11-11T15:33:51","slug":"rencontre-avec-houria-bouteldja-et-sadri-khiari","status":"publish","type":"post","link":"https:\/\/bruxelles-pantheres.be\/?p=729","title":{"rendered":"Rencontre avec Houria Bouteldja et Sadri Khiari"},"content":{"rendered":"<p>&nbsp;<\/p>\n<p>&nbsp;<\/p>\n<p><a href=\"https:\/\/www.youtube.com\/watch?v=U4GUj9Vzyhg#action=share\"><strong>\u00c0 l\u2019occasion de la parution de <em>Nous sommes les indig\u00e8nes de la R\u00e9publique<!--more--><\/em><\/strong><\/a><\/p>\n<p>&nbsp;<\/p>\n<p align=\"justify\">Luttes de l\u2019immigration et des quartiers populaires, racisme et antiracisme, c\u2019est \u00e0 travers les cat\u00e9gories de colonialit\u00e9 et de races sociales que les Indig\u00e8nes de la r\u00e9publique tentent une r\u00e9interpr\u00e9tation radicale des conflits qui traversent la soci\u00e9t\u00e9 fran\u00e7aise pour proposer ce qu\u2019ils appellent une \u00ab\u00a0strat\u00e9gie d\u00e9coloniale\u00a0\u00bb. Leur d\u00e9marche a introduit une rupture capitale dans la fa\u00e7on d\u2019aborder la question du racisme en France\u00a0; elle a influenc\u00e9 tant les forces de gauche que les militants de l\u2019immigration et des quartiers comme elle a marqu\u00e9 fortement les questionnements de nombreux chercheurs et intellectuels. Cependant, beaucoup encore ne connaissent que leur Appel fondateur, rendu public en janvier 2005, ou quelques uns seulement des multiples textes qu\u2019ils ont publi\u00e9s. A travers les contributions de Houria Bouteldja et de Sadri Khiari ainsi que celles qui ont \u00e9t\u00e9 r\u00e9dig\u00e9es par d\u2019autres militants indig\u00e8nes, ont d\u00e9couvrira une r\u00e9flexion politique novatrice en mouvement, articul\u00e9 \u00e0 une pratique militante qui bouscule le champ, finalement tr\u00e8s conservateur, de la gauche antiraciste. Cette anthologie est accompagn\u00e9e d\u2019un entretien in\u00e9dit men\u00e9 par F\u00e9lix Boggio \u00c9wanj\u00e9-\u00c9p\u00e9e et Stella Magliani-Belkacem\u00a0: c\u2019est l\u2019occasion pour Houria Bouteldja et Sadri Khiari de restituer toutes les \u00e9tapes travers\u00e9es par le Parti des Indig\u00e8nes de la R\u00e9publique et de poser les d\u00e9fis de demain. \u201cLe PIR est avenir\u201d\u00a0?<\/p>\n<p>&nbsp;<\/p>\n<p align=\"justify\">Houria Bouteldja est initiatrice et porte-parole du Parti des indig\u00e8nes de la r\u00e9publique. Elle a publi\u00e9 de nombreux articles et particip\u00e9 \u00e0 de nombreuses conf\u00e9rences internationales, en particulier sur les questions d\u2019islamophobie, de race et les questions f\u00e9ministes.<\/p>\n<p>&nbsp;<\/p>\n<p align=\"justify\">Sadri Khiari est un membre fondateur du Parti des indig\u00e8nes de la r\u00e9publique. Il est l\u2019auteur de Tunisie. Coercition, consentement, r\u00e9sistance. Le d\u00e9litement de la cit\u00e9 (Karthala, 2003), Pour une politique de la racaille (Textuel, 2006), de La Contre-r\u00e9volution coloniale en France. de De Gaulle \u00e0 Sarkozy (La fabrique, 2009) et de Sainte Caroline contre Tariq Ramadan (LaRevanche, 2011).<\/p>\n<p style=\"text-align: center;\"><a href=\"http:\/\/www.egalite.be\/wp-content\/uploads\/2012\/11\/S1540029.jpg\"><img decoding=\"async\" class=\"wp-image-4668 alignleft\" title=\"S1540029\" alt=\"\" src=\"http:\/\/www.egalite.be\/wp-content\/uploads\/2012\/11\/S1540029.jpg\" width=\"559\" height=\"373\" \/><\/a><\/p>\n<p>&nbsp;<\/p>\n<p style=\"text-align: left;\">\n<p style=\"text-align: left;\">\n<p style=\"text-align: left;\">\n<p style=\"text-align: left;\">\n<p style=\"text-align: left;\">\n<p style=\"text-align: left;\">\n<p style=\"text-align: left;\">\n<p style=\"text-align: left;\"><em><strong>Sadri Khiari<\/strong>, Nadia Boumazzoughe, Nordine Sa\u00efdi, <strong>Houria Bouteldja<\/strong><\/em><\/p>\n<p><a href=\"http:\/\/www.egalite.be\/wp-content\/uploads\/2012\/10\/houri.jpg\"><img decoding=\"async\" class=\"alignright\" title=\"houri\" alt=\"\" src=\"http:\/\/www.egalite.be\/wp-content\/uploads\/2012\/10\/houri.jpg\" width=\"737\" height=\"1045\" \/><\/a><\/p>\n","protected":false},"excerpt":{"rendered":"<p>&nbsp; &nbsp; \u00c0 l\u2019occasion de la parution de Nous sommes les indig\u00e8nes de la R\u00e9publique<\/p>\n","protected":false},"author":1,"featured_media":703,"comment_status":"open","ping_status":"open","sticky":false,"template":"","format":"standard","meta":{"footnotes":""},"categories":[21,36,4,7,6,18,28,37,39,17,5],"tags":[31,14,23,13,19,15],"class_list":["post-729","post","type-post","status-publish","format-standard","has-post-thumbnail","hentry","category-anti-imperialisme","category-europe","category-islamophobie","category-negrophobie","category-palestine-moyen-orient","category-resistance-bruxelles","category-racismes","category-romophobie","category-sans-papier","category-video","category-violence-policiere","tag-belgique","tag-bruxelles","tag-discrimination","tag-nordine-saidi","tag-pauvrete","tag-resistance"],"_links":{"self":[{"href":"https:\/\/bruxelles-pantheres.be\/index.php?rest_route=\/wp\/v2\/posts\/729","targetHints":{"allow":["GET"]}}],"collection":[{"href":"https:\/\/bruxelles-pantheres.be\/index.php?rest_route=\/wp\/v2\/posts"}],"about":[{"href":"https:\/\/bruxelles-pantheres.be\/index.php?rest_route=\/wp\/v2\/types\/post"}],"author":[{"embeddable":true,"href":"https:\/\/bruxelles-pantheres.be\/index.php?rest_route=\/wp\/v2\/users\/1"}],"replies":[{"embeddable":true,"href":"https:\/\/bruxelles-pantheres.be\/index.php?rest_route=%2Fwp%2Fv2%2Fcomments&post=729"}],"version-history":[{"count":3,"href":"https:\/\/bruxelles-pantheres.be\/index.php?rest_route=\/wp\/v2\/posts\/729\/revisions"}],"predecessor-version":[{"id":732,"href":"https:\/\/bruxelles-pantheres.be\/index.php?rest_route=\/wp\/v2\/posts\/729\/revisions\/732"}],"wp:featuredmedia":[{"embeddable":true,"href":"https:\/\/bruxelles-pantheres.be\/index.php?rest_route=\/wp\/v2\/media\/703"}],"wp:attachment":[{"href":"https:\/\/bruxelles-pantheres.be\/index.php?rest_route=%2Fwp%2Fv2%2Fmedia&parent=729"}],"wp:term":[{"taxonomy":"category","embeddable":true,"href":"https:\/\/bruxelles-pantheres.be\/index.php?rest_route=%2Fwp%2Fv2%2Fcategories&post=729"},{"taxonomy":"post_tag","embeddable":true,"href":"https:\/\/bruxelles-pantheres.be\/index.php?rest_route=%2Fwp%2Fv2%2Ftags&post=729"}],"curies":[{"name":"wp","href":"https:\/\/api.w.org\/{rel}","templated":true}]}}