{"id":73,"date":"2009-06-27T02:02:41","date_gmt":"2009-06-27T01:02:41","guid":{"rendered":"https:\/\/bruxelles-pantheres.be\/?p=73"},"modified":"2013-11-09T22:42:37","modified_gmt":"2013-11-09T21:42:37","slug":"nest-il-pas-temps-de-revoir-enfin-serieusement-le-plan-de-partage-de-la-palestine","status":"publish","type":"post","link":"https:\/\/bruxelles-pantheres.be\/?p=73","title":{"rendered":"N\u2019est-il pas temps de revoir \u2013 enfin s\u00e9rieusement \u2013 le plan de partage de la Palestine ?"},"content":{"rendered":"<div><a href=\"http:\/\/www.egalite.be\/wp-content\/uploads\/2009\/06\/268457_251705711522069_100000479250855_1097173_4678986_n.jpg\"><img decoding=\"async\" class=\"aligncenter\" title=\"268457_251705711522069_100000479250855_1097173_4678986_n\" alt=\"\" src=\"http:\/\/www.egalite.be\/wp-content\/uploads\/2009\/06\/268457_251705711522069_100000479250855_1097173_4678986_n-212x300.jpg\" width=\"212\" height=\"300\" \/><\/a><\/div>\n<p>Une fois encore, les dirigeants occidentaux se f\u00e9licitent d\u2019un \u00ab important pas en avant \u00bb que constitue la d\u00e9claration politique du 1er Ministre isra\u00e9lien, B. Netanyahu. Ce dernier ayant susurr\u00e9 dans son premier discours de politique \u00e9trang\u00e8re, sa vision d\u2019un futur \u00c9tat palestinien ind\u00e9pendant. Mais de quel \u00ab pas \u00bb s\u2019agit-il donc ?<\/p>\n<p>Jamais en reste, les m\u00e9dias occidentaux relayaient en ch\u0153ur les propos de B. Netanyahu, allant m\u00eame jusqu\u2019\u00e0 titrer que cet \u00c9tat projet\u00e9 par le nouveau proph\u00e8te h\u00e9breu n\u2019\u00e9tait soumis \u00e0 quasi aucune condition \u00ab pr\u00e9alable \u00bb. Ce qu\u2019il faut lire parfois !<!--more--><\/p>\n<p>Or, \u00e0 la lecture d\u00e9taill\u00e9e de la proposition du 1er Ministre isra\u00e9lien, force est de constater qu\u2019il en va de son exact contraire, sinon que les conditions au lieu d\u2019\u00eatre pr\u00e9alables se succ\u00e9daient les unes aux autres.<\/p>\n<p>Ainsi, cette vision \u2013 il conviendrait de dire ce cauchemar \u2013 d\u2019\u00c9tat moribond, croupion, mort-n\u00e9 tel qu\u2019envisag\u00e9 pourrait obtenir de son occupant \u2013 merci pour tant de magnanimit\u00e9 \u2013 son drapeau et son hymne national. Merveilleuse bienveillance\u2026 sauf qu\u2019il a d\u00e9j\u00e0 l\u2019un et l\u2019autre.<br \/>\nEn revanche, il ne pourra b\u00e9n\u00e9ficier d\u2019aucun contr\u00f4le sur son propre espace maritime, ni a\u00e9rien et devra \u00eatre d\u00e9militaris\u00e9. L\u2019ensemble de ces mati\u00e8res relevant toujours du strict contr\u00f4le des forces isra\u00e9liennes d\u2019occupation. Quelle aubaine pour les Palestiniens de pouvoir ainsi compter sur les attentions protectrices de leur voisin.<br \/>\nCe futur \u00c9tat ne pourra pas plus envisager d\u2019alliance avec l\u2019Iran qu\u2019avec le Hezbollah.<br \/>\nDe m\u00eame, inutile de revenir sur la R\u00e9solution 478 du Conseil de s\u00e9curit\u00e9 d\u00e9non\u00e7ant l\u2019annexion de J\u00e9rusalem-Est lors de la guerre de 1967 comme violation du droit international, la ville sainte \u00e9tant une fois encore et pour toutes \u2013 comprenez, pour l\u2019\u00e9ternit\u00e9 \u2013 d\u00e9clar\u00e9e indivisible et sous souverainet\u00e9\u2026 du peuple \u00e9lu.<br \/>\nDans la foul\u00e9e, le Droit au retour des innombrables r\u00e9fugi\u00e9s \u2013 R\u00e9solution 194 de l\u2019ONU \u2013 est lui aussi une nouvelle fois, exclu. Tout comme le gel \u2013 illusoire \u2013 de l\u2019extension des colonies\u2026 malgr\u00e9 l\u2019insistance de la Maison Blanche sur la question.<br \/>\nSans oublier, l\u2019in\u00e9vitable rengaine de la reconnaissance par l\u2019Autorit\u00e9 palestinienne, du caract\u00e8re juif de l\u2019\u00c9tat d\u2019Isra\u00ebl\u2026 etc, etc\u2026<\/p>\n<p>Bref, cette vision cauchemardesque, r\u00e9sulte manifestement de la perp\u00e9tuation d\u2019une mentalit\u00e9 s\u2019apparentant vraiment \u00e0 ce qui se pratiquait de pire sous le r\u00e9gime de l\u2019apartheid en Afrique du Sud, mais condamn\u00e9 alors par l\u2019ensemble des nations, alors qu\u2019elle semble cette fois, encens\u00e9e par nos \u00e9minences. Ce patchwork de villages \u00e9pars, divis\u00e9s, \u00e9cartel\u00e9s, emprisonn\u00e9s entre les colonies tentaculaires et leurs murailles de s\u00e9paration ressemble \u00e0 tout sauf \u00e0 un quelconque \u00c9tat viable, digne de ce nom.<\/p>\n<p>Il n\u2019est qu\u2019une condition qui n\u2019ait pas encore \u00e9t\u00e9 officiellement adress\u00e9e aux Palestiniens : un \u00c9tat qui existerait sans le moindre habitant arabe sur son territoire !<br \/>\nMais patience, avec Avigdor Lieberman comme chef d\u2019une diplomatie isra\u00e9lienne de couleur de plus en plus brune, dont nos repr\u00e9sentants \u00e0 la probit\u00e9 exemplaire n\u2019h\u00e9sitent pas \u00e0 serrer la main, cela ne saurait tarder\u2026<\/p>\n<p>Qu\u2019en tirer comme perspectives pour le peuple palestinien ?<br \/>\nQue loin de se rapprocher, l\u2019\u00e9mergence de leur \u00c9tat semble toujours promise \u00e0 de funestes et sordides calculs qui ent\u00e9rinent d\u2019autant son \u00e9loignement.<br \/>\nQue malgr\u00e9 les pressions de Washington, l\u2019envahisseur isra\u00e9lien m\u00e8ne bien son jeu et teste les r\u00e9actions d\u2019un Occident toujours aussi servile et complaisant.<br \/>\nQue rien, ab-so-lu-ment rien ne change dans la politique men\u00e9e par Isra\u00ebl \u00e0 l\u2019encontre de son voisin, quels que soient le parti, la coalition et les responsables \u00e0 la t\u00eate du pays.<br \/>\nQu\u2019en marge de ces d\u00e9clarations p\u00e9remptoires, la situation dans la Bande de Gaza \u2013 dont presque plus aucun m\u00e9dia ne parle \u2013 ne cesse de se d\u00e9grader depuis les deux ans que le si\u00e8ge isra\u00e9lien impose lentement mais s\u00fbrement son asphyxie, son agonie \u00e0 un peuple ext\u00e9nu\u00e9 ne survivant que par approvisionnement clandestin \u00e0 travers un r\u00e9seau de galeries souterraines telles des rati\u00e8res \u2013 mais n\u2019allez surtout pas qualifier cet enfermement inhumain de camp d\u2019extermination, vous seriez tout aussit\u00f4t m\u00e9pris\u00e9, voire trait\u00e9 d\u2019antis\u00e9mite.<br \/>\nQue pour maquiller ce qui n\u2019est finalement qu\u2019une \u00e9ni\u00e8me d\u00e9claration hostile et m\u00e9prisante au peuple palestinien, le 1er ministre isra\u00e9lien a sournoisement d\u00e9tourn\u00e9 l\u2019attention de la communaut\u00e9 internationale sur le r\u00e9sultat contestable des \u00e9lections iraniennes et des menaces qui en r\u00e9sultent.<br \/>\nEt que face \u00e0 ce qui n\u2019est qu\u2019une s\u00e9rie de dictats impos\u00e9s par l\u2019occupant, et l\u2019engouement honteux que ceux-ci semblent avoir suscit\u00e9s aupr\u00e8s des dirigeants de nos pays toujours enclins \u00e0 envisager le rehaussement de l\u2019UE avec cet \u00c9tat profond\u00e9ment raciste, les Palestiniens devront se rappeler, encore et toujours, qu\u2019ils ne peuvent vraiment compter que sur eux-m\u00eames pour r\u00e9sister \u00e0 leur brutale occupation.<\/p>\n<p>Il ne faudra pas s\u2019\u00e9tonner que lorsque quelque d\u00e9sesp\u00e9r\u00e9 n\u2019ayant plus rien \u00e0 perdre, se radicalisera et se r\u00e9voltera violemment face \u00e0 cet \u00e9tat de choses, nos m\u00e9dias et nos grands penseurs \u2013 aux petites id\u00e9es \u2013 ne r\u00e9sisteront pas \u00e0 stigmatiser ces Palestiniens d\u00e9cid\u00e9ment incorrigibles et d\u00e9finitivement terroristes.<\/p>\n<p>Comme d\u00e9j\u00e0 \u00e9crit \u00e0 plusieurs reprises, tant au travers d\u2019articles que de livres, la situation des Palestiniens, loin de s\u2019am\u00e9liorer, n\u2019a de cesse de se d\u00e9t\u00e9riorer, jour apr\u00e8s jour, dans une indiff\u00e9rence quasi g\u00e9n\u00e9rale.<\/p>\n<p>Qu\u2019en tirer comme conclusion, sinon que depuis les d\u00e9cennies d\u2019efforts et de sacrifices consentis par la population opprim\u00e9e de Palestine pour aboutir \u00e0 une solution \u00e9quilibr\u00e9e, aucun progr\u00e8s ne semble \u00e0 l\u2019ordre du jour du c\u00f4t\u00e9 isra\u00e9lien ? Aucune concession s\u00e9rieuse, aucune r\u00e9elle ouverture, pas le moindre sens d\u2019une \u00e9l\u00e9mentaire justice. Que du contraire, puisque son \u00e9treinte sur les territoires palestiniens se fait de plus en plus cruelle, violente et odieuse et que le nombre de victimes augmente quotidiennement.<\/p>\n<p>D\u00e8s lors, et avant que le pire n\u2019advienne, n\u2019est-il pas temps de conclure que les accords de partage de la Palestine pour l\u2019\u00e9tablissement de ces deux \u00c9tats vivant c\u00f4te \u00e0 c\u00f4te tels que d\u00e9cid\u00e9s en 1947 ne sont manifestement pas viables et d\u00e9finitivement caduques ?<\/p>\n<p>Et d\u2019avoir enfin le courage politique de les revoir de fond en comble avec cette fois, la pr\u00e9sence des premiers int\u00e9ress\u00e9s \u2013 c\u2019est-\u00e0-dire les Palestiniens dont on veut confisquer une part importante du territoire \u2013 autour de la table\u2026<\/p>\n<p>Daniel Vanhove \u2013<br \/>\nObservateur civil<br \/>\nMembre du Mouvement Citoyen Palestine<br \/>\nCo-auteur de Retour de Palestine \u2013 2002 \u2013 aux Ed. Vista<br \/>\nAuteur de Si vous d\u00e9truisez nos maisons, vous ne d\u00e9truirez pas nos \u00e2mes \u2013 2005<br \/>\net de La D\u00e9mocratie Mensonge \u2013 2008 \u2013 parus aux Ed. Marco Pietteur \u2013 coll. Oser Dire<\/p>\n","protected":false},"excerpt":{"rendered":"<p>Une fois encore, les dirigeants occidentaux se f\u00e9licitent d\u2019un \u00ab important pas en avant \u00bb que constitue la d\u00e9claration politique du 1er Ministre isra\u00e9lien, B. Netanyahu. Ce dernier ayant susurr\u00e9 dans son premier discours de politique \u00e9trang\u00e8re, sa vision d\u2019un futur \u00c9tat palestinien ind\u00e9pendant. Mais de quel \u00ab pas \u00bb s\u2019agit-il donc ? Jamais en &#8230; <a title=\"N\u2019est-il pas temps de revoir \u2013 enfin s\u00e9rieusement \u2013 le plan de partage de la Palestine ?\" class=\"read-more\" href=\"https:\/\/bruxelles-pantheres.be\/?p=73\" aria-label=\"En savoir plus sur N\u2019est-il pas temps de revoir \u2013 enfin s\u00e9rieusement \u2013 le plan de partage de la Palestine ?\">Lire la suite<\/a><\/p>\n","protected":false},"author":1,"featured_media":31,"comment_status":"open","ping_status":"open","sticky":false,"template":"","format":"standard","meta":{"footnotes":""},"categories":[6],"tags":[],"class_list":["post-73","post","type-post","status-publish","format-standard","has-post-thumbnail","hentry","category-palestine-moyen-orient"],"_links":{"self":[{"href":"https:\/\/bruxelles-pantheres.be\/index.php?rest_route=\/wp\/v2\/posts\/73","targetHints":{"allow":["GET"]}}],"collection":[{"href":"https:\/\/bruxelles-pantheres.be\/index.php?rest_route=\/wp\/v2\/posts"}],"about":[{"href":"https:\/\/bruxelles-pantheres.be\/index.php?rest_route=\/wp\/v2\/types\/post"}],"author":[{"embeddable":true,"href":"https:\/\/bruxelles-pantheres.be\/index.php?rest_route=\/wp\/v2\/users\/1"}],"replies":[{"embeddable":true,"href":"https:\/\/bruxelles-pantheres.be\/index.php?rest_route=%2Fwp%2Fv2%2Fcomments&post=73"}],"version-history":[{"count":2,"href":"https:\/\/bruxelles-pantheres.be\/index.php?rest_route=\/wp\/v2\/posts\/73\/revisions"}],"predecessor-version":[{"id":142,"href":"https:\/\/bruxelles-pantheres.be\/index.php?rest_route=\/wp\/v2\/posts\/73\/revisions\/142"}],"wp:featuredmedia":[{"embeddable":true,"href":"https:\/\/bruxelles-pantheres.be\/index.php?rest_route=\/wp\/v2\/media\/31"}],"wp:attachment":[{"href":"https:\/\/bruxelles-pantheres.be\/index.php?rest_route=%2Fwp%2Fv2%2Fmedia&parent=73"}],"wp:term":[{"taxonomy":"category","embeddable":true,"href":"https:\/\/bruxelles-pantheres.be\/index.php?rest_route=%2Fwp%2Fv2%2Fcategories&post=73"},{"taxonomy":"post_tag","embeddable":true,"href":"https:\/\/bruxelles-pantheres.be\/index.php?rest_route=%2Fwp%2Fv2%2Ftags&post=73"}],"curies":[{"name":"wp","href":"https:\/\/api.w.org\/{rel}","templated":true}]}}