{"id":736,"date":"2012-11-07T16:38:01","date_gmt":"2012-11-07T15:38:01","guid":{"rendered":"https:\/\/bruxelles-pantheres.be\/?p=736"},"modified":"2013-11-11T16:40:16","modified_gmt":"2013-11-11T15:40:16","slug":"lettre-ouverte-a-lunion-europeenne-au-sujet-de-la-situation-des-migrants-sub-sahariens-au-maroc","status":"publish","type":"post","link":"https:\/\/bruxelles-pantheres.be\/?p=736","title":{"rendered":"Lettre ouverte \u00e0 l\u2019Union europ\u00e9enne au sujet de la situation des migrants sub-Sahariens au Maroc"},"content":{"rendered":"<div>\n<div id=\"header-wrapper\">\n<div id=\"header\">\n<div id=\"Header1\">\n<div id=\"header-inner\">\n<div>\n<p><strong><a href=\"http:\/\/openlettereu.blogspot.be\/\">Open Letter to the European Union on the Situation of sub-Saharan Migrants in Morocco<\/a><\/strong><\/p>\n<\/div>\n<div>Signez et invitez vos amis \u00e0 <em>signer<\/em> aussi ! <a href=\"http:\/\/www.ipetitions.com\/petition\/ol2eu\/\"><strong>ICI<!--more--><\/strong><\/a><\/div>\n<\/div>\n<\/div>\n<\/div>\n<\/div>\n<div id=\"crosscol-wrapper\">\n<div id=\"crosscol\">\n<div id=\"Image1\">\n<div><img decoding=\"async\" class=\"alignright\" id=\"Image1_img\" alt=\"\" src=\"https:\/\/lh3.ggpht.com\/-5LWwPbU2Exs\/UJVZgiGmoWI\/AAAAAAAAHfY\/pg7cwpiA0uE\/s660\/migrants-articleLarge.jpg\" width=\"600\" height=\"315\" \/><\/div>\n<\/div>\n<\/div>\n<\/div>\n<h3>Lettre ouverte \u00e0 l\u2019Union europ\u00e9enne au sujet de la situation des migrants sub-Sahariens au Maroc<\/h3>\n<div dir=\"ltr\">M. le pr\u00e9sident de l\u2019Union europ\u00e9enne, Herman van Rompuy;<br \/>\nM. le pr\u00e9sident de la Commission europ\u00e9enne, Jos\u00e9 Manuel Barroso;<br \/>\nM. le pr\u00e9sident du Parlement europ\u00e9en, Martin Schultz;<br \/>\nMme. la Haute-repr\u00e9sentante de l\u2019Union europ\u00e9enne, Catherine Ashton;<br \/>\nMme. le commissaire europ\u00e9en \u00e0 la Justice, aux droits fondamentaux et \u00e0 la citoyennet\u00e9, Viviane Reding;<br \/>\nMme. le commissaire europ\u00e9en aux affaires int\u00e9rieures, Cecilia Malmstr\u00f6m;<br \/>\nM. le commissaire europ\u00e9en \u00e0 la politique europ\u00e9enne de voisinage, Stefan F\u00fcle;<br \/>\nM. le parlementaire europ\u00e9en Pier Antonio Panzeri, pr\u00e9sident de la D\u00e9l\u00e9gation Maghreb du Parlement europ\u00e9en;<br \/>\nSon Excellence l\u2019ambassadeur Eneko Landaburu, chef de la D\u00e9l\u00e9gation de l\u2019Union europ\u00e9enne au Maroc;L\u2019Union europ\u00e9enne, que vous repr\u00e9sentez tous \u00e0 un titre ou \u00e0 un autre, s\u2019est vue d\u00e9cerner le prix Nobel de la paix 2012. Nous vous en f\u00e9licitons. Il vous appartient d\u2019en rester digne.<\/p>\n<p>Depuis une vingtaine d\u2019ann\u00e9es, suite \u00e0 la mise en place du syst\u00e8me Schengen de contr\u00f4le des fronti\u00e8res ext\u00e9rieures de l\u2019Union europ\u00e9enne, vos institutions font peser une pression croissante sur des pays du sud de la m\u00e9diterran\u00e9e comme le Maroc pour qu\u2019ils vous aident \u00e0 emp\u00eacher l\u2019immigration vers l\u2019Europe. Vos pressions insistantes ont ainsi abouti \u00e0 l\u2019adoption de la loi n\u00b0 02-03 relative \u00e0 l\u2019entr\u00e9e et au s\u00e9jour des \u00e9trangers au Maroc, largement reconnue comme non-conforme aux standards internationaux et notamment la Convention internationale sur la protection des droits de tous les travailleurs migrants et des membres de leur famille (que vos Etats membres n\u2019ont pas jug\u00e9 bon de ratifier\u2026) et la Convention de 1951 relative au statut des r\u00e9fugi\u00e9s. Si vos efforts en vue de faire signer par le Maroc un accord de r\u00e9admission n\u2019ont pas encore abouti, vous avez tout de m\u00eame financ\u00e9 \u00e0 coup de dizaines de millions d\u2019euros un projet de contr\u00f4le frontalier au Maroc, qui comprenait notamment la construction de casernes et la fourniture d\u2019\u00e9quipements destin\u00e9s aux organes de s\u00e9curit\u00e9 marocains assurant le contr\u00f4le des fronti\u00e8res maroco-espagnoles. Vous avez \u00e9galement financ\u00e9 la construction de barri\u00e8res entourant les enclaves espagnoles en territoire marocain \u2013 et les \u00e9v\u00e9nements meurtriers de Sebta le 29 septembre 2005 ont illustr\u00e9 de mani\u00e8re tr\u00e8s concr\u00e8te la face obscure de votre politique migratoire.<\/p>\n<p>S\u2019agissant des autorit\u00e9s marocaines, les citoyens marocains ne se font \u2013 contrairement \u00e0 vous \u2013 aucune illusion sur leur respect des droits et de l\u2019int\u00e9grit\u00e9 physique et morale des personnes se trouvant sur le territoire marocain. La torture y est courante et les conditions p\u00e9nitentiaires inhumaines, de l\u2019aveu m\u00eame d\u2019un organisme officiel, le Conseil national des droits de l\u2019homme. Ceci est confirm\u00e9 par Juan E. M\u00e9ndez, Rapporteur sp\u00e9cial des Nations Unies sur la torture et autres traitements cruels, inhumains ou d\u00e9gradants qui \u00e0 l\u2019issue de <a href=\"https:\/\/www.un.org\/apps\/news\/story.asp?NewsID=42968&amp;Cr=Morocco&amp;Cr1=\">sa visite au Maroc<\/a>, du 15 au 22 septembre 2012 a d\u00e9clar\u00e9 \u00e0 propos du traitement des migrants sub-sahariens : \u00ab\u00a0Je tiens \u00e0 exprimer mes craintes concernant l\u2019augmentation de la violence par des forces envers ce groupe particuli\u00e8rement vuln\u00e9rable. Les actes d\u2019agression, les violences sexuelles et d\u2019autres formes de mauvais traitements semblent augmenter \u00ab\u00a0.<\/p>\n<p>La situation des ressortissants d\u2019Etats sub-sahariens au Maroc, qu\u2019ils soient en situation l\u00e9gale ou non, est aggrav\u00e9e par le racisme end\u00e9mique des agents de l\u2019Etat marocain, et plus particuli\u00e8rement des forces de police. C\u2019est pour faire face \u00e0 cette situation que de nombreux sub-sahariens au Maroc, \u00e9tudiants, salari\u00e9s, commer\u00e7ants ou sans-papiers, se sont regroup\u00e9s au sein de diff\u00e9rentes associations en vue de d\u00e9fendre leurs droits et leur dignit\u00e9.<\/p>\n<p>Les autorit\u00e9s marocaines ont depuis deux semaines lanc\u00e9 une vague de rafles et de refoulements contre une centaine de sub-sahariens dont des femmes, des enfants et des r\u00e9fugi\u00e9s. Cette offensive a touch\u00e9 aussi diff\u00e9rentes organisations subsahariennes au Maroc ; plusieurs membres de l\u2019Association de lutte contre l\u2019\u00e9migration clandestine au Maroc (ALECMA) ont \u00e9t\u00e9 violemment arr\u00eat\u00e9s le 17 octobre, et son secr\u00e9taire g\u00e9n\u00e9ral Pascal Mpele a \u00e9t\u00e9 arr\u00eat\u00e9 le 20 \u00e0 Rabat, avant d\u2019\u00eatre refoul\u00e9 \u00e0 la fronti\u00e8re alg\u00e9rienne. Le m\u00eame jour, l\u2019ancien pr\u00e9sident du Conseil des migrants sub-sahariens au Maroc (CMSM), Camara Laye , a \u00e9t\u00e9 arr\u00eat\u00e9 \u00e0 Rabat sur la base d\u2019accusations fantaisistes (voir le <a href=\"http:\/\/www.fidh.org\/Maroc-Detention-arbitraire-de-M-12334\" target=\"_blank\">communiqu\u00e9 de la FIDH<\/a>), et accus\u00e9 de vente ill\u00e9gale de cigarettes et alcool malgr\u00e9 l\u2019absence totale de preuves mat\u00e9rielles. Auparavant, l\u2019appartement d\u2019un militant du Collectif des communaut\u00e9s subsahariennes au Maroc (CCSM) avait \u00e9t\u00e9 cambriol\u00e9, les cambrioleurs ne s\u2019int\u00e9ressant \u00e9trangement qu\u2019\u00e0 son ordinateur et \u00e0 du mat\u00e9riel militant. Ce sont ensuite une trentaine de militants sub- sahariens, arr\u00eat\u00e9s en diverses villes du Maroc du 29 au 30 octobre, qui ont \u00e9t\u00e9 regroup\u00e9s au commissariat central de la ville d\u2019Oujda, ville frontali\u00e8re de l\u2019Alg\u00e9rie. L\u2019objectif des autorit\u00e9s, tout comme pour Pascal Mpele, les d\u00e9poser \u00e0 la fronti\u00e8re maroco-alg\u00e9rienne et les forcer \u00e0 rejoindre l\u2019Alg\u00e9rie, selon la modalit\u00e9 la plus courante pour se d\u00e9barrasser des migrants.<\/p>\n<p>Ecoutez ce qu\u2019en dit Eric William, citoyen camerounais, arr\u00eat\u00e9 le 29 octobre \u00e0 Rabat:<\/p>\n<p>\u00ab J\u2019ai \u00e9t\u00e9 arr\u00eat\u00e9 hier vers 18h \u00e0 Rabat, alors que j\u2019achetais des g\u00e2teaux dans une \u00e9picerie. Je venais d\u2019assister au proc\u00e8s de Laye Camara. Les policiers qui m\u2019ont arr\u00eat\u00e9 \u00e9taient tous en civil. Personne ne m\u2019expliqua la raison de mon arrestation ni me pr\u00e9senta de mandat d\u2019arr\u00eat sign\u00e9 par un juge. Je n\u2019ai oppos\u00e9 aucune r\u00e9sistance \u00e0 mon arrestation.<br \/>\nUne fois embarqu\u00e9, on me roua alors de coups. Je me rendis compte que plusieurs autres camarades \u00e9taient arr\u00eat\u00e9s aussi. Les insultes racistes ne manquaient pas. Parmi les policiers qui m\u2019ont arr\u00eat\u00e9 j\u2019ai reconnu un qui \u00e9tait pr\u00e9sent lors du proc\u00e8s de M. Camara et qui filmait les personnes pr\u00e9sentes et les pancartes brandies par les amis de l\u2019accus\u00e9.<br \/>\nEnsuite, je fus transf\u00e9r\u00e9 \u00e0 un commissariat \u00e0 Rabat et aussit\u00f4t interrog\u00e9 par un commissaire de police. Mon interrogatoire \u00e9tait muscl\u00e9. Chaque requ\u00eate d\u2019explication du motif de l\u2019arrestation \u00e9tait accueillie par des coups de poing, des coups de matraque sur tout le corps et des insultes racistes et \u00e0 aucun moment on ne me pr\u00e9senta devant un juge.<br \/>\nAu bout de quelques heures, on me pr\u00e9senta un proc\u00e8s verbal que j\u2019ai refus\u00e9 de signer. Chaque protestation \u00e9tait suivie de coups qui venaient de toute part. Le papier \u00e9tait en arabe. A aucun moment on n\u2019essaya de me traduire le contenu du papier. Le soir m\u00eame on nous embarqua dans un bus. Nous y pass\u00e2mes la nuit sur le route vers Oujda.<\/p>\n<p>Personne ne nous expliqua la raison de notre pr\u00e9sence ici \u00e0 Oujda, ou nous \u00e9tions une trentaine regroup\u00e9s au commissariat central. On ne nous a rien donn\u00e9 a mang\u00e9 depuis hier. Nous ne savons pas ce qu\u2019il adviendra de nous dans les heures qui viennent\u2026 \u00bb<\/p>\n<p>Depuis, Eric et ses compagnons d\u2019infortune ont tous \u00e9t\u00e9 transf\u00e9r\u00e9s de Rabat et Casablanca \u00e0 Oujda, d\u00e9tenus au commissariat central de cette ville sans boisson ni nourriture, et transport\u00e9s ensuite, menott\u00e9s, vers une caserne militaire \u00e0 la fronti\u00e8re alg\u00e9rienne. Ils ont \u00e9t\u00e9 forc\u00e9s de s\u2019asseoir \u00e0 m\u00eame le sol pendant toute la journ\u00e9e et le soir, sous le vent et la pluie, toujours sans nourriture ni boisson, avant que des militaires marocains les forcent, vers 1h 30 du matin, \u00e0 marcher vers la fronti\u00e8re alg\u00e9rienne. Une fois arriv\u00e9s \u00e0 la fronti\u00e8re, des garde-fronti\u00e8res alg\u00e9riens les ont refoul\u00e9s \u00e0 coup de tirs de sommation. Le groupe des sub-sahariens a pu rejoindre le Maroc, et ils se sont r\u00e9fugi\u00e9s dans les environs d\u2019Oujda o\u00f9 des membres de la soci\u00e9t\u00e9 civile marocaine leur ont apport\u00e9 vivres et boissons.<\/p>\n<p>Vous avez voulu que les autorit\u00e9s marocaines vous aident \u00e0 emp\u00eacher l\u2019immigration des sans- papiers en Europe \u2013 fort bien. Assumez-en les cons\u00e9quences \u2013 ces cons\u00e9quences ont pour nom Pascal Mpele, Camara Laye, Eric William et leur compagnons d\u2019infortune. Il est de votre devoir et dans votre pouvoir, dans le cadre du partenariat strat\u00e9gique et du dialogue politique entre l\u2019Union europ\u00e9enne et le Maroc, de rappeler aux officiels le n\u00e9cessaire respect du droit international, du droit marocain et de la dignit\u00e9 humaine dans leur traitement des migrants sub-sahariens au Maroc. Votre silence serait complicit\u00e9.<\/p>\n<p>Vous n\u2019\u00eates pas sans savoir que l\u2019octroi au Maroc de statut avanc\u00e9 par l\u2019UE en 2008 doit s\u2019accompagner d\u2019une exigence de consolidation de l\u2019Etat de droit qui passe obligatoirement par le respect des droits humains dont ceux des migrants qui repr\u00e9sentent un \u00ab \u00e9l\u00e9ment essentiel \u00bb des relations entre votre union et le Maroc.<\/p>\n<p>Nous, signataires de la lettre, d\u00e9non\u00e7ons avec vigueur votre politique migratoire au sud de la m\u00e9diterran\u00e9e et vous appelons solennellement \u00e0 la reconsid\u00e9rer. Il est grand temps de reconna\u00eetre la faillite d\u2019une politique obscure men\u00e9e en \u00e9troite coop\u00e9ration avec des \u00e9tats nord-africains destin\u00e9s \u00e0 jouer le r\u00f4le de \u00ab\u00a0gendarmes de l\u2019Europe\u00a0\u00bb, et ce dans l\u2019irrespect total des droits humains dont ceux des migrants subsahariens.<\/p>\n<p>Vous avez obtenu le prix Nobel de la paix, montrez-vous en dignes!<\/p>\n<div>Lundi 5 novembre 2012.<\/div>\n<div>* *<\/div>\n<p><em>P.S. : Ce qui pr\u00e9c\u00e8de ne disculpe en rien l\u2019Etat marocain, qui est tenu de faire face \u00e0 ses obligations juridiques et morales. Ceci est d\u2019autant plus vrai qu\u2019une campagne m\u00e9diatique fort opportune a \u00e9t\u00e9 initi\u00e9e par Maroc Hebdo \u2013 r\u00e9put\u00e9 proche des autorit\u00e9s \u2013 qui <a href=\"http:\/\/www.maroc-hebdo.press.ma\/images\/stories\/semaine\/Une998.pdf\" target=\"_blank\">titre cette semaine sur le \u00ab\u00a0P\u00e9ril noir\u00a0\u00bb<\/a>, accompagnant ainsi les rafles polici\u00e8res contre les militants sub-sahariens.<\/em><\/p>\n<header><img decoding=\"async\" class=\"alignright\" alt=\"images1\" src=\"http:\/\/www.egalite.be\/wp-content\/uploads\/2012\/11\/images1.jpg\" width=\"342\" height=\"147\" \/><\/header>\n<\/div>\n<\/div>\n","protected":false},"excerpt":{"rendered":"<p>Open Letter to the European Union on the Situation of sub-Saharan Migrants in Morocco Signez et invitez vos amis \u00e0 signer aussi ! ICI<\/p>\n","protected":false},"author":1,"featured_media":737,"comment_status":"open","ping_status":"open","sticky":false,"template":"","format":"standard","meta":{"footnotes":""},"categories":[1,24,36,8,28,39],"tags":[],"class_list":["post-736","post","type-post","status-publish","format-standard","has-post-thumbnail","hentry","category-non-classe","category-belgique-maroc","category-europe","category-prisons","category-racismes","category-sans-papier"],"_links":{"self":[{"href":"https:\/\/bruxelles-pantheres.be\/index.php?rest_route=\/wp\/v2\/posts\/736","targetHints":{"allow":["GET"]}}],"collection":[{"href":"https:\/\/bruxelles-pantheres.be\/index.php?rest_route=\/wp\/v2\/posts"}],"about":[{"href":"https:\/\/bruxelles-pantheres.be\/index.php?rest_route=\/wp\/v2\/types\/post"}],"author":[{"embeddable":true,"href":"https:\/\/bruxelles-pantheres.be\/index.php?rest_route=\/wp\/v2\/users\/1"}],"replies":[{"embeddable":true,"href":"https:\/\/bruxelles-pantheres.be\/index.php?rest_route=%2Fwp%2Fv2%2Fcomments&post=736"}],"version-history":[{"count":1,"href":"https:\/\/bruxelles-pantheres.be\/index.php?rest_route=\/wp\/v2\/posts\/736\/revisions"}],"predecessor-version":[{"id":738,"href":"https:\/\/bruxelles-pantheres.be\/index.php?rest_route=\/wp\/v2\/posts\/736\/revisions\/738"}],"wp:featuredmedia":[{"embeddable":true,"href":"https:\/\/bruxelles-pantheres.be\/index.php?rest_route=\/wp\/v2\/media\/737"}],"wp:attachment":[{"href":"https:\/\/bruxelles-pantheres.be\/index.php?rest_route=%2Fwp%2Fv2%2Fmedia&parent=736"}],"wp:term":[{"taxonomy":"category","embeddable":true,"href":"https:\/\/bruxelles-pantheres.be\/index.php?rest_route=%2Fwp%2Fv2%2Fcategories&post=736"},{"taxonomy":"post_tag","embeddable":true,"href":"https:\/\/bruxelles-pantheres.be\/index.php?rest_route=%2Fwp%2Fv2%2Ftags&post=736"}],"curies":[{"name":"wp","href":"https:\/\/api.w.org\/{rel}","templated":true}]}}