{"id":739,"date":"2012-11-06T16:41:12","date_gmt":"2012-11-06T15:41:12","guid":{"rendered":"https:\/\/bruxelles-pantheres.be\/?p=739"},"modified":"2013-11-11T16:45:33","modified_gmt":"2013-11-11T15:45:33","slug":"soutien-solidarite-avec-toutes-les-coordinations-du-m-20-fevrier","status":"publish","type":"post","link":"https:\/\/bruxelles-pantheres.be\/?p=739","title":{"rendered":"Soutien &#038; Solidarit\u00e9 avec toutes les coordinations du M. 20 f\u00e9vrier"},"content":{"rendered":"<p>&nbsp;<\/p>\n<p style=\"text-align: justify;\">Madame, Monsieur,<\/p>\n<p>&nbsp;<\/p>\n<p>&nbsp;<\/p>\n<p>Nous avons appris que Dimanche, le 04 Novembre 2012, Messieurs Mohamed Tsilla et Tarik el Makni deux militants connus du Mouvement du 20 f\u00e9vrier se sont fait agress\u00e9s verbalement et physiquement par des Baltagias (milice violente utilis\u00e9e et pay\u00e9e mis\u00e9rablement par le r\u00e9gime).<br \/>\nEt ce, alors qu\u2019ils observaient pacifiquement \u00a0la manifestation \u00ab\u00a0Marche pour le Sahara marocain \u00e0 Bruxelles\u00a0\u00bb.<!--more--><\/p>\n<p>&nbsp;<\/p>\n<p>&nbsp;<\/p>\n<p>Rappelons que deux ans auparavant,\u00a0 le mercredi 10 novembre 2010, c\u2019est\u00a0 Monsieur Ahmed Marzouki, d\u00e9fenseur marocain des Droits de l\u2019Homme, survivant du bagne de Tazmamart, qui fut agress\u00e9 dans les rues de Bruxelles par deux inconnus qui l\u2019ont rou\u00e9 de coups et insult\u00e9 en arabe.<\/p>\n<p>&nbsp;<\/p>\n<p>&nbsp;<\/p>\n<p>L\u2019objectif de ces deux agressions est clairement d\u2019installer un climat de peur afin d\u2019intimider les militants et les enjoindre \u00e0 \u00a0ne plus s\u2019exprimer sur les sujets qui f\u00e2che le gouvernement marocain.<\/p>\n<p>&nbsp;<\/p>\n<p>&nbsp;<\/p>\n<p>Ces deux incidents nous renvoient vers les ann\u00e9es de plomb o\u00f9 les menaces et intimidations \u00e9taient prof\u00e9r\u00e9es contre les militants des droits humains. Alors que nous pensions que ce proc\u00e9d\u00e9 faisait partie du pass\u00e9, nous constatons qu\u2019aujourd\u2019hui encore et hors de ses fronti\u00e8res, le Maroc menace, intimide, agresse.<\/p>\n<p>&nbsp;<\/p>\n<div>\n<p>\u00c9GALIT\u00c9 condamne avec la plus grande vigueur cette agression et exige des autorit\u00e9s qu\u2019elles prennent les mesures qui s\u2019imposent pour mettre un terme aux agissements de ce groupe qui n\u2019h\u00e9site pas \u00e0 user de la violence pour intimider ses adversaires.<\/p>\n<p>Qu\u2019il soit s\u00fbr cependant qu\u2019il en faudra beaucoup plus pour nous intimider. Ni les menaces, ni la violence n\u2019entameront notre d\u00e9termination \u00e0 lutter pour un Maroc libre et d\u00e9mocratique.<\/p>\n<p>EGALITE<\/p>\n<\/div>\n<p>&nbsp;<\/p>\n<p>Apporte tout son soutien et son enti\u00e8re solidarit\u00e9 \u00e0 Messieurs Mohamed Tsilla et Tarik el Makni ainsi qu\u2019\u00e0 toutes les coordinations du mouvement du 20 f\u00e9vrier \u00e0 l\u2019int\u00e9rieur comme \u00e0 l\u2019ext\u00e9rieur du Maroc.<\/p>\n<p>&nbsp;<\/p>\n<p>&nbsp;<\/p>\n<p>Appelle les organisations politiques, syndicales et de d\u00e9fense des droits humains belges \u00e0 se mobiliser pour apporter le soutien n\u00e9cessaire au peuple marocain dans sa lutte pour la dignit\u00e9, la libert\u00e9, la d\u00e9mocratie et la justice sociale.<\/p>\n<p>&nbsp;<\/p>\n<div>\n<p>Demande au gouvernement belge de cesser son soutien aveugle et inconditionnel au pouvoir marocain.<\/p>\n<\/div>\n<p>&nbsp;<\/p>\n<p>Le gouvernement belge doit se rendre compte, avant qu\u2019il ne soit trop tard, que son silence sur la situation des droits humains au Maroc est une complicit\u00e9 que le peuple marocain n\u2019oubliera pas.<\/p>\n<p>&nbsp;<\/p>\n<div>\n<p>Aussi<\/p>\n<p>Nous exigeons des autorit\u00e9s belges une enqu\u00eate imm\u00e9diate et approfondie.<\/p>\n<p>Nous exigeons toute la v\u00e9rit\u00e9 et souhaitons savoir si les autorit\u00e9s marocaines sont impliqu\u00e9es dans cet acte odieux et l\u00e2che.<\/p>\n<\/div>\n<p>&nbsp;<\/p>\n<div style=\"text-align: right;\">Nous exigeons une condamnation ferme du monde politique et des autorit\u00e9s marocaines \u00e0 Bruxelles.\u00a0\u00a0\u00a0\u00a0\u00a0 \u00a0\u00a0\u00a0\u00a0\u00a0\u00a0\u00a0\u00a0\u00a0\u00a0\u00a0\u00a0\u00a0\u00a0\u00a0\u00a0\u00a0\u00a0\u00a0\u00a0\u00a0\u00a0\u00a0\u00a0\u00a0\u00a0\u00a0\u00a0\u00a0\u00a0<wbr \/>\u00a0\u00a0\u00a0\u00a0\u00a0\u00a0\u00a0\u00a0\u00a0\u00a0\u00a0\u00a0\u00a0\u00a0\u00a0\u00a0\u00a0\u00a0\u00a0\u00a0\u00a0\u00a0\u00a0\u00a0\u00a0\u00a0\u00a0\u00a0\u00a0\u00a0<wbr \/>\u00a0\u00a0\u00a0\u00a0\u00a0\u00a0\u00a0\u00a0\u00a0\u00a0\u00a0\u00a0\u00a0\u00a0\u00a0\u00a0\u00a0\u00a0\u00a0\u00a0\u00a0\u00a0\u00a0\u00a0\u00a0\u00a0\u00a0\u00a0\u00a0\u00a0<wbr \/>\u00a0\u00a0\u00a0\u00a0\u00a0\u00a0\u00a0\u00a0\u00a0\u00a0\u00a0\u00a0\u00a0\u00a0\u00a0\u00a0\u00a0\u00a0\u00a0\u00a0\u00a0\u00a0\u00a0\u00a0\u00a0\u00a0\u00a0\u00a0\u00a0\u00a0<wbr \/>\u00a0\u00a0\u00a0\u00a0\u00a0\u00a0\u00a0\u00a0\u00a0\u00a0\u00a0\u00a0\u00a0\u00a0\u00a0\u00a0\u00a0\u00a0\u00a0\u00a0\u00a0\u00a0\u00a0\u00a0\u00a0\u00a0\u00a0\u00a0\u00a0\u00a0<wbr \/>\u00a0\u00a0\u00a0\u00a0\u00a0\u00a0\u00a0\u00a0\u00a0\u00a0\u00a0\u00a0\u00a0\u00a0\u00a0\u00a0\u00a0\u00a0\u00a0\u00a0\u00a0\u00a0\u00a0\u00a0\u00a0\u00a0\u00a0\u00a0\u00a0\u00a0<wbr \/>\u00a0\u00a0\u00a0\u00a0\u00a0\u00a0\u00a0\u00a0\u00a0\u00a0\u00a0\u00a0\u00a0\u00a0\u00a0\u00a0\u00a0\u00a0\u00a0\u00a0\u00a0\u00a0\u00a0\u00a0\u00a0\u00a0\u00a0\u00a0\u00a0\u00a0<wbr \/>\u00a0\u00a0\u00a0\u00a0\u00a0\u00a0\u00a0\u00a0\u00a0\u00a0\u00a0\u00a0\u00a0\u00a0\u00a0\u00a0\u00a0\u00a0\u00a0\u00a0\u00a0\u00a0\u00a0\u00a0\u00a0\u00a0\u00a0\u00a0\u00a0\u00a0<wbr \/>\u00a0\u00a0\u00a0\u00a0\u00a0\u00a0\u00a0\u00a0\u00a0\u00a0\u00a0\u00a0\u00a0\u00a0\u00a0\u00a0\u00a0\u00a0\u00a0\u00a0\u00a0\u00a0\u00a0\u00a0\u00a0\u00a0\u00a0\u00a0\u00a0\u00a0<wbr \/>\u00a0\u00a0\u00a0\u00a0\u00a0\u00a0\u00a0\u00a0\u00a0\u00a0\u00a0\u00a0\u00a0\u00a0\u00a0\u00a0\u00a0\u00a0\u00a0\u00a0\u00a0\u00a0\u00a0\u00a0\u00a0\u00a0\u00a0\u00a0\u00a0\u00a0<wbr \/>\u00a0\u00a0\u00a0\u00a0\u00a0\u00a0\u00a0\u00a0\u00a0\u00a0\u00a0\u00a0\u00a0\u00a0\u00a0\u00a0\u00a0\u00a0\u00a0\u00a0\u00a0\u00a0\u00a0\u00a0\u00a0\u00a0\u00a0\u00a0\u00a0\u00a0<wbr \/><br \/>\nSa\u00efdi Nordine<\/div>\n<p>&nbsp;<\/p>\n<div style=\"text-align: right;\">Porte-Parole d\u2019 \u00c9GALIT\u00c9<\/div>\n<p>&nbsp;<\/p>\n<div style=\"text-align: left;\">L\u2019\u00e9pouse de l\u2019ambassadeur, Samira Sita\u00efl se mobilise pour le Sahara \u00e0 Bruxelles<br \/>\n<a href=\"http:\/\/www.youtube.com\/watch?v=B_xNY0zL2LA&amp;feature=plcp\" target=\"_blank\">http:\/\/www.youtube.com\/watch?<wbr \/>v=B_xNY0zL2LA&amp;feature=plcp<\/a><\/div>\n<p>&nbsp;<\/p>\n<p style=\"text-align: left;\">Marche pour le Sahara marocain \u00e0 Bruxelles<\/p>\n<p>&nbsp;<\/p>\n<p style=\"text-align: left;\"><a href=\"http:\/\/www.youtube.com\/watch?v=gXaNZ-SMEIQ\" target=\"_blank\">http:\/\/www.youtube.com\/watch?<wbr \/>v=gXaNZ-SMEIQ<\/a><\/p>\n<p>\u00a0<iframe src=\"\/\/www.youtube.com\/embed\/HgeOwpJSRMk\" height=\"315\" width=\"560\" allowfullscreen=\"\" frameborder=\"0\"><\/iframe><\/p>\n<div>\n<div>Communiqu\u00e9 suite a l\u2019agression de Monsieur Ahmed Marzouki.<\/div>\n<\/div>\n<p>&nbsp;<\/p>\n<div><\/div>\n<p>&nbsp;<\/p>\n<div data-hovercard=\"\/ajax\/hovercard\/user.php?id=100001331468214\">\n<p>Bruxelles, le 11 Novembre 2010<\/p>\n<p>Madame, Monsieur,<\/p>\n<p>Ce mercredi 10 novembre 2010, Monsieur Ahmed Marzouki, d\u00e9fenseur marocain des droits de l\u2019homme, survivant du bagne de Tazmamart, a \u00e9t\u00e9 agress\u00e9 en d\u00e9but de soir\u00e9e dans les rues de Bruxelles par deux inconnus qui l\u2019ont rou\u00e9 de coups et insult\u00e9 en arabe.<\/p>\n<p>&nbsp;<\/p>\n<p>\u00ab\u00a0Alors que nous marchions dans la rue avec un petit groupe pour nous rendre \u00e0 la conf\u00e9rence, un homme m\u2019a intercept\u00e9 par l\u2019arri\u00e8re, m\u2019a plac\u00e9 un genou dans le dos et m\u2019a fait tomber. Ensuite, les coups ont commenc\u00e9 \u00e0 pleuvoir de tous c\u00f4t\u00e9s et j\u2019ai aper\u00e7u une arme blanche\u00a0\u00bbMonsieur Ahmed Marzouki est invit\u00e9 en Belgique pour la pr\u00e9sentation du film \u00ab TAZMAMART rencontre d\u2019un ancien d\u00e9tenu \u00bb et d\u2019une s\u00e9rie de conf\u00e9rence sur l\u2019\u00e9volution des droits humains au Maroc.<\/p>\n<p>&nbsp;<\/p>\n<p>Il est l\u2019auteur du livre \u00ab\u00a0Tazmamart, cellule 10\u2033, et il a pass\u00e9 18 ann\u00e9es de sa vie enferm\u00e9 dans le sinistre bagne de Tazmamart pendant les \u00ab\u00a0ann\u00e9es de plombs\u00a0\u00bb au Maroc (1960-1999).L\u2019objectif \u00e9tait clairement de porter atteinte \u00e0 Monsieur Ahmed MARZOUKI et ainsi ne pas lui permettre de s\u2019exprimer.Cet incident nous renvoie vers les ann\u00e9es de plomb o\u00f9 les menaces et intimidations \u00e9taient prof\u00e9r\u00e9es contre les militants des droits humains.Alors que nous pensions que ce proc\u00e9d\u00e9 faisait partie du pass\u00e9, nous constatons qu\u2019aujourd\u2019hui encore et hors de ses fronti\u00e8res, le Maroc menace, intimide, agresse.<\/p>\n<p>&nbsp;<\/p>\n<ol>\n<li>Nous exigeons des autorit\u00e9s belges une enqu\u00eate imm\u00e9diate et approfondie.<\/li>\n<li>Nous exigeons toute la v\u00e9rit\u00e9 et souhaitons savoir si les autorit\u00e9s marocaines sont impliqu\u00e9es dans cet acte odieux et l\u00e2che.<\/li>\n<li style=\"text-align: right;\">Nous exigeons une condamnation ferme du monde politique et des autorit\u00e9s marocaines \u00e0 Bruxelles. \u00a0 \u00a0 \u00a0 \u00a0 \u00a0 \u00a0 \u00a0 \u00a0 \u00a0 \u00a0 \u00a0 \u00a0 \u00a0 \u00a0 \u00a0 \u00a0 \u00a0 \u00a0 \u00a0 \u00a0 \u00a0 \u00a0 \u00a0 \u00a0 \u00a0 \u00a0 \u00a0 \u00a0 \u00a0 \u00a0 \u00a0 \u00a0 \u00a0 \u00a0 \u00a0 \u00a0 \u00a0 \u00a0 \u00a0 \u00a0 \u00a0 \u00a0 \u00a0 \u00a0 \u00a0 \u00a0 \u00a0 \u00a0 \u00a0 \u00a0 \u00a0 \u00a0 \u00a0 \u00a0 \u00a0 \u00a0 \u00a0 \u00a0 \u00a0 \u00a0 \u00a0 \u00a0 \u00a0 \u00a0 \u00a0 \u00a0 \u00a0 \u00a0 \u00a0 \u00a0 \u00a0 \u00a0 \u00a0 \u00a0 \u00a0 \u00a0 \u00a0 \u00a0 \u00a0 \u00a0 \u00a0 \u00a0 \u00a0 \u00a0 \u00a0 \u00a0 \u00a0 \u00a0 \u00a0 \u00a0 \u00a0 \u00a0 \u00a0 \u00a0 \u00a0 \u00a0 \u00a0 \u00a0 \u00a0 \u00a0 \u00a0 \u00a0 \u00a0 \u00a0 \u00a0 \u00a0 \u00a0 \u00a0 \u00a0 \u00a0 \u00a0 \u00a0 \u00a0 \u00a0 \u00a0 \u00a0 \u00a0 \u00a0 \u00a0 \u00a0 \u00a0 \u00a0 \u00a0 \u00a0 \u00a0 \u00a0 \u00a0 \u00a0 \u00a0 \u00a0 \u00a0 \u00a0 \u00a0 \u00a0 \u00a0 \u00a0 \u00a0 \u00a0 \u00a0 \u00a0 \u00a0 \u00a0 \u00a0 \u00a0 \u00a0 \u00a0 \u00a0 \u00a0 \u00a0 \u00a0 \u00a0 \u00a0 \u00a0 \u00a0 \u00a0 \u00a0 \u00a0 \u00a0 \u00a0 \u00a0 \u00a0 \u00a0 \u00a0 \u00a0 \u00a0 \u00a0 \u00a0 \u00a0 \u00a0 \u00a0 \u00a0 \u00a0 \u00a0 \u00a0 \u00a0 \u00a0 \u00a0 \u00a0 \u00a0 \u00a0 \u00a0 \u00a0 \u00a0 \u00a0 \u00a0 \u00a0 \u00a0\u00a0\u00a0\u00a0\u00a0\u00a0\u00a0\u00a0\u00a0\u00a0\u00a0\u00a0\u00a0\u00a0\u00a0\u00a0\u00a0\u00a0\u00a0\u00a0\u00a0\u00a0\u00a0\u00a0\u00a0\u00a0\u00a0\u00a0\u00a0\u00a0\u00a0\u00a0\u00a0\u00a0\u00a0\u00a0\u00a0\u00a0\u00a0\u00a0\u00a0\u00a0\u00a0\u00a0\u00a0\u00a0\u00a0\u00a0\u00a0\u00a0\u00a0\u00a0\u00a0\u00a0\u00a0\u00a0\u00a0\u00a0\u00a0\u00a0\u00a0\u00a0\u00a0\u00a0\u00a0\u00a0\u00a0\u00a0\u00a0\u00a0\u00a0\u00a0\u00a0 Sa\u00efdi Nordine \u00a0 \u00a0 \u00a0 \u00a0 \u00a0 \u00a0 \u00a0 \u00a0 \u00a0 \u00a0 \u00a0 \u00a0 \u00a0 \u00a0 \u00a0 \u00a0 \u00a0 \u00a0 \u00a0 \u00a0 \u00a0 \u00a0 \u00a0 \u00a0 \u00a0 \u00a0 \u00a0 \u00a0 \u00a0 \u00a0 \u00a0 \u00a0 \u00a0 \u00a0 \u00a0 \u00a0 \u00a0 \u00a0 \u00a0 \u00a0 \u00a0 \u00a0 \u00a0 \u00a0 \u00a0 \u00a0 \u00a0 \u00a0 \u00a0 \u00a0 \u00a0 \u00a0 \u00a0 \u00a0 \u00a0 \u00a0 \u00a0 \u00a0 \u00a0 \u00a0 \u00a0 \u00a0 \u00a0 \u00a0 \u00a0 \u00a0 \u00a0 \u00a0 \u00a0 \u00a0 \u00a0 \u00a0 \u00a0 \u00a0 \u00a0 \u00a0 \u00a0 \u00a0 \u00a0 \u00a0Porte\u00a0Parole d\u2019EGALITE<\/li>\n<\/ol>\n<\/div>\n<p>&nbsp;<\/p>\n<address><strong>L\u2019ambassadeur du Maroc en Belgique traite les manifestants pro-d\u00e9mocratie de de \u00ab perturbateurs \u00bb qui ont \u00ab un agenda \u00e0 ex\u00e9cuter \u00bb<\/strong><\/address>\n<p>&nbsp;<\/p>\n<p><a href=\"http:\/\/www.demainonline.com\/?attachment_id=4842\" rel=\"attachment wp-att-4842\"><img decoding=\"async\" title=\"Samir addahre\" alt=\"\" src=\"http:\/\/www.demainonline.com\/wp-content\/uploads\/Samir-addahre.jpg\" width=\"514\" height=\"291\" \/><\/a><\/p>\n<p>&nbsp;<\/p>\n<p><strong>Rabat.- <\/strong>Dans une interview au journal t\u00e9l\u00e9vis\u00e9 de <em><strong><a href=\"http:\/\/www.rtl.be\/videos\/Video\/318357.aspx\">RTL Belgique<\/a><\/strong><\/em>, l\u2019ambassadeur du Maroc en Belgique, <strong>Samir Addahre<\/strong>, \u00e9poux de la grande pr\u00eatresse de la censure t\u00e9l\u00e9vis\u00e9e au Maroc, <strong>Samira Sitail<\/strong>, accuse les manifestants pro-d\u00e9mocratie de \u00ab\u00a0<em>perturbateurs <\/em>\u00bb qui ont \u00ab<em> un agenda \u00e0 ex\u00e9cuter <\/em>\u00bb.<\/p>\n<p>&nbsp;<\/p>\n<p>A cause de cela, ce diplomate \u00a0justifie, \u00e0 demi-mots et donnant l\u2019impression d\u2019\u00eatre pein\u00e9, les brutalit\u00e9s polici\u00e8res car \u00ab\u00a0<em>il y a des contraintes li\u00e9es \u00e0 des perturbateurs qui essayent justement de profiter de ce contexte, de ce climat pour essayer de se positionner, voil\u00e0, d\u2019ex\u00e9cuter ce qu\u2019ils ont \u00e0 ex\u00e9cuter comme agenda<\/em> \u00bb.<\/p>\n<p>&nbsp;<\/p>\n<p>Un \u00ab\u00a0<em>agenda <\/em>\u00bb o\u00f9 les islamistes (qui sont actuellement dans l\u2019\u0153il du cyclone du r\u00e9gime) et les gauchistes, pourtant\u00a0 antagonistes, auraient un r\u00f4le \u00e0 jouer.<\/p>\n<p>&nbsp;<\/p>\n<p>\u00ab\u00a0<em>Le mouvement de contestation \u2026 de revendication au Maroc, qui \u00e9tait l\u00e9gitime, qui \u00e9tait spontan\u00e9 au d\u00e9part, ne l\u2019est plus malheureusement aujourd\u2019hui <\/em>\u00bb, conclut l\u2019ambassadeur.<\/p>\n<p>&nbsp;<\/p>\n<p>Pourtant au tout d\u00e9but du mouvement pro-d\u00e9mocratie, au mois de f\u00e9vrier, le r\u00e9gime marocain, dont d\u00e9pend l\u2019ambassadeur Addahare, disait tout \u00e0 fait le contraire et accusait les jeunes du mouvement du 20 f\u00e9vrier, qui \u00e9tait \u00ab\u00a0<em>l\u00e9gitime<\/em> \u00bb et \u00ab\u00a0<em>spontan\u00e9 <\/em>\u00bb si l\u2019on en croit Monsieur l\u2019ambassadeur, d\u2019\u00eatre noyaut\u00e9 par le Polisario (Dixit le ministre de la jeunesse et des sports <strong>Moncef Belkhayat<\/strong>).<\/p>\n<p>&nbsp;<\/p>\n<p>Alors, quel est le <em>mouvement<\/em> qui sied le mieux au r\u00e9gime\u00a0? Celui du mois de f\u00e9vrier noyaut\u00e9 par le Polisario ou celui du mois de mai noyaut\u00e9 par les islamistes et les gauchistes ?<\/p>\n<p>&nbsp;<\/p>\n<p><strong>A.G.<\/strong><\/p>\n<p>&nbsp;<\/p>\n","protected":false},"excerpt":{"rendered":"<p>&nbsp; Madame, Monsieur, &nbsp; &nbsp; Nous avons appris que Dimanche, le 04 Novembre 2012, Messieurs Mohamed Tsilla et Tarik el Makni deux militants connus du Mouvement du 20 f\u00e9vrier se sont fait agress\u00e9s verbalement et physiquement par des Baltagias (milice violente utilis\u00e9e et pay\u00e9e mis\u00e9rablement par le r\u00e9gime). Et ce, alors qu\u2019ils observaient pacifiquement \u00a0la &#8230; <a title=\"Soutien &#038; Solidarit\u00e9 avec toutes les coordinations du M. 20 f\u00e9vrier\" class=\"read-more\" href=\"https:\/\/bruxelles-pantheres.be\/?p=739\" aria-label=\"En savoir plus sur Soutien &#038; Solidarit\u00e9 avec toutes les coordinations du M. 20 f\u00e9vrier\">Lire la suite<\/a><\/p>\n","protected":false},"author":1,"featured_media":5,"comment_status":"open","ping_status":"open","sticky":false,"template":"","format":"standard","meta":{"footnotes":""},"categories":[21,24,18],"tags":[],"class_list":["post-739","post","type-post","status-publish","format-standard","has-post-thumbnail","hentry","category-anti-imperialisme","category-belgique-maroc","category-resistance-bruxelles"],"_links":{"self":[{"href":"https:\/\/bruxelles-pantheres.be\/index.php?rest_route=\/wp\/v2\/posts\/739","targetHints":{"allow":["GET"]}}],"collection":[{"href":"https:\/\/bruxelles-pantheres.be\/index.php?rest_route=\/wp\/v2\/posts"}],"about":[{"href":"https:\/\/bruxelles-pantheres.be\/index.php?rest_route=\/wp\/v2\/types\/post"}],"author":[{"embeddable":true,"href":"https:\/\/bruxelles-pantheres.be\/index.php?rest_route=\/wp\/v2\/users\/1"}],"replies":[{"embeddable":true,"href":"https:\/\/bruxelles-pantheres.be\/index.php?rest_route=%2Fwp%2Fv2%2Fcomments&post=739"}],"version-history":[{"count":1,"href":"https:\/\/bruxelles-pantheres.be\/index.php?rest_route=\/wp\/v2\/posts\/739\/revisions"}],"predecessor-version":[{"id":740,"href":"https:\/\/bruxelles-pantheres.be\/index.php?rest_route=\/wp\/v2\/posts\/739\/revisions\/740"}],"wp:featuredmedia":[{"embeddable":true,"href":"https:\/\/bruxelles-pantheres.be\/index.php?rest_route=\/wp\/v2\/media\/5"}],"wp:attachment":[{"href":"https:\/\/bruxelles-pantheres.be\/index.php?rest_route=%2Fwp%2Fv2%2Fmedia&parent=739"}],"wp:term":[{"taxonomy":"category","embeddable":true,"href":"https:\/\/bruxelles-pantheres.be\/index.php?rest_route=%2Fwp%2Fv2%2Fcategories&post=739"},{"taxonomy":"post_tag","embeddable":true,"href":"https:\/\/bruxelles-pantheres.be\/index.php?rest_route=%2Fwp%2Fv2%2Ftags&post=739"}],"curies":[{"name":"wp","href":"https:\/\/api.w.org\/{rel}","templated":true}]}}