{"id":741,"date":"2012-11-04T16:46:39","date_gmt":"2012-11-04T15:46:39","guid":{"rendered":"https:\/\/bruxelles-pantheres.be\/?p=741"},"modified":"2013-11-11T16:48:58","modified_gmt":"2013-11-11T15:48:58","slug":"port-de-la-burqa-niqab-la-loi-contestee-devant-la-cour-constitutionnelle-belge","status":"publish","type":"post","link":"https:\/\/bruxelles-pantheres.be\/?p=741","title":{"rendered":"Port de la Burqa\/ Niqab. La loi contest\u00e9e devant la Cour constitutionnelle belge"},"content":{"rendered":"<div>\n<p><strong><em>Trois citoyennes porteuses du voile int\u00e9gral, l\u2019ASBL Justice and Democracy, et deux citoyens non-musulmans, dont une ath\u00e9e convaincue, contestent le caract\u00e8re liberticide de la loi. La Cour rendra son arr\u00eat dans les prochaines semaines. La Cour constitutionnelle a entendu, mercredi 26 septembre, les opposant \u00e0 la \u00ab loi anti-niqab \u00bb, vot\u00e9e le 1er juin 2011. Trois citoyennes porteuses du voile int\u00e9gral, l\u2019ASBL Justice and Democracy, et deux citoyens non-musulmans, dont une ath\u00e9e convaincue, contestent le caract\u00e8re liberticide de la loi. La Cour rendra son arr\u00eat dans les prochaines semaines. Le d\u00e9bat judiciaire intervient au moment o\u00f9 une premi\u00e8re \u00e9tude sur les porteuses de niqab est publi\u00e9e, en France.<!--more--><\/em><\/strong><\/p>\n<\/div>\n<div>\n<p>Trois citoyennes porteuses du voile int\u00e9gral, l\u2019ASBL Justice and Democracy, et deux citoyens non-musulmans, dont une ath\u00e9e convaincue, contestent le caract\u00e8re liberticide de la loi. La Cour rendra son arr\u00eat dans les prochaines semaines. La Cour constitutionnelle a entendu, mercredi 26 septembre, les opposant \u00e0 la \u00ab loi anti-niqab \u00bb, vot\u00e9e le 1er juin 2011. Trois citoyennes porteuses du voile int\u00e9gral, l\u2019ASBL Justice and Democracy, et deux citoyens non-musulmans, dont une ath\u00e9e convaincue, contestent le caract\u00e8re liberticide de la loi. La Cour rendra son arr\u00eat dans les prochaines semaines. Le d\u00e9bat judiciaire intervient au moment o\u00f9 une premi\u00e8re \u00e9tude sur les porteuses de niqab est publi\u00e9e, en France.<\/p>\n<p>Une nouvelle \u00e9tude confirme la pratique versatile du port du niqab .Maryam Borgh\u00e9e, chercheuse en sciences sociales, a rencontr\u00e9 65 \u00e0 70 porteuses fran\u00e7aises de niqab. Elle vient de publier \u00ab Voile int\u00e9gral en France \u00bb (\u00e9d. Michalon), fruit de ses recherches. L\u2019\u00e9tude confirme la pratique versatile du port du niqab, d\u00e9j\u00e0 relev\u00e9e par des \u00e9tudes pr\u00e9c\u00e9dentes : elles le portent syst\u00e9matiquement, y renoncent, y reviennent occasionnellement\u2026 Un choix tr\u00e8s individuel : ces femmes sont souvent en marge des mouvements qui pr\u00e9conisent la pratique du voile int\u00e9gral : le salafisme saoudien et le Tabligh, mouvement missionnaire issu du sous-continent indien. Une \u00ab niqabiste \u00bb sur deux n\u2019a pas d\u2019appartenance id\u00e9ologique pr\u00e9cise.<\/p>\n<p>Pour les converties, le voile total permet d\u2019affirmer haut et fort leur islamit\u00e9. Certaines \u00ab niqabistes \u00bb se livrent \u00e0 une v\u00e9ritable \u00ab surench\u00e8re des preuves de leur pi\u00e9t\u00e9 \u00bb. La majorit\u00e9 des porteuses de niqab interrog\u00e9es d\u00e9clarent \u00ab vouloir et devoir cacher leur voile int\u00e9gral \u00e0 leur famille, car il leur est tr\u00e8s p\u00e9nible d\u2019affronter leur jugement r\u00e9probateur \u00bb.<\/p>\n<p>La chercheuse constate que nombre de ses interlocutrices ont eu un pass\u00e9 difficile, une histoire familiale chahut\u00e9e, le niqab \u00e9tant l\u2019aboutissement d\u2019une qu\u00eate de \u00ab rep\u00e8res jug\u00e9s fiables et p\u00e9rennes \u00bb, voire un moyen d\u2019expier leurs p\u00e9ch\u00e9s de jeunesse. Id\u00e9alistes, beaucoup ont divorc\u00e9, jusqu\u2019\u00e0 trois fois. Maryam Borgh\u00e9e constate, enfin, une fascination du niqab : pour elles, \u00ab il symbolise un anoblissement \u00bb.\u00a0\u00a0Beaucoup de converties parmi les interview\u00e9es.<\/p>\n<p>R\u00e9sum\u00e9 du Livre\u00a0<a href=\"http:\/\/www.laprocure.com\/voile-integral-france-sociologie-paradoxe-maryam-borghee\/9782841866588.html\" target=\"_blank\"><strong><em>http:\/\/www.laprocure.<wbr \/>com\/voile-integral-france-<wbr \/>sociologie-paradoxe-maryam-<wbr \/>borghee\/9782841866588.html<\/em><\/strong><\/a><\/p>\n<p><strong><em>Dossier Burqa de Nea say\u00a0<a href=\"http:\/\/www.eu-logos.org\/eu-logos-nea-recherche.php?q=burqa&amp;Submit=%3E\" target=\"_blank\">http:\/\/www.eu-logos.org\/<wbr \/>eu-logos-nea-recherche.php?q=<wbr \/>burqa&amp;Submit=%3E<\/a><\/em><\/strong><\/p>\n<p><a href=\"http:\/\/www.egalite.be\/wp-content\/uploads\/2012\/11\/Stop-Islamophobia1.jpg\"><img decoding=\"async\" class=\"alignright\" title=\"Stop Islamophobia\" alt=\"\" src=\"http:\/\/www.egalite.be\/wp-content\/uploads\/2012\/11\/Stop-Islamophobia1.jpg\" width=\"400\" height=\"245\" \/><\/a><\/p>\n<p>&nbsp;<\/p>\n<p>&nbsp;<\/p>\n<p>&nbsp;<\/p>\n<p>&nbsp;<\/p>\n<p>&nbsp;<\/p>\n<p><strong>NEA &#8211;<\/strong>: <strong>mise en ligne :02 11 2012 (\u00a0<a href=\"http:\/\/www.eu-logos.org\/eu-logos_nea-say.php?idr=4&amp;idnl=2616&amp;nea=126&amp;lang=fra&amp;lst=1\" target=\"_blank\">NEA say\u2026 n\u00b0 126<\/a>\u00a0)<\/strong><\/p>\n<div>\n<p><em><strong>Port de la Burqa\/ Niqab. La loi contest\u00e9e devant la Cour constitutionnelle belge<\/strong><\/em><\/p>\n<\/div>\n<pre>mise en ligne :01 10 2012 (\u00a0<a href=\"http:\/\/www.eu-logos.org\/eu-logos_nea-say.php?idr=4&amp;idnl=2616&amp;nea=126&amp;lang=fra&amp;lst=1\" target=\"_blank\">NEA say\u2026 n\u00b0 126<\/a>\u00a0)<\/pre>\n<h4><a href=\"http:\/\/www.eu-logos.org\/eu-logos_nea-say.php?idr=4&amp;idnl=2616&amp;nea=126&amp;lang=fra&amp;lst=0&amp;arch=0&amp;idth=9\" target=\"_blank\"><strong>DROITS FONDAMENTAUX<\/strong><\/a>\u00a0&gt;\u00a0<a href=\"http:\/\/www.eu-logos.org\/eu-logos_nea-say.php?idr=4&amp;idnl=2616&amp;nea=126&amp;lang=fra&amp;lst=0&amp;arch=0&amp;idssth=205\" target=\"_blank\"><strong>Libert\u00e9 de pens\u00e9e, de conscience et de religion<\/strong><\/a><\/h4>\n<pre><a href=\"http:\/\/www.eu-logos.org\/eu-logos_nea-say.php?idnl=2576\" target=\"_blank\">http:\/\/www.eu-logos.org\/eu-<wbr \/>logos_nea-say.php?idnl=2576<\/a><\/pre>\n<\/div>\n","protected":false},"excerpt":{"rendered":"<p>Trois citoyennes porteuses du voile int\u00e9gral, l\u2019ASBL Justice and Democracy, et deux citoyens non-musulmans, dont une ath\u00e9e convaincue, contestent le caract\u00e8re liberticide de la loi. La Cour rendra son arr\u00eat dans les prochaines semaines. La Cour constitutionnelle a entendu, mercredi 26 septembre, les opposant \u00e0 la \u00ab loi anti-niqab \u00bb, vot\u00e9e le 1er juin 2011. &#8230; <a title=\"Port de la Burqa\/ Niqab. La loi contest\u00e9e devant la Cour constitutionnelle belge\" class=\"read-more\" href=\"https:\/\/bruxelles-pantheres.be\/?p=741\" aria-label=\"En savoir plus sur Port de la Burqa\/ Niqab. La loi contest\u00e9e devant la Cour constitutionnelle belge\">Lire la suite<\/a><\/p>\n","protected":false},"author":1,"featured_media":742,"comment_status":"open","ping_status":"open","sticky":false,"template":"","format":"standard","meta":{"footnotes":""},"categories":[36,4,18,28],"tags":[31,14,23,15,9],"class_list":["post-741","post","type-post","status-publish","format-standard","has-post-thumbnail","hentry","category-europe","category-islamophobie","category-resistance-bruxelles","category-racismes","tag-belgique","tag-bruxelles","tag-discrimination","tag-resistance","tag-voile"],"_links":{"self":[{"href":"https:\/\/bruxelles-pantheres.be\/index.php?rest_route=\/wp\/v2\/posts\/741","targetHints":{"allow":["GET"]}}],"collection":[{"href":"https:\/\/bruxelles-pantheres.be\/index.php?rest_route=\/wp\/v2\/posts"}],"about":[{"href":"https:\/\/bruxelles-pantheres.be\/index.php?rest_route=\/wp\/v2\/types\/post"}],"author":[{"embeddable":true,"href":"https:\/\/bruxelles-pantheres.be\/index.php?rest_route=\/wp\/v2\/users\/1"}],"replies":[{"embeddable":true,"href":"https:\/\/bruxelles-pantheres.be\/index.php?rest_route=%2Fwp%2Fv2%2Fcomments&post=741"}],"version-history":[{"count":1,"href":"https:\/\/bruxelles-pantheres.be\/index.php?rest_route=\/wp\/v2\/posts\/741\/revisions"}],"predecessor-version":[{"id":743,"href":"https:\/\/bruxelles-pantheres.be\/index.php?rest_route=\/wp\/v2\/posts\/741\/revisions\/743"}],"wp:featuredmedia":[{"embeddable":true,"href":"https:\/\/bruxelles-pantheres.be\/index.php?rest_route=\/wp\/v2\/media\/742"}],"wp:attachment":[{"href":"https:\/\/bruxelles-pantheres.be\/index.php?rest_route=%2Fwp%2Fv2%2Fmedia&parent=741"}],"wp:term":[{"taxonomy":"category","embeddable":true,"href":"https:\/\/bruxelles-pantheres.be\/index.php?rest_route=%2Fwp%2Fv2%2Fcategories&post=741"},{"taxonomy":"post_tag","embeddable":true,"href":"https:\/\/bruxelles-pantheres.be\/index.php?rest_route=%2Fwp%2Fv2%2Ftags&post=741"}],"curies":[{"name":"wp","href":"https:\/\/api.w.org\/{rel}","templated":true}]}}